{"id":466,"date":"2017-06-12T22:21:03","date_gmt":"2017-06-13T01:21:03","guid":{"rendered":"http:\/\/caririemdestaque.com\/cd\/?p=466"},"modified":"2017-06-12T22:21:03","modified_gmt":"2017-06-13T01:21:03","slug":"paraiba-vacina-mais-de-871-mil-pessoas-contra-a-gripe-com-maior-cobertura-do-grupo-indigena","status":"publish","type":"post","link":"https:\/\/noticiasemdestaque.com\/cd\/?p=466","title":{"rendered":"Para\u00edba vacina mais de 871 mil pessoas contra a gripe com maior cobertura do grupo ind\u00edgena"},"content":{"rendered":"<p><a href=\"http:\/\/caririemdestaque.com\/cd\/wp-content\/uploads\/2017\/06\/ses-paraiba-vacina-mais-de-871-mil-pessoas-contra-a-gripe-foto-ricardo-puppe-270x191.jpg\"><img fetchpriority=\"high\" decoding=\"async\" class=\"size-full wp-image-467 alignleft\" src=\"http:\/\/caririemdestaque.com\/cd\/wp-content\/uploads\/2017\/06\/ses-paraiba-vacina-mais-de-871-mil-pessoas-contra-a-gripe-foto-ricardo-puppe-270x191.jpg\" alt=\"\" width=\"270\" height=\"191\" \/><\/a>Com o fim da Campanha Nacional de Vacina\u00e7\u00e3o contra a Influenza para todos os grupos priorit\u00e1rios na \u00faltima sexta-feira (9), a Para\u00edba vacinou 85,85% do p\u00fablico alvo, o que representa 871.811 pessoas. Entre os grupos priorit\u00e1rios, os ind\u00edgenas registraram a maior cobertura vacinal: 107,93%, seguidos pelas pu\u00e9rperas (92,30%), os idosos (88,83%), os trabalhadores da sa\u00fade (85,89%), as gestantes (84,54%) e as crian\u00e7as (77,72%).<\/p>\n<p>A partir desta segunda-feira (12), os munic\u00edpios podem ofertar a vacina para o p\u00fablico em geral, desde que tenham estoque. O Minist\u00e9rio da Sa\u00fade n\u00e3o sinalizou envio de novas doses.<\/p>\n<p>Campanha \u2013 Desde o dia 17 de abril, a vacina contra a gripe est\u00e1 dispon\u00edvel nos postos de vacina\u00e7\u00e3o para os grupos priorit\u00e1rios.A escolha destes grupos segue recomenda\u00e7\u00e3o da Organiza\u00e7\u00e3o Mundial da Sa\u00fade (OMS). A defini\u00e7\u00e3o tamb\u00e9m \u00e9 respaldada por estudos epidemiol\u00f3gicos e pela observa\u00e7\u00e3o do comportamento das infec\u00e7\u00f5es respirat\u00f3rias, que t\u00eam como principal agente os v\u00edrus da gripe. S\u00e3o priorizados os grupos mais suscet\u00edveis ao agravamento de doen\u00e7as respirat\u00f3rias.<\/p>\n<p>Preven\u00e7\u00e3o \u2013 Al\u00e9m da vacina\u00e7\u00e3o, \u00e9 importante que a popula\u00e7\u00e3o esteja ciente das medidas de preven\u00e7\u00e3o contra a gripe, uma vez que a transmiss\u00e3o dos v\u00edrus influenza acontece por meio do contato com secre\u00e7\u00f5es das vias respirat\u00f3rias, eliminadas pela pessoa contaminada ao falar, tossir ou espirrar. Tamb\u00e9m ocorre por meio das m\u00e3os e objetos contaminados, quando entram em contato com mucosas (boca, olhos, nariz).<\/p>\n<p>\u00c0 popula\u00e7\u00e3o em geral, o Minist\u00e9rio da Sa\u00fade orienta a ado\u00e7\u00e3o de cuidados simples como medidas de preven\u00e7\u00e3o para evitar a doen\u00e7a: lavar as m\u00e3os v\u00e1rias vezes ao dia; cobrir o nariz e a boca ao tossir e espirrar; evitar tocar o rosto; n\u00e3o compartilhar objetos de uso pessoal; al\u00e9m de evitar locais com aglomera\u00e7\u00e3o de pessoas.<\/p>\n<p>\u00c9 importante lembrar que, mesmo pessoas vacinadas, ao apresentarem os sintomas da gripe \u2013 especialmente se s\u00e3o integrantes de grupos mais vulner\u00e1veis \u00e0s complica\u00e7\u00f5es \u2013 devem procurar, imediatamente, o m\u00e9dico. Os sintomas da gripe s\u00e3o: febre, tosse ou dor na garganta, al\u00e9m de outros, como dor de cabe\u00e7a, dor muscular e nas articula\u00e7\u00f5es. J\u00e1 o agravamento pode ser identificado por falta de ar, febre por mais de tr\u00eas dias, piora de sintomas gastrointestinais, dor muscular intensa e prostra\u00e7\u00e3o.<strong><a href=\"http:\/\/paraiba.pb.gov.br\/lancado-na-paraiba-o-id-jovem-nordeste-que-garante-meia-entrada-em-eventos-aos-jovens-de-baixa-renda\/ligia-participa-do-lancaameanto-id-jovem-nordeste-15\/\"><br \/>\n<\/a><\/strong><\/p>\n<p><em><strong>Cariri em Destaque<\/strong><\/em><\/p>\n<p>Com Ascom<\/p>\n","protected":false},"excerpt":{"rendered":"<p>Com o fim da Campanha Nacional de Vacina\u00e7\u00e3o contra a Influenza para todos os grupos priorit\u00e1rios na \u00faltima sexta-feira (9), a Para\u00edba vacinou 85,85% do p\u00fablico alvo, o que representa 871.811 pessoas. Entre os grupos priorit\u00e1rios, os ind\u00edgenas registraram a maior cobertura vacinal: 107,93%, seguidos pelas pu\u00e9rperas (92,30%), os idosos (88,83%), os trabalhadores da sa\u00fade (85,89%), as gestantes (84,54%) e as crian\u00e7as (77,72%). A partir desta segunda-feira (12), os munic\u00edpios podem ofertar a vacina para o p\u00fablico em geral, desde que tenham estoque. O Minist\u00e9rio da Sa\u00fade n\u00e3o sinalizou envio de novas doses. Campanha \u2013 Desde o dia 17 de abril, a vacina contra a gripe est\u00e1 dispon\u00edvel nos postos de vacina\u00e7\u00e3o para os grupos priorit\u00e1rios.A escolha destes grupos segue recomenda\u00e7\u00e3o da Organiza\u00e7\u00e3o Mundial da Sa\u00fade (OMS). A defini\u00e7\u00e3o tamb\u00e9m \u00e9 respaldada por estudos epidemiol\u00f3gicos e pela observa\u00e7\u00e3o do comportamento das infec\u00e7\u00f5es respirat\u00f3rias, que t\u00eam como principal agente os v\u00edrus da gripe. S\u00e3o priorizados os grupos mais suscet\u00edveis ao agravamento de doen\u00e7as respirat\u00f3rias. Preven\u00e7\u00e3o \u2013 Al\u00e9m da vacina\u00e7\u00e3o, \u00e9 importante que a popula\u00e7\u00e3o esteja ciente das medidas de preven\u00e7\u00e3o contra a gripe, uma vez que a transmiss\u00e3o dos v\u00edrus influenza acontece por meio do contato com secre\u00e7\u00f5es das vias respirat\u00f3rias, eliminadas pela pessoa contaminada ao falar, tossir ou espirrar. Tamb\u00e9m ocorre por meio das m\u00e3os e objetos contaminados, quando entram em contato com mucosas (boca, olhos, nariz). \u00c0 popula\u00e7\u00e3o em geral, o Minist\u00e9rio da Sa\u00fade orienta a ado\u00e7\u00e3o de cuidados simples como medidas de preven\u00e7\u00e3o para evitar a doen\u00e7a: lavar as m\u00e3os v\u00e1rias vezes ao dia; cobrir o nariz e a boca ao tossir e espirrar; evitar tocar o rosto; n\u00e3o compartilhar objetos de uso pessoal; al\u00e9m de evitar locais com aglomera\u00e7\u00e3o de pessoas. \u00c9 importante lembrar que, mesmo pessoas vacinadas, ao apresentarem os sintomas da gripe \u2013 especialmente se s\u00e3o integrantes de grupos mais vulner\u00e1veis \u00e0s complica\u00e7\u00f5es \u2013 devem procurar, imediatamente, o m\u00e9dico. Os sintomas da gripe s\u00e3o: febre, tosse ou dor na garganta, al\u00e9m de outros, como dor de cabe\u00e7a, dor muscular e nas articula\u00e7\u00f5es. J\u00e1 o agravamento pode ser identificado por falta de ar, febre por mais de tr\u00eas dias, piora de sintomas gastrointestinais, dor muscular intensa e prostra\u00e7\u00e3o. Cariri em Destaque Com Ascom<\/p>\n","protected":false},"author":2,"featured_media":467,"comment_status":"closed","ping_status":"open","sticky":false,"template":"","format":"standard","meta":{"_eb_attr":"","_jetpack_memberships_contains_paid_content":false,"footnotes":""},"categories":[8],"tags":[],"class_list":["post-466","post","type-post","status-publish","format-standard","has-post-thumbnail","hentry","category-saude"],"yoast_head":"<!-- This site is optimized with the Yoast SEO plugin v26.5 - https:\/\/yoast.com\/wordpress\/plugins\/seo\/ -->\n<title>Para\u00edba vacina mais de 871 mil pessoas contra a gripe com maior cobertura do grupo ind\u00edgena - Not&iacute;cias em Destaque<\/title>\n<meta name=\"robots\" content=\"index, follow, max-snippet:-1, max-image-preview:large, max-video-preview:-1\" \/>\n<link rel=\"canonical\" href=\"https:\/\/noticiasemdestaque.com\/cd\/?p=466\" \/>\n<meta property=\"og:locale\" content=\"pt_BR\" \/>\n<meta property=\"og:type\" content=\"article\" \/>\n<meta property=\"og:title\" content=\"Para\u00edba vacina mais de 871 mil pessoas contra a gripe com maior cobertura do grupo ind\u00edgena - Not&iacute;cias em Destaque\" \/>\n<meta property=\"og:description\" content=\"Com o fim da Campanha Nacional de Vacina\u00e7\u00e3o contra a Influenza para todos os grupos priorit\u00e1rios na \u00faltima sexta-feira (9), a Para\u00edba vacinou 85,85% do p\u00fablico alvo, o que representa 871.811 pessoas. Entre os grupos priorit\u00e1rios, os ind\u00edgenas registraram a maior cobertura vacinal: 107,93%, seguidos pelas pu\u00e9rperas (92,30%), os idosos (88,83%), os trabalhadores da sa\u00fade (85,89%), as gestantes (84,54%) e as crian\u00e7as (77,72%). A partir desta segunda-feira (12), os munic\u00edpios podem ofertar a vacina para o p\u00fablico em geral, desde que tenham estoque. O Minist\u00e9rio da Sa\u00fade n\u00e3o sinalizou envio de novas doses. Campanha \u2013 Desde o dia 17 de abril, a vacina contra a gripe est\u00e1 dispon\u00edvel nos postos de vacina\u00e7\u00e3o para os grupos priorit\u00e1rios.A escolha destes grupos segue recomenda\u00e7\u00e3o da Organiza\u00e7\u00e3o Mundial da Sa\u00fade (OMS). A defini\u00e7\u00e3o tamb\u00e9m \u00e9 respaldada por estudos epidemiol\u00f3gicos e pela observa\u00e7\u00e3o do comportamento das infec\u00e7\u00f5es respirat\u00f3rias, que t\u00eam como principal agente os v\u00edrus da gripe. S\u00e3o priorizados os grupos mais suscet\u00edveis ao agravamento de doen\u00e7as respirat\u00f3rias. Preven\u00e7\u00e3o \u2013 Al\u00e9m da vacina\u00e7\u00e3o, \u00e9 importante que a popula\u00e7\u00e3o esteja ciente das medidas de preven\u00e7\u00e3o contra a gripe, uma vez que a transmiss\u00e3o dos v\u00edrus influenza acontece por meio do contato com secre\u00e7\u00f5es das vias respirat\u00f3rias, eliminadas pela pessoa contaminada ao falar, tossir ou espirrar. Tamb\u00e9m ocorre por meio das m\u00e3os e objetos contaminados, quando entram em contato com mucosas (boca, olhos, nariz). \u00c0 popula\u00e7\u00e3o em geral, o Minist\u00e9rio da Sa\u00fade orienta a ado\u00e7\u00e3o de cuidados simples como medidas de preven\u00e7\u00e3o para evitar a doen\u00e7a: lavar as m\u00e3os v\u00e1rias vezes ao dia; cobrir o nariz e a boca ao tossir e espirrar; evitar tocar o rosto; n\u00e3o compartilhar objetos de uso pessoal; al\u00e9m de evitar locais com aglomera\u00e7\u00e3o de pessoas. \u00c9 importante lembrar que, mesmo pessoas vacinadas, ao apresentarem os sintomas da gripe \u2013 especialmente se s\u00e3o integrantes de grupos mais vulner\u00e1veis \u00e0s complica\u00e7\u00f5es \u2013 devem procurar, imediatamente, o m\u00e9dico. Os sintomas da gripe s\u00e3o: febre, tosse ou dor na garganta, al\u00e9m de outros, como dor de cabe\u00e7a, dor muscular e nas articula\u00e7\u00f5es. J\u00e1 o agravamento pode ser identificado por falta de ar, febre por mais de tr\u00eas dias, piora de sintomas gastrointestinais, dor muscular intensa e prostra\u00e7\u00e3o. Cariri em Destaque Com Ascom\" \/>\n<meta property=\"og:url\" content=\"https:\/\/noticiasemdestaque.com\/cd\/?p=466\" \/>\n<meta property=\"og:site_name\" content=\"Not&iacute;cias em Destaque\" \/>\n<meta property=\"article:published_time\" content=\"2017-06-13T01:21:03+00:00\" \/>\n<meta property=\"og:image\" content=\"https:\/\/noticiasemdestaque.com\/cd\/wp-content\/uploads\/2017\/06\/ses-paraiba-vacina-mais-de-871-mil-pessoas-contra-a-gripe-foto-ricardo-puppe-270x191.jpg\" \/>\n\t<meta property=\"og:image:width\" content=\"270\" \/>\n\t<meta property=\"og:image:height\" content=\"191\" \/>\n\t<meta property=\"og:image:type\" content=\"image\/jpeg\" \/>\n<meta name=\"author\" content=\"Not\u00edcias em Destaque\" \/>\n<meta name=\"twitter:card\" content=\"summary_large_image\" \/>\n<meta name=\"twitter:label1\" content=\"Escrito por\" \/>\n\t<meta name=\"twitter:data1\" content=\"Not\u00edcias em Destaque\" \/>\n\t<meta name=\"twitter:label2\" content=\"Est. tempo de leitura\" \/>\n\t<meta name=\"twitter:data2\" content=\"2 minutos\" \/>\n<script type=\"application\/ld+json\" class=\"yoast-schema-graph\">{\"@context\":\"https:\/\/schema.org\",\"@graph\":[{\"@type\":\"Article\",\"@id\":\"https:\/\/noticiasemdestaque.com\/cd\/?p=466#article\",\"isPartOf\":{\"@id\":\"https:\/\/noticiasemdestaque.com\/cd\/?p=466\"},\"author\":{\"name\":\"Not\u00edcias em Destaque\",\"@id\":\"https:\/\/noticiasemdestaque.com\/cd\/#\/schema\/person\/45ca272b3e1246ef14ebb78a48dbb218\"},\"headline\":\"Para\u00edba vacina mais de 871 mil pessoas contra a gripe com maior cobertura do grupo ind\u00edgena\",\"datePublished\":\"2017-06-13T01:21:03+00:00\",\"mainEntityOfPage\":{\"@id\":\"https:\/\/noticiasemdestaque.com\/cd\/?p=466\"},\"wordCount\":430,\"publisher\":{\"@id\":\"https:\/\/noticiasemdestaque.com\/cd\/#organization\"},\"image\":{\"@id\":\"https:\/\/noticiasemdestaque.com\/cd\/?p=466#primaryimage\"},\"thumbnailUrl\":\"https:\/\/noticiasemdestaque.com\/cd\/wp-content\/uploads\/2017\/06\/ses-paraiba-vacina-mais-de-871-mil-pessoas-contra-a-gripe-foto-ricardo-puppe-270x191.jpg\",\"articleSection\":[\"Sa\u00fade\"],\"inLanguage\":\"pt-BR\"},{\"@type\":\"WebPage\",\"@id\":\"https:\/\/noticiasemdestaque.com\/cd\/?p=466\",\"url\":\"https:\/\/noticiasemdestaque.com\/cd\/?p=466\",\"name\":\"Para\u00edba vacina mais de 871 mil pessoas contra a gripe com maior cobertura do grupo ind\u00edgena - Not&iacute;cias em Destaque\",\"isPartOf\":{\"@id\":\"https:\/\/noticiasemdestaque.com\/cd\/#website\"},\"primaryImageOfPage\":{\"@id\":\"https:\/\/noticiasemdestaque.com\/cd\/?p=466#primaryimage\"},\"image\":{\"@id\":\"https:\/\/noticiasemdestaque.com\/cd\/?p=466#primaryimage\"},\"thumbnailUrl\":\"https:\/\/noticiasemdestaque.com\/cd\/wp-content\/uploads\/2017\/06\/ses-paraiba-vacina-mais-de-871-mil-pessoas-contra-a-gripe-foto-ricardo-puppe-270x191.jpg\",\"datePublished\":\"2017-06-13T01:21:03+00:00\",\"breadcrumb\":{\"@id\":\"https:\/\/noticiasemdestaque.com\/cd\/?p=466#breadcrumb\"},\"inLanguage\":\"pt-BR\",\"potentialAction\":[{\"@type\":\"ReadAction\",\"target\":[\"https:\/\/noticiasemdestaque.com\/cd\/?p=466\"]}]},{\"@type\":\"ImageObject\",\"inLanguage\":\"pt-BR\",\"@id\":\"https:\/\/noticiasemdestaque.com\/cd\/?p=466#primaryimage\",\"url\":\"https:\/\/noticiasemdestaque.com\/cd\/wp-content\/uploads\/2017\/06\/ses-paraiba-vacina-mais-de-871-mil-pessoas-contra-a-gripe-foto-ricardo-puppe-270x191.jpg\",\"contentUrl\":\"https:\/\/noticiasemdestaque.com\/cd\/wp-content\/uploads\/2017\/06\/ses-paraiba-vacina-mais-de-871-mil-pessoas-contra-a-gripe-foto-ricardo-puppe-270x191.jpg\",\"width\":270,\"height\":191},{\"@type\":\"BreadcrumbList\",\"@id\":\"https:\/\/noticiasemdestaque.com\/cd\/?p=466#breadcrumb\",\"itemListElement\":[{\"@type\":\"ListItem\",\"position\":1,\"name\":\"In\u00edcio\",\"item\":\"https:\/\/noticiasemdestaque.com\/cd\/\"},{\"@type\":\"ListItem\",\"position\":2,\"name\":\"Para\u00edba vacina mais de 871 mil pessoas contra a gripe com maior cobertura do grupo ind\u00edgena\"}]},{\"@type\":\"WebSite\",\"@id\":\"https:\/\/noticiasemdestaque.com\/cd\/#website\",\"url\":\"https:\/\/noticiasemdestaque.com\/cd\/\",\"name\":\"Not&iacute;cias em Destaque\",\"description\":\"\",\"publisher\":{\"@id\":\"https:\/\/noticiasemdestaque.com\/cd\/#organization\"},\"potentialAction\":[{\"@type\":\"SearchAction\",\"target\":{\"@type\":\"EntryPoint\",\"urlTemplate\":\"https:\/\/noticiasemdestaque.com\/cd\/?s={search_term_string}\"},\"query-input\":{\"@type\":\"PropertyValueSpecification\",\"valueRequired\":true,\"valueName\":\"search_term_string\"}}],\"inLanguage\":\"pt-BR\"},{\"@type\":\"Organization\",\"@id\":\"https:\/\/noticiasemdestaque.com\/cd\/#organization\",\"name\":\"Not\u00edcias em Destaque\",\"url\":\"https:\/\/noticiasemdestaque.com\/cd\/\",\"logo\":{\"@type\":\"ImageObject\",\"inLanguage\":\"pt-BR\",\"@id\":\"https:\/\/noticiasemdestaque.com\/cd\/#\/schema\/logo\/image\/\",\"url\":\"https:\/\/noticiasemdestaque.com\/cd\/wp-content\/uploads\/2022\/05\/imagem-base-noticiasemdestaque.png\",\"contentUrl\":\"https:\/\/noticiasemdestaque.com\/cd\/wp-content\/uploads\/2022\/05\/imagem-base-noticiasemdestaque.png\",\"width\":1200,\"height\":630,\"caption\":\"Not\u00edcias em Destaque\"},\"image\":{\"@id\":\"https:\/\/noticiasemdestaque.com\/cd\/#\/schema\/logo\/image\/\"}},{\"@type\":\"Person\",\"@id\":\"https:\/\/noticiasemdestaque.com\/cd\/#\/schema\/person\/45ca272b3e1246ef14ebb78a48dbb218\",\"name\":\"Not\u00edcias em Destaque\",\"url\":\"https:\/\/noticiasemdestaque.com\/cd\/?author=2\"}]}<\/script>\n<!-- \/ Yoast SEO plugin. -->","yoast_head_json":{"title":"Para\u00edba vacina mais de 871 mil pessoas contra a gripe com maior cobertura do grupo ind\u00edgena - Not&iacute;cias em Destaque","robots":{"index":"index","follow":"follow","max-snippet":"max-snippet:-1","max-image-preview":"max-image-preview:large","max-video-preview":"max-video-preview:-1"},"canonical":"https:\/\/noticiasemdestaque.com\/cd\/?p=466","og_locale":"pt_BR","og_type":"article","og_title":"Para\u00edba vacina mais de 871 mil pessoas contra a gripe com maior cobertura do grupo ind\u00edgena - Not&iacute;cias em Destaque","og_description":"Com o fim da Campanha Nacional de Vacina\u00e7\u00e3o contra a Influenza para todos os grupos priorit\u00e1rios na \u00faltima sexta-feira (9), a Para\u00edba vacinou 85,85% do p\u00fablico alvo, o que representa 871.811 pessoas. Entre os grupos priorit\u00e1rios, os ind\u00edgenas registraram a maior cobertura vacinal: 107,93%, seguidos pelas pu\u00e9rperas (92,30%), os idosos (88,83%), os trabalhadores da sa\u00fade (85,89%), as gestantes (84,54%) e as crian\u00e7as (77,72%). A partir desta segunda-feira (12), os munic\u00edpios podem ofertar a vacina para o p\u00fablico em geral, desde que tenham estoque. O Minist\u00e9rio da Sa\u00fade n\u00e3o sinalizou envio de novas doses. Campanha \u2013 Desde o dia 17 de abril, a vacina contra a gripe est\u00e1 dispon\u00edvel nos postos de vacina\u00e7\u00e3o para os grupos priorit\u00e1rios.A escolha destes grupos segue recomenda\u00e7\u00e3o da Organiza\u00e7\u00e3o Mundial da Sa\u00fade (OMS). A defini\u00e7\u00e3o tamb\u00e9m \u00e9 respaldada por estudos epidemiol\u00f3gicos e pela observa\u00e7\u00e3o do comportamento das infec\u00e7\u00f5es respirat\u00f3rias, que t\u00eam como principal agente os v\u00edrus da gripe. S\u00e3o priorizados os grupos mais suscet\u00edveis ao agravamento de doen\u00e7as respirat\u00f3rias. Preven\u00e7\u00e3o \u2013 Al\u00e9m da vacina\u00e7\u00e3o, \u00e9 importante que a popula\u00e7\u00e3o esteja ciente das medidas de preven\u00e7\u00e3o contra a gripe, uma vez que a transmiss\u00e3o dos v\u00edrus influenza acontece por meio do contato com secre\u00e7\u00f5es das vias respirat\u00f3rias, eliminadas pela pessoa contaminada ao falar, tossir ou espirrar. Tamb\u00e9m ocorre por meio das m\u00e3os e objetos contaminados, quando entram em contato com mucosas (boca, olhos, nariz). \u00c0 popula\u00e7\u00e3o em geral, o Minist\u00e9rio da Sa\u00fade orienta a ado\u00e7\u00e3o de cuidados simples como medidas de preven\u00e7\u00e3o para evitar a doen\u00e7a: lavar as m\u00e3os v\u00e1rias vezes ao dia; cobrir o nariz e a boca ao tossir e espirrar; evitar tocar o rosto; n\u00e3o compartilhar objetos de uso pessoal; al\u00e9m de evitar locais com aglomera\u00e7\u00e3o de pessoas. \u00c9 importante lembrar que, mesmo pessoas vacinadas, ao apresentarem os sintomas da gripe \u2013 especialmente se s\u00e3o integrantes de grupos mais vulner\u00e1veis \u00e0s complica\u00e7\u00f5es \u2013 devem procurar, imediatamente, o m\u00e9dico. Os sintomas da gripe s\u00e3o: febre, tosse ou dor na garganta, al\u00e9m de outros, como dor de cabe\u00e7a, dor muscular e nas articula\u00e7\u00f5es. J\u00e1 o agravamento pode ser identificado por falta de ar, febre por mais de tr\u00eas dias, piora de sintomas gastrointestinais, dor muscular intensa e prostra\u00e7\u00e3o. Cariri em Destaque Com Ascom","og_url":"https:\/\/noticiasemdestaque.com\/cd\/?p=466","og_site_name":"Not&iacute;cias em Destaque","article_published_time":"2017-06-13T01:21:03+00:00","og_image":[{"width":270,"height":191,"url":"https:\/\/noticiasemdestaque.com\/cd\/wp-content\/uploads\/2017\/06\/ses-paraiba-vacina-mais-de-871-mil-pessoas-contra-a-gripe-foto-ricardo-puppe-270x191.jpg","type":"image\/jpeg"}],"author":"Not\u00edcias em Destaque","twitter_card":"summary_large_image","twitter_misc":{"Escrito por":"Not\u00edcias em Destaque","Est. tempo de leitura":"2 minutos"},"schema":{"@context":"https:\/\/schema.org","@graph":[{"@type":"Article","@id":"https:\/\/noticiasemdestaque.com\/cd\/?p=466#article","isPartOf":{"@id":"https:\/\/noticiasemdestaque.com\/cd\/?p=466"},"author":{"name":"Not\u00edcias em Destaque","@id":"https:\/\/noticiasemdestaque.com\/cd\/#\/schema\/person\/45ca272b3e1246ef14ebb78a48dbb218"},"headline":"Para\u00edba vacina mais de 871 mil pessoas contra a gripe com maior cobertura do grupo ind\u00edgena","datePublished":"2017-06-13T01:21:03+00:00","mainEntityOfPage":{"@id":"https:\/\/noticiasemdestaque.com\/cd\/?p=466"},"wordCount":430,"publisher":{"@id":"https:\/\/noticiasemdestaque.com\/cd\/#organization"},"image":{"@id":"https:\/\/noticiasemdestaque.com\/cd\/?p=466#primaryimage"},"thumbnailUrl":"https:\/\/noticiasemdestaque.com\/cd\/wp-content\/uploads\/2017\/06\/ses-paraiba-vacina-mais-de-871-mil-pessoas-contra-a-gripe-foto-ricardo-puppe-270x191.jpg","articleSection":["Sa\u00fade"],"inLanguage":"pt-BR"},{"@type":"WebPage","@id":"https:\/\/noticiasemdestaque.com\/cd\/?p=466","url":"https:\/\/noticiasemdestaque.com\/cd\/?p=466","name":"Para\u00edba vacina mais de 871 mil pessoas contra a gripe com maior cobertura do grupo ind\u00edgena - Not&iacute;cias em Destaque","isPartOf":{"@id":"https:\/\/noticiasemdestaque.com\/cd\/#website"},"primaryImageOfPage":{"@id":"https:\/\/noticiasemdestaque.com\/cd\/?p=466#primaryimage"},"image":{"@id":"https:\/\/noticiasemdestaque.com\/cd\/?p=466#primaryimage"},"thumbnailUrl":"https:\/\/noticiasemdestaque.com\/cd\/wp-content\/uploads\/2017\/06\/ses-paraiba-vacina-mais-de-871-mil-pessoas-contra-a-gripe-foto-ricardo-puppe-270x191.jpg","datePublished":"2017-06-13T01:21:03+00:00","breadcrumb":{"@id":"https:\/\/noticiasemdestaque.com\/cd\/?p=466#breadcrumb"},"inLanguage":"pt-BR","potentialAction":[{"@type":"ReadAction","target":["https:\/\/noticiasemdestaque.com\/cd\/?p=466"]}]},{"@type":"ImageObject","inLanguage":"pt-BR","@id":"https:\/\/noticiasemdestaque.com\/cd\/?p=466#primaryimage","url":"https:\/\/noticiasemdestaque.com\/cd\/wp-content\/uploads\/2017\/06\/ses-paraiba-vacina-mais-de-871-mil-pessoas-contra-a-gripe-foto-ricardo-puppe-270x191.jpg","contentUrl":"https:\/\/noticiasemdestaque.com\/cd\/wp-content\/uploads\/2017\/06\/ses-paraiba-vacina-mais-de-871-mil-pessoas-contra-a-gripe-foto-ricardo-puppe-270x191.jpg","width":270,"height":191},{"@type":"BreadcrumbList","@id":"https:\/\/noticiasemdestaque.com\/cd\/?p=466#breadcrumb","itemListElement":[{"@type":"ListItem","position":1,"name":"In\u00edcio","item":"https:\/\/noticiasemdestaque.com\/cd\/"},{"@type":"ListItem","position":2,"name":"Para\u00edba vacina mais de 871 mil pessoas contra a gripe com maior cobertura do grupo ind\u00edgena"}]},{"@type":"WebSite","@id":"https:\/\/noticiasemdestaque.com\/cd\/#website","url":"https:\/\/noticiasemdestaque.com\/cd\/","name":"Not&iacute;cias em Destaque","description":"","publisher":{"@id":"https:\/\/noticiasemdestaque.com\/cd\/#organization"},"potentialAction":[{"@type":"SearchAction","target":{"@type":"EntryPoint","urlTemplate":"https:\/\/noticiasemdestaque.com\/cd\/?s={search_term_string}"},"query-input":{"@type":"PropertyValueSpecification","valueRequired":true,"valueName":"search_term_string"}}],"inLanguage":"pt-BR"},{"@type":"Organization","@id":"https:\/\/noticiasemdestaque.com\/cd\/#organization","name":"Not\u00edcias em Destaque","url":"https:\/\/noticiasemdestaque.com\/cd\/","logo":{"@type":"ImageObject","inLanguage":"pt-BR","@id":"https:\/\/noticiasemdestaque.com\/cd\/#\/schema\/logo\/image\/","url":"https:\/\/noticiasemdestaque.com\/cd\/wp-content\/uploads\/2022\/05\/imagem-base-noticiasemdestaque.png","contentUrl":"https:\/\/noticiasemdestaque.com\/cd\/wp-content\/uploads\/2022\/05\/imagem-base-noticiasemdestaque.png","width":1200,"height":630,"caption":"Not\u00edcias em Destaque"},"image":{"@id":"https:\/\/noticiasemdestaque.com\/cd\/#\/schema\/logo\/image\/"}},{"@type":"Person","@id":"https:\/\/noticiasemdestaque.com\/cd\/#\/schema\/person\/45ca272b3e1246ef14ebb78a48dbb218","name":"Not\u00edcias em Destaque","url":"https:\/\/noticiasemdestaque.com\/cd\/?author=2"}]}},"jetpack_featured_media_url":"https:\/\/noticiasemdestaque.com\/cd\/wp-content\/uploads\/2017\/06\/ses-paraiba-vacina-mais-de-871-mil-pessoas-contra-a-gripe-foto-ricardo-puppe-270x191.jpg","jetpack_sharing_enabled":true,"_links":{"self":[{"href":"https:\/\/noticiasemdestaque.com\/cd\/index.php?rest_route=\/wp\/v2\/posts\/466","targetHints":{"allow":["GET"]}}],"collection":[{"href":"https:\/\/noticiasemdestaque.com\/cd\/index.php?rest_route=\/wp\/v2\/posts"}],"about":[{"href":"https:\/\/noticiasemdestaque.com\/cd\/index.php?rest_route=\/wp\/v2\/types\/post"}],"author":[{"embeddable":true,"href":"https:\/\/noticiasemdestaque.com\/cd\/index.php?rest_route=\/wp\/v2\/users\/2"}],"replies":[{"embeddable":true,"href":"https:\/\/noticiasemdestaque.com\/cd\/index.php?rest_route=%2Fwp%2Fv2%2Fcomments&post=466"}],"version-history":[{"count":1,"href":"https:\/\/noticiasemdestaque.com\/cd\/index.php?rest_route=\/wp\/v2\/posts\/466\/revisions"}],"predecessor-version":[{"id":468,"href":"https:\/\/noticiasemdestaque.com\/cd\/index.php?rest_route=\/wp\/v2\/posts\/466\/revisions\/468"}],"wp:featuredmedia":[{"embeddable":true,"href":"https:\/\/noticiasemdestaque.com\/cd\/index.php?rest_route=\/wp\/v2\/media\/467"}],"wp:attachment":[{"href":"https:\/\/noticiasemdestaque.com\/cd\/index.php?rest_route=%2Fwp%2Fv2%2Fmedia&parent=466"}],"wp:term":[{"taxonomy":"category","embeddable":true,"href":"https:\/\/noticiasemdestaque.com\/cd\/index.php?rest_route=%2Fwp%2Fv2%2Fcategories&post=466"},{"taxonomy":"post_tag","embeddable":true,"href":"https:\/\/noticiasemdestaque.com\/cd\/index.php?rest_route=%2Fwp%2Fv2%2Ftags&post=466"}],"curies":[{"name":"wp","href":"https:\/\/api.w.org\/{rel}","templated":true}]}}