{"id":4652,"date":"2017-09-26T13:23:09","date_gmt":"2017-09-26T16:23:09","guid":{"rendered":"http:\/\/caririemdestaque.com\/cd\/?p=4652"},"modified":"2017-09-26T13:23:09","modified_gmt":"2017-09-26T16:23:09","slug":"credito-empreender-paraiba-abre-inscricoes-para-9-cidades-do-cariri","status":"publish","type":"post","link":"https:\/\/noticiasemdestaque.com\/cd\/?p=4652","title":{"rendered":"CR\u00c9DITO: Empreender Para\u00edba abre inscri\u00e7\u00f5es para 9 cidades do Cariri"},"content":{"rendered":"<p><a href=\"http:\/\/caririemdestaque.com\/cd\/wp-content\/uploads\/2017\/09\/1.jpg\"><img fetchpriority=\"high\" decoding=\"async\" class=\"alignleft wp-image-4653 size-full\" src=\"http:\/\/caririemdestaque.com\/cd\/wp-content\/uploads\/2017\/09\/1.jpg\" alt=\"\" width=\"320\" height=\"211\" srcset=\"https:\/\/noticiasemdestaque.com\/cd\/wp-content\/uploads\/2017\/09\/1.jpg 320w, https:\/\/noticiasemdestaque.com\/cd\/wp-content\/uploads\/2017\/09\/1-300x198.jpg 300w\" sizes=\"(max-width: 320px) 100vw, 320px\" \/><\/a>J\u00e1 est\u00e3o abertas as inscri\u00e7\u00f5es para concess\u00f5es de cr\u00e9dito do programa Empreender Para\u00edba, do Governo do Estado.<\/p>\n<p>Empreendedores dos munic\u00edpios de Camala\u00fa, Ouro Velho, Parar\u00ed, Prata, Santo Andr\u00e9, S\u00e3o Jo\u00e3o do Cariri, S\u00e3o Jo\u00e3o do Tigre, S\u00e3o Jos\u00e9 dos Cordeiros, Umbuzeiro e Monteiro poder\u00e3o se inscrever nas linhas de cr\u00e9dito dispon\u00edveis do programa at\u00e9 o dia 10 de outubro de 2017 ou enquanto durarem as vagas. As inscri\u00e7\u00f5es s\u00e3o gratuitas e podem ser realizadas por pessoas f\u00edsicas maiores de 18 anos ou legalmente emancipadas, que residem na Para\u00edba h\u00e1 mais de seis meses.<\/p>\n<p>O Programa Empreender PB tem como prioridade a concess\u00e3o de cr\u00e9dito produtivo orientado com o objetivo de incentivar a gera\u00e7\u00e3o de ocupa\u00e7\u00e3o e renda entre os empreendedores paraibanos, bem como apoiar e fortalecer a economia solid\u00e1ria, o micro empreendedor individual, o micro empres\u00e1rio, o empres\u00e1rio de pequeno porte e as cooperativas de produ\u00e7\u00e3o do Estado da Para\u00edba.<\/p>\n<p>Baseado nesse conceito, com o objetivo de ampliar o pensamento empreendedor dos paraibanos, o Empreender lan\u00e7ou em 2017 o projeto FENEMP \u2013 Feira de Neg\u00f3cios e Empreendedorismo da Para\u00edba. Um espa\u00e7o para promover, divulgar e partilhar experi\u00eancias entre contemplados do programa, mostrando os potenciais econ\u00f4micos desenvolvidos por cada regi\u00e3o, a FENEMP tamb\u00e9m contar\u00e1 com um espa\u00e7o de compartilhamento de ideias e experi\u00eancias com empreendedores de sucesso, atrav\u00e9s de palestras, oficinas e workshops voltados \u00e0s particularidades de ser e pensar de forma empreendedora.<\/p>\n<p>A quarta edi\u00e7\u00e3o da FENEMP 2017 acontecer\u00e1 no munic\u00edpio de Monteiro, de 24 a 26 de novembro, na Pra\u00e7a Jo\u00e3o Pessoa e contar\u00e1 com a participa\u00e7\u00e3o de empreendedores de toda a regi\u00e3o do cariri e de outras cidades do estado.<br \/>\n<strong><a href=\"http:\/\/empreender.pb.gov.br\/\"><br \/>\n<\/a><a href=\"http:\/\/www.empreender.pb.gov.br\/\">Clique aqui e se inscreva no Empreender Para\u00edba<\/a><\/strong><\/p>\n","protected":false},"excerpt":{"rendered":"<p>J\u00e1 est\u00e3o abertas as inscri\u00e7\u00f5es para concess\u00f5es de cr\u00e9dito do programa Empreender Para\u00edba, do Governo do Estado. Empreendedores dos munic\u00edpios de Camala\u00fa, Ouro Velho, Parar\u00ed, Prata, Santo Andr\u00e9, S\u00e3o Jo\u00e3o do Cariri, S\u00e3o Jo\u00e3o do Tigre, S\u00e3o Jos\u00e9 dos Cordeiros, Umbuzeiro e Monteiro poder\u00e3o se inscrever nas linhas de cr\u00e9dito dispon\u00edveis do programa at\u00e9 o dia 10 de outubro de 2017 ou enquanto durarem as vagas. As inscri\u00e7\u00f5es s\u00e3o gratuitas e podem ser realizadas por pessoas f\u00edsicas maiores de 18 anos ou legalmente emancipadas, que residem na Para\u00edba h\u00e1 mais de seis meses. O Programa Empreender PB tem como prioridade a concess\u00e3o de cr\u00e9dito produtivo orientado com o objetivo de incentivar a gera\u00e7\u00e3o de ocupa\u00e7\u00e3o e renda entre os empreendedores paraibanos, bem como apoiar e fortalecer a economia solid\u00e1ria, o micro empreendedor individual, o micro empres\u00e1rio, o empres\u00e1rio de pequeno porte e as cooperativas de produ\u00e7\u00e3o do Estado da Para\u00edba. Baseado nesse conceito, com o objetivo de ampliar o pensamento empreendedor dos paraibanos, o Empreender lan\u00e7ou em 2017 o projeto FENEMP \u2013 Feira de Neg\u00f3cios e Empreendedorismo da Para\u00edba. Um espa\u00e7o para promover, divulgar e partilhar experi\u00eancias entre contemplados do programa, mostrando os potenciais econ\u00f4micos desenvolvidos por cada regi\u00e3o, a FENEMP tamb\u00e9m contar\u00e1 com um espa\u00e7o de compartilhamento de ideias e experi\u00eancias com empreendedores de sucesso, atrav\u00e9s de palestras, oficinas e workshops voltados \u00e0s particularidades de ser e pensar de forma empreendedora. A quarta edi\u00e7\u00e3o da FENEMP 2017 acontecer\u00e1 no munic\u00edpio de Monteiro, de 24 a 26 de novembro, na Pra\u00e7a Jo\u00e3o Pessoa e contar\u00e1 com a participa\u00e7\u00e3o de empreendedores de toda a regi\u00e3o do cariri e de outras cidades do estado. Clique aqui e se inscreva no Empreender Para\u00edba<\/p>\n","protected":false},"author":2,"featured_media":4653,"comment_status":"closed","ping_status":"open","sticky":false,"template":"","format":"standard","meta":{"_eb_attr":"","_jetpack_memberships_contains_paid_content":false,"footnotes":""},"categories":[3],"tags":[],"class_list":["post-4652","post","type-post","status-publish","format-standard","has-post-thumbnail","hentry","category-cidades"],"yoast_head":"<!-- This site is optimized with the Yoast SEO plugin v26.5 - https:\/\/yoast.com\/wordpress\/plugins\/seo\/ -->\n<title>CR\u00c9DITO: Empreender Para\u00edba abre inscri\u00e7\u00f5es para 9 cidades do Cariri - Not&iacute;cias em Destaque<\/title>\n<meta name=\"robots\" content=\"index, follow, max-snippet:-1, max-image-preview:large, max-video-preview:-1\" \/>\n<link rel=\"canonical\" href=\"https:\/\/noticiasemdestaque.com\/cd\/?p=4652\" \/>\n<meta property=\"og:locale\" content=\"pt_BR\" \/>\n<meta property=\"og:type\" content=\"article\" \/>\n<meta property=\"og:title\" content=\"CR\u00c9DITO: Empreender Para\u00edba abre inscri\u00e7\u00f5es para 9 cidades do Cariri - Not&iacute;cias em Destaque\" \/>\n<meta property=\"og:description\" content=\"J\u00e1 est\u00e3o abertas as inscri\u00e7\u00f5es para concess\u00f5es de cr\u00e9dito do programa Empreender Para\u00edba, do Governo do Estado. Empreendedores dos munic\u00edpios de Camala\u00fa, Ouro Velho, Parar\u00ed, Prata, Santo Andr\u00e9, S\u00e3o Jo\u00e3o do Cariri, S\u00e3o Jo\u00e3o do Tigre, S\u00e3o Jos\u00e9 dos Cordeiros, Umbuzeiro e Monteiro poder\u00e3o se inscrever nas linhas de cr\u00e9dito dispon\u00edveis do programa at\u00e9 o dia 10 de outubro de 2017 ou enquanto durarem as vagas. As inscri\u00e7\u00f5es s\u00e3o gratuitas e podem ser realizadas por pessoas f\u00edsicas maiores de 18 anos ou legalmente emancipadas, que residem na Para\u00edba h\u00e1 mais de seis meses. O Programa Empreender PB tem como prioridade a concess\u00e3o de cr\u00e9dito produtivo orientado com o objetivo de incentivar a gera\u00e7\u00e3o de ocupa\u00e7\u00e3o e renda entre os empreendedores paraibanos, bem como apoiar e fortalecer a economia solid\u00e1ria, o micro empreendedor individual, o micro empres\u00e1rio, o empres\u00e1rio de pequeno porte e as cooperativas de produ\u00e7\u00e3o do Estado da Para\u00edba. Baseado nesse conceito, com o objetivo de ampliar o pensamento empreendedor dos paraibanos, o Empreender lan\u00e7ou em 2017 o projeto FENEMP \u2013 Feira de Neg\u00f3cios e Empreendedorismo da Para\u00edba. Um espa\u00e7o para promover, divulgar e partilhar experi\u00eancias entre contemplados do programa, mostrando os potenciais econ\u00f4micos desenvolvidos por cada regi\u00e3o, a FENEMP tamb\u00e9m contar\u00e1 com um espa\u00e7o de compartilhamento de ideias e experi\u00eancias com empreendedores de sucesso, atrav\u00e9s de palestras, oficinas e workshops voltados \u00e0s particularidades de ser e pensar de forma empreendedora. A quarta edi\u00e7\u00e3o da FENEMP 2017 acontecer\u00e1 no munic\u00edpio de Monteiro, de 24 a 26 de novembro, na Pra\u00e7a Jo\u00e3o Pessoa e contar\u00e1 com a participa\u00e7\u00e3o de empreendedores de toda a regi\u00e3o do cariri e de outras cidades do estado. Clique aqui e se inscreva no Empreender Para\u00edba\" \/>\n<meta property=\"og:url\" content=\"https:\/\/noticiasemdestaque.com\/cd\/?p=4652\" \/>\n<meta property=\"og:site_name\" content=\"Not&iacute;cias em Destaque\" \/>\n<meta property=\"article:published_time\" content=\"2017-09-26T16:23:09+00:00\" \/>\n<meta property=\"og:image\" content=\"https:\/\/noticiasemdestaque.com\/cd\/wp-content\/uploads\/2017\/09\/1.jpg\" \/>\n\t<meta property=\"og:image:width\" content=\"320\" \/>\n\t<meta property=\"og:image:height\" content=\"211\" \/>\n\t<meta property=\"og:image:type\" content=\"image\/jpeg\" \/>\n<meta name=\"author\" content=\"Not\u00edcias em Destaque\" \/>\n<meta name=\"twitter:card\" content=\"summary_large_image\" \/>\n<meta name=\"twitter:label1\" content=\"Escrito por\" \/>\n\t<meta name=\"twitter:data1\" content=\"Not\u00edcias em Destaque\" \/>\n\t<meta name=\"twitter:label2\" content=\"Est. tempo de leitura\" \/>\n\t<meta name=\"twitter:data2\" content=\"2 minutos\" \/>\n<script type=\"application\/ld+json\" class=\"yoast-schema-graph\">{\"@context\":\"https:\/\/schema.org\",\"@graph\":[{\"@type\":\"Article\",\"@id\":\"https:\/\/noticiasemdestaque.com\/cd\/?p=4652#article\",\"isPartOf\":{\"@id\":\"https:\/\/noticiasemdestaque.com\/cd\/?p=4652\"},\"author\":{\"name\":\"Not\u00edcias em Destaque\",\"@id\":\"https:\/\/noticiasemdestaque.com\/cd\/#\/schema\/person\/21320b03a7e8bb90128938dafc9b908a\"},\"headline\":\"CR\u00c9DITO: Empreender Para\u00edba abre inscri\u00e7\u00f5es para 9 cidades do Cariri\",\"datePublished\":\"2017-09-26T16:23:09+00:00\",\"mainEntityOfPage\":{\"@id\":\"https:\/\/noticiasemdestaque.com\/cd\/?p=4652\"},\"wordCount\":329,\"publisher\":{\"@id\":\"https:\/\/noticiasemdestaque.com\/cd\/#organization\"},\"image\":{\"@id\":\"https:\/\/noticiasemdestaque.com\/cd\/?p=4652#primaryimage\"},\"thumbnailUrl\":\"https:\/\/noticiasemdestaque.com\/cd\/wp-content\/uploads\/2017\/09\/1.jpg\",\"articleSection\":[\"Cidades\"],\"inLanguage\":\"pt-BR\"},{\"@type\":\"WebPage\",\"@id\":\"https:\/\/noticiasemdestaque.com\/cd\/?p=4652\",\"url\":\"https:\/\/noticiasemdestaque.com\/cd\/?p=4652\",\"name\":\"CR\u00c9DITO: Empreender Para\u00edba abre inscri\u00e7\u00f5es para 9 cidades do Cariri - Not&iacute;cias em Destaque\",\"isPartOf\":{\"@id\":\"https:\/\/noticiasemdestaque.com\/cd\/#website\"},\"primaryImageOfPage\":{\"@id\":\"https:\/\/noticiasemdestaque.com\/cd\/?p=4652#primaryimage\"},\"image\":{\"@id\":\"https:\/\/noticiasemdestaque.com\/cd\/?p=4652#primaryimage\"},\"thumbnailUrl\":\"https:\/\/noticiasemdestaque.com\/cd\/wp-content\/uploads\/2017\/09\/1.jpg\",\"datePublished\":\"2017-09-26T16:23:09+00:00\",\"breadcrumb\":{\"@id\":\"https:\/\/noticiasemdestaque.com\/cd\/?p=4652#breadcrumb\"},\"inLanguage\":\"pt-BR\",\"potentialAction\":[{\"@type\":\"ReadAction\",\"target\":[\"https:\/\/noticiasemdestaque.com\/cd\/?p=4652\"]}]},{\"@type\":\"ImageObject\",\"inLanguage\":\"pt-BR\",\"@id\":\"https:\/\/noticiasemdestaque.com\/cd\/?p=4652#primaryimage\",\"url\":\"https:\/\/noticiasemdestaque.com\/cd\/wp-content\/uploads\/2017\/09\/1.jpg\",\"contentUrl\":\"https:\/\/noticiasemdestaque.com\/cd\/wp-content\/uploads\/2017\/09\/1.jpg\",\"width\":320,\"height\":211},{\"@type\":\"BreadcrumbList\",\"@id\":\"https:\/\/noticiasemdestaque.com\/cd\/?p=4652#breadcrumb\",\"itemListElement\":[{\"@type\":\"ListItem\",\"position\":1,\"name\":\"In\u00edcio\",\"item\":\"https:\/\/noticiasemdestaque.com\/cd\/\"},{\"@type\":\"ListItem\",\"position\":2,\"name\":\"CR\u00c9DITO: Empreender Para\u00edba abre inscri\u00e7\u00f5es para 9 cidades do Cariri\"}]},{\"@type\":\"WebSite\",\"@id\":\"https:\/\/noticiasemdestaque.com\/cd\/#website\",\"url\":\"https:\/\/noticiasemdestaque.com\/cd\/\",\"name\":\"Not&iacute;cias em Destaque\",\"description\":\"\",\"publisher\":{\"@id\":\"https:\/\/noticiasemdestaque.com\/cd\/#organization\"},\"potentialAction\":[{\"@type\":\"SearchAction\",\"target\":{\"@type\":\"EntryPoint\",\"urlTemplate\":\"https:\/\/noticiasemdestaque.com\/cd\/?s={search_term_string}\"},\"query-input\":{\"@type\":\"PropertyValueSpecification\",\"valueRequired\":true,\"valueName\":\"search_term_string\"}}],\"inLanguage\":\"pt-BR\"},{\"@type\":\"Organization\",\"@id\":\"https:\/\/noticiasemdestaque.com\/cd\/#organization\",\"name\":\"Not\u00edcias em Destaque\",\"url\":\"https:\/\/noticiasemdestaque.com\/cd\/\",\"logo\":{\"@type\":\"ImageObject\",\"inLanguage\":\"pt-BR\",\"@id\":\"https:\/\/noticiasemdestaque.com\/cd\/#\/schema\/logo\/image\/\",\"url\":\"https:\/\/noticiasemdestaque.com\/cd\/wp-content\/uploads\/2022\/05\/imagem-base-noticiasemdestaque.png\",\"contentUrl\":\"https:\/\/noticiasemdestaque.com\/cd\/wp-content\/uploads\/2022\/05\/imagem-base-noticiasemdestaque.png\",\"width\":1200,\"height\":630,\"caption\":\"Not\u00edcias em Destaque\"},\"image\":{\"@id\":\"https:\/\/noticiasemdestaque.com\/cd\/#\/schema\/logo\/image\/\"}},{\"@type\":\"Person\",\"@id\":\"https:\/\/noticiasemdestaque.com\/cd\/#\/schema\/person\/21320b03a7e8bb90128938dafc9b908a\",\"name\":\"Not\u00edcias em Destaque\",\"url\":\"https:\/\/noticiasemdestaque.com\/cd\/?author=2\"}]}<\/script>\n<!-- \/ Yoast SEO plugin. -->","yoast_head_json":{"title":"CR\u00c9DITO: Empreender Para\u00edba abre inscri\u00e7\u00f5es para 9 cidades do Cariri - Not&iacute;cias em Destaque","robots":{"index":"index","follow":"follow","max-snippet":"max-snippet:-1","max-image-preview":"max-image-preview:large","max-video-preview":"max-video-preview:-1"},"canonical":"https:\/\/noticiasemdestaque.com\/cd\/?p=4652","og_locale":"pt_BR","og_type":"article","og_title":"CR\u00c9DITO: Empreender Para\u00edba abre inscri\u00e7\u00f5es para 9 cidades do Cariri - Not&iacute;cias em Destaque","og_description":"J\u00e1 est\u00e3o abertas as inscri\u00e7\u00f5es para concess\u00f5es de cr\u00e9dito do programa Empreender Para\u00edba, do Governo do Estado. Empreendedores dos munic\u00edpios de Camala\u00fa, Ouro Velho, Parar\u00ed, Prata, Santo Andr\u00e9, S\u00e3o Jo\u00e3o do Cariri, S\u00e3o Jo\u00e3o do Tigre, S\u00e3o Jos\u00e9 dos Cordeiros, Umbuzeiro e Monteiro poder\u00e3o se inscrever nas linhas de cr\u00e9dito dispon\u00edveis do programa at\u00e9 o dia 10 de outubro de 2017 ou enquanto durarem as vagas. As inscri\u00e7\u00f5es s\u00e3o gratuitas e podem ser realizadas por pessoas f\u00edsicas maiores de 18 anos ou legalmente emancipadas, que residem na Para\u00edba h\u00e1 mais de seis meses. O Programa Empreender PB tem como prioridade a concess\u00e3o de cr\u00e9dito produtivo orientado com o objetivo de incentivar a gera\u00e7\u00e3o de ocupa\u00e7\u00e3o e renda entre os empreendedores paraibanos, bem como apoiar e fortalecer a economia solid\u00e1ria, o micro empreendedor individual, o micro empres\u00e1rio, o empres\u00e1rio de pequeno porte e as cooperativas de produ\u00e7\u00e3o do Estado da Para\u00edba. Baseado nesse conceito, com o objetivo de ampliar o pensamento empreendedor dos paraibanos, o Empreender lan\u00e7ou em 2017 o projeto FENEMP \u2013 Feira de Neg\u00f3cios e Empreendedorismo da Para\u00edba. Um espa\u00e7o para promover, divulgar e partilhar experi\u00eancias entre contemplados do programa, mostrando os potenciais econ\u00f4micos desenvolvidos por cada regi\u00e3o, a FENEMP tamb\u00e9m contar\u00e1 com um espa\u00e7o de compartilhamento de ideias e experi\u00eancias com empreendedores de sucesso, atrav\u00e9s de palestras, oficinas e workshops voltados \u00e0s particularidades de ser e pensar de forma empreendedora. A quarta edi\u00e7\u00e3o da FENEMP 2017 acontecer\u00e1 no munic\u00edpio de Monteiro, de 24 a 26 de novembro, na Pra\u00e7a Jo\u00e3o Pessoa e contar\u00e1 com a participa\u00e7\u00e3o de empreendedores de toda a regi\u00e3o do cariri e de outras cidades do estado. Clique aqui e se inscreva no Empreender Para\u00edba","og_url":"https:\/\/noticiasemdestaque.com\/cd\/?p=4652","og_site_name":"Not&iacute;cias em Destaque","article_published_time":"2017-09-26T16:23:09+00:00","og_image":[{"width":320,"height":211,"url":"https:\/\/noticiasemdestaque.com\/cd\/wp-content\/uploads\/2017\/09\/1.jpg","type":"image\/jpeg"}],"author":"Not\u00edcias em Destaque","twitter_card":"summary_large_image","twitter_misc":{"Escrito por":"Not\u00edcias em Destaque","Est. tempo de leitura":"2 minutos"},"schema":{"@context":"https:\/\/schema.org","@graph":[{"@type":"Article","@id":"https:\/\/noticiasemdestaque.com\/cd\/?p=4652#article","isPartOf":{"@id":"https:\/\/noticiasemdestaque.com\/cd\/?p=4652"},"author":{"name":"Not\u00edcias em Destaque","@id":"https:\/\/noticiasemdestaque.com\/cd\/#\/schema\/person\/21320b03a7e8bb90128938dafc9b908a"},"headline":"CR\u00c9DITO: Empreender Para\u00edba abre inscri\u00e7\u00f5es para 9 cidades do Cariri","datePublished":"2017-09-26T16:23:09+00:00","mainEntityOfPage":{"@id":"https:\/\/noticiasemdestaque.com\/cd\/?p=4652"},"wordCount":329,"publisher":{"@id":"https:\/\/noticiasemdestaque.com\/cd\/#organization"},"image":{"@id":"https:\/\/noticiasemdestaque.com\/cd\/?p=4652#primaryimage"},"thumbnailUrl":"https:\/\/noticiasemdestaque.com\/cd\/wp-content\/uploads\/2017\/09\/1.jpg","articleSection":["Cidades"],"inLanguage":"pt-BR"},{"@type":"WebPage","@id":"https:\/\/noticiasemdestaque.com\/cd\/?p=4652","url":"https:\/\/noticiasemdestaque.com\/cd\/?p=4652","name":"CR\u00c9DITO: Empreender Para\u00edba abre inscri\u00e7\u00f5es para 9 cidades do Cariri - Not&iacute;cias em Destaque","isPartOf":{"@id":"https:\/\/noticiasemdestaque.com\/cd\/#website"},"primaryImageOfPage":{"@id":"https:\/\/noticiasemdestaque.com\/cd\/?p=4652#primaryimage"},"image":{"@id":"https:\/\/noticiasemdestaque.com\/cd\/?p=4652#primaryimage"},"thumbnailUrl":"https:\/\/noticiasemdestaque.com\/cd\/wp-content\/uploads\/2017\/09\/1.jpg","datePublished":"2017-09-26T16:23:09+00:00","breadcrumb":{"@id":"https:\/\/noticiasemdestaque.com\/cd\/?p=4652#breadcrumb"},"inLanguage":"pt-BR","potentialAction":[{"@type":"ReadAction","target":["https:\/\/noticiasemdestaque.com\/cd\/?p=4652"]}]},{"@type":"ImageObject","inLanguage":"pt-BR","@id":"https:\/\/noticiasemdestaque.com\/cd\/?p=4652#primaryimage","url":"https:\/\/noticiasemdestaque.com\/cd\/wp-content\/uploads\/2017\/09\/1.jpg","contentUrl":"https:\/\/noticiasemdestaque.com\/cd\/wp-content\/uploads\/2017\/09\/1.jpg","width":320,"height":211},{"@type":"BreadcrumbList","@id":"https:\/\/noticiasemdestaque.com\/cd\/?p=4652#breadcrumb","itemListElement":[{"@type":"ListItem","position":1,"name":"In\u00edcio","item":"https:\/\/noticiasemdestaque.com\/cd\/"},{"@type":"ListItem","position":2,"name":"CR\u00c9DITO: Empreender Para\u00edba abre inscri\u00e7\u00f5es para 9 cidades do Cariri"}]},{"@type":"WebSite","@id":"https:\/\/noticiasemdestaque.com\/cd\/#website","url":"https:\/\/noticiasemdestaque.com\/cd\/","name":"Not&iacute;cias em Destaque","description":"","publisher":{"@id":"https:\/\/noticiasemdestaque.com\/cd\/#organization"},"potentialAction":[{"@type":"SearchAction","target":{"@type":"EntryPoint","urlTemplate":"https:\/\/noticiasemdestaque.com\/cd\/?s={search_term_string}"},"query-input":{"@type":"PropertyValueSpecification","valueRequired":true,"valueName":"search_term_string"}}],"inLanguage":"pt-BR"},{"@type":"Organization","@id":"https:\/\/noticiasemdestaque.com\/cd\/#organization","name":"Not\u00edcias em Destaque","url":"https:\/\/noticiasemdestaque.com\/cd\/","logo":{"@type":"ImageObject","inLanguage":"pt-BR","@id":"https:\/\/noticiasemdestaque.com\/cd\/#\/schema\/logo\/image\/","url":"https:\/\/noticiasemdestaque.com\/cd\/wp-content\/uploads\/2022\/05\/imagem-base-noticiasemdestaque.png","contentUrl":"https:\/\/noticiasemdestaque.com\/cd\/wp-content\/uploads\/2022\/05\/imagem-base-noticiasemdestaque.png","width":1200,"height":630,"caption":"Not\u00edcias em Destaque"},"image":{"@id":"https:\/\/noticiasemdestaque.com\/cd\/#\/schema\/logo\/image\/"}},{"@type":"Person","@id":"https:\/\/noticiasemdestaque.com\/cd\/#\/schema\/person\/21320b03a7e8bb90128938dafc9b908a","name":"Not\u00edcias em Destaque","url":"https:\/\/noticiasemdestaque.com\/cd\/?author=2"}]}},"jetpack_featured_media_url":"https:\/\/noticiasemdestaque.com\/cd\/wp-content\/uploads\/2017\/09\/1.jpg","jetpack_sharing_enabled":true,"_links":{"self":[{"href":"https:\/\/noticiasemdestaque.com\/cd\/index.php?rest_route=\/wp\/v2\/posts\/4652","targetHints":{"allow":["GET"]}}],"collection":[{"href":"https:\/\/noticiasemdestaque.com\/cd\/index.php?rest_route=\/wp\/v2\/posts"}],"about":[{"href":"https:\/\/noticiasemdestaque.com\/cd\/index.php?rest_route=\/wp\/v2\/types\/post"}],"author":[{"embeddable":true,"href":"https:\/\/noticiasemdestaque.com\/cd\/index.php?rest_route=\/wp\/v2\/users\/2"}],"replies":[{"embeddable":true,"href":"https:\/\/noticiasemdestaque.com\/cd\/index.php?rest_route=%2Fwp%2Fv2%2Fcomments&post=4652"}],"version-history":[{"count":1,"href":"https:\/\/noticiasemdestaque.com\/cd\/index.php?rest_route=\/wp\/v2\/posts\/4652\/revisions"}],"predecessor-version":[{"id":4654,"href":"https:\/\/noticiasemdestaque.com\/cd\/index.php?rest_route=\/wp\/v2\/posts\/4652\/revisions\/4654"}],"wp:featuredmedia":[{"embeddable":true,"href":"https:\/\/noticiasemdestaque.com\/cd\/index.php?rest_route=\/wp\/v2\/media\/4653"}],"wp:attachment":[{"href":"https:\/\/noticiasemdestaque.com\/cd\/index.php?rest_route=%2Fwp%2Fv2%2Fmedia&parent=4652"}],"wp:term":[{"taxonomy":"category","embeddable":true,"href":"https:\/\/noticiasemdestaque.com\/cd\/index.php?rest_route=%2Fwp%2Fv2%2Fcategories&post=4652"},{"taxonomy":"post_tag","embeddable":true,"href":"https:\/\/noticiasemdestaque.com\/cd\/index.php?rest_route=%2Fwp%2Fv2%2Ftags&post=4652"}],"curies":[{"name":"wp","href":"https:\/\/api.w.org\/{rel}","templated":true}]}}