{"id":4609,"date":"2017-09-25T20:28:49","date_gmt":"2017-09-25T23:28:49","guid":{"rendered":"http:\/\/caririemdestaque.com\/cd\/?p=4609"},"modified":"2017-09-25T20:28:49","modified_gmt":"2017-09-25T23:28:49","slug":"pesquisa-confirma-forca-das-oposicoes-e-o-desejo-de-um-novo-rumo-a-paraiba-diz-ruy-carneiro","status":"publish","type":"post","link":"https:\/\/noticiasemdestaque.com\/cd\/?p=4609","title":{"rendered":"Pesquisa confirma for\u00e7a das oposi\u00e7\u00f5es e o desejo de um novo rumo \u00e0 Paraiba, diz Ruy Carneiro"},"content":{"rendered":"<div><\/div>\n<div><a href=\"http:\/\/caririemdestaque.com\/cd\/wp-content\/uploads\/2017\/09\/201709240741290000009896.jpg\"><img decoding=\"async\" class=\"size-thumbnail wp-image-4610 alignleft\" src=\"http:\/\/caririemdestaque.com\/cd\/wp-content\/uploads\/2017\/09\/201709240741290000009896-150x150.jpg\" alt=\"\" width=\"150\" height=\"150\" srcset=\"https:\/\/noticiasemdestaque.com\/cd\/wp-content\/uploads\/2017\/09\/201709240741290000009896-150x150.jpg 150w, https:\/\/noticiasemdestaque.com\/cd\/wp-content\/uploads\/2017\/09\/201709240741290000009896-266x266.jpg 266w\" sizes=\"(max-width: 150px) 100vw, 150px\" \/><\/a>Os resultados da pesquisa do Instituto Fran6, de S\u00e3o Paulo, sobre a disputa ao Governo da Para\u00edba mostram, segundo o presidente estadual do PSDB, Ruy Carneiro, que a oposi\u00e7\u00e3o re\u00fane os principais nomes na prefer\u00eancia da popula\u00e7\u00e3o at\u00e9 agora para assumir o cargo de governador, com larga margem de inten\u00e7\u00f5es de votos em rela\u00e7\u00e3o aos poss\u00edveis candidatos do PSB e da base governista, cujo desempenho est\u00e1 aqu\u00e9m do esperado. &#8220;Mesmo com a m\u00e1quina governista operando em todas as regi\u00f5es, inclusive com viagens de car\u00e1ter claramente eleitoral, os nomes do Pal\u00e1cio n\u00e3o decolaram &#8220;, afirma.<\/div>\n<div><\/div>\n<div>Como se n\u00e3o bastasse o franco favoritismo do prefeito de Jo\u00e3o Pessoa, Luciano Cartaxo (PSD), preferido de 33,4% dos eleitores entrevistados, o PSDB conta ainda com a lembran\u00e7a dos nomes do senador e ex-governador C\u00e1ssio Cunha Lima, com 12,7%, e do prefeito de Campina Grande, Romero Rodrigues, que alcan\u00e7ou 8,2%. Al\u00e9m deles, tamb\u00e9m pontua o senador e ex-governador Jos\u00e9 Maranh\u00e3o, com 10,1%.<\/div>\n<div><\/div>\n<div>A pesquisa aponta os poss\u00edveis candidatos do governador Ricardo Coutinho (PSB) com insignificantes 2,5% e 2,1%, o secret\u00e1rio Jo\u00e3o Azevedo (PSB) e a vice-governadora L\u00edgia Feliciano (PDT), respectivamente. A margem de erro da pesquisa \u00e9 de exatamente 2,5%. O Instituto ouviu 1.500 pessoas entre os dias 16 e 19 de setembro.<\/div>\n<div><\/div>\n<div>&#8220;Esta \u00e9 mais uma pesquisa que confirma a for\u00e7a e o peso das oposi\u00e7\u00f5es. A popula\u00e7\u00e3o mostra claramente que quer um rumo novo para o nosso Estado&#8221;, avalia Ruy Carneiro. &#8220;Reunimos as lideran\u00e7as mais sintonizadas com os anseios da popula\u00e7\u00e3o. Juntos, aglutinando os maiores partidos, vamos poder apresentar \u00e0 popula\u00e7\u00e3o um projeto novo de desenvolvimento da Para\u00edba, que leve em considera\u00e7\u00e3o o cuidado com as pessoas e que seja baseado no di\u00e1logo, no respeito e no trabalho em favor de quem mais precisa&#8221;, ressaltou Ruy.\u2060\u2060\u2060\u2060<\/div>\n","protected":false},"excerpt":{"rendered":"<p>Os resultados da pesquisa do Instituto Fran6, de S\u00e3o Paulo, sobre a disputa ao Governo da Para\u00edba mostram, segundo o presidente estadual do PSDB, Ruy Carneiro, que a oposi\u00e7\u00e3o re\u00fane os principais nomes na prefer\u00eancia da popula\u00e7\u00e3o at\u00e9 agora para assumir o cargo de governador, com larga margem de inten\u00e7\u00f5es de votos em rela\u00e7\u00e3o aos poss\u00edveis candidatos do PSB e da base governista, cujo desempenho est\u00e1 aqu\u00e9m do esperado. &#8220;Mesmo com a m\u00e1quina governista operando em todas as regi\u00f5es, inclusive com viagens de car\u00e1ter claramente eleitoral, os nomes do Pal\u00e1cio n\u00e3o decolaram &#8220;, afirma. Como se n\u00e3o bastasse o franco favoritismo do prefeito de Jo\u00e3o Pessoa, Luciano Cartaxo (PSD), preferido de 33,4% dos eleitores entrevistados, o PSDB conta ainda com a lembran\u00e7a dos nomes do senador e ex-governador C\u00e1ssio Cunha Lima, com 12,7%, e do prefeito de Campina Grande, Romero Rodrigues, que alcan\u00e7ou 8,2%. Al\u00e9m deles, tamb\u00e9m pontua o senador e ex-governador Jos\u00e9 Maranh\u00e3o, com 10,1%. A pesquisa aponta os poss\u00edveis candidatos do governador Ricardo Coutinho (PSB) com insignificantes 2,5% e 2,1%, o secret\u00e1rio Jo\u00e3o Azevedo (PSB) e a vice-governadora L\u00edgia Feliciano (PDT), respectivamente. A margem de erro da pesquisa \u00e9 de exatamente 2,5%. O Instituto ouviu 1.500 pessoas entre os dias 16 e 19 de setembro. &#8220;Esta \u00e9 mais uma pesquisa que confirma a for\u00e7a e o peso das oposi\u00e7\u00f5es. A popula\u00e7\u00e3o mostra claramente que quer um rumo novo para o nosso Estado&#8221;, avalia Ruy Carneiro. &#8220;Reunimos as lideran\u00e7as mais sintonizadas com os anseios da popula\u00e7\u00e3o. Juntos, aglutinando os maiores partidos, vamos poder apresentar \u00e0 popula\u00e7\u00e3o um projeto novo de desenvolvimento da Para\u00edba, que leve em considera\u00e7\u00e3o o cuidado com as pessoas e que seja baseado no di\u00e1logo, no respeito e no trabalho em favor de quem mais precisa&#8221;, ressaltou Ruy.\u2060\u2060\u2060\u2060<\/p>\n","protected":false},"author":2,"featured_media":4610,"comment_status":"closed","ping_status":"open","sticky":false,"template":"","format":"standard","meta":{"_eb_attr":"","_jetpack_memberships_contains_paid_content":false,"footnotes":""},"categories":[4],"tags":[],"class_list":["post-4609","post","type-post","status-publish","format-standard","has-post-thumbnail","hentry","category-politica"],"yoast_head":"<!-- This site is optimized with the Yoast SEO plugin v26.5 - https:\/\/yoast.com\/wordpress\/plugins\/seo\/ -->\n<title>Pesquisa confirma for\u00e7a das oposi\u00e7\u00f5es e o desejo de um novo rumo \u00e0 Paraiba, diz Ruy Carneiro - Not&iacute;cias em Destaque<\/title>\n<meta name=\"robots\" content=\"index, follow, max-snippet:-1, max-image-preview:large, max-video-preview:-1\" \/>\n<link rel=\"canonical\" href=\"https:\/\/noticiasemdestaque.com\/cd\/?p=4609\" \/>\n<meta property=\"og:locale\" content=\"pt_BR\" \/>\n<meta property=\"og:type\" content=\"article\" \/>\n<meta property=\"og:title\" content=\"Pesquisa confirma for\u00e7a das oposi\u00e7\u00f5es e o desejo de um novo rumo \u00e0 Paraiba, diz Ruy Carneiro - Not&iacute;cias em Destaque\" \/>\n<meta property=\"og:description\" content=\"Os resultados da pesquisa do Instituto Fran6, de S\u00e3o Paulo, sobre a disputa ao Governo da Para\u00edba mostram, segundo o presidente estadual do PSDB, Ruy Carneiro, que a oposi\u00e7\u00e3o re\u00fane os principais nomes na prefer\u00eancia da popula\u00e7\u00e3o at\u00e9 agora para assumir o cargo de governador, com larga margem de inten\u00e7\u00f5es de votos em rela\u00e7\u00e3o aos poss\u00edveis candidatos do PSB e da base governista, cujo desempenho est\u00e1 aqu\u00e9m do esperado. &#8220;Mesmo com a m\u00e1quina governista operando em todas as regi\u00f5es, inclusive com viagens de car\u00e1ter claramente eleitoral, os nomes do Pal\u00e1cio n\u00e3o decolaram &#8220;, afirma. Como se n\u00e3o bastasse o franco favoritismo do prefeito de Jo\u00e3o Pessoa, Luciano Cartaxo (PSD), preferido de 33,4% dos eleitores entrevistados, o PSDB conta ainda com a lembran\u00e7a dos nomes do senador e ex-governador C\u00e1ssio Cunha Lima, com 12,7%, e do prefeito de Campina Grande, Romero Rodrigues, que alcan\u00e7ou 8,2%. Al\u00e9m deles, tamb\u00e9m pontua o senador e ex-governador Jos\u00e9 Maranh\u00e3o, com 10,1%. A pesquisa aponta os poss\u00edveis candidatos do governador Ricardo Coutinho (PSB) com insignificantes 2,5% e 2,1%, o secret\u00e1rio Jo\u00e3o Azevedo (PSB) e a vice-governadora L\u00edgia Feliciano (PDT), respectivamente. A margem de erro da pesquisa \u00e9 de exatamente 2,5%. O Instituto ouviu 1.500 pessoas entre os dias 16 e 19 de setembro. &#8220;Esta \u00e9 mais uma pesquisa que confirma a for\u00e7a e o peso das oposi\u00e7\u00f5es. A popula\u00e7\u00e3o mostra claramente que quer um rumo novo para o nosso Estado&#8221;, avalia Ruy Carneiro. &#8220;Reunimos as lideran\u00e7as mais sintonizadas com os anseios da popula\u00e7\u00e3o. Juntos, aglutinando os maiores partidos, vamos poder apresentar \u00e0 popula\u00e7\u00e3o um projeto novo de desenvolvimento da Para\u00edba, que leve em considera\u00e7\u00e3o o cuidado com as pessoas e que seja baseado no di\u00e1logo, no respeito e no trabalho em favor de quem mais precisa&#8221;, ressaltou Ruy.\u2060\u2060\u2060\u2060\" \/>\n<meta property=\"og:url\" content=\"https:\/\/noticiasemdestaque.com\/cd\/?p=4609\" \/>\n<meta property=\"og:site_name\" content=\"Not&iacute;cias em Destaque\" \/>\n<meta property=\"article:published_time\" content=\"2017-09-25T23:28:49+00:00\" \/>\n<meta property=\"og:image\" content=\"https:\/\/noticiasemdestaque.com\/cd\/wp-content\/uploads\/2017\/09\/201709240741290000009896.jpg\" \/>\n\t<meta property=\"og:image:width\" content=\"480\" \/>\n\t<meta property=\"og:image:height\" content=\"350\" \/>\n\t<meta property=\"og:image:type\" content=\"image\/jpeg\" \/>\n<meta name=\"author\" content=\"Not\u00edcias em Destaque\" \/>\n<meta name=\"twitter:card\" content=\"summary_large_image\" \/>\n<meta name=\"twitter:label1\" content=\"Escrito por\" \/>\n\t<meta name=\"twitter:data1\" content=\"Not\u00edcias em Destaque\" \/>\n\t<meta name=\"twitter:label2\" content=\"Est. tempo de leitura\" \/>\n\t<meta name=\"twitter:data2\" content=\"2 minutos\" \/>\n<script type=\"application\/ld+json\" class=\"yoast-schema-graph\">{\"@context\":\"https:\/\/schema.org\",\"@graph\":[{\"@type\":\"Article\",\"@id\":\"https:\/\/noticiasemdestaque.com\/cd\/?p=4609#article\",\"isPartOf\":{\"@id\":\"https:\/\/noticiasemdestaque.com\/cd\/?p=4609\"},\"author\":{\"name\":\"Not\u00edcias em Destaque\",\"@id\":\"https:\/\/noticiasemdestaque.com\/cd\/#\/schema\/person\/21320b03a7e8bb90128938dafc9b908a\"},\"headline\":\"Pesquisa confirma for\u00e7a das oposi\u00e7\u00f5es e o desejo de um novo rumo \u00e0 Paraiba, diz Ruy Carneiro\",\"datePublished\":\"2017-09-25T23:28:49+00:00\",\"mainEntityOfPage\":{\"@id\":\"https:\/\/noticiasemdestaque.com\/cd\/?p=4609\"},\"wordCount\":332,\"publisher\":{\"@id\":\"https:\/\/noticiasemdestaque.com\/cd\/#organization\"},\"image\":{\"@id\":\"https:\/\/noticiasemdestaque.com\/cd\/?p=4609#primaryimage\"},\"thumbnailUrl\":\"https:\/\/noticiasemdestaque.com\/cd\/wp-content\/uploads\/2017\/09\/201709240741290000009896.jpg\",\"articleSection\":[\"Pol\u00edtica\"],\"inLanguage\":\"pt-BR\"},{\"@type\":\"WebPage\",\"@id\":\"https:\/\/noticiasemdestaque.com\/cd\/?p=4609\",\"url\":\"https:\/\/noticiasemdestaque.com\/cd\/?p=4609\",\"name\":\"Pesquisa confirma for\u00e7a das oposi\u00e7\u00f5es e o desejo de um novo rumo \u00e0 Paraiba, diz Ruy Carneiro - Not&iacute;cias em Destaque\",\"isPartOf\":{\"@id\":\"https:\/\/noticiasemdestaque.com\/cd\/#website\"},\"primaryImageOfPage\":{\"@id\":\"https:\/\/noticiasemdestaque.com\/cd\/?p=4609#primaryimage\"},\"image\":{\"@id\":\"https:\/\/noticiasemdestaque.com\/cd\/?p=4609#primaryimage\"},\"thumbnailUrl\":\"https:\/\/noticiasemdestaque.com\/cd\/wp-content\/uploads\/2017\/09\/201709240741290000009896.jpg\",\"datePublished\":\"2017-09-25T23:28:49+00:00\",\"breadcrumb\":{\"@id\":\"https:\/\/noticiasemdestaque.com\/cd\/?p=4609#breadcrumb\"},\"inLanguage\":\"pt-BR\",\"potentialAction\":[{\"@type\":\"ReadAction\",\"target\":[\"https:\/\/noticiasemdestaque.com\/cd\/?p=4609\"]}]},{\"@type\":\"ImageObject\",\"inLanguage\":\"pt-BR\",\"@id\":\"https:\/\/noticiasemdestaque.com\/cd\/?p=4609#primaryimage\",\"url\":\"https:\/\/noticiasemdestaque.com\/cd\/wp-content\/uploads\/2017\/09\/201709240741290000009896.jpg\",\"contentUrl\":\"https:\/\/noticiasemdestaque.com\/cd\/wp-content\/uploads\/2017\/09\/201709240741290000009896.jpg\",\"width\":480,\"height\":350},{\"@type\":\"BreadcrumbList\",\"@id\":\"https:\/\/noticiasemdestaque.com\/cd\/?p=4609#breadcrumb\",\"itemListElement\":[{\"@type\":\"ListItem\",\"position\":1,\"name\":\"In\u00edcio\",\"item\":\"https:\/\/noticiasemdestaque.com\/cd\/\"},{\"@type\":\"ListItem\",\"position\":2,\"name\":\"Pesquisa confirma for\u00e7a das oposi\u00e7\u00f5es e o desejo de um novo rumo \u00e0 Paraiba, diz Ruy Carneiro\"}]},{\"@type\":\"WebSite\",\"@id\":\"https:\/\/noticiasemdestaque.com\/cd\/#website\",\"url\":\"https:\/\/noticiasemdestaque.com\/cd\/\",\"name\":\"Not&iacute;cias em Destaque\",\"description\":\"\",\"publisher\":{\"@id\":\"https:\/\/noticiasemdestaque.com\/cd\/#organization\"},\"potentialAction\":[{\"@type\":\"SearchAction\",\"target\":{\"@type\":\"EntryPoint\",\"urlTemplate\":\"https:\/\/noticiasemdestaque.com\/cd\/?s={search_term_string}\"},\"query-input\":{\"@type\":\"PropertyValueSpecification\",\"valueRequired\":true,\"valueName\":\"search_term_string\"}}],\"inLanguage\":\"pt-BR\"},{\"@type\":\"Organization\",\"@id\":\"https:\/\/noticiasemdestaque.com\/cd\/#organization\",\"name\":\"Not\u00edcias em Destaque\",\"url\":\"https:\/\/noticiasemdestaque.com\/cd\/\",\"logo\":{\"@type\":\"ImageObject\",\"inLanguage\":\"pt-BR\",\"@id\":\"https:\/\/noticiasemdestaque.com\/cd\/#\/schema\/logo\/image\/\",\"url\":\"https:\/\/noticiasemdestaque.com\/cd\/wp-content\/uploads\/2022\/05\/imagem-base-noticiasemdestaque.png\",\"contentUrl\":\"https:\/\/noticiasemdestaque.com\/cd\/wp-content\/uploads\/2022\/05\/imagem-base-noticiasemdestaque.png\",\"width\":1200,\"height\":630,\"caption\":\"Not\u00edcias em Destaque\"},\"image\":{\"@id\":\"https:\/\/noticiasemdestaque.com\/cd\/#\/schema\/logo\/image\/\"}},{\"@type\":\"Person\",\"@id\":\"https:\/\/noticiasemdestaque.com\/cd\/#\/schema\/person\/21320b03a7e8bb90128938dafc9b908a\",\"name\":\"Not\u00edcias em Destaque\",\"url\":\"https:\/\/noticiasemdestaque.com\/cd\/?author=2\"}]}<\/script>\n<!-- \/ Yoast SEO plugin. -->","yoast_head_json":{"title":"Pesquisa confirma for\u00e7a das oposi\u00e7\u00f5es e o desejo de um novo rumo \u00e0 Paraiba, diz Ruy Carneiro - Not&iacute;cias em Destaque","robots":{"index":"index","follow":"follow","max-snippet":"max-snippet:-1","max-image-preview":"max-image-preview:large","max-video-preview":"max-video-preview:-1"},"canonical":"https:\/\/noticiasemdestaque.com\/cd\/?p=4609","og_locale":"pt_BR","og_type":"article","og_title":"Pesquisa confirma for\u00e7a das oposi\u00e7\u00f5es e o desejo de um novo rumo \u00e0 Paraiba, diz Ruy Carneiro - Not&iacute;cias em Destaque","og_description":"Os resultados da pesquisa do Instituto Fran6, de S\u00e3o Paulo, sobre a disputa ao Governo da Para\u00edba mostram, segundo o presidente estadual do PSDB, Ruy Carneiro, que a oposi\u00e7\u00e3o re\u00fane os principais nomes na prefer\u00eancia da popula\u00e7\u00e3o at\u00e9 agora para assumir o cargo de governador, com larga margem de inten\u00e7\u00f5es de votos em rela\u00e7\u00e3o aos poss\u00edveis candidatos do PSB e da base governista, cujo desempenho est\u00e1 aqu\u00e9m do esperado. &#8220;Mesmo com a m\u00e1quina governista operando em todas as regi\u00f5es, inclusive com viagens de car\u00e1ter claramente eleitoral, os nomes do Pal\u00e1cio n\u00e3o decolaram &#8220;, afirma. Como se n\u00e3o bastasse o franco favoritismo do prefeito de Jo\u00e3o Pessoa, Luciano Cartaxo (PSD), preferido de 33,4% dos eleitores entrevistados, o PSDB conta ainda com a lembran\u00e7a dos nomes do senador e ex-governador C\u00e1ssio Cunha Lima, com 12,7%, e do prefeito de Campina Grande, Romero Rodrigues, que alcan\u00e7ou 8,2%. Al\u00e9m deles, tamb\u00e9m pontua o senador e ex-governador Jos\u00e9 Maranh\u00e3o, com 10,1%. A pesquisa aponta os poss\u00edveis candidatos do governador Ricardo Coutinho (PSB) com insignificantes 2,5% e 2,1%, o secret\u00e1rio Jo\u00e3o Azevedo (PSB) e a vice-governadora L\u00edgia Feliciano (PDT), respectivamente. A margem de erro da pesquisa \u00e9 de exatamente 2,5%. O Instituto ouviu 1.500 pessoas entre os dias 16 e 19 de setembro. &#8220;Esta \u00e9 mais uma pesquisa que confirma a for\u00e7a e o peso das oposi\u00e7\u00f5es. A popula\u00e7\u00e3o mostra claramente que quer um rumo novo para o nosso Estado&#8221;, avalia Ruy Carneiro. &#8220;Reunimos as lideran\u00e7as mais sintonizadas com os anseios da popula\u00e7\u00e3o. Juntos, aglutinando os maiores partidos, vamos poder apresentar \u00e0 popula\u00e7\u00e3o um projeto novo de desenvolvimento da Para\u00edba, que leve em considera\u00e7\u00e3o o cuidado com as pessoas e que seja baseado no di\u00e1logo, no respeito e no trabalho em favor de quem mais precisa&#8221;, ressaltou Ruy.\u2060\u2060\u2060\u2060","og_url":"https:\/\/noticiasemdestaque.com\/cd\/?p=4609","og_site_name":"Not&iacute;cias em Destaque","article_published_time":"2017-09-25T23:28:49+00:00","og_image":[{"width":480,"height":350,"url":"https:\/\/noticiasemdestaque.com\/cd\/wp-content\/uploads\/2017\/09\/201709240741290000009896.jpg","type":"image\/jpeg"}],"author":"Not\u00edcias em Destaque","twitter_card":"summary_large_image","twitter_misc":{"Escrito por":"Not\u00edcias em Destaque","Est. tempo de leitura":"2 minutos"},"schema":{"@context":"https:\/\/schema.org","@graph":[{"@type":"Article","@id":"https:\/\/noticiasemdestaque.com\/cd\/?p=4609#article","isPartOf":{"@id":"https:\/\/noticiasemdestaque.com\/cd\/?p=4609"},"author":{"name":"Not\u00edcias em Destaque","@id":"https:\/\/noticiasemdestaque.com\/cd\/#\/schema\/person\/21320b03a7e8bb90128938dafc9b908a"},"headline":"Pesquisa confirma for\u00e7a das oposi\u00e7\u00f5es e o desejo de um novo rumo \u00e0 Paraiba, diz Ruy Carneiro","datePublished":"2017-09-25T23:28:49+00:00","mainEntityOfPage":{"@id":"https:\/\/noticiasemdestaque.com\/cd\/?p=4609"},"wordCount":332,"publisher":{"@id":"https:\/\/noticiasemdestaque.com\/cd\/#organization"},"image":{"@id":"https:\/\/noticiasemdestaque.com\/cd\/?p=4609#primaryimage"},"thumbnailUrl":"https:\/\/noticiasemdestaque.com\/cd\/wp-content\/uploads\/2017\/09\/201709240741290000009896.jpg","articleSection":["Pol\u00edtica"],"inLanguage":"pt-BR"},{"@type":"WebPage","@id":"https:\/\/noticiasemdestaque.com\/cd\/?p=4609","url":"https:\/\/noticiasemdestaque.com\/cd\/?p=4609","name":"Pesquisa confirma for\u00e7a das oposi\u00e7\u00f5es e o desejo de um novo rumo \u00e0 Paraiba, diz Ruy Carneiro - Not&iacute;cias em Destaque","isPartOf":{"@id":"https:\/\/noticiasemdestaque.com\/cd\/#website"},"primaryImageOfPage":{"@id":"https:\/\/noticiasemdestaque.com\/cd\/?p=4609#primaryimage"},"image":{"@id":"https:\/\/noticiasemdestaque.com\/cd\/?p=4609#primaryimage"},"thumbnailUrl":"https:\/\/noticiasemdestaque.com\/cd\/wp-content\/uploads\/2017\/09\/201709240741290000009896.jpg","datePublished":"2017-09-25T23:28:49+00:00","breadcrumb":{"@id":"https:\/\/noticiasemdestaque.com\/cd\/?p=4609#breadcrumb"},"inLanguage":"pt-BR","potentialAction":[{"@type":"ReadAction","target":["https:\/\/noticiasemdestaque.com\/cd\/?p=4609"]}]},{"@type":"ImageObject","inLanguage":"pt-BR","@id":"https:\/\/noticiasemdestaque.com\/cd\/?p=4609#primaryimage","url":"https:\/\/noticiasemdestaque.com\/cd\/wp-content\/uploads\/2017\/09\/201709240741290000009896.jpg","contentUrl":"https:\/\/noticiasemdestaque.com\/cd\/wp-content\/uploads\/2017\/09\/201709240741290000009896.jpg","width":480,"height":350},{"@type":"BreadcrumbList","@id":"https:\/\/noticiasemdestaque.com\/cd\/?p=4609#breadcrumb","itemListElement":[{"@type":"ListItem","position":1,"name":"In\u00edcio","item":"https:\/\/noticiasemdestaque.com\/cd\/"},{"@type":"ListItem","position":2,"name":"Pesquisa confirma for\u00e7a das oposi\u00e7\u00f5es e o desejo de um novo rumo \u00e0 Paraiba, diz Ruy Carneiro"}]},{"@type":"WebSite","@id":"https:\/\/noticiasemdestaque.com\/cd\/#website","url":"https:\/\/noticiasemdestaque.com\/cd\/","name":"Not&iacute;cias em Destaque","description":"","publisher":{"@id":"https:\/\/noticiasemdestaque.com\/cd\/#organization"},"potentialAction":[{"@type":"SearchAction","target":{"@type":"EntryPoint","urlTemplate":"https:\/\/noticiasemdestaque.com\/cd\/?s={search_term_string}"},"query-input":{"@type":"PropertyValueSpecification","valueRequired":true,"valueName":"search_term_string"}}],"inLanguage":"pt-BR"},{"@type":"Organization","@id":"https:\/\/noticiasemdestaque.com\/cd\/#organization","name":"Not\u00edcias em Destaque","url":"https:\/\/noticiasemdestaque.com\/cd\/","logo":{"@type":"ImageObject","inLanguage":"pt-BR","@id":"https:\/\/noticiasemdestaque.com\/cd\/#\/schema\/logo\/image\/","url":"https:\/\/noticiasemdestaque.com\/cd\/wp-content\/uploads\/2022\/05\/imagem-base-noticiasemdestaque.png","contentUrl":"https:\/\/noticiasemdestaque.com\/cd\/wp-content\/uploads\/2022\/05\/imagem-base-noticiasemdestaque.png","width":1200,"height":630,"caption":"Not\u00edcias em Destaque"},"image":{"@id":"https:\/\/noticiasemdestaque.com\/cd\/#\/schema\/logo\/image\/"}},{"@type":"Person","@id":"https:\/\/noticiasemdestaque.com\/cd\/#\/schema\/person\/21320b03a7e8bb90128938dafc9b908a","name":"Not\u00edcias em Destaque","url":"https:\/\/noticiasemdestaque.com\/cd\/?author=2"}]}},"jetpack_featured_media_url":"https:\/\/noticiasemdestaque.com\/cd\/wp-content\/uploads\/2017\/09\/201709240741290000009896.jpg","jetpack_sharing_enabled":true,"_links":{"self":[{"href":"https:\/\/noticiasemdestaque.com\/cd\/index.php?rest_route=\/wp\/v2\/posts\/4609","targetHints":{"allow":["GET"]}}],"collection":[{"href":"https:\/\/noticiasemdestaque.com\/cd\/index.php?rest_route=\/wp\/v2\/posts"}],"about":[{"href":"https:\/\/noticiasemdestaque.com\/cd\/index.php?rest_route=\/wp\/v2\/types\/post"}],"author":[{"embeddable":true,"href":"https:\/\/noticiasemdestaque.com\/cd\/index.php?rest_route=\/wp\/v2\/users\/2"}],"replies":[{"embeddable":true,"href":"https:\/\/noticiasemdestaque.com\/cd\/index.php?rest_route=%2Fwp%2Fv2%2Fcomments&post=4609"}],"version-history":[{"count":1,"href":"https:\/\/noticiasemdestaque.com\/cd\/index.php?rest_route=\/wp\/v2\/posts\/4609\/revisions"}],"predecessor-version":[{"id":4611,"href":"https:\/\/noticiasemdestaque.com\/cd\/index.php?rest_route=\/wp\/v2\/posts\/4609\/revisions\/4611"}],"wp:featuredmedia":[{"embeddable":true,"href":"https:\/\/noticiasemdestaque.com\/cd\/index.php?rest_route=\/wp\/v2\/media\/4610"}],"wp:attachment":[{"href":"https:\/\/noticiasemdestaque.com\/cd\/index.php?rest_route=%2Fwp%2Fv2%2Fmedia&parent=4609"}],"wp:term":[{"taxonomy":"category","embeddable":true,"href":"https:\/\/noticiasemdestaque.com\/cd\/index.php?rest_route=%2Fwp%2Fv2%2Fcategories&post=4609"},{"taxonomy":"post_tag","embeddable":true,"href":"https:\/\/noticiasemdestaque.com\/cd\/index.php?rest_route=%2Fwp%2Fv2%2Ftags&post=4609"}],"curies":[{"name":"wp","href":"https:\/\/api.w.org\/{rel}","templated":true}]}}