{"id":4592,"date":"2017-09-25T13:31:41","date_gmt":"2017-09-25T16:31:41","guid":{"rendered":"http:\/\/caririemdestaque.com\/cd\/?p=4592"},"modified":"2017-09-25T13:31:41","modified_gmt":"2017-09-25T16:31:41","slug":"ricardo-anuncia-concurso-com-mil-vagas-para-professor","status":"publish","type":"post","link":"https:\/\/noticiasemdestaque.com\/cd\/?p=4592","title":{"rendered":"Ricardo anuncia concurso com mil vagas para professor"},"content":{"rendered":"<p><a href=\"http:\/\/caririemdestaque.com\/cd\/wp-content\/uploads\/2017\/09\/ricardo_nova.jpg\"><img decoding=\"async\" class=\"size-thumbnail wp-image-4593 alignleft\" src=\"http:\/\/caririemdestaque.com\/cd\/wp-content\/uploads\/2017\/09\/ricardo_nova-150x150.jpg\" alt=\"\" width=\"150\" height=\"150\" srcset=\"https:\/\/noticiasemdestaque.com\/cd\/wp-content\/uploads\/2017\/09\/ricardo_nova-150x150.jpg 150w, https:\/\/noticiasemdestaque.com\/cd\/wp-content\/uploads\/2017\/09\/ricardo_nova-266x266.jpg 266w\" sizes=\"(max-width: 150px) 100vw, 150px\" \/><\/a>O governador Ricardo Coutinho (PSB) anunciou, nesta segunda-feira (25), a realiza\u00e7\u00e3o de um concurso para o magist\u00e9rio estadual, com mil vagas para o cargo de professor de Educa\u00e7\u00e3o B\u00e1sica 3, distribu\u00eddas em 12 disciplinas. O an\u00fancio feito nas redes sociais do socialista projetou para o dia 5 de outubro a divulga\u00e7\u00e3o do edital do certame.<a href=\"http:\/\/portalcorreio.com.br\/noticias\/\"><strong><br \/>\n<\/strong><\/a><br \/>\nDe acordo com Ricardo Coutinho, este ser\u00e1 o terceiro concurso na Educa\u00e7\u00e3o realizado por sua gest\u00e3o no estado.<\/p>\n<p>Segundo ele, ser\u00e3o oferecidas 200 vagas para professor de L\u00edngua Portuguesa e 200 para Matem\u00e1tica. Para as disciplinas de Geografia, Hist\u00f3ria, Biologia e Qu\u00edmica ser\u00e3o disponibilizadas 100 vagas, cada, al\u00e9m de 60 vagas para professor F\u00edsica, 40 para L\u00edngua Inglesa e Educa\u00e7\u00e3o F\u00edsica.<\/p>\n<p>Completando as vagas do concurso, ainda v\u00e3o ter 20 oportunidades para Sociologia, Filosofia e Artes.<\/p>\n<p>As provas dever\u00e3o ser realizadas nos munic\u00edpios sede de cada uma das 14 Ger\u00eancias Regionais de Ensino.<\/p>\n","protected":false},"excerpt":{"rendered":"<p>O governador Ricardo Coutinho (PSB) anunciou, nesta segunda-feira (25), a realiza\u00e7\u00e3o de um concurso para o magist\u00e9rio estadual, com mil vagas para o cargo de professor de Educa\u00e7\u00e3o B\u00e1sica 3, distribu\u00eddas em 12 disciplinas. O an\u00fancio feito nas redes sociais do socialista projetou para o dia 5 de outubro a divulga\u00e7\u00e3o do edital do certame. De acordo com Ricardo Coutinho, este ser\u00e1 o terceiro concurso na Educa\u00e7\u00e3o realizado por sua gest\u00e3o no estado. Segundo ele, ser\u00e3o oferecidas 200 vagas para professor de L\u00edngua Portuguesa e 200 para Matem\u00e1tica. Para as disciplinas de Geografia, Hist\u00f3ria, Biologia e Qu\u00edmica ser\u00e3o disponibilizadas 100 vagas, cada, al\u00e9m de 60 vagas para professor F\u00edsica, 40 para L\u00edngua Inglesa e Educa\u00e7\u00e3o F\u00edsica. Completando as vagas do concurso, ainda v\u00e3o ter 20 oportunidades para Sociologia, Filosofia e Artes. As provas dever\u00e3o ser realizadas nos munic\u00edpios sede de cada uma das 14 Ger\u00eancias Regionais de Ensino.<\/p>\n","protected":false},"author":2,"featured_media":4593,"comment_status":"closed","ping_status":"open","sticky":false,"template":"","format":"standard","meta":{"_eb_attr":"","_jetpack_memberships_contains_paid_content":false,"footnotes":""},"categories":[6],"tags":[],"class_list":["post-4592","post","type-post","status-publish","format-standard","has-post-thumbnail","hentry","category-educacao"],"yoast_head":"<!-- This site is optimized with the Yoast SEO plugin v26.5 - https:\/\/yoast.com\/wordpress\/plugins\/seo\/ -->\n<title>Ricardo anuncia concurso com mil vagas para professor - Not&iacute;cias em Destaque<\/title>\n<meta name=\"robots\" content=\"index, follow, max-snippet:-1, max-image-preview:large, max-video-preview:-1\" \/>\n<link rel=\"canonical\" href=\"https:\/\/noticiasemdestaque.com\/cd\/?p=4592\" \/>\n<meta property=\"og:locale\" content=\"pt_BR\" \/>\n<meta property=\"og:type\" content=\"article\" \/>\n<meta property=\"og:title\" content=\"Ricardo anuncia concurso com mil vagas para professor - Not&iacute;cias em Destaque\" \/>\n<meta property=\"og:description\" content=\"O governador Ricardo Coutinho (PSB) anunciou, nesta segunda-feira (25), a realiza\u00e7\u00e3o de um concurso para o magist\u00e9rio estadual, com mil vagas para o cargo de professor de Educa\u00e7\u00e3o B\u00e1sica 3, distribu\u00eddas em 12 disciplinas. O an\u00fancio feito nas redes sociais do socialista projetou para o dia 5 de outubro a divulga\u00e7\u00e3o do edital do certame. De acordo com Ricardo Coutinho, este ser\u00e1 o terceiro concurso na Educa\u00e7\u00e3o realizado por sua gest\u00e3o no estado. Segundo ele, ser\u00e3o oferecidas 200 vagas para professor de L\u00edngua Portuguesa e 200 para Matem\u00e1tica. Para as disciplinas de Geografia, Hist\u00f3ria, Biologia e Qu\u00edmica ser\u00e3o disponibilizadas 100 vagas, cada, al\u00e9m de 60 vagas para professor F\u00edsica, 40 para L\u00edngua Inglesa e Educa\u00e7\u00e3o F\u00edsica. Completando as vagas do concurso, ainda v\u00e3o ter 20 oportunidades para Sociologia, Filosofia e Artes. As provas dever\u00e3o ser realizadas nos munic\u00edpios sede de cada uma das 14 Ger\u00eancias Regionais de Ensino.\" \/>\n<meta property=\"og:url\" content=\"https:\/\/noticiasemdestaque.com\/cd\/?p=4592\" \/>\n<meta property=\"og:site_name\" content=\"Not&iacute;cias em Destaque\" \/>\n<meta property=\"article:published_time\" content=\"2017-09-25T16:31:41+00:00\" \/>\n<meta property=\"og:image\" content=\"https:\/\/noticiasemdestaque.com\/cd\/wp-content\/uploads\/2017\/09\/ricardo_nova.jpg\" \/>\n\t<meta property=\"og:image:width\" content=\"640\" \/>\n\t<meta property=\"og:image:height\" content=\"427\" \/>\n\t<meta property=\"og:image:type\" content=\"image\/jpeg\" \/>\n<meta name=\"author\" content=\"Not\u00edcias em Destaque\" \/>\n<meta name=\"twitter:card\" content=\"summary_large_image\" \/>\n<meta name=\"twitter:label1\" content=\"Escrito por\" \/>\n\t<meta name=\"twitter:data1\" content=\"Not\u00edcias em Destaque\" \/>\n\t<meta name=\"twitter:label2\" content=\"Est. tempo de leitura\" \/>\n\t<meta name=\"twitter:data2\" content=\"1 minuto\" \/>\n<script type=\"application\/ld+json\" class=\"yoast-schema-graph\">{\"@context\":\"https:\/\/schema.org\",\"@graph\":[{\"@type\":\"Article\",\"@id\":\"https:\/\/noticiasemdestaque.com\/cd\/?p=4592#article\",\"isPartOf\":{\"@id\":\"https:\/\/noticiasemdestaque.com\/cd\/?p=4592\"},\"author\":{\"name\":\"Not\u00edcias em Destaque\",\"@id\":\"https:\/\/noticiasemdestaque.com\/cd\/#\/schema\/person\/21320b03a7e8bb90128938dafc9b908a\"},\"headline\":\"Ricardo anuncia concurso com mil vagas para professor\",\"datePublished\":\"2017-09-25T16:31:41+00:00\",\"mainEntityOfPage\":{\"@id\":\"https:\/\/noticiasemdestaque.com\/cd\/?p=4592\"},\"wordCount\":169,\"publisher\":{\"@id\":\"https:\/\/noticiasemdestaque.com\/cd\/#organization\"},\"image\":{\"@id\":\"https:\/\/noticiasemdestaque.com\/cd\/?p=4592#primaryimage\"},\"thumbnailUrl\":\"https:\/\/noticiasemdestaque.com\/cd\/wp-content\/uploads\/2017\/09\/ricardo_nova.jpg\",\"articleSection\":[\"Educa\u00e7\u00e3o\"],\"inLanguage\":\"pt-BR\"},{\"@type\":\"WebPage\",\"@id\":\"https:\/\/noticiasemdestaque.com\/cd\/?p=4592\",\"url\":\"https:\/\/noticiasemdestaque.com\/cd\/?p=4592\",\"name\":\"Ricardo anuncia concurso com mil vagas para professor - Not&iacute;cias em Destaque\",\"isPartOf\":{\"@id\":\"https:\/\/noticiasemdestaque.com\/cd\/#website\"},\"primaryImageOfPage\":{\"@id\":\"https:\/\/noticiasemdestaque.com\/cd\/?p=4592#primaryimage\"},\"image\":{\"@id\":\"https:\/\/noticiasemdestaque.com\/cd\/?p=4592#primaryimage\"},\"thumbnailUrl\":\"https:\/\/noticiasemdestaque.com\/cd\/wp-content\/uploads\/2017\/09\/ricardo_nova.jpg\",\"datePublished\":\"2017-09-25T16:31:41+00:00\",\"breadcrumb\":{\"@id\":\"https:\/\/noticiasemdestaque.com\/cd\/?p=4592#breadcrumb\"},\"inLanguage\":\"pt-BR\",\"potentialAction\":[{\"@type\":\"ReadAction\",\"target\":[\"https:\/\/noticiasemdestaque.com\/cd\/?p=4592\"]}]},{\"@type\":\"ImageObject\",\"inLanguage\":\"pt-BR\",\"@id\":\"https:\/\/noticiasemdestaque.com\/cd\/?p=4592#primaryimage\",\"url\":\"https:\/\/noticiasemdestaque.com\/cd\/wp-content\/uploads\/2017\/09\/ricardo_nova.jpg\",\"contentUrl\":\"https:\/\/noticiasemdestaque.com\/cd\/wp-content\/uploads\/2017\/09\/ricardo_nova.jpg\",\"width\":640,\"height\":427},{\"@type\":\"BreadcrumbList\",\"@id\":\"https:\/\/noticiasemdestaque.com\/cd\/?p=4592#breadcrumb\",\"itemListElement\":[{\"@type\":\"ListItem\",\"position\":1,\"name\":\"In\u00edcio\",\"item\":\"https:\/\/noticiasemdestaque.com\/cd\/\"},{\"@type\":\"ListItem\",\"position\":2,\"name\":\"Ricardo anuncia concurso com mil vagas para professor\"}]},{\"@type\":\"WebSite\",\"@id\":\"https:\/\/noticiasemdestaque.com\/cd\/#website\",\"url\":\"https:\/\/noticiasemdestaque.com\/cd\/\",\"name\":\"Not&iacute;cias em Destaque\",\"description\":\"\",\"publisher\":{\"@id\":\"https:\/\/noticiasemdestaque.com\/cd\/#organization\"},\"potentialAction\":[{\"@type\":\"SearchAction\",\"target\":{\"@type\":\"EntryPoint\",\"urlTemplate\":\"https:\/\/noticiasemdestaque.com\/cd\/?s={search_term_string}\"},\"query-input\":{\"@type\":\"PropertyValueSpecification\",\"valueRequired\":true,\"valueName\":\"search_term_string\"}}],\"inLanguage\":\"pt-BR\"},{\"@type\":\"Organization\",\"@id\":\"https:\/\/noticiasemdestaque.com\/cd\/#organization\",\"name\":\"Not\u00edcias em Destaque\",\"url\":\"https:\/\/noticiasemdestaque.com\/cd\/\",\"logo\":{\"@type\":\"ImageObject\",\"inLanguage\":\"pt-BR\",\"@id\":\"https:\/\/noticiasemdestaque.com\/cd\/#\/schema\/logo\/image\/\",\"url\":\"https:\/\/noticiasemdestaque.com\/cd\/wp-content\/uploads\/2022\/05\/imagem-base-noticiasemdestaque.png\",\"contentUrl\":\"https:\/\/noticiasemdestaque.com\/cd\/wp-content\/uploads\/2022\/05\/imagem-base-noticiasemdestaque.png\",\"width\":1200,\"height\":630,\"caption\":\"Not\u00edcias em Destaque\"},\"image\":{\"@id\":\"https:\/\/noticiasemdestaque.com\/cd\/#\/schema\/logo\/image\/\"}},{\"@type\":\"Person\",\"@id\":\"https:\/\/noticiasemdestaque.com\/cd\/#\/schema\/person\/21320b03a7e8bb90128938dafc9b908a\",\"name\":\"Not\u00edcias em Destaque\",\"url\":\"https:\/\/noticiasemdestaque.com\/cd\/?author=2\"}]}<\/script>\n<!-- \/ Yoast SEO plugin. -->","yoast_head_json":{"title":"Ricardo anuncia concurso com mil vagas para professor - Not&iacute;cias em Destaque","robots":{"index":"index","follow":"follow","max-snippet":"max-snippet:-1","max-image-preview":"max-image-preview:large","max-video-preview":"max-video-preview:-1"},"canonical":"https:\/\/noticiasemdestaque.com\/cd\/?p=4592","og_locale":"pt_BR","og_type":"article","og_title":"Ricardo anuncia concurso com mil vagas para professor - Not&iacute;cias em Destaque","og_description":"O governador Ricardo Coutinho (PSB) anunciou, nesta segunda-feira (25), a realiza\u00e7\u00e3o de um concurso para o magist\u00e9rio estadual, com mil vagas para o cargo de professor de Educa\u00e7\u00e3o B\u00e1sica 3, distribu\u00eddas em 12 disciplinas. O an\u00fancio feito nas redes sociais do socialista projetou para o dia 5 de outubro a divulga\u00e7\u00e3o do edital do certame. De acordo com Ricardo Coutinho, este ser\u00e1 o terceiro concurso na Educa\u00e7\u00e3o realizado por sua gest\u00e3o no estado. Segundo ele, ser\u00e3o oferecidas 200 vagas para professor de L\u00edngua Portuguesa e 200 para Matem\u00e1tica. Para as disciplinas de Geografia, Hist\u00f3ria, Biologia e Qu\u00edmica ser\u00e3o disponibilizadas 100 vagas, cada, al\u00e9m de 60 vagas para professor F\u00edsica, 40 para L\u00edngua Inglesa e Educa\u00e7\u00e3o F\u00edsica. Completando as vagas do concurso, ainda v\u00e3o ter 20 oportunidades para Sociologia, Filosofia e Artes. As provas dever\u00e3o ser realizadas nos munic\u00edpios sede de cada uma das 14 Ger\u00eancias Regionais de Ensino.","og_url":"https:\/\/noticiasemdestaque.com\/cd\/?p=4592","og_site_name":"Not&iacute;cias em Destaque","article_published_time":"2017-09-25T16:31:41+00:00","og_image":[{"width":640,"height":427,"url":"https:\/\/noticiasemdestaque.com\/cd\/wp-content\/uploads\/2017\/09\/ricardo_nova.jpg","type":"image\/jpeg"}],"author":"Not\u00edcias em Destaque","twitter_card":"summary_large_image","twitter_misc":{"Escrito por":"Not\u00edcias em Destaque","Est. tempo de leitura":"1 minuto"},"schema":{"@context":"https:\/\/schema.org","@graph":[{"@type":"Article","@id":"https:\/\/noticiasemdestaque.com\/cd\/?p=4592#article","isPartOf":{"@id":"https:\/\/noticiasemdestaque.com\/cd\/?p=4592"},"author":{"name":"Not\u00edcias em Destaque","@id":"https:\/\/noticiasemdestaque.com\/cd\/#\/schema\/person\/21320b03a7e8bb90128938dafc9b908a"},"headline":"Ricardo anuncia concurso com mil vagas para professor","datePublished":"2017-09-25T16:31:41+00:00","mainEntityOfPage":{"@id":"https:\/\/noticiasemdestaque.com\/cd\/?p=4592"},"wordCount":169,"publisher":{"@id":"https:\/\/noticiasemdestaque.com\/cd\/#organization"},"image":{"@id":"https:\/\/noticiasemdestaque.com\/cd\/?p=4592#primaryimage"},"thumbnailUrl":"https:\/\/noticiasemdestaque.com\/cd\/wp-content\/uploads\/2017\/09\/ricardo_nova.jpg","articleSection":["Educa\u00e7\u00e3o"],"inLanguage":"pt-BR"},{"@type":"WebPage","@id":"https:\/\/noticiasemdestaque.com\/cd\/?p=4592","url":"https:\/\/noticiasemdestaque.com\/cd\/?p=4592","name":"Ricardo anuncia concurso com mil vagas para professor - Not&iacute;cias em Destaque","isPartOf":{"@id":"https:\/\/noticiasemdestaque.com\/cd\/#website"},"primaryImageOfPage":{"@id":"https:\/\/noticiasemdestaque.com\/cd\/?p=4592#primaryimage"},"image":{"@id":"https:\/\/noticiasemdestaque.com\/cd\/?p=4592#primaryimage"},"thumbnailUrl":"https:\/\/noticiasemdestaque.com\/cd\/wp-content\/uploads\/2017\/09\/ricardo_nova.jpg","datePublished":"2017-09-25T16:31:41+00:00","breadcrumb":{"@id":"https:\/\/noticiasemdestaque.com\/cd\/?p=4592#breadcrumb"},"inLanguage":"pt-BR","potentialAction":[{"@type":"ReadAction","target":["https:\/\/noticiasemdestaque.com\/cd\/?p=4592"]}]},{"@type":"ImageObject","inLanguage":"pt-BR","@id":"https:\/\/noticiasemdestaque.com\/cd\/?p=4592#primaryimage","url":"https:\/\/noticiasemdestaque.com\/cd\/wp-content\/uploads\/2017\/09\/ricardo_nova.jpg","contentUrl":"https:\/\/noticiasemdestaque.com\/cd\/wp-content\/uploads\/2017\/09\/ricardo_nova.jpg","width":640,"height":427},{"@type":"BreadcrumbList","@id":"https:\/\/noticiasemdestaque.com\/cd\/?p=4592#breadcrumb","itemListElement":[{"@type":"ListItem","position":1,"name":"In\u00edcio","item":"https:\/\/noticiasemdestaque.com\/cd\/"},{"@type":"ListItem","position":2,"name":"Ricardo anuncia concurso com mil vagas para professor"}]},{"@type":"WebSite","@id":"https:\/\/noticiasemdestaque.com\/cd\/#website","url":"https:\/\/noticiasemdestaque.com\/cd\/","name":"Not&iacute;cias em Destaque","description":"","publisher":{"@id":"https:\/\/noticiasemdestaque.com\/cd\/#organization"},"potentialAction":[{"@type":"SearchAction","target":{"@type":"EntryPoint","urlTemplate":"https:\/\/noticiasemdestaque.com\/cd\/?s={search_term_string}"},"query-input":{"@type":"PropertyValueSpecification","valueRequired":true,"valueName":"search_term_string"}}],"inLanguage":"pt-BR"},{"@type":"Organization","@id":"https:\/\/noticiasemdestaque.com\/cd\/#organization","name":"Not\u00edcias em Destaque","url":"https:\/\/noticiasemdestaque.com\/cd\/","logo":{"@type":"ImageObject","inLanguage":"pt-BR","@id":"https:\/\/noticiasemdestaque.com\/cd\/#\/schema\/logo\/image\/","url":"https:\/\/noticiasemdestaque.com\/cd\/wp-content\/uploads\/2022\/05\/imagem-base-noticiasemdestaque.png","contentUrl":"https:\/\/noticiasemdestaque.com\/cd\/wp-content\/uploads\/2022\/05\/imagem-base-noticiasemdestaque.png","width":1200,"height":630,"caption":"Not\u00edcias em Destaque"},"image":{"@id":"https:\/\/noticiasemdestaque.com\/cd\/#\/schema\/logo\/image\/"}},{"@type":"Person","@id":"https:\/\/noticiasemdestaque.com\/cd\/#\/schema\/person\/21320b03a7e8bb90128938dafc9b908a","name":"Not\u00edcias em Destaque","url":"https:\/\/noticiasemdestaque.com\/cd\/?author=2"}]}},"jetpack_featured_media_url":"https:\/\/noticiasemdestaque.com\/cd\/wp-content\/uploads\/2017\/09\/ricardo_nova.jpg","jetpack_sharing_enabled":true,"_links":{"self":[{"href":"https:\/\/noticiasemdestaque.com\/cd\/index.php?rest_route=\/wp\/v2\/posts\/4592","targetHints":{"allow":["GET"]}}],"collection":[{"href":"https:\/\/noticiasemdestaque.com\/cd\/index.php?rest_route=\/wp\/v2\/posts"}],"about":[{"href":"https:\/\/noticiasemdestaque.com\/cd\/index.php?rest_route=\/wp\/v2\/types\/post"}],"author":[{"embeddable":true,"href":"https:\/\/noticiasemdestaque.com\/cd\/index.php?rest_route=\/wp\/v2\/users\/2"}],"replies":[{"embeddable":true,"href":"https:\/\/noticiasemdestaque.com\/cd\/index.php?rest_route=%2Fwp%2Fv2%2Fcomments&post=4592"}],"version-history":[{"count":1,"href":"https:\/\/noticiasemdestaque.com\/cd\/index.php?rest_route=\/wp\/v2\/posts\/4592\/revisions"}],"predecessor-version":[{"id":4594,"href":"https:\/\/noticiasemdestaque.com\/cd\/index.php?rest_route=\/wp\/v2\/posts\/4592\/revisions\/4594"}],"wp:featuredmedia":[{"embeddable":true,"href":"https:\/\/noticiasemdestaque.com\/cd\/index.php?rest_route=\/wp\/v2\/media\/4593"}],"wp:attachment":[{"href":"https:\/\/noticiasemdestaque.com\/cd\/index.php?rest_route=%2Fwp%2Fv2%2Fmedia&parent=4592"}],"wp:term":[{"taxonomy":"category","embeddable":true,"href":"https:\/\/noticiasemdestaque.com\/cd\/index.php?rest_route=%2Fwp%2Fv2%2Fcategories&post=4592"},{"taxonomy":"post_tag","embeddable":true,"href":"https:\/\/noticiasemdestaque.com\/cd\/index.php?rest_route=%2Fwp%2Fv2%2Ftags&post=4592"}],"curies":[{"name":"wp","href":"https:\/\/api.w.org\/{rel}","templated":true}]}}