{"id":45844,"date":"2023-01-26T16:38:57","date_gmt":"2023-01-26T19:38:57","guid":{"rendered":"https:\/\/noticiasemdestaque.com\/cd\/?p=45844"},"modified":"2023-01-26T16:38:57","modified_gmt":"2023-01-26T19:38:57","slug":"prefeito-em-exercicio-visita-comunidades-rurais-do-municipio","status":"publish","type":"post","link":"https:\/\/noticiasemdestaque.com\/cd\/?p=45844","title":{"rendered":"Prefeito em exerc\u00edcio visita comunidades rurais do munic\u00edpio"},"content":{"rendered":"<p style=\"font-weight: 400;\"><a href=\"https:\/\/noticiasemdestaque.com\/cd\/wp-content\/uploads\/2023\/01\/prefeito-em-exercicio-visita-comunidades-rurais.jpg\"><img fetchpriority=\"high\" decoding=\"async\" class=\"alignnone  wp-image-45845\" src=\"https:\/\/noticiasemdestaque.com\/cd\/wp-content\/uploads\/2023\/01\/prefeito-em-exercicio-visita-comunidades-rurais-300x225.jpg\" alt=\"\" width=\"959\" height=\"719\" srcset=\"https:\/\/noticiasemdestaque.com\/cd\/wp-content\/uploads\/2023\/01\/prefeito-em-exercicio-visita-comunidades-rurais-300x225.jpg 300w, https:\/\/noticiasemdestaque.com\/cd\/wp-content\/uploads\/2023\/01\/prefeito-em-exercicio-visita-comunidades-rurais-16x12.jpg 16w, https:\/\/noticiasemdestaque.com\/cd\/wp-content\/uploads\/2023\/01\/prefeito-em-exercicio-visita-comunidades-rurais.jpg 591w\" sizes=\"(max-width: 959px) 100vw, 959px\" \/><\/a><br \/>\nDurante essa semana, o prefeito em exerc\u00edcio, Manezinho Louren\u00e7o, visitou as comunidades de Pio X e da Concei\u00e7\u00e3o, na zona rural do munic\u00edpio. Acompanhado do secret\u00e1rio municipal de Educa\u00e7\u00e3o, Bon\u00edlson Tim\u00f3teo, Manezinho inspecionou as atividades desenvolvidas pela Escola de Campo de Pio X, que atualmente trabalha na cria\u00e7\u00e3o de projetos como o Aprisco, cujo objetivo \u00e9 fortalecer as a\u00e7\u00f5es educativas do munic\u00edpio, priorizando aprendizagem dos estudantes, incentivando a agricultura familiar da comunidade.<\/p>\n<p style=\"font-weight: 400;\"><span style=\"font-weight: 400;\"><img decoding=\"async\" class=\"aligncenter\" src=\"https:\/\/blogger.googleusercontent.com\/img\/b\/R29vZ2xl\/AVvXsEhnX63n7r0uBApAWC9hJ5Of82t2MDfIkGa3iLzHlmpawBW-S78U6QOW8MCSID7Yuv9fSJxR2aHY4bZ-5soIRH093sZKfuL4x1r8quqKGSk-yRkHi9ukmI-csDVkuhMtaPLb4fjtsNChliwLOzigsfH9BCR70T7WxjN_4ExM_9fWQADUq03dr3iMm01U\/s320\/IMG-20230126-WA0083.jpg\" \/><\/span><\/p>\n<p style=\"font-weight: 400;\">Ainda sobre a Escola de Campo de Pio X, atualmente, a Secretaria de Educa\u00e7\u00e3o busca o apoio do CDSA\/UFCG para que os professores do Campus, Tiago Ara\u00fajo e Adriana Meira possam disponibilizar os seus conhecimentos em prol do desenvolvimento sustent\u00e1vel da unidade escolar do distrito.<\/p>\n<p style=\"font-weight: 400;\">Tamb\u00e9m no dia 27 de janeiro, j\u00e1 est\u00e1 marcada uma reuni\u00e3o no S\u00edtio Mata, envolvendo os gestores do munic\u00edpio e os produtores de pimenta da localidade. De acordo com o secret\u00e1rio Bon\u00edlson, esse encontro ser\u00e1 importante para ver a possiblidade de firmar parcerias com a escola do distrito.<\/p>\n<p style=\"font-weight: 400;\">O prefeito em exerc\u00edcio Manezinho e o secret\u00e1rio Bon\u00edlson ainda visitaram a obra de reforma e amplia\u00e7\u00e3o da escola Jo\u00e3o de Sousa, no s\u00edtio Concei\u00e7\u00e3o. No local est\u00e3o sendo feitas mais duas salas de aulas, banheiros e refeit\u00f3rio, al\u00e9m da constru\u00e7\u00e3o de uma pra\u00e7a em frente \u00e0 escola que servir\u00e1 \u00e0 comunidade escolar e moradores da regi\u00e3o.<\/p>\n<p style=\"font-weight: 400;\"><strong>Noticias em Destaque<\/strong><\/p>\n<p style=\"font-weight: 400; text-align: right;\"><em>Fonte: Ascom<\/em><\/p>\n","protected":false},"excerpt":{"rendered":"<p>Durante essa semana, o prefeito em exerc\u00edcio, Manezinho Louren\u00e7o, visitou as comunidades de Pio X e da Concei\u00e7\u00e3o, na zona rural do munic\u00edpio. Acompanhado do secret\u00e1rio municipal de Educa\u00e7\u00e3o, Bon\u00edlson Tim\u00f3teo, Manezinho inspecionou as atividades desenvolvidas pela Escola de Campo de Pio X, que atualmente trabalha na cria\u00e7\u00e3o de projetos como o Aprisco, cujo objetivo \u00e9 fortalecer as a\u00e7\u00f5es educativas do munic\u00edpio, priorizando aprendizagem dos estudantes, incentivando a agricultura familiar da comunidade. Ainda sobre a Escola de Campo de Pio X, atualmente, a Secretaria de Educa\u00e7\u00e3o busca o apoio do CDSA\/UFCG para que os professores do Campus, Tiago Ara\u00fajo e Adriana Meira possam disponibilizar os seus conhecimentos em prol do desenvolvimento sustent\u00e1vel da unidade escolar do distrito. Tamb\u00e9m no dia 27 de janeiro, j\u00e1 est\u00e1 marcada uma reuni\u00e3o no S\u00edtio Mata, envolvendo os gestores do munic\u00edpio e os produtores de pimenta da localidade. De acordo com o secret\u00e1rio Bon\u00edlson, esse encontro ser\u00e1 importante para ver a possiblidade de firmar parcerias com a escola do distrito. O prefeito em exerc\u00edcio Manezinho e o secret\u00e1rio Bon\u00edlson ainda visitaram a obra de reforma e amplia\u00e7\u00e3o da escola Jo\u00e3o de Sousa, no s\u00edtio Concei\u00e7\u00e3o. No local est\u00e3o sendo feitas mais duas salas de aulas, banheiros e refeit\u00f3rio, al\u00e9m da constru\u00e7\u00e3o de uma pra\u00e7a em frente \u00e0 escola que servir\u00e1 \u00e0 comunidade escolar e moradores da regi\u00e3o. Noticias em Destaque Fonte: Ascom<\/p>\n","protected":false},"author":2,"featured_media":45845,"comment_status":"closed","ping_status":"open","sticky":false,"template":"","format":"standard","meta":{"_eb_attr":"","_jetpack_memberships_contains_paid_content":false,"footnotes":""},"categories":[3],"tags":[],"class_list":["post-45844","post","type-post","status-publish","format-standard","has-post-thumbnail","hentry","category-cidades"],"yoast_head":"<!-- This site is optimized with the Yoast SEO plugin v26.5 - https:\/\/yoast.com\/wordpress\/plugins\/seo\/ -->\n<title>Prefeito em exerc\u00edcio visita comunidades rurais do munic\u00edpio - Not&iacute;cias em Destaque<\/title>\n<meta name=\"robots\" content=\"index, follow, max-snippet:-1, max-image-preview:large, max-video-preview:-1\" \/>\n<link rel=\"canonical\" href=\"https:\/\/noticiasemdestaque.com\/cd\/?p=45844\" \/>\n<meta property=\"og:locale\" content=\"pt_BR\" \/>\n<meta property=\"og:type\" content=\"article\" \/>\n<meta property=\"og:title\" content=\"Prefeito em exerc\u00edcio visita comunidades rurais do munic\u00edpio - Not&iacute;cias em Destaque\" \/>\n<meta property=\"og:description\" content=\"Durante essa semana, o prefeito em exerc\u00edcio, Manezinho Louren\u00e7o, visitou as comunidades de Pio X e da Concei\u00e7\u00e3o, na zona rural do munic\u00edpio. Acompanhado do secret\u00e1rio municipal de Educa\u00e7\u00e3o, Bon\u00edlson Tim\u00f3teo, Manezinho inspecionou as atividades desenvolvidas pela Escola de Campo de Pio X, que atualmente trabalha na cria\u00e7\u00e3o de projetos como o Aprisco, cujo objetivo \u00e9 fortalecer as a\u00e7\u00f5es educativas do munic\u00edpio, priorizando aprendizagem dos estudantes, incentivando a agricultura familiar da comunidade. Ainda sobre a Escola de Campo de Pio X, atualmente, a Secretaria de Educa\u00e7\u00e3o busca o apoio do CDSA\/UFCG para que os professores do Campus, Tiago Ara\u00fajo e Adriana Meira possam disponibilizar os seus conhecimentos em prol do desenvolvimento sustent\u00e1vel da unidade escolar do distrito. Tamb\u00e9m no dia 27 de janeiro, j\u00e1 est\u00e1 marcada uma reuni\u00e3o no S\u00edtio Mata, envolvendo os gestores do munic\u00edpio e os produtores de pimenta da localidade. De acordo com o secret\u00e1rio Bon\u00edlson, esse encontro ser\u00e1 importante para ver a possiblidade de firmar parcerias com a escola do distrito. O prefeito em exerc\u00edcio Manezinho e o secret\u00e1rio Bon\u00edlson ainda visitaram a obra de reforma e amplia\u00e7\u00e3o da escola Jo\u00e3o de Sousa, no s\u00edtio Concei\u00e7\u00e3o. No local est\u00e3o sendo feitas mais duas salas de aulas, banheiros e refeit\u00f3rio, al\u00e9m da constru\u00e7\u00e3o de uma pra\u00e7a em frente \u00e0 escola que servir\u00e1 \u00e0 comunidade escolar e moradores da regi\u00e3o. Noticias em Destaque Fonte: Ascom\" \/>\n<meta property=\"og:url\" content=\"https:\/\/noticiasemdestaque.com\/cd\/?p=45844\" \/>\n<meta property=\"og:site_name\" content=\"Not&iacute;cias em Destaque\" \/>\n<meta property=\"article:published_time\" content=\"2023-01-26T19:38:57+00:00\" \/>\n<meta property=\"og:image\" content=\"https:\/\/noticiasemdestaque.com\/cd\/wp-content\/uploads\/2023\/01\/prefeito-em-exercicio-visita-comunidades-rurais.jpg\" \/>\n\t<meta property=\"og:image:width\" content=\"591\" \/>\n\t<meta property=\"og:image:height\" content=\"443\" \/>\n\t<meta property=\"og:image:type\" content=\"image\/jpeg\" \/>\n<meta name=\"author\" content=\"Not\u00edcias em Destaque\" \/>\n<meta name=\"twitter:card\" content=\"summary_large_image\" \/>\n<meta name=\"twitter:label1\" content=\"Escrito por\" \/>\n\t<meta name=\"twitter:data1\" content=\"Not\u00edcias em Destaque\" \/>\n\t<meta name=\"twitter:label2\" content=\"Est. tempo de leitura\" \/>\n\t<meta name=\"twitter:data2\" content=\"2 minutos\" \/>\n<script type=\"application\/ld+json\" class=\"yoast-schema-graph\">{\"@context\":\"https:\/\/schema.org\",\"@graph\":[{\"@type\":\"Article\",\"@id\":\"https:\/\/noticiasemdestaque.com\/cd\/?p=45844#article\",\"isPartOf\":{\"@id\":\"https:\/\/noticiasemdestaque.com\/cd\/?p=45844\"},\"author\":{\"name\":\"Not\u00edcias em Destaque\",\"@id\":\"https:\/\/noticiasemdestaque.com\/cd\/#\/schema\/person\/47f7d4f55eec17c6b2ca036c5500f6ce\"},\"headline\":\"Prefeito em exerc\u00edcio visita comunidades rurais do munic\u00edpio\",\"datePublished\":\"2023-01-26T19:38:57+00:00\",\"mainEntityOfPage\":{\"@id\":\"https:\/\/noticiasemdestaque.com\/cd\/?p=45844\"},\"wordCount\":267,\"publisher\":{\"@id\":\"https:\/\/noticiasemdestaque.com\/cd\/#organization\"},\"image\":{\"@id\":\"https:\/\/noticiasemdestaque.com\/cd\/?p=45844#primaryimage\"},\"thumbnailUrl\":\"https:\/\/noticiasemdestaque.com\/cd\/wp-content\/uploads\/2023\/01\/prefeito-em-exercicio-visita-comunidades-rurais.jpg\",\"articleSection\":[\"Cidades\"],\"inLanguage\":\"pt-BR\"},{\"@type\":\"WebPage\",\"@id\":\"https:\/\/noticiasemdestaque.com\/cd\/?p=45844\",\"url\":\"https:\/\/noticiasemdestaque.com\/cd\/?p=45844\",\"name\":\"Prefeito em exerc\u00edcio visita comunidades rurais do munic\u00edpio - Not&iacute;cias em Destaque\",\"isPartOf\":{\"@id\":\"https:\/\/noticiasemdestaque.com\/cd\/#website\"},\"primaryImageOfPage\":{\"@id\":\"https:\/\/noticiasemdestaque.com\/cd\/?p=45844#primaryimage\"},\"image\":{\"@id\":\"https:\/\/noticiasemdestaque.com\/cd\/?p=45844#primaryimage\"},\"thumbnailUrl\":\"https:\/\/noticiasemdestaque.com\/cd\/wp-content\/uploads\/2023\/01\/prefeito-em-exercicio-visita-comunidades-rurais.jpg\",\"datePublished\":\"2023-01-26T19:38:57+00:00\",\"breadcrumb\":{\"@id\":\"https:\/\/noticiasemdestaque.com\/cd\/?p=45844#breadcrumb\"},\"inLanguage\":\"pt-BR\",\"potentialAction\":[{\"@type\":\"ReadAction\",\"target\":[\"https:\/\/noticiasemdestaque.com\/cd\/?p=45844\"]}]},{\"@type\":\"ImageObject\",\"inLanguage\":\"pt-BR\",\"@id\":\"https:\/\/noticiasemdestaque.com\/cd\/?p=45844#primaryimage\",\"url\":\"https:\/\/noticiasemdestaque.com\/cd\/wp-content\/uploads\/2023\/01\/prefeito-em-exercicio-visita-comunidades-rurais.jpg\",\"contentUrl\":\"https:\/\/noticiasemdestaque.com\/cd\/wp-content\/uploads\/2023\/01\/prefeito-em-exercicio-visita-comunidades-rurais.jpg\",\"width\":591,\"height\":443},{\"@type\":\"BreadcrumbList\",\"@id\":\"https:\/\/noticiasemdestaque.com\/cd\/?p=45844#breadcrumb\",\"itemListElement\":[{\"@type\":\"ListItem\",\"position\":1,\"name\":\"In\u00edcio\",\"item\":\"https:\/\/noticiasemdestaque.com\/cd\/\"},{\"@type\":\"ListItem\",\"position\":2,\"name\":\"Prefeito em exerc\u00edcio visita comunidades rurais do munic\u00edpio\"}]},{\"@type\":\"WebSite\",\"@id\":\"https:\/\/noticiasemdestaque.com\/cd\/#website\",\"url\":\"https:\/\/noticiasemdestaque.com\/cd\/\",\"name\":\"Not&iacute;cias em Destaque\",\"description\":\"\",\"publisher\":{\"@id\":\"https:\/\/noticiasemdestaque.com\/cd\/#organization\"},\"potentialAction\":[{\"@type\":\"SearchAction\",\"target\":{\"@type\":\"EntryPoint\",\"urlTemplate\":\"https:\/\/noticiasemdestaque.com\/cd\/?s={search_term_string}\"},\"query-input\":{\"@type\":\"PropertyValueSpecification\",\"valueRequired\":true,\"valueName\":\"search_term_string\"}}],\"inLanguage\":\"pt-BR\"},{\"@type\":\"Organization\",\"@id\":\"https:\/\/noticiasemdestaque.com\/cd\/#organization\",\"name\":\"Not\u00edcias em Destaque\",\"url\":\"https:\/\/noticiasemdestaque.com\/cd\/\",\"logo\":{\"@type\":\"ImageObject\",\"inLanguage\":\"pt-BR\",\"@id\":\"https:\/\/noticiasemdestaque.com\/cd\/#\/schema\/logo\/image\/\",\"url\":\"https:\/\/noticiasemdestaque.com\/cd\/wp-content\/uploads\/2022\/05\/imagem-base-noticiasemdestaque.png\",\"contentUrl\":\"https:\/\/noticiasemdestaque.com\/cd\/wp-content\/uploads\/2022\/05\/imagem-base-noticiasemdestaque.png\",\"width\":1200,\"height\":630,\"caption\":\"Not\u00edcias em Destaque\"},\"image\":{\"@id\":\"https:\/\/noticiasemdestaque.com\/cd\/#\/schema\/logo\/image\/\"}},{\"@type\":\"Person\",\"@id\":\"https:\/\/noticiasemdestaque.com\/cd\/#\/schema\/person\/47f7d4f55eec17c6b2ca036c5500f6ce\",\"name\":\"Not\u00edcias em Destaque\",\"url\":\"https:\/\/noticiasemdestaque.com\/cd\/?author=2\"}]}<\/script>\n<!-- \/ Yoast SEO plugin. -->","yoast_head_json":{"title":"Prefeito em exerc\u00edcio visita comunidades rurais do munic\u00edpio - Not&iacute;cias em Destaque","robots":{"index":"index","follow":"follow","max-snippet":"max-snippet:-1","max-image-preview":"max-image-preview:large","max-video-preview":"max-video-preview:-1"},"canonical":"https:\/\/noticiasemdestaque.com\/cd\/?p=45844","og_locale":"pt_BR","og_type":"article","og_title":"Prefeito em exerc\u00edcio visita comunidades rurais do munic\u00edpio - Not&iacute;cias em Destaque","og_description":"Durante essa semana, o prefeito em exerc\u00edcio, Manezinho Louren\u00e7o, visitou as comunidades de Pio X e da Concei\u00e7\u00e3o, na zona rural do munic\u00edpio. Acompanhado do secret\u00e1rio municipal de Educa\u00e7\u00e3o, Bon\u00edlson Tim\u00f3teo, Manezinho inspecionou as atividades desenvolvidas pela Escola de Campo de Pio X, que atualmente trabalha na cria\u00e7\u00e3o de projetos como o Aprisco, cujo objetivo \u00e9 fortalecer as a\u00e7\u00f5es educativas do munic\u00edpio, priorizando aprendizagem dos estudantes, incentivando a agricultura familiar da comunidade. Ainda sobre a Escola de Campo de Pio X, atualmente, a Secretaria de Educa\u00e7\u00e3o busca o apoio do CDSA\/UFCG para que os professores do Campus, Tiago Ara\u00fajo e Adriana Meira possam disponibilizar os seus conhecimentos em prol do desenvolvimento sustent\u00e1vel da unidade escolar do distrito. Tamb\u00e9m no dia 27 de janeiro, j\u00e1 est\u00e1 marcada uma reuni\u00e3o no S\u00edtio Mata, envolvendo os gestores do munic\u00edpio e os produtores de pimenta da localidade. De acordo com o secret\u00e1rio Bon\u00edlson, esse encontro ser\u00e1 importante para ver a possiblidade de firmar parcerias com a escola do distrito. O prefeito em exerc\u00edcio Manezinho e o secret\u00e1rio Bon\u00edlson ainda visitaram a obra de reforma e amplia\u00e7\u00e3o da escola Jo\u00e3o de Sousa, no s\u00edtio Concei\u00e7\u00e3o. No local est\u00e3o sendo feitas mais duas salas de aulas, banheiros e refeit\u00f3rio, al\u00e9m da constru\u00e7\u00e3o de uma pra\u00e7a em frente \u00e0 escola que servir\u00e1 \u00e0 comunidade escolar e moradores da regi\u00e3o. Noticias em Destaque Fonte: Ascom","og_url":"https:\/\/noticiasemdestaque.com\/cd\/?p=45844","og_site_name":"Not&iacute;cias em Destaque","article_published_time":"2023-01-26T19:38:57+00:00","og_image":[{"width":591,"height":443,"url":"https:\/\/noticiasemdestaque.com\/cd\/wp-content\/uploads\/2023\/01\/prefeito-em-exercicio-visita-comunidades-rurais.jpg","type":"image\/jpeg"}],"author":"Not\u00edcias em Destaque","twitter_card":"summary_large_image","twitter_misc":{"Escrito por":"Not\u00edcias em Destaque","Est. tempo de leitura":"2 minutos"},"schema":{"@context":"https:\/\/schema.org","@graph":[{"@type":"Article","@id":"https:\/\/noticiasemdestaque.com\/cd\/?p=45844#article","isPartOf":{"@id":"https:\/\/noticiasemdestaque.com\/cd\/?p=45844"},"author":{"name":"Not\u00edcias em Destaque","@id":"https:\/\/noticiasemdestaque.com\/cd\/#\/schema\/person\/47f7d4f55eec17c6b2ca036c5500f6ce"},"headline":"Prefeito em exerc\u00edcio visita comunidades rurais do munic\u00edpio","datePublished":"2023-01-26T19:38:57+00:00","mainEntityOfPage":{"@id":"https:\/\/noticiasemdestaque.com\/cd\/?p=45844"},"wordCount":267,"publisher":{"@id":"https:\/\/noticiasemdestaque.com\/cd\/#organization"},"image":{"@id":"https:\/\/noticiasemdestaque.com\/cd\/?p=45844#primaryimage"},"thumbnailUrl":"https:\/\/noticiasemdestaque.com\/cd\/wp-content\/uploads\/2023\/01\/prefeito-em-exercicio-visita-comunidades-rurais.jpg","articleSection":["Cidades"],"inLanguage":"pt-BR"},{"@type":"WebPage","@id":"https:\/\/noticiasemdestaque.com\/cd\/?p=45844","url":"https:\/\/noticiasemdestaque.com\/cd\/?p=45844","name":"Prefeito em exerc\u00edcio visita comunidades rurais do munic\u00edpio - Not&iacute;cias em Destaque","isPartOf":{"@id":"https:\/\/noticiasemdestaque.com\/cd\/#website"},"primaryImageOfPage":{"@id":"https:\/\/noticiasemdestaque.com\/cd\/?p=45844#primaryimage"},"image":{"@id":"https:\/\/noticiasemdestaque.com\/cd\/?p=45844#primaryimage"},"thumbnailUrl":"https:\/\/noticiasemdestaque.com\/cd\/wp-content\/uploads\/2023\/01\/prefeito-em-exercicio-visita-comunidades-rurais.jpg","datePublished":"2023-01-26T19:38:57+00:00","breadcrumb":{"@id":"https:\/\/noticiasemdestaque.com\/cd\/?p=45844#breadcrumb"},"inLanguage":"pt-BR","potentialAction":[{"@type":"ReadAction","target":["https:\/\/noticiasemdestaque.com\/cd\/?p=45844"]}]},{"@type":"ImageObject","inLanguage":"pt-BR","@id":"https:\/\/noticiasemdestaque.com\/cd\/?p=45844#primaryimage","url":"https:\/\/noticiasemdestaque.com\/cd\/wp-content\/uploads\/2023\/01\/prefeito-em-exercicio-visita-comunidades-rurais.jpg","contentUrl":"https:\/\/noticiasemdestaque.com\/cd\/wp-content\/uploads\/2023\/01\/prefeito-em-exercicio-visita-comunidades-rurais.jpg","width":591,"height":443},{"@type":"BreadcrumbList","@id":"https:\/\/noticiasemdestaque.com\/cd\/?p=45844#breadcrumb","itemListElement":[{"@type":"ListItem","position":1,"name":"In\u00edcio","item":"https:\/\/noticiasemdestaque.com\/cd\/"},{"@type":"ListItem","position":2,"name":"Prefeito em exerc\u00edcio visita comunidades rurais do munic\u00edpio"}]},{"@type":"WebSite","@id":"https:\/\/noticiasemdestaque.com\/cd\/#website","url":"https:\/\/noticiasemdestaque.com\/cd\/","name":"Not&iacute;cias em Destaque","description":"","publisher":{"@id":"https:\/\/noticiasemdestaque.com\/cd\/#organization"},"potentialAction":[{"@type":"SearchAction","target":{"@type":"EntryPoint","urlTemplate":"https:\/\/noticiasemdestaque.com\/cd\/?s={search_term_string}"},"query-input":{"@type":"PropertyValueSpecification","valueRequired":true,"valueName":"search_term_string"}}],"inLanguage":"pt-BR"},{"@type":"Organization","@id":"https:\/\/noticiasemdestaque.com\/cd\/#organization","name":"Not\u00edcias em Destaque","url":"https:\/\/noticiasemdestaque.com\/cd\/","logo":{"@type":"ImageObject","inLanguage":"pt-BR","@id":"https:\/\/noticiasemdestaque.com\/cd\/#\/schema\/logo\/image\/","url":"https:\/\/noticiasemdestaque.com\/cd\/wp-content\/uploads\/2022\/05\/imagem-base-noticiasemdestaque.png","contentUrl":"https:\/\/noticiasemdestaque.com\/cd\/wp-content\/uploads\/2022\/05\/imagem-base-noticiasemdestaque.png","width":1200,"height":630,"caption":"Not\u00edcias em Destaque"},"image":{"@id":"https:\/\/noticiasemdestaque.com\/cd\/#\/schema\/logo\/image\/"}},{"@type":"Person","@id":"https:\/\/noticiasemdestaque.com\/cd\/#\/schema\/person\/47f7d4f55eec17c6b2ca036c5500f6ce","name":"Not\u00edcias em Destaque","url":"https:\/\/noticiasemdestaque.com\/cd\/?author=2"}]}},"jetpack_featured_media_url":"https:\/\/noticiasemdestaque.com\/cd\/wp-content\/uploads\/2023\/01\/prefeito-em-exercicio-visita-comunidades-rurais.jpg","jetpack_sharing_enabled":true,"_links":{"self":[{"href":"https:\/\/noticiasemdestaque.com\/cd\/index.php?rest_route=\/wp\/v2\/posts\/45844","targetHints":{"allow":["GET"]}}],"collection":[{"href":"https:\/\/noticiasemdestaque.com\/cd\/index.php?rest_route=\/wp\/v2\/posts"}],"about":[{"href":"https:\/\/noticiasemdestaque.com\/cd\/index.php?rest_route=\/wp\/v2\/types\/post"}],"author":[{"embeddable":true,"href":"https:\/\/noticiasemdestaque.com\/cd\/index.php?rest_route=\/wp\/v2\/users\/2"}],"replies":[{"embeddable":true,"href":"https:\/\/noticiasemdestaque.com\/cd\/index.php?rest_route=%2Fwp%2Fv2%2Fcomments&post=45844"}],"version-history":[{"count":1,"href":"https:\/\/noticiasemdestaque.com\/cd\/index.php?rest_route=\/wp\/v2\/posts\/45844\/revisions"}],"predecessor-version":[{"id":45846,"href":"https:\/\/noticiasemdestaque.com\/cd\/index.php?rest_route=\/wp\/v2\/posts\/45844\/revisions\/45846"}],"wp:featuredmedia":[{"embeddable":true,"href":"https:\/\/noticiasemdestaque.com\/cd\/index.php?rest_route=\/wp\/v2\/media\/45845"}],"wp:attachment":[{"href":"https:\/\/noticiasemdestaque.com\/cd\/index.php?rest_route=%2Fwp%2Fv2%2Fmedia&parent=45844"}],"wp:term":[{"taxonomy":"category","embeddable":true,"href":"https:\/\/noticiasemdestaque.com\/cd\/index.php?rest_route=%2Fwp%2Fv2%2Fcategories&post=45844"},{"taxonomy":"post_tag","embeddable":true,"href":"https:\/\/noticiasemdestaque.com\/cd\/index.php?rest_route=%2Fwp%2Fv2%2Ftags&post=45844"}],"curies":[{"name":"wp","href":"https:\/\/api.w.org\/{rel}","templated":true}]}}