{"id":4583,"date":"2017-09-23T13:35:35","date_gmt":"2017-09-23T16:35:35","guid":{"rendered":"http:\/\/caririemdestaque.com\/cd\/?p=4583"},"modified":"2017-09-23T13:36:32","modified_gmt":"2017-09-23T16:36:32","slug":"brasileiras-usam-a-pilula-de-forma-errada-e-dispensam-camisinha-diz-estudo","status":"publish","type":"post","link":"https:\/\/noticiasemdestaque.com\/cd\/?p=4583","title":{"rendered":"Brasileiras usam a p\u00edlula de forma errada e dispensam camisinha, diz estudo"},"content":{"rendered":"<p><a href=\"http:\/\/caririemdestaque.com\/cd\/wp-content\/uploads\/2017\/09\/pilula-300x199.jpg\"><img fetchpriority=\"high\" decoding=\"async\" class=\"wp-image-4584 size-medium alignleft\" src=\"http:\/\/caririemdestaque.com\/cd\/wp-content\/uploads\/2017\/09\/pilula-300x199-300x199.jpg\" alt=\"\" width=\"300\" height=\"199\" \/><\/a>Confus\u00f5es na hora de tomar a p\u00edlula anticoncepcional s\u00e3o bastante comuns entre as mulheres. Assim como n\u00f3s, talvez voc\u00ea j\u00e1 tenha esquecido a p\u00edlula por algumas horas ou at\u00e9 por um dia inteiro e ficou desesperada para descobrir o que fazer para reparar o problema. Por\u00e9m, uma pesquisa realizada pela Bayer, em nove pa\u00edses, junto com a Universidade Federal de S\u00e3o Paulo, mostrou que isso \u00e9 ainda mais comum entre as brasileiras.<\/p>\n<p>No Brasil, 58% delas esquecem a p\u00edlula pelo menos uma vez por m\u00eas, contra 39% da m\u00e9dia mundial. A pesquisa foi feita com 4.500 mulheres, entre 21 e 29 anos. Al\u00e9m disso, mais da metade delas afirmou tomar a p\u00edlula em hor\u00e1rios diferentes todos os dias e 40% delas n\u00e3o v\u00ea necessidade de utiliz\u00e1-la sempre no mesmo hor\u00e1rio.<\/p>\n<p>Outra constata\u00e7\u00e3o da pesquisa foi a de que as mulheres que n\u00e3o tomavam a p\u00edlula sempre no mesmo hor\u00e1rio tinham mais chances de esquecer o comprimido daquele dia. As brasileiras tamb\u00e9m s\u00e3o as que menos combinam a p\u00edlula com o uso da camisinha. Para voc\u00ea ter uma no\u00e7\u00e3o, 29% das americanas usam os dois m\u00e9todos juntos, enquanto que apenas 6% das mulheres mant\u00eam esse h\u00e1bito, ficando atr\u00e1s apenas das irlandesas, onde o \u00edndice \u00e9 de 5%.<\/p>\n<p>Fonte: Minha Vida<\/p>\n","protected":false},"excerpt":{"rendered":"<p>Confus\u00f5es na hora de tomar a p\u00edlula anticoncepcional s\u00e3o bastante comuns entre as mulheres. Assim como n\u00f3s, talvez voc\u00ea j\u00e1 tenha esquecido a p\u00edlula por algumas horas ou at\u00e9 por um dia inteiro e ficou desesperada para descobrir o que fazer para reparar o problema. Por\u00e9m, uma pesquisa realizada pela Bayer, em nove pa\u00edses, junto com a Universidade Federal de S\u00e3o Paulo, mostrou que isso \u00e9 ainda mais comum entre as brasileiras. No Brasil, 58% delas esquecem a p\u00edlula pelo menos uma vez por m\u00eas, contra 39% da m\u00e9dia mundial. A pesquisa foi feita com 4.500 mulheres, entre 21 e 29 anos. Al\u00e9m disso, mais da metade delas afirmou tomar a p\u00edlula em hor\u00e1rios diferentes todos os dias e 40% delas n\u00e3o v\u00ea necessidade de utiliz\u00e1-la sempre no mesmo hor\u00e1rio. Outra constata\u00e7\u00e3o da pesquisa foi a de que as mulheres que n\u00e3o tomavam a p\u00edlula sempre no mesmo hor\u00e1rio tinham mais chances de esquecer o comprimido daquele dia. As brasileiras tamb\u00e9m s\u00e3o as que menos combinam a p\u00edlula com o uso da camisinha. Para voc\u00ea ter uma no\u00e7\u00e3o, 29% das americanas usam os dois m\u00e9todos juntos, enquanto que apenas 6% das mulheres mant\u00eam esse h\u00e1bito, ficando atr\u00e1s apenas das irlandesas, onde o \u00edndice \u00e9 de 5%. Fonte: Minha Vida<\/p>\n","protected":false},"author":2,"featured_media":4586,"comment_status":"closed","ping_status":"open","sticky":false,"template":"","format":"standard","meta":{"_eb_attr":"","_jetpack_memberships_contains_paid_content":false,"footnotes":""},"categories":[8],"tags":[],"class_list":["post-4583","post","type-post","status-publish","format-standard","has-post-thumbnail","hentry","category-saude"],"yoast_head":"<!-- This site is optimized with the Yoast SEO plugin v26.5 - https:\/\/yoast.com\/wordpress\/plugins\/seo\/ -->\n<title>Brasileiras usam a p\u00edlula de forma errada e dispensam camisinha, diz estudo - Not&iacute;cias em Destaque<\/title>\n<meta name=\"robots\" content=\"index, follow, max-snippet:-1, max-image-preview:large, max-video-preview:-1\" \/>\n<link rel=\"canonical\" href=\"https:\/\/noticiasemdestaque.com\/cd\/?p=4583\" \/>\n<meta property=\"og:locale\" content=\"pt_BR\" \/>\n<meta property=\"og:type\" content=\"article\" \/>\n<meta property=\"og:title\" content=\"Brasileiras usam a p\u00edlula de forma errada e dispensam camisinha, diz estudo - Not&iacute;cias em Destaque\" \/>\n<meta property=\"og:description\" content=\"Confus\u00f5es na hora de tomar a p\u00edlula anticoncepcional s\u00e3o bastante comuns entre as mulheres. Assim como n\u00f3s, talvez voc\u00ea j\u00e1 tenha esquecido a p\u00edlula por algumas horas ou at\u00e9 por um dia inteiro e ficou desesperada para descobrir o que fazer para reparar o problema. Por\u00e9m, uma pesquisa realizada pela Bayer, em nove pa\u00edses, junto com a Universidade Federal de S\u00e3o Paulo, mostrou que isso \u00e9 ainda mais comum entre as brasileiras. No Brasil, 58% delas esquecem a p\u00edlula pelo menos uma vez por m\u00eas, contra 39% da m\u00e9dia mundial. A pesquisa foi feita com 4.500 mulheres, entre 21 e 29 anos. Al\u00e9m disso, mais da metade delas afirmou tomar a p\u00edlula em hor\u00e1rios diferentes todos os dias e 40% delas n\u00e3o v\u00ea necessidade de utiliz\u00e1-la sempre no mesmo hor\u00e1rio. Outra constata\u00e7\u00e3o da pesquisa foi a de que as mulheres que n\u00e3o tomavam a p\u00edlula sempre no mesmo hor\u00e1rio tinham mais chances de esquecer o comprimido daquele dia. As brasileiras tamb\u00e9m s\u00e3o as que menos combinam a p\u00edlula com o uso da camisinha. Para voc\u00ea ter uma no\u00e7\u00e3o, 29% das americanas usam os dois m\u00e9todos juntos, enquanto que apenas 6% das mulheres mant\u00eam esse h\u00e1bito, ficando atr\u00e1s apenas das irlandesas, onde o \u00edndice \u00e9 de 5%. Fonte: Minha Vida\" \/>\n<meta property=\"og:url\" content=\"https:\/\/noticiasemdestaque.com\/cd\/?p=4583\" \/>\n<meta property=\"og:site_name\" content=\"Not&iacute;cias em Destaque\" \/>\n<meta property=\"article:published_time\" content=\"2017-09-23T16:35:35+00:00\" \/>\n<meta property=\"article:modified_time\" content=\"2017-09-23T16:36:32+00:00\" \/>\n<meta property=\"og:image\" content=\"https:\/\/noticiasemdestaque.com\/cd\/wp-content\/uploads\/2017\/09\/138.jpg\" \/>\n\t<meta property=\"og:image:width\" content=\"786\" \/>\n\t<meta property=\"og:image:height\" content=\"550\" \/>\n\t<meta property=\"og:image:type\" content=\"image\/jpeg\" \/>\n<meta name=\"author\" content=\"Not\u00edcias em Destaque\" \/>\n<meta name=\"twitter:card\" content=\"summary_large_image\" \/>\n<meta name=\"twitter:label1\" content=\"Escrito por\" \/>\n\t<meta name=\"twitter:data1\" content=\"Not\u00edcias em Destaque\" \/>\n\t<meta name=\"twitter:label2\" content=\"Est. tempo de leitura\" \/>\n\t<meta name=\"twitter:data2\" content=\"1 minuto\" \/>\n<script type=\"application\/ld+json\" class=\"yoast-schema-graph\">{\"@context\":\"https:\/\/schema.org\",\"@graph\":[{\"@type\":\"Article\",\"@id\":\"https:\/\/noticiasemdestaque.com\/cd\/?p=4583#article\",\"isPartOf\":{\"@id\":\"https:\/\/noticiasemdestaque.com\/cd\/?p=4583\"},\"author\":{\"name\":\"Not\u00edcias em Destaque\",\"@id\":\"https:\/\/noticiasemdestaque.com\/cd\/#\/schema\/person\/21320b03a7e8bb90128938dafc9b908a\"},\"headline\":\"Brasileiras usam a p\u00edlula de forma errada e dispensam camisinha, diz estudo\",\"datePublished\":\"2017-09-23T16:35:35+00:00\",\"dateModified\":\"2017-09-23T16:36:32+00:00\",\"mainEntityOfPage\":{\"@id\":\"https:\/\/noticiasemdestaque.com\/cd\/?p=4583\"},\"wordCount\":240,\"publisher\":{\"@id\":\"https:\/\/noticiasemdestaque.com\/cd\/#organization\"},\"image\":{\"@id\":\"https:\/\/noticiasemdestaque.com\/cd\/?p=4583#primaryimage\"},\"thumbnailUrl\":\"https:\/\/noticiasemdestaque.com\/cd\/wp-content\/uploads\/2017\/09\/138.jpg\",\"articleSection\":[\"Sa\u00fade\"],\"inLanguage\":\"pt-BR\"},{\"@type\":\"WebPage\",\"@id\":\"https:\/\/noticiasemdestaque.com\/cd\/?p=4583\",\"url\":\"https:\/\/noticiasemdestaque.com\/cd\/?p=4583\",\"name\":\"Brasileiras usam a p\u00edlula de forma errada e dispensam camisinha, diz estudo - Not&iacute;cias em Destaque\",\"isPartOf\":{\"@id\":\"https:\/\/noticiasemdestaque.com\/cd\/#website\"},\"primaryImageOfPage\":{\"@id\":\"https:\/\/noticiasemdestaque.com\/cd\/?p=4583#primaryimage\"},\"image\":{\"@id\":\"https:\/\/noticiasemdestaque.com\/cd\/?p=4583#primaryimage\"},\"thumbnailUrl\":\"https:\/\/noticiasemdestaque.com\/cd\/wp-content\/uploads\/2017\/09\/138.jpg\",\"datePublished\":\"2017-09-23T16:35:35+00:00\",\"dateModified\":\"2017-09-23T16:36:32+00:00\",\"breadcrumb\":{\"@id\":\"https:\/\/noticiasemdestaque.com\/cd\/?p=4583#breadcrumb\"},\"inLanguage\":\"pt-BR\",\"potentialAction\":[{\"@type\":\"ReadAction\",\"target\":[\"https:\/\/noticiasemdestaque.com\/cd\/?p=4583\"]}]},{\"@type\":\"ImageObject\",\"inLanguage\":\"pt-BR\",\"@id\":\"https:\/\/noticiasemdestaque.com\/cd\/?p=4583#primaryimage\",\"url\":\"https:\/\/noticiasemdestaque.com\/cd\/wp-content\/uploads\/2017\/09\/138.jpg\",\"contentUrl\":\"https:\/\/noticiasemdestaque.com\/cd\/wp-content\/uploads\/2017\/09\/138.jpg\",\"width\":786,\"height\":550},{\"@type\":\"BreadcrumbList\",\"@id\":\"https:\/\/noticiasemdestaque.com\/cd\/?p=4583#breadcrumb\",\"itemListElement\":[{\"@type\":\"ListItem\",\"position\":1,\"name\":\"In\u00edcio\",\"item\":\"https:\/\/noticiasemdestaque.com\/cd\/\"},{\"@type\":\"ListItem\",\"position\":2,\"name\":\"Brasileiras usam a p\u00edlula de forma errada e dispensam camisinha, diz estudo\"}]},{\"@type\":\"WebSite\",\"@id\":\"https:\/\/noticiasemdestaque.com\/cd\/#website\",\"url\":\"https:\/\/noticiasemdestaque.com\/cd\/\",\"name\":\"Not&iacute;cias em Destaque\",\"description\":\"\",\"publisher\":{\"@id\":\"https:\/\/noticiasemdestaque.com\/cd\/#organization\"},\"potentialAction\":[{\"@type\":\"SearchAction\",\"target\":{\"@type\":\"EntryPoint\",\"urlTemplate\":\"https:\/\/noticiasemdestaque.com\/cd\/?s={search_term_string}\"},\"query-input\":{\"@type\":\"PropertyValueSpecification\",\"valueRequired\":true,\"valueName\":\"search_term_string\"}}],\"inLanguage\":\"pt-BR\"},{\"@type\":\"Organization\",\"@id\":\"https:\/\/noticiasemdestaque.com\/cd\/#organization\",\"name\":\"Not\u00edcias em Destaque\",\"url\":\"https:\/\/noticiasemdestaque.com\/cd\/\",\"logo\":{\"@type\":\"ImageObject\",\"inLanguage\":\"pt-BR\",\"@id\":\"https:\/\/noticiasemdestaque.com\/cd\/#\/schema\/logo\/image\/\",\"url\":\"https:\/\/noticiasemdestaque.com\/cd\/wp-content\/uploads\/2022\/05\/imagem-base-noticiasemdestaque.png\",\"contentUrl\":\"https:\/\/noticiasemdestaque.com\/cd\/wp-content\/uploads\/2022\/05\/imagem-base-noticiasemdestaque.png\",\"width\":1200,\"height\":630,\"caption\":\"Not\u00edcias em Destaque\"},\"image\":{\"@id\":\"https:\/\/noticiasemdestaque.com\/cd\/#\/schema\/logo\/image\/\"}},{\"@type\":\"Person\",\"@id\":\"https:\/\/noticiasemdestaque.com\/cd\/#\/schema\/person\/21320b03a7e8bb90128938dafc9b908a\",\"name\":\"Not\u00edcias em Destaque\",\"url\":\"https:\/\/noticiasemdestaque.com\/cd\/?author=2\"}]}<\/script>\n<!-- \/ Yoast SEO plugin. -->","yoast_head_json":{"title":"Brasileiras usam a p\u00edlula de forma errada e dispensam camisinha, diz estudo - Not&iacute;cias em Destaque","robots":{"index":"index","follow":"follow","max-snippet":"max-snippet:-1","max-image-preview":"max-image-preview:large","max-video-preview":"max-video-preview:-1"},"canonical":"https:\/\/noticiasemdestaque.com\/cd\/?p=4583","og_locale":"pt_BR","og_type":"article","og_title":"Brasileiras usam a p\u00edlula de forma errada e dispensam camisinha, diz estudo - Not&iacute;cias em Destaque","og_description":"Confus\u00f5es na hora de tomar a p\u00edlula anticoncepcional s\u00e3o bastante comuns entre as mulheres. Assim como n\u00f3s, talvez voc\u00ea j\u00e1 tenha esquecido a p\u00edlula por algumas horas ou at\u00e9 por um dia inteiro e ficou desesperada para descobrir o que fazer para reparar o problema. Por\u00e9m, uma pesquisa realizada pela Bayer, em nove pa\u00edses, junto com a Universidade Federal de S\u00e3o Paulo, mostrou que isso \u00e9 ainda mais comum entre as brasileiras. No Brasil, 58% delas esquecem a p\u00edlula pelo menos uma vez por m\u00eas, contra 39% da m\u00e9dia mundial. A pesquisa foi feita com 4.500 mulheres, entre 21 e 29 anos. Al\u00e9m disso, mais da metade delas afirmou tomar a p\u00edlula em hor\u00e1rios diferentes todos os dias e 40% delas n\u00e3o v\u00ea necessidade de utiliz\u00e1-la sempre no mesmo hor\u00e1rio. Outra constata\u00e7\u00e3o da pesquisa foi a de que as mulheres que n\u00e3o tomavam a p\u00edlula sempre no mesmo hor\u00e1rio tinham mais chances de esquecer o comprimido daquele dia. As brasileiras tamb\u00e9m s\u00e3o as que menos combinam a p\u00edlula com o uso da camisinha. Para voc\u00ea ter uma no\u00e7\u00e3o, 29% das americanas usam os dois m\u00e9todos juntos, enquanto que apenas 6% das mulheres mant\u00eam esse h\u00e1bito, ficando atr\u00e1s apenas das irlandesas, onde o \u00edndice \u00e9 de 5%. Fonte: Minha Vida","og_url":"https:\/\/noticiasemdestaque.com\/cd\/?p=4583","og_site_name":"Not&iacute;cias em Destaque","article_published_time":"2017-09-23T16:35:35+00:00","article_modified_time":"2017-09-23T16:36:32+00:00","og_image":[{"width":786,"height":550,"url":"https:\/\/noticiasemdestaque.com\/cd\/wp-content\/uploads\/2017\/09\/138.jpg","type":"image\/jpeg"}],"author":"Not\u00edcias em Destaque","twitter_card":"summary_large_image","twitter_misc":{"Escrito por":"Not\u00edcias em Destaque","Est. tempo de leitura":"1 minuto"},"schema":{"@context":"https:\/\/schema.org","@graph":[{"@type":"Article","@id":"https:\/\/noticiasemdestaque.com\/cd\/?p=4583#article","isPartOf":{"@id":"https:\/\/noticiasemdestaque.com\/cd\/?p=4583"},"author":{"name":"Not\u00edcias em Destaque","@id":"https:\/\/noticiasemdestaque.com\/cd\/#\/schema\/person\/21320b03a7e8bb90128938dafc9b908a"},"headline":"Brasileiras usam a p\u00edlula de forma errada e dispensam camisinha, diz estudo","datePublished":"2017-09-23T16:35:35+00:00","dateModified":"2017-09-23T16:36:32+00:00","mainEntityOfPage":{"@id":"https:\/\/noticiasemdestaque.com\/cd\/?p=4583"},"wordCount":240,"publisher":{"@id":"https:\/\/noticiasemdestaque.com\/cd\/#organization"},"image":{"@id":"https:\/\/noticiasemdestaque.com\/cd\/?p=4583#primaryimage"},"thumbnailUrl":"https:\/\/noticiasemdestaque.com\/cd\/wp-content\/uploads\/2017\/09\/138.jpg","articleSection":["Sa\u00fade"],"inLanguage":"pt-BR"},{"@type":"WebPage","@id":"https:\/\/noticiasemdestaque.com\/cd\/?p=4583","url":"https:\/\/noticiasemdestaque.com\/cd\/?p=4583","name":"Brasileiras usam a p\u00edlula de forma errada e dispensam camisinha, diz estudo - Not&iacute;cias em Destaque","isPartOf":{"@id":"https:\/\/noticiasemdestaque.com\/cd\/#website"},"primaryImageOfPage":{"@id":"https:\/\/noticiasemdestaque.com\/cd\/?p=4583#primaryimage"},"image":{"@id":"https:\/\/noticiasemdestaque.com\/cd\/?p=4583#primaryimage"},"thumbnailUrl":"https:\/\/noticiasemdestaque.com\/cd\/wp-content\/uploads\/2017\/09\/138.jpg","datePublished":"2017-09-23T16:35:35+00:00","dateModified":"2017-09-23T16:36:32+00:00","breadcrumb":{"@id":"https:\/\/noticiasemdestaque.com\/cd\/?p=4583#breadcrumb"},"inLanguage":"pt-BR","potentialAction":[{"@type":"ReadAction","target":["https:\/\/noticiasemdestaque.com\/cd\/?p=4583"]}]},{"@type":"ImageObject","inLanguage":"pt-BR","@id":"https:\/\/noticiasemdestaque.com\/cd\/?p=4583#primaryimage","url":"https:\/\/noticiasemdestaque.com\/cd\/wp-content\/uploads\/2017\/09\/138.jpg","contentUrl":"https:\/\/noticiasemdestaque.com\/cd\/wp-content\/uploads\/2017\/09\/138.jpg","width":786,"height":550},{"@type":"BreadcrumbList","@id":"https:\/\/noticiasemdestaque.com\/cd\/?p=4583#breadcrumb","itemListElement":[{"@type":"ListItem","position":1,"name":"In\u00edcio","item":"https:\/\/noticiasemdestaque.com\/cd\/"},{"@type":"ListItem","position":2,"name":"Brasileiras usam a p\u00edlula de forma errada e dispensam camisinha, diz estudo"}]},{"@type":"WebSite","@id":"https:\/\/noticiasemdestaque.com\/cd\/#website","url":"https:\/\/noticiasemdestaque.com\/cd\/","name":"Not&iacute;cias em Destaque","description":"","publisher":{"@id":"https:\/\/noticiasemdestaque.com\/cd\/#organization"},"potentialAction":[{"@type":"SearchAction","target":{"@type":"EntryPoint","urlTemplate":"https:\/\/noticiasemdestaque.com\/cd\/?s={search_term_string}"},"query-input":{"@type":"PropertyValueSpecification","valueRequired":true,"valueName":"search_term_string"}}],"inLanguage":"pt-BR"},{"@type":"Organization","@id":"https:\/\/noticiasemdestaque.com\/cd\/#organization","name":"Not\u00edcias em Destaque","url":"https:\/\/noticiasemdestaque.com\/cd\/","logo":{"@type":"ImageObject","inLanguage":"pt-BR","@id":"https:\/\/noticiasemdestaque.com\/cd\/#\/schema\/logo\/image\/","url":"https:\/\/noticiasemdestaque.com\/cd\/wp-content\/uploads\/2022\/05\/imagem-base-noticiasemdestaque.png","contentUrl":"https:\/\/noticiasemdestaque.com\/cd\/wp-content\/uploads\/2022\/05\/imagem-base-noticiasemdestaque.png","width":1200,"height":630,"caption":"Not\u00edcias em Destaque"},"image":{"@id":"https:\/\/noticiasemdestaque.com\/cd\/#\/schema\/logo\/image\/"}},{"@type":"Person","@id":"https:\/\/noticiasemdestaque.com\/cd\/#\/schema\/person\/21320b03a7e8bb90128938dafc9b908a","name":"Not\u00edcias em Destaque","url":"https:\/\/noticiasemdestaque.com\/cd\/?author=2"}]}},"jetpack_featured_media_url":"https:\/\/noticiasemdestaque.com\/cd\/wp-content\/uploads\/2017\/09\/138.jpg","jetpack_sharing_enabled":true,"_links":{"self":[{"href":"https:\/\/noticiasemdestaque.com\/cd\/index.php?rest_route=\/wp\/v2\/posts\/4583","targetHints":{"allow":["GET"]}}],"collection":[{"href":"https:\/\/noticiasemdestaque.com\/cd\/index.php?rest_route=\/wp\/v2\/posts"}],"about":[{"href":"https:\/\/noticiasemdestaque.com\/cd\/index.php?rest_route=\/wp\/v2\/types\/post"}],"author":[{"embeddable":true,"href":"https:\/\/noticiasemdestaque.com\/cd\/index.php?rest_route=\/wp\/v2\/users\/2"}],"replies":[{"embeddable":true,"href":"https:\/\/noticiasemdestaque.com\/cd\/index.php?rest_route=%2Fwp%2Fv2%2Fcomments&post=4583"}],"version-history":[{"count":1,"href":"https:\/\/noticiasemdestaque.com\/cd\/index.php?rest_route=\/wp\/v2\/posts\/4583\/revisions"}],"predecessor-version":[{"id":4585,"href":"https:\/\/noticiasemdestaque.com\/cd\/index.php?rest_route=\/wp\/v2\/posts\/4583\/revisions\/4585"}],"wp:featuredmedia":[{"embeddable":true,"href":"https:\/\/noticiasemdestaque.com\/cd\/index.php?rest_route=\/wp\/v2\/media\/4586"}],"wp:attachment":[{"href":"https:\/\/noticiasemdestaque.com\/cd\/index.php?rest_route=%2Fwp%2Fv2%2Fmedia&parent=4583"}],"wp:term":[{"taxonomy":"category","embeddable":true,"href":"https:\/\/noticiasemdestaque.com\/cd\/index.php?rest_route=%2Fwp%2Fv2%2Fcategories&post=4583"},{"taxonomy":"post_tag","embeddable":true,"href":"https:\/\/noticiasemdestaque.com\/cd\/index.php?rest_route=%2Fwp%2Fv2%2Ftags&post=4583"}],"curies":[{"name":"wp","href":"https:\/\/api.w.org\/{rel}","templated":true}]}}