{"id":45823,"date":"2023-01-26T09:19:45","date_gmt":"2023-01-26T12:19:45","guid":{"rendered":"https:\/\/noticiasemdestaque.com\/cd\/?p=45823"},"modified":"2023-01-26T09:19:45","modified_gmt":"2023-01-26T12:19:45","slug":"operacao-da-policia-civil-em-cidades-do-cariri-resulta-na-prisao-de-tres-homens","status":"publish","type":"post","link":"https:\/\/noticiasemdestaque.com\/cd\/?p=45823","title":{"rendered":"Opera\u00e7\u00e3o da Pol\u00edcia Civil em cidades do Cariri resulta na pris\u00e3o de tr\u00eas homens"},"content":{"rendered":"<p><a href=\"https:\/\/noticiasemdestaque.com\/cd\/wp-content\/uploads\/2023\/01\/sirene-policia-1-1200x896-1.jpg\"><img fetchpriority=\"high\" decoding=\"async\" class=\"alignnone  wp-image-45824\" src=\"https:\/\/noticiasemdestaque.com\/cd\/wp-content\/uploads\/2023\/01\/sirene-policia-1-1200x896-1-300x224.jpg\" alt=\"\" width=\"913\" height=\"682\" srcset=\"https:\/\/noticiasemdestaque.com\/cd\/wp-content\/uploads\/2023\/01\/sirene-policia-1-1200x896-1-300x224.jpg 300w, https:\/\/noticiasemdestaque.com\/cd\/wp-content\/uploads\/2023\/01\/sirene-policia-1-1200x896-1-16x12.jpg 16w, https:\/\/noticiasemdestaque.com\/cd\/wp-content\/uploads\/2023\/01\/sirene-policia-1-1200x896-1.jpg 320w\" sizes=\"(max-width: 913px) 100vw, 913px\" \/><\/a><\/p>\n<p>Uma opera\u00e7\u00e3o realizada pela Pol\u00edcia Civil de Monteiro denominada \u201cRecambiamento\u201d e conjuntamente pelas equipes das delegacias de Serra Branca e Sao Jo\u00e3o do Cariri, resultou na prisao de 03 indiv\u00edduos.<\/p>\n<p>Contra os acusados haviam mandados de pris\u00e3o expedidos pela Comarca de Serra Branca\/PB, nas datas de 24 e 25 de janeiro.<\/p>\n<p>Os mesmos respondem a processos pelas praticas de crimes diversos e que deixaram de comparecer a atos do processo, ou descumpriram medidas judiciais impostas na concess\u00e3o de progress\u00e3o de regime, quando de cumprimento de suas respectivas penas.<\/p>\n<p>Os indiv\u00edduos ap\u00f3s o cumprimento dos mandados, foram encaminhados, ap\u00f3s exame de ofensa f\u00edsica, a cadeia p\u00fablica de Serra Branca, onde ficar\u00e3o a disposi\u00e7\u00e3o da justi\u00e7a.<\/p>\n<p>As opera\u00e7\u00e3o ocorreu nas cidades de Serra Branca, Boqueir\u00e3o e Boa Vista, todas na regi\u00e3o do Cariri Paraibano.<\/p>\n<p>A Pol\u00edcia Civil disponibiliza o disk den\u00fancia 197, para que outros indiv\u00edduos possam ser recapturados, sendo assegurado o anonimato e sigilo da fonte.<\/p>\n<p><strong>Noticias em Destaque<\/strong><\/p>\n<p style=\"text-align: right;\"><i>Fonte: Para\u00edba Mix<\/i><\/p>\n","protected":false},"excerpt":{"rendered":"<p>Uma opera\u00e7\u00e3o realizada pela Pol\u00edcia Civil de Monteiro denominada \u201cRecambiamento\u201d e conjuntamente pelas equipes das delegacias de Serra Branca e Sao Jo\u00e3o do Cariri, resultou na prisao de 03 indiv\u00edduos. Contra os acusados haviam mandados de pris\u00e3o expedidos pela Comarca de Serra Branca\/PB, nas datas de 24 e 25 de janeiro. Os mesmos respondem a processos pelas praticas de crimes diversos e que deixaram de comparecer a atos do processo, ou descumpriram medidas judiciais impostas na concess\u00e3o de progress\u00e3o de regime, quando de cumprimento de suas respectivas penas. Os indiv\u00edduos ap\u00f3s o cumprimento dos mandados, foram encaminhados, ap\u00f3s exame de ofensa f\u00edsica, a cadeia p\u00fablica de Serra Branca, onde ficar\u00e3o a disposi\u00e7\u00e3o da justi\u00e7a. As opera\u00e7\u00e3o ocorreu nas cidades de Serra Branca, Boqueir\u00e3o e Boa Vista, todas na regi\u00e3o do Cariri Paraibano. A Pol\u00edcia Civil disponibiliza o disk den\u00fancia 197, para que outros indiv\u00edduos possam ser recapturados, sendo assegurado o anonimato e sigilo da fonte. Noticias em Destaque Fonte: Para\u00edba Mix<\/p>\n","protected":false},"author":2,"featured_media":45824,"comment_status":"closed","ping_status":"open","sticky":false,"template":"","format":"standard","meta":{"_eb_attr":"","_jetpack_memberships_contains_paid_content":false,"footnotes":""},"categories":[20],"tags":[],"class_list":["post-45823","post","type-post","status-publish","format-standard","has-post-thumbnail","hentry","category-policia"],"yoast_head":"<!-- This site is optimized with the Yoast SEO plugin v26.5 - https:\/\/yoast.com\/wordpress\/plugins\/seo\/ -->\n<title>Opera\u00e7\u00e3o da Pol\u00edcia Civil em cidades do Cariri resulta na pris\u00e3o de tr\u00eas homens - Not&iacute;cias em Destaque<\/title>\n<meta name=\"robots\" content=\"index, follow, max-snippet:-1, max-image-preview:large, max-video-preview:-1\" \/>\n<link rel=\"canonical\" href=\"https:\/\/noticiasemdestaque.com\/cd\/?p=45823\" \/>\n<meta property=\"og:locale\" content=\"pt_BR\" \/>\n<meta property=\"og:type\" content=\"article\" \/>\n<meta property=\"og:title\" content=\"Opera\u00e7\u00e3o da Pol\u00edcia Civil em cidades do Cariri resulta na pris\u00e3o de tr\u00eas homens - Not&iacute;cias em Destaque\" \/>\n<meta property=\"og:description\" content=\"Uma opera\u00e7\u00e3o realizada pela Pol\u00edcia Civil de Monteiro denominada \u201cRecambiamento\u201d e conjuntamente pelas equipes das delegacias de Serra Branca e Sao Jo\u00e3o do Cariri, resultou na prisao de 03 indiv\u00edduos. Contra os acusados haviam mandados de pris\u00e3o expedidos pela Comarca de Serra Branca\/PB, nas datas de 24 e 25 de janeiro. Os mesmos respondem a processos pelas praticas de crimes diversos e que deixaram de comparecer a atos do processo, ou descumpriram medidas judiciais impostas na concess\u00e3o de progress\u00e3o de regime, quando de cumprimento de suas respectivas penas. Os indiv\u00edduos ap\u00f3s o cumprimento dos mandados, foram encaminhados, ap\u00f3s exame de ofensa f\u00edsica, a cadeia p\u00fablica de Serra Branca, onde ficar\u00e3o a disposi\u00e7\u00e3o da justi\u00e7a. As opera\u00e7\u00e3o ocorreu nas cidades de Serra Branca, Boqueir\u00e3o e Boa Vista, todas na regi\u00e3o do Cariri Paraibano. A Pol\u00edcia Civil disponibiliza o disk den\u00fancia 197, para que outros indiv\u00edduos possam ser recapturados, sendo assegurado o anonimato e sigilo da fonte. Noticias em Destaque Fonte: Para\u00edba Mix\" \/>\n<meta property=\"og:url\" content=\"https:\/\/noticiasemdestaque.com\/cd\/?p=45823\" \/>\n<meta property=\"og:site_name\" content=\"Not&iacute;cias em Destaque\" \/>\n<meta property=\"article:published_time\" content=\"2023-01-26T12:19:45+00:00\" \/>\n<meta property=\"og:image\" content=\"https:\/\/noticiasemdestaque.com\/cd\/wp-content\/uploads\/2023\/01\/sirene-policia-1-1200x896-1.jpg\" \/>\n\t<meta property=\"og:image:width\" content=\"320\" \/>\n\t<meta property=\"og:image:height\" content=\"239\" \/>\n\t<meta property=\"og:image:type\" content=\"image\/jpeg\" \/>\n<meta name=\"author\" content=\"Not\u00edcias em Destaque\" \/>\n<meta name=\"twitter:card\" content=\"summary_large_image\" \/>\n<meta name=\"twitter:label1\" content=\"Escrito por\" \/>\n\t<meta name=\"twitter:data1\" content=\"Not\u00edcias em Destaque\" \/>\n\t<meta name=\"twitter:label2\" content=\"Est. tempo de leitura\" \/>\n\t<meta name=\"twitter:data2\" content=\"2 minutos\" \/>\n<script type=\"application\/ld+json\" class=\"yoast-schema-graph\">{\"@context\":\"https:\/\/schema.org\",\"@graph\":[{\"@type\":\"Article\",\"@id\":\"https:\/\/noticiasemdestaque.com\/cd\/?p=45823#article\",\"isPartOf\":{\"@id\":\"https:\/\/noticiasemdestaque.com\/cd\/?p=45823\"},\"author\":{\"name\":\"Not\u00edcias em Destaque\",\"@id\":\"https:\/\/noticiasemdestaque.com\/cd\/#\/schema\/person\/47f7d4f55eec17c6b2ca036c5500f6ce\"},\"headline\":\"Opera\u00e7\u00e3o da Pol\u00edcia Civil em cidades do Cariri resulta na pris\u00e3o de tr\u00eas homens\",\"datePublished\":\"2023-01-26T12:19:45+00:00\",\"mainEntityOfPage\":{\"@id\":\"https:\/\/noticiasemdestaque.com\/cd\/?p=45823\"},\"wordCount\":198,\"publisher\":{\"@id\":\"https:\/\/noticiasemdestaque.com\/cd\/#organization\"},\"image\":{\"@id\":\"https:\/\/noticiasemdestaque.com\/cd\/?p=45823#primaryimage\"},\"thumbnailUrl\":\"https:\/\/noticiasemdestaque.com\/cd\/wp-content\/uploads\/2023\/01\/sirene-policia-1-1200x896-1.jpg\",\"articleSection\":[\"Pol\u00edcia\"],\"inLanguage\":\"pt-BR\"},{\"@type\":\"WebPage\",\"@id\":\"https:\/\/noticiasemdestaque.com\/cd\/?p=45823\",\"url\":\"https:\/\/noticiasemdestaque.com\/cd\/?p=45823\",\"name\":\"Opera\u00e7\u00e3o da Pol\u00edcia Civil em cidades do Cariri resulta na pris\u00e3o de tr\u00eas homens - Not&iacute;cias em Destaque\",\"isPartOf\":{\"@id\":\"https:\/\/noticiasemdestaque.com\/cd\/#website\"},\"primaryImageOfPage\":{\"@id\":\"https:\/\/noticiasemdestaque.com\/cd\/?p=45823#primaryimage\"},\"image\":{\"@id\":\"https:\/\/noticiasemdestaque.com\/cd\/?p=45823#primaryimage\"},\"thumbnailUrl\":\"https:\/\/noticiasemdestaque.com\/cd\/wp-content\/uploads\/2023\/01\/sirene-policia-1-1200x896-1.jpg\",\"datePublished\":\"2023-01-26T12:19:45+00:00\",\"breadcrumb\":{\"@id\":\"https:\/\/noticiasemdestaque.com\/cd\/?p=45823#breadcrumb\"},\"inLanguage\":\"pt-BR\",\"potentialAction\":[{\"@type\":\"ReadAction\",\"target\":[\"https:\/\/noticiasemdestaque.com\/cd\/?p=45823\"]}]},{\"@type\":\"ImageObject\",\"inLanguage\":\"pt-BR\",\"@id\":\"https:\/\/noticiasemdestaque.com\/cd\/?p=45823#primaryimage\",\"url\":\"https:\/\/noticiasemdestaque.com\/cd\/wp-content\/uploads\/2023\/01\/sirene-policia-1-1200x896-1.jpg\",\"contentUrl\":\"https:\/\/noticiasemdestaque.com\/cd\/wp-content\/uploads\/2023\/01\/sirene-policia-1-1200x896-1.jpg\",\"width\":320,\"height\":239},{\"@type\":\"BreadcrumbList\",\"@id\":\"https:\/\/noticiasemdestaque.com\/cd\/?p=45823#breadcrumb\",\"itemListElement\":[{\"@type\":\"ListItem\",\"position\":1,\"name\":\"In\u00edcio\",\"item\":\"https:\/\/noticiasemdestaque.com\/cd\/\"},{\"@type\":\"ListItem\",\"position\":2,\"name\":\"Opera\u00e7\u00e3o da Pol\u00edcia Civil em cidades do Cariri resulta na pris\u00e3o de tr\u00eas homens\"}]},{\"@type\":\"WebSite\",\"@id\":\"https:\/\/noticiasemdestaque.com\/cd\/#website\",\"url\":\"https:\/\/noticiasemdestaque.com\/cd\/\",\"name\":\"Not&iacute;cias em Destaque\",\"description\":\"\",\"publisher\":{\"@id\":\"https:\/\/noticiasemdestaque.com\/cd\/#organization\"},\"potentialAction\":[{\"@type\":\"SearchAction\",\"target\":{\"@type\":\"EntryPoint\",\"urlTemplate\":\"https:\/\/noticiasemdestaque.com\/cd\/?s={search_term_string}\"},\"query-input\":{\"@type\":\"PropertyValueSpecification\",\"valueRequired\":true,\"valueName\":\"search_term_string\"}}],\"inLanguage\":\"pt-BR\"},{\"@type\":\"Organization\",\"@id\":\"https:\/\/noticiasemdestaque.com\/cd\/#organization\",\"name\":\"Not\u00edcias em Destaque\",\"url\":\"https:\/\/noticiasemdestaque.com\/cd\/\",\"logo\":{\"@type\":\"ImageObject\",\"inLanguage\":\"pt-BR\",\"@id\":\"https:\/\/noticiasemdestaque.com\/cd\/#\/schema\/logo\/image\/\",\"url\":\"https:\/\/noticiasemdestaque.com\/cd\/wp-content\/uploads\/2022\/05\/imagem-base-noticiasemdestaque.png\",\"contentUrl\":\"https:\/\/noticiasemdestaque.com\/cd\/wp-content\/uploads\/2022\/05\/imagem-base-noticiasemdestaque.png\",\"width\":1200,\"height\":630,\"caption\":\"Not\u00edcias em Destaque\"},\"image\":{\"@id\":\"https:\/\/noticiasemdestaque.com\/cd\/#\/schema\/logo\/image\/\"}},{\"@type\":\"Person\",\"@id\":\"https:\/\/noticiasemdestaque.com\/cd\/#\/schema\/person\/47f7d4f55eec17c6b2ca036c5500f6ce\",\"name\":\"Not\u00edcias em Destaque\",\"url\":\"https:\/\/noticiasemdestaque.com\/cd\/?author=2\"}]}<\/script>\n<!-- \/ Yoast SEO plugin. -->","yoast_head_json":{"title":"Opera\u00e7\u00e3o da Pol\u00edcia Civil em cidades do Cariri resulta na pris\u00e3o de tr\u00eas homens - Not&iacute;cias em Destaque","robots":{"index":"index","follow":"follow","max-snippet":"max-snippet:-1","max-image-preview":"max-image-preview:large","max-video-preview":"max-video-preview:-1"},"canonical":"https:\/\/noticiasemdestaque.com\/cd\/?p=45823","og_locale":"pt_BR","og_type":"article","og_title":"Opera\u00e7\u00e3o da Pol\u00edcia Civil em cidades do Cariri resulta na pris\u00e3o de tr\u00eas homens - Not&iacute;cias em Destaque","og_description":"Uma opera\u00e7\u00e3o realizada pela Pol\u00edcia Civil de Monteiro denominada \u201cRecambiamento\u201d e conjuntamente pelas equipes das delegacias de Serra Branca e Sao Jo\u00e3o do Cariri, resultou na prisao de 03 indiv\u00edduos. Contra os acusados haviam mandados de pris\u00e3o expedidos pela Comarca de Serra Branca\/PB, nas datas de 24 e 25 de janeiro. Os mesmos respondem a processos pelas praticas de crimes diversos e que deixaram de comparecer a atos do processo, ou descumpriram medidas judiciais impostas na concess\u00e3o de progress\u00e3o de regime, quando de cumprimento de suas respectivas penas. Os indiv\u00edduos ap\u00f3s o cumprimento dos mandados, foram encaminhados, ap\u00f3s exame de ofensa f\u00edsica, a cadeia p\u00fablica de Serra Branca, onde ficar\u00e3o a disposi\u00e7\u00e3o da justi\u00e7a. As opera\u00e7\u00e3o ocorreu nas cidades de Serra Branca, Boqueir\u00e3o e Boa Vista, todas na regi\u00e3o do Cariri Paraibano. A Pol\u00edcia Civil disponibiliza o disk den\u00fancia 197, para que outros indiv\u00edduos possam ser recapturados, sendo assegurado o anonimato e sigilo da fonte. Noticias em Destaque Fonte: Para\u00edba Mix","og_url":"https:\/\/noticiasemdestaque.com\/cd\/?p=45823","og_site_name":"Not&iacute;cias em Destaque","article_published_time":"2023-01-26T12:19:45+00:00","og_image":[{"width":320,"height":239,"url":"https:\/\/noticiasemdestaque.com\/cd\/wp-content\/uploads\/2023\/01\/sirene-policia-1-1200x896-1.jpg","type":"image\/jpeg"}],"author":"Not\u00edcias em Destaque","twitter_card":"summary_large_image","twitter_misc":{"Escrito por":"Not\u00edcias em Destaque","Est. tempo de leitura":"2 minutos"},"schema":{"@context":"https:\/\/schema.org","@graph":[{"@type":"Article","@id":"https:\/\/noticiasemdestaque.com\/cd\/?p=45823#article","isPartOf":{"@id":"https:\/\/noticiasemdestaque.com\/cd\/?p=45823"},"author":{"name":"Not\u00edcias em Destaque","@id":"https:\/\/noticiasemdestaque.com\/cd\/#\/schema\/person\/47f7d4f55eec17c6b2ca036c5500f6ce"},"headline":"Opera\u00e7\u00e3o da Pol\u00edcia Civil em cidades do Cariri resulta na pris\u00e3o de tr\u00eas homens","datePublished":"2023-01-26T12:19:45+00:00","mainEntityOfPage":{"@id":"https:\/\/noticiasemdestaque.com\/cd\/?p=45823"},"wordCount":198,"publisher":{"@id":"https:\/\/noticiasemdestaque.com\/cd\/#organization"},"image":{"@id":"https:\/\/noticiasemdestaque.com\/cd\/?p=45823#primaryimage"},"thumbnailUrl":"https:\/\/noticiasemdestaque.com\/cd\/wp-content\/uploads\/2023\/01\/sirene-policia-1-1200x896-1.jpg","articleSection":["Pol\u00edcia"],"inLanguage":"pt-BR"},{"@type":"WebPage","@id":"https:\/\/noticiasemdestaque.com\/cd\/?p=45823","url":"https:\/\/noticiasemdestaque.com\/cd\/?p=45823","name":"Opera\u00e7\u00e3o da Pol\u00edcia Civil em cidades do Cariri resulta na pris\u00e3o de tr\u00eas homens - Not&iacute;cias em Destaque","isPartOf":{"@id":"https:\/\/noticiasemdestaque.com\/cd\/#website"},"primaryImageOfPage":{"@id":"https:\/\/noticiasemdestaque.com\/cd\/?p=45823#primaryimage"},"image":{"@id":"https:\/\/noticiasemdestaque.com\/cd\/?p=45823#primaryimage"},"thumbnailUrl":"https:\/\/noticiasemdestaque.com\/cd\/wp-content\/uploads\/2023\/01\/sirene-policia-1-1200x896-1.jpg","datePublished":"2023-01-26T12:19:45+00:00","breadcrumb":{"@id":"https:\/\/noticiasemdestaque.com\/cd\/?p=45823#breadcrumb"},"inLanguage":"pt-BR","potentialAction":[{"@type":"ReadAction","target":["https:\/\/noticiasemdestaque.com\/cd\/?p=45823"]}]},{"@type":"ImageObject","inLanguage":"pt-BR","@id":"https:\/\/noticiasemdestaque.com\/cd\/?p=45823#primaryimage","url":"https:\/\/noticiasemdestaque.com\/cd\/wp-content\/uploads\/2023\/01\/sirene-policia-1-1200x896-1.jpg","contentUrl":"https:\/\/noticiasemdestaque.com\/cd\/wp-content\/uploads\/2023\/01\/sirene-policia-1-1200x896-1.jpg","width":320,"height":239},{"@type":"BreadcrumbList","@id":"https:\/\/noticiasemdestaque.com\/cd\/?p=45823#breadcrumb","itemListElement":[{"@type":"ListItem","position":1,"name":"In\u00edcio","item":"https:\/\/noticiasemdestaque.com\/cd\/"},{"@type":"ListItem","position":2,"name":"Opera\u00e7\u00e3o da Pol\u00edcia Civil em cidades do Cariri resulta na pris\u00e3o de tr\u00eas homens"}]},{"@type":"WebSite","@id":"https:\/\/noticiasemdestaque.com\/cd\/#website","url":"https:\/\/noticiasemdestaque.com\/cd\/","name":"Not&iacute;cias em Destaque","description":"","publisher":{"@id":"https:\/\/noticiasemdestaque.com\/cd\/#organization"},"potentialAction":[{"@type":"SearchAction","target":{"@type":"EntryPoint","urlTemplate":"https:\/\/noticiasemdestaque.com\/cd\/?s={search_term_string}"},"query-input":{"@type":"PropertyValueSpecification","valueRequired":true,"valueName":"search_term_string"}}],"inLanguage":"pt-BR"},{"@type":"Organization","@id":"https:\/\/noticiasemdestaque.com\/cd\/#organization","name":"Not\u00edcias em Destaque","url":"https:\/\/noticiasemdestaque.com\/cd\/","logo":{"@type":"ImageObject","inLanguage":"pt-BR","@id":"https:\/\/noticiasemdestaque.com\/cd\/#\/schema\/logo\/image\/","url":"https:\/\/noticiasemdestaque.com\/cd\/wp-content\/uploads\/2022\/05\/imagem-base-noticiasemdestaque.png","contentUrl":"https:\/\/noticiasemdestaque.com\/cd\/wp-content\/uploads\/2022\/05\/imagem-base-noticiasemdestaque.png","width":1200,"height":630,"caption":"Not\u00edcias em Destaque"},"image":{"@id":"https:\/\/noticiasemdestaque.com\/cd\/#\/schema\/logo\/image\/"}},{"@type":"Person","@id":"https:\/\/noticiasemdestaque.com\/cd\/#\/schema\/person\/47f7d4f55eec17c6b2ca036c5500f6ce","name":"Not\u00edcias em Destaque","url":"https:\/\/noticiasemdestaque.com\/cd\/?author=2"}]}},"jetpack_featured_media_url":"https:\/\/noticiasemdestaque.com\/cd\/wp-content\/uploads\/2023\/01\/sirene-policia-1-1200x896-1.jpg","jetpack_sharing_enabled":true,"_links":{"self":[{"href":"https:\/\/noticiasemdestaque.com\/cd\/index.php?rest_route=\/wp\/v2\/posts\/45823","targetHints":{"allow":["GET"]}}],"collection":[{"href":"https:\/\/noticiasemdestaque.com\/cd\/index.php?rest_route=\/wp\/v2\/posts"}],"about":[{"href":"https:\/\/noticiasemdestaque.com\/cd\/index.php?rest_route=\/wp\/v2\/types\/post"}],"author":[{"embeddable":true,"href":"https:\/\/noticiasemdestaque.com\/cd\/index.php?rest_route=\/wp\/v2\/users\/2"}],"replies":[{"embeddable":true,"href":"https:\/\/noticiasemdestaque.com\/cd\/index.php?rest_route=%2Fwp%2Fv2%2Fcomments&post=45823"}],"version-history":[{"count":1,"href":"https:\/\/noticiasemdestaque.com\/cd\/index.php?rest_route=\/wp\/v2\/posts\/45823\/revisions"}],"predecessor-version":[{"id":45825,"href":"https:\/\/noticiasemdestaque.com\/cd\/index.php?rest_route=\/wp\/v2\/posts\/45823\/revisions\/45825"}],"wp:featuredmedia":[{"embeddable":true,"href":"https:\/\/noticiasemdestaque.com\/cd\/index.php?rest_route=\/wp\/v2\/media\/45824"}],"wp:attachment":[{"href":"https:\/\/noticiasemdestaque.com\/cd\/index.php?rest_route=%2Fwp%2Fv2%2Fmedia&parent=45823"}],"wp:term":[{"taxonomy":"category","embeddable":true,"href":"https:\/\/noticiasemdestaque.com\/cd\/index.php?rest_route=%2Fwp%2Fv2%2Fcategories&post=45823"},{"taxonomy":"post_tag","embeddable":true,"href":"https:\/\/noticiasemdestaque.com\/cd\/index.php?rest_route=%2Fwp%2Fv2%2Ftags&post=45823"}],"curies":[{"name":"wp","href":"https:\/\/api.w.org\/{rel}","templated":true}]}}