{"id":45817,"date":"2023-01-26T09:01:45","date_gmt":"2023-01-26T12:01:45","guid":{"rendered":"https:\/\/noticiasemdestaque.com\/cd\/?p=45817"},"modified":"2023-01-26T09:01:45","modified_gmt":"2023-01-26T12:01:45","slug":"deputados-estaduais-votarao-a-loa-2023-e-as-contas-de-ricardo-e-joao-nesta-quinta-feira","status":"publish","type":"post","link":"https:\/\/noticiasemdestaque.com\/cd\/?p=45817","title":{"rendered":"Deputados estaduais votar\u00e3o a LOA 2023 e as contas de Ricardo e Jo\u00e3o nesta quinta-feira"},"content":{"rendered":"<p><img fetchpriority=\"high\" decoding=\"async\" class=\"\" src=\"https:\/\/i2.wp.com\/www.vitrinedocariri.com.br\/wp-content\/uploads\/2022\/11\/Adriano-Galdino1-740x414-1.jpeg?resize=740%2C414&amp;ssl=1\" width=\"1055\" height=\"590\" \/><\/p>\n<p style=\"font-weight: 400;\">A Assembleia Legislativa da Para\u00edba (ALPB) convocou sess\u00e3o ordin\u00e1ria para esta quinta-feira (26), \u00e0s 10h. Na pauta, a discuss\u00e3o e vota\u00e7\u00e3o do Projeto de Lei 4.032\/2022, referente \u00e0 Lei Or\u00e7ament\u00e1ria Anual (LOA) do Governo do Estado, para o exerc\u00edcio financeiro do ano de 2023. Tamb\u00e9m ser\u00e3o analisadas as contas do ex-governador Ricardo Coutinho (PT), dos Exerc\u00edcios de 2016 a 2018, e do governador Jo\u00e3o Azev\u00eado (PSB), dos anos de 2019 a 2021.<\/p>\n<p style=\"font-weight: 400;\">A Comiss\u00e3o de Or\u00e7amento, Fiscaliza\u00e7\u00e3o, Tributa\u00e7\u00e3o e Transpar\u00eancia, da ALPB, aprovou o relat\u00f3rio final da LOA do Governo do Estado para o ano de 2023. Durante reuni\u00e3o realizada nesta ter\u00e7a-feira (24), os membros da Comiss\u00e3o aprovaram tamb\u00e9m as contas dos ex-governadores.<\/p>\n<p style=\"font-weight: 400;\">O presidente da ALPB, Adriano Galdino (Republicanos), confirmou que os pareceres da Comiss\u00e3o de Or\u00e7amento j\u00e1 chegaram ao plen\u00e1rio e dever\u00e3o ser votados na mesma sess\u00e3o.<\/p>\n<p><strong>Noticias em Destaque<\/strong><\/p>\n<p style=\"text-align: right;\"><em>Fonte: Vitrine do Cariri<\/em><\/p>\n","protected":false},"excerpt":{"rendered":"<p>A Assembleia Legislativa da Para\u00edba (ALPB) convocou sess\u00e3o ordin\u00e1ria para esta quinta-feira (26), \u00e0s 10h. Na pauta, a discuss\u00e3o e vota\u00e7\u00e3o do Projeto de Lei 4.032\/2022, referente \u00e0 Lei Or\u00e7ament\u00e1ria Anual (LOA) do Governo do Estado, para o exerc\u00edcio financeiro do ano de 2023. Tamb\u00e9m ser\u00e3o analisadas as contas do ex-governador Ricardo Coutinho (PT), dos Exerc\u00edcios de 2016 a 2018, e do governador Jo\u00e3o Azev\u00eado (PSB), dos anos de 2019 a 2021. A Comiss\u00e3o de Or\u00e7amento, Fiscaliza\u00e7\u00e3o, Tributa\u00e7\u00e3o e Transpar\u00eancia, da ALPB, aprovou o relat\u00f3rio final da LOA do Governo do Estado para o ano de 2023. Durante reuni\u00e3o realizada nesta ter\u00e7a-feira (24), os membros da Comiss\u00e3o aprovaram tamb\u00e9m as contas dos ex-governadores. O presidente da ALPB, Adriano Galdino (Republicanos), confirmou que os pareceres da Comiss\u00e3o de Or\u00e7amento j\u00e1 chegaram ao plen\u00e1rio e dever\u00e3o ser votados na mesma sess\u00e3o. Noticias em Destaque Fonte: Vitrine do Cariri<\/p>\n","protected":false},"author":2,"featured_media":45818,"comment_status":"closed","ping_status":"open","sticky":false,"template":"","format":"standard","meta":{"_eb_attr":"","_jetpack_memberships_contains_paid_content":false,"footnotes":""},"categories":[4],"tags":[],"class_list":["post-45817","post","type-post","status-publish","format-standard","has-post-thumbnail","hentry","category-politica"],"yoast_head":"<!-- This site is optimized with the Yoast SEO plugin v26.5 - https:\/\/yoast.com\/wordpress\/plugins\/seo\/ -->\n<title>Deputados estaduais votar\u00e3o a LOA 2023 e as contas de Ricardo e Jo\u00e3o nesta quinta-feira - Not&iacute;cias em Destaque<\/title>\n<meta name=\"robots\" content=\"index, follow, max-snippet:-1, max-image-preview:large, max-video-preview:-1\" \/>\n<link rel=\"canonical\" href=\"https:\/\/noticiasemdestaque.com\/cd\/?p=45817\" \/>\n<meta property=\"og:locale\" content=\"pt_BR\" \/>\n<meta property=\"og:type\" content=\"article\" \/>\n<meta property=\"og:title\" content=\"Deputados estaduais votar\u00e3o a LOA 2023 e as contas de Ricardo e Jo\u00e3o nesta quinta-feira - Not&iacute;cias em Destaque\" \/>\n<meta property=\"og:description\" content=\"A Assembleia Legislativa da Para\u00edba (ALPB) convocou sess\u00e3o ordin\u00e1ria para esta quinta-feira (26), \u00e0s 10h. Na pauta, a discuss\u00e3o e vota\u00e7\u00e3o do Projeto de Lei 4.032\/2022, referente \u00e0 Lei Or\u00e7ament\u00e1ria Anual (LOA) do Governo do Estado, para o exerc\u00edcio financeiro do ano de 2023. Tamb\u00e9m ser\u00e3o analisadas as contas do ex-governador Ricardo Coutinho (PT), dos Exerc\u00edcios de 2016 a 2018, e do governador Jo\u00e3o Azev\u00eado (PSB), dos anos de 2019 a 2021. A Comiss\u00e3o de Or\u00e7amento, Fiscaliza\u00e7\u00e3o, Tributa\u00e7\u00e3o e Transpar\u00eancia, da ALPB, aprovou o relat\u00f3rio final da LOA do Governo do Estado para o ano de 2023. Durante reuni\u00e3o realizada nesta ter\u00e7a-feira (24), os membros da Comiss\u00e3o aprovaram tamb\u00e9m as contas dos ex-governadores. O presidente da ALPB, Adriano Galdino (Republicanos), confirmou que os pareceres da Comiss\u00e3o de Or\u00e7amento j\u00e1 chegaram ao plen\u00e1rio e dever\u00e3o ser votados na mesma sess\u00e3o. Noticias em Destaque Fonte: Vitrine do Cariri\" \/>\n<meta property=\"og:url\" content=\"https:\/\/noticiasemdestaque.com\/cd\/?p=45817\" \/>\n<meta property=\"og:site_name\" content=\"Not&iacute;cias em Destaque\" \/>\n<meta property=\"article:published_time\" content=\"2023-01-26T12:01:45+00:00\" \/>\n<meta property=\"og:image\" content=\"https:\/\/noticiasemdestaque.com\/cd\/wp-content\/uploads\/2023\/01\/alpb.png\" \/>\n\t<meta property=\"og:image:width\" content=\"320\" \/>\n\t<meta property=\"og:image:height\" content=\"214\" \/>\n\t<meta property=\"og:image:type\" content=\"image\/png\" \/>\n<meta name=\"author\" content=\"Not\u00edcias em Destaque\" \/>\n<meta name=\"twitter:card\" content=\"summary_large_image\" \/>\n<meta name=\"twitter:label1\" content=\"Escrito por\" \/>\n\t<meta name=\"twitter:data1\" content=\"Not\u00edcias em Destaque\" \/>\n\t<meta name=\"twitter:label2\" content=\"Est. tempo de leitura\" \/>\n\t<meta name=\"twitter:data2\" content=\"2 minutos\" \/>\n<script type=\"application\/ld+json\" class=\"yoast-schema-graph\">{\"@context\":\"https:\/\/schema.org\",\"@graph\":[{\"@type\":\"Article\",\"@id\":\"https:\/\/noticiasemdestaque.com\/cd\/?p=45817#article\",\"isPartOf\":{\"@id\":\"https:\/\/noticiasemdestaque.com\/cd\/?p=45817\"},\"author\":{\"name\":\"Not\u00edcias em Destaque\",\"@id\":\"https:\/\/noticiasemdestaque.com\/cd\/#\/schema\/person\/47f7d4f55eec17c6b2ca036c5500f6ce\"},\"headline\":\"Deputados estaduais votar\u00e3o a LOA 2023 e as contas de Ricardo e Jo\u00e3o nesta quinta-feira\",\"datePublished\":\"2023-01-26T12:01:45+00:00\",\"mainEntityOfPage\":{\"@id\":\"https:\/\/noticiasemdestaque.com\/cd\/?p=45817\"},\"wordCount\":180,\"publisher\":{\"@id\":\"https:\/\/noticiasemdestaque.com\/cd\/#organization\"},\"image\":{\"@id\":\"https:\/\/noticiasemdestaque.com\/cd\/?p=45817#primaryimage\"},\"thumbnailUrl\":\"https:\/\/noticiasemdestaque.com\/cd\/wp-content\/uploads\/2023\/01\/alpb.png\",\"articleSection\":[\"Pol\u00edtica\"],\"inLanguage\":\"pt-BR\"},{\"@type\":\"WebPage\",\"@id\":\"https:\/\/noticiasemdestaque.com\/cd\/?p=45817\",\"url\":\"https:\/\/noticiasemdestaque.com\/cd\/?p=45817\",\"name\":\"Deputados estaduais votar\u00e3o a LOA 2023 e as contas de Ricardo e Jo\u00e3o nesta quinta-feira - Not&iacute;cias em Destaque\",\"isPartOf\":{\"@id\":\"https:\/\/noticiasemdestaque.com\/cd\/#website\"},\"primaryImageOfPage\":{\"@id\":\"https:\/\/noticiasemdestaque.com\/cd\/?p=45817#primaryimage\"},\"image\":{\"@id\":\"https:\/\/noticiasemdestaque.com\/cd\/?p=45817#primaryimage\"},\"thumbnailUrl\":\"https:\/\/noticiasemdestaque.com\/cd\/wp-content\/uploads\/2023\/01\/alpb.png\",\"datePublished\":\"2023-01-26T12:01:45+00:00\",\"breadcrumb\":{\"@id\":\"https:\/\/noticiasemdestaque.com\/cd\/?p=45817#breadcrumb\"},\"inLanguage\":\"pt-BR\",\"potentialAction\":[{\"@type\":\"ReadAction\",\"target\":[\"https:\/\/noticiasemdestaque.com\/cd\/?p=45817\"]}]},{\"@type\":\"ImageObject\",\"inLanguage\":\"pt-BR\",\"@id\":\"https:\/\/noticiasemdestaque.com\/cd\/?p=45817#primaryimage\",\"url\":\"https:\/\/noticiasemdestaque.com\/cd\/wp-content\/uploads\/2023\/01\/alpb.png\",\"contentUrl\":\"https:\/\/noticiasemdestaque.com\/cd\/wp-content\/uploads\/2023\/01\/alpb.png\",\"width\":320,\"height\":214},{\"@type\":\"BreadcrumbList\",\"@id\":\"https:\/\/noticiasemdestaque.com\/cd\/?p=45817#breadcrumb\",\"itemListElement\":[{\"@type\":\"ListItem\",\"position\":1,\"name\":\"In\u00edcio\",\"item\":\"https:\/\/noticiasemdestaque.com\/cd\/\"},{\"@type\":\"ListItem\",\"position\":2,\"name\":\"Deputados estaduais votar\u00e3o a LOA 2023 e as contas de Ricardo e Jo\u00e3o nesta quinta-feira\"}]},{\"@type\":\"WebSite\",\"@id\":\"https:\/\/noticiasemdestaque.com\/cd\/#website\",\"url\":\"https:\/\/noticiasemdestaque.com\/cd\/\",\"name\":\"Not&iacute;cias em Destaque\",\"description\":\"\",\"publisher\":{\"@id\":\"https:\/\/noticiasemdestaque.com\/cd\/#organization\"},\"potentialAction\":[{\"@type\":\"SearchAction\",\"target\":{\"@type\":\"EntryPoint\",\"urlTemplate\":\"https:\/\/noticiasemdestaque.com\/cd\/?s={search_term_string}\"},\"query-input\":{\"@type\":\"PropertyValueSpecification\",\"valueRequired\":true,\"valueName\":\"search_term_string\"}}],\"inLanguage\":\"pt-BR\"},{\"@type\":\"Organization\",\"@id\":\"https:\/\/noticiasemdestaque.com\/cd\/#organization\",\"name\":\"Not\u00edcias em Destaque\",\"url\":\"https:\/\/noticiasemdestaque.com\/cd\/\",\"logo\":{\"@type\":\"ImageObject\",\"inLanguage\":\"pt-BR\",\"@id\":\"https:\/\/noticiasemdestaque.com\/cd\/#\/schema\/logo\/image\/\",\"url\":\"https:\/\/noticiasemdestaque.com\/cd\/wp-content\/uploads\/2022\/05\/imagem-base-noticiasemdestaque.png\",\"contentUrl\":\"https:\/\/noticiasemdestaque.com\/cd\/wp-content\/uploads\/2022\/05\/imagem-base-noticiasemdestaque.png\",\"width\":1200,\"height\":630,\"caption\":\"Not\u00edcias em Destaque\"},\"image\":{\"@id\":\"https:\/\/noticiasemdestaque.com\/cd\/#\/schema\/logo\/image\/\"}},{\"@type\":\"Person\",\"@id\":\"https:\/\/noticiasemdestaque.com\/cd\/#\/schema\/person\/47f7d4f55eec17c6b2ca036c5500f6ce\",\"name\":\"Not\u00edcias em Destaque\",\"url\":\"https:\/\/noticiasemdestaque.com\/cd\/?author=2\"}]}<\/script>\n<!-- \/ Yoast SEO plugin. -->","yoast_head_json":{"title":"Deputados estaduais votar\u00e3o a LOA 2023 e as contas de Ricardo e Jo\u00e3o nesta quinta-feira - Not&iacute;cias em Destaque","robots":{"index":"index","follow":"follow","max-snippet":"max-snippet:-1","max-image-preview":"max-image-preview:large","max-video-preview":"max-video-preview:-1"},"canonical":"https:\/\/noticiasemdestaque.com\/cd\/?p=45817","og_locale":"pt_BR","og_type":"article","og_title":"Deputados estaduais votar\u00e3o a LOA 2023 e as contas de Ricardo e Jo\u00e3o nesta quinta-feira - Not&iacute;cias em Destaque","og_description":"A Assembleia Legislativa da Para\u00edba (ALPB) convocou sess\u00e3o ordin\u00e1ria para esta quinta-feira (26), \u00e0s 10h. Na pauta, a discuss\u00e3o e vota\u00e7\u00e3o do Projeto de Lei 4.032\/2022, referente \u00e0 Lei Or\u00e7ament\u00e1ria Anual (LOA) do Governo do Estado, para o exerc\u00edcio financeiro do ano de 2023. Tamb\u00e9m ser\u00e3o analisadas as contas do ex-governador Ricardo Coutinho (PT), dos Exerc\u00edcios de 2016 a 2018, e do governador Jo\u00e3o Azev\u00eado (PSB), dos anos de 2019 a 2021. A Comiss\u00e3o de Or\u00e7amento, Fiscaliza\u00e7\u00e3o, Tributa\u00e7\u00e3o e Transpar\u00eancia, da ALPB, aprovou o relat\u00f3rio final da LOA do Governo do Estado para o ano de 2023. Durante reuni\u00e3o realizada nesta ter\u00e7a-feira (24), os membros da Comiss\u00e3o aprovaram tamb\u00e9m as contas dos ex-governadores. O presidente da ALPB, Adriano Galdino (Republicanos), confirmou que os pareceres da Comiss\u00e3o de Or\u00e7amento j\u00e1 chegaram ao plen\u00e1rio e dever\u00e3o ser votados na mesma sess\u00e3o. Noticias em Destaque Fonte: Vitrine do Cariri","og_url":"https:\/\/noticiasemdestaque.com\/cd\/?p=45817","og_site_name":"Not&iacute;cias em Destaque","article_published_time":"2023-01-26T12:01:45+00:00","og_image":[{"width":320,"height":214,"url":"https:\/\/noticiasemdestaque.com\/cd\/wp-content\/uploads\/2023\/01\/alpb.png","type":"image\/png"}],"author":"Not\u00edcias em Destaque","twitter_card":"summary_large_image","twitter_misc":{"Escrito por":"Not\u00edcias em Destaque","Est. tempo de leitura":"2 minutos"},"schema":{"@context":"https:\/\/schema.org","@graph":[{"@type":"Article","@id":"https:\/\/noticiasemdestaque.com\/cd\/?p=45817#article","isPartOf":{"@id":"https:\/\/noticiasemdestaque.com\/cd\/?p=45817"},"author":{"name":"Not\u00edcias em Destaque","@id":"https:\/\/noticiasemdestaque.com\/cd\/#\/schema\/person\/47f7d4f55eec17c6b2ca036c5500f6ce"},"headline":"Deputados estaduais votar\u00e3o a LOA 2023 e as contas de Ricardo e Jo\u00e3o nesta quinta-feira","datePublished":"2023-01-26T12:01:45+00:00","mainEntityOfPage":{"@id":"https:\/\/noticiasemdestaque.com\/cd\/?p=45817"},"wordCount":180,"publisher":{"@id":"https:\/\/noticiasemdestaque.com\/cd\/#organization"},"image":{"@id":"https:\/\/noticiasemdestaque.com\/cd\/?p=45817#primaryimage"},"thumbnailUrl":"https:\/\/noticiasemdestaque.com\/cd\/wp-content\/uploads\/2023\/01\/alpb.png","articleSection":["Pol\u00edtica"],"inLanguage":"pt-BR"},{"@type":"WebPage","@id":"https:\/\/noticiasemdestaque.com\/cd\/?p=45817","url":"https:\/\/noticiasemdestaque.com\/cd\/?p=45817","name":"Deputados estaduais votar\u00e3o a LOA 2023 e as contas de Ricardo e Jo\u00e3o nesta quinta-feira - Not&iacute;cias em Destaque","isPartOf":{"@id":"https:\/\/noticiasemdestaque.com\/cd\/#website"},"primaryImageOfPage":{"@id":"https:\/\/noticiasemdestaque.com\/cd\/?p=45817#primaryimage"},"image":{"@id":"https:\/\/noticiasemdestaque.com\/cd\/?p=45817#primaryimage"},"thumbnailUrl":"https:\/\/noticiasemdestaque.com\/cd\/wp-content\/uploads\/2023\/01\/alpb.png","datePublished":"2023-01-26T12:01:45+00:00","breadcrumb":{"@id":"https:\/\/noticiasemdestaque.com\/cd\/?p=45817#breadcrumb"},"inLanguage":"pt-BR","potentialAction":[{"@type":"ReadAction","target":["https:\/\/noticiasemdestaque.com\/cd\/?p=45817"]}]},{"@type":"ImageObject","inLanguage":"pt-BR","@id":"https:\/\/noticiasemdestaque.com\/cd\/?p=45817#primaryimage","url":"https:\/\/noticiasemdestaque.com\/cd\/wp-content\/uploads\/2023\/01\/alpb.png","contentUrl":"https:\/\/noticiasemdestaque.com\/cd\/wp-content\/uploads\/2023\/01\/alpb.png","width":320,"height":214},{"@type":"BreadcrumbList","@id":"https:\/\/noticiasemdestaque.com\/cd\/?p=45817#breadcrumb","itemListElement":[{"@type":"ListItem","position":1,"name":"In\u00edcio","item":"https:\/\/noticiasemdestaque.com\/cd\/"},{"@type":"ListItem","position":2,"name":"Deputados estaduais votar\u00e3o a LOA 2023 e as contas de Ricardo e Jo\u00e3o nesta quinta-feira"}]},{"@type":"WebSite","@id":"https:\/\/noticiasemdestaque.com\/cd\/#website","url":"https:\/\/noticiasemdestaque.com\/cd\/","name":"Not&iacute;cias em Destaque","description":"","publisher":{"@id":"https:\/\/noticiasemdestaque.com\/cd\/#organization"},"potentialAction":[{"@type":"SearchAction","target":{"@type":"EntryPoint","urlTemplate":"https:\/\/noticiasemdestaque.com\/cd\/?s={search_term_string}"},"query-input":{"@type":"PropertyValueSpecification","valueRequired":true,"valueName":"search_term_string"}}],"inLanguage":"pt-BR"},{"@type":"Organization","@id":"https:\/\/noticiasemdestaque.com\/cd\/#organization","name":"Not\u00edcias em Destaque","url":"https:\/\/noticiasemdestaque.com\/cd\/","logo":{"@type":"ImageObject","inLanguage":"pt-BR","@id":"https:\/\/noticiasemdestaque.com\/cd\/#\/schema\/logo\/image\/","url":"https:\/\/noticiasemdestaque.com\/cd\/wp-content\/uploads\/2022\/05\/imagem-base-noticiasemdestaque.png","contentUrl":"https:\/\/noticiasemdestaque.com\/cd\/wp-content\/uploads\/2022\/05\/imagem-base-noticiasemdestaque.png","width":1200,"height":630,"caption":"Not\u00edcias em Destaque"},"image":{"@id":"https:\/\/noticiasemdestaque.com\/cd\/#\/schema\/logo\/image\/"}},{"@type":"Person","@id":"https:\/\/noticiasemdestaque.com\/cd\/#\/schema\/person\/47f7d4f55eec17c6b2ca036c5500f6ce","name":"Not\u00edcias em Destaque","url":"https:\/\/noticiasemdestaque.com\/cd\/?author=2"}]}},"jetpack_featured_media_url":"https:\/\/noticiasemdestaque.com\/cd\/wp-content\/uploads\/2023\/01\/alpb.png","jetpack_sharing_enabled":true,"_links":{"self":[{"href":"https:\/\/noticiasemdestaque.com\/cd\/index.php?rest_route=\/wp\/v2\/posts\/45817","targetHints":{"allow":["GET"]}}],"collection":[{"href":"https:\/\/noticiasemdestaque.com\/cd\/index.php?rest_route=\/wp\/v2\/posts"}],"about":[{"href":"https:\/\/noticiasemdestaque.com\/cd\/index.php?rest_route=\/wp\/v2\/types\/post"}],"author":[{"embeddable":true,"href":"https:\/\/noticiasemdestaque.com\/cd\/index.php?rest_route=\/wp\/v2\/users\/2"}],"replies":[{"embeddable":true,"href":"https:\/\/noticiasemdestaque.com\/cd\/index.php?rest_route=%2Fwp%2Fv2%2Fcomments&post=45817"}],"version-history":[{"count":1,"href":"https:\/\/noticiasemdestaque.com\/cd\/index.php?rest_route=\/wp\/v2\/posts\/45817\/revisions"}],"predecessor-version":[{"id":45819,"href":"https:\/\/noticiasemdestaque.com\/cd\/index.php?rest_route=\/wp\/v2\/posts\/45817\/revisions\/45819"}],"wp:featuredmedia":[{"embeddable":true,"href":"https:\/\/noticiasemdestaque.com\/cd\/index.php?rest_route=\/wp\/v2\/media\/45818"}],"wp:attachment":[{"href":"https:\/\/noticiasemdestaque.com\/cd\/index.php?rest_route=%2Fwp%2Fv2%2Fmedia&parent=45817"}],"wp:term":[{"taxonomy":"category","embeddable":true,"href":"https:\/\/noticiasemdestaque.com\/cd\/index.php?rest_route=%2Fwp%2Fv2%2Fcategories&post=45817"},{"taxonomy":"post_tag","embeddable":true,"href":"https:\/\/noticiasemdestaque.com\/cd\/index.php?rest_route=%2Fwp%2Fv2%2Ftags&post=45817"}],"curies":[{"name":"wp","href":"https:\/\/api.w.org\/{rel}","templated":true}]}}