{"id":45814,"date":"2023-01-26T08:48:23","date_gmt":"2023-01-26T11:48:23","guid":{"rendered":"https:\/\/noticiasemdestaque.com\/cd\/?p=45814"},"modified":"2023-01-26T08:48:58","modified_gmt":"2023-01-26T11:48:58","slug":"joao-pessoa-tem-radares-eletronicos-instalados-em-19-novos-locais-confira","status":"publish","type":"post","link":"https:\/\/noticiasemdestaque.com\/cd\/?p=45814","title":{"rendered":"Jo\u00e3o Pessoa tem radares eletr\u00f4nicos instalados em 19 novos locais; confira"},"content":{"rendered":"<div id=\"chunk-1qhpm\">\n<div class=\"mc-column content-text active-extra-styles \" data-block-type=\"unstyled\" data-block-weight=\"54\" data-block-id=\"3\">\n<p data-track-category=\"Link no Texto\" data-track-links=\"\"><a href=\"https:\/\/noticiasemdestaque.com\/cd\/wp-content\/uploads\/2023\/01\/radar-retao-de-manaira.webp\"><img fetchpriority=\"high\" decoding=\"async\" class=\"alignnone wp-image-45815\" src=\"https:\/\/noticiasemdestaque.com\/cd\/wp-content\/uploads\/2023\/01\/radar-retao-de-manaira-300x169.webp\" alt=\"\" width=\"1030\" height=\"580\" srcset=\"https:\/\/noticiasemdestaque.com\/cd\/wp-content\/uploads\/2023\/01\/radar-retao-de-manaira-300x169.webp 300w, https:\/\/noticiasemdestaque.com\/cd\/wp-content\/uploads\/2023\/01\/radar-retao-de-manaira-768x432.webp 768w, https:\/\/noticiasemdestaque.com\/cd\/wp-content\/uploads\/2023\/01\/radar-retao-de-manaira-18x10.webp 18w, https:\/\/noticiasemdestaque.com\/cd\/wp-content\/uploads\/2023\/01\/radar-retao-de-manaira.webp 984w\" sizes=\"(max-width: 1030px) 100vw, 1030px\" \/><\/a><\/p>\n<p class=\"content-text__container \" data-track-category=\"Link no Texto\" data-track-links=\"\">Pelo menos 19 pontos de\u00a0Jo\u00e3o Pessoa receberam novos radares de velocidade, nesta quarta-feira (25), segundo a Superintend\u00eancia Executiva de Mobilidade Urbana de Jo\u00e3o Pessoa (Semob-JP). De acordo com a prefeitura, agentes de tr\u00e2nsito devem ficar no locais onde est\u00e3o os novos radares para orientar os motoristas at\u00e9 o dia 31 de janeiro.<\/p>\n<\/div>\n<\/div>\n<div class=\"wall protected-content\">\n<div id=\"chunk-4ogfa\">\n<div class=\"mc-column content-text active-extra-styles \" data-block-type=\"unstyled\" data-block-weight=\"26\" data-block-id=\"6\">\n<p class=\"content-text__container \" data-track-category=\"Link no Texto\" data-track-links=\"\">A desativa\u00e7\u00e3o do sistema de lombadas eletr\u00f4nicas nas vias de Jo\u00e3o Pessoa aconteceu desde 30 de agosto em 49 pontos,\u00a0ap\u00f3s mudan\u00e7a de empresa de manuten\u00e7\u00e3o.<\/p>\n<\/div>\n<\/div>\n<div id=\"chunk-7e2gd\">\n<div class=\"mc-column content-text active-extra-styles \" data-block-type=\"unstyled\" data-block-weight=\"45\" data-block-id=\"7\">\n<p class=\"content-text__container \" data-track-category=\"Link no Texto\" data-track-links=\"\">Com os radares desativados, as c\u00e2meras que est\u00e3o interligadas a eles tamb\u00e9m n\u00e3o funcionavam para registrar o avan\u00e7o ao limite de velocidade. Os equipamentos de fiscaliza\u00e7\u00e3o podem flagrar infra\u00e7\u00f5es de ve\u00edculos que avan\u00e7am em sinais vermelhos, excesso de velocidade e tamb\u00e9m monitoram faixas de pedestres.<\/p>\n<\/div>\n<\/div>\n<div id=\"chunk-1k501\">\n<div class=\"mc-column content-text active-extra-styles \" data-block-type=\"unstyled\" data-block-weight=\"47\" data-block-id=\"9\">\n<p class=\"content-text__container \" data-track-category=\"Link no Texto\" data-track-links=\"\">Agora, a Semob informou que concluiu a instala\u00e7\u00e3o dos equipamentos em 19 pontos, mas por enquanto, os radares rec\u00e9m instalados devem operar apenas em car\u00e1ter educativo. Os corredores da Pedro II, Beira Rio, ladeira do Cui\u00e1 e Hilton Souto Maior est\u00e3o entre os que receberam os equipamentos.<\/p>\n<\/div>\n<\/div>\n<div id=\"chunk-4ep4k\">\n<div class=\"mc-column content-text active-extra-styles \" data-block-type=\"unstyled\" data-block-weight=\"38\" data-block-id=\"10\">\n<p class=\"content-text__container \" data-track-category=\"Link no Texto\" data-track-links=\"\">Nos radares que j\u00e1 est\u00e3o em funcionamento pleno, as\u00a0<span class=\"highlight highlighted\">infra\u00e7\u00f5es de avan\u00e7o de sinal vermelho e faixa de pedestre ser\u00e3o fiscalizadas das 6h \u00e0s 22h<\/span>. J\u00e1 as\u00a0<span class=\"highlight highlighted\">infra\u00e7\u00f5es de excesso de limite de velocidade ser\u00e3o fiscalizadas 24 horas.<\/span><\/p>\n<\/div>\n<\/div>\n<div class=\"mc-column content-text active-extra-styles\" data-block-type=\"raw\" data-block-weight=\"7\" data-block-id=\"11\">\n<div class=\"content-intertitle\">\n<h2>Locais com novos medidores eletr\u00f4nicos de velocidade:<\/h2>\n<\/div>\n<\/div>\n<div class=\"mc-column content-text active-extra-styles\" data-block-type=\"raw\" data-block-weight=\"208\" data-block-id=\"12\">\n<ul class=\"content-unordered-list\">\n<li>Av. Min Jos\u00e9 Am\u00e9rico de Almeida, n\u00ba 183 \u2013 sentido centro<\/li>\n<li>Av. Min Jos\u00e9 Am\u00e9rico de Almeida, oposto ao n\u00b0207 \u2013 sentido praia<\/li>\n<li>Av. Min Jos\u00e9 Am\u00e9rico de Almeida, n\u00ba 2874 \u2013 sentido praia<\/li>\n<li>R. S\u00e9rgio Meira, vizinho ao n\u00ba 618 (Banc\u00e1rios)<\/li>\n<li>R. Adalgisa Carneiro Cavalcanti, oposto ao n\u00b0 1401 \u2013 sentido Valentina (Ladeira do Cui\u00e1)<\/li>\n<li>R. Adalgisa Carneiro Cavalcanti, 1431 \u2013 sentido Geisel (Ladeira do Cui\u00e1)<\/li>\n<li>R. Doutor C\u00edcero Leite, 40m antes da Rua Prof\u00aa. Aida Morency Pinheiro (Valentina)<\/li>\n<li>R. Doutor C\u00edcero Leite, quadra 194 \u2013 sentido Geisel \u2013 (Valentina)<\/li>\n<li>R. Comerciante Alfredo Ferreira Rocha, n\u00b0 659 sentido centro \u2013(Mangabeira)<\/li>\n<li>R. Comerciante Alfredo Ferreira Rocha, n\u00b0 659 sentido bairro (Mangabeira)<\/li>\n<li>Av. Mandacaru, 45 metros antes do n\u00b0 877 \u2013 sentido centro<\/li>\n<li>Av. Des. Boto de Menezes, oposto ao n\u00b0 861 \u2013 sentido centro (Tambi\u00e1)<\/li>\n<li>Av. Hilton Souto Maior, F\u00f3rum Mangabeira \u2013 centro\/bairro<\/li>\n<li>Av. Hilton Souto Maior, n\u00b0 81 \u2013 bairro\/centro<\/li>\n<li>Av. Dom Pedro II \u2013 Jardim Bot\u00e2nico \u2013 centro\/bairro<\/li>\n<li>Av. Pres. Castelo Branco, 30m antes da ponte sobre o Rio Jaguaribe \u2013 sentido centro<\/li>\n<li>Av. Pres. Castelo branco, 30m antes da ponte sobre o Rio Jaguaribe \u2013 sentido bairro<\/li>\n<li>Av. Fernando Lu\u00eds Henrique x Fl\u00e1vio Ribeiro Coutinho (Jardim Oceania)<\/li>\n<li>Av. Fl\u00e1vio Ribeiro Coutinho x Edson Ramalho (Mana\u00edra)<\/li>\n<\/ul>\n<\/div>\n<div id=\"chunk-d1tc6\">\n<div class=\"content-ads content-ads--reveal\" data-block-type=\"ads\" data-block-id=\"13\">\n<div id=\"banner_materia__d7e731fb-55b5-49c8-9cfb-687a0685f121\" class=\"tag-manager-publicidade-container mc-has-reveal mc-has-ad-lazyload\" data-id=\"banner_materia__d7e731fb-55b5-49c8-9cfb-687a0685f121\">\n<div id=\"google_ads_iframe_\/95377733\/tvg_G1\/Sua_Regiao&gt;Nordeste&gt;Paraiba_4__container__\" style=\"box-sizing: inherit; margin: auto; padding: 0px; border: 0pt none; font: inherit; vertical-align: initial; text-align: center; width: 970px; height: 0px;\"><\/div>\n<\/div>\n<\/div>\n<\/div>\n<div class=\"mc-column content-text active-extra-styles\" data-block-type=\"raw\" data-block-weight=\"8\" data-block-id=\"14\">\n<div class=\"content-intertitle\">\n<h2>Locais com medidores de velocidade ativados e fiscalizando:<\/h2>\n<\/div>\n<div id=\"ad-texto-mix-lg-1\" class=\"ads artigo d-none d-md-flex justify-content-center ad-texto-mix-lg\"><\/div>\n<\/div>\n<div class=\"mc-column content-text active-extra-styles\" data-block-type=\"raw\" data-block-weight=\"47\" data-block-id=\"15\">\n<ul class=\"content-unordered-list\">\n<li>Av. Fl\u00e1vio Ribeiro Coutinho, n\u00ba 615 (Clube dos Oficiais)<\/li>\n<li>Av. Sen. Ruy Carneiro, em frente subesta\u00e7\u00e3o Tamba\u00fa \u2013 sentido praia<\/li>\n<li>R. Walfredo Macedo Brand\u00e3o x R. Rosa Lima Dos Santos \u2013 sentido bairro\/centro (Banc\u00e1rios)<\/li>\n<li>R. S\u00e9rgio Guerra x R. Francisco Tim\u00f3teo de Souza \u2013 sentido centro\/bairro (Banc\u00e1rios)<\/li>\n<\/ul>\n<p><strong>Noticias em Destaque<\/strong><\/p>\n<p style=\"text-align: right;\"><em>Fonte: Jornal da Para\u00edba<\/em><\/p>\n<\/div>\n<\/div>\n","protected":false},"excerpt":{"rendered":"<p>Pelo menos 19 pontos de\u00a0Jo\u00e3o Pessoa receberam novos radares de velocidade, nesta quarta-feira (25), segundo a Superintend\u00eancia Executiva de Mobilidade Urbana de Jo\u00e3o Pessoa (Semob-JP). De acordo com a prefeitura, agentes de tr\u00e2nsito devem ficar no locais onde est\u00e3o os novos radares para orientar os motoristas at\u00e9 o dia 31 de janeiro. A desativa\u00e7\u00e3o do sistema de lombadas eletr\u00f4nicas nas vias de Jo\u00e3o Pessoa aconteceu desde 30 de agosto em 49 pontos,\u00a0ap\u00f3s mudan\u00e7a de empresa de manuten\u00e7\u00e3o. Com os radares desativados, as c\u00e2meras que est\u00e3o interligadas a eles tamb\u00e9m n\u00e3o funcionavam para registrar o avan\u00e7o ao limite de velocidade. Os equipamentos de fiscaliza\u00e7\u00e3o podem flagrar infra\u00e7\u00f5es de ve\u00edculos que avan\u00e7am em sinais vermelhos, excesso de velocidade e tamb\u00e9m monitoram faixas de pedestres. Agora, a Semob informou que concluiu a instala\u00e7\u00e3o dos equipamentos em 19 pontos, mas por enquanto, os radares rec\u00e9m instalados devem operar apenas em car\u00e1ter educativo. Os corredores da Pedro II, Beira Rio, ladeira do Cui\u00e1 e Hilton Souto Maior est\u00e3o entre os que receberam os equipamentos. Nos radares que j\u00e1 est\u00e3o em funcionamento pleno, as\u00a0infra\u00e7\u00f5es de avan\u00e7o de sinal vermelho e faixa de pedestre ser\u00e3o fiscalizadas das 6h \u00e0s 22h. J\u00e1 as\u00a0infra\u00e7\u00f5es de excesso de limite de velocidade ser\u00e3o fiscalizadas 24 horas. Locais com novos medidores eletr\u00f4nicos de velocidade: Av. Min Jos\u00e9 Am\u00e9rico de Almeida, n\u00ba 183 \u2013 sentido centro Av. Min Jos\u00e9 Am\u00e9rico de Almeida, oposto ao n\u00b0207 \u2013 sentido praia Av. Min Jos\u00e9 Am\u00e9rico de Almeida, n\u00ba 2874 \u2013 sentido praia R. S\u00e9rgio Meira, vizinho ao n\u00ba 618 (Banc\u00e1rios) R. Adalgisa Carneiro Cavalcanti, oposto ao n\u00b0 1401 \u2013 sentido Valentina (Ladeira do Cui\u00e1) R. Adalgisa Carneiro Cavalcanti, 1431 \u2013 sentido Geisel (Ladeira do Cui\u00e1) R. Doutor C\u00edcero Leite, 40m antes da Rua Prof\u00aa. Aida Morency Pinheiro (Valentina) R. Doutor C\u00edcero Leite, quadra 194 \u2013 sentido Geisel \u2013 (Valentina) R. Comerciante Alfredo Ferreira Rocha, n\u00b0 659 sentido centro \u2013(Mangabeira) R. Comerciante Alfredo Ferreira Rocha, n\u00b0 659 sentido bairro (Mangabeira) Av. Mandacaru, 45 metros antes do n\u00b0 877 \u2013 sentido centro Av. Des. Boto de Menezes, oposto ao n\u00b0 861 \u2013 sentido centro (Tambi\u00e1) Av. Hilton Souto Maior, F\u00f3rum Mangabeira \u2013 centro\/bairro Av. Hilton Souto Maior, n\u00b0 81 \u2013 bairro\/centro Av. Dom Pedro II \u2013 Jardim Bot\u00e2nico \u2013 centro\/bairro Av. Pres. Castelo Branco, 30m antes da ponte sobre o Rio Jaguaribe \u2013 sentido centro Av. Pres. Castelo branco, 30m antes da ponte sobre o Rio Jaguaribe \u2013 sentido bairro Av. Fernando Lu\u00eds Henrique x Fl\u00e1vio Ribeiro Coutinho (Jardim Oceania) Av. Fl\u00e1vio Ribeiro Coutinho x Edson Ramalho (Mana\u00edra) Locais com medidores de velocidade ativados e fiscalizando: Av. Fl\u00e1vio Ribeiro Coutinho, n\u00ba 615 (Clube dos Oficiais) Av. Sen. Ruy Carneiro, em frente subesta\u00e7\u00e3o Tamba\u00fa \u2013 sentido praia R. Walfredo Macedo Brand\u00e3o x R. Rosa Lima Dos Santos \u2013 sentido bairro\/centro (Banc\u00e1rios) R. S\u00e9rgio Guerra x R. Francisco Tim\u00f3teo de Souza \u2013 sentido centro\/bairro (Banc\u00e1rios) Noticias em Destaque Fonte: Jornal da Para\u00edba<\/p>\n","protected":false},"author":2,"featured_media":45815,"comment_status":"closed","ping_status":"open","sticky":false,"template":"","format":"standard","meta":{"_eb_attr":"","_jetpack_memberships_contains_paid_content":false,"footnotes":""},"categories":[12],"tags":[],"class_list":["post-45814","post","type-post","status-publish","format-standard","has-post-thumbnail","hentry","category-geral"],"yoast_head":"<!-- This site is optimized with the Yoast SEO plugin v26.5 - https:\/\/yoast.com\/wordpress\/plugins\/seo\/ -->\n<title>Jo\u00e3o Pessoa tem radares eletr\u00f4nicos instalados em 19 novos locais; confira - Not&iacute;cias em Destaque<\/title>\n<meta name=\"robots\" content=\"index, follow, max-snippet:-1, max-image-preview:large, max-video-preview:-1\" \/>\n<link rel=\"canonical\" href=\"https:\/\/noticiasemdestaque.com\/cd\/?p=45814\" \/>\n<meta property=\"og:locale\" content=\"pt_BR\" \/>\n<meta property=\"og:type\" content=\"article\" \/>\n<meta property=\"og:title\" content=\"Jo\u00e3o Pessoa tem radares eletr\u00f4nicos instalados em 19 novos locais; confira - Not&iacute;cias em Destaque\" \/>\n<meta property=\"og:description\" content=\"Pelo menos 19 pontos de\u00a0Jo\u00e3o Pessoa receberam novos radares de velocidade, nesta quarta-feira (25), segundo a Superintend\u00eancia Executiva de Mobilidade Urbana de Jo\u00e3o Pessoa (Semob-JP). De acordo com a prefeitura, agentes de tr\u00e2nsito devem ficar no locais onde est\u00e3o os novos radares para orientar os motoristas at\u00e9 o dia 31 de janeiro. A desativa\u00e7\u00e3o do sistema de lombadas eletr\u00f4nicas nas vias de Jo\u00e3o Pessoa aconteceu desde 30 de agosto em 49 pontos,\u00a0ap\u00f3s mudan\u00e7a de empresa de manuten\u00e7\u00e3o. Com os radares desativados, as c\u00e2meras que est\u00e3o interligadas a eles tamb\u00e9m n\u00e3o funcionavam para registrar o avan\u00e7o ao limite de velocidade. Os equipamentos de fiscaliza\u00e7\u00e3o podem flagrar infra\u00e7\u00f5es de ve\u00edculos que avan\u00e7am em sinais vermelhos, excesso de velocidade e tamb\u00e9m monitoram faixas de pedestres. Agora, a Semob informou que concluiu a instala\u00e7\u00e3o dos equipamentos em 19 pontos, mas por enquanto, os radares rec\u00e9m instalados devem operar apenas em car\u00e1ter educativo. Os corredores da Pedro II, Beira Rio, ladeira do Cui\u00e1 e Hilton Souto Maior est\u00e3o entre os que receberam os equipamentos. Nos radares que j\u00e1 est\u00e3o em funcionamento pleno, as\u00a0infra\u00e7\u00f5es de avan\u00e7o de sinal vermelho e faixa de pedestre ser\u00e3o fiscalizadas das 6h \u00e0s 22h. J\u00e1 as\u00a0infra\u00e7\u00f5es de excesso de limite de velocidade ser\u00e3o fiscalizadas 24 horas. Locais com novos medidores eletr\u00f4nicos de velocidade: Av. Min Jos\u00e9 Am\u00e9rico de Almeida, n\u00ba 183 \u2013 sentido centro Av. Min Jos\u00e9 Am\u00e9rico de Almeida, oposto ao n\u00b0207 \u2013 sentido praia Av. Min Jos\u00e9 Am\u00e9rico de Almeida, n\u00ba 2874 \u2013 sentido praia R. S\u00e9rgio Meira, vizinho ao n\u00ba 618 (Banc\u00e1rios) R. Adalgisa Carneiro Cavalcanti, oposto ao n\u00b0 1401 \u2013 sentido Valentina (Ladeira do Cui\u00e1) R. Adalgisa Carneiro Cavalcanti, 1431 \u2013 sentido Geisel (Ladeira do Cui\u00e1) R. Doutor C\u00edcero Leite, 40m antes da Rua Prof\u00aa. Aida Morency Pinheiro (Valentina) R. Doutor C\u00edcero Leite, quadra 194 \u2013 sentido Geisel \u2013 (Valentina) R. Comerciante Alfredo Ferreira Rocha, n\u00b0 659 sentido centro \u2013(Mangabeira) R. Comerciante Alfredo Ferreira Rocha, n\u00b0 659 sentido bairro (Mangabeira) Av. Mandacaru, 45 metros antes do n\u00b0 877 \u2013 sentido centro Av. Des. Boto de Menezes, oposto ao n\u00b0 861 \u2013 sentido centro (Tambi\u00e1) Av. Hilton Souto Maior, F\u00f3rum Mangabeira \u2013 centro\/bairro Av. Hilton Souto Maior, n\u00b0 81 \u2013 bairro\/centro Av. Dom Pedro II \u2013 Jardim Bot\u00e2nico \u2013 centro\/bairro Av. Pres. Castelo Branco, 30m antes da ponte sobre o Rio Jaguaribe \u2013 sentido centro Av. Pres. Castelo branco, 30m antes da ponte sobre o Rio Jaguaribe \u2013 sentido bairro Av. Fernando Lu\u00eds Henrique x Fl\u00e1vio Ribeiro Coutinho (Jardim Oceania) Av. Fl\u00e1vio Ribeiro Coutinho x Edson Ramalho (Mana\u00edra) Locais com medidores de velocidade ativados e fiscalizando: Av. Fl\u00e1vio Ribeiro Coutinho, n\u00ba 615 (Clube dos Oficiais) Av. Sen. Ruy Carneiro, em frente subesta\u00e7\u00e3o Tamba\u00fa \u2013 sentido praia R. Walfredo Macedo Brand\u00e3o x R. Rosa Lima Dos Santos \u2013 sentido bairro\/centro (Banc\u00e1rios) R. S\u00e9rgio Guerra x R. Francisco Tim\u00f3teo de Souza \u2013 sentido centro\/bairro (Banc\u00e1rios) Noticias em Destaque Fonte: Jornal da Para\u00edba\" \/>\n<meta property=\"og:url\" content=\"https:\/\/noticiasemdestaque.com\/cd\/?p=45814\" \/>\n<meta property=\"og:site_name\" content=\"Not&iacute;cias em Destaque\" \/>\n<meta property=\"article:published_time\" content=\"2023-01-26T11:48:23+00:00\" \/>\n<meta property=\"article:modified_time\" content=\"2023-01-26T11:48:58+00:00\" \/>\n<meta property=\"og:image\" content=\"https:\/\/noticiasemdestaque.com\/cd\/wp-content\/uploads\/2023\/01\/radar-retao-de-manaira.webp\" \/>\n\t<meta property=\"og:image:width\" content=\"984\" \/>\n\t<meta property=\"og:image:height\" content=\"554\" \/>\n\t<meta property=\"og:image:type\" content=\"image\/webp\" \/>\n<meta name=\"author\" content=\"Not\u00edcias em Destaque\" \/>\n<meta name=\"twitter:card\" content=\"summary_large_image\" \/>\n<meta name=\"twitter:label1\" content=\"Escrito por\" \/>\n\t<meta name=\"twitter:data1\" content=\"Not\u00edcias em Destaque\" \/>\n\t<meta name=\"twitter:label2\" content=\"Est. tempo de leitura\" \/>\n\t<meta name=\"twitter:data2\" content=\"3 minutos\" \/>\n<script type=\"application\/ld+json\" class=\"yoast-schema-graph\">{\"@context\":\"https:\/\/schema.org\",\"@graph\":[{\"@type\":\"Article\",\"@id\":\"https:\/\/noticiasemdestaque.com\/cd\/?p=45814#article\",\"isPartOf\":{\"@id\":\"https:\/\/noticiasemdestaque.com\/cd\/?p=45814\"},\"author\":{\"name\":\"Not\u00edcias em Destaque\",\"@id\":\"https:\/\/noticiasemdestaque.com\/cd\/#\/schema\/person\/47f7d4f55eec17c6b2ca036c5500f6ce\"},\"headline\":\"Jo\u00e3o Pessoa tem radares eletr\u00f4nicos instalados em 19 novos locais; confira\",\"datePublished\":\"2023-01-26T11:48:23+00:00\",\"dateModified\":\"2023-01-26T11:48:58+00:00\",\"mainEntityOfPage\":{\"@id\":\"https:\/\/noticiasemdestaque.com\/cd\/?p=45814\"},\"wordCount\":518,\"publisher\":{\"@id\":\"https:\/\/noticiasemdestaque.com\/cd\/#organization\"},\"image\":{\"@id\":\"https:\/\/noticiasemdestaque.com\/cd\/?p=45814#primaryimage\"},\"thumbnailUrl\":\"https:\/\/noticiasemdestaque.com\/cd\/wp-content\/uploads\/2023\/01\/radar-retao-de-manaira.webp\",\"articleSection\":[\"Geral\"],\"inLanguage\":\"pt-BR\"},{\"@type\":\"WebPage\",\"@id\":\"https:\/\/noticiasemdestaque.com\/cd\/?p=45814\",\"url\":\"https:\/\/noticiasemdestaque.com\/cd\/?p=45814\",\"name\":\"Jo\u00e3o Pessoa tem radares eletr\u00f4nicos instalados em 19 novos locais; confira - Not&iacute;cias em Destaque\",\"isPartOf\":{\"@id\":\"https:\/\/noticiasemdestaque.com\/cd\/#website\"},\"primaryImageOfPage\":{\"@id\":\"https:\/\/noticiasemdestaque.com\/cd\/?p=45814#primaryimage\"},\"image\":{\"@id\":\"https:\/\/noticiasemdestaque.com\/cd\/?p=45814#primaryimage\"},\"thumbnailUrl\":\"https:\/\/noticiasemdestaque.com\/cd\/wp-content\/uploads\/2023\/01\/radar-retao-de-manaira.webp\",\"datePublished\":\"2023-01-26T11:48:23+00:00\",\"dateModified\":\"2023-01-26T11:48:58+00:00\",\"breadcrumb\":{\"@id\":\"https:\/\/noticiasemdestaque.com\/cd\/?p=45814#breadcrumb\"},\"inLanguage\":\"pt-BR\",\"potentialAction\":[{\"@type\":\"ReadAction\",\"target\":[\"https:\/\/noticiasemdestaque.com\/cd\/?p=45814\"]}]},{\"@type\":\"ImageObject\",\"inLanguage\":\"pt-BR\",\"@id\":\"https:\/\/noticiasemdestaque.com\/cd\/?p=45814#primaryimage\",\"url\":\"https:\/\/noticiasemdestaque.com\/cd\/wp-content\/uploads\/2023\/01\/radar-retao-de-manaira.webp\",\"contentUrl\":\"https:\/\/noticiasemdestaque.com\/cd\/wp-content\/uploads\/2023\/01\/radar-retao-de-manaira.webp\",\"width\":984,\"height\":554},{\"@type\":\"BreadcrumbList\",\"@id\":\"https:\/\/noticiasemdestaque.com\/cd\/?p=45814#breadcrumb\",\"itemListElement\":[{\"@type\":\"ListItem\",\"position\":1,\"name\":\"In\u00edcio\",\"item\":\"https:\/\/noticiasemdestaque.com\/cd\/\"},{\"@type\":\"ListItem\",\"position\":2,\"name\":\"Jo\u00e3o Pessoa tem radares eletr\u00f4nicos instalados em 19 novos locais; confira\"}]},{\"@type\":\"WebSite\",\"@id\":\"https:\/\/noticiasemdestaque.com\/cd\/#website\",\"url\":\"https:\/\/noticiasemdestaque.com\/cd\/\",\"name\":\"Not&iacute;cias em Destaque\",\"description\":\"\",\"publisher\":{\"@id\":\"https:\/\/noticiasemdestaque.com\/cd\/#organization\"},\"potentialAction\":[{\"@type\":\"SearchAction\",\"target\":{\"@type\":\"EntryPoint\",\"urlTemplate\":\"https:\/\/noticiasemdestaque.com\/cd\/?s={search_term_string}\"},\"query-input\":{\"@type\":\"PropertyValueSpecification\",\"valueRequired\":true,\"valueName\":\"search_term_string\"}}],\"inLanguage\":\"pt-BR\"},{\"@type\":\"Organization\",\"@id\":\"https:\/\/noticiasemdestaque.com\/cd\/#organization\",\"name\":\"Not\u00edcias em Destaque\",\"url\":\"https:\/\/noticiasemdestaque.com\/cd\/\",\"logo\":{\"@type\":\"ImageObject\",\"inLanguage\":\"pt-BR\",\"@id\":\"https:\/\/noticiasemdestaque.com\/cd\/#\/schema\/logo\/image\/\",\"url\":\"https:\/\/noticiasemdestaque.com\/cd\/wp-content\/uploads\/2022\/05\/imagem-base-noticiasemdestaque.png\",\"contentUrl\":\"https:\/\/noticiasemdestaque.com\/cd\/wp-content\/uploads\/2022\/05\/imagem-base-noticiasemdestaque.png\",\"width\":1200,\"height\":630,\"caption\":\"Not\u00edcias em Destaque\"},\"image\":{\"@id\":\"https:\/\/noticiasemdestaque.com\/cd\/#\/schema\/logo\/image\/\"}},{\"@type\":\"Person\",\"@id\":\"https:\/\/noticiasemdestaque.com\/cd\/#\/schema\/person\/47f7d4f55eec17c6b2ca036c5500f6ce\",\"name\":\"Not\u00edcias em Destaque\",\"url\":\"https:\/\/noticiasemdestaque.com\/cd\/?author=2\"}]}<\/script>\n<!-- \/ Yoast SEO plugin. -->","yoast_head_json":{"title":"Jo\u00e3o Pessoa tem radares eletr\u00f4nicos instalados em 19 novos locais; confira - Not&iacute;cias em Destaque","robots":{"index":"index","follow":"follow","max-snippet":"max-snippet:-1","max-image-preview":"max-image-preview:large","max-video-preview":"max-video-preview:-1"},"canonical":"https:\/\/noticiasemdestaque.com\/cd\/?p=45814","og_locale":"pt_BR","og_type":"article","og_title":"Jo\u00e3o Pessoa tem radares eletr\u00f4nicos instalados em 19 novos locais; confira - Not&iacute;cias em Destaque","og_description":"Pelo menos 19 pontos de\u00a0Jo\u00e3o Pessoa receberam novos radares de velocidade, nesta quarta-feira (25), segundo a Superintend\u00eancia Executiva de Mobilidade Urbana de Jo\u00e3o Pessoa (Semob-JP). De acordo com a prefeitura, agentes de tr\u00e2nsito devem ficar no locais onde est\u00e3o os novos radares para orientar os motoristas at\u00e9 o dia 31 de janeiro. A desativa\u00e7\u00e3o do sistema de lombadas eletr\u00f4nicas nas vias de Jo\u00e3o Pessoa aconteceu desde 30 de agosto em 49 pontos,\u00a0ap\u00f3s mudan\u00e7a de empresa de manuten\u00e7\u00e3o. Com os radares desativados, as c\u00e2meras que est\u00e3o interligadas a eles tamb\u00e9m n\u00e3o funcionavam para registrar o avan\u00e7o ao limite de velocidade. Os equipamentos de fiscaliza\u00e7\u00e3o podem flagrar infra\u00e7\u00f5es de ve\u00edculos que avan\u00e7am em sinais vermelhos, excesso de velocidade e tamb\u00e9m monitoram faixas de pedestres. Agora, a Semob informou que concluiu a instala\u00e7\u00e3o dos equipamentos em 19 pontos, mas por enquanto, os radares rec\u00e9m instalados devem operar apenas em car\u00e1ter educativo. Os corredores da Pedro II, Beira Rio, ladeira do Cui\u00e1 e Hilton Souto Maior est\u00e3o entre os que receberam os equipamentos. Nos radares que j\u00e1 est\u00e3o em funcionamento pleno, as\u00a0infra\u00e7\u00f5es de avan\u00e7o de sinal vermelho e faixa de pedestre ser\u00e3o fiscalizadas das 6h \u00e0s 22h. J\u00e1 as\u00a0infra\u00e7\u00f5es de excesso de limite de velocidade ser\u00e3o fiscalizadas 24 horas. Locais com novos medidores eletr\u00f4nicos de velocidade: Av. Min Jos\u00e9 Am\u00e9rico de Almeida, n\u00ba 183 \u2013 sentido centro Av. Min Jos\u00e9 Am\u00e9rico de Almeida, oposto ao n\u00b0207 \u2013 sentido praia Av. Min Jos\u00e9 Am\u00e9rico de Almeida, n\u00ba 2874 \u2013 sentido praia R. S\u00e9rgio Meira, vizinho ao n\u00ba 618 (Banc\u00e1rios) R. Adalgisa Carneiro Cavalcanti, oposto ao n\u00b0 1401 \u2013 sentido Valentina (Ladeira do Cui\u00e1) R. Adalgisa Carneiro Cavalcanti, 1431 \u2013 sentido Geisel (Ladeira do Cui\u00e1) R. Doutor C\u00edcero Leite, 40m antes da Rua Prof\u00aa. Aida Morency Pinheiro (Valentina) R. Doutor C\u00edcero Leite, quadra 194 \u2013 sentido Geisel \u2013 (Valentina) R. Comerciante Alfredo Ferreira Rocha, n\u00b0 659 sentido centro \u2013(Mangabeira) R. Comerciante Alfredo Ferreira Rocha, n\u00b0 659 sentido bairro (Mangabeira) Av. Mandacaru, 45 metros antes do n\u00b0 877 \u2013 sentido centro Av. Des. Boto de Menezes, oposto ao n\u00b0 861 \u2013 sentido centro (Tambi\u00e1) Av. Hilton Souto Maior, F\u00f3rum Mangabeira \u2013 centro\/bairro Av. Hilton Souto Maior, n\u00b0 81 \u2013 bairro\/centro Av. Dom Pedro II \u2013 Jardim Bot\u00e2nico \u2013 centro\/bairro Av. Pres. Castelo Branco, 30m antes da ponte sobre o Rio Jaguaribe \u2013 sentido centro Av. Pres. Castelo branco, 30m antes da ponte sobre o Rio Jaguaribe \u2013 sentido bairro Av. Fernando Lu\u00eds Henrique x Fl\u00e1vio Ribeiro Coutinho (Jardim Oceania) Av. Fl\u00e1vio Ribeiro Coutinho x Edson Ramalho (Mana\u00edra) Locais com medidores de velocidade ativados e fiscalizando: Av. Fl\u00e1vio Ribeiro Coutinho, n\u00ba 615 (Clube dos Oficiais) Av. Sen. Ruy Carneiro, em frente subesta\u00e7\u00e3o Tamba\u00fa \u2013 sentido praia R. Walfredo Macedo Brand\u00e3o x R. Rosa Lima Dos Santos \u2013 sentido bairro\/centro (Banc\u00e1rios) R. S\u00e9rgio Guerra x R. Francisco Tim\u00f3teo de Souza \u2013 sentido centro\/bairro (Banc\u00e1rios) Noticias em Destaque Fonte: Jornal da Para\u00edba","og_url":"https:\/\/noticiasemdestaque.com\/cd\/?p=45814","og_site_name":"Not&iacute;cias em Destaque","article_published_time":"2023-01-26T11:48:23+00:00","article_modified_time":"2023-01-26T11:48:58+00:00","og_image":[{"width":984,"height":554,"url":"https:\/\/noticiasemdestaque.com\/cd\/wp-content\/uploads\/2023\/01\/radar-retao-de-manaira.webp","type":"image\/webp"}],"author":"Not\u00edcias em Destaque","twitter_card":"summary_large_image","twitter_misc":{"Escrito por":"Not\u00edcias em Destaque","Est. tempo de leitura":"3 minutos"},"schema":{"@context":"https:\/\/schema.org","@graph":[{"@type":"Article","@id":"https:\/\/noticiasemdestaque.com\/cd\/?p=45814#article","isPartOf":{"@id":"https:\/\/noticiasemdestaque.com\/cd\/?p=45814"},"author":{"name":"Not\u00edcias em Destaque","@id":"https:\/\/noticiasemdestaque.com\/cd\/#\/schema\/person\/47f7d4f55eec17c6b2ca036c5500f6ce"},"headline":"Jo\u00e3o Pessoa tem radares eletr\u00f4nicos instalados em 19 novos locais; confira","datePublished":"2023-01-26T11:48:23+00:00","dateModified":"2023-01-26T11:48:58+00:00","mainEntityOfPage":{"@id":"https:\/\/noticiasemdestaque.com\/cd\/?p=45814"},"wordCount":518,"publisher":{"@id":"https:\/\/noticiasemdestaque.com\/cd\/#organization"},"image":{"@id":"https:\/\/noticiasemdestaque.com\/cd\/?p=45814#primaryimage"},"thumbnailUrl":"https:\/\/noticiasemdestaque.com\/cd\/wp-content\/uploads\/2023\/01\/radar-retao-de-manaira.webp","articleSection":["Geral"],"inLanguage":"pt-BR"},{"@type":"WebPage","@id":"https:\/\/noticiasemdestaque.com\/cd\/?p=45814","url":"https:\/\/noticiasemdestaque.com\/cd\/?p=45814","name":"Jo\u00e3o Pessoa tem radares eletr\u00f4nicos instalados em 19 novos locais; confira - Not&iacute;cias em Destaque","isPartOf":{"@id":"https:\/\/noticiasemdestaque.com\/cd\/#website"},"primaryImageOfPage":{"@id":"https:\/\/noticiasemdestaque.com\/cd\/?p=45814#primaryimage"},"image":{"@id":"https:\/\/noticiasemdestaque.com\/cd\/?p=45814#primaryimage"},"thumbnailUrl":"https:\/\/noticiasemdestaque.com\/cd\/wp-content\/uploads\/2023\/01\/radar-retao-de-manaira.webp","datePublished":"2023-01-26T11:48:23+00:00","dateModified":"2023-01-26T11:48:58+00:00","breadcrumb":{"@id":"https:\/\/noticiasemdestaque.com\/cd\/?p=45814#breadcrumb"},"inLanguage":"pt-BR","potentialAction":[{"@type":"ReadAction","target":["https:\/\/noticiasemdestaque.com\/cd\/?p=45814"]}]},{"@type":"ImageObject","inLanguage":"pt-BR","@id":"https:\/\/noticiasemdestaque.com\/cd\/?p=45814#primaryimage","url":"https:\/\/noticiasemdestaque.com\/cd\/wp-content\/uploads\/2023\/01\/radar-retao-de-manaira.webp","contentUrl":"https:\/\/noticiasemdestaque.com\/cd\/wp-content\/uploads\/2023\/01\/radar-retao-de-manaira.webp","width":984,"height":554},{"@type":"BreadcrumbList","@id":"https:\/\/noticiasemdestaque.com\/cd\/?p=45814#breadcrumb","itemListElement":[{"@type":"ListItem","position":1,"name":"In\u00edcio","item":"https:\/\/noticiasemdestaque.com\/cd\/"},{"@type":"ListItem","position":2,"name":"Jo\u00e3o Pessoa tem radares eletr\u00f4nicos instalados em 19 novos locais; confira"}]},{"@type":"WebSite","@id":"https:\/\/noticiasemdestaque.com\/cd\/#website","url":"https:\/\/noticiasemdestaque.com\/cd\/","name":"Not&iacute;cias em Destaque","description":"","publisher":{"@id":"https:\/\/noticiasemdestaque.com\/cd\/#organization"},"potentialAction":[{"@type":"SearchAction","target":{"@type":"EntryPoint","urlTemplate":"https:\/\/noticiasemdestaque.com\/cd\/?s={search_term_string}"},"query-input":{"@type":"PropertyValueSpecification","valueRequired":true,"valueName":"search_term_string"}}],"inLanguage":"pt-BR"},{"@type":"Organization","@id":"https:\/\/noticiasemdestaque.com\/cd\/#organization","name":"Not\u00edcias em Destaque","url":"https:\/\/noticiasemdestaque.com\/cd\/","logo":{"@type":"ImageObject","inLanguage":"pt-BR","@id":"https:\/\/noticiasemdestaque.com\/cd\/#\/schema\/logo\/image\/","url":"https:\/\/noticiasemdestaque.com\/cd\/wp-content\/uploads\/2022\/05\/imagem-base-noticiasemdestaque.png","contentUrl":"https:\/\/noticiasemdestaque.com\/cd\/wp-content\/uploads\/2022\/05\/imagem-base-noticiasemdestaque.png","width":1200,"height":630,"caption":"Not\u00edcias em Destaque"},"image":{"@id":"https:\/\/noticiasemdestaque.com\/cd\/#\/schema\/logo\/image\/"}},{"@type":"Person","@id":"https:\/\/noticiasemdestaque.com\/cd\/#\/schema\/person\/47f7d4f55eec17c6b2ca036c5500f6ce","name":"Not\u00edcias em Destaque","url":"https:\/\/noticiasemdestaque.com\/cd\/?author=2"}]}},"jetpack_featured_media_url":"https:\/\/noticiasemdestaque.com\/cd\/wp-content\/uploads\/2023\/01\/radar-retao-de-manaira.webp","jetpack_sharing_enabled":true,"_links":{"self":[{"href":"https:\/\/noticiasemdestaque.com\/cd\/index.php?rest_route=\/wp\/v2\/posts\/45814","targetHints":{"allow":["GET"]}}],"collection":[{"href":"https:\/\/noticiasemdestaque.com\/cd\/index.php?rest_route=\/wp\/v2\/posts"}],"about":[{"href":"https:\/\/noticiasemdestaque.com\/cd\/index.php?rest_route=\/wp\/v2\/types\/post"}],"author":[{"embeddable":true,"href":"https:\/\/noticiasemdestaque.com\/cd\/index.php?rest_route=\/wp\/v2\/users\/2"}],"replies":[{"embeddable":true,"href":"https:\/\/noticiasemdestaque.com\/cd\/index.php?rest_route=%2Fwp%2Fv2%2Fcomments&post=45814"}],"version-history":[{"count":1,"href":"https:\/\/noticiasemdestaque.com\/cd\/index.php?rest_route=\/wp\/v2\/posts\/45814\/revisions"}],"predecessor-version":[{"id":45816,"href":"https:\/\/noticiasemdestaque.com\/cd\/index.php?rest_route=\/wp\/v2\/posts\/45814\/revisions\/45816"}],"wp:featuredmedia":[{"embeddable":true,"href":"https:\/\/noticiasemdestaque.com\/cd\/index.php?rest_route=\/wp\/v2\/media\/45815"}],"wp:attachment":[{"href":"https:\/\/noticiasemdestaque.com\/cd\/index.php?rest_route=%2Fwp%2Fv2%2Fmedia&parent=45814"}],"wp:term":[{"taxonomy":"category","embeddable":true,"href":"https:\/\/noticiasemdestaque.com\/cd\/index.php?rest_route=%2Fwp%2Fv2%2Fcategories&post=45814"},{"taxonomy":"post_tag","embeddable":true,"href":"https:\/\/noticiasemdestaque.com\/cd\/index.php?rest_route=%2Fwp%2Fv2%2Ftags&post=45814"}],"curies":[{"name":"wp","href":"https:\/\/api.w.org\/{rel}","templated":true}]}}