{"id":45811,"date":"2023-01-26T08:12:25","date_gmt":"2023-01-26T11:12:25","guid":{"rendered":"https:\/\/noticiasemdestaque.com\/cd\/?p=45811"},"modified":"2023-01-26T08:12:25","modified_gmt":"2023-01-26T11:12:25","slug":"prefeitura-de-serra-branca-confirma-seu-evento-de-carnaval-e-anuncia-as-atracoes-musicais","status":"publish","type":"post","link":"https:\/\/noticiasemdestaque.com\/cd\/?p=45811","title":{"rendered":"Prefeitura de Serra Branca confirma seu evento de carnaval e anuncia as atra\u00e7\u00f5es musicais"},"content":{"rendered":"<p><a href=\"https:\/\/noticiasemdestaque.com\/cd\/wp-content\/uploads\/2023\/01\/serra_branca_praca.jpg\"><img fetchpriority=\"high\" decoding=\"async\" class=\"alignnone  wp-image-45812\" src=\"https:\/\/noticiasemdestaque.com\/cd\/wp-content\/uploads\/2023\/01\/serra_branca_praca-300x167.jpg\" alt=\"\" width=\"1040\" height=\"579\" srcset=\"https:\/\/noticiasemdestaque.com\/cd\/wp-content\/uploads\/2023\/01\/serra_branca_praca-300x167.jpg 300w, https:\/\/noticiasemdestaque.com\/cd\/wp-content\/uploads\/2023\/01\/serra_branca_praca-18x10.jpg 18w, https:\/\/noticiasemdestaque.com\/cd\/wp-content\/uploads\/2023\/01\/serra_branca_praca.jpg 512w\" sizes=\"(max-width: 1040px) 100vw, 1040px\" \/><\/a><\/p>\n<p>A Prefeitura de Serra Branca, por determina\u00e7\u00e3o do prefeito Souzinha, se organizou previamente e definiu as atra\u00e7\u00f5es musicais de seu carnaval de rua. O carnaval de Serra Branca contar\u00e1 com uma grande programa\u00e7\u00e3o, tendo os shows na pra\u00e7a principal como principal atrativo do evento carnavalesco.<\/p>\n<p>O Carnaval denominado \u201cO Melhor do Cariri\u201d, contar\u00e1 com v\u00e1rios dias de shows, tendo as presen\u00e7as das bandas Cana Baiana, Bruninho Paiva, Alysson, Jonny Garotinho, Bedeu Quirino, Wendel Borges e DJ Pedro.<\/p>\n<figure class=\"wp-block-image aligncenter size-full is-resized\"><img decoding=\"async\" class=\"wp-image-117749\" src=\"https:\/\/deolhonocariri.com.br\/wp-content\/uploads\/2023\/01\/IMG-20230125-WA0020-1-768x941-1.jpg\" sizes=\"(max-width: 597px) 100vw, 597px\" srcset=\"https:\/\/deolhonocariri.com.br\/wp-content\/uploads\/2023\/01\/IMG-20230125-WA0020-1-768x941-1.jpg 768w, https:\/\/deolhonocariri.com.br\/wp-content\/uploads\/2023\/01\/IMG-20230125-WA0020-1-768x941-1-490x600.jpg 490w, https:\/\/deolhonocariri.com.br\/wp-content\/uploads\/2023\/01\/IMG-20230125-WA0020-1-768x941-1-326x400.jpg 326w\" alt=\"\" width=\"597\" height=\"731\" \/><\/figure>\n<p>A Prefeitura Municipal montar\u00e1 toda uma estrutura para oferecer o melhor a todos que v\u00e3o prestigiar o evento que promete atrair um grande p\u00fablico.<\/p>\n<p>Segundo o prefeito Souzinha, o carnaval em Serra Branca tem se tornado uma tradi\u00e7\u00e3o natural ao longo dos \u00faltimos anos e a Prefeitura este ano dar\u00e1 todo o apoio, visando garantir a alegria dos foli\u00f5es e at\u00e9 receber visitantes das cidades vizinhas.<\/p>\n<p>Toda a programa\u00e7\u00e3o completa do Carnaval de Serra Branca com as datas e hor\u00e1rios de cada atra\u00e7\u00e3o anunciada ser\u00e3o anunciadas em breve pela gest\u00e3o municipal.<\/p>\n<p><strong>Noticias em Destaque<\/strong><\/p>\n<p style=\"text-align: right;\"><em>Fonte: De Olho no Cariri<\/em><\/p>\n","protected":false},"excerpt":{"rendered":"<p>A Prefeitura de Serra Branca, por determina\u00e7\u00e3o do prefeito Souzinha, se organizou previamente e definiu as atra\u00e7\u00f5es musicais de seu carnaval de rua. O carnaval de Serra Branca contar\u00e1 com uma grande programa\u00e7\u00e3o, tendo os shows na pra\u00e7a principal como principal atrativo do evento carnavalesco. O Carnaval denominado \u201cO Melhor do Cariri\u201d, contar\u00e1 com v\u00e1rios dias de shows, tendo as presen\u00e7as das bandas Cana Baiana, Bruninho Paiva, Alysson, Jonny Garotinho, Bedeu Quirino, Wendel Borges e DJ Pedro. A Prefeitura Municipal montar\u00e1 toda uma estrutura para oferecer o melhor a todos que v\u00e3o prestigiar o evento que promete atrair um grande p\u00fablico. Segundo o prefeito Souzinha, o carnaval em Serra Branca tem se tornado uma tradi\u00e7\u00e3o natural ao longo dos \u00faltimos anos e a Prefeitura este ano dar\u00e1 todo o apoio, visando garantir a alegria dos foli\u00f5es e at\u00e9 receber visitantes das cidades vizinhas. Toda a programa\u00e7\u00e3o completa do Carnaval de Serra Branca com as datas e hor\u00e1rios de cada atra\u00e7\u00e3o anunciada ser\u00e3o anunciadas em breve pela gest\u00e3o municipal. Noticias em Destaque Fonte: De Olho no Cariri<\/p>\n","protected":false},"author":2,"featured_media":45812,"comment_status":"closed","ping_status":"open","sticky":false,"template":"","format":"standard","meta":{"_eb_attr":"","_jetpack_memberships_contains_paid_content":false,"footnotes":""},"categories":[3],"tags":[],"class_list":["post-45811","post","type-post","status-publish","format-standard","has-post-thumbnail","hentry","category-cidades"],"yoast_head":"<!-- This site is optimized with the Yoast SEO plugin v26.5 - https:\/\/yoast.com\/wordpress\/plugins\/seo\/ -->\n<title>Prefeitura de Serra Branca confirma seu evento de carnaval e anuncia as atra\u00e7\u00f5es musicais - Not&iacute;cias em Destaque<\/title>\n<meta name=\"robots\" content=\"index, follow, max-snippet:-1, max-image-preview:large, max-video-preview:-1\" \/>\n<link rel=\"canonical\" href=\"https:\/\/noticiasemdestaque.com\/cd\/?p=45811\" \/>\n<meta property=\"og:locale\" content=\"pt_BR\" \/>\n<meta property=\"og:type\" content=\"article\" \/>\n<meta property=\"og:title\" content=\"Prefeitura de Serra Branca confirma seu evento de carnaval e anuncia as atra\u00e7\u00f5es musicais - Not&iacute;cias em Destaque\" \/>\n<meta property=\"og:description\" content=\"A Prefeitura de Serra Branca, por determina\u00e7\u00e3o do prefeito Souzinha, se organizou previamente e definiu as atra\u00e7\u00f5es musicais de seu carnaval de rua. O carnaval de Serra Branca contar\u00e1 com uma grande programa\u00e7\u00e3o, tendo os shows na pra\u00e7a principal como principal atrativo do evento carnavalesco. O Carnaval denominado \u201cO Melhor do Cariri\u201d, contar\u00e1 com v\u00e1rios dias de shows, tendo as presen\u00e7as das bandas Cana Baiana, Bruninho Paiva, Alysson, Jonny Garotinho, Bedeu Quirino, Wendel Borges e DJ Pedro. A Prefeitura Municipal montar\u00e1 toda uma estrutura para oferecer o melhor a todos que v\u00e3o prestigiar o evento que promete atrair um grande p\u00fablico. Segundo o prefeito Souzinha, o carnaval em Serra Branca tem se tornado uma tradi\u00e7\u00e3o natural ao longo dos \u00faltimos anos e a Prefeitura este ano dar\u00e1 todo o apoio, visando garantir a alegria dos foli\u00f5es e at\u00e9 receber visitantes das cidades vizinhas. Toda a programa\u00e7\u00e3o completa do Carnaval de Serra Branca com as datas e hor\u00e1rios de cada atra\u00e7\u00e3o anunciada ser\u00e3o anunciadas em breve pela gest\u00e3o municipal. Noticias em Destaque Fonte: De Olho no Cariri\" \/>\n<meta property=\"og:url\" content=\"https:\/\/noticiasemdestaque.com\/cd\/?p=45811\" \/>\n<meta property=\"og:site_name\" content=\"Not&iacute;cias em Destaque\" \/>\n<meta property=\"article:published_time\" content=\"2023-01-26T11:12:25+00:00\" \/>\n<meta property=\"og:image\" content=\"https:\/\/noticiasemdestaque.com\/cd\/wp-content\/uploads\/2023\/01\/serra_branca_praca.jpg\" \/>\n\t<meta property=\"og:image:width\" content=\"512\" \/>\n\t<meta property=\"og:image:height\" content=\"285\" \/>\n\t<meta property=\"og:image:type\" content=\"image\/jpeg\" \/>\n<meta name=\"author\" content=\"Not\u00edcias em Destaque\" \/>\n<meta name=\"twitter:card\" content=\"summary_large_image\" \/>\n<meta name=\"twitter:label1\" content=\"Escrito por\" \/>\n\t<meta name=\"twitter:data1\" content=\"Not\u00edcias em Destaque\" \/>\n\t<meta name=\"twitter:label2\" content=\"Est. tempo de leitura\" \/>\n\t<meta name=\"twitter:data2\" content=\"2 minutos\" \/>\n<script type=\"application\/ld+json\" class=\"yoast-schema-graph\">{\"@context\":\"https:\/\/schema.org\",\"@graph\":[{\"@type\":\"Article\",\"@id\":\"https:\/\/noticiasemdestaque.com\/cd\/?p=45811#article\",\"isPartOf\":{\"@id\":\"https:\/\/noticiasemdestaque.com\/cd\/?p=45811\"},\"author\":{\"name\":\"Not\u00edcias em Destaque\",\"@id\":\"https:\/\/noticiasemdestaque.com\/cd\/#\/schema\/person\/47f7d4f55eec17c6b2ca036c5500f6ce\"},\"headline\":\"Prefeitura de Serra Branca confirma seu evento de carnaval e anuncia as atra\u00e7\u00f5es musicais\",\"datePublished\":\"2023-01-26T11:12:25+00:00\",\"mainEntityOfPage\":{\"@id\":\"https:\/\/noticiasemdestaque.com\/cd\/?p=45811\"},\"wordCount\":206,\"publisher\":{\"@id\":\"https:\/\/noticiasemdestaque.com\/cd\/#organization\"},\"image\":{\"@id\":\"https:\/\/noticiasemdestaque.com\/cd\/?p=45811#primaryimage\"},\"thumbnailUrl\":\"https:\/\/noticiasemdestaque.com\/cd\/wp-content\/uploads\/2023\/01\/serra_branca_praca.jpg\",\"articleSection\":[\"Cidades\"],\"inLanguage\":\"pt-BR\"},{\"@type\":\"WebPage\",\"@id\":\"https:\/\/noticiasemdestaque.com\/cd\/?p=45811\",\"url\":\"https:\/\/noticiasemdestaque.com\/cd\/?p=45811\",\"name\":\"Prefeitura de Serra Branca confirma seu evento de carnaval e anuncia as atra\u00e7\u00f5es musicais - Not&iacute;cias em Destaque\",\"isPartOf\":{\"@id\":\"https:\/\/noticiasemdestaque.com\/cd\/#website\"},\"primaryImageOfPage\":{\"@id\":\"https:\/\/noticiasemdestaque.com\/cd\/?p=45811#primaryimage\"},\"image\":{\"@id\":\"https:\/\/noticiasemdestaque.com\/cd\/?p=45811#primaryimage\"},\"thumbnailUrl\":\"https:\/\/noticiasemdestaque.com\/cd\/wp-content\/uploads\/2023\/01\/serra_branca_praca.jpg\",\"datePublished\":\"2023-01-26T11:12:25+00:00\",\"breadcrumb\":{\"@id\":\"https:\/\/noticiasemdestaque.com\/cd\/?p=45811#breadcrumb\"},\"inLanguage\":\"pt-BR\",\"potentialAction\":[{\"@type\":\"ReadAction\",\"target\":[\"https:\/\/noticiasemdestaque.com\/cd\/?p=45811\"]}]},{\"@type\":\"ImageObject\",\"inLanguage\":\"pt-BR\",\"@id\":\"https:\/\/noticiasemdestaque.com\/cd\/?p=45811#primaryimage\",\"url\":\"https:\/\/noticiasemdestaque.com\/cd\/wp-content\/uploads\/2023\/01\/serra_branca_praca.jpg\",\"contentUrl\":\"https:\/\/noticiasemdestaque.com\/cd\/wp-content\/uploads\/2023\/01\/serra_branca_praca.jpg\",\"width\":512,\"height\":285},{\"@type\":\"BreadcrumbList\",\"@id\":\"https:\/\/noticiasemdestaque.com\/cd\/?p=45811#breadcrumb\",\"itemListElement\":[{\"@type\":\"ListItem\",\"position\":1,\"name\":\"In\u00edcio\",\"item\":\"https:\/\/noticiasemdestaque.com\/cd\/\"},{\"@type\":\"ListItem\",\"position\":2,\"name\":\"Prefeitura de Serra Branca confirma seu evento de carnaval e anuncia as atra\u00e7\u00f5es musicais\"}]},{\"@type\":\"WebSite\",\"@id\":\"https:\/\/noticiasemdestaque.com\/cd\/#website\",\"url\":\"https:\/\/noticiasemdestaque.com\/cd\/\",\"name\":\"Not&iacute;cias em Destaque\",\"description\":\"\",\"publisher\":{\"@id\":\"https:\/\/noticiasemdestaque.com\/cd\/#organization\"},\"potentialAction\":[{\"@type\":\"SearchAction\",\"target\":{\"@type\":\"EntryPoint\",\"urlTemplate\":\"https:\/\/noticiasemdestaque.com\/cd\/?s={search_term_string}\"},\"query-input\":{\"@type\":\"PropertyValueSpecification\",\"valueRequired\":true,\"valueName\":\"search_term_string\"}}],\"inLanguage\":\"pt-BR\"},{\"@type\":\"Organization\",\"@id\":\"https:\/\/noticiasemdestaque.com\/cd\/#organization\",\"name\":\"Not\u00edcias em Destaque\",\"url\":\"https:\/\/noticiasemdestaque.com\/cd\/\",\"logo\":{\"@type\":\"ImageObject\",\"inLanguage\":\"pt-BR\",\"@id\":\"https:\/\/noticiasemdestaque.com\/cd\/#\/schema\/logo\/image\/\",\"url\":\"https:\/\/noticiasemdestaque.com\/cd\/wp-content\/uploads\/2022\/05\/imagem-base-noticiasemdestaque.png\",\"contentUrl\":\"https:\/\/noticiasemdestaque.com\/cd\/wp-content\/uploads\/2022\/05\/imagem-base-noticiasemdestaque.png\",\"width\":1200,\"height\":630,\"caption\":\"Not\u00edcias em Destaque\"},\"image\":{\"@id\":\"https:\/\/noticiasemdestaque.com\/cd\/#\/schema\/logo\/image\/\"}},{\"@type\":\"Person\",\"@id\":\"https:\/\/noticiasemdestaque.com\/cd\/#\/schema\/person\/47f7d4f55eec17c6b2ca036c5500f6ce\",\"name\":\"Not\u00edcias em Destaque\",\"url\":\"https:\/\/noticiasemdestaque.com\/cd\/?author=2\"}]}<\/script>\n<!-- \/ Yoast SEO plugin. -->","yoast_head_json":{"title":"Prefeitura de Serra Branca confirma seu evento de carnaval e anuncia as atra\u00e7\u00f5es musicais - Not&iacute;cias em Destaque","robots":{"index":"index","follow":"follow","max-snippet":"max-snippet:-1","max-image-preview":"max-image-preview:large","max-video-preview":"max-video-preview:-1"},"canonical":"https:\/\/noticiasemdestaque.com\/cd\/?p=45811","og_locale":"pt_BR","og_type":"article","og_title":"Prefeitura de Serra Branca confirma seu evento de carnaval e anuncia as atra\u00e7\u00f5es musicais - Not&iacute;cias em Destaque","og_description":"A Prefeitura de Serra Branca, por determina\u00e7\u00e3o do prefeito Souzinha, se organizou previamente e definiu as atra\u00e7\u00f5es musicais de seu carnaval de rua. O carnaval de Serra Branca contar\u00e1 com uma grande programa\u00e7\u00e3o, tendo os shows na pra\u00e7a principal como principal atrativo do evento carnavalesco. O Carnaval denominado \u201cO Melhor do Cariri\u201d, contar\u00e1 com v\u00e1rios dias de shows, tendo as presen\u00e7as das bandas Cana Baiana, Bruninho Paiva, Alysson, Jonny Garotinho, Bedeu Quirino, Wendel Borges e DJ Pedro. A Prefeitura Municipal montar\u00e1 toda uma estrutura para oferecer o melhor a todos que v\u00e3o prestigiar o evento que promete atrair um grande p\u00fablico. Segundo o prefeito Souzinha, o carnaval em Serra Branca tem se tornado uma tradi\u00e7\u00e3o natural ao longo dos \u00faltimos anos e a Prefeitura este ano dar\u00e1 todo o apoio, visando garantir a alegria dos foli\u00f5es e at\u00e9 receber visitantes das cidades vizinhas. Toda a programa\u00e7\u00e3o completa do Carnaval de Serra Branca com as datas e hor\u00e1rios de cada atra\u00e7\u00e3o anunciada ser\u00e3o anunciadas em breve pela gest\u00e3o municipal. Noticias em Destaque Fonte: De Olho no Cariri","og_url":"https:\/\/noticiasemdestaque.com\/cd\/?p=45811","og_site_name":"Not&iacute;cias em Destaque","article_published_time":"2023-01-26T11:12:25+00:00","og_image":[{"width":512,"height":285,"url":"https:\/\/noticiasemdestaque.com\/cd\/wp-content\/uploads\/2023\/01\/serra_branca_praca.jpg","type":"image\/jpeg"}],"author":"Not\u00edcias em Destaque","twitter_card":"summary_large_image","twitter_misc":{"Escrito por":"Not\u00edcias em Destaque","Est. tempo de leitura":"2 minutos"},"schema":{"@context":"https:\/\/schema.org","@graph":[{"@type":"Article","@id":"https:\/\/noticiasemdestaque.com\/cd\/?p=45811#article","isPartOf":{"@id":"https:\/\/noticiasemdestaque.com\/cd\/?p=45811"},"author":{"name":"Not\u00edcias em Destaque","@id":"https:\/\/noticiasemdestaque.com\/cd\/#\/schema\/person\/47f7d4f55eec17c6b2ca036c5500f6ce"},"headline":"Prefeitura de Serra Branca confirma seu evento de carnaval e anuncia as atra\u00e7\u00f5es musicais","datePublished":"2023-01-26T11:12:25+00:00","mainEntityOfPage":{"@id":"https:\/\/noticiasemdestaque.com\/cd\/?p=45811"},"wordCount":206,"publisher":{"@id":"https:\/\/noticiasemdestaque.com\/cd\/#organization"},"image":{"@id":"https:\/\/noticiasemdestaque.com\/cd\/?p=45811#primaryimage"},"thumbnailUrl":"https:\/\/noticiasemdestaque.com\/cd\/wp-content\/uploads\/2023\/01\/serra_branca_praca.jpg","articleSection":["Cidades"],"inLanguage":"pt-BR"},{"@type":"WebPage","@id":"https:\/\/noticiasemdestaque.com\/cd\/?p=45811","url":"https:\/\/noticiasemdestaque.com\/cd\/?p=45811","name":"Prefeitura de Serra Branca confirma seu evento de carnaval e anuncia as atra\u00e7\u00f5es musicais - Not&iacute;cias em Destaque","isPartOf":{"@id":"https:\/\/noticiasemdestaque.com\/cd\/#website"},"primaryImageOfPage":{"@id":"https:\/\/noticiasemdestaque.com\/cd\/?p=45811#primaryimage"},"image":{"@id":"https:\/\/noticiasemdestaque.com\/cd\/?p=45811#primaryimage"},"thumbnailUrl":"https:\/\/noticiasemdestaque.com\/cd\/wp-content\/uploads\/2023\/01\/serra_branca_praca.jpg","datePublished":"2023-01-26T11:12:25+00:00","breadcrumb":{"@id":"https:\/\/noticiasemdestaque.com\/cd\/?p=45811#breadcrumb"},"inLanguage":"pt-BR","potentialAction":[{"@type":"ReadAction","target":["https:\/\/noticiasemdestaque.com\/cd\/?p=45811"]}]},{"@type":"ImageObject","inLanguage":"pt-BR","@id":"https:\/\/noticiasemdestaque.com\/cd\/?p=45811#primaryimage","url":"https:\/\/noticiasemdestaque.com\/cd\/wp-content\/uploads\/2023\/01\/serra_branca_praca.jpg","contentUrl":"https:\/\/noticiasemdestaque.com\/cd\/wp-content\/uploads\/2023\/01\/serra_branca_praca.jpg","width":512,"height":285},{"@type":"BreadcrumbList","@id":"https:\/\/noticiasemdestaque.com\/cd\/?p=45811#breadcrumb","itemListElement":[{"@type":"ListItem","position":1,"name":"In\u00edcio","item":"https:\/\/noticiasemdestaque.com\/cd\/"},{"@type":"ListItem","position":2,"name":"Prefeitura de Serra Branca confirma seu evento de carnaval e anuncia as atra\u00e7\u00f5es musicais"}]},{"@type":"WebSite","@id":"https:\/\/noticiasemdestaque.com\/cd\/#website","url":"https:\/\/noticiasemdestaque.com\/cd\/","name":"Not&iacute;cias em Destaque","description":"","publisher":{"@id":"https:\/\/noticiasemdestaque.com\/cd\/#organization"},"potentialAction":[{"@type":"SearchAction","target":{"@type":"EntryPoint","urlTemplate":"https:\/\/noticiasemdestaque.com\/cd\/?s={search_term_string}"},"query-input":{"@type":"PropertyValueSpecification","valueRequired":true,"valueName":"search_term_string"}}],"inLanguage":"pt-BR"},{"@type":"Organization","@id":"https:\/\/noticiasemdestaque.com\/cd\/#organization","name":"Not\u00edcias em Destaque","url":"https:\/\/noticiasemdestaque.com\/cd\/","logo":{"@type":"ImageObject","inLanguage":"pt-BR","@id":"https:\/\/noticiasemdestaque.com\/cd\/#\/schema\/logo\/image\/","url":"https:\/\/noticiasemdestaque.com\/cd\/wp-content\/uploads\/2022\/05\/imagem-base-noticiasemdestaque.png","contentUrl":"https:\/\/noticiasemdestaque.com\/cd\/wp-content\/uploads\/2022\/05\/imagem-base-noticiasemdestaque.png","width":1200,"height":630,"caption":"Not\u00edcias em Destaque"},"image":{"@id":"https:\/\/noticiasemdestaque.com\/cd\/#\/schema\/logo\/image\/"}},{"@type":"Person","@id":"https:\/\/noticiasemdestaque.com\/cd\/#\/schema\/person\/47f7d4f55eec17c6b2ca036c5500f6ce","name":"Not\u00edcias em Destaque","url":"https:\/\/noticiasemdestaque.com\/cd\/?author=2"}]}},"jetpack_featured_media_url":"https:\/\/noticiasemdestaque.com\/cd\/wp-content\/uploads\/2023\/01\/serra_branca_praca.jpg","jetpack_sharing_enabled":true,"_links":{"self":[{"href":"https:\/\/noticiasemdestaque.com\/cd\/index.php?rest_route=\/wp\/v2\/posts\/45811","targetHints":{"allow":["GET"]}}],"collection":[{"href":"https:\/\/noticiasemdestaque.com\/cd\/index.php?rest_route=\/wp\/v2\/posts"}],"about":[{"href":"https:\/\/noticiasemdestaque.com\/cd\/index.php?rest_route=\/wp\/v2\/types\/post"}],"author":[{"embeddable":true,"href":"https:\/\/noticiasemdestaque.com\/cd\/index.php?rest_route=\/wp\/v2\/users\/2"}],"replies":[{"embeddable":true,"href":"https:\/\/noticiasemdestaque.com\/cd\/index.php?rest_route=%2Fwp%2Fv2%2Fcomments&post=45811"}],"version-history":[{"count":1,"href":"https:\/\/noticiasemdestaque.com\/cd\/index.php?rest_route=\/wp\/v2\/posts\/45811\/revisions"}],"predecessor-version":[{"id":45813,"href":"https:\/\/noticiasemdestaque.com\/cd\/index.php?rest_route=\/wp\/v2\/posts\/45811\/revisions\/45813"}],"wp:featuredmedia":[{"embeddable":true,"href":"https:\/\/noticiasemdestaque.com\/cd\/index.php?rest_route=\/wp\/v2\/media\/45812"}],"wp:attachment":[{"href":"https:\/\/noticiasemdestaque.com\/cd\/index.php?rest_route=%2Fwp%2Fv2%2Fmedia&parent=45811"}],"wp:term":[{"taxonomy":"category","embeddable":true,"href":"https:\/\/noticiasemdestaque.com\/cd\/index.php?rest_route=%2Fwp%2Fv2%2Fcategories&post=45811"},{"taxonomy":"post_tag","embeddable":true,"href":"https:\/\/noticiasemdestaque.com\/cd\/index.php?rest_route=%2Fwp%2Fv2%2Ftags&post=45811"}],"curies":[{"name":"wp","href":"https:\/\/api.w.org\/{rel}","templated":true}]}}