{"id":45804,"date":"2023-01-25T22:42:44","date_gmt":"2023-01-26T01:42:44","guid":{"rendered":"https:\/\/noticiasemdestaque.com\/cd\/?p=45804"},"modified":"2023-01-25T23:07:12","modified_gmt":"2023-01-26T02:07:12","slug":"prefeitura-de-camalau-divulga-a-programacao-completa-do-carnaval-2023","status":"publish","type":"post","link":"https:\/\/noticiasemdestaque.com\/cd\/?p=45804","title":{"rendered":"Prefeitura de Camala\u00fa divulga a programa\u00e7\u00e3o completa do Carnaval 2023"},"content":{"rendered":"<p>&nbsp;<\/p>\n<p><a href=\"https:\/\/noticiasemdestaque.com\/cd\/wp-content\/uploads\/2023\/01\/234de044-ada3-4e01-aaca-4961b0e454b3.jpeg\"><img fetchpriority=\"high\" decoding=\"async\" class=\"wp-image-45809 size-full aligncenter\" src=\"https:\/\/noticiasemdestaque.com\/cd\/wp-content\/uploads\/2023\/01\/234de044-ada3-4e01-aaca-4961b0e454b3.jpeg\" alt=\"\" width=\"1280\" height=\"640\" srcset=\"https:\/\/noticiasemdestaque.com\/cd\/wp-content\/uploads\/2023\/01\/234de044-ada3-4e01-aaca-4961b0e454b3.jpeg 1280w, https:\/\/noticiasemdestaque.com\/cd\/wp-content\/uploads\/2023\/01\/234de044-ada3-4e01-aaca-4961b0e454b3-300x150.jpeg 300w, https:\/\/noticiasemdestaque.com\/cd\/wp-content\/uploads\/2023\/01\/234de044-ada3-4e01-aaca-4961b0e454b3-1024x512.jpeg 1024w, https:\/\/noticiasemdestaque.com\/cd\/wp-content\/uploads\/2023\/01\/234de044-ada3-4e01-aaca-4961b0e454b3-768x384.jpeg 768w, https:\/\/noticiasemdestaque.com\/cd\/wp-content\/uploads\/2023\/01\/234de044-ada3-4e01-aaca-4961b0e454b3-18x9.jpeg 18w\" sizes=\"(max-width: 1280px) 100vw, 1280px\" \/><\/a><\/p>\n<p>O prefeito de Camala\u00fa, Bira Mariano, divulgou nesta quarta-feira (25), a programa\u00e7\u00e3o do tradicional Carnaval 2023.<\/p>\n<p>O evento denominado &#8220;O Gigante do Cariri&#8221; ir\u00e1 acontecer entre os dias 16 a 22 no Balne\u00e1rio P\u00fablico, Pra\u00e7a de Eventos, Distrito do Pindur\u00e3o e ruas do munic\u00edpio.<\/p>\n<p><strong>Programa\u00e7\u00e3o:<\/strong><\/p>\n<p>12\/02 Feijoada do Gordo;<\/p>\n<p><strong>16\/ 02- Quinta-feira:<\/strong><\/p>\n<p>Mano Show (Festa da Terceira Idade)- Balne\u00e1rio P\u00fablico;<\/p>\n<p><strong>17\/02- Sexta-Feira:<\/strong><\/p>\n<p>Klau e Franklin Dias (Para as crian\u00e7as)\/ Balne\u00e1rio P\u00fablico;<\/p>\n<p><strong>18\/02- S\u00e1bado:<\/strong><\/p>\n<p>Bloco do Z\u00e9 Pereira nas ruas da cidade;<\/p>\n<p>22h- Banda Carta de Baralho e 00h- Cana Baiana (Pra\u00e7a de Eventos);<\/p>\n<p><strong>19\/02- Domingo:<\/strong><\/p>\n<p>11h- Kiel do Acordeom, 14h- Banda Feras, 16h- Bonde do Gato Preto (Balne\u00e1rio P\u00fablico)<\/p>\n<p>20h: Bloco das Virgens; com shows de DD Motos;<\/p>\n<p>21h: Vitor Hugo.<\/p>\n<p><strong>20\/02- Segunda-feira:<\/strong><\/p>\n<p>11h- DD Motos (Pindir\u00e3o);<br \/>\n13h30-Tiaguinho Show (Pindur\u00e3o)<br \/>\n16h- DJ Marcilio (Pindur\u00e3o)<\/p>\n<p>11h- Ragner Fox e Yanka (Balne\u00e1rio)<br \/>\n13h30- Gilson Mania (Balne\u00e1rio)<br \/>\n16h- Gil Bala (Balne\u00e1rio)<\/p>\n<p>21h Claudenir Fernandes<\/p>\n<p><strong>21\/02- Ter\u00e7a-feira<\/strong><\/p>\n<p>11h-Pegada Segura- ( Balne\u00e1rio)<\/p>\n<p>13h30- Michelle Andrade (Balne\u00e1rio)<\/p>\n<p>16h- Dod\u00f3 Press\u00e3o- (Balne\u00e1rio)<\/p>\n<p>20h- Desfile Bloco da Saudade;<\/p>\n<p>21h\u00a0 Banda Saia Justa na Pra\u00e7a de Eventos.<\/p>\n<p><strong>22\/02: Quarta-feira ( Festa dos barraqueiros no Balne\u00e1rio)<\/strong><\/p>\n<p>11h- Junior Brito;<\/p>\n<p>13h30- Tonny Luco.<\/p>\n<p><strong>Not\u00edcias em Destaque<\/strong><\/p>\n","protected":false},"excerpt":{"rendered":"<p>&nbsp; O prefeito de Camala\u00fa, Bira Mariano, divulgou nesta quarta-feira (25), a programa\u00e7\u00e3o do tradicional Carnaval 2023. O evento denominado &#8220;O Gigante do Cariri&#8221; ir\u00e1 acontecer entre os dias 16 a 22 no Balne\u00e1rio P\u00fablico, Pra\u00e7a de Eventos, Distrito do Pindur\u00e3o e ruas do munic\u00edpio. Programa\u00e7\u00e3o: 12\/02 Feijoada do Gordo; 16\/ 02- Quinta-feira: Mano Show (Festa da Terceira Idade)- Balne\u00e1rio P\u00fablico; 17\/02- Sexta-Feira: Klau e Franklin Dias (Para as crian\u00e7as)\/ Balne\u00e1rio P\u00fablico; 18\/02- S\u00e1bado: Bloco do Z\u00e9 Pereira nas ruas da cidade; 22h- Banda Carta de Baralho e 00h- Cana Baiana (Pra\u00e7a de Eventos); 19\/02- Domingo: 11h- Kiel do Acordeom, 14h- Banda Feras, 16h- Bonde do Gato Preto (Balne\u00e1rio P\u00fablico) 20h: Bloco das Virgens; com shows de DD Motos; 21h: Vitor Hugo. 20\/02- Segunda-feira: 11h- DD Motos (Pindir\u00e3o); 13h30-Tiaguinho Show (Pindur\u00e3o) 16h- DJ Marcilio (Pindur\u00e3o) 11h- Ragner Fox e Yanka (Balne\u00e1rio) 13h30- Gilson Mania (Balne\u00e1rio) 16h- Gil Bala (Balne\u00e1rio) 21h Claudenir Fernandes 21\/02- Ter\u00e7a-feira 11h-Pegada Segura- ( Balne\u00e1rio) 13h30- Michelle Andrade (Balne\u00e1rio) 16h- Dod\u00f3 Press\u00e3o- (Balne\u00e1rio) 20h- Desfile Bloco da Saudade; 21h\u00a0 Banda Saia Justa na Pra\u00e7a de Eventos. 22\/02: Quarta-feira ( Festa dos barraqueiros no Balne\u00e1rio) 11h- Junior Brito; 13h30- Tonny Luco. Not\u00edcias em Destaque<\/p>\n","protected":false},"author":2,"featured_media":45809,"comment_status":"closed","ping_status":"open","sticky":false,"template":"","format":"standard","meta":{"_eb_attr":"","_jetpack_memberships_contains_paid_content":false,"footnotes":""},"categories":[3],"tags":[],"class_list":["post-45804","post","type-post","status-publish","format-standard","has-post-thumbnail","hentry","category-cidades"],"yoast_head":"<!-- This site is optimized with the Yoast SEO plugin v26.5 - https:\/\/yoast.com\/wordpress\/plugins\/seo\/ -->\n<title>Prefeitura de Camala\u00fa divulga a programa\u00e7\u00e3o completa do Carnaval 2023 - Not&iacute;cias em Destaque<\/title>\n<meta name=\"robots\" content=\"index, follow, max-snippet:-1, max-image-preview:large, max-video-preview:-1\" \/>\n<link rel=\"canonical\" href=\"https:\/\/noticiasemdestaque.com\/cd\/?p=45804\" \/>\n<meta property=\"og:locale\" content=\"pt_BR\" \/>\n<meta property=\"og:type\" content=\"article\" \/>\n<meta property=\"og:title\" content=\"Prefeitura de Camala\u00fa divulga a programa\u00e7\u00e3o completa do Carnaval 2023 - Not&iacute;cias em Destaque\" \/>\n<meta property=\"og:description\" content=\"&nbsp; O prefeito de Camala\u00fa, Bira Mariano, divulgou nesta quarta-feira (25), a programa\u00e7\u00e3o do tradicional Carnaval 2023. O evento denominado &#8220;O Gigante do Cariri&#8221; ir\u00e1 acontecer entre os dias 16 a 22 no Balne\u00e1rio P\u00fablico, Pra\u00e7a de Eventos, Distrito do Pindur\u00e3o e ruas do munic\u00edpio. Programa\u00e7\u00e3o: 12\/02 Feijoada do Gordo; 16\/ 02- Quinta-feira: Mano Show (Festa da Terceira Idade)- Balne\u00e1rio P\u00fablico; 17\/02- Sexta-Feira: Klau e Franklin Dias (Para as crian\u00e7as)\/ Balne\u00e1rio P\u00fablico; 18\/02- S\u00e1bado: Bloco do Z\u00e9 Pereira nas ruas da cidade; 22h- Banda Carta de Baralho e 00h- Cana Baiana (Pra\u00e7a de Eventos); 19\/02- Domingo: 11h- Kiel do Acordeom, 14h- Banda Feras, 16h- Bonde do Gato Preto (Balne\u00e1rio P\u00fablico) 20h: Bloco das Virgens; com shows de DD Motos; 21h: Vitor Hugo. 20\/02- Segunda-feira: 11h- DD Motos (Pindir\u00e3o); 13h30-Tiaguinho Show (Pindur\u00e3o) 16h- DJ Marcilio (Pindur\u00e3o) 11h- Ragner Fox e Yanka (Balne\u00e1rio) 13h30- Gilson Mania (Balne\u00e1rio) 16h- Gil Bala (Balne\u00e1rio) 21h Claudenir Fernandes 21\/02- Ter\u00e7a-feira 11h-Pegada Segura- ( Balne\u00e1rio) 13h30- Michelle Andrade (Balne\u00e1rio) 16h- Dod\u00f3 Press\u00e3o- (Balne\u00e1rio) 20h- Desfile Bloco da Saudade; 21h\u00a0 Banda Saia Justa na Pra\u00e7a de Eventos. 22\/02: Quarta-feira ( Festa dos barraqueiros no Balne\u00e1rio) 11h- Junior Brito; 13h30- Tonny Luco. Not\u00edcias em Destaque\" \/>\n<meta property=\"og:url\" content=\"https:\/\/noticiasemdestaque.com\/cd\/?p=45804\" \/>\n<meta property=\"og:site_name\" content=\"Not&iacute;cias em Destaque\" \/>\n<meta property=\"article:published_time\" content=\"2023-01-26T01:42:44+00:00\" \/>\n<meta property=\"article:modified_time\" content=\"2023-01-26T02:07:12+00:00\" \/>\n<meta property=\"og:image\" content=\"https:\/\/noticiasemdestaque.com\/cd\/wp-content\/uploads\/2023\/01\/234de044-ada3-4e01-aaca-4961b0e454b3.jpeg\" \/>\n\t<meta property=\"og:image:width\" content=\"1280\" \/>\n\t<meta property=\"og:image:height\" content=\"640\" \/>\n\t<meta property=\"og:image:type\" content=\"image\/jpeg\" \/>\n<meta name=\"author\" content=\"Not\u00edcias em Destaque\" \/>\n<meta name=\"twitter:card\" content=\"summary_large_image\" \/>\n<meta name=\"twitter:label1\" content=\"Escrito por\" \/>\n\t<meta name=\"twitter:data1\" content=\"Not\u00edcias em Destaque\" \/>\n\t<meta name=\"twitter:label2\" content=\"Est. tempo de leitura\" \/>\n\t<meta name=\"twitter:data2\" content=\"2 minutos\" \/>\n<script type=\"application\/ld+json\" class=\"yoast-schema-graph\">{\"@context\":\"https:\/\/schema.org\",\"@graph\":[{\"@type\":\"Article\",\"@id\":\"https:\/\/noticiasemdestaque.com\/cd\/?p=45804#article\",\"isPartOf\":{\"@id\":\"https:\/\/noticiasemdestaque.com\/cd\/?p=45804\"},\"author\":{\"name\":\"Not\u00edcias em Destaque\",\"@id\":\"https:\/\/noticiasemdestaque.com\/cd\/#\/schema\/person\/47f7d4f55eec17c6b2ca036c5500f6ce\"},\"headline\":\"Prefeitura de Camala\u00fa divulga a programa\u00e7\u00e3o completa do Carnaval 2023\",\"datePublished\":\"2023-01-26T01:42:44+00:00\",\"dateModified\":\"2023-01-26T02:07:12+00:00\",\"mainEntityOfPage\":{\"@id\":\"https:\/\/noticiasemdestaque.com\/cd\/?p=45804\"},\"wordCount\":232,\"publisher\":{\"@id\":\"https:\/\/noticiasemdestaque.com\/cd\/#organization\"},\"image\":{\"@id\":\"https:\/\/noticiasemdestaque.com\/cd\/?p=45804#primaryimage\"},\"thumbnailUrl\":\"https:\/\/noticiasemdestaque.com\/cd\/wp-content\/uploads\/2023\/01\/234de044-ada3-4e01-aaca-4961b0e454b3.jpeg\",\"articleSection\":[\"Cidades\"],\"inLanguage\":\"pt-BR\"},{\"@type\":\"WebPage\",\"@id\":\"https:\/\/noticiasemdestaque.com\/cd\/?p=45804\",\"url\":\"https:\/\/noticiasemdestaque.com\/cd\/?p=45804\",\"name\":\"Prefeitura de Camala\u00fa divulga a programa\u00e7\u00e3o completa do Carnaval 2023 - Not&iacute;cias em Destaque\",\"isPartOf\":{\"@id\":\"https:\/\/noticiasemdestaque.com\/cd\/#website\"},\"primaryImageOfPage\":{\"@id\":\"https:\/\/noticiasemdestaque.com\/cd\/?p=45804#primaryimage\"},\"image\":{\"@id\":\"https:\/\/noticiasemdestaque.com\/cd\/?p=45804#primaryimage\"},\"thumbnailUrl\":\"https:\/\/noticiasemdestaque.com\/cd\/wp-content\/uploads\/2023\/01\/234de044-ada3-4e01-aaca-4961b0e454b3.jpeg\",\"datePublished\":\"2023-01-26T01:42:44+00:00\",\"dateModified\":\"2023-01-26T02:07:12+00:00\",\"breadcrumb\":{\"@id\":\"https:\/\/noticiasemdestaque.com\/cd\/?p=45804#breadcrumb\"},\"inLanguage\":\"pt-BR\",\"potentialAction\":[{\"@type\":\"ReadAction\",\"target\":[\"https:\/\/noticiasemdestaque.com\/cd\/?p=45804\"]}]},{\"@type\":\"ImageObject\",\"inLanguage\":\"pt-BR\",\"@id\":\"https:\/\/noticiasemdestaque.com\/cd\/?p=45804#primaryimage\",\"url\":\"https:\/\/noticiasemdestaque.com\/cd\/wp-content\/uploads\/2023\/01\/234de044-ada3-4e01-aaca-4961b0e454b3.jpeg\",\"contentUrl\":\"https:\/\/noticiasemdestaque.com\/cd\/wp-content\/uploads\/2023\/01\/234de044-ada3-4e01-aaca-4961b0e454b3.jpeg\",\"width\":1280,\"height\":640},{\"@type\":\"BreadcrumbList\",\"@id\":\"https:\/\/noticiasemdestaque.com\/cd\/?p=45804#breadcrumb\",\"itemListElement\":[{\"@type\":\"ListItem\",\"position\":1,\"name\":\"In\u00edcio\",\"item\":\"https:\/\/noticiasemdestaque.com\/cd\/\"},{\"@type\":\"ListItem\",\"position\":2,\"name\":\"Prefeitura de Camala\u00fa divulga a programa\u00e7\u00e3o completa do Carnaval 2023\"}]},{\"@type\":\"WebSite\",\"@id\":\"https:\/\/noticiasemdestaque.com\/cd\/#website\",\"url\":\"https:\/\/noticiasemdestaque.com\/cd\/\",\"name\":\"Not&iacute;cias em Destaque\",\"description\":\"\",\"publisher\":{\"@id\":\"https:\/\/noticiasemdestaque.com\/cd\/#organization\"},\"potentialAction\":[{\"@type\":\"SearchAction\",\"target\":{\"@type\":\"EntryPoint\",\"urlTemplate\":\"https:\/\/noticiasemdestaque.com\/cd\/?s={search_term_string}\"},\"query-input\":{\"@type\":\"PropertyValueSpecification\",\"valueRequired\":true,\"valueName\":\"search_term_string\"}}],\"inLanguage\":\"pt-BR\"},{\"@type\":\"Organization\",\"@id\":\"https:\/\/noticiasemdestaque.com\/cd\/#organization\",\"name\":\"Not\u00edcias em Destaque\",\"url\":\"https:\/\/noticiasemdestaque.com\/cd\/\",\"logo\":{\"@type\":\"ImageObject\",\"inLanguage\":\"pt-BR\",\"@id\":\"https:\/\/noticiasemdestaque.com\/cd\/#\/schema\/logo\/image\/\",\"url\":\"https:\/\/noticiasemdestaque.com\/cd\/wp-content\/uploads\/2022\/05\/imagem-base-noticiasemdestaque.png\",\"contentUrl\":\"https:\/\/noticiasemdestaque.com\/cd\/wp-content\/uploads\/2022\/05\/imagem-base-noticiasemdestaque.png\",\"width\":1200,\"height\":630,\"caption\":\"Not\u00edcias em Destaque\"},\"image\":{\"@id\":\"https:\/\/noticiasemdestaque.com\/cd\/#\/schema\/logo\/image\/\"}},{\"@type\":\"Person\",\"@id\":\"https:\/\/noticiasemdestaque.com\/cd\/#\/schema\/person\/47f7d4f55eec17c6b2ca036c5500f6ce\",\"name\":\"Not\u00edcias em Destaque\",\"url\":\"https:\/\/noticiasemdestaque.com\/cd\/?author=2\"}]}<\/script>\n<!-- \/ Yoast SEO plugin. -->","yoast_head_json":{"title":"Prefeitura de Camala\u00fa divulga a programa\u00e7\u00e3o completa do Carnaval 2023 - Not&iacute;cias em Destaque","robots":{"index":"index","follow":"follow","max-snippet":"max-snippet:-1","max-image-preview":"max-image-preview:large","max-video-preview":"max-video-preview:-1"},"canonical":"https:\/\/noticiasemdestaque.com\/cd\/?p=45804","og_locale":"pt_BR","og_type":"article","og_title":"Prefeitura de Camala\u00fa divulga a programa\u00e7\u00e3o completa do Carnaval 2023 - Not&iacute;cias em Destaque","og_description":"&nbsp; O prefeito de Camala\u00fa, Bira Mariano, divulgou nesta quarta-feira (25), a programa\u00e7\u00e3o do tradicional Carnaval 2023. O evento denominado &#8220;O Gigante do Cariri&#8221; ir\u00e1 acontecer entre os dias 16 a 22 no Balne\u00e1rio P\u00fablico, Pra\u00e7a de Eventos, Distrito do Pindur\u00e3o e ruas do munic\u00edpio. Programa\u00e7\u00e3o: 12\/02 Feijoada do Gordo; 16\/ 02- Quinta-feira: Mano Show (Festa da Terceira Idade)- Balne\u00e1rio P\u00fablico; 17\/02- Sexta-Feira: Klau e Franklin Dias (Para as crian\u00e7as)\/ Balne\u00e1rio P\u00fablico; 18\/02- S\u00e1bado: Bloco do Z\u00e9 Pereira nas ruas da cidade; 22h- Banda Carta de Baralho e 00h- Cana Baiana (Pra\u00e7a de Eventos); 19\/02- Domingo: 11h- Kiel do Acordeom, 14h- Banda Feras, 16h- Bonde do Gato Preto (Balne\u00e1rio P\u00fablico) 20h: Bloco das Virgens; com shows de DD Motos; 21h: Vitor Hugo. 20\/02- Segunda-feira: 11h- DD Motos (Pindir\u00e3o); 13h30-Tiaguinho Show (Pindur\u00e3o) 16h- DJ Marcilio (Pindur\u00e3o) 11h- Ragner Fox e Yanka (Balne\u00e1rio) 13h30- Gilson Mania (Balne\u00e1rio) 16h- Gil Bala (Balne\u00e1rio) 21h Claudenir Fernandes 21\/02- Ter\u00e7a-feira 11h-Pegada Segura- ( Balne\u00e1rio) 13h30- Michelle Andrade (Balne\u00e1rio) 16h- Dod\u00f3 Press\u00e3o- (Balne\u00e1rio) 20h- Desfile Bloco da Saudade; 21h\u00a0 Banda Saia Justa na Pra\u00e7a de Eventos. 22\/02: Quarta-feira ( Festa dos barraqueiros no Balne\u00e1rio) 11h- Junior Brito; 13h30- Tonny Luco. Not\u00edcias em Destaque","og_url":"https:\/\/noticiasemdestaque.com\/cd\/?p=45804","og_site_name":"Not&iacute;cias em Destaque","article_published_time":"2023-01-26T01:42:44+00:00","article_modified_time":"2023-01-26T02:07:12+00:00","og_image":[{"width":1280,"height":640,"url":"https:\/\/noticiasemdestaque.com\/cd\/wp-content\/uploads\/2023\/01\/234de044-ada3-4e01-aaca-4961b0e454b3.jpeg","type":"image\/jpeg"}],"author":"Not\u00edcias em Destaque","twitter_card":"summary_large_image","twitter_misc":{"Escrito por":"Not\u00edcias em Destaque","Est. tempo de leitura":"2 minutos"},"schema":{"@context":"https:\/\/schema.org","@graph":[{"@type":"Article","@id":"https:\/\/noticiasemdestaque.com\/cd\/?p=45804#article","isPartOf":{"@id":"https:\/\/noticiasemdestaque.com\/cd\/?p=45804"},"author":{"name":"Not\u00edcias em Destaque","@id":"https:\/\/noticiasemdestaque.com\/cd\/#\/schema\/person\/47f7d4f55eec17c6b2ca036c5500f6ce"},"headline":"Prefeitura de Camala\u00fa divulga a programa\u00e7\u00e3o completa do Carnaval 2023","datePublished":"2023-01-26T01:42:44+00:00","dateModified":"2023-01-26T02:07:12+00:00","mainEntityOfPage":{"@id":"https:\/\/noticiasemdestaque.com\/cd\/?p=45804"},"wordCount":232,"publisher":{"@id":"https:\/\/noticiasemdestaque.com\/cd\/#organization"},"image":{"@id":"https:\/\/noticiasemdestaque.com\/cd\/?p=45804#primaryimage"},"thumbnailUrl":"https:\/\/noticiasemdestaque.com\/cd\/wp-content\/uploads\/2023\/01\/234de044-ada3-4e01-aaca-4961b0e454b3.jpeg","articleSection":["Cidades"],"inLanguage":"pt-BR"},{"@type":"WebPage","@id":"https:\/\/noticiasemdestaque.com\/cd\/?p=45804","url":"https:\/\/noticiasemdestaque.com\/cd\/?p=45804","name":"Prefeitura de Camala\u00fa divulga a programa\u00e7\u00e3o completa do Carnaval 2023 - Not&iacute;cias em Destaque","isPartOf":{"@id":"https:\/\/noticiasemdestaque.com\/cd\/#website"},"primaryImageOfPage":{"@id":"https:\/\/noticiasemdestaque.com\/cd\/?p=45804#primaryimage"},"image":{"@id":"https:\/\/noticiasemdestaque.com\/cd\/?p=45804#primaryimage"},"thumbnailUrl":"https:\/\/noticiasemdestaque.com\/cd\/wp-content\/uploads\/2023\/01\/234de044-ada3-4e01-aaca-4961b0e454b3.jpeg","datePublished":"2023-01-26T01:42:44+00:00","dateModified":"2023-01-26T02:07:12+00:00","breadcrumb":{"@id":"https:\/\/noticiasemdestaque.com\/cd\/?p=45804#breadcrumb"},"inLanguage":"pt-BR","potentialAction":[{"@type":"ReadAction","target":["https:\/\/noticiasemdestaque.com\/cd\/?p=45804"]}]},{"@type":"ImageObject","inLanguage":"pt-BR","@id":"https:\/\/noticiasemdestaque.com\/cd\/?p=45804#primaryimage","url":"https:\/\/noticiasemdestaque.com\/cd\/wp-content\/uploads\/2023\/01\/234de044-ada3-4e01-aaca-4961b0e454b3.jpeg","contentUrl":"https:\/\/noticiasemdestaque.com\/cd\/wp-content\/uploads\/2023\/01\/234de044-ada3-4e01-aaca-4961b0e454b3.jpeg","width":1280,"height":640},{"@type":"BreadcrumbList","@id":"https:\/\/noticiasemdestaque.com\/cd\/?p=45804#breadcrumb","itemListElement":[{"@type":"ListItem","position":1,"name":"In\u00edcio","item":"https:\/\/noticiasemdestaque.com\/cd\/"},{"@type":"ListItem","position":2,"name":"Prefeitura de Camala\u00fa divulga a programa\u00e7\u00e3o completa do Carnaval 2023"}]},{"@type":"WebSite","@id":"https:\/\/noticiasemdestaque.com\/cd\/#website","url":"https:\/\/noticiasemdestaque.com\/cd\/","name":"Not&iacute;cias em Destaque","description":"","publisher":{"@id":"https:\/\/noticiasemdestaque.com\/cd\/#organization"},"potentialAction":[{"@type":"SearchAction","target":{"@type":"EntryPoint","urlTemplate":"https:\/\/noticiasemdestaque.com\/cd\/?s={search_term_string}"},"query-input":{"@type":"PropertyValueSpecification","valueRequired":true,"valueName":"search_term_string"}}],"inLanguage":"pt-BR"},{"@type":"Organization","@id":"https:\/\/noticiasemdestaque.com\/cd\/#organization","name":"Not\u00edcias em Destaque","url":"https:\/\/noticiasemdestaque.com\/cd\/","logo":{"@type":"ImageObject","inLanguage":"pt-BR","@id":"https:\/\/noticiasemdestaque.com\/cd\/#\/schema\/logo\/image\/","url":"https:\/\/noticiasemdestaque.com\/cd\/wp-content\/uploads\/2022\/05\/imagem-base-noticiasemdestaque.png","contentUrl":"https:\/\/noticiasemdestaque.com\/cd\/wp-content\/uploads\/2022\/05\/imagem-base-noticiasemdestaque.png","width":1200,"height":630,"caption":"Not\u00edcias em Destaque"},"image":{"@id":"https:\/\/noticiasemdestaque.com\/cd\/#\/schema\/logo\/image\/"}},{"@type":"Person","@id":"https:\/\/noticiasemdestaque.com\/cd\/#\/schema\/person\/47f7d4f55eec17c6b2ca036c5500f6ce","name":"Not\u00edcias em Destaque","url":"https:\/\/noticiasemdestaque.com\/cd\/?author=2"}]}},"jetpack_featured_media_url":"https:\/\/noticiasemdestaque.com\/cd\/wp-content\/uploads\/2023\/01\/234de044-ada3-4e01-aaca-4961b0e454b3.jpeg","jetpack_sharing_enabled":true,"_links":{"self":[{"href":"https:\/\/noticiasemdestaque.com\/cd\/index.php?rest_route=\/wp\/v2\/posts\/45804","targetHints":{"allow":["GET"]}}],"collection":[{"href":"https:\/\/noticiasemdestaque.com\/cd\/index.php?rest_route=\/wp\/v2\/posts"}],"about":[{"href":"https:\/\/noticiasemdestaque.com\/cd\/index.php?rest_route=\/wp\/v2\/types\/post"}],"author":[{"embeddable":true,"href":"https:\/\/noticiasemdestaque.com\/cd\/index.php?rest_route=\/wp\/v2\/users\/2"}],"replies":[{"embeddable":true,"href":"https:\/\/noticiasemdestaque.com\/cd\/index.php?rest_route=%2Fwp%2Fv2%2Fcomments&post=45804"}],"version-history":[{"count":3,"href":"https:\/\/noticiasemdestaque.com\/cd\/index.php?rest_route=\/wp\/v2\/posts\/45804\/revisions"}],"predecessor-version":[{"id":45810,"href":"https:\/\/noticiasemdestaque.com\/cd\/index.php?rest_route=\/wp\/v2\/posts\/45804\/revisions\/45810"}],"wp:featuredmedia":[{"embeddable":true,"href":"https:\/\/noticiasemdestaque.com\/cd\/index.php?rest_route=\/wp\/v2\/media\/45809"}],"wp:attachment":[{"href":"https:\/\/noticiasemdestaque.com\/cd\/index.php?rest_route=%2Fwp%2Fv2%2Fmedia&parent=45804"}],"wp:term":[{"taxonomy":"category","embeddable":true,"href":"https:\/\/noticiasemdestaque.com\/cd\/index.php?rest_route=%2Fwp%2Fv2%2Fcategories&post=45804"},{"taxonomy":"post_tag","embeddable":true,"href":"https:\/\/noticiasemdestaque.com\/cd\/index.php?rest_route=%2Fwp%2Fv2%2Ftags&post=45804"}],"curies":[{"name":"wp","href":"https:\/\/api.w.org\/{rel}","templated":true}]}}