{"id":45795,"date":"2023-01-25T09:53:34","date_gmt":"2023-01-25T12:53:34","guid":{"rendered":"https:\/\/noticiasemdestaque.com\/cd\/?p=45795"},"modified":"2023-01-25T09:53:34","modified_gmt":"2023-01-25T12:53:34","slug":"pagamento-de-janeiro-dos-servidores-estaduais-sera-efetuado-nos-dias-30-e-31-2","status":"publish","type":"post","link":"https:\/\/noticiasemdestaque.com\/cd\/?p=45795","title":{"rendered":"Pagamento de janeiro dos servidores estaduais ser\u00e1 efetuado nos dias 30 e 31"},"content":{"rendered":"<p><a href=\"https:\/\/noticiasemdestaque.com\/cd\/wp-content\/uploads\/2023\/01\/11joao-azevedo-jean-nunes-750x430-1.jpg\"><img fetchpriority=\"high\" decoding=\"async\" class=\"alignnone  wp-image-45796\" src=\"https:\/\/noticiasemdestaque.com\/cd\/wp-content\/uploads\/2023\/01\/11joao-azevedo-jean-nunes-750x430-1-300x172.jpg\" alt=\"\" width=\"1099\" height=\"630\" srcset=\"https:\/\/noticiasemdestaque.com\/cd\/wp-content\/uploads\/2023\/01\/11joao-azevedo-jean-nunes-750x430-1-300x172.jpg 300w, https:\/\/noticiasemdestaque.com\/cd\/wp-content\/uploads\/2023\/01\/11joao-azevedo-jean-nunes-750x430-1-18x10.jpg 18w, https:\/\/noticiasemdestaque.com\/cd\/wp-content\/uploads\/2023\/01\/11joao-azevedo-jean-nunes-750x430-1.jpg 750w\" sizes=\"(max-width: 1099px) 100vw, 1099px\" \/><\/a><\/p>\n<p>O pagamento do funcionalismo p\u00fablico estadual referente ao m\u00eas de janeiro ser\u00e1 efetuado nos dias 30 e 31. Na pr\u00f3xima segunda-feira (30), recebem aposentados, pensionistas e reformados, j\u00e1 na ter\u00e7a-feira (31), \u00e9 a vez dos servidores da ativa, das administra\u00e7\u00f5es direta e indireta.<\/p>\n<p>O an\u00fancio foi feito, nesta segunda-feira (23), pelo governador Jo\u00e3o Azev\u00eado no programa semanal \u2018Conversa com o governador\u2019, transmitido em cadeia estadual pela R\u00e1dio Tabajara.<\/p>\n<p>\u201cEsse \u00e9 um compromisso que honramos desde janeiro de 2019, pagando o sal\u00e1rio do servidor p\u00fablico dentro do m\u00eas trabalhado\u201d, comentou o governador.<\/p>\n<p><strong>Calend\u00e1rio<\/strong><\/p>\n<p>30\/01 \u2013 aposentados, pensionistas e reformados;<\/p>\n<p>31\/01 \u2013 servidores da ativa (administra\u00e7\u00f5es direta e indireta).<\/p>\n<p><strong>Noticias em Destaque<\/strong><\/p>\n<p style=\"text-align: right;\"><em>Fonte: Di\u00e1rio de Noticias PB<\/em><\/p>\n","protected":false},"excerpt":{"rendered":"<p>O pagamento do funcionalismo p\u00fablico estadual referente ao m\u00eas de janeiro ser\u00e1 efetuado nos dias 30 e 31. Na pr\u00f3xima segunda-feira (30), recebem aposentados, pensionistas e reformados, j\u00e1 na ter\u00e7a-feira (31), \u00e9 a vez dos servidores da ativa, das administra\u00e7\u00f5es direta e indireta. O an\u00fancio foi feito, nesta segunda-feira (23), pelo governador Jo\u00e3o Azev\u00eado no programa semanal \u2018Conversa com o governador\u2019, transmitido em cadeia estadual pela R\u00e1dio Tabajara. \u201cEsse \u00e9 um compromisso que honramos desde janeiro de 2019, pagando o sal\u00e1rio do servidor p\u00fablico dentro do m\u00eas trabalhado\u201d, comentou o governador. Calend\u00e1rio 30\/01 \u2013 aposentados, pensionistas e reformados; 31\/01 \u2013 servidores da ativa (administra\u00e7\u00f5es direta e indireta). Noticias em Destaque Fonte: Di\u00e1rio de Noticias PB<\/p>\n","protected":false},"author":2,"featured_media":45796,"comment_status":"closed","ping_status":"open","sticky":false,"template":"","format":"standard","meta":{"_eb_attr":"","_jetpack_memberships_contains_paid_content":false,"footnotes":""},"categories":[4],"tags":[],"class_list":["post-45795","post","type-post","status-publish","format-standard","has-post-thumbnail","hentry","category-politica"],"yoast_head":"<!-- This site is optimized with the Yoast SEO plugin v26.5 - https:\/\/yoast.com\/wordpress\/plugins\/seo\/ -->\n<title>Pagamento de janeiro dos servidores estaduais ser\u00e1 efetuado nos dias 30 e 31 - Not&iacute;cias em Destaque<\/title>\n<meta name=\"robots\" content=\"index, follow, max-snippet:-1, max-image-preview:large, max-video-preview:-1\" \/>\n<link rel=\"canonical\" href=\"https:\/\/noticiasemdestaque.com\/cd\/?p=45795\" \/>\n<meta property=\"og:locale\" content=\"pt_BR\" \/>\n<meta property=\"og:type\" content=\"article\" \/>\n<meta property=\"og:title\" content=\"Pagamento de janeiro dos servidores estaduais ser\u00e1 efetuado nos dias 30 e 31 - Not&iacute;cias em Destaque\" \/>\n<meta property=\"og:description\" content=\"O pagamento do funcionalismo p\u00fablico estadual referente ao m\u00eas de janeiro ser\u00e1 efetuado nos dias 30 e 31. Na pr\u00f3xima segunda-feira (30), recebem aposentados, pensionistas e reformados, j\u00e1 na ter\u00e7a-feira (31), \u00e9 a vez dos servidores da ativa, das administra\u00e7\u00f5es direta e indireta. O an\u00fancio foi feito, nesta segunda-feira (23), pelo governador Jo\u00e3o Azev\u00eado no programa semanal \u2018Conversa com o governador\u2019, transmitido em cadeia estadual pela R\u00e1dio Tabajara. \u201cEsse \u00e9 um compromisso que honramos desde janeiro de 2019, pagando o sal\u00e1rio do servidor p\u00fablico dentro do m\u00eas trabalhado\u201d, comentou o governador. Calend\u00e1rio 30\/01 \u2013 aposentados, pensionistas e reformados; 31\/01 \u2013 servidores da ativa (administra\u00e7\u00f5es direta e indireta). Noticias em Destaque Fonte: Di\u00e1rio de Noticias PB\" \/>\n<meta property=\"og:url\" content=\"https:\/\/noticiasemdestaque.com\/cd\/?p=45795\" \/>\n<meta property=\"og:site_name\" content=\"Not&iacute;cias em Destaque\" \/>\n<meta property=\"article:published_time\" content=\"2023-01-25T12:53:34+00:00\" \/>\n<meta property=\"og:image\" content=\"https:\/\/noticiasemdestaque.com\/cd\/wp-content\/uploads\/2023\/01\/11joao-azevedo-jean-nunes-750x430-1.jpg\" \/>\n\t<meta property=\"og:image:width\" content=\"750\" \/>\n\t<meta property=\"og:image:height\" content=\"430\" \/>\n\t<meta property=\"og:image:type\" content=\"image\/jpeg\" \/>\n<meta name=\"author\" content=\"Not\u00edcias em Destaque\" \/>\n<meta name=\"twitter:card\" content=\"summary_large_image\" \/>\n<meta name=\"twitter:label1\" content=\"Escrito por\" \/>\n\t<meta name=\"twitter:data1\" content=\"Not\u00edcias em Destaque\" \/>\n\t<meta name=\"twitter:label2\" content=\"Est. tempo de leitura\" \/>\n\t<meta name=\"twitter:data2\" content=\"1 minuto\" \/>\n<script type=\"application\/ld+json\" class=\"yoast-schema-graph\">{\"@context\":\"https:\/\/schema.org\",\"@graph\":[{\"@type\":\"Article\",\"@id\":\"https:\/\/noticiasemdestaque.com\/cd\/?p=45795#article\",\"isPartOf\":{\"@id\":\"https:\/\/noticiasemdestaque.com\/cd\/?p=45795\"},\"author\":{\"name\":\"Not\u00edcias em Destaque\",\"@id\":\"https:\/\/noticiasemdestaque.com\/cd\/#\/schema\/person\/47f7d4f55eec17c6b2ca036c5500f6ce\"},\"headline\":\"Pagamento de janeiro dos servidores estaduais ser\u00e1 efetuado nos dias 30 e 31\",\"datePublished\":\"2023-01-25T12:53:34+00:00\",\"mainEntityOfPage\":{\"@id\":\"https:\/\/noticiasemdestaque.com\/cd\/?p=45795\"},\"wordCount\":129,\"publisher\":{\"@id\":\"https:\/\/noticiasemdestaque.com\/cd\/#organization\"},\"image\":{\"@id\":\"https:\/\/noticiasemdestaque.com\/cd\/?p=45795#primaryimage\"},\"thumbnailUrl\":\"https:\/\/noticiasemdestaque.com\/cd\/wp-content\/uploads\/2023\/01\/11joao-azevedo-jean-nunes-750x430-1.jpg\",\"articleSection\":[\"Pol\u00edtica\"],\"inLanguage\":\"pt-BR\"},{\"@type\":\"WebPage\",\"@id\":\"https:\/\/noticiasemdestaque.com\/cd\/?p=45795\",\"url\":\"https:\/\/noticiasemdestaque.com\/cd\/?p=45795\",\"name\":\"Pagamento de janeiro dos servidores estaduais ser\u00e1 efetuado nos dias 30 e 31 - Not&iacute;cias em Destaque\",\"isPartOf\":{\"@id\":\"https:\/\/noticiasemdestaque.com\/cd\/#website\"},\"primaryImageOfPage\":{\"@id\":\"https:\/\/noticiasemdestaque.com\/cd\/?p=45795#primaryimage\"},\"image\":{\"@id\":\"https:\/\/noticiasemdestaque.com\/cd\/?p=45795#primaryimage\"},\"thumbnailUrl\":\"https:\/\/noticiasemdestaque.com\/cd\/wp-content\/uploads\/2023\/01\/11joao-azevedo-jean-nunes-750x430-1.jpg\",\"datePublished\":\"2023-01-25T12:53:34+00:00\",\"breadcrumb\":{\"@id\":\"https:\/\/noticiasemdestaque.com\/cd\/?p=45795#breadcrumb\"},\"inLanguage\":\"pt-BR\",\"potentialAction\":[{\"@type\":\"ReadAction\",\"target\":[\"https:\/\/noticiasemdestaque.com\/cd\/?p=45795\"]}]},{\"@type\":\"ImageObject\",\"inLanguage\":\"pt-BR\",\"@id\":\"https:\/\/noticiasemdestaque.com\/cd\/?p=45795#primaryimage\",\"url\":\"https:\/\/noticiasemdestaque.com\/cd\/wp-content\/uploads\/2023\/01\/11joao-azevedo-jean-nunes-750x430-1.jpg\",\"contentUrl\":\"https:\/\/noticiasemdestaque.com\/cd\/wp-content\/uploads\/2023\/01\/11joao-azevedo-jean-nunes-750x430-1.jpg\",\"width\":750,\"height\":430},{\"@type\":\"BreadcrumbList\",\"@id\":\"https:\/\/noticiasemdestaque.com\/cd\/?p=45795#breadcrumb\",\"itemListElement\":[{\"@type\":\"ListItem\",\"position\":1,\"name\":\"In\u00edcio\",\"item\":\"https:\/\/noticiasemdestaque.com\/cd\/\"},{\"@type\":\"ListItem\",\"position\":2,\"name\":\"Pagamento de janeiro dos servidores estaduais ser\u00e1 efetuado nos dias 30 e 31\"}]},{\"@type\":\"WebSite\",\"@id\":\"https:\/\/noticiasemdestaque.com\/cd\/#website\",\"url\":\"https:\/\/noticiasemdestaque.com\/cd\/\",\"name\":\"Not&iacute;cias em Destaque\",\"description\":\"\",\"publisher\":{\"@id\":\"https:\/\/noticiasemdestaque.com\/cd\/#organization\"},\"potentialAction\":[{\"@type\":\"SearchAction\",\"target\":{\"@type\":\"EntryPoint\",\"urlTemplate\":\"https:\/\/noticiasemdestaque.com\/cd\/?s={search_term_string}\"},\"query-input\":{\"@type\":\"PropertyValueSpecification\",\"valueRequired\":true,\"valueName\":\"search_term_string\"}}],\"inLanguage\":\"pt-BR\"},{\"@type\":\"Organization\",\"@id\":\"https:\/\/noticiasemdestaque.com\/cd\/#organization\",\"name\":\"Not\u00edcias em Destaque\",\"url\":\"https:\/\/noticiasemdestaque.com\/cd\/\",\"logo\":{\"@type\":\"ImageObject\",\"inLanguage\":\"pt-BR\",\"@id\":\"https:\/\/noticiasemdestaque.com\/cd\/#\/schema\/logo\/image\/\",\"url\":\"https:\/\/noticiasemdestaque.com\/cd\/wp-content\/uploads\/2022\/05\/imagem-base-noticiasemdestaque.png\",\"contentUrl\":\"https:\/\/noticiasemdestaque.com\/cd\/wp-content\/uploads\/2022\/05\/imagem-base-noticiasemdestaque.png\",\"width\":1200,\"height\":630,\"caption\":\"Not\u00edcias em Destaque\"},\"image\":{\"@id\":\"https:\/\/noticiasemdestaque.com\/cd\/#\/schema\/logo\/image\/\"}},{\"@type\":\"Person\",\"@id\":\"https:\/\/noticiasemdestaque.com\/cd\/#\/schema\/person\/47f7d4f55eec17c6b2ca036c5500f6ce\",\"name\":\"Not\u00edcias em Destaque\",\"url\":\"https:\/\/noticiasemdestaque.com\/cd\/?author=2\"}]}<\/script>\n<!-- \/ Yoast SEO plugin. -->","yoast_head_json":{"title":"Pagamento de janeiro dos servidores estaduais ser\u00e1 efetuado nos dias 30 e 31 - Not&iacute;cias em Destaque","robots":{"index":"index","follow":"follow","max-snippet":"max-snippet:-1","max-image-preview":"max-image-preview:large","max-video-preview":"max-video-preview:-1"},"canonical":"https:\/\/noticiasemdestaque.com\/cd\/?p=45795","og_locale":"pt_BR","og_type":"article","og_title":"Pagamento de janeiro dos servidores estaduais ser\u00e1 efetuado nos dias 30 e 31 - Not&iacute;cias em Destaque","og_description":"O pagamento do funcionalismo p\u00fablico estadual referente ao m\u00eas de janeiro ser\u00e1 efetuado nos dias 30 e 31. Na pr\u00f3xima segunda-feira (30), recebem aposentados, pensionistas e reformados, j\u00e1 na ter\u00e7a-feira (31), \u00e9 a vez dos servidores da ativa, das administra\u00e7\u00f5es direta e indireta. O an\u00fancio foi feito, nesta segunda-feira (23), pelo governador Jo\u00e3o Azev\u00eado no programa semanal \u2018Conversa com o governador\u2019, transmitido em cadeia estadual pela R\u00e1dio Tabajara. \u201cEsse \u00e9 um compromisso que honramos desde janeiro de 2019, pagando o sal\u00e1rio do servidor p\u00fablico dentro do m\u00eas trabalhado\u201d, comentou o governador. Calend\u00e1rio 30\/01 \u2013 aposentados, pensionistas e reformados; 31\/01 \u2013 servidores da ativa (administra\u00e7\u00f5es direta e indireta). Noticias em Destaque Fonte: Di\u00e1rio de Noticias PB","og_url":"https:\/\/noticiasemdestaque.com\/cd\/?p=45795","og_site_name":"Not&iacute;cias em Destaque","article_published_time":"2023-01-25T12:53:34+00:00","og_image":[{"width":750,"height":430,"url":"https:\/\/noticiasemdestaque.com\/cd\/wp-content\/uploads\/2023\/01\/11joao-azevedo-jean-nunes-750x430-1.jpg","type":"image\/jpeg"}],"author":"Not\u00edcias em Destaque","twitter_card":"summary_large_image","twitter_misc":{"Escrito por":"Not\u00edcias em Destaque","Est. tempo de leitura":"1 minuto"},"schema":{"@context":"https:\/\/schema.org","@graph":[{"@type":"Article","@id":"https:\/\/noticiasemdestaque.com\/cd\/?p=45795#article","isPartOf":{"@id":"https:\/\/noticiasemdestaque.com\/cd\/?p=45795"},"author":{"name":"Not\u00edcias em Destaque","@id":"https:\/\/noticiasemdestaque.com\/cd\/#\/schema\/person\/47f7d4f55eec17c6b2ca036c5500f6ce"},"headline":"Pagamento de janeiro dos servidores estaduais ser\u00e1 efetuado nos dias 30 e 31","datePublished":"2023-01-25T12:53:34+00:00","mainEntityOfPage":{"@id":"https:\/\/noticiasemdestaque.com\/cd\/?p=45795"},"wordCount":129,"publisher":{"@id":"https:\/\/noticiasemdestaque.com\/cd\/#organization"},"image":{"@id":"https:\/\/noticiasemdestaque.com\/cd\/?p=45795#primaryimage"},"thumbnailUrl":"https:\/\/noticiasemdestaque.com\/cd\/wp-content\/uploads\/2023\/01\/11joao-azevedo-jean-nunes-750x430-1.jpg","articleSection":["Pol\u00edtica"],"inLanguage":"pt-BR"},{"@type":"WebPage","@id":"https:\/\/noticiasemdestaque.com\/cd\/?p=45795","url":"https:\/\/noticiasemdestaque.com\/cd\/?p=45795","name":"Pagamento de janeiro dos servidores estaduais ser\u00e1 efetuado nos dias 30 e 31 - Not&iacute;cias em Destaque","isPartOf":{"@id":"https:\/\/noticiasemdestaque.com\/cd\/#website"},"primaryImageOfPage":{"@id":"https:\/\/noticiasemdestaque.com\/cd\/?p=45795#primaryimage"},"image":{"@id":"https:\/\/noticiasemdestaque.com\/cd\/?p=45795#primaryimage"},"thumbnailUrl":"https:\/\/noticiasemdestaque.com\/cd\/wp-content\/uploads\/2023\/01\/11joao-azevedo-jean-nunes-750x430-1.jpg","datePublished":"2023-01-25T12:53:34+00:00","breadcrumb":{"@id":"https:\/\/noticiasemdestaque.com\/cd\/?p=45795#breadcrumb"},"inLanguage":"pt-BR","potentialAction":[{"@type":"ReadAction","target":["https:\/\/noticiasemdestaque.com\/cd\/?p=45795"]}]},{"@type":"ImageObject","inLanguage":"pt-BR","@id":"https:\/\/noticiasemdestaque.com\/cd\/?p=45795#primaryimage","url":"https:\/\/noticiasemdestaque.com\/cd\/wp-content\/uploads\/2023\/01\/11joao-azevedo-jean-nunes-750x430-1.jpg","contentUrl":"https:\/\/noticiasemdestaque.com\/cd\/wp-content\/uploads\/2023\/01\/11joao-azevedo-jean-nunes-750x430-1.jpg","width":750,"height":430},{"@type":"BreadcrumbList","@id":"https:\/\/noticiasemdestaque.com\/cd\/?p=45795#breadcrumb","itemListElement":[{"@type":"ListItem","position":1,"name":"In\u00edcio","item":"https:\/\/noticiasemdestaque.com\/cd\/"},{"@type":"ListItem","position":2,"name":"Pagamento de janeiro dos servidores estaduais ser\u00e1 efetuado nos dias 30 e 31"}]},{"@type":"WebSite","@id":"https:\/\/noticiasemdestaque.com\/cd\/#website","url":"https:\/\/noticiasemdestaque.com\/cd\/","name":"Not&iacute;cias em Destaque","description":"","publisher":{"@id":"https:\/\/noticiasemdestaque.com\/cd\/#organization"},"potentialAction":[{"@type":"SearchAction","target":{"@type":"EntryPoint","urlTemplate":"https:\/\/noticiasemdestaque.com\/cd\/?s={search_term_string}"},"query-input":{"@type":"PropertyValueSpecification","valueRequired":true,"valueName":"search_term_string"}}],"inLanguage":"pt-BR"},{"@type":"Organization","@id":"https:\/\/noticiasemdestaque.com\/cd\/#organization","name":"Not\u00edcias em Destaque","url":"https:\/\/noticiasemdestaque.com\/cd\/","logo":{"@type":"ImageObject","inLanguage":"pt-BR","@id":"https:\/\/noticiasemdestaque.com\/cd\/#\/schema\/logo\/image\/","url":"https:\/\/noticiasemdestaque.com\/cd\/wp-content\/uploads\/2022\/05\/imagem-base-noticiasemdestaque.png","contentUrl":"https:\/\/noticiasemdestaque.com\/cd\/wp-content\/uploads\/2022\/05\/imagem-base-noticiasemdestaque.png","width":1200,"height":630,"caption":"Not\u00edcias em Destaque"},"image":{"@id":"https:\/\/noticiasemdestaque.com\/cd\/#\/schema\/logo\/image\/"}},{"@type":"Person","@id":"https:\/\/noticiasemdestaque.com\/cd\/#\/schema\/person\/47f7d4f55eec17c6b2ca036c5500f6ce","name":"Not\u00edcias em Destaque","url":"https:\/\/noticiasemdestaque.com\/cd\/?author=2"}]}},"jetpack_featured_media_url":"https:\/\/noticiasemdestaque.com\/cd\/wp-content\/uploads\/2023\/01\/11joao-azevedo-jean-nunes-750x430-1.jpg","jetpack_sharing_enabled":true,"_links":{"self":[{"href":"https:\/\/noticiasemdestaque.com\/cd\/index.php?rest_route=\/wp\/v2\/posts\/45795","targetHints":{"allow":["GET"]}}],"collection":[{"href":"https:\/\/noticiasemdestaque.com\/cd\/index.php?rest_route=\/wp\/v2\/posts"}],"about":[{"href":"https:\/\/noticiasemdestaque.com\/cd\/index.php?rest_route=\/wp\/v2\/types\/post"}],"author":[{"embeddable":true,"href":"https:\/\/noticiasemdestaque.com\/cd\/index.php?rest_route=\/wp\/v2\/users\/2"}],"replies":[{"embeddable":true,"href":"https:\/\/noticiasemdestaque.com\/cd\/index.php?rest_route=%2Fwp%2Fv2%2Fcomments&post=45795"}],"version-history":[{"count":1,"href":"https:\/\/noticiasemdestaque.com\/cd\/index.php?rest_route=\/wp\/v2\/posts\/45795\/revisions"}],"predecessor-version":[{"id":45797,"href":"https:\/\/noticiasemdestaque.com\/cd\/index.php?rest_route=\/wp\/v2\/posts\/45795\/revisions\/45797"}],"wp:featuredmedia":[{"embeddable":true,"href":"https:\/\/noticiasemdestaque.com\/cd\/index.php?rest_route=\/wp\/v2\/media\/45796"}],"wp:attachment":[{"href":"https:\/\/noticiasemdestaque.com\/cd\/index.php?rest_route=%2Fwp%2Fv2%2Fmedia&parent=45795"}],"wp:term":[{"taxonomy":"category","embeddable":true,"href":"https:\/\/noticiasemdestaque.com\/cd\/index.php?rest_route=%2Fwp%2Fv2%2Fcategories&post=45795"},{"taxonomy":"post_tag","embeddable":true,"href":"https:\/\/noticiasemdestaque.com\/cd\/index.php?rest_route=%2Fwp%2Fv2%2Ftags&post=45795"}],"curies":[{"name":"wp","href":"https:\/\/api.w.org\/{rel}","templated":true}]}}