{"id":45792,"date":"2023-01-25T09:46:30","date_gmt":"2023-01-25T12:46:30","guid":{"rendered":"https:\/\/noticiasemdestaque.com\/cd\/?p=45792"},"modified":"2023-01-25T09:46:30","modified_gmt":"2023-01-25T12:46:30","slug":"palmeiras-e-america-mg-decidem-a-copinha-nesta-quarta","status":"publish","type":"post","link":"https:\/\/noticiasemdestaque.com\/cd\/?p=45792","title":{"rendered":"Palmeiras e Am\u00e9rica-MG decidem a Copinha nesta quarta"},"content":{"rendered":"<p><a href=\"https:\/\/noticiasemdestaque.com\/cd\/wp-content\/uploads\/2023\/01\/trofeu_copinha_2022.webp\"><img fetchpriority=\"high\" decoding=\"async\" class=\"alignnone  wp-image-45793\" src=\"https:\/\/noticiasemdestaque.com\/cd\/wp-content\/uploads\/2023\/01\/trofeu_copinha_2022-300x166.webp\" alt=\"\" width=\"1025\" height=\"567\" srcset=\"https:\/\/noticiasemdestaque.com\/cd\/wp-content\/uploads\/2023\/01\/trofeu_copinha_2022-300x166.webp 300w, https:\/\/noticiasemdestaque.com\/cd\/wp-content\/uploads\/2023\/01\/trofeu_copinha_2022-768x424.webp 768w, https:\/\/noticiasemdestaque.com\/cd\/wp-content\/uploads\/2023\/01\/trofeu_copinha_2022-18x10.webp 18w, https:\/\/noticiasemdestaque.com\/cd\/wp-content\/uploads\/2023\/01\/trofeu_copinha_2022.webp 876w\" sizes=\"(max-width: 1025px) 100vw, 1025px\" \/><\/a><\/p>\n<p>A grande final da\u00a0<a href=\"https:\/\/www.cnnbrasil.com.br\/tudo-sobre\/copa-sao-paulo-de-futebol-junior\/\">Copa S\u00e3o Paulo de Futebol J\u00fanior de 2023<\/a>\u00a0ser\u00e1 disputada nesta quarta-feira (25), no est\u00e1dio do Canind\u00e9, com o confronto alviverde entre\u00a0<a href=\"https:\/\/www.cnnbrasil.com.br\/tudo-sobre\/palmeiras\/\">Palmeiras<\/a>\u00a0e\u00a0<a href=\"https:\/\/www.cnnbrasil.com.br\/tudo-sobre\/america-mg\/\">Am\u00e9rica-MG<\/a>.<\/p>\n<p>O jogo far\u00e1 parte das comemora\u00e7\u00f5es do anivers\u00e1rio de 469 anos da cidade de\u00a0<a href=\"https:\/\/www.cnnbrasil.com.br\/tudo-sobre\/sao-paulo-capital\/\">S\u00e3o Paulo<\/a>. A partida est\u00e1 marcada para come\u00e7ar \u00e0s 15h30.<\/p>\n<p>Palmeiras e Am\u00e9rica-MG buscar\u00e3o o bicampeonato da competi\u00e7\u00e3o. O Palmeiras foi campe\u00e3o em 2022, enquanto o Am\u00e9rica ganhou seu \u00fanico t\u00edtulo em 1996.<\/p>\n<aside class=\"read__too\">\n<div class=\"read__title\">\n<h2>Veja o retrospecto dos times na competi\u00e7\u00e3o:<\/h2>\n<h3>Palmeiras<\/h3>\n<p>Atual vencedor da competi\u00e7\u00e3o, o Palmeiras tenta ser o primeiro bicampe\u00e3o da Copinha desde o Santos, que levou os t\u00edtulos em 2013 e 2014.<\/p>\n<p>Para chegar at\u00e9 a final, o clube passou como l\u00edder do Grupo 3, com 9 pontos, superando Juazeirense-BA, Am\u00e9rica-SP e Rio Preto.<\/p>\n<p>No mata-mata eliminou Sampaio Corr\u00eaa-MA (segunda fase), Juazeirense (terceira Fase), Mirassol (oitavas de final), Floresta (quartas de final) e Goi\u00e1s (semifinal).<\/p>\n<p>O Verd\u00e3o ganhou todas as oito partidas at\u00e9 o momento, com 28 gols marcados e tr\u00eas sofridos.<\/p>\n<p>Entre os destaques da equipe do t\u00e9cnico Paulo Victor est\u00e3o o meio-campista Pedro Lima, o atacante Ruan Ribeiro, artilheiro do torneio com oito gols, e o atacante Kevin, autor que tem mais participa\u00e7\u00e3o em gols, com cinco marcados e outras cinco assist\u00eancias.<\/p>\n<h2>Am\u00e9rica<\/h2>\n<p>O Am\u00e9rica tamb\u00e9m vai atr\u00e1s do segundo t\u00edtulo de sua hist\u00f3ria na competi\u00e7\u00e3o, para se tornar o segundo mineiro a chegar a dois t\u00edtulos no torneio (o Atl\u00e9tico-MG tem tr\u00eas conquistas).<\/p>\n<p>Na fase de grupos, a equipe terminou em primeiro lugar no Grupo 18, a frente de Retr\u00f4-PE, Ponte Preta e Vocem.<\/p>\n<p>No mata-mata eliminou: CSP-PB (segunda fase), S\u00e3o Paulo (terceira Fase), Red Bull Bragantino (oitavas de final), Ituano (quartas de final) e Santos (semifinal).<\/p>\n<p>O Am\u00e9rica tamb\u00e9m venceu todas as oito partidas at\u00e9 o momento, com 22 gols marcados e tr\u00eas sofridos.<\/p>\n<p>O principal destaque do time mineiro \u00e9 o atacante Luan Campos, que marcou os tr\u00eas gols da vit\u00f3ria do time contra o Santos na semifinal.<\/p>\n<h3>Informa\u00e7\u00f5es sobre o jogo<\/h3>\n<p><strong>Palmeiras x Am\u00e9rica-MG<\/strong><\/p>\n<ul>\n<li><strong>Data<\/strong>: 25 de janeiro de 2023<\/li>\n<li><strong>Hor\u00e1rio<\/strong>: 15h30<\/li>\n<li><strong>Local<\/strong>: Est\u00e1dio do Canind\u00e9, em S\u00e3o Paulo<\/li>\n<li><strong>Transmiss\u00e3o<\/strong>: Globo, SporTV e Rede Vida<\/li>\n<\/ul>\n<p><strong>Noticias em Destaque<\/strong><\/p>\n<p style=\"text-align: right;\"><em>Fonte: CNN Brasil<\/em><\/p>\n<\/div>\n<\/aside>\n","protected":false},"excerpt":{"rendered":"<p>A grande final da\u00a0Copa S\u00e3o Paulo de Futebol J\u00fanior de 2023\u00a0ser\u00e1 disputada nesta quarta-feira (25), no est\u00e1dio do Canind\u00e9, com o confronto alviverde entre\u00a0Palmeiras\u00a0e\u00a0Am\u00e9rica-MG. O jogo far\u00e1 parte das comemora\u00e7\u00f5es do anivers\u00e1rio de 469 anos da cidade de\u00a0S\u00e3o Paulo. A partida est\u00e1 marcada para come\u00e7ar \u00e0s 15h30. Palmeiras e Am\u00e9rica-MG buscar\u00e3o o bicampeonato da competi\u00e7\u00e3o. O Palmeiras foi campe\u00e3o em 2022, enquanto o Am\u00e9rica ganhou seu \u00fanico t\u00edtulo em 1996. Veja o retrospecto dos times na competi\u00e7\u00e3o: Palmeiras Atual vencedor da competi\u00e7\u00e3o, o Palmeiras tenta ser o primeiro bicampe\u00e3o da Copinha desde o Santos, que levou os t\u00edtulos em 2013 e 2014. Para chegar at\u00e9 a final, o clube passou como l\u00edder do Grupo 3, com 9 pontos, superando Juazeirense-BA, Am\u00e9rica-SP e Rio Preto. No mata-mata eliminou Sampaio Corr\u00eaa-MA (segunda fase), Juazeirense (terceira Fase), Mirassol (oitavas de final), Floresta (quartas de final) e Goi\u00e1s (semifinal). O Verd\u00e3o ganhou todas as oito partidas at\u00e9 o momento, com 28 gols marcados e tr\u00eas sofridos. Entre os destaques da equipe do t\u00e9cnico Paulo Victor est\u00e3o o meio-campista Pedro Lima, o atacante Ruan Ribeiro, artilheiro do torneio com oito gols, e o atacante Kevin, autor que tem mais participa\u00e7\u00e3o em gols, com cinco marcados e outras cinco assist\u00eancias. Am\u00e9rica O Am\u00e9rica tamb\u00e9m vai atr\u00e1s do segundo t\u00edtulo de sua hist\u00f3ria na competi\u00e7\u00e3o, para se tornar o segundo mineiro a chegar a dois t\u00edtulos no torneio (o Atl\u00e9tico-MG tem tr\u00eas conquistas). Na fase de grupos, a equipe terminou em primeiro lugar no Grupo 18, a frente de Retr\u00f4-PE, Ponte Preta e Vocem. No mata-mata eliminou: CSP-PB (segunda fase), S\u00e3o Paulo (terceira Fase), Red Bull Bragantino (oitavas de final), Ituano (quartas de final) e Santos (semifinal). O Am\u00e9rica tamb\u00e9m venceu todas as oito partidas at\u00e9 o momento, com 22 gols marcados e tr\u00eas sofridos. O principal destaque do time mineiro \u00e9 o atacante Luan Campos, que marcou os tr\u00eas gols da vit\u00f3ria do time contra o Santos na semifinal. Informa\u00e7\u00f5es sobre o jogo Palmeiras x Am\u00e9rica-MG Data: 25 de janeiro de 2023 Hor\u00e1rio: 15h30 Local: Est\u00e1dio do Canind\u00e9, em S\u00e3o Paulo Transmiss\u00e3o: Globo, SporTV e Rede Vida Noticias em Destaque Fonte: CNN Brasil<\/p>\n","protected":false},"author":2,"featured_media":45793,"comment_status":"closed","ping_status":"open","sticky":false,"template":"","format":"standard","meta":{"_eb_attr":"","_jetpack_memberships_contains_paid_content":false,"footnotes":""},"categories":[15],"tags":[],"class_list":["post-45792","post","type-post","status-publish","format-standard","has-post-thumbnail","hentry","category-esporte"],"yoast_head":"<!-- This site is optimized with the Yoast SEO plugin v26.5 - https:\/\/yoast.com\/wordpress\/plugins\/seo\/ -->\n<title>Palmeiras e Am\u00e9rica-MG decidem a Copinha nesta quarta - Not&iacute;cias em Destaque<\/title>\n<meta name=\"robots\" content=\"index, follow, max-snippet:-1, max-image-preview:large, max-video-preview:-1\" \/>\n<link rel=\"canonical\" href=\"https:\/\/noticiasemdestaque.com\/cd\/?p=45792\" \/>\n<meta property=\"og:locale\" content=\"pt_BR\" \/>\n<meta property=\"og:type\" content=\"article\" \/>\n<meta property=\"og:title\" content=\"Palmeiras e Am\u00e9rica-MG decidem a Copinha nesta quarta - Not&iacute;cias em Destaque\" \/>\n<meta property=\"og:description\" content=\"A grande final da\u00a0Copa S\u00e3o Paulo de Futebol J\u00fanior de 2023\u00a0ser\u00e1 disputada nesta quarta-feira (25), no est\u00e1dio do Canind\u00e9, com o confronto alviverde entre\u00a0Palmeiras\u00a0e\u00a0Am\u00e9rica-MG. O jogo far\u00e1 parte das comemora\u00e7\u00f5es do anivers\u00e1rio de 469 anos da cidade de\u00a0S\u00e3o Paulo. A partida est\u00e1 marcada para come\u00e7ar \u00e0s 15h30. Palmeiras e Am\u00e9rica-MG buscar\u00e3o o bicampeonato da competi\u00e7\u00e3o. O Palmeiras foi campe\u00e3o em 2022, enquanto o Am\u00e9rica ganhou seu \u00fanico t\u00edtulo em 1996. Veja o retrospecto dos times na competi\u00e7\u00e3o: Palmeiras Atual vencedor da competi\u00e7\u00e3o, o Palmeiras tenta ser o primeiro bicampe\u00e3o da Copinha desde o Santos, que levou os t\u00edtulos em 2013 e 2014. Para chegar at\u00e9 a final, o clube passou como l\u00edder do Grupo 3, com 9 pontos, superando Juazeirense-BA, Am\u00e9rica-SP e Rio Preto. No mata-mata eliminou Sampaio Corr\u00eaa-MA (segunda fase), Juazeirense (terceira Fase), Mirassol (oitavas de final), Floresta (quartas de final) e Goi\u00e1s (semifinal). O Verd\u00e3o ganhou todas as oito partidas at\u00e9 o momento, com 28 gols marcados e tr\u00eas sofridos. Entre os destaques da equipe do t\u00e9cnico Paulo Victor est\u00e3o o meio-campista Pedro Lima, o atacante Ruan Ribeiro, artilheiro do torneio com oito gols, e o atacante Kevin, autor que tem mais participa\u00e7\u00e3o em gols, com cinco marcados e outras cinco assist\u00eancias. Am\u00e9rica O Am\u00e9rica tamb\u00e9m vai atr\u00e1s do segundo t\u00edtulo de sua hist\u00f3ria na competi\u00e7\u00e3o, para se tornar o segundo mineiro a chegar a dois t\u00edtulos no torneio (o Atl\u00e9tico-MG tem tr\u00eas conquistas). Na fase de grupos, a equipe terminou em primeiro lugar no Grupo 18, a frente de Retr\u00f4-PE, Ponte Preta e Vocem. No mata-mata eliminou: CSP-PB (segunda fase), S\u00e3o Paulo (terceira Fase), Red Bull Bragantino (oitavas de final), Ituano (quartas de final) e Santos (semifinal). O Am\u00e9rica tamb\u00e9m venceu todas as oito partidas at\u00e9 o momento, com 22 gols marcados e tr\u00eas sofridos. O principal destaque do time mineiro \u00e9 o atacante Luan Campos, que marcou os tr\u00eas gols da vit\u00f3ria do time contra o Santos na semifinal. Informa\u00e7\u00f5es sobre o jogo Palmeiras x Am\u00e9rica-MG Data: 25 de janeiro de 2023 Hor\u00e1rio: 15h30 Local: Est\u00e1dio do Canind\u00e9, em S\u00e3o Paulo Transmiss\u00e3o: Globo, SporTV e Rede Vida Noticias em Destaque Fonte: CNN Brasil\" \/>\n<meta property=\"og:url\" content=\"https:\/\/noticiasemdestaque.com\/cd\/?p=45792\" \/>\n<meta property=\"og:site_name\" content=\"Not&iacute;cias em Destaque\" \/>\n<meta property=\"article:published_time\" content=\"2023-01-25T12:46:30+00:00\" \/>\n<meta property=\"og:image\" content=\"https:\/\/noticiasemdestaque.com\/cd\/wp-content\/uploads\/2023\/01\/trofeu_copinha_2022.webp\" \/>\n\t<meta property=\"og:image:width\" content=\"876\" \/>\n\t<meta property=\"og:image:height\" content=\"484\" \/>\n\t<meta property=\"og:image:type\" content=\"image\/webp\" \/>\n<meta name=\"author\" content=\"Not\u00edcias em Destaque\" \/>\n<meta name=\"twitter:card\" content=\"summary_large_image\" \/>\n<meta name=\"twitter:label1\" content=\"Escrito por\" \/>\n\t<meta name=\"twitter:data1\" content=\"Not\u00edcias em Destaque\" \/>\n\t<meta name=\"twitter:label2\" content=\"Est. tempo de leitura\" \/>\n\t<meta name=\"twitter:data2\" content=\"3 minutos\" \/>\n<script type=\"application\/ld+json\" class=\"yoast-schema-graph\">{\"@context\":\"https:\/\/schema.org\",\"@graph\":[{\"@type\":\"Article\",\"@id\":\"https:\/\/noticiasemdestaque.com\/cd\/?p=45792#article\",\"isPartOf\":{\"@id\":\"https:\/\/noticiasemdestaque.com\/cd\/?p=45792\"},\"author\":{\"name\":\"Not\u00edcias em Destaque\",\"@id\":\"https:\/\/noticiasemdestaque.com\/cd\/#\/schema\/person\/47f7d4f55eec17c6b2ca036c5500f6ce\"},\"headline\":\"Palmeiras e Am\u00e9rica-MG decidem a Copinha nesta quarta\",\"datePublished\":\"2023-01-25T12:46:30+00:00\",\"mainEntityOfPage\":{\"@id\":\"https:\/\/noticiasemdestaque.com\/cd\/?p=45792\"},\"wordCount\":408,\"publisher\":{\"@id\":\"https:\/\/noticiasemdestaque.com\/cd\/#organization\"},\"image\":{\"@id\":\"https:\/\/noticiasemdestaque.com\/cd\/?p=45792#primaryimage\"},\"thumbnailUrl\":\"https:\/\/noticiasemdestaque.com\/cd\/wp-content\/uploads\/2023\/01\/trofeu_copinha_2022.webp\",\"articleSection\":[\"Esporte\"],\"inLanguage\":\"pt-BR\"},{\"@type\":\"WebPage\",\"@id\":\"https:\/\/noticiasemdestaque.com\/cd\/?p=45792\",\"url\":\"https:\/\/noticiasemdestaque.com\/cd\/?p=45792\",\"name\":\"Palmeiras e Am\u00e9rica-MG decidem a Copinha nesta quarta - Not&iacute;cias em Destaque\",\"isPartOf\":{\"@id\":\"https:\/\/noticiasemdestaque.com\/cd\/#website\"},\"primaryImageOfPage\":{\"@id\":\"https:\/\/noticiasemdestaque.com\/cd\/?p=45792#primaryimage\"},\"image\":{\"@id\":\"https:\/\/noticiasemdestaque.com\/cd\/?p=45792#primaryimage\"},\"thumbnailUrl\":\"https:\/\/noticiasemdestaque.com\/cd\/wp-content\/uploads\/2023\/01\/trofeu_copinha_2022.webp\",\"datePublished\":\"2023-01-25T12:46:30+00:00\",\"breadcrumb\":{\"@id\":\"https:\/\/noticiasemdestaque.com\/cd\/?p=45792#breadcrumb\"},\"inLanguage\":\"pt-BR\",\"potentialAction\":[{\"@type\":\"ReadAction\",\"target\":[\"https:\/\/noticiasemdestaque.com\/cd\/?p=45792\"]}]},{\"@type\":\"ImageObject\",\"inLanguage\":\"pt-BR\",\"@id\":\"https:\/\/noticiasemdestaque.com\/cd\/?p=45792#primaryimage\",\"url\":\"https:\/\/noticiasemdestaque.com\/cd\/wp-content\/uploads\/2023\/01\/trofeu_copinha_2022.webp\",\"contentUrl\":\"https:\/\/noticiasemdestaque.com\/cd\/wp-content\/uploads\/2023\/01\/trofeu_copinha_2022.webp\",\"width\":876,\"height\":484},{\"@type\":\"BreadcrumbList\",\"@id\":\"https:\/\/noticiasemdestaque.com\/cd\/?p=45792#breadcrumb\",\"itemListElement\":[{\"@type\":\"ListItem\",\"position\":1,\"name\":\"In\u00edcio\",\"item\":\"https:\/\/noticiasemdestaque.com\/cd\/\"},{\"@type\":\"ListItem\",\"position\":2,\"name\":\"Palmeiras e Am\u00e9rica-MG decidem a Copinha nesta quarta\"}]},{\"@type\":\"WebSite\",\"@id\":\"https:\/\/noticiasemdestaque.com\/cd\/#website\",\"url\":\"https:\/\/noticiasemdestaque.com\/cd\/\",\"name\":\"Not&iacute;cias em Destaque\",\"description\":\"\",\"publisher\":{\"@id\":\"https:\/\/noticiasemdestaque.com\/cd\/#organization\"},\"potentialAction\":[{\"@type\":\"SearchAction\",\"target\":{\"@type\":\"EntryPoint\",\"urlTemplate\":\"https:\/\/noticiasemdestaque.com\/cd\/?s={search_term_string}\"},\"query-input\":{\"@type\":\"PropertyValueSpecification\",\"valueRequired\":true,\"valueName\":\"search_term_string\"}}],\"inLanguage\":\"pt-BR\"},{\"@type\":\"Organization\",\"@id\":\"https:\/\/noticiasemdestaque.com\/cd\/#organization\",\"name\":\"Not\u00edcias em Destaque\",\"url\":\"https:\/\/noticiasemdestaque.com\/cd\/\",\"logo\":{\"@type\":\"ImageObject\",\"inLanguage\":\"pt-BR\",\"@id\":\"https:\/\/noticiasemdestaque.com\/cd\/#\/schema\/logo\/image\/\",\"url\":\"https:\/\/noticiasemdestaque.com\/cd\/wp-content\/uploads\/2022\/05\/imagem-base-noticiasemdestaque.png\",\"contentUrl\":\"https:\/\/noticiasemdestaque.com\/cd\/wp-content\/uploads\/2022\/05\/imagem-base-noticiasemdestaque.png\",\"width\":1200,\"height\":630,\"caption\":\"Not\u00edcias em Destaque\"},\"image\":{\"@id\":\"https:\/\/noticiasemdestaque.com\/cd\/#\/schema\/logo\/image\/\"}},{\"@type\":\"Person\",\"@id\":\"https:\/\/noticiasemdestaque.com\/cd\/#\/schema\/person\/47f7d4f55eec17c6b2ca036c5500f6ce\",\"name\":\"Not\u00edcias em Destaque\",\"url\":\"https:\/\/noticiasemdestaque.com\/cd\/?author=2\"}]}<\/script>\n<!-- \/ Yoast SEO plugin. -->","yoast_head_json":{"title":"Palmeiras e Am\u00e9rica-MG decidem a Copinha nesta quarta - Not&iacute;cias em Destaque","robots":{"index":"index","follow":"follow","max-snippet":"max-snippet:-1","max-image-preview":"max-image-preview:large","max-video-preview":"max-video-preview:-1"},"canonical":"https:\/\/noticiasemdestaque.com\/cd\/?p=45792","og_locale":"pt_BR","og_type":"article","og_title":"Palmeiras e Am\u00e9rica-MG decidem a Copinha nesta quarta - Not&iacute;cias em Destaque","og_description":"A grande final da\u00a0Copa S\u00e3o Paulo de Futebol J\u00fanior de 2023\u00a0ser\u00e1 disputada nesta quarta-feira (25), no est\u00e1dio do Canind\u00e9, com o confronto alviverde entre\u00a0Palmeiras\u00a0e\u00a0Am\u00e9rica-MG. O jogo far\u00e1 parte das comemora\u00e7\u00f5es do anivers\u00e1rio de 469 anos da cidade de\u00a0S\u00e3o Paulo. A partida est\u00e1 marcada para come\u00e7ar \u00e0s 15h30. Palmeiras e Am\u00e9rica-MG buscar\u00e3o o bicampeonato da competi\u00e7\u00e3o. O Palmeiras foi campe\u00e3o em 2022, enquanto o Am\u00e9rica ganhou seu \u00fanico t\u00edtulo em 1996. Veja o retrospecto dos times na competi\u00e7\u00e3o: Palmeiras Atual vencedor da competi\u00e7\u00e3o, o Palmeiras tenta ser o primeiro bicampe\u00e3o da Copinha desde o Santos, que levou os t\u00edtulos em 2013 e 2014. Para chegar at\u00e9 a final, o clube passou como l\u00edder do Grupo 3, com 9 pontos, superando Juazeirense-BA, Am\u00e9rica-SP e Rio Preto. No mata-mata eliminou Sampaio Corr\u00eaa-MA (segunda fase), Juazeirense (terceira Fase), Mirassol (oitavas de final), Floresta (quartas de final) e Goi\u00e1s (semifinal). O Verd\u00e3o ganhou todas as oito partidas at\u00e9 o momento, com 28 gols marcados e tr\u00eas sofridos. Entre os destaques da equipe do t\u00e9cnico Paulo Victor est\u00e3o o meio-campista Pedro Lima, o atacante Ruan Ribeiro, artilheiro do torneio com oito gols, e o atacante Kevin, autor que tem mais participa\u00e7\u00e3o em gols, com cinco marcados e outras cinco assist\u00eancias. Am\u00e9rica O Am\u00e9rica tamb\u00e9m vai atr\u00e1s do segundo t\u00edtulo de sua hist\u00f3ria na competi\u00e7\u00e3o, para se tornar o segundo mineiro a chegar a dois t\u00edtulos no torneio (o Atl\u00e9tico-MG tem tr\u00eas conquistas). Na fase de grupos, a equipe terminou em primeiro lugar no Grupo 18, a frente de Retr\u00f4-PE, Ponte Preta e Vocem. No mata-mata eliminou: CSP-PB (segunda fase), S\u00e3o Paulo (terceira Fase), Red Bull Bragantino (oitavas de final), Ituano (quartas de final) e Santos (semifinal). O Am\u00e9rica tamb\u00e9m venceu todas as oito partidas at\u00e9 o momento, com 22 gols marcados e tr\u00eas sofridos. O principal destaque do time mineiro \u00e9 o atacante Luan Campos, que marcou os tr\u00eas gols da vit\u00f3ria do time contra o Santos na semifinal. Informa\u00e7\u00f5es sobre o jogo Palmeiras x Am\u00e9rica-MG Data: 25 de janeiro de 2023 Hor\u00e1rio: 15h30 Local: Est\u00e1dio do Canind\u00e9, em S\u00e3o Paulo Transmiss\u00e3o: Globo, SporTV e Rede Vida Noticias em Destaque Fonte: CNN Brasil","og_url":"https:\/\/noticiasemdestaque.com\/cd\/?p=45792","og_site_name":"Not&iacute;cias em Destaque","article_published_time":"2023-01-25T12:46:30+00:00","og_image":[{"width":876,"height":484,"url":"https:\/\/noticiasemdestaque.com\/cd\/wp-content\/uploads\/2023\/01\/trofeu_copinha_2022.webp","type":"image\/webp"}],"author":"Not\u00edcias em Destaque","twitter_card":"summary_large_image","twitter_misc":{"Escrito por":"Not\u00edcias em Destaque","Est. tempo de leitura":"3 minutos"},"schema":{"@context":"https:\/\/schema.org","@graph":[{"@type":"Article","@id":"https:\/\/noticiasemdestaque.com\/cd\/?p=45792#article","isPartOf":{"@id":"https:\/\/noticiasemdestaque.com\/cd\/?p=45792"},"author":{"name":"Not\u00edcias em Destaque","@id":"https:\/\/noticiasemdestaque.com\/cd\/#\/schema\/person\/47f7d4f55eec17c6b2ca036c5500f6ce"},"headline":"Palmeiras e Am\u00e9rica-MG decidem a Copinha nesta quarta","datePublished":"2023-01-25T12:46:30+00:00","mainEntityOfPage":{"@id":"https:\/\/noticiasemdestaque.com\/cd\/?p=45792"},"wordCount":408,"publisher":{"@id":"https:\/\/noticiasemdestaque.com\/cd\/#organization"},"image":{"@id":"https:\/\/noticiasemdestaque.com\/cd\/?p=45792#primaryimage"},"thumbnailUrl":"https:\/\/noticiasemdestaque.com\/cd\/wp-content\/uploads\/2023\/01\/trofeu_copinha_2022.webp","articleSection":["Esporte"],"inLanguage":"pt-BR"},{"@type":"WebPage","@id":"https:\/\/noticiasemdestaque.com\/cd\/?p=45792","url":"https:\/\/noticiasemdestaque.com\/cd\/?p=45792","name":"Palmeiras e Am\u00e9rica-MG decidem a Copinha nesta quarta - Not&iacute;cias em Destaque","isPartOf":{"@id":"https:\/\/noticiasemdestaque.com\/cd\/#website"},"primaryImageOfPage":{"@id":"https:\/\/noticiasemdestaque.com\/cd\/?p=45792#primaryimage"},"image":{"@id":"https:\/\/noticiasemdestaque.com\/cd\/?p=45792#primaryimage"},"thumbnailUrl":"https:\/\/noticiasemdestaque.com\/cd\/wp-content\/uploads\/2023\/01\/trofeu_copinha_2022.webp","datePublished":"2023-01-25T12:46:30+00:00","breadcrumb":{"@id":"https:\/\/noticiasemdestaque.com\/cd\/?p=45792#breadcrumb"},"inLanguage":"pt-BR","potentialAction":[{"@type":"ReadAction","target":["https:\/\/noticiasemdestaque.com\/cd\/?p=45792"]}]},{"@type":"ImageObject","inLanguage":"pt-BR","@id":"https:\/\/noticiasemdestaque.com\/cd\/?p=45792#primaryimage","url":"https:\/\/noticiasemdestaque.com\/cd\/wp-content\/uploads\/2023\/01\/trofeu_copinha_2022.webp","contentUrl":"https:\/\/noticiasemdestaque.com\/cd\/wp-content\/uploads\/2023\/01\/trofeu_copinha_2022.webp","width":876,"height":484},{"@type":"BreadcrumbList","@id":"https:\/\/noticiasemdestaque.com\/cd\/?p=45792#breadcrumb","itemListElement":[{"@type":"ListItem","position":1,"name":"In\u00edcio","item":"https:\/\/noticiasemdestaque.com\/cd\/"},{"@type":"ListItem","position":2,"name":"Palmeiras e Am\u00e9rica-MG decidem a Copinha nesta quarta"}]},{"@type":"WebSite","@id":"https:\/\/noticiasemdestaque.com\/cd\/#website","url":"https:\/\/noticiasemdestaque.com\/cd\/","name":"Not&iacute;cias em Destaque","description":"","publisher":{"@id":"https:\/\/noticiasemdestaque.com\/cd\/#organization"},"potentialAction":[{"@type":"SearchAction","target":{"@type":"EntryPoint","urlTemplate":"https:\/\/noticiasemdestaque.com\/cd\/?s={search_term_string}"},"query-input":{"@type":"PropertyValueSpecification","valueRequired":true,"valueName":"search_term_string"}}],"inLanguage":"pt-BR"},{"@type":"Organization","@id":"https:\/\/noticiasemdestaque.com\/cd\/#organization","name":"Not\u00edcias em Destaque","url":"https:\/\/noticiasemdestaque.com\/cd\/","logo":{"@type":"ImageObject","inLanguage":"pt-BR","@id":"https:\/\/noticiasemdestaque.com\/cd\/#\/schema\/logo\/image\/","url":"https:\/\/noticiasemdestaque.com\/cd\/wp-content\/uploads\/2022\/05\/imagem-base-noticiasemdestaque.png","contentUrl":"https:\/\/noticiasemdestaque.com\/cd\/wp-content\/uploads\/2022\/05\/imagem-base-noticiasemdestaque.png","width":1200,"height":630,"caption":"Not\u00edcias em Destaque"},"image":{"@id":"https:\/\/noticiasemdestaque.com\/cd\/#\/schema\/logo\/image\/"}},{"@type":"Person","@id":"https:\/\/noticiasemdestaque.com\/cd\/#\/schema\/person\/47f7d4f55eec17c6b2ca036c5500f6ce","name":"Not\u00edcias em Destaque","url":"https:\/\/noticiasemdestaque.com\/cd\/?author=2"}]}},"jetpack_featured_media_url":"https:\/\/noticiasemdestaque.com\/cd\/wp-content\/uploads\/2023\/01\/trofeu_copinha_2022.webp","jetpack_sharing_enabled":true,"_links":{"self":[{"href":"https:\/\/noticiasemdestaque.com\/cd\/index.php?rest_route=\/wp\/v2\/posts\/45792","targetHints":{"allow":["GET"]}}],"collection":[{"href":"https:\/\/noticiasemdestaque.com\/cd\/index.php?rest_route=\/wp\/v2\/posts"}],"about":[{"href":"https:\/\/noticiasemdestaque.com\/cd\/index.php?rest_route=\/wp\/v2\/types\/post"}],"author":[{"embeddable":true,"href":"https:\/\/noticiasemdestaque.com\/cd\/index.php?rest_route=\/wp\/v2\/users\/2"}],"replies":[{"embeddable":true,"href":"https:\/\/noticiasemdestaque.com\/cd\/index.php?rest_route=%2Fwp%2Fv2%2Fcomments&post=45792"}],"version-history":[{"count":1,"href":"https:\/\/noticiasemdestaque.com\/cd\/index.php?rest_route=\/wp\/v2\/posts\/45792\/revisions"}],"predecessor-version":[{"id":45794,"href":"https:\/\/noticiasemdestaque.com\/cd\/index.php?rest_route=\/wp\/v2\/posts\/45792\/revisions\/45794"}],"wp:featuredmedia":[{"embeddable":true,"href":"https:\/\/noticiasemdestaque.com\/cd\/index.php?rest_route=\/wp\/v2\/media\/45793"}],"wp:attachment":[{"href":"https:\/\/noticiasemdestaque.com\/cd\/index.php?rest_route=%2Fwp%2Fv2%2Fmedia&parent=45792"}],"wp:term":[{"taxonomy":"category","embeddable":true,"href":"https:\/\/noticiasemdestaque.com\/cd\/index.php?rest_route=%2Fwp%2Fv2%2Fcategories&post=45792"},{"taxonomy":"post_tag","embeddable":true,"href":"https:\/\/noticiasemdestaque.com\/cd\/index.php?rest_route=%2Fwp%2Fv2%2Ftags&post=45792"}],"curies":[{"name":"wp","href":"https:\/\/api.w.org\/{rel}","templated":true}]}}