{"id":4579,"date":"2017-09-23T13:29:15","date_gmt":"2017-09-23T16:29:15","guid":{"rendered":"http:\/\/caririemdestaque.com\/cd\/?p=4579"},"modified":"2017-09-23T13:31:21","modified_gmt":"2017-09-23T16:31:21","slug":"campus-sume-seleciona-professor-substituto-na-area-de-gestao-da-producao","status":"publish","type":"post","link":"https:\/\/noticiasemdestaque.com\/cd\/?p=4579","title":{"rendered":"Campus Sum\u00e9 seleciona professor substituto na \u00e1rea de Gest\u00e3o da Produ\u00e7\u00e3o"},"content":{"rendered":"<p><a href=\"http:\/\/caririemdestaque.com\/cd\/wp-content\/uploads\/2017\/09\/timthumb-1-4.jpg\"><img decoding=\"async\" class=\"size-thumbnail wp-image-4580 alignleft\" src=\"http:\/\/caririemdestaque.com\/cd\/wp-content\/uploads\/2017\/09\/timthumb-1-4-150x150.jpg\" alt=\"\" width=\"150\" height=\"150\" srcset=\"https:\/\/noticiasemdestaque.com\/cd\/wp-content\/uploads\/2017\/09\/timthumb-1-4-150x150.jpg 150w, https:\/\/noticiasemdestaque.com\/cd\/wp-content\/uploads\/2017\/09\/timthumb-1-4-266x266.jpg 266w\" sizes=\"(max-width: 150px) 100vw, 150px\" \/><\/a>Estar\u00e3o abertas no per\u00edodo de 2 a 10 de outubro, no Centro de Desenvolvimento Sustent\u00e1vel do Semi\u00e1rido da Universidade Federal de Campina Grande, no Protocolo Setorial do Campus de Sum\u00e9, as inscri\u00e7\u00f5es para o Processo Seletivo Simplificado para Professor Substituto na \u00e1rea de Gest\u00e3o da Produ\u00e7\u00e3o.<\/p>\n<p>A sele\u00e7\u00e3o \u00e9 para uma vaga na Unidade Acad\u00eamica de Tecnologia do Desenvolvimento, em regime de trabalho T-40, e vencimento b\u00e1sico de R$ 3.121,76. A titula\u00e7\u00e3o Titula\u00e7\u00e3o M\u00ednima Exigida \u00e9 Gradua\u00e7\u00e3o em Engenharia com Mestrado em Engenharia ou Administra\u00e7\u00e3o.<\/p>\n<p>Para mais informa\u00e7\u00f5es sobre o processo seletivo (cronograma, documenta\u00e7\u00e3o, requisitos para inscri\u00e7\u00e3o) est\u00e3o dispon\u00edveis no edital do certame, no portal eletr\u00f4nico do CDSA (www.cdsa.ufcg.edu.br).<\/p>\n<p>Ascom\/ Rosenato Barreto<\/p>\n","protected":false},"excerpt":{"rendered":"<p>Estar\u00e3o abertas no per\u00edodo de 2 a 10 de outubro, no Centro de Desenvolvimento Sustent\u00e1vel do Semi\u00e1rido da Universidade Federal de Campina Grande, no Protocolo Setorial do Campus de Sum\u00e9, as inscri\u00e7\u00f5es para o Processo Seletivo Simplificado para Professor Substituto na \u00e1rea de Gest\u00e3o da Produ\u00e7\u00e3o. A sele\u00e7\u00e3o \u00e9 para uma vaga na Unidade Acad\u00eamica de Tecnologia do Desenvolvimento, em regime de trabalho T-40, e vencimento b\u00e1sico de R$ 3.121,76. A titula\u00e7\u00e3o Titula\u00e7\u00e3o M\u00ednima Exigida \u00e9 Gradua\u00e7\u00e3o em Engenharia com Mestrado em Engenharia ou Administra\u00e7\u00e3o. Para mais informa\u00e7\u00f5es sobre o processo seletivo (cronograma, documenta\u00e7\u00e3o, requisitos para inscri\u00e7\u00e3o) est\u00e3o dispon\u00edveis no edital do certame, no portal eletr\u00f4nico do CDSA (www.cdsa.ufcg.edu.br). Ascom\/ Rosenato Barreto<\/p>\n","protected":false},"author":2,"featured_media":4580,"comment_status":"closed","ping_status":"open","sticky":false,"template":"","format":"standard","meta":{"_eb_attr":"","_jetpack_memberships_contains_paid_content":false,"footnotes":""},"categories":[6],"tags":[],"class_list":["post-4579","post","type-post","status-publish","format-standard","has-post-thumbnail","hentry","category-educacao"],"yoast_head":"<!-- This site is optimized with the Yoast SEO plugin v26.5 - https:\/\/yoast.com\/wordpress\/plugins\/seo\/ -->\n<title>Campus Sum\u00e9 seleciona professor substituto na \u00e1rea de Gest\u00e3o da Produ\u00e7\u00e3o - Not&iacute;cias em Destaque<\/title>\n<meta name=\"robots\" content=\"index, follow, max-snippet:-1, max-image-preview:large, max-video-preview:-1\" \/>\n<link rel=\"canonical\" href=\"https:\/\/noticiasemdestaque.com\/cd\/?p=4579\" \/>\n<meta property=\"og:locale\" content=\"pt_BR\" \/>\n<meta property=\"og:type\" content=\"article\" \/>\n<meta property=\"og:title\" content=\"Campus Sum\u00e9 seleciona professor substituto na \u00e1rea de Gest\u00e3o da Produ\u00e7\u00e3o - Not&iacute;cias em Destaque\" \/>\n<meta property=\"og:description\" content=\"Estar\u00e3o abertas no per\u00edodo de 2 a 10 de outubro, no Centro de Desenvolvimento Sustent\u00e1vel do Semi\u00e1rido da Universidade Federal de Campina Grande, no Protocolo Setorial do Campus de Sum\u00e9, as inscri\u00e7\u00f5es para o Processo Seletivo Simplificado para Professor Substituto na \u00e1rea de Gest\u00e3o da Produ\u00e7\u00e3o. A sele\u00e7\u00e3o \u00e9 para uma vaga na Unidade Acad\u00eamica de Tecnologia do Desenvolvimento, em regime de trabalho T-40, e vencimento b\u00e1sico de R$ 3.121,76. A titula\u00e7\u00e3o Titula\u00e7\u00e3o M\u00ednima Exigida \u00e9 Gradua\u00e7\u00e3o em Engenharia com Mestrado em Engenharia ou Administra\u00e7\u00e3o. Para mais informa\u00e7\u00f5es sobre o processo seletivo (cronograma, documenta\u00e7\u00e3o, requisitos para inscri\u00e7\u00e3o) est\u00e3o dispon\u00edveis no edital do certame, no portal eletr\u00f4nico do CDSA (www.cdsa.ufcg.edu.br). Ascom\/ Rosenato Barreto\" \/>\n<meta property=\"og:url\" content=\"https:\/\/noticiasemdestaque.com\/cd\/?p=4579\" \/>\n<meta property=\"og:site_name\" content=\"Not&iacute;cias em Destaque\" \/>\n<meta property=\"article:published_time\" content=\"2017-09-23T16:29:15+00:00\" \/>\n<meta property=\"article:modified_time\" content=\"2017-09-23T16:31:21+00:00\" \/>\n<meta property=\"og:image\" content=\"https:\/\/noticiasemdestaque.com\/cd\/wp-content\/uploads\/2017\/09\/timthumb-1-4.jpg\" \/>\n\t<meta property=\"og:image:width\" content=\"547\" \/>\n\t<meta property=\"og:image:height\" content=\"398\" \/>\n\t<meta property=\"og:image:type\" content=\"image\/jpeg\" \/>\n<meta name=\"author\" content=\"Not\u00edcias em Destaque\" \/>\n<meta name=\"twitter:card\" content=\"summary_large_image\" \/>\n<meta name=\"twitter:label1\" content=\"Escrito por\" \/>\n\t<meta name=\"twitter:data1\" content=\"Not\u00edcias em Destaque\" \/>\n\t<meta name=\"twitter:label2\" content=\"Est. tempo de leitura\" \/>\n\t<meta name=\"twitter:data2\" content=\"1 minuto\" \/>\n<script type=\"application\/ld+json\" class=\"yoast-schema-graph\">{\"@context\":\"https:\/\/schema.org\",\"@graph\":[{\"@type\":\"Article\",\"@id\":\"https:\/\/noticiasemdestaque.com\/cd\/?p=4579#article\",\"isPartOf\":{\"@id\":\"https:\/\/noticiasemdestaque.com\/cd\/?p=4579\"},\"author\":{\"name\":\"Not\u00edcias em Destaque\",\"@id\":\"https:\/\/noticiasemdestaque.com\/cd\/#\/schema\/person\/21320b03a7e8bb90128938dafc9b908a\"},\"headline\":\"Campus Sum\u00e9 seleciona professor substituto na \u00e1rea de Gest\u00e3o da Produ\u00e7\u00e3o\",\"datePublished\":\"2017-09-23T16:29:15+00:00\",\"dateModified\":\"2017-09-23T16:31:21+00:00\",\"mainEntityOfPage\":{\"@id\":\"https:\/\/noticiasemdestaque.com\/cd\/?p=4579\"},\"wordCount\":145,\"publisher\":{\"@id\":\"https:\/\/noticiasemdestaque.com\/cd\/#organization\"},\"image\":{\"@id\":\"https:\/\/noticiasemdestaque.com\/cd\/?p=4579#primaryimage\"},\"thumbnailUrl\":\"https:\/\/noticiasemdestaque.com\/cd\/wp-content\/uploads\/2017\/09\/timthumb-1-4.jpg\",\"articleSection\":[\"Educa\u00e7\u00e3o\"],\"inLanguage\":\"pt-BR\"},{\"@type\":\"WebPage\",\"@id\":\"https:\/\/noticiasemdestaque.com\/cd\/?p=4579\",\"url\":\"https:\/\/noticiasemdestaque.com\/cd\/?p=4579\",\"name\":\"Campus Sum\u00e9 seleciona professor substituto na \u00e1rea de Gest\u00e3o da Produ\u00e7\u00e3o - Not&iacute;cias em Destaque\",\"isPartOf\":{\"@id\":\"https:\/\/noticiasemdestaque.com\/cd\/#website\"},\"primaryImageOfPage\":{\"@id\":\"https:\/\/noticiasemdestaque.com\/cd\/?p=4579#primaryimage\"},\"image\":{\"@id\":\"https:\/\/noticiasemdestaque.com\/cd\/?p=4579#primaryimage\"},\"thumbnailUrl\":\"https:\/\/noticiasemdestaque.com\/cd\/wp-content\/uploads\/2017\/09\/timthumb-1-4.jpg\",\"datePublished\":\"2017-09-23T16:29:15+00:00\",\"dateModified\":\"2017-09-23T16:31:21+00:00\",\"breadcrumb\":{\"@id\":\"https:\/\/noticiasemdestaque.com\/cd\/?p=4579#breadcrumb\"},\"inLanguage\":\"pt-BR\",\"potentialAction\":[{\"@type\":\"ReadAction\",\"target\":[\"https:\/\/noticiasemdestaque.com\/cd\/?p=4579\"]}]},{\"@type\":\"ImageObject\",\"inLanguage\":\"pt-BR\",\"@id\":\"https:\/\/noticiasemdestaque.com\/cd\/?p=4579#primaryimage\",\"url\":\"https:\/\/noticiasemdestaque.com\/cd\/wp-content\/uploads\/2017\/09\/timthumb-1-4.jpg\",\"contentUrl\":\"https:\/\/noticiasemdestaque.com\/cd\/wp-content\/uploads\/2017\/09\/timthumb-1-4.jpg\",\"width\":547,\"height\":398},{\"@type\":\"BreadcrumbList\",\"@id\":\"https:\/\/noticiasemdestaque.com\/cd\/?p=4579#breadcrumb\",\"itemListElement\":[{\"@type\":\"ListItem\",\"position\":1,\"name\":\"In\u00edcio\",\"item\":\"https:\/\/noticiasemdestaque.com\/cd\/\"},{\"@type\":\"ListItem\",\"position\":2,\"name\":\"Campus Sum\u00e9 seleciona professor substituto na \u00e1rea de Gest\u00e3o da Produ\u00e7\u00e3o\"}]},{\"@type\":\"WebSite\",\"@id\":\"https:\/\/noticiasemdestaque.com\/cd\/#website\",\"url\":\"https:\/\/noticiasemdestaque.com\/cd\/\",\"name\":\"Not&iacute;cias em Destaque\",\"description\":\"\",\"publisher\":{\"@id\":\"https:\/\/noticiasemdestaque.com\/cd\/#organization\"},\"potentialAction\":[{\"@type\":\"SearchAction\",\"target\":{\"@type\":\"EntryPoint\",\"urlTemplate\":\"https:\/\/noticiasemdestaque.com\/cd\/?s={search_term_string}\"},\"query-input\":{\"@type\":\"PropertyValueSpecification\",\"valueRequired\":true,\"valueName\":\"search_term_string\"}}],\"inLanguage\":\"pt-BR\"},{\"@type\":\"Organization\",\"@id\":\"https:\/\/noticiasemdestaque.com\/cd\/#organization\",\"name\":\"Not\u00edcias em Destaque\",\"url\":\"https:\/\/noticiasemdestaque.com\/cd\/\",\"logo\":{\"@type\":\"ImageObject\",\"inLanguage\":\"pt-BR\",\"@id\":\"https:\/\/noticiasemdestaque.com\/cd\/#\/schema\/logo\/image\/\",\"url\":\"https:\/\/noticiasemdestaque.com\/cd\/wp-content\/uploads\/2022\/05\/imagem-base-noticiasemdestaque.png\",\"contentUrl\":\"https:\/\/noticiasemdestaque.com\/cd\/wp-content\/uploads\/2022\/05\/imagem-base-noticiasemdestaque.png\",\"width\":1200,\"height\":630,\"caption\":\"Not\u00edcias em Destaque\"},\"image\":{\"@id\":\"https:\/\/noticiasemdestaque.com\/cd\/#\/schema\/logo\/image\/\"}},{\"@type\":\"Person\",\"@id\":\"https:\/\/noticiasemdestaque.com\/cd\/#\/schema\/person\/21320b03a7e8bb90128938dafc9b908a\",\"name\":\"Not\u00edcias em Destaque\",\"url\":\"https:\/\/noticiasemdestaque.com\/cd\/?author=2\"}]}<\/script>\n<!-- \/ Yoast SEO plugin. -->","yoast_head_json":{"title":"Campus Sum\u00e9 seleciona professor substituto na \u00e1rea de Gest\u00e3o da Produ\u00e7\u00e3o - Not&iacute;cias em Destaque","robots":{"index":"index","follow":"follow","max-snippet":"max-snippet:-1","max-image-preview":"max-image-preview:large","max-video-preview":"max-video-preview:-1"},"canonical":"https:\/\/noticiasemdestaque.com\/cd\/?p=4579","og_locale":"pt_BR","og_type":"article","og_title":"Campus Sum\u00e9 seleciona professor substituto na \u00e1rea de Gest\u00e3o da Produ\u00e7\u00e3o - Not&iacute;cias em Destaque","og_description":"Estar\u00e3o abertas no per\u00edodo de 2 a 10 de outubro, no Centro de Desenvolvimento Sustent\u00e1vel do Semi\u00e1rido da Universidade Federal de Campina Grande, no Protocolo Setorial do Campus de Sum\u00e9, as inscri\u00e7\u00f5es para o Processo Seletivo Simplificado para Professor Substituto na \u00e1rea de Gest\u00e3o da Produ\u00e7\u00e3o. A sele\u00e7\u00e3o \u00e9 para uma vaga na Unidade Acad\u00eamica de Tecnologia do Desenvolvimento, em regime de trabalho T-40, e vencimento b\u00e1sico de R$ 3.121,76. A titula\u00e7\u00e3o Titula\u00e7\u00e3o M\u00ednima Exigida \u00e9 Gradua\u00e7\u00e3o em Engenharia com Mestrado em Engenharia ou Administra\u00e7\u00e3o. Para mais informa\u00e7\u00f5es sobre o processo seletivo (cronograma, documenta\u00e7\u00e3o, requisitos para inscri\u00e7\u00e3o) est\u00e3o dispon\u00edveis no edital do certame, no portal eletr\u00f4nico do CDSA (www.cdsa.ufcg.edu.br). Ascom\/ Rosenato Barreto","og_url":"https:\/\/noticiasemdestaque.com\/cd\/?p=4579","og_site_name":"Not&iacute;cias em Destaque","article_published_time":"2017-09-23T16:29:15+00:00","article_modified_time":"2017-09-23T16:31:21+00:00","og_image":[{"width":547,"height":398,"url":"https:\/\/noticiasemdestaque.com\/cd\/wp-content\/uploads\/2017\/09\/timthumb-1-4.jpg","type":"image\/jpeg"}],"author":"Not\u00edcias em Destaque","twitter_card":"summary_large_image","twitter_misc":{"Escrito por":"Not\u00edcias em Destaque","Est. tempo de leitura":"1 minuto"},"schema":{"@context":"https:\/\/schema.org","@graph":[{"@type":"Article","@id":"https:\/\/noticiasemdestaque.com\/cd\/?p=4579#article","isPartOf":{"@id":"https:\/\/noticiasemdestaque.com\/cd\/?p=4579"},"author":{"name":"Not\u00edcias em Destaque","@id":"https:\/\/noticiasemdestaque.com\/cd\/#\/schema\/person\/21320b03a7e8bb90128938dafc9b908a"},"headline":"Campus Sum\u00e9 seleciona professor substituto na \u00e1rea de Gest\u00e3o da Produ\u00e7\u00e3o","datePublished":"2017-09-23T16:29:15+00:00","dateModified":"2017-09-23T16:31:21+00:00","mainEntityOfPage":{"@id":"https:\/\/noticiasemdestaque.com\/cd\/?p=4579"},"wordCount":145,"publisher":{"@id":"https:\/\/noticiasemdestaque.com\/cd\/#organization"},"image":{"@id":"https:\/\/noticiasemdestaque.com\/cd\/?p=4579#primaryimage"},"thumbnailUrl":"https:\/\/noticiasemdestaque.com\/cd\/wp-content\/uploads\/2017\/09\/timthumb-1-4.jpg","articleSection":["Educa\u00e7\u00e3o"],"inLanguage":"pt-BR"},{"@type":"WebPage","@id":"https:\/\/noticiasemdestaque.com\/cd\/?p=4579","url":"https:\/\/noticiasemdestaque.com\/cd\/?p=4579","name":"Campus Sum\u00e9 seleciona professor substituto na \u00e1rea de Gest\u00e3o da Produ\u00e7\u00e3o - Not&iacute;cias em Destaque","isPartOf":{"@id":"https:\/\/noticiasemdestaque.com\/cd\/#website"},"primaryImageOfPage":{"@id":"https:\/\/noticiasemdestaque.com\/cd\/?p=4579#primaryimage"},"image":{"@id":"https:\/\/noticiasemdestaque.com\/cd\/?p=4579#primaryimage"},"thumbnailUrl":"https:\/\/noticiasemdestaque.com\/cd\/wp-content\/uploads\/2017\/09\/timthumb-1-4.jpg","datePublished":"2017-09-23T16:29:15+00:00","dateModified":"2017-09-23T16:31:21+00:00","breadcrumb":{"@id":"https:\/\/noticiasemdestaque.com\/cd\/?p=4579#breadcrumb"},"inLanguage":"pt-BR","potentialAction":[{"@type":"ReadAction","target":["https:\/\/noticiasemdestaque.com\/cd\/?p=4579"]}]},{"@type":"ImageObject","inLanguage":"pt-BR","@id":"https:\/\/noticiasemdestaque.com\/cd\/?p=4579#primaryimage","url":"https:\/\/noticiasemdestaque.com\/cd\/wp-content\/uploads\/2017\/09\/timthumb-1-4.jpg","contentUrl":"https:\/\/noticiasemdestaque.com\/cd\/wp-content\/uploads\/2017\/09\/timthumb-1-4.jpg","width":547,"height":398},{"@type":"BreadcrumbList","@id":"https:\/\/noticiasemdestaque.com\/cd\/?p=4579#breadcrumb","itemListElement":[{"@type":"ListItem","position":1,"name":"In\u00edcio","item":"https:\/\/noticiasemdestaque.com\/cd\/"},{"@type":"ListItem","position":2,"name":"Campus Sum\u00e9 seleciona professor substituto na \u00e1rea de Gest\u00e3o da Produ\u00e7\u00e3o"}]},{"@type":"WebSite","@id":"https:\/\/noticiasemdestaque.com\/cd\/#website","url":"https:\/\/noticiasemdestaque.com\/cd\/","name":"Not&iacute;cias em Destaque","description":"","publisher":{"@id":"https:\/\/noticiasemdestaque.com\/cd\/#organization"},"potentialAction":[{"@type":"SearchAction","target":{"@type":"EntryPoint","urlTemplate":"https:\/\/noticiasemdestaque.com\/cd\/?s={search_term_string}"},"query-input":{"@type":"PropertyValueSpecification","valueRequired":true,"valueName":"search_term_string"}}],"inLanguage":"pt-BR"},{"@type":"Organization","@id":"https:\/\/noticiasemdestaque.com\/cd\/#organization","name":"Not\u00edcias em Destaque","url":"https:\/\/noticiasemdestaque.com\/cd\/","logo":{"@type":"ImageObject","inLanguage":"pt-BR","@id":"https:\/\/noticiasemdestaque.com\/cd\/#\/schema\/logo\/image\/","url":"https:\/\/noticiasemdestaque.com\/cd\/wp-content\/uploads\/2022\/05\/imagem-base-noticiasemdestaque.png","contentUrl":"https:\/\/noticiasemdestaque.com\/cd\/wp-content\/uploads\/2022\/05\/imagem-base-noticiasemdestaque.png","width":1200,"height":630,"caption":"Not\u00edcias em Destaque"},"image":{"@id":"https:\/\/noticiasemdestaque.com\/cd\/#\/schema\/logo\/image\/"}},{"@type":"Person","@id":"https:\/\/noticiasemdestaque.com\/cd\/#\/schema\/person\/21320b03a7e8bb90128938dafc9b908a","name":"Not\u00edcias em Destaque","url":"https:\/\/noticiasemdestaque.com\/cd\/?author=2"}]}},"jetpack_featured_media_url":"https:\/\/noticiasemdestaque.com\/cd\/wp-content\/uploads\/2017\/09\/timthumb-1-4.jpg","jetpack_sharing_enabled":true,"_links":{"self":[{"href":"https:\/\/noticiasemdestaque.com\/cd\/index.php?rest_route=\/wp\/v2\/posts\/4579","targetHints":{"allow":["GET"]}}],"collection":[{"href":"https:\/\/noticiasemdestaque.com\/cd\/index.php?rest_route=\/wp\/v2\/posts"}],"about":[{"href":"https:\/\/noticiasemdestaque.com\/cd\/index.php?rest_route=\/wp\/v2\/types\/post"}],"author":[{"embeddable":true,"href":"https:\/\/noticiasemdestaque.com\/cd\/index.php?rest_route=\/wp\/v2\/users\/2"}],"replies":[{"embeddable":true,"href":"https:\/\/noticiasemdestaque.com\/cd\/index.php?rest_route=%2Fwp%2Fv2%2Fcomments&post=4579"}],"version-history":[{"count":2,"href":"https:\/\/noticiasemdestaque.com\/cd\/index.php?rest_route=\/wp\/v2\/posts\/4579\/revisions"}],"predecessor-version":[{"id":4582,"href":"https:\/\/noticiasemdestaque.com\/cd\/index.php?rest_route=\/wp\/v2\/posts\/4579\/revisions\/4582"}],"wp:featuredmedia":[{"embeddable":true,"href":"https:\/\/noticiasemdestaque.com\/cd\/index.php?rest_route=\/wp\/v2\/media\/4580"}],"wp:attachment":[{"href":"https:\/\/noticiasemdestaque.com\/cd\/index.php?rest_route=%2Fwp%2Fv2%2Fmedia&parent=4579"}],"wp:term":[{"taxonomy":"category","embeddable":true,"href":"https:\/\/noticiasemdestaque.com\/cd\/index.php?rest_route=%2Fwp%2Fv2%2Fcategories&post=4579"},{"taxonomy":"post_tag","embeddable":true,"href":"https:\/\/noticiasemdestaque.com\/cd\/index.php?rest_route=%2Fwp%2Fv2%2Ftags&post=4579"}],"curies":[{"name":"wp","href":"https:\/\/api.w.org\/{rel}","templated":true}]}}