{"id":45779,"date":"2023-01-24T15:29:28","date_gmt":"2023-01-24T18:29:28","guid":{"rendered":"https:\/\/noticiasemdestaque.com\/cd\/?p=45779"},"modified":"2023-01-24T15:29:28","modified_gmt":"2023-01-24T18:29:28","slug":"aristeu-chaves-toma-posse-como-novo-presidente-da-empaer","status":"publish","type":"post","link":"https:\/\/noticiasemdestaque.com\/cd\/?p=45779","title":{"rendered":"Aristeu Chaves toma posse como novo presidente da Empaer"},"content":{"rendered":"<p><a href=\"https:\/\/noticiasemdestaque.com\/cd\/wp-content\/uploads\/2023\/01\/aristeu.jpg\"><img decoding=\"async\" class=\"size-medium wp-image-45780 aligncenter\" src=\"https:\/\/noticiasemdestaque.com\/cd\/wp-content\/uploads\/2023\/01\/aristeu-300x162.jpg\" alt=\"\" width=\"300\" height=\"162\" srcset=\"https:\/\/noticiasemdestaque.com\/cd\/wp-content\/uploads\/2023\/01\/aristeu-300x162.jpg 300w, https:\/\/noticiasemdestaque.com\/cd\/wp-content\/uploads\/2023\/01\/aristeu-18x10.jpg 18w, https:\/\/noticiasemdestaque.com\/cd\/wp-content\/uploads\/2023\/01\/aristeu.jpg 740w\" sizes=\"(max-width: 300px) 100vw, 300px\" \/><\/a><\/p>\n<p style=\"font-weight: 400;\">O ex-prefeito de Camala\u00fa, Aristeu Chaves, assumiu nesta ter\u00e7a-feira (24), a presid\u00eancia da Empaer na Para\u00edba. A solenidade aconteceu na sede \u00f3rg\u00e3o, em Jo\u00e3o Pessoa, e contou com a participa\u00e7\u00e3o do procurador do Estado, F\u00e1bio Andrade, com a presen\u00e7a do secret\u00e1rio de Agricultura familiar da Para\u00edba, Bivar e diversas outras lideran\u00e7as.<\/p>\n<p style=\"font-weight: 400;\">Durante a posse, Aristeu Chaves, fez uma an\u00e1lise dos desafios \u00e0 frente da dire\u00e7\u00e3o do \u00f3rg\u00e3o e afirmou que tem muito trabalho pela frente.<\/p>\n<p style=\"font-weight: 400;\">\u201cTemos muito trabalho pela frente onde temos plenas condi\u00e7\u00f5es de fomentar a atividade de agricultura em nosso estado. Agrade\u00e7o a confian\u00e7a do governador Jo\u00e3o Azev\u00eado em meu nome, ao qual de agora possamos trabalhar em prol do desenvolvimento da Para\u00edba,\u201d disse.<\/p>\n<p style=\"font-weight: 400;\">No primeiro mandato do governo Jo\u00e3o Azev\u00eado, Aristeu esteve \u00e0 frente da coordena\u00e7\u00e3o do programa Procase.<\/p>\n<p style=\"font-weight: 400;\">Uma caravana de Camala\u00fa esteve presente na posse, dentre elas o prefeito Bira Mariano, o presidente da C\u00e2mara Municipal, vereador Genildo, a vereadora, Nicinha, o ex-prefeito, Jacinto e o ex-vereador, Jo\u00e3o.<\/p>\n<p style=\"font-weight: 400;\">Com Bruno Lira<\/p>\n","protected":false},"excerpt":{"rendered":"<p>O ex-prefeito de Camala\u00fa, Aristeu Chaves, assumiu nesta ter\u00e7a-feira (24), a presid\u00eancia da Empaer na Para\u00edba. A solenidade aconteceu na sede \u00f3rg\u00e3o, em Jo\u00e3o Pessoa, e contou com a participa\u00e7\u00e3o do procurador do Estado, F\u00e1bio Andrade, com a presen\u00e7a do secret\u00e1rio de Agricultura familiar da Para\u00edba, Bivar e diversas outras lideran\u00e7as. Durante a posse, Aristeu Chaves, fez uma an\u00e1lise dos desafios \u00e0 frente da dire\u00e7\u00e3o do \u00f3rg\u00e3o e afirmou que tem muito trabalho pela frente. \u201cTemos muito trabalho pela frente onde temos plenas condi\u00e7\u00f5es de fomentar a atividade de agricultura em nosso estado. Agrade\u00e7o a confian\u00e7a do governador Jo\u00e3o Azev\u00eado em meu nome, ao qual de agora possamos trabalhar em prol do desenvolvimento da Para\u00edba,\u201d disse. No primeiro mandato do governo Jo\u00e3o Azev\u00eado, Aristeu esteve \u00e0 frente da coordena\u00e7\u00e3o do programa Procase. Uma caravana de Camala\u00fa esteve presente na posse, dentre elas o prefeito Bira Mariano, o presidente da C\u00e2mara Municipal, vereador Genildo, a vereadora, Nicinha, o ex-prefeito, Jacinto e o ex-vereador, Jo\u00e3o. Com Bruno Lira<\/p>\n","protected":false},"author":2,"featured_media":45780,"comment_status":"closed","ping_status":"open","sticky":false,"template":"","format":"standard","meta":{"_eb_attr":"","_jetpack_memberships_contains_paid_content":false,"footnotes":""},"categories":[12],"tags":[],"class_list":["post-45779","post","type-post","status-publish","format-standard","has-post-thumbnail","hentry","category-geral"],"yoast_head":"<!-- This site is optimized with the Yoast SEO plugin v26.5 - https:\/\/yoast.com\/wordpress\/plugins\/seo\/ -->\n<title>Aristeu Chaves toma posse como novo presidente da Empaer - Not&iacute;cias em Destaque<\/title>\n<meta name=\"robots\" content=\"index, follow, max-snippet:-1, max-image-preview:large, max-video-preview:-1\" \/>\n<link rel=\"canonical\" href=\"https:\/\/noticiasemdestaque.com\/cd\/?p=45779\" \/>\n<meta property=\"og:locale\" content=\"pt_BR\" \/>\n<meta property=\"og:type\" content=\"article\" \/>\n<meta property=\"og:title\" content=\"Aristeu Chaves toma posse como novo presidente da Empaer - Not&iacute;cias em Destaque\" \/>\n<meta property=\"og:description\" content=\"O ex-prefeito de Camala\u00fa, Aristeu Chaves, assumiu nesta ter\u00e7a-feira (24), a presid\u00eancia da Empaer na Para\u00edba. A solenidade aconteceu na sede \u00f3rg\u00e3o, em Jo\u00e3o Pessoa, e contou com a participa\u00e7\u00e3o do procurador do Estado, F\u00e1bio Andrade, com a presen\u00e7a do secret\u00e1rio de Agricultura familiar da Para\u00edba, Bivar e diversas outras lideran\u00e7as. Durante a posse, Aristeu Chaves, fez uma an\u00e1lise dos desafios \u00e0 frente da dire\u00e7\u00e3o do \u00f3rg\u00e3o e afirmou que tem muito trabalho pela frente. \u201cTemos muito trabalho pela frente onde temos plenas condi\u00e7\u00f5es de fomentar a atividade de agricultura em nosso estado. Agrade\u00e7o a confian\u00e7a do governador Jo\u00e3o Azev\u00eado em meu nome, ao qual de agora possamos trabalhar em prol do desenvolvimento da Para\u00edba,\u201d disse. No primeiro mandato do governo Jo\u00e3o Azev\u00eado, Aristeu esteve \u00e0 frente da coordena\u00e7\u00e3o do programa Procase. Uma caravana de Camala\u00fa esteve presente na posse, dentre elas o prefeito Bira Mariano, o presidente da C\u00e2mara Municipal, vereador Genildo, a vereadora, Nicinha, o ex-prefeito, Jacinto e o ex-vereador, Jo\u00e3o. Com Bruno Lira\" \/>\n<meta property=\"og:url\" content=\"https:\/\/noticiasemdestaque.com\/cd\/?p=45779\" \/>\n<meta property=\"og:site_name\" content=\"Not&iacute;cias em Destaque\" \/>\n<meta property=\"article:published_time\" content=\"2023-01-24T18:29:28+00:00\" \/>\n<meta property=\"og:image\" content=\"https:\/\/noticiasemdestaque.com\/cd\/wp-content\/uploads\/2023\/01\/aristeu.jpg\" \/>\n\t<meta property=\"og:image:width\" content=\"740\" \/>\n\t<meta property=\"og:image:height\" content=\"400\" \/>\n\t<meta property=\"og:image:type\" content=\"image\/jpeg\" \/>\n<meta name=\"author\" content=\"Not\u00edcias em Destaque\" \/>\n<meta name=\"twitter:card\" content=\"summary_large_image\" \/>\n<meta name=\"twitter:label1\" content=\"Escrito por\" \/>\n\t<meta name=\"twitter:data1\" content=\"Not\u00edcias em Destaque\" \/>\n\t<meta name=\"twitter:label2\" content=\"Est. tempo de leitura\" \/>\n\t<meta name=\"twitter:data2\" content=\"2 minutos\" \/>\n<script type=\"application\/ld+json\" class=\"yoast-schema-graph\">{\"@context\":\"https:\/\/schema.org\",\"@graph\":[{\"@type\":\"Article\",\"@id\":\"https:\/\/noticiasemdestaque.com\/cd\/?p=45779#article\",\"isPartOf\":{\"@id\":\"https:\/\/noticiasemdestaque.com\/cd\/?p=45779\"},\"author\":{\"name\":\"Not\u00edcias em Destaque\",\"@id\":\"https:\/\/noticiasemdestaque.com\/cd\/#\/schema\/person\/47f7d4f55eec17c6b2ca036c5500f6ce\"},\"headline\":\"Aristeu Chaves toma posse como novo presidente da Empaer\",\"datePublished\":\"2023-01-24T18:29:28+00:00\",\"mainEntityOfPage\":{\"@id\":\"https:\/\/noticiasemdestaque.com\/cd\/?p=45779\"},\"wordCount\":197,\"publisher\":{\"@id\":\"https:\/\/noticiasemdestaque.com\/cd\/#organization\"},\"image\":{\"@id\":\"https:\/\/noticiasemdestaque.com\/cd\/?p=45779#primaryimage\"},\"thumbnailUrl\":\"https:\/\/noticiasemdestaque.com\/cd\/wp-content\/uploads\/2023\/01\/aristeu.jpg\",\"articleSection\":[\"Geral\"],\"inLanguage\":\"pt-BR\"},{\"@type\":\"WebPage\",\"@id\":\"https:\/\/noticiasemdestaque.com\/cd\/?p=45779\",\"url\":\"https:\/\/noticiasemdestaque.com\/cd\/?p=45779\",\"name\":\"Aristeu Chaves toma posse como novo presidente da Empaer - Not&iacute;cias em Destaque\",\"isPartOf\":{\"@id\":\"https:\/\/noticiasemdestaque.com\/cd\/#website\"},\"primaryImageOfPage\":{\"@id\":\"https:\/\/noticiasemdestaque.com\/cd\/?p=45779#primaryimage\"},\"image\":{\"@id\":\"https:\/\/noticiasemdestaque.com\/cd\/?p=45779#primaryimage\"},\"thumbnailUrl\":\"https:\/\/noticiasemdestaque.com\/cd\/wp-content\/uploads\/2023\/01\/aristeu.jpg\",\"datePublished\":\"2023-01-24T18:29:28+00:00\",\"breadcrumb\":{\"@id\":\"https:\/\/noticiasemdestaque.com\/cd\/?p=45779#breadcrumb\"},\"inLanguage\":\"pt-BR\",\"potentialAction\":[{\"@type\":\"ReadAction\",\"target\":[\"https:\/\/noticiasemdestaque.com\/cd\/?p=45779\"]}]},{\"@type\":\"ImageObject\",\"inLanguage\":\"pt-BR\",\"@id\":\"https:\/\/noticiasemdestaque.com\/cd\/?p=45779#primaryimage\",\"url\":\"https:\/\/noticiasemdestaque.com\/cd\/wp-content\/uploads\/2023\/01\/aristeu.jpg\",\"contentUrl\":\"https:\/\/noticiasemdestaque.com\/cd\/wp-content\/uploads\/2023\/01\/aristeu.jpg\",\"width\":740,\"height\":400},{\"@type\":\"BreadcrumbList\",\"@id\":\"https:\/\/noticiasemdestaque.com\/cd\/?p=45779#breadcrumb\",\"itemListElement\":[{\"@type\":\"ListItem\",\"position\":1,\"name\":\"In\u00edcio\",\"item\":\"https:\/\/noticiasemdestaque.com\/cd\/\"},{\"@type\":\"ListItem\",\"position\":2,\"name\":\"Aristeu Chaves toma posse como novo presidente da Empaer\"}]},{\"@type\":\"WebSite\",\"@id\":\"https:\/\/noticiasemdestaque.com\/cd\/#website\",\"url\":\"https:\/\/noticiasemdestaque.com\/cd\/\",\"name\":\"Not&iacute;cias em Destaque\",\"description\":\"\",\"publisher\":{\"@id\":\"https:\/\/noticiasemdestaque.com\/cd\/#organization\"},\"potentialAction\":[{\"@type\":\"SearchAction\",\"target\":{\"@type\":\"EntryPoint\",\"urlTemplate\":\"https:\/\/noticiasemdestaque.com\/cd\/?s={search_term_string}\"},\"query-input\":{\"@type\":\"PropertyValueSpecification\",\"valueRequired\":true,\"valueName\":\"search_term_string\"}}],\"inLanguage\":\"pt-BR\"},{\"@type\":\"Organization\",\"@id\":\"https:\/\/noticiasemdestaque.com\/cd\/#organization\",\"name\":\"Not\u00edcias em Destaque\",\"url\":\"https:\/\/noticiasemdestaque.com\/cd\/\",\"logo\":{\"@type\":\"ImageObject\",\"inLanguage\":\"pt-BR\",\"@id\":\"https:\/\/noticiasemdestaque.com\/cd\/#\/schema\/logo\/image\/\",\"url\":\"https:\/\/noticiasemdestaque.com\/cd\/wp-content\/uploads\/2022\/05\/imagem-base-noticiasemdestaque.png\",\"contentUrl\":\"https:\/\/noticiasemdestaque.com\/cd\/wp-content\/uploads\/2022\/05\/imagem-base-noticiasemdestaque.png\",\"width\":1200,\"height\":630,\"caption\":\"Not\u00edcias em Destaque\"},\"image\":{\"@id\":\"https:\/\/noticiasemdestaque.com\/cd\/#\/schema\/logo\/image\/\"}},{\"@type\":\"Person\",\"@id\":\"https:\/\/noticiasemdestaque.com\/cd\/#\/schema\/person\/47f7d4f55eec17c6b2ca036c5500f6ce\",\"name\":\"Not\u00edcias em Destaque\",\"url\":\"https:\/\/noticiasemdestaque.com\/cd\/?author=2\"}]}<\/script>\n<!-- \/ Yoast SEO plugin. -->","yoast_head_json":{"title":"Aristeu Chaves toma posse como novo presidente da Empaer - Not&iacute;cias em Destaque","robots":{"index":"index","follow":"follow","max-snippet":"max-snippet:-1","max-image-preview":"max-image-preview:large","max-video-preview":"max-video-preview:-1"},"canonical":"https:\/\/noticiasemdestaque.com\/cd\/?p=45779","og_locale":"pt_BR","og_type":"article","og_title":"Aristeu Chaves toma posse como novo presidente da Empaer - Not&iacute;cias em Destaque","og_description":"O ex-prefeito de Camala\u00fa, Aristeu Chaves, assumiu nesta ter\u00e7a-feira (24), a presid\u00eancia da Empaer na Para\u00edba. A solenidade aconteceu na sede \u00f3rg\u00e3o, em Jo\u00e3o Pessoa, e contou com a participa\u00e7\u00e3o do procurador do Estado, F\u00e1bio Andrade, com a presen\u00e7a do secret\u00e1rio de Agricultura familiar da Para\u00edba, Bivar e diversas outras lideran\u00e7as. Durante a posse, Aristeu Chaves, fez uma an\u00e1lise dos desafios \u00e0 frente da dire\u00e7\u00e3o do \u00f3rg\u00e3o e afirmou que tem muito trabalho pela frente. \u201cTemos muito trabalho pela frente onde temos plenas condi\u00e7\u00f5es de fomentar a atividade de agricultura em nosso estado. Agrade\u00e7o a confian\u00e7a do governador Jo\u00e3o Azev\u00eado em meu nome, ao qual de agora possamos trabalhar em prol do desenvolvimento da Para\u00edba,\u201d disse. No primeiro mandato do governo Jo\u00e3o Azev\u00eado, Aristeu esteve \u00e0 frente da coordena\u00e7\u00e3o do programa Procase. Uma caravana de Camala\u00fa esteve presente na posse, dentre elas o prefeito Bira Mariano, o presidente da C\u00e2mara Municipal, vereador Genildo, a vereadora, Nicinha, o ex-prefeito, Jacinto e o ex-vereador, Jo\u00e3o. Com Bruno Lira","og_url":"https:\/\/noticiasemdestaque.com\/cd\/?p=45779","og_site_name":"Not&iacute;cias em Destaque","article_published_time":"2023-01-24T18:29:28+00:00","og_image":[{"width":740,"height":400,"url":"https:\/\/noticiasemdestaque.com\/cd\/wp-content\/uploads\/2023\/01\/aristeu.jpg","type":"image\/jpeg"}],"author":"Not\u00edcias em Destaque","twitter_card":"summary_large_image","twitter_misc":{"Escrito por":"Not\u00edcias em Destaque","Est. tempo de leitura":"2 minutos"},"schema":{"@context":"https:\/\/schema.org","@graph":[{"@type":"Article","@id":"https:\/\/noticiasemdestaque.com\/cd\/?p=45779#article","isPartOf":{"@id":"https:\/\/noticiasemdestaque.com\/cd\/?p=45779"},"author":{"name":"Not\u00edcias em Destaque","@id":"https:\/\/noticiasemdestaque.com\/cd\/#\/schema\/person\/47f7d4f55eec17c6b2ca036c5500f6ce"},"headline":"Aristeu Chaves toma posse como novo presidente da Empaer","datePublished":"2023-01-24T18:29:28+00:00","mainEntityOfPage":{"@id":"https:\/\/noticiasemdestaque.com\/cd\/?p=45779"},"wordCount":197,"publisher":{"@id":"https:\/\/noticiasemdestaque.com\/cd\/#organization"},"image":{"@id":"https:\/\/noticiasemdestaque.com\/cd\/?p=45779#primaryimage"},"thumbnailUrl":"https:\/\/noticiasemdestaque.com\/cd\/wp-content\/uploads\/2023\/01\/aristeu.jpg","articleSection":["Geral"],"inLanguage":"pt-BR"},{"@type":"WebPage","@id":"https:\/\/noticiasemdestaque.com\/cd\/?p=45779","url":"https:\/\/noticiasemdestaque.com\/cd\/?p=45779","name":"Aristeu Chaves toma posse como novo presidente da Empaer - Not&iacute;cias em Destaque","isPartOf":{"@id":"https:\/\/noticiasemdestaque.com\/cd\/#website"},"primaryImageOfPage":{"@id":"https:\/\/noticiasemdestaque.com\/cd\/?p=45779#primaryimage"},"image":{"@id":"https:\/\/noticiasemdestaque.com\/cd\/?p=45779#primaryimage"},"thumbnailUrl":"https:\/\/noticiasemdestaque.com\/cd\/wp-content\/uploads\/2023\/01\/aristeu.jpg","datePublished":"2023-01-24T18:29:28+00:00","breadcrumb":{"@id":"https:\/\/noticiasemdestaque.com\/cd\/?p=45779#breadcrumb"},"inLanguage":"pt-BR","potentialAction":[{"@type":"ReadAction","target":["https:\/\/noticiasemdestaque.com\/cd\/?p=45779"]}]},{"@type":"ImageObject","inLanguage":"pt-BR","@id":"https:\/\/noticiasemdestaque.com\/cd\/?p=45779#primaryimage","url":"https:\/\/noticiasemdestaque.com\/cd\/wp-content\/uploads\/2023\/01\/aristeu.jpg","contentUrl":"https:\/\/noticiasemdestaque.com\/cd\/wp-content\/uploads\/2023\/01\/aristeu.jpg","width":740,"height":400},{"@type":"BreadcrumbList","@id":"https:\/\/noticiasemdestaque.com\/cd\/?p=45779#breadcrumb","itemListElement":[{"@type":"ListItem","position":1,"name":"In\u00edcio","item":"https:\/\/noticiasemdestaque.com\/cd\/"},{"@type":"ListItem","position":2,"name":"Aristeu Chaves toma posse como novo presidente da Empaer"}]},{"@type":"WebSite","@id":"https:\/\/noticiasemdestaque.com\/cd\/#website","url":"https:\/\/noticiasemdestaque.com\/cd\/","name":"Not&iacute;cias em Destaque","description":"","publisher":{"@id":"https:\/\/noticiasemdestaque.com\/cd\/#organization"},"potentialAction":[{"@type":"SearchAction","target":{"@type":"EntryPoint","urlTemplate":"https:\/\/noticiasemdestaque.com\/cd\/?s={search_term_string}"},"query-input":{"@type":"PropertyValueSpecification","valueRequired":true,"valueName":"search_term_string"}}],"inLanguage":"pt-BR"},{"@type":"Organization","@id":"https:\/\/noticiasemdestaque.com\/cd\/#organization","name":"Not\u00edcias em Destaque","url":"https:\/\/noticiasemdestaque.com\/cd\/","logo":{"@type":"ImageObject","inLanguage":"pt-BR","@id":"https:\/\/noticiasemdestaque.com\/cd\/#\/schema\/logo\/image\/","url":"https:\/\/noticiasemdestaque.com\/cd\/wp-content\/uploads\/2022\/05\/imagem-base-noticiasemdestaque.png","contentUrl":"https:\/\/noticiasemdestaque.com\/cd\/wp-content\/uploads\/2022\/05\/imagem-base-noticiasemdestaque.png","width":1200,"height":630,"caption":"Not\u00edcias em Destaque"},"image":{"@id":"https:\/\/noticiasemdestaque.com\/cd\/#\/schema\/logo\/image\/"}},{"@type":"Person","@id":"https:\/\/noticiasemdestaque.com\/cd\/#\/schema\/person\/47f7d4f55eec17c6b2ca036c5500f6ce","name":"Not\u00edcias em Destaque","url":"https:\/\/noticiasemdestaque.com\/cd\/?author=2"}]}},"jetpack_featured_media_url":"https:\/\/noticiasemdestaque.com\/cd\/wp-content\/uploads\/2023\/01\/aristeu.jpg","jetpack_sharing_enabled":true,"_links":{"self":[{"href":"https:\/\/noticiasemdestaque.com\/cd\/index.php?rest_route=\/wp\/v2\/posts\/45779","targetHints":{"allow":["GET"]}}],"collection":[{"href":"https:\/\/noticiasemdestaque.com\/cd\/index.php?rest_route=\/wp\/v2\/posts"}],"about":[{"href":"https:\/\/noticiasemdestaque.com\/cd\/index.php?rest_route=\/wp\/v2\/types\/post"}],"author":[{"embeddable":true,"href":"https:\/\/noticiasemdestaque.com\/cd\/index.php?rest_route=\/wp\/v2\/users\/2"}],"replies":[{"embeddable":true,"href":"https:\/\/noticiasemdestaque.com\/cd\/index.php?rest_route=%2Fwp%2Fv2%2Fcomments&post=45779"}],"version-history":[{"count":1,"href":"https:\/\/noticiasemdestaque.com\/cd\/index.php?rest_route=\/wp\/v2\/posts\/45779\/revisions"}],"predecessor-version":[{"id":45781,"href":"https:\/\/noticiasemdestaque.com\/cd\/index.php?rest_route=\/wp\/v2\/posts\/45779\/revisions\/45781"}],"wp:featuredmedia":[{"embeddable":true,"href":"https:\/\/noticiasemdestaque.com\/cd\/index.php?rest_route=\/wp\/v2\/media\/45780"}],"wp:attachment":[{"href":"https:\/\/noticiasemdestaque.com\/cd\/index.php?rest_route=%2Fwp%2Fv2%2Fmedia&parent=45779"}],"wp:term":[{"taxonomy":"category","embeddable":true,"href":"https:\/\/noticiasemdestaque.com\/cd\/index.php?rest_route=%2Fwp%2Fv2%2Fcategories&post=45779"},{"taxonomy":"post_tag","embeddable":true,"href":"https:\/\/noticiasemdestaque.com\/cd\/index.php?rest_route=%2Fwp%2Fv2%2Ftags&post=45779"}],"curies":[{"name":"wp","href":"https:\/\/api.w.org\/{rel}","templated":true}]}}