{"id":45765,"date":"2023-01-24T08:56:51","date_gmt":"2023-01-24T11:56:51","guid":{"rendered":"https:\/\/noticiasemdestaque.com\/cd\/?p=45765"},"modified":"2023-01-24T08:56:51","modified_gmt":"2023-01-24T11:56:51","slug":"oscar-2023-anuncia-indicados-nesta-terca-feira","status":"publish","type":"post","link":"https:\/\/noticiasemdestaque.com\/cd\/?p=45765","title":{"rendered":"Oscar 2023 anuncia indicados nesta ter\u00e7a-feira"},"content":{"rendered":"<p><a href=\"https:\/\/noticiasemdestaque.com\/cd\/wp-content\/uploads\/2023\/01\/oscar3.jpg\"><img fetchpriority=\"high\" decoding=\"async\" class=\"alignnone  wp-image-45766\" src=\"https:\/\/noticiasemdestaque.com\/cd\/wp-content\/uploads\/2023\/01\/oscar3-300x200.jpg\" alt=\"\" width=\"1094\" height=\"729\" srcset=\"https:\/\/noticiasemdestaque.com\/cd\/wp-content\/uploads\/2023\/01\/oscar3-300x200.jpg 300w, https:\/\/noticiasemdestaque.com\/cd\/wp-content\/uploads\/2023\/01\/oscar3-768x513.jpg 768w, https:\/\/noticiasemdestaque.com\/cd\/wp-content\/uploads\/2023\/01\/oscar3-18x12.jpg 18w, https:\/\/noticiasemdestaque.com\/cd\/wp-content\/uploads\/2023\/01\/oscar3.jpg 876w\" sizes=\"(max-width: 1094px) 100vw, 1094px\" \/><\/a><\/p>\n<p>A Academia de Hollywood anuncia nesta ter\u00e7a-feira (23) os indicados ao Oscar 2023. O an\u00fancio est\u00e1 marcado para come\u00e7ar \u00e0s 10h30, no hor\u00e1rio de Bras\u00edlia.<\/p>\n<p>A atriz Alison Williams e o ator Riz Ahmed v\u00e3o apresentar a divulga\u00e7\u00e3o dos indicados. A cerim\u00f4nia de entrega dos pr\u00eamios est\u00e1 marcada para 12 de mar\u00e7o.<\/p>\n<p>Entre os filmes mais indicados em pr\u00eamios dos sindicatos, que costumam ser pr\u00e9vias do Oscar, est\u00e3o &#8220;Os Fabelmans&#8221;, &#8220;Top Gun: Maverick&#8221;, &#8220;Tudo em todo lugar ao mesmo tempo&#8221; e &#8220;Os Banshees de Inisherin&#8221;.<\/p>\n<p>No dia 21 de dezembro de 2022, a Academia anunciou uma pr\u00e9-lista de 15 filmes selecionados. em 10 categorias.<\/p>\n<p>H\u00e1 dois filmes brasileiros entre estes pr\u00e9-indicados, com chances de entrar na lista final: o document\u00e1rio &#8220;Territ\u00f3rio&#8221; e o curta-metragem &#8220;Sideral&#8221;. Saiba mais sobre eles:<\/p>\n<p><strong>&#8220;Territ\u00f3rio&#8221; &#8211; document\u00e1rio em longa-metragem<\/strong><\/p>\n<figure><img decoding=\"async\" src=\"https:\/\/www.clickpb.com.br\/media\/filer_public\/9b\/73\/9b734ad8-2aca-4aac-8cc1-10e8a49e1885\/territorio3.webp\" data-image=\"208160\" \/><\/figure>\n<p><em>Cena do document\u00e1rio &#8216;Territ\u00f3rio&#8217; \u2014 Foto: Divulga\u00e7\u00e3o<\/em><\/p>\n<p>O document\u00e1rio &#8220;O Territ\u00f3rio&#8221; mostra a hist\u00f3ria de ind\u00edgenas brasileiros Uru-Eu-Wau-Wau pela defesa de suas terras. A dire\u00e7\u00e3o \u00e9 do norte-americano Alex Pritz. \u00c9 uma coprodu\u00e7\u00e3o entre EUA, Brasil e Dinamarca.<\/p>\n<p>A maior parte das filmagens aconteceu em Rond\u00f4nia, com participa\u00e7\u00e3o de cineastas locais. Quem ajuda a tra\u00e7ar a linha narrativa \u00e9 Bitat\u00e9, um jovem Uru-Eu-Wau-Wau, e a indigenista Ivaneide Bandeira, conhecida como Neidinha.<\/p>\n<p>A partir deles, &#8220;O Territ\u00f3rio&#8221; denuncia desmatamentos, invas\u00f5es de terras, queimadas e persegui\u00e7\u00f5es.<\/p>\n<p>A Terra Ind\u00edgena Uru-Eu-Wau-Wau passa por pelo menos 12 dos 52 munic\u00edpios de Rond\u00f4nia. Ela abriga nove povos, incluindo ind\u00edgenas isolados. Entre as principais amea\u00e7as apontadas est\u00e3o desmatamento, queimadas e a\u00e7\u00f5es de grileiros, segundo o Instituto Socioambiental (ISA).<\/p>\n<p>O cineasta norte-americano Darren Aronofsky, de &#8220;M\u00e3e!&#8221; e &#8220;R\u00e9quiem para um sonho&#8221;, \u00e9 um dos produtores do filme.<\/p>\n<figure><img decoding=\"async\" src=\"https:\/\/www.clickpb.com.br\/media\/filer_public\/c4\/7d\/c47d2cd4-3e24-4e28-a904-030b251bceee\/territorio4.webp\" data-image=\"208159\" \/><\/figure>\n<p><em>Cena do document\u00e1rio &#8216;Territ\u00f3rio&#8217; \u2014 Foto: Divulga\u00e7\u00e3o<\/em><\/p>\n<p><strong>&#8220;Sideral&#8221; &#8211; curta-metragem em live action<\/strong><\/p>\n<figure><img decoding=\"async\" src=\"https:\/\/www.clickpb.com.br\/media\/filer_public\/f3\/d7\/f3d7df30-2f99-4c32-abd7-8793e1734827\/sideral-still-01.webp\" data-image=\"208158\" \/><\/figure>\n<p><em>Filme &#8216;Sideral&#8217; \u2014 Foto: Divulga\u00e7\u00e3o<\/em><\/p>\n<p>&#8220;Sideral&#8221; \u00e9 uma fic\u00e7\u00e3o que se desenvolve no futuro, em torno do hist\u00f3rico dia do lan\u00e7amento do primeiro foguete tripulado brasileiro na Base A\u00e9rea de Natal e como isso afeta a vida de Marcela, Marcos e seus dois filhos.<\/p>\n<p>A dire\u00e7\u00e3o \u00e9 do brasileiro Carlos Segundo. Ele foi filmado nas cidades de cidades de Natal, Cear\u00e1-Mirim (CE) e Parnamirim (RN). O filme concorreu \u00e0 Palma de Ouro, em Cannes, em 2021, e foi exibido no festival &#8211; o primeiro filme potiguar a conseguir esse feito.<\/p>\n<p>Com produ\u00e7\u00e3o brasileira de Mariana Hardi e Pedro Fiuza, atrav\u00e9s da Casa da Praia Filmes, &#8220;Sideral&#8221; \u00e9 um filme natalense com equipe e elenco de profissionais potiguares, estrelado por Priscilla Vilela e Enio Cavalcante.<\/p>\n<figure><img decoding=\"async\" src=\"https:\/\/www.clickpb.com.br\/media\/filer_public\/cc\/be\/ccbe95a8-19ee-473f-88a8-062d07ac6561\/sideral-diretor-carlos-segundo-credit-miguel-sampaio.webp\" data-image=\"208157\" \/><\/figure>\n<p><em>Carlos Segundo, diretor de Sideral \u2014 Foto: Carlos Segundo\/Arquivo Pessoal<\/em><\/p>\n<p>As pr\u00e9-listas<\/p>\n<ul>\n<li>document\u00e1rio longa-metragem,<\/li>\n<li>document\u00e1rio curta-metragem,<\/li>\n<li>longa-metragem internacional,<\/li>\n<li>maquiagem e penteado,<\/li>\n<li>m\u00fasica (trilha sonora original),<\/li>\n<li>m\u00fasica (m\u00fasica original),<\/li>\n<li>curta-metragem de anima\u00e7\u00e3o,<\/li>\n<li>curta-metragem de a\u00e7\u00e3o ao vivo,<\/li>\n<li>som\u00a0e\u00a0efeitos visuais.<\/li>\n<\/ul>\n<p>A categoria que &#8220;O Territ\u00f3rio&#8221; \u00e9 finalista \u00e9 Melhor Document\u00e1rio em Longa Metragem. Junto com ele est\u00e3o na pr\u00e9-lista:<\/p>\n<ul>\n<li>All That Breathes<\/li>\n<li>All the Beauty and the Bloodshed<\/li>\n<li>Bad Axe<\/li>\n<li>Children of the Mist<\/li>\n<li>Descendant<\/li>\n<li>Fire of Love<\/li>\n<li>Hallelujah: Leonard Cohen, a Journey, a Song<\/li>\n<li>Hidden Letters<\/li>\n<li>A House Made of Splinters<\/li>\n<li>The Janes<\/li>\n<li>The Territory<\/li>\n<li>Last Flight Home<\/li>\n<li>Moonage Daydream<\/li>\n<li>Navalny<\/li>\n<li>Retrograde<\/li>\n<\/ul>\n<p>Na categoria de curta-metragem em live action, os 15 pr\u00e9-indicados s\u00e3o:<\/p>\n<ul>\n<li>All in Favor<\/li>\n<li>Almost Home<\/li>\n<li>An Irish Goodbye<\/li>\n<li>Ivalu<\/li>\n<li>Le Pupille<\/li>\n<li>The Lone Wolf<\/li>\n<li>Nakam<\/li>\n<li>Night Ride<\/li>\n<li>Plastic Killer<\/li>\n<li>The Red Suitcase<\/li>\n<li>The Right Words<\/li>\n<li>Sideral<\/li>\n<li>The Treatment<\/li>\n<li>Tula<\/li>\n<li>Warsha<\/li>\n<\/ul>\n<p><strong>Noticias em Destaque<\/strong><\/p>\n<p style=\"text-align: right;\"><em>Fonte: Click PB<\/em><\/p>\n","protected":false},"excerpt":{"rendered":"<p>A Academia de Hollywood anuncia nesta ter\u00e7a-feira (23) os indicados ao Oscar 2023. O an\u00fancio est\u00e1 marcado para come\u00e7ar \u00e0s 10h30, no hor\u00e1rio de Bras\u00edlia. A atriz Alison Williams e o ator Riz Ahmed v\u00e3o apresentar a divulga\u00e7\u00e3o dos indicados. A cerim\u00f4nia de entrega dos pr\u00eamios est\u00e1 marcada para 12 de mar\u00e7o. Entre os filmes mais indicados em pr\u00eamios dos sindicatos, que costumam ser pr\u00e9vias do Oscar, est\u00e3o &#8220;Os Fabelmans&#8221;, &#8220;Top Gun: Maverick&#8221;, &#8220;Tudo em todo lugar ao mesmo tempo&#8221; e &#8220;Os Banshees de Inisherin&#8221;. No dia 21 de dezembro de 2022, a Academia anunciou uma pr\u00e9-lista de 15 filmes selecionados. em 10 categorias. H\u00e1 dois filmes brasileiros entre estes pr\u00e9-indicados, com chances de entrar na lista final: o document\u00e1rio &#8220;Territ\u00f3rio&#8221; e o curta-metragem &#8220;Sideral&#8221;. Saiba mais sobre eles: &#8220;Territ\u00f3rio&#8221; &#8211; document\u00e1rio em longa-metragem Cena do document\u00e1rio &#8216;Territ\u00f3rio&#8217; \u2014 Foto: Divulga\u00e7\u00e3o O document\u00e1rio &#8220;O Territ\u00f3rio&#8221; mostra a hist\u00f3ria de ind\u00edgenas brasileiros Uru-Eu-Wau-Wau pela defesa de suas terras. A dire\u00e7\u00e3o \u00e9 do norte-americano Alex Pritz. \u00c9 uma coprodu\u00e7\u00e3o entre EUA, Brasil e Dinamarca. A maior parte das filmagens aconteceu em Rond\u00f4nia, com participa\u00e7\u00e3o de cineastas locais. Quem ajuda a tra\u00e7ar a linha narrativa \u00e9 Bitat\u00e9, um jovem Uru-Eu-Wau-Wau, e a indigenista Ivaneide Bandeira, conhecida como Neidinha. A partir deles, &#8220;O Territ\u00f3rio&#8221; denuncia desmatamentos, invas\u00f5es de terras, queimadas e persegui\u00e7\u00f5es. A Terra Ind\u00edgena Uru-Eu-Wau-Wau passa por pelo menos 12 dos 52 munic\u00edpios de Rond\u00f4nia. Ela abriga nove povos, incluindo ind\u00edgenas isolados. Entre as principais amea\u00e7as apontadas est\u00e3o desmatamento, queimadas e a\u00e7\u00f5es de grileiros, segundo o Instituto Socioambiental (ISA). O cineasta norte-americano Darren Aronofsky, de &#8220;M\u00e3e!&#8221; e &#8220;R\u00e9quiem para um sonho&#8221;, \u00e9 um dos produtores do filme. Cena do document\u00e1rio &#8216;Territ\u00f3rio&#8217; \u2014 Foto: Divulga\u00e7\u00e3o &#8220;Sideral&#8221; &#8211; curta-metragem em live action Filme &#8216;Sideral&#8217; \u2014 Foto: Divulga\u00e7\u00e3o &#8220;Sideral&#8221; \u00e9 uma fic\u00e7\u00e3o que se desenvolve no futuro, em torno do hist\u00f3rico dia do lan\u00e7amento do primeiro foguete tripulado brasileiro na Base A\u00e9rea de Natal e como isso afeta a vida de Marcela, Marcos e seus dois filhos. A dire\u00e7\u00e3o \u00e9 do brasileiro Carlos Segundo. Ele foi filmado nas cidades de cidades de Natal, Cear\u00e1-Mirim (CE) e Parnamirim (RN). O filme concorreu \u00e0 Palma de Ouro, em Cannes, em 2021, e foi exibido no festival &#8211; o primeiro filme potiguar a conseguir esse feito. Com produ\u00e7\u00e3o brasileira de Mariana Hardi e Pedro Fiuza, atrav\u00e9s da Casa da Praia Filmes, &#8220;Sideral&#8221; \u00e9 um filme natalense com equipe e elenco de profissionais potiguares, estrelado por Priscilla Vilela e Enio Cavalcante. Carlos Segundo, diretor de Sideral \u2014 Foto: Carlos Segundo\/Arquivo Pessoal As pr\u00e9-listas document\u00e1rio longa-metragem, document\u00e1rio curta-metragem, longa-metragem internacional, maquiagem e penteado, m\u00fasica (trilha sonora original), m\u00fasica (m\u00fasica original), curta-metragem de anima\u00e7\u00e3o, curta-metragem de a\u00e7\u00e3o ao vivo, som\u00a0e\u00a0efeitos visuais. A categoria que &#8220;O Territ\u00f3rio&#8221; \u00e9 finalista \u00e9 Melhor Document\u00e1rio em Longa Metragem. Junto com ele est\u00e3o na pr\u00e9-lista: All That Breathes All the Beauty and the Bloodshed Bad Axe Children of the Mist Descendant Fire of Love Hallelujah: Leonard Cohen, a Journey, a Song Hidden Letters A House Made of Splinters The Janes The Territory Last Flight Home Moonage Daydream Navalny Retrograde Na categoria de curta-metragem em live action, os 15 pr\u00e9-indicados s\u00e3o: All in Favor Almost Home An Irish Goodbye Ivalu Le Pupille The Lone Wolf Nakam Night Ride Plastic Killer The Red Suitcase The Right Words Sideral The Treatment Tula Warsha Noticias em Destaque Fonte: Click PB<\/p>\n","protected":false},"author":2,"featured_media":45766,"comment_status":"closed","ping_status":"open","sticky":false,"template":"","format":"standard","meta":{"_eb_attr":"","_jetpack_memberships_contains_paid_content":false,"footnotes":""},"categories":[12],"tags":[],"class_list":["post-45765","post","type-post","status-publish","format-standard","has-post-thumbnail","hentry","category-geral"],"yoast_head":"<!-- This site is optimized with the Yoast SEO plugin v26.5 - https:\/\/yoast.com\/wordpress\/plugins\/seo\/ -->\n<title>Oscar 2023 anuncia indicados nesta ter\u00e7a-feira - Not&iacute;cias em Destaque<\/title>\n<meta name=\"robots\" content=\"index, follow, max-snippet:-1, max-image-preview:large, max-video-preview:-1\" \/>\n<link rel=\"canonical\" href=\"https:\/\/noticiasemdestaque.com\/cd\/?p=45765\" \/>\n<meta property=\"og:locale\" content=\"pt_BR\" \/>\n<meta property=\"og:type\" content=\"article\" \/>\n<meta property=\"og:title\" content=\"Oscar 2023 anuncia indicados nesta ter\u00e7a-feira - Not&iacute;cias em Destaque\" \/>\n<meta property=\"og:description\" content=\"A Academia de Hollywood anuncia nesta ter\u00e7a-feira (23) os indicados ao Oscar 2023. O an\u00fancio est\u00e1 marcado para come\u00e7ar \u00e0s 10h30, no hor\u00e1rio de Bras\u00edlia. A atriz Alison Williams e o ator Riz Ahmed v\u00e3o apresentar a divulga\u00e7\u00e3o dos indicados. A cerim\u00f4nia de entrega dos pr\u00eamios est\u00e1 marcada para 12 de mar\u00e7o. Entre os filmes mais indicados em pr\u00eamios dos sindicatos, que costumam ser pr\u00e9vias do Oscar, est\u00e3o &#8220;Os Fabelmans&#8221;, &#8220;Top Gun: Maverick&#8221;, &#8220;Tudo em todo lugar ao mesmo tempo&#8221; e &#8220;Os Banshees de Inisherin&#8221;. No dia 21 de dezembro de 2022, a Academia anunciou uma pr\u00e9-lista de 15 filmes selecionados. em 10 categorias. H\u00e1 dois filmes brasileiros entre estes pr\u00e9-indicados, com chances de entrar na lista final: o document\u00e1rio &#8220;Territ\u00f3rio&#8221; e o curta-metragem &#8220;Sideral&#8221;. Saiba mais sobre eles: &#8220;Territ\u00f3rio&#8221; &#8211; document\u00e1rio em longa-metragem Cena do document\u00e1rio &#8216;Territ\u00f3rio&#8217; \u2014 Foto: Divulga\u00e7\u00e3o O document\u00e1rio &#8220;O Territ\u00f3rio&#8221; mostra a hist\u00f3ria de ind\u00edgenas brasileiros Uru-Eu-Wau-Wau pela defesa de suas terras. A dire\u00e7\u00e3o \u00e9 do norte-americano Alex Pritz. \u00c9 uma coprodu\u00e7\u00e3o entre EUA, Brasil e Dinamarca. A maior parte das filmagens aconteceu em Rond\u00f4nia, com participa\u00e7\u00e3o de cineastas locais. Quem ajuda a tra\u00e7ar a linha narrativa \u00e9 Bitat\u00e9, um jovem Uru-Eu-Wau-Wau, e a indigenista Ivaneide Bandeira, conhecida como Neidinha. A partir deles, &#8220;O Territ\u00f3rio&#8221; denuncia desmatamentos, invas\u00f5es de terras, queimadas e persegui\u00e7\u00f5es. A Terra Ind\u00edgena Uru-Eu-Wau-Wau passa por pelo menos 12 dos 52 munic\u00edpios de Rond\u00f4nia. Ela abriga nove povos, incluindo ind\u00edgenas isolados. Entre as principais amea\u00e7as apontadas est\u00e3o desmatamento, queimadas e a\u00e7\u00f5es de grileiros, segundo o Instituto Socioambiental (ISA). O cineasta norte-americano Darren Aronofsky, de &#8220;M\u00e3e!&#8221; e &#8220;R\u00e9quiem para um sonho&#8221;, \u00e9 um dos produtores do filme. Cena do document\u00e1rio &#8216;Territ\u00f3rio&#8217; \u2014 Foto: Divulga\u00e7\u00e3o &#8220;Sideral&#8221; &#8211; curta-metragem em live action Filme &#8216;Sideral&#8217; \u2014 Foto: Divulga\u00e7\u00e3o &#8220;Sideral&#8221; \u00e9 uma fic\u00e7\u00e3o que se desenvolve no futuro, em torno do hist\u00f3rico dia do lan\u00e7amento do primeiro foguete tripulado brasileiro na Base A\u00e9rea de Natal e como isso afeta a vida de Marcela, Marcos e seus dois filhos. A dire\u00e7\u00e3o \u00e9 do brasileiro Carlos Segundo. Ele foi filmado nas cidades de cidades de Natal, Cear\u00e1-Mirim (CE) e Parnamirim (RN). O filme concorreu \u00e0 Palma de Ouro, em Cannes, em 2021, e foi exibido no festival &#8211; o primeiro filme potiguar a conseguir esse feito. Com produ\u00e7\u00e3o brasileira de Mariana Hardi e Pedro Fiuza, atrav\u00e9s da Casa da Praia Filmes, &#8220;Sideral&#8221; \u00e9 um filme natalense com equipe e elenco de profissionais potiguares, estrelado por Priscilla Vilela e Enio Cavalcante. Carlos Segundo, diretor de Sideral \u2014 Foto: Carlos Segundo\/Arquivo Pessoal As pr\u00e9-listas document\u00e1rio longa-metragem, document\u00e1rio curta-metragem, longa-metragem internacional, maquiagem e penteado, m\u00fasica (trilha sonora original), m\u00fasica (m\u00fasica original), curta-metragem de anima\u00e7\u00e3o, curta-metragem de a\u00e7\u00e3o ao vivo, som\u00a0e\u00a0efeitos visuais. A categoria que &#8220;O Territ\u00f3rio&#8221; \u00e9 finalista \u00e9 Melhor Document\u00e1rio em Longa Metragem. Junto com ele est\u00e3o na pr\u00e9-lista: All That Breathes All the Beauty and the Bloodshed Bad Axe Children of the Mist Descendant Fire of Love Hallelujah: Leonard Cohen, a Journey, a Song Hidden Letters A House Made of Splinters The Janes The Territory Last Flight Home Moonage Daydream Navalny Retrograde Na categoria de curta-metragem em live action, os 15 pr\u00e9-indicados s\u00e3o: All in Favor Almost Home An Irish Goodbye Ivalu Le Pupille The Lone Wolf Nakam Night Ride Plastic Killer The Red Suitcase The Right Words Sideral The Treatment Tula Warsha Noticias em Destaque Fonte: Click PB\" \/>\n<meta property=\"og:url\" content=\"https:\/\/noticiasemdestaque.com\/cd\/?p=45765\" \/>\n<meta property=\"og:site_name\" content=\"Not&iacute;cias em Destaque\" \/>\n<meta property=\"article:published_time\" content=\"2023-01-24T11:56:51+00:00\" \/>\n<meta property=\"og:image\" content=\"https:\/\/noticiasemdestaque.com\/cd\/wp-content\/uploads\/2023\/01\/oscar3.jpg\" \/>\n\t<meta property=\"og:image:width\" content=\"876\" \/>\n\t<meta property=\"og:image:height\" content=\"585\" \/>\n\t<meta property=\"og:image:type\" content=\"image\/jpeg\" \/>\n<meta name=\"author\" content=\"Not\u00edcias em Destaque\" \/>\n<meta name=\"twitter:card\" content=\"summary_large_image\" \/>\n<meta name=\"twitter:label1\" content=\"Escrito por\" \/>\n\t<meta name=\"twitter:data1\" content=\"Not\u00edcias em Destaque\" \/>\n\t<meta name=\"twitter:label2\" content=\"Est. tempo de leitura\" \/>\n\t<meta name=\"twitter:data2\" content=\"5 minutos\" \/>\n<script type=\"application\/ld+json\" class=\"yoast-schema-graph\">{\"@context\":\"https:\/\/schema.org\",\"@graph\":[{\"@type\":\"Article\",\"@id\":\"https:\/\/noticiasemdestaque.com\/cd\/?p=45765#article\",\"isPartOf\":{\"@id\":\"https:\/\/noticiasemdestaque.com\/cd\/?p=45765\"},\"author\":{\"name\":\"Not\u00edcias em Destaque\",\"@id\":\"https:\/\/noticiasemdestaque.com\/cd\/#\/schema\/person\/47f7d4f55eec17c6b2ca036c5500f6ce\"},\"headline\":\"Oscar 2023 anuncia indicados nesta ter\u00e7a-feira\",\"datePublished\":\"2023-01-24T11:56:51+00:00\",\"mainEntityOfPage\":{\"@id\":\"https:\/\/noticiasemdestaque.com\/cd\/?p=45765\"},\"wordCount\":612,\"publisher\":{\"@id\":\"https:\/\/noticiasemdestaque.com\/cd\/#organization\"},\"image\":{\"@id\":\"https:\/\/noticiasemdestaque.com\/cd\/?p=45765#primaryimage\"},\"thumbnailUrl\":\"https:\/\/noticiasemdestaque.com\/cd\/wp-content\/uploads\/2023\/01\/oscar3.jpg\",\"articleSection\":[\"Geral\"],\"inLanguage\":\"pt-BR\"},{\"@type\":\"WebPage\",\"@id\":\"https:\/\/noticiasemdestaque.com\/cd\/?p=45765\",\"url\":\"https:\/\/noticiasemdestaque.com\/cd\/?p=45765\",\"name\":\"Oscar 2023 anuncia indicados nesta ter\u00e7a-feira - Not&iacute;cias em Destaque\",\"isPartOf\":{\"@id\":\"https:\/\/noticiasemdestaque.com\/cd\/#website\"},\"primaryImageOfPage\":{\"@id\":\"https:\/\/noticiasemdestaque.com\/cd\/?p=45765#primaryimage\"},\"image\":{\"@id\":\"https:\/\/noticiasemdestaque.com\/cd\/?p=45765#primaryimage\"},\"thumbnailUrl\":\"https:\/\/noticiasemdestaque.com\/cd\/wp-content\/uploads\/2023\/01\/oscar3.jpg\",\"datePublished\":\"2023-01-24T11:56:51+00:00\",\"breadcrumb\":{\"@id\":\"https:\/\/noticiasemdestaque.com\/cd\/?p=45765#breadcrumb\"},\"inLanguage\":\"pt-BR\",\"potentialAction\":[{\"@type\":\"ReadAction\",\"target\":[\"https:\/\/noticiasemdestaque.com\/cd\/?p=45765\"]}]},{\"@type\":\"ImageObject\",\"inLanguage\":\"pt-BR\",\"@id\":\"https:\/\/noticiasemdestaque.com\/cd\/?p=45765#primaryimage\",\"url\":\"https:\/\/noticiasemdestaque.com\/cd\/wp-content\/uploads\/2023\/01\/oscar3.jpg\",\"contentUrl\":\"https:\/\/noticiasemdestaque.com\/cd\/wp-content\/uploads\/2023\/01\/oscar3.jpg\",\"width\":876,\"height\":585},{\"@type\":\"BreadcrumbList\",\"@id\":\"https:\/\/noticiasemdestaque.com\/cd\/?p=45765#breadcrumb\",\"itemListElement\":[{\"@type\":\"ListItem\",\"position\":1,\"name\":\"In\u00edcio\",\"item\":\"https:\/\/noticiasemdestaque.com\/cd\/\"},{\"@type\":\"ListItem\",\"position\":2,\"name\":\"Oscar 2023 anuncia indicados nesta ter\u00e7a-feira\"}]},{\"@type\":\"WebSite\",\"@id\":\"https:\/\/noticiasemdestaque.com\/cd\/#website\",\"url\":\"https:\/\/noticiasemdestaque.com\/cd\/\",\"name\":\"Not&iacute;cias em Destaque\",\"description\":\"\",\"publisher\":{\"@id\":\"https:\/\/noticiasemdestaque.com\/cd\/#organization\"},\"potentialAction\":[{\"@type\":\"SearchAction\",\"target\":{\"@type\":\"EntryPoint\",\"urlTemplate\":\"https:\/\/noticiasemdestaque.com\/cd\/?s={search_term_string}\"},\"query-input\":{\"@type\":\"PropertyValueSpecification\",\"valueRequired\":true,\"valueName\":\"search_term_string\"}}],\"inLanguage\":\"pt-BR\"},{\"@type\":\"Organization\",\"@id\":\"https:\/\/noticiasemdestaque.com\/cd\/#organization\",\"name\":\"Not\u00edcias em Destaque\",\"url\":\"https:\/\/noticiasemdestaque.com\/cd\/\",\"logo\":{\"@type\":\"ImageObject\",\"inLanguage\":\"pt-BR\",\"@id\":\"https:\/\/noticiasemdestaque.com\/cd\/#\/schema\/logo\/image\/\",\"url\":\"https:\/\/noticiasemdestaque.com\/cd\/wp-content\/uploads\/2022\/05\/imagem-base-noticiasemdestaque.png\",\"contentUrl\":\"https:\/\/noticiasemdestaque.com\/cd\/wp-content\/uploads\/2022\/05\/imagem-base-noticiasemdestaque.png\",\"width\":1200,\"height\":630,\"caption\":\"Not\u00edcias em Destaque\"},\"image\":{\"@id\":\"https:\/\/noticiasemdestaque.com\/cd\/#\/schema\/logo\/image\/\"}},{\"@type\":\"Person\",\"@id\":\"https:\/\/noticiasemdestaque.com\/cd\/#\/schema\/person\/47f7d4f55eec17c6b2ca036c5500f6ce\",\"name\":\"Not\u00edcias em Destaque\",\"url\":\"https:\/\/noticiasemdestaque.com\/cd\/?author=2\"}]}<\/script>\n<!-- \/ Yoast SEO plugin. -->","yoast_head_json":{"title":"Oscar 2023 anuncia indicados nesta ter\u00e7a-feira - Not&iacute;cias em Destaque","robots":{"index":"index","follow":"follow","max-snippet":"max-snippet:-1","max-image-preview":"max-image-preview:large","max-video-preview":"max-video-preview:-1"},"canonical":"https:\/\/noticiasemdestaque.com\/cd\/?p=45765","og_locale":"pt_BR","og_type":"article","og_title":"Oscar 2023 anuncia indicados nesta ter\u00e7a-feira - Not&iacute;cias em Destaque","og_description":"A Academia de Hollywood anuncia nesta ter\u00e7a-feira (23) os indicados ao Oscar 2023. O an\u00fancio est\u00e1 marcado para come\u00e7ar \u00e0s 10h30, no hor\u00e1rio de Bras\u00edlia. A atriz Alison Williams e o ator Riz Ahmed v\u00e3o apresentar a divulga\u00e7\u00e3o dos indicados. A cerim\u00f4nia de entrega dos pr\u00eamios est\u00e1 marcada para 12 de mar\u00e7o. Entre os filmes mais indicados em pr\u00eamios dos sindicatos, que costumam ser pr\u00e9vias do Oscar, est\u00e3o &#8220;Os Fabelmans&#8221;, &#8220;Top Gun: Maverick&#8221;, &#8220;Tudo em todo lugar ao mesmo tempo&#8221; e &#8220;Os Banshees de Inisherin&#8221;. No dia 21 de dezembro de 2022, a Academia anunciou uma pr\u00e9-lista de 15 filmes selecionados. em 10 categorias. H\u00e1 dois filmes brasileiros entre estes pr\u00e9-indicados, com chances de entrar na lista final: o document\u00e1rio &#8220;Territ\u00f3rio&#8221; e o curta-metragem &#8220;Sideral&#8221;. Saiba mais sobre eles: &#8220;Territ\u00f3rio&#8221; &#8211; document\u00e1rio em longa-metragem Cena do document\u00e1rio &#8216;Territ\u00f3rio&#8217; \u2014 Foto: Divulga\u00e7\u00e3o O document\u00e1rio &#8220;O Territ\u00f3rio&#8221; mostra a hist\u00f3ria de ind\u00edgenas brasileiros Uru-Eu-Wau-Wau pela defesa de suas terras. A dire\u00e7\u00e3o \u00e9 do norte-americano Alex Pritz. \u00c9 uma coprodu\u00e7\u00e3o entre EUA, Brasil e Dinamarca. A maior parte das filmagens aconteceu em Rond\u00f4nia, com participa\u00e7\u00e3o de cineastas locais. Quem ajuda a tra\u00e7ar a linha narrativa \u00e9 Bitat\u00e9, um jovem Uru-Eu-Wau-Wau, e a indigenista Ivaneide Bandeira, conhecida como Neidinha. A partir deles, &#8220;O Territ\u00f3rio&#8221; denuncia desmatamentos, invas\u00f5es de terras, queimadas e persegui\u00e7\u00f5es. A Terra Ind\u00edgena Uru-Eu-Wau-Wau passa por pelo menos 12 dos 52 munic\u00edpios de Rond\u00f4nia. Ela abriga nove povos, incluindo ind\u00edgenas isolados. Entre as principais amea\u00e7as apontadas est\u00e3o desmatamento, queimadas e a\u00e7\u00f5es de grileiros, segundo o Instituto Socioambiental (ISA). O cineasta norte-americano Darren Aronofsky, de &#8220;M\u00e3e!&#8221; e &#8220;R\u00e9quiem para um sonho&#8221;, \u00e9 um dos produtores do filme. Cena do document\u00e1rio &#8216;Territ\u00f3rio&#8217; \u2014 Foto: Divulga\u00e7\u00e3o &#8220;Sideral&#8221; &#8211; curta-metragem em live action Filme &#8216;Sideral&#8217; \u2014 Foto: Divulga\u00e7\u00e3o &#8220;Sideral&#8221; \u00e9 uma fic\u00e7\u00e3o que se desenvolve no futuro, em torno do hist\u00f3rico dia do lan\u00e7amento do primeiro foguete tripulado brasileiro na Base A\u00e9rea de Natal e como isso afeta a vida de Marcela, Marcos e seus dois filhos. A dire\u00e7\u00e3o \u00e9 do brasileiro Carlos Segundo. Ele foi filmado nas cidades de cidades de Natal, Cear\u00e1-Mirim (CE) e Parnamirim (RN). O filme concorreu \u00e0 Palma de Ouro, em Cannes, em 2021, e foi exibido no festival &#8211; o primeiro filme potiguar a conseguir esse feito. Com produ\u00e7\u00e3o brasileira de Mariana Hardi e Pedro Fiuza, atrav\u00e9s da Casa da Praia Filmes, &#8220;Sideral&#8221; \u00e9 um filme natalense com equipe e elenco de profissionais potiguares, estrelado por Priscilla Vilela e Enio Cavalcante. Carlos Segundo, diretor de Sideral \u2014 Foto: Carlos Segundo\/Arquivo Pessoal As pr\u00e9-listas document\u00e1rio longa-metragem, document\u00e1rio curta-metragem, longa-metragem internacional, maquiagem e penteado, m\u00fasica (trilha sonora original), m\u00fasica (m\u00fasica original), curta-metragem de anima\u00e7\u00e3o, curta-metragem de a\u00e7\u00e3o ao vivo, som\u00a0e\u00a0efeitos visuais. A categoria que &#8220;O Territ\u00f3rio&#8221; \u00e9 finalista \u00e9 Melhor Document\u00e1rio em Longa Metragem. Junto com ele est\u00e3o na pr\u00e9-lista: All That Breathes All the Beauty and the Bloodshed Bad Axe Children of the Mist Descendant Fire of Love Hallelujah: Leonard Cohen, a Journey, a Song Hidden Letters A House Made of Splinters The Janes The Territory Last Flight Home Moonage Daydream Navalny Retrograde Na categoria de curta-metragem em live action, os 15 pr\u00e9-indicados s\u00e3o: All in Favor Almost Home An Irish Goodbye Ivalu Le Pupille The Lone Wolf Nakam Night Ride Plastic Killer The Red Suitcase The Right Words Sideral The Treatment Tula Warsha Noticias em Destaque Fonte: Click PB","og_url":"https:\/\/noticiasemdestaque.com\/cd\/?p=45765","og_site_name":"Not&iacute;cias em Destaque","article_published_time":"2023-01-24T11:56:51+00:00","og_image":[{"width":876,"height":585,"url":"https:\/\/noticiasemdestaque.com\/cd\/wp-content\/uploads\/2023\/01\/oscar3.jpg","type":"image\/jpeg"}],"author":"Not\u00edcias em Destaque","twitter_card":"summary_large_image","twitter_misc":{"Escrito por":"Not\u00edcias em Destaque","Est. tempo de leitura":"5 minutos"},"schema":{"@context":"https:\/\/schema.org","@graph":[{"@type":"Article","@id":"https:\/\/noticiasemdestaque.com\/cd\/?p=45765#article","isPartOf":{"@id":"https:\/\/noticiasemdestaque.com\/cd\/?p=45765"},"author":{"name":"Not\u00edcias em Destaque","@id":"https:\/\/noticiasemdestaque.com\/cd\/#\/schema\/person\/47f7d4f55eec17c6b2ca036c5500f6ce"},"headline":"Oscar 2023 anuncia indicados nesta ter\u00e7a-feira","datePublished":"2023-01-24T11:56:51+00:00","mainEntityOfPage":{"@id":"https:\/\/noticiasemdestaque.com\/cd\/?p=45765"},"wordCount":612,"publisher":{"@id":"https:\/\/noticiasemdestaque.com\/cd\/#organization"},"image":{"@id":"https:\/\/noticiasemdestaque.com\/cd\/?p=45765#primaryimage"},"thumbnailUrl":"https:\/\/noticiasemdestaque.com\/cd\/wp-content\/uploads\/2023\/01\/oscar3.jpg","articleSection":["Geral"],"inLanguage":"pt-BR"},{"@type":"WebPage","@id":"https:\/\/noticiasemdestaque.com\/cd\/?p=45765","url":"https:\/\/noticiasemdestaque.com\/cd\/?p=45765","name":"Oscar 2023 anuncia indicados nesta ter\u00e7a-feira - Not&iacute;cias em Destaque","isPartOf":{"@id":"https:\/\/noticiasemdestaque.com\/cd\/#website"},"primaryImageOfPage":{"@id":"https:\/\/noticiasemdestaque.com\/cd\/?p=45765#primaryimage"},"image":{"@id":"https:\/\/noticiasemdestaque.com\/cd\/?p=45765#primaryimage"},"thumbnailUrl":"https:\/\/noticiasemdestaque.com\/cd\/wp-content\/uploads\/2023\/01\/oscar3.jpg","datePublished":"2023-01-24T11:56:51+00:00","breadcrumb":{"@id":"https:\/\/noticiasemdestaque.com\/cd\/?p=45765#breadcrumb"},"inLanguage":"pt-BR","potentialAction":[{"@type":"ReadAction","target":["https:\/\/noticiasemdestaque.com\/cd\/?p=45765"]}]},{"@type":"ImageObject","inLanguage":"pt-BR","@id":"https:\/\/noticiasemdestaque.com\/cd\/?p=45765#primaryimage","url":"https:\/\/noticiasemdestaque.com\/cd\/wp-content\/uploads\/2023\/01\/oscar3.jpg","contentUrl":"https:\/\/noticiasemdestaque.com\/cd\/wp-content\/uploads\/2023\/01\/oscar3.jpg","width":876,"height":585},{"@type":"BreadcrumbList","@id":"https:\/\/noticiasemdestaque.com\/cd\/?p=45765#breadcrumb","itemListElement":[{"@type":"ListItem","position":1,"name":"In\u00edcio","item":"https:\/\/noticiasemdestaque.com\/cd\/"},{"@type":"ListItem","position":2,"name":"Oscar 2023 anuncia indicados nesta ter\u00e7a-feira"}]},{"@type":"WebSite","@id":"https:\/\/noticiasemdestaque.com\/cd\/#website","url":"https:\/\/noticiasemdestaque.com\/cd\/","name":"Not&iacute;cias em Destaque","description":"","publisher":{"@id":"https:\/\/noticiasemdestaque.com\/cd\/#organization"},"potentialAction":[{"@type":"SearchAction","target":{"@type":"EntryPoint","urlTemplate":"https:\/\/noticiasemdestaque.com\/cd\/?s={search_term_string}"},"query-input":{"@type":"PropertyValueSpecification","valueRequired":true,"valueName":"search_term_string"}}],"inLanguage":"pt-BR"},{"@type":"Organization","@id":"https:\/\/noticiasemdestaque.com\/cd\/#organization","name":"Not\u00edcias em Destaque","url":"https:\/\/noticiasemdestaque.com\/cd\/","logo":{"@type":"ImageObject","inLanguage":"pt-BR","@id":"https:\/\/noticiasemdestaque.com\/cd\/#\/schema\/logo\/image\/","url":"https:\/\/noticiasemdestaque.com\/cd\/wp-content\/uploads\/2022\/05\/imagem-base-noticiasemdestaque.png","contentUrl":"https:\/\/noticiasemdestaque.com\/cd\/wp-content\/uploads\/2022\/05\/imagem-base-noticiasemdestaque.png","width":1200,"height":630,"caption":"Not\u00edcias em Destaque"},"image":{"@id":"https:\/\/noticiasemdestaque.com\/cd\/#\/schema\/logo\/image\/"}},{"@type":"Person","@id":"https:\/\/noticiasemdestaque.com\/cd\/#\/schema\/person\/47f7d4f55eec17c6b2ca036c5500f6ce","name":"Not\u00edcias em Destaque","url":"https:\/\/noticiasemdestaque.com\/cd\/?author=2"}]}},"jetpack_featured_media_url":"https:\/\/noticiasemdestaque.com\/cd\/wp-content\/uploads\/2023\/01\/oscar3.jpg","jetpack_sharing_enabled":true,"_links":{"self":[{"href":"https:\/\/noticiasemdestaque.com\/cd\/index.php?rest_route=\/wp\/v2\/posts\/45765","targetHints":{"allow":["GET"]}}],"collection":[{"href":"https:\/\/noticiasemdestaque.com\/cd\/index.php?rest_route=\/wp\/v2\/posts"}],"about":[{"href":"https:\/\/noticiasemdestaque.com\/cd\/index.php?rest_route=\/wp\/v2\/types\/post"}],"author":[{"embeddable":true,"href":"https:\/\/noticiasemdestaque.com\/cd\/index.php?rest_route=\/wp\/v2\/users\/2"}],"replies":[{"embeddable":true,"href":"https:\/\/noticiasemdestaque.com\/cd\/index.php?rest_route=%2Fwp%2Fv2%2Fcomments&post=45765"}],"version-history":[{"count":1,"href":"https:\/\/noticiasemdestaque.com\/cd\/index.php?rest_route=\/wp\/v2\/posts\/45765\/revisions"}],"predecessor-version":[{"id":45767,"href":"https:\/\/noticiasemdestaque.com\/cd\/index.php?rest_route=\/wp\/v2\/posts\/45765\/revisions\/45767"}],"wp:featuredmedia":[{"embeddable":true,"href":"https:\/\/noticiasemdestaque.com\/cd\/index.php?rest_route=\/wp\/v2\/media\/45766"}],"wp:attachment":[{"href":"https:\/\/noticiasemdestaque.com\/cd\/index.php?rest_route=%2Fwp%2Fv2%2Fmedia&parent=45765"}],"wp:term":[{"taxonomy":"category","embeddable":true,"href":"https:\/\/noticiasemdestaque.com\/cd\/index.php?rest_route=%2Fwp%2Fv2%2Fcategories&post=45765"},{"taxonomy":"post_tag","embeddable":true,"href":"https:\/\/noticiasemdestaque.com\/cd\/index.php?rest_route=%2Fwp%2Fv2%2Ftags&post=45765"}],"curies":[{"name":"wp","href":"https:\/\/api.w.org\/{rel}","templated":true}]}}