{"id":4576,"date":"2017-09-23T13:18:37","date_gmt":"2017-09-23T16:18:37","guid":{"rendered":"http:\/\/caririemdestaque.com\/cd\/?p=4576"},"modified":"2017-09-23T13:18:37","modified_gmt":"2017-09-23T16:18:37","slug":"ex-prefeito-do-cariri-e-condenado-por-crime-de-responsabilidade","status":"publish","type":"post","link":"https:\/\/noticiasemdestaque.com\/cd\/?p=4576","title":{"rendered":"Ex-prefeito do Cariri \u00e9 condenado por crime de responsabilidade"},"content":{"rendered":"<p><a href=\"http:\/\/caririemdestaque.com\/cd\/wp-content\/uploads\/2017\/09\/timthumb-9.jpg\"><img fetchpriority=\"high\" decoding=\"async\" class=\"alignleft wp-image-4577 size-medium\" src=\"http:\/\/caririemdestaque.com\/cd\/wp-content\/uploads\/2017\/09\/timthumb-9-300x218.jpg\" alt=\"\" width=\"300\" height=\"218\" srcset=\"https:\/\/noticiasemdestaque.com\/cd\/wp-content\/uploads\/2017\/09\/timthumb-9-300x218.jpg 300w, https:\/\/noticiasemdestaque.com\/cd\/wp-content\/uploads\/2017\/09\/timthumb-9.jpg 547w\" sizes=\"(max-width: 300px) 100vw, 300px\" \/><\/a>O ex-prefeito de Cabaceiras e atual Secret\u00e1rio de Sa\u00fade do munic\u00edpio, Ricardo Jorge de Farias Aires, foi condenado em primeira inst\u00e2ncia, por crime de responsabilidade em senten\u00e7a proferida pelo Juiz de Direito. Dr. Falkandre de Sousa Queiroz, na A\u00e7\u00e3o Penal processo n\u00ba 0123618-92.2013.815.0111, em tramita\u00e7\u00e3o na Comarca de Cabaceiras.<\/p>\n<p>De acordo com a den\u00fancia, o acusado na qualidade de prefeito de Cabaceiras, nos anos de 2010 e 2011, contratou v\u00e1rios prestadores de servi\u00e7os, \u201csendo que na maioria deles, verificou-se a ofensa ao prazo m\u00e1ximo de 180 (cento e oitenta) dias para celebra\u00e7\u00e3o do contrato de presta\u00e7\u00e3o de servi\u00e7o\u201d. Ricardo Aires foi condenado por incurso no art. 1\u00ba, inciso XIII (58 vezes) do Decreto-Lei n\u00ba 201\/67 c\/c art. 71 do C\u00f3digo Penal, a 1 (um) ano, 1 (um) m\u00eas e 15 (quinze) dias de deten\u00e7\u00e3o, sendo a pena substitu\u00edda por presta\u00e7\u00e3o de servi\u00e7os \u00e0 comunidade.<\/p>\n<p>A senten\u00e7a cabe recurso. A reportagem tentou entrar em contato com o ex-gestor, mas n\u00e3o obteve \u00eaxito.<\/p>\n<p>&nbsp;<\/p>\n","protected":false},"excerpt":{"rendered":"<p>O ex-prefeito de Cabaceiras e atual Secret\u00e1rio de Sa\u00fade do munic\u00edpio, Ricardo Jorge de Farias Aires, foi condenado em primeira inst\u00e2ncia, por crime de responsabilidade em senten\u00e7a proferida pelo Juiz de Direito. Dr. Falkandre de Sousa Queiroz, na A\u00e7\u00e3o Penal processo n\u00ba 0123618-92.2013.815.0111, em tramita\u00e7\u00e3o na Comarca de Cabaceiras. De acordo com a den\u00fancia, o acusado na qualidade de prefeito de Cabaceiras, nos anos de 2010 e 2011, contratou v\u00e1rios prestadores de servi\u00e7os, \u201csendo que na maioria deles, verificou-se a ofensa ao prazo m\u00e1ximo de 180 (cento e oitenta) dias para celebra\u00e7\u00e3o do contrato de presta\u00e7\u00e3o de servi\u00e7o\u201d. Ricardo Aires foi condenado por incurso no art. 1\u00ba, inciso XIII (58 vezes) do Decreto-Lei n\u00ba 201\/67 c\/c art. 71 do C\u00f3digo Penal, a 1 (um) ano, 1 (um) m\u00eas e 15 (quinze) dias de deten\u00e7\u00e3o, sendo a pena substitu\u00edda por presta\u00e7\u00e3o de servi\u00e7os \u00e0 comunidade. A senten\u00e7a cabe recurso. A reportagem tentou entrar em contato com o ex-gestor, mas n\u00e3o obteve \u00eaxito. &nbsp;<\/p>\n","protected":false},"author":2,"featured_media":4577,"comment_status":"closed","ping_status":"open","sticky":false,"template":"","format":"standard","meta":{"_eb_attr":"","_jetpack_memberships_contains_paid_content":false,"footnotes":""},"categories":[4],"tags":[],"class_list":["post-4576","post","type-post","status-publish","format-standard","has-post-thumbnail","hentry","category-politica"],"yoast_head":"<!-- This site is optimized with the Yoast SEO plugin v26.5 - https:\/\/yoast.com\/wordpress\/plugins\/seo\/ -->\n<title>Ex-prefeito do Cariri \u00e9 condenado por crime de responsabilidade - Not&iacute;cias em Destaque<\/title>\n<meta name=\"robots\" content=\"index, follow, max-snippet:-1, max-image-preview:large, max-video-preview:-1\" \/>\n<link rel=\"canonical\" href=\"https:\/\/noticiasemdestaque.com\/cd\/?p=4576\" \/>\n<meta property=\"og:locale\" content=\"pt_BR\" \/>\n<meta property=\"og:type\" content=\"article\" \/>\n<meta property=\"og:title\" content=\"Ex-prefeito do Cariri \u00e9 condenado por crime de responsabilidade - Not&iacute;cias em Destaque\" \/>\n<meta property=\"og:description\" content=\"O ex-prefeito de Cabaceiras e atual Secret\u00e1rio de Sa\u00fade do munic\u00edpio, Ricardo Jorge de Farias Aires, foi condenado em primeira inst\u00e2ncia, por crime de responsabilidade em senten\u00e7a proferida pelo Juiz de Direito. Dr. Falkandre de Sousa Queiroz, na A\u00e7\u00e3o Penal processo n\u00ba 0123618-92.2013.815.0111, em tramita\u00e7\u00e3o na Comarca de Cabaceiras. De acordo com a den\u00fancia, o acusado na qualidade de prefeito de Cabaceiras, nos anos de 2010 e 2011, contratou v\u00e1rios prestadores de servi\u00e7os, \u201csendo que na maioria deles, verificou-se a ofensa ao prazo m\u00e1ximo de 180 (cento e oitenta) dias para celebra\u00e7\u00e3o do contrato de presta\u00e7\u00e3o de servi\u00e7o\u201d. Ricardo Aires foi condenado por incurso no art. 1\u00ba, inciso XIII (58 vezes) do Decreto-Lei n\u00ba 201\/67 c\/c art. 71 do C\u00f3digo Penal, a 1 (um) ano, 1 (um) m\u00eas e 15 (quinze) dias de deten\u00e7\u00e3o, sendo a pena substitu\u00edda por presta\u00e7\u00e3o de servi\u00e7os \u00e0 comunidade. A senten\u00e7a cabe recurso. A reportagem tentou entrar em contato com o ex-gestor, mas n\u00e3o obteve \u00eaxito. &nbsp;\" \/>\n<meta property=\"og:url\" content=\"https:\/\/noticiasemdestaque.com\/cd\/?p=4576\" \/>\n<meta property=\"og:site_name\" content=\"Not&iacute;cias em Destaque\" \/>\n<meta property=\"article:published_time\" content=\"2017-09-23T16:18:37+00:00\" \/>\n<meta property=\"og:image\" content=\"https:\/\/noticiasemdestaque.com\/cd\/wp-content\/uploads\/2017\/09\/timthumb-9.jpg\" \/>\n\t<meta property=\"og:image:width\" content=\"547\" \/>\n\t<meta property=\"og:image:height\" content=\"398\" \/>\n\t<meta property=\"og:image:type\" content=\"image\/jpeg\" \/>\n<meta name=\"author\" content=\"Not\u00edcias em Destaque\" \/>\n<meta name=\"twitter:card\" content=\"summary_large_image\" \/>\n<meta name=\"twitter:label1\" content=\"Escrito por\" \/>\n\t<meta name=\"twitter:data1\" content=\"Not\u00edcias em Destaque\" \/>\n\t<meta name=\"twitter:label2\" content=\"Est. tempo de leitura\" \/>\n\t<meta name=\"twitter:data2\" content=\"1 minuto\" \/>\n<script type=\"application\/ld+json\" class=\"yoast-schema-graph\">{\"@context\":\"https:\/\/schema.org\",\"@graph\":[{\"@type\":\"Article\",\"@id\":\"https:\/\/noticiasemdestaque.com\/cd\/?p=4576#article\",\"isPartOf\":{\"@id\":\"https:\/\/noticiasemdestaque.com\/cd\/?p=4576\"},\"author\":{\"name\":\"Not\u00edcias em Destaque\",\"@id\":\"https:\/\/noticiasemdestaque.com\/cd\/#\/schema\/person\/21320b03a7e8bb90128938dafc9b908a\"},\"headline\":\"Ex-prefeito do Cariri \u00e9 condenado por crime de responsabilidade\",\"datePublished\":\"2017-09-23T16:18:37+00:00\",\"mainEntityOfPage\":{\"@id\":\"https:\/\/noticiasemdestaque.com\/cd\/?p=4576\"},\"wordCount\":182,\"publisher\":{\"@id\":\"https:\/\/noticiasemdestaque.com\/cd\/#organization\"},\"image\":{\"@id\":\"https:\/\/noticiasemdestaque.com\/cd\/?p=4576#primaryimage\"},\"thumbnailUrl\":\"https:\/\/noticiasemdestaque.com\/cd\/wp-content\/uploads\/2017\/09\/timthumb-9.jpg\",\"articleSection\":[\"Pol\u00edtica\"],\"inLanguage\":\"pt-BR\"},{\"@type\":\"WebPage\",\"@id\":\"https:\/\/noticiasemdestaque.com\/cd\/?p=4576\",\"url\":\"https:\/\/noticiasemdestaque.com\/cd\/?p=4576\",\"name\":\"Ex-prefeito do Cariri \u00e9 condenado por crime de responsabilidade - Not&iacute;cias em Destaque\",\"isPartOf\":{\"@id\":\"https:\/\/noticiasemdestaque.com\/cd\/#website\"},\"primaryImageOfPage\":{\"@id\":\"https:\/\/noticiasemdestaque.com\/cd\/?p=4576#primaryimage\"},\"image\":{\"@id\":\"https:\/\/noticiasemdestaque.com\/cd\/?p=4576#primaryimage\"},\"thumbnailUrl\":\"https:\/\/noticiasemdestaque.com\/cd\/wp-content\/uploads\/2017\/09\/timthumb-9.jpg\",\"datePublished\":\"2017-09-23T16:18:37+00:00\",\"breadcrumb\":{\"@id\":\"https:\/\/noticiasemdestaque.com\/cd\/?p=4576#breadcrumb\"},\"inLanguage\":\"pt-BR\",\"potentialAction\":[{\"@type\":\"ReadAction\",\"target\":[\"https:\/\/noticiasemdestaque.com\/cd\/?p=4576\"]}]},{\"@type\":\"ImageObject\",\"inLanguage\":\"pt-BR\",\"@id\":\"https:\/\/noticiasemdestaque.com\/cd\/?p=4576#primaryimage\",\"url\":\"https:\/\/noticiasemdestaque.com\/cd\/wp-content\/uploads\/2017\/09\/timthumb-9.jpg\",\"contentUrl\":\"https:\/\/noticiasemdestaque.com\/cd\/wp-content\/uploads\/2017\/09\/timthumb-9.jpg\",\"width\":547,\"height\":398},{\"@type\":\"BreadcrumbList\",\"@id\":\"https:\/\/noticiasemdestaque.com\/cd\/?p=4576#breadcrumb\",\"itemListElement\":[{\"@type\":\"ListItem\",\"position\":1,\"name\":\"In\u00edcio\",\"item\":\"https:\/\/noticiasemdestaque.com\/cd\/\"},{\"@type\":\"ListItem\",\"position\":2,\"name\":\"Ex-prefeito do Cariri \u00e9 condenado por crime de responsabilidade\"}]},{\"@type\":\"WebSite\",\"@id\":\"https:\/\/noticiasemdestaque.com\/cd\/#website\",\"url\":\"https:\/\/noticiasemdestaque.com\/cd\/\",\"name\":\"Not&iacute;cias em Destaque\",\"description\":\"\",\"publisher\":{\"@id\":\"https:\/\/noticiasemdestaque.com\/cd\/#organization\"},\"potentialAction\":[{\"@type\":\"SearchAction\",\"target\":{\"@type\":\"EntryPoint\",\"urlTemplate\":\"https:\/\/noticiasemdestaque.com\/cd\/?s={search_term_string}\"},\"query-input\":{\"@type\":\"PropertyValueSpecification\",\"valueRequired\":true,\"valueName\":\"search_term_string\"}}],\"inLanguage\":\"pt-BR\"},{\"@type\":\"Organization\",\"@id\":\"https:\/\/noticiasemdestaque.com\/cd\/#organization\",\"name\":\"Not\u00edcias em Destaque\",\"url\":\"https:\/\/noticiasemdestaque.com\/cd\/\",\"logo\":{\"@type\":\"ImageObject\",\"inLanguage\":\"pt-BR\",\"@id\":\"https:\/\/noticiasemdestaque.com\/cd\/#\/schema\/logo\/image\/\",\"url\":\"https:\/\/noticiasemdestaque.com\/cd\/wp-content\/uploads\/2022\/05\/imagem-base-noticiasemdestaque.png\",\"contentUrl\":\"https:\/\/noticiasemdestaque.com\/cd\/wp-content\/uploads\/2022\/05\/imagem-base-noticiasemdestaque.png\",\"width\":1200,\"height\":630,\"caption\":\"Not\u00edcias em Destaque\"},\"image\":{\"@id\":\"https:\/\/noticiasemdestaque.com\/cd\/#\/schema\/logo\/image\/\"}},{\"@type\":\"Person\",\"@id\":\"https:\/\/noticiasemdestaque.com\/cd\/#\/schema\/person\/21320b03a7e8bb90128938dafc9b908a\",\"name\":\"Not\u00edcias em Destaque\",\"url\":\"https:\/\/noticiasemdestaque.com\/cd\/?author=2\"}]}<\/script>\n<!-- \/ Yoast SEO plugin. -->","yoast_head_json":{"title":"Ex-prefeito do Cariri \u00e9 condenado por crime de responsabilidade - Not&iacute;cias em Destaque","robots":{"index":"index","follow":"follow","max-snippet":"max-snippet:-1","max-image-preview":"max-image-preview:large","max-video-preview":"max-video-preview:-1"},"canonical":"https:\/\/noticiasemdestaque.com\/cd\/?p=4576","og_locale":"pt_BR","og_type":"article","og_title":"Ex-prefeito do Cariri \u00e9 condenado por crime de responsabilidade - Not&iacute;cias em Destaque","og_description":"O ex-prefeito de Cabaceiras e atual Secret\u00e1rio de Sa\u00fade do munic\u00edpio, Ricardo Jorge de Farias Aires, foi condenado em primeira inst\u00e2ncia, por crime de responsabilidade em senten\u00e7a proferida pelo Juiz de Direito. Dr. Falkandre de Sousa Queiroz, na A\u00e7\u00e3o Penal processo n\u00ba 0123618-92.2013.815.0111, em tramita\u00e7\u00e3o na Comarca de Cabaceiras. De acordo com a den\u00fancia, o acusado na qualidade de prefeito de Cabaceiras, nos anos de 2010 e 2011, contratou v\u00e1rios prestadores de servi\u00e7os, \u201csendo que na maioria deles, verificou-se a ofensa ao prazo m\u00e1ximo de 180 (cento e oitenta) dias para celebra\u00e7\u00e3o do contrato de presta\u00e7\u00e3o de servi\u00e7o\u201d. Ricardo Aires foi condenado por incurso no art. 1\u00ba, inciso XIII (58 vezes) do Decreto-Lei n\u00ba 201\/67 c\/c art. 71 do C\u00f3digo Penal, a 1 (um) ano, 1 (um) m\u00eas e 15 (quinze) dias de deten\u00e7\u00e3o, sendo a pena substitu\u00edda por presta\u00e7\u00e3o de servi\u00e7os \u00e0 comunidade. A senten\u00e7a cabe recurso. A reportagem tentou entrar em contato com o ex-gestor, mas n\u00e3o obteve \u00eaxito. &nbsp;","og_url":"https:\/\/noticiasemdestaque.com\/cd\/?p=4576","og_site_name":"Not&iacute;cias em Destaque","article_published_time":"2017-09-23T16:18:37+00:00","og_image":[{"width":547,"height":398,"url":"https:\/\/noticiasemdestaque.com\/cd\/wp-content\/uploads\/2017\/09\/timthumb-9.jpg","type":"image\/jpeg"}],"author":"Not\u00edcias em Destaque","twitter_card":"summary_large_image","twitter_misc":{"Escrito por":"Not\u00edcias em Destaque","Est. tempo de leitura":"1 minuto"},"schema":{"@context":"https:\/\/schema.org","@graph":[{"@type":"Article","@id":"https:\/\/noticiasemdestaque.com\/cd\/?p=4576#article","isPartOf":{"@id":"https:\/\/noticiasemdestaque.com\/cd\/?p=4576"},"author":{"name":"Not\u00edcias em Destaque","@id":"https:\/\/noticiasemdestaque.com\/cd\/#\/schema\/person\/21320b03a7e8bb90128938dafc9b908a"},"headline":"Ex-prefeito do Cariri \u00e9 condenado por crime de responsabilidade","datePublished":"2017-09-23T16:18:37+00:00","mainEntityOfPage":{"@id":"https:\/\/noticiasemdestaque.com\/cd\/?p=4576"},"wordCount":182,"publisher":{"@id":"https:\/\/noticiasemdestaque.com\/cd\/#organization"},"image":{"@id":"https:\/\/noticiasemdestaque.com\/cd\/?p=4576#primaryimage"},"thumbnailUrl":"https:\/\/noticiasemdestaque.com\/cd\/wp-content\/uploads\/2017\/09\/timthumb-9.jpg","articleSection":["Pol\u00edtica"],"inLanguage":"pt-BR"},{"@type":"WebPage","@id":"https:\/\/noticiasemdestaque.com\/cd\/?p=4576","url":"https:\/\/noticiasemdestaque.com\/cd\/?p=4576","name":"Ex-prefeito do Cariri \u00e9 condenado por crime de responsabilidade - Not&iacute;cias em Destaque","isPartOf":{"@id":"https:\/\/noticiasemdestaque.com\/cd\/#website"},"primaryImageOfPage":{"@id":"https:\/\/noticiasemdestaque.com\/cd\/?p=4576#primaryimage"},"image":{"@id":"https:\/\/noticiasemdestaque.com\/cd\/?p=4576#primaryimage"},"thumbnailUrl":"https:\/\/noticiasemdestaque.com\/cd\/wp-content\/uploads\/2017\/09\/timthumb-9.jpg","datePublished":"2017-09-23T16:18:37+00:00","breadcrumb":{"@id":"https:\/\/noticiasemdestaque.com\/cd\/?p=4576#breadcrumb"},"inLanguage":"pt-BR","potentialAction":[{"@type":"ReadAction","target":["https:\/\/noticiasemdestaque.com\/cd\/?p=4576"]}]},{"@type":"ImageObject","inLanguage":"pt-BR","@id":"https:\/\/noticiasemdestaque.com\/cd\/?p=4576#primaryimage","url":"https:\/\/noticiasemdestaque.com\/cd\/wp-content\/uploads\/2017\/09\/timthumb-9.jpg","contentUrl":"https:\/\/noticiasemdestaque.com\/cd\/wp-content\/uploads\/2017\/09\/timthumb-9.jpg","width":547,"height":398},{"@type":"BreadcrumbList","@id":"https:\/\/noticiasemdestaque.com\/cd\/?p=4576#breadcrumb","itemListElement":[{"@type":"ListItem","position":1,"name":"In\u00edcio","item":"https:\/\/noticiasemdestaque.com\/cd\/"},{"@type":"ListItem","position":2,"name":"Ex-prefeito do Cariri \u00e9 condenado por crime de responsabilidade"}]},{"@type":"WebSite","@id":"https:\/\/noticiasemdestaque.com\/cd\/#website","url":"https:\/\/noticiasemdestaque.com\/cd\/","name":"Not&iacute;cias em Destaque","description":"","publisher":{"@id":"https:\/\/noticiasemdestaque.com\/cd\/#organization"},"potentialAction":[{"@type":"SearchAction","target":{"@type":"EntryPoint","urlTemplate":"https:\/\/noticiasemdestaque.com\/cd\/?s={search_term_string}"},"query-input":{"@type":"PropertyValueSpecification","valueRequired":true,"valueName":"search_term_string"}}],"inLanguage":"pt-BR"},{"@type":"Organization","@id":"https:\/\/noticiasemdestaque.com\/cd\/#organization","name":"Not\u00edcias em Destaque","url":"https:\/\/noticiasemdestaque.com\/cd\/","logo":{"@type":"ImageObject","inLanguage":"pt-BR","@id":"https:\/\/noticiasemdestaque.com\/cd\/#\/schema\/logo\/image\/","url":"https:\/\/noticiasemdestaque.com\/cd\/wp-content\/uploads\/2022\/05\/imagem-base-noticiasemdestaque.png","contentUrl":"https:\/\/noticiasemdestaque.com\/cd\/wp-content\/uploads\/2022\/05\/imagem-base-noticiasemdestaque.png","width":1200,"height":630,"caption":"Not\u00edcias em Destaque"},"image":{"@id":"https:\/\/noticiasemdestaque.com\/cd\/#\/schema\/logo\/image\/"}},{"@type":"Person","@id":"https:\/\/noticiasemdestaque.com\/cd\/#\/schema\/person\/21320b03a7e8bb90128938dafc9b908a","name":"Not\u00edcias em Destaque","url":"https:\/\/noticiasemdestaque.com\/cd\/?author=2"}]}},"jetpack_featured_media_url":"https:\/\/noticiasemdestaque.com\/cd\/wp-content\/uploads\/2017\/09\/timthumb-9.jpg","jetpack_sharing_enabled":true,"_links":{"self":[{"href":"https:\/\/noticiasemdestaque.com\/cd\/index.php?rest_route=\/wp\/v2\/posts\/4576","targetHints":{"allow":["GET"]}}],"collection":[{"href":"https:\/\/noticiasemdestaque.com\/cd\/index.php?rest_route=\/wp\/v2\/posts"}],"about":[{"href":"https:\/\/noticiasemdestaque.com\/cd\/index.php?rest_route=\/wp\/v2\/types\/post"}],"author":[{"embeddable":true,"href":"https:\/\/noticiasemdestaque.com\/cd\/index.php?rest_route=\/wp\/v2\/users\/2"}],"replies":[{"embeddable":true,"href":"https:\/\/noticiasemdestaque.com\/cd\/index.php?rest_route=%2Fwp%2Fv2%2Fcomments&post=4576"}],"version-history":[{"count":1,"href":"https:\/\/noticiasemdestaque.com\/cd\/index.php?rest_route=\/wp\/v2\/posts\/4576\/revisions"}],"predecessor-version":[{"id":4578,"href":"https:\/\/noticiasemdestaque.com\/cd\/index.php?rest_route=\/wp\/v2\/posts\/4576\/revisions\/4578"}],"wp:featuredmedia":[{"embeddable":true,"href":"https:\/\/noticiasemdestaque.com\/cd\/index.php?rest_route=\/wp\/v2\/media\/4577"}],"wp:attachment":[{"href":"https:\/\/noticiasemdestaque.com\/cd\/index.php?rest_route=%2Fwp%2Fv2%2Fmedia&parent=4576"}],"wp:term":[{"taxonomy":"category","embeddable":true,"href":"https:\/\/noticiasemdestaque.com\/cd\/index.php?rest_route=%2Fwp%2Fv2%2Fcategories&post=4576"},{"taxonomy":"post_tag","embeddable":true,"href":"https:\/\/noticiasemdestaque.com\/cd\/index.php?rest_route=%2Fwp%2Fv2%2Ftags&post=4576"}],"curies":[{"name":"wp","href":"https:\/\/api.w.org\/{rel}","templated":true}]}}