{"id":45756,"date":"2023-01-23T21:05:24","date_gmt":"2023-01-24T00:05:24","guid":{"rendered":"https:\/\/noticiasemdestaque.com\/cd\/?p=45756"},"modified":"2023-01-23T21:05:24","modified_gmt":"2023-01-24T00:05:24","slug":"prefeitura-de-camalau-lancara-programacao-do-carnaval-na-quarta-feira-25","status":"publish","type":"post","link":"https:\/\/noticiasemdestaque.com\/cd\/?p=45756","title":{"rendered":"Prefeitura de Camala\u00fa lan\u00e7ar\u00e1 programa\u00e7\u00e3o do Carnaval na quarta-feira (25)"},"content":{"rendered":"<p style=\"font-weight: 400;\"><a href=\"https:\/\/noticiasemdestaque.com\/cd\/wp-content\/uploads\/2023\/01\/323304407_913167510040795_3497287210244317796_n.jpg\"><img fetchpriority=\"high\" decoding=\"async\" class=\"size-medium wp-image-45757 aligncenter\" src=\"https:\/\/noticiasemdestaque.com\/cd\/wp-content\/uploads\/2023\/01\/323304407_913167510040795_3497287210244317796_n-300x300.jpg\" alt=\"\" width=\"300\" height=\"300\" srcset=\"https:\/\/noticiasemdestaque.com\/cd\/wp-content\/uploads\/2023\/01\/323304407_913167510040795_3497287210244317796_n-300x300.jpg 300w, https:\/\/noticiasemdestaque.com\/cd\/wp-content\/uploads\/2023\/01\/323304407_913167510040795_3497287210244317796_n-1024x1024.jpg 1024w, https:\/\/noticiasemdestaque.com\/cd\/wp-content\/uploads\/2023\/01\/323304407_913167510040795_3497287210244317796_n-150x150.jpg 150w, https:\/\/noticiasemdestaque.com\/cd\/wp-content\/uploads\/2023\/01\/323304407_913167510040795_3497287210244317796_n-768x768.jpg 768w, https:\/\/noticiasemdestaque.com\/cd\/wp-content\/uploads\/2023\/01\/323304407_913167510040795_3497287210244317796_n-1536x1536.jpg 1536w, https:\/\/noticiasemdestaque.com\/cd\/wp-content\/uploads\/2023\/01\/323304407_913167510040795_3497287210244317796_n-12x12.jpg 12w, https:\/\/noticiasemdestaque.com\/cd\/wp-content\/uploads\/2023\/01\/323304407_913167510040795_3497287210244317796_n.jpg 1600w\" sizes=\"(max-width: 300px) 100vw, 300px\" \/><\/a><\/p>\n<p style=\"font-weight: 400;\">O prefeito de Camala\u00fa, Bira Mariano, confirmou que a programa\u00e7\u00e3o completa do Carnaval 2023 ser\u00e1 divulgada na quarta-feira (25).<\/p>\n<p style=\"font-weight: 400;\">Para o an\u00fancio ser\u00e1 realizada uma live a partir das 20h no facebook da Prefeitura Municipal e no Instagram @carnavaldecamalau.<\/p>\n<p style=\"font-weight: 400;\">Neste domingo (22), Bonde do Gato Preto foi confirmado como primeira atra\u00e7\u00e3o no Melhor e Maior Carnaval do Cariri<\/p>\n<p style=\"font-weight: 400;\"><em><strong>Not\u00edcias em Destaque\u00a0<\/strong><\/em><\/p>\n","protected":false},"excerpt":{"rendered":"<p>O prefeito de Camala\u00fa, Bira Mariano, confirmou que a programa\u00e7\u00e3o completa do Carnaval 2023 ser\u00e1 divulgada na quarta-feira (25). Para o an\u00fancio ser\u00e1 realizada uma live a partir das 20h no facebook da Prefeitura Municipal e no Instagram @carnavaldecamalau. Neste domingo (22), Bonde do Gato Preto foi confirmado como primeira atra\u00e7\u00e3o no Melhor e Maior Carnaval do Cariri Not\u00edcias em Destaque\u00a0<\/p>\n","protected":false},"author":2,"featured_media":45757,"comment_status":"closed","ping_status":"open","sticky":false,"template":"","format":"standard","meta":{"_eb_attr":"","_jetpack_memberships_contains_paid_content":false,"footnotes":""},"categories":[3],"tags":[],"class_list":["post-45756","post","type-post","status-publish","format-standard","has-post-thumbnail","hentry","category-cidades"],"yoast_head":"<!-- This site is optimized with the Yoast SEO plugin v26.5 - https:\/\/yoast.com\/wordpress\/plugins\/seo\/ -->\n<title>Prefeitura de Camala\u00fa lan\u00e7ar\u00e1 programa\u00e7\u00e3o do Carnaval na quarta-feira (25) - Not&iacute;cias em Destaque<\/title>\n<meta name=\"robots\" content=\"index, follow, max-snippet:-1, max-image-preview:large, max-video-preview:-1\" \/>\n<link rel=\"canonical\" href=\"https:\/\/noticiasemdestaque.com\/cd\/?p=45756\" \/>\n<meta property=\"og:locale\" content=\"pt_BR\" \/>\n<meta property=\"og:type\" content=\"article\" \/>\n<meta property=\"og:title\" content=\"Prefeitura de Camala\u00fa lan\u00e7ar\u00e1 programa\u00e7\u00e3o do Carnaval na quarta-feira (25) - Not&iacute;cias em Destaque\" \/>\n<meta property=\"og:description\" content=\"O prefeito de Camala\u00fa, Bira Mariano, confirmou que a programa\u00e7\u00e3o completa do Carnaval 2023 ser\u00e1 divulgada na quarta-feira (25). Para o an\u00fancio ser\u00e1 realizada uma live a partir das 20h no facebook da Prefeitura Municipal e no Instagram @carnavaldecamalau. Neste domingo (22), Bonde do Gato Preto foi confirmado como primeira atra\u00e7\u00e3o no Melhor e Maior Carnaval do Cariri Not\u00edcias em Destaque\u00a0\" \/>\n<meta property=\"og:url\" content=\"https:\/\/noticiasemdestaque.com\/cd\/?p=45756\" \/>\n<meta property=\"og:site_name\" content=\"Not&iacute;cias em Destaque\" \/>\n<meta property=\"article:published_time\" content=\"2023-01-24T00:05:24+00:00\" \/>\n<meta property=\"og:image\" content=\"https:\/\/noticiasemdestaque.com\/cd\/wp-content\/uploads\/2023\/01\/323304407_913167510040795_3497287210244317796_n.jpg\" \/>\n\t<meta property=\"og:image:width\" content=\"1600\" \/>\n\t<meta property=\"og:image:height\" content=\"1600\" \/>\n\t<meta property=\"og:image:type\" content=\"image\/jpeg\" \/>\n<meta name=\"author\" content=\"Not\u00edcias em Destaque\" \/>\n<meta name=\"twitter:card\" content=\"summary_large_image\" \/>\n<meta name=\"twitter:label1\" content=\"Escrito por\" \/>\n\t<meta name=\"twitter:data1\" content=\"Not\u00edcias em Destaque\" \/>\n\t<meta name=\"twitter:label2\" content=\"Est. tempo de leitura\" \/>\n\t<meta name=\"twitter:data2\" content=\"1 minuto\" \/>\n<script type=\"application\/ld+json\" class=\"yoast-schema-graph\">{\"@context\":\"https:\/\/schema.org\",\"@graph\":[{\"@type\":\"Article\",\"@id\":\"https:\/\/noticiasemdestaque.com\/cd\/?p=45756#article\",\"isPartOf\":{\"@id\":\"https:\/\/noticiasemdestaque.com\/cd\/?p=45756\"},\"author\":{\"name\":\"Not\u00edcias em Destaque\",\"@id\":\"https:\/\/noticiasemdestaque.com\/cd\/#\/schema\/person\/47f7d4f55eec17c6b2ca036c5500f6ce\"},\"headline\":\"Prefeitura de Camala\u00fa lan\u00e7ar\u00e1 programa\u00e7\u00e3o do Carnaval na quarta-feira (25)\",\"datePublished\":\"2023-01-24T00:05:24+00:00\",\"mainEntityOfPage\":{\"@id\":\"https:\/\/noticiasemdestaque.com\/cd\/?p=45756\"},\"wordCount\":73,\"publisher\":{\"@id\":\"https:\/\/noticiasemdestaque.com\/cd\/#organization\"},\"image\":{\"@id\":\"https:\/\/noticiasemdestaque.com\/cd\/?p=45756#primaryimage\"},\"thumbnailUrl\":\"https:\/\/noticiasemdestaque.com\/cd\/wp-content\/uploads\/2023\/01\/323304407_913167510040795_3497287210244317796_n.jpg\",\"articleSection\":[\"Cidades\"],\"inLanguage\":\"pt-BR\"},{\"@type\":\"WebPage\",\"@id\":\"https:\/\/noticiasemdestaque.com\/cd\/?p=45756\",\"url\":\"https:\/\/noticiasemdestaque.com\/cd\/?p=45756\",\"name\":\"Prefeitura de Camala\u00fa lan\u00e7ar\u00e1 programa\u00e7\u00e3o do Carnaval na quarta-feira (25) - Not&iacute;cias em Destaque\",\"isPartOf\":{\"@id\":\"https:\/\/noticiasemdestaque.com\/cd\/#website\"},\"primaryImageOfPage\":{\"@id\":\"https:\/\/noticiasemdestaque.com\/cd\/?p=45756#primaryimage\"},\"image\":{\"@id\":\"https:\/\/noticiasemdestaque.com\/cd\/?p=45756#primaryimage\"},\"thumbnailUrl\":\"https:\/\/noticiasemdestaque.com\/cd\/wp-content\/uploads\/2023\/01\/323304407_913167510040795_3497287210244317796_n.jpg\",\"datePublished\":\"2023-01-24T00:05:24+00:00\",\"breadcrumb\":{\"@id\":\"https:\/\/noticiasemdestaque.com\/cd\/?p=45756#breadcrumb\"},\"inLanguage\":\"pt-BR\",\"potentialAction\":[{\"@type\":\"ReadAction\",\"target\":[\"https:\/\/noticiasemdestaque.com\/cd\/?p=45756\"]}]},{\"@type\":\"ImageObject\",\"inLanguage\":\"pt-BR\",\"@id\":\"https:\/\/noticiasemdestaque.com\/cd\/?p=45756#primaryimage\",\"url\":\"https:\/\/noticiasemdestaque.com\/cd\/wp-content\/uploads\/2023\/01\/323304407_913167510040795_3497287210244317796_n.jpg\",\"contentUrl\":\"https:\/\/noticiasemdestaque.com\/cd\/wp-content\/uploads\/2023\/01\/323304407_913167510040795_3497287210244317796_n.jpg\",\"width\":1600,\"height\":1600},{\"@type\":\"BreadcrumbList\",\"@id\":\"https:\/\/noticiasemdestaque.com\/cd\/?p=45756#breadcrumb\",\"itemListElement\":[{\"@type\":\"ListItem\",\"position\":1,\"name\":\"In\u00edcio\",\"item\":\"https:\/\/noticiasemdestaque.com\/cd\/\"},{\"@type\":\"ListItem\",\"position\":2,\"name\":\"Prefeitura de Camala\u00fa lan\u00e7ar\u00e1 programa\u00e7\u00e3o do Carnaval na quarta-feira (25)\"}]},{\"@type\":\"WebSite\",\"@id\":\"https:\/\/noticiasemdestaque.com\/cd\/#website\",\"url\":\"https:\/\/noticiasemdestaque.com\/cd\/\",\"name\":\"Not&iacute;cias em Destaque\",\"description\":\"\",\"publisher\":{\"@id\":\"https:\/\/noticiasemdestaque.com\/cd\/#organization\"},\"potentialAction\":[{\"@type\":\"SearchAction\",\"target\":{\"@type\":\"EntryPoint\",\"urlTemplate\":\"https:\/\/noticiasemdestaque.com\/cd\/?s={search_term_string}\"},\"query-input\":{\"@type\":\"PropertyValueSpecification\",\"valueRequired\":true,\"valueName\":\"search_term_string\"}}],\"inLanguage\":\"pt-BR\"},{\"@type\":\"Organization\",\"@id\":\"https:\/\/noticiasemdestaque.com\/cd\/#organization\",\"name\":\"Not\u00edcias em Destaque\",\"url\":\"https:\/\/noticiasemdestaque.com\/cd\/\",\"logo\":{\"@type\":\"ImageObject\",\"inLanguage\":\"pt-BR\",\"@id\":\"https:\/\/noticiasemdestaque.com\/cd\/#\/schema\/logo\/image\/\",\"url\":\"https:\/\/noticiasemdestaque.com\/cd\/wp-content\/uploads\/2022\/05\/imagem-base-noticiasemdestaque.png\",\"contentUrl\":\"https:\/\/noticiasemdestaque.com\/cd\/wp-content\/uploads\/2022\/05\/imagem-base-noticiasemdestaque.png\",\"width\":1200,\"height\":630,\"caption\":\"Not\u00edcias em Destaque\"},\"image\":{\"@id\":\"https:\/\/noticiasemdestaque.com\/cd\/#\/schema\/logo\/image\/\"}},{\"@type\":\"Person\",\"@id\":\"https:\/\/noticiasemdestaque.com\/cd\/#\/schema\/person\/47f7d4f55eec17c6b2ca036c5500f6ce\",\"name\":\"Not\u00edcias em Destaque\",\"url\":\"https:\/\/noticiasemdestaque.com\/cd\/?author=2\"}]}<\/script>\n<!-- \/ Yoast SEO plugin. -->","yoast_head_json":{"title":"Prefeitura de Camala\u00fa lan\u00e7ar\u00e1 programa\u00e7\u00e3o do Carnaval na quarta-feira (25) - Not&iacute;cias em Destaque","robots":{"index":"index","follow":"follow","max-snippet":"max-snippet:-1","max-image-preview":"max-image-preview:large","max-video-preview":"max-video-preview:-1"},"canonical":"https:\/\/noticiasemdestaque.com\/cd\/?p=45756","og_locale":"pt_BR","og_type":"article","og_title":"Prefeitura de Camala\u00fa lan\u00e7ar\u00e1 programa\u00e7\u00e3o do Carnaval na quarta-feira (25) - Not&iacute;cias em Destaque","og_description":"O prefeito de Camala\u00fa, Bira Mariano, confirmou que a programa\u00e7\u00e3o completa do Carnaval 2023 ser\u00e1 divulgada na quarta-feira (25). Para o an\u00fancio ser\u00e1 realizada uma live a partir das 20h no facebook da Prefeitura Municipal e no Instagram @carnavaldecamalau. Neste domingo (22), Bonde do Gato Preto foi confirmado como primeira atra\u00e7\u00e3o no Melhor e Maior Carnaval do Cariri Not\u00edcias em Destaque\u00a0","og_url":"https:\/\/noticiasemdestaque.com\/cd\/?p=45756","og_site_name":"Not&iacute;cias em Destaque","article_published_time":"2023-01-24T00:05:24+00:00","og_image":[{"width":1600,"height":1600,"url":"https:\/\/noticiasemdestaque.com\/cd\/wp-content\/uploads\/2023\/01\/323304407_913167510040795_3497287210244317796_n.jpg","type":"image\/jpeg"}],"author":"Not\u00edcias em Destaque","twitter_card":"summary_large_image","twitter_misc":{"Escrito por":"Not\u00edcias em Destaque","Est. tempo de leitura":"1 minuto"},"schema":{"@context":"https:\/\/schema.org","@graph":[{"@type":"Article","@id":"https:\/\/noticiasemdestaque.com\/cd\/?p=45756#article","isPartOf":{"@id":"https:\/\/noticiasemdestaque.com\/cd\/?p=45756"},"author":{"name":"Not\u00edcias em Destaque","@id":"https:\/\/noticiasemdestaque.com\/cd\/#\/schema\/person\/47f7d4f55eec17c6b2ca036c5500f6ce"},"headline":"Prefeitura de Camala\u00fa lan\u00e7ar\u00e1 programa\u00e7\u00e3o do Carnaval na quarta-feira (25)","datePublished":"2023-01-24T00:05:24+00:00","mainEntityOfPage":{"@id":"https:\/\/noticiasemdestaque.com\/cd\/?p=45756"},"wordCount":73,"publisher":{"@id":"https:\/\/noticiasemdestaque.com\/cd\/#organization"},"image":{"@id":"https:\/\/noticiasemdestaque.com\/cd\/?p=45756#primaryimage"},"thumbnailUrl":"https:\/\/noticiasemdestaque.com\/cd\/wp-content\/uploads\/2023\/01\/323304407_913167510040795_3497287210244317796_n.jpg","articleSection":["Cidades"],"inLanguage":"pt-BR"},{"@type":"WebPage","@id":"https:\/\/noticiasemdestaque.com\/cd\/?p=45756","url":"https:\/\/noticiasemdestaque.com\/cd\/?p=45756","name":"Prefeitura de Camala\u00fa lan\u00e7ar\u00e1 programa\u00e7\u00e3o do Carnaval na quarta-feira (25) - Not&iacute;cias em Destaque","isPartOf":{"@id":"https:\/\/noticiasemdestaque.com\/cd\/#website"},"primaryImageOfPage":{"@id":"https:\/\/noticiasemdestaque.com\/cd\/?p=45756#primaryimage"},"image":{"@id":"https:\/\/noticiasemdestaque.com\/cd\/?p=45756#primaryimage"},"thumbnailUrl":"https:\/\/noticiasemdestaque.com\/cd\/wp-content\/uploads\/2023\/01\/323304407_913167510040795_3497287210244317796_n.jpg","datePublished":"2023-01-24T00:05:24+00:00","breadcrumb":{"@id":"https:\/\/noticiasemdestaque.com\/cd\/?p=45756#breadcrumb"},"inLanguage":"pt-BR","potentialAction":[{"@type":"ReadAction","target":["https:\/\/noticiasemdestaque.com\/cd\/?p=45756"]}]},{"@type":"ImageObject","inLanguage":"pt-BR","@id":"https:\/\/noticiasemdestaque.com\/cd\/?p=45756#primaryimage","url":"https:\/\/noticiasemdestaque.com\/cd\/wp-content\/uploads\/2023\/01\/323304407_913167510040795_3497287210244317796_n.jpg","contentUrl":"https:\/\/noticiasemdestaque.com\/cd\/wp-content\/uploads\/2023\/01\/323304407_913167510040795_3497287210244317796_n.jpg","width":1600,"height":1600},{"@type":"BreadcrumbList","@id":"https:\/\/noticiasemdestaque.com\/cd\/?p=45756#breadcrumb","itemListElement":[{"@type":"ListItem","position":1,"name":"In\u00edcio","item":"https:\/\/noticiasemdestaque.com\/cd\/"},{"@type":"ListItem","position":2,"name":"Prefeitura de Camala\u00fa lan\u00e7ar\u00e1 programa\u00e7\u00e3o do Carnaval na quarta-feira (25)"}]},{"@type":"WebSite","@id":"https:\/\/noticiasemdestaque.com\/cd\/#website","url":"https:\/\/noticiasemdestaque.com\/cd\/","name":"Not&iacute;cias em Destaque","description":"","publisher":{"@id":"https:\/\/noticiasemdestaque.com\/cd\/#organization"},"potentialAction":[{"@type":"SearchAction","target":{"@type":"EntryPoint","urlTemplate":"https:\/\/noticiasemdestaque.com\/cd\/?s={search_term_string}"},"query-input":{"@type":"PropertyValueSpecification","valueRequired":true,"valueName":"search_term_string"}}],"inLanguage":"pt-BR"},{"@type":"Organization","@id":"https:\/\/noticiasemdestaque.com\/cd\/#organization","name":"Not\u00edcias em Destaque","url":"https:\/\/noticiasemdestaque.com\/cd\/","logo":{"@type":"ImageObject","inLanguage":"pt-BR","@id":"https:\/\/noticiasemdestaque.com\/cd\/#\/schema\/logo\/image\/","url":"https:\/\/noticiasemdestaque.com\/cd\/wp-content\/uploads\/2022\/05\/imagem-base-noticiasemdestaque.png","contentUrl":"https:\/\/noticiasemdestaque.com\/cd\/wp-content\/uploads\/2022\/05\/imagem-base-noticiasemdestaque.png","width":1200,"height":630,"caption":"Not\u00edcias em Destaque"},"image":{"@id":"https:\/\/noticiasemdestaque.com\/cd\/#\/schema\/logo\/image\/"}},{"@type":"Person","@id":"https:\/\/noticiasemdestaque.com\/cd\/#\/schema\/person\/47f7d4f55eec17c6b2ca036c5500f6ce","name":"Not\u00edcias em Destaque","url":"https:\/\/noticiasemdestaque.com\/cd\/?author=2"}]}},"jetpack_featured_media_url":"https:\/\/noticiasemdestaque.com\/cd\/wp-content\/uploads\/2023\/01\/323304407_913167510040795_3497287210244317796_n.jpg","jetpack_sharing_enabled":true,"_links":{"self":[{"href":"https:\/\/noticiasemdestaque.com\/cd\/index.php?rest_route=\/wp\/v2\/posts\/45756","targetHints":{"allow":["GET"]}}],"collection":[{"href":"https:\/\/noticiasemdestaque.com\/cd\/index.php?rest_route=\/wp\/v2\/posts"}],"about":[{"href":"https:\/\/noticiasemdestaque.com\/cd\/index.php?rest_route=\/wp\/v2\/types\/post"}],"author":[{"embeddable":true,"href":"https:\/\/noticiasemdestaque.com\/cd\/index.php?rest_route=\/wp\/v2\/users\/2"}],"replies":[{"embeddable":true,"href":"https:\/\/noticiasemdestaque.com\/cd\/index.php?rest_route=%2Fwp%2Fv2%2Fcomments&post=45756"}],"version-history":[{"count":1,"href":"https:\/\/noticiasemdestaque.com\/cd\/index.php?rest_route=\/wp\/v2\/posts\/45756\/revisions"}],"predecessor-version":[{"id":45758,"href":"https:\/\/noticiasemdestaque.com\/cd\/index.php?rest_route=\/wp\/v2\/posts\/45756\/revisions\/45758"}],"wp:featuredmedia":[{"embeddable":true,"href":"https:\/\/noticiasemdestaque.com\/cd\/index.php?rest_route=\/wp\/v2\/media\/45757"}],"wp:attachment":[{"href":"https:\/\/noticiasemdestaque.com\/cd\/index.php?rest_route=%2Fwp%2Fv2%2Fmedia&parent=45756"}],"wp:term":[{"taxonomy":"category","embeddable":true,"href":"https:\/\/noticiasemdestaque.com\/cd\/index.php?rest_route=%2Fwp%2Fv2%2Fcategories&post=45756"},{"taxonomy":"post_tag","embeddable":true,"href":"https:\/\/noticiasemdestaque.com\/cd\/index.php?rest_route=%2Fwp%2Fv2%2Ftags&post=45756"}],"curies":[{"name":"wp","href":"https:\/\/api.w.org\/{rel}","templated":true}]}}