{"id":45751,"date":"2023-01-23T20:31:24","date_gmt":"2023-01-23T23:31:24","guid":{"rendered":"https:\/\/noticiasemdestaque.com\/cd\/?p=45751"},"modified":"2023-01-23T20:31:24","modified_gmt":"2023-01-23T23:31:24","slug":"deputado-felipe-leitao-e-confirmado-como-candidato-a-1o-vice-presidente-da-alpb","status":"publish","type":"post","link":"https:\/\/noticiasemdestaque.com\/cd\/?p=45751","title":{"rendered":"Deputado Felipe Leit\u00e3o \u00e9 confirmado como candidato a 1\u00ba vice-presidente da ALPB"},"content":{"rendered":"<p><a href=\"https:\/\/noticiasemdestaque.com\/cd\/wp-content\/uploads\/2023\/01\/DSC_0269-1.jpg\"><img fetchpriority=\"high\" decoding=\"async\" class=\"wp-image-45721 size-medium aligncenter\" src=\"https:\/\/noticiasemdestaque.com\/cd\/wp-content\/uploads\/2023\/01\/DSC_0269-1-300x199.jpg\" alt=\"\" width=\"300\" height=\"199\" srcset=\"https:\/\/noticiasemdestaque.com\/cd\/wp-content\/uploads\/2023\/01\/DSC_0269-1-300x199.jpg 300w, https:\/\/noticiasemdestaque.com\/cd\/wp-content\/uploads\/2023\/01\/DSC_0269-1-1024x681.jpg 1024w, https:\/\/noticiasemdestaque.com\/cd\/wp-content\/uploads\/2023\/01\/DSC_0269-1-768x510.jpg 768w, https:\/\/noticiasemdestaque.com\/cd\/wp-content\/uploads\/2023\/01\/DSC_0269-1-18x12.jpg 18w, https:\/\/noticiasemdestaque.com\/cd\/wp-content\/uploads\/2023\/01\/DSC_0269-1.jpg 1300w\" sizes=\"(max-width: 300px) 100vw, 300px\" \/><\/a><\/p>\n<p style=\"font-weight: 400;\">O deputado estadual Felipe Leit\u00e3o (PSD) foi confirmado como candidato a primeiro vice-presidente da Assembleia Legislativa da Para\u00edba (ALPB) na chapa do segundo bi\u00eanio, tendo o deputado estadual Adriano Galdino (Republicanos) como candidato a presidente.<\/p>\n<p style=\"font-weight: 400;\">Ele considerou que no atual presidente Adriano \u00e9 \u201cum produto bom de se vender\u201d e um di\u00e1logo foi feito com os colegas parlamentares para que a unanimidade em torno do nome de Adriano fosse conquistada para os dois pr\u00f3ximos bi\u00eanios.<\/p>\n<p style=\"font-weight: 400;\">\u201cVai ser a primeira elei\u00e7\u00e3o un\u00e2nime que vou participar. Isso mostra as qualidades que Adriano Galdino tem\u201d, disse.<\/p>\n<p style=\"font-weight: 400;\">De acordo com Felipe, Adriano na presid\u00eancia da Assembleia garante a governabilidade do governador Jo\u00e3o Azev\u00eado (PSB). Ele considerou que o deputado estadual Wallber Virgolino (PL) pode ter pedido a Adriano a vaga de corregedor da Assembleia para os dois bi\u00eanios e foi atendido.<\/p>\n<p style=\"font-weight: 400;\">Felipe frisou, em entrevista a uma emissora de r\u00e1dio, que a previs\u00e3o \u00e9 de que a vota\u00e7\u00e3o das contas do governador Jo\u00e3o Azev\u00eado (PSB) e do ex-governador Ricardo Coutinho (PT) e a vota\u00e7\u00e3o da Lei Or\u00e7ament\u00e1ria Anual (LOA) devem ocorrer at\u00e9 a pr\u00f3xima sexta-feira (27).<\/p>\n<p style=\"font-weight: 400;\">Fonte: Para\u00edba Online<\/p>\n","protected":false},"excerpt":{"rendered":"<p>O deputado estadual Felipe Leit\u00e3o (PSD) foi confirmado como candidato a primeiro vice-presidente da Assembleia Legislativa da Para\u00edba (ALPB) na chapa do segundo bi\u00eanio, tendo o deputado estadual Adriano Galdino (Republicanos) como candidato a presidente. Ele considerou que no atual presidente Adriano \u00e9 \u201cum produto bom de se vender\u201d e um di\u00e1logo foi feito com os colegas parlamentares para que a unanimidade em torno do nome de Adriano fosse conquistada para os dois pr\u00f3ximos bi\u00eanios. \u201cVai ser a primeira elei\u00e7\u00e3o un\u00e2nime que vou participar. Isso mostra as qualidades que Adriano Galdino tem\u201d, disse. De acordo com Felipe, Adriano na presid\u00eancia da Assembleia garante a governabilidade do governador Jo\u00e3o Azev\u00eado (PSB). Ele considerou que o deputado estadual Wallber Virgolino (PL) pode ter pedido a Adriano a vaga de corregedor da Assembleia para os dois bi\u00eanios e foi atendido. Felipe frisou, em entrevista a uma emissora de r\u00e1dio, que a previs\u00e3o \u00e9 de que a vota\u00e7\u00e3o das contas do governador Jo\u00e3o Azev\u00eado (PSB) e do ex-governador Ricardo Coutinho (PT) e a vota\u00e7\u00e3o da Lei Or\u00e7ament\u00e1ria Anual (LOA) devem ocorrer at\u00e9 a pr\u00f3xima sexta-feira (27). Fonte: Para\u00edba Online<\/p>\n","protected":false},"author":2,"featured_media":45721,"comment_status":"closed","ping_status":"open","sticky":false,"template":"","format":"standard","meta":{"_eb_attr":"","_jetpack_memberships_contains_paid_content":false,"footnotes":""},"categories":[4],"tags":[],"class_list":["post-45751","post","type-post","status-publish","format-standard","has-post-thumbnail","hentry","category-politica"],"yoast_head":"<!-- This site is optimized with the Yoast SEO plugin v26.5 - https:\/\/yoast.com\/wordpress\/plugins\/seo\/ -->\n<title>Deputado Felipe Leit\u00e3o \u00e9 confirmado como candidato a 1\u00ba vice-presidente da ALPB - Not&iacute;cias em Destaque<\/title>\n<meta name=\"robots\" content=\"index, follow, max-snippet:-1, max-image-preview:large, max-video-preview:-1\" \/>\n<link rel=\"canonical\" href=\"https:\/\/noticiasemdestaque.com\/cd\/?p=45751\" \/>\n<meta property=\"og:locale\" content=\"pt_BR\" \/>\n<meta property=\"og:type\" content=\"article\" \/>\n<meta property=\"og:title\" content=\"Deputado Felipe Leit\u00e3o \u00e9 confirmado como candidato a 1\u00ba vice-presidente da ALPB - Not&iacute;cias em Destaque\" \/>\n<meta property=\"og:description\" content=\"O deputado estadual Felipe Leit\u00e3o (PSD) foi confirmado como candidato a primeiro vice-presidente da Assembleia Legislativa da Para\u00edba (ALPB) na chapa do segundo bi\u00eanio, tendo o deputado estadual Adriano Galdino (Republicanos) como candidato a presidente. Ele considerou que no atual presidente Adriano \u00e9 \u201cum produto bom de se vender\u201d e um di\u00e1logo foi feito com os colegas parlamentares para que a unanimidade em torno do nome de Adriano fosse conquistada para os dois pr\u00f3ximos bi\u00eanios. \u201cVai ser a primeira elei\u00e7\u00e3o un\u00e2nime que vou participar. Isso mostra as qualidades que Adriano Galdino tem\u201d, disse. De acordo com Felipe, Adriano na presid\u00eancia da Assembleia garante a governabilidade do governador Jo\u00e3o Azev\u00eado (PSB). Ele considerou que o deputado estadual Wallber Virgolino (PL) pode ter pedido a Adriano a vaga de corregedor da Assembleia para os dois bi\u00eanios e foi atendido. Felipe frisou, em entrevista a uma emissora de r\u00e1dio, que a previs\u00e3o \u00e9 de que a vota\u00e7\u00e3o das contas do governador Jo\u00e3o Azev\u00eado (PSB) e do ex-governador Ricardo Coutinho (PT) e a vota\u00e7\u00e3o da Lei Or\u00e7ament\u00e1ria Anual (LOA) devem ocorrer at\u00e9 a pr\u00f3xima sexta-feira (27). Fonte: Para\u00edba Online\" \/>\n<meta property=\"og:url\" content=\"https:\/\/noticiasemdestaque.com\/cd\/?p=45751\" \/>\n<meta property=\"og:site_name\" content=\"Not&iacute;cias em Destaque\" \/>\n<meta property=\"article:published_time\" content=\"2023-01-23T23:31:24+00:00\" \/>\n<meta property=\"og:image\" content=\"https:\/\/noticiasemdestaque.com\/cd\/wp-content\/uploads\/2023\/01\/DSC_0269-1.jpg\" \/>\n\t<meta property=\"og:image:width\" content=\"1300\" \/>\n\t<meta property=\"og:image:height\" content=\"864\" \/>\n\t<meta property=\"og:image:type\" content=\"image\/jpeg\" \/>\n<meta name=\"author\" content=\"Not\u00edcias em Destaque\" \/>\n<meta name=\"twitter:card\" content=\"summary_large_image\" \/>\n<meta name=\"twitter:label1\" content=\"Escrito por\" \/>\n\t<meta name=\"twitter:data1\" content=\"Not\u00edcias em Destaque\" \/>\n\t<meta name=\"twitter:label2\" content=\"Est. tempo de leitura\" \/>\n\t<meta name=\"twitter:data2\" content=\"2 minutos\" \/>\n<script type=\"application\/ld+json\" class=\"yoast-schema-graph\">{\"@context\":\"https:\/\/schema.org\",\"@graph\":[{\"@type\":\"Article\",\"@id\":\"https:\/\/noticiasemdestaque.com\/cd\/?p=45751#article\",\"isPartOf\":{\"@id\":\"https:\/\/noticiasemdestaque.com\/cd\/?p=45751\"},\"author\":{\"name\":\"Not\u00edcias em Destaque\",\"@id\":\"https:\/\/noticiasemdestaque.com\/cd\/#\/schema\/person\/47f7d4f55eec17c6b2ca036c5500f6ce\"},\"headline\":\"Deputado Felipe Leit\u00e3o \u00e9 confirmado como candidato a 1\u00ba vice-presidente da ALPB\",\"datePublished\":\"2023-01-23T23:31:24+00:00\",\"mainEntityOfPage\":{\"@id\":\"https:\/\/noticiasemdestaque.com\/cd\/?p=45751\"},\"wordCount\":215,\"publisher\":{\"@id\":\"https:\/\/noticiasemdestaque.com\/cd\/#organization\"},\"image\":{\"@id\":\"https:\/\/noticiasemdestaque.com\/cd\/?p=45751#primaryimage\"},\"thumbnailUrl\":\"https:\/\/noticiasemdestaque.com\/cd\/wp-content\/uploads\/2023\/01\/DSC_0269-1.jpg\",\"articleSection\":[\"Pol\u00edtica\"],\"inLanguage\":\"pt-BR\"},{\"@type\":\"WebPage\",\"@id\":\"https:\/\/noticiasemdestaque.com\/cd\/?p=45751\",\"url\":\"https:\/\/noticiasemdestaque.com\/cd\/?p=45751\",\"name\":\"Deputado Felipe Leit\u00e3o \u00e9 confirmado como candidato a 1\u00ba vice-presidente da ALPB - Not&iacute;cias em Destaque\",\"isPartOf\":{\"@id\":\"https:\/\/noticiasemdestaque.com\/cd\/#website\"},\"primaryImageOfPage\":{\"@id\":\"https:\/\/noticiasemdestaque.com\/cd\/?p=45751#primaryimage\"},\"image\":{\"@id\":\"https:\/\/noticiasemdestaque.com\/cd\/?p=45751#primaryimage\"},\"thumbnailUrl\":\"https:\/\/noticiasemdestaque.com\/cd\/wp-content\/uploads\/2023\/01\/DSC_0269-1.jpg\",\"datePublished\":\"2023-01-23T23:31:24+00:00\",\"breadcrumb\":{\"@id\":\"https:\/\/noticiasemdestaque.com\/cd\/?p=45751#breadcrumb\"},\"inLanguage\":\"pt-BR\",\"potentialAction\":[{\"@type\":\"ReadAction\",\"target\":[\"https:\/\/noticiasemdestaque.com\/cd\/?p=45751\"]}]},{\"@type\":\"ImageObject\",\"inLanguage\":\"pt-BR\",\"@id\":\"https:\/\/noticiasemdestaque.com\/cd\/?p=45751#primaryimage\",\"url\":\"https:\/\/noticiasemdestaque.com\/cd\/wp-content\/uploads\/2023\/01\/DSC_0269-1.jpg\",\"contentUrl\":\"https:\/\/noticiasemdestaque.com\/cd\/wp-content\/uploads\/2023\/01\/DSC_0269-1.jpg\",\"width\":1300,\"height\":864},{\"@type\":\"BreadcrumbList\",\"@id\":\"https:\/\/noticiasemdestaque.com\/cd\/?p=45751#breadcrumb\",\"itemListElement\":[{\"@type\":\"ListItem\",\"position\":1,\"name\":\"In\u00edcio\",\"item\":\"https:\/\/noticiasemdestaque.com\/cd\/\"},{\"@type\":\"ListItem\",\"position\":2,\"name\":\"Deputado Felipe Leit\u00e3o \u00e9 confirmado como candidato a 1\u00ba vice-presidente da ALPB\"}]},{\"@type\":\"WebSite\",\"@id\":\"https:\/\/noticiasemdestaque.com\/cd\/#website\",\"url\":\"https:\/\/noticiasemdestaque.com\/cd\/\",\"name\":\"Not&iacute;cias em Destaque\",\"description\":\"\",\"publisher\":{\"@id\":\"https:\/\/noticiasemdestaque.com\/cd\/#organization\"},\"potentialAction\":[{\"@type\":\"SearchAction\",\"target\":{\"@type\":\"EntryPoint\",\"urlTemplate\":\"https:\/\/noticiasemdestaque.com\/cd\/?s={search_term_string}\"},\"query-input\":{\"@type\":\"PropertyValueSpecification\",\"valueRequired\":true,\"valueName\":\"search_term_string\"}}],\"inLanguage\":\"pt-BR\"},{\"@type\":\"Organization\",\"@id\":\"https:\/\/noticiasemdestaque.com\/cd\/#organization\",\"name\":\"Not\u00edcias em Destaque\",\"url\":\"https:\/\/noticiasemdestaque.com\/cd\/\",\"logo\":{\"@type\":\"ImageObject\",\"inLanguage\":\"pt-BR\",\"@id\":\"https:\/\/noticiasemdestaque.com\/cd\/#\/schema\/logo\/image\/\",\"url\":\"https:\/\/noticiasemdestaque.com\/cd\/wp-content\/uploads\/2022\/05\/imagem-base-noticiasemdestaque.png\",\"contentUrl\":\"https:\/\/noticiasemdestaque.com\/cd\/wp-content\/uploads\/2022\/05\/imagem-base-noticiasemdestaque.png\",\"width\":1200,\"height\":630,\"caption\":\"Not\u00edcias em Destaque\"},\"image\":{\"@id\":\"https:\/\/noticiasemdestaque.com\/cd\/#\/schema\/logo\/image\/\"}},{\"@type\":\"Person\",\"@id\":\"https:\/\/noticiasemdestaque.com\/cd\/#\/schema\/person\/47f7d4f55eec17c6b2ca036c5500f6ce\",\"name\":\"Not\u00edcias em Destaque\",\"url\":\"https:\/\/noticiasemdestaque.com\/cd\/?author=2\"}]}<\/script>\n<!-- \/ Yoast SEO plugin. -->","yoast_head_json":{"title":"Deputado Felipe Leit\u00e3o \u00e9 confirmado como candidato a 1\u00ba vice-presidente da ALPB - Not&iacute;cias em Destaque","robots":{"index":"index","follow":"follow","max-snippet":"max-snippet:-1","max-image-preview":"max-image-preview:large","max-video-preview":"max-video-preview:-1"},"canonical":"https:\/\/noticiasemdestaque.com\/cd\/?p=45751","og_locale":"pt_BR","og_type":"article","og_title":"Deputado Felipe Leit\u00e3o \u00e9 confirmado como candidato a 1\u00ba vice-presidente da ALPB - Not&iacute;cias em Destaque","og_description":"O deputado estadual Felipe Leit\u00e3o (PSD) foi confirmado como candidato a primeiro vice-presidente da Assembleia Legislativa da Para\u00edba (ALPB) na chapa do segundo bi\u00eanio, tendo o deputado estadual Adriano Galdino (Republicanos) como candidato a presidente. Ele considerou que no atual presidente Adriano \u00e9 \u201cum produto bom de se vender\u201d e um di\u00e1logo foi feito com os colegas parlamentares para que a unanimidade em torno do nome de Adriano fosse conquistada para os dois pr\u00f3ximos bi\u00eanios. \u201cVai ser a primeira elei\u00e7\u00e3o un\u00e2nime que vou participar. Isso mostra as qualidades que Adriano Galdino tem\u201d, disse. De acordo com Felipe, Adriano na presid\u00eancia da Assembleia garante a governabilidade do governador Jo\u00e3o Azev\u00eado (PSB). Ele considerou que o deputado estadual Wallber Virgolino (PL) pode ter pedido a Adriano a vaga de corregedor da Assembleia para os dois bi\u00eanios e foi atendido. Felipe frisou, em entrevista a uma emissora de r\u00e1dio, que a previs\u00e3o \u00e9 de que a vota\u00e7\u00e3o das contas do governador Jo\u00e3o Azev\u00eado (PSB) e do ex-governador Ricardo Coutinho (PT) e a vota\u00e7\u00e3o da Lei Or\u00e7ament\u00e1ria Anual (LOA) devem ocorrer at\u00e9 a pr\u00f3xima sexta-feira (27). Fonte: Para\u00edba Online","og_url":"https:\/\/noticiasemdestaque.com\/cd\/?p=45751","og_site_name":"Not&iacute;cias em Destaque","article_published_time":"2023-01-23T23:31:24+00:00","og_image":[{"width":1300,"height":864,"url":"https:\/\/noticiasemdestaque.com\/cd\/wp-content\/uploads\/2023\/01\/DSC_0269-1.jpg","type":"image\/jpeg"}],"author":"Not\u00edcias em Destaque","twitter_card":"summary_large_image","twitter_misc":{"Escrito por":"Not\u00edcias em Destaque","Est. tempo de leitura":"2 minutos"},"schema":{"@context":"https:\/\/schema.org","@graph":[{"@type":"Article","@id":"https:\/\/noticiasemdestaque.com\/cd\/?p=45751#article","isPartOf":{"@id":"https:\/\/noticiasemdestaque.com\/cd\/?p=45751"},"author":{"name":"Not\u00edcias em Destaque","@id":"https:\/\/noticiasemdestaque.com\/cd\/#\/schema\/person\/47f7d4f55eec17c6b2ca036c5500f6ce"},"headline":"Deputado Felipe Leit\u00e3o \u00e9 confirmado como candidato a 1\u00ba vice-presidente da ALPB","datePublished":"2023-01-23T23:31:24+00:00","mainEntityOfPage":{"@id":"https:\/\/noticiasemdestaque.com\/cd\/?p=45751"},"wordCount":215,"publisher":{"@id":"https:\/\/noticiasemdestaque.com\/cd\/#organization"},"image":{"@id":"https:\/\/noticiasemdestaque.com\/cd\/?p=45751#primaryimage"},"thumbnailUrl":"https:\/\/noticiasemdestaque.com\/cd\/wp-content\/uploads\/2023\/01\/DSC_0269-1.jpg","articleSection":["Pol\u00edtica"],"inLanguage":"pt-BR"},{"@type":"WebPage","@id":"https:\/\/noticiasemdestaque.com\/cd\/?p=45751","url":"https:\/\/noticiasemdestaque.com\/cd\/?p=45751","name":"Deputado Felipe Leit\u00e3o \u00e9 confirmado como candidato a 1\u00ba vice-presidente da ALPB - Not&iacute;cias em Destaque","isPartOf":{"@id":"https:\/\/noticiasemdestaque.com\/cd\/#website"},"primaryImageOfPage":{"@id":"https:\/\/noticiasemdestaque.com\/cd\/?p=45751#primaryimage"},"image":{"@id":"https:\/\/noticiasemdestaque.com\/cd\/?p=45751#primaryimage"},"thumbnailUrl":"https:\/\/noticiasemdestaque.com\/cd\/wp-content\/uploads\/2023\/01\/DSC_0269-1.jpg","datePublished":"2023-01-23T23:31:24+00:00","breadcrumb":{"@id":"https:\/\/noticiasemdestaque.com\/cd\/?p=45751#breadcrumb"},"inLanguage":"pt-BR","potentialAction":[{"@type":"ReadAction","target":["https:\/\/noticiasemdestaque.com\/cd\/?p=45751"]}]},{"@type":"ImageObject","inLanguage":"pt-BR","@id":"https:\/\/noticiasemdestaque.com\/cd\/?p=45751#primaryimage","url":"https:\/\/noticiasemdestaque.com\/cd\/wp-content\/uploads\/2023\/01\/DSC_0269-1.jpg","contentUrl":"https:\/\/noticiasemdestaque.com\/cd\/wp-content\/uploads\/2023\/01\/DSC_0269-1.jpg","width":1300,"height":864},{"@type":"BreadcrumbList","@id":"https:\/\/noticiasemdestaque.com\/cd\/?p=45751#breadcrumb","itemListElement":[{"@type":"ListItem","position":1,"name":"In\u00edcio","item":"https:\/\/noticiasemdestaque.com\/cd\/"},{"@type":"ListItem","position":2,"name":"Deputado Felipe Leit\u00e3o \u00e9 confirmado como candidato a 1\u00ba vice-presidente da ALPB"}]},{"@type":"WebSite","@id":"https:\/\/noticiasemdestaque.com\/cd\/#website","url":"https:\/\/noticiasemdestaque.com\/cd\/","name":"Not&iacute;cias em Destaque","description":"","publisher":{"@id":"https:\/\/noticiasemdestaque.com\/cd\/#organization"},"potentialAction":[{"@type":"SearchAction","target":{"@type":"EntryPoint","urlTemplate":"https:\/\/noticiasemdestaque.com\/cd\/?s={search_term_string}"},"query-input":{"@type":"PropertyValueSpecification","valueRequired":true,"valueName":"search_term_string"}}],"inLanguage":"pt-BR"},{"@type":"Organization","@id":"https:\/\/noticiasemdestaque.com\/cd\/#organization","name":"Not\u00edcias em Destaque","url":"https:\/\/noticiasemdestaque.com\/cd\/","logo":{"@type":"ImageObject","inLanguage":"pt-BR","@id":"https:\/\/noticiasemdestaque.com\/cd\/#\/schema\/logo\/image\/","url":"https:\/\/noticiasemdestaque.com\/cd\/wp-content\/uploads\/2022\/05\/imagem-base-noticiasemdestaque.png","contentUrl":"https:\/\/noticiasemdestaque.com\/cd\/wp-content\/uploads\/2022\/05\/imagem-base-noticiasemdestaque.png","width":1200,"height":630,"caption":"Not\u00edcias em Destaque"},"image":{"@id":"https:\/\/noticiasemdestaque.com\/cd\/#\/schema\/logo\/image\/"}},{"@type":"Person","@id":"https:\/\/noticiasemdestaque.com\/cd\/#\/schema\/person\/47f7d4f55eec17c6b2ca036c5500f6ce","name":"Not\u00edcias em Destaque","url":"https:\/\/noticiasemdestaque.com\/cd\/?author=2"}]}},"jetpack_featured_media_url":"https:\/\/noticiasemdestaque.com\/cd\/wp-content\/uploads\/2023\/01\/DSC_0269-1.jpg","jetpack_sharing_enabled":true,"_links":{"self":[{"href":"https:\/\/noticiasemdestaque.com\/cd\/index.php?rest_route=\/wp\/v2\/posts\/45751","targetHints":{"allow":["GET"]}}],"collection":[{"href":"https:\/\/noticiasemdestaque.com\/cd\/index.php?rest_route=\/wp\/v2\/posts"}],"about":[{"href":"https:\/\/noticiasemdestaque.com\/cd\/index.php?rest_route=\/wp\/v2\/types\/post"}],"author":[{"embeddable":true,"href":"https:\/\/noticiasemdestaque.com\/cd\/index.php?rest_route=\/wp\/v2\/users\/2"}],"replies":[{"embeddable":true,"href":"https:\/\/noticiasemdestaque.com\/cd\/index.php?rest_route=%2Fwp%2Fv2%2Fcomments&post=45751"}],"version-history":[{"count":1,"href":"https:\/\/noticiasemdestaque.com\/cd\/index.php?rest_route=\/wp\/v2\/posts\/45751\/revisions"}],"predecessor-version":[{"id":45752,"href":"https:\/\/noticiasemdestaque.com\/cd\/index.php?rest_route=\/wp\/v2\/posts\/45751\/revisions\/45752"}],"wp:featuredmedia":[{"embeddable":true,"href":"https:\/\/noticiasemdestaque.com\/cd\/index.php?rest_route=\/wp\/v2\/media\/45721"}],"wp:attachment":[{"href":"https:\/\/noticiasemdestaque.com\/cd\/index.php?rest_route=%2Fwp%2Fv2%2Fmedia&parent=45751"}],"wp:term":[{"taxonomy":"category","embeddable":true,"href":"https:\/\/noticiasemdestaque.com\/cd\/index.php?rest_route=%2Fwp%2Fv2%2Fcategories&post=45751"},{"taxonomy":"post_tag","embeddable":true,"href":"https:\/\/noticiasemdestaque.com\/cd\/index.php?rest_route=%2Fwp%2Fv2%2Ftags&post=45751"}],"curies":[{"name":"wp","href":"https:\/\/api.w.org\/{rel}","templated":true}]}}