{"id":45745,"date":"2023-01-23T10:22:27","date_gmt":"2023-01-23T13:22:27","guid":{"rendered":"https:\/\/noticiasemdestaque.com\/cd\/?p=45745"},"modified":"2023-01-23T10:22:27","modified_gmt":"2023-01-23T13:22:27","slug":"caminhao-da-energisa-chega-em-sao-jose-dos-cordeiros-para-oferecer-servicos-gratuitos","status":"publish","type":"post","link":"https:\/\/noticiasemdestaque.com\/cd\/?p=45745","title":{"rendered":"Caminh\u00e3o da Energisa chega em S\u00e3o Jos\u00e9 dos Cordeiros para oferecer servi\u00e7os gratuitos"},"content":{"rendered":"<p><a href=\"https:\/\/noticiasemdestaque.com\/cd\/wp-content\/uploads\/2023\/01\/WhatsApp-Image-2023-01-23-at-10.18.07.jpeg\"><img fetchpriority=\"high\" decoding=\"async\" class=\" wp-image-45746 aligncenter\" src=\"https:\/\/noticiasemdestaque.com\/cd\/wp-content\/uploads\/2023\/01\/WhatsApp-Image-2023-01-23-at-10.18.07-300x300.jpeg\" alt=\"\" width=\"519\" height=\"519\" srcset=\"https:\/\/noticiasemdestaque.com\/cd\/wp-content\/uploads\/2023\/01\/WhatsApp-Image-2023-01-23-at-10.18.07-300x300.jpeg 300w, https:\/\/noticiasemdestaque.com\/cd\/wp-content\/uploads\/2023\/01\/WhatsApp-Image-2023-01-23-at-10.18.07-1024x1024.jpeg 1024w, https:\/\/noticiasemdestaque.com\/cd\/wp-content\/uploads\/2023\/01\/WhatsApp-Image-2023-01-23-at-10.18.07-150x150.jpeg 150w, https:\/\/noticiasemdestaque.com\/cd\/wp-content\/uploads\/2023\/01\/WhatsApp-Image-2023-01-23-at-10.18.07-768x768.jpeg 768w, https:\/\/noticiasemdestaque.com\/cd\/wp-content\/uploads\/2023\/01\/WhatsApp-Image-2023-01-23-at-10.18.07-12x12.jpeg 12w, https:\/\/noticiasemdestaque.com\/cd\/wp-content\/uploads\/2023\/01\/WhatsApp-Image-2023-01-23-at-10.18.07.jpeg 1080w\" sizes=\"(max-width: 519px) 100vw, 519px\" \/><\/a><\/p>\n<p>A companhia el\u00e9trica Energisa em parceria com a prefeitura de S\u00e3o Jos\u00e9 dos Cordeiros, chega \u00e0 cidade para oferecer, gratuitamente, servi\u00e7os como troca de l\u00e2mpadas incandescentes ou florescentes pelas de LED (mais econ\u00f4micas), palestras, dicas de economia para o consumo, al\u00e9m do cadastro \u201cbaixa renda\u201d para reduzir a conta de energia.<\/p>\n<p>O caminh\u00e3o da empresa estar\u00e1 localizando na pra\u00e7a central pr\u00f3ximo \u00e0 sede da prefeitura Municipal. Para os interessados nas atividades, os dias de atendimento ser\u00e1 dias 23 e 24, no hor\u00e1rio das 08h \u00e0s 17h.<\/p>\n<p>Para receber as orienta\u00e7\u00f5es, \u00e9 importante que os Cordeirenses estejam munidos dos seus documentos principais, inclusive o N\u00famero de Identifica\u00e7\u00e3o Social (NIS).<\/p>\n<p>Na ter\u00e7a-feira (24), haver\u00e1 uma sess\u00e3o de cinema com pipoca, algod\u00e3o-doce e sorteio de brindes. A previs\u00e3o \u00e9 que a sess\u00e3o comece \u00e0s 17h.<\/p>\n<p><strong>Noticias em Destaque<\/strong><\/p>\n<p style=\"text-align: right;\"><em>Com Ascom<\/em><\/p>\n","protected":false},"excerpt":{"rendered":"<p>A companhia el\u00e9trica Energisa em parceria com a prefeitura de S\u00e3o Jos\u00e9 dos Cordeiros, chega \u00e0 cidade para oferecer, gratuitamente, servi\u00e7os como troca de l\u00e2mpadas incandescentes ou florescentes pelas de LED (mais econ\u00f4micas), palestras, dicas de economia para o consumo, al\u00e9m do cadastro \u201cbaixa renda\u201d para reduzir a conta de energia. O caminh\u00e3o da empresa estar\u00e1 localizando na pra\u00e7a central pr\u00f3ximo \u00e0 sede da prefeitura Municipal. Para os interessados nas atividades, os dias de atendimento ser\u00e1 dias 23 e 24, no hor\u00e1rio das 08h \u00e0s 17h. Para receber as orienta\u00e7\u00f5es, \u00e9 importante que os Cordeirenses estejam munidos dos seus documentos principais, inclusive o N\u00famero de Identifica\u00e7\u00e3o Social (NIS). Na ter\u00e7a-feira (24), haver\u00e1 uma sess\u00e3o de cinema com pipoca, algod\u00e3o-doce e sorteio de brindes. A previs\u00e3o \u00e9 que a sess\u00e3o comece \u00e0s 17h. Noticias em Destaque Com Ascom<\/p>\n","protected":false},"author":2,"featured_media":45746,"comment_status":"closed","ping_status":"open","sticky":false,"template":"","format":"standard","meta":{"_eb_attr":"","_jetpack_memberships_contains_paid_content":false,"footnotes":""},"categories":[3],"tags":[],"class_list":["post-45745","post","type-post","status-publish","format-standard","has-post-thumbnail","hentry","category-cidades"],"yoast_head":"<!-- This site is optimized with the Yoast SEO plugin v26.5 - https:\/\/yoast.com\/wordpress\/plugins\/seo\/ -->\n<title>Caminh\u00e3o da Energisa chega em S\u00e3o Jos\u00e9 dos Cordeiros para oferecer servi\u00e7os gratuitos - Not&iacute;cias em Destaque<\/title>\n<meta name=\"robots\" content=\"index, follow, max-snippet:-1, max-image-preview:large, max-video-preview:-1\" \/>\n<link rel=\"canonical\" href=\"https:\/\/noticiasemdestaque.com\/cd\/?p=45745\" \/>\n<meta property=\"og:locale\" content=\"pt_BR\" \/>\n<meta property=\"og:type\" content=\"article\" \/>\n<meta property=\"og:title\" content=\"Caminh\u00e3o da Energisa chega em S\u00e3o Jos\u00e9 dos Cordeiros para oferecer servi\u00e7os gratuitos - Not&iacute;cias em Destaque\" \/>\n<meta property=\"og:description\" content=\"A companhia el\u00e9trica Energisa em parceria com a prefeitura de S\u00e3o Jos\u00e9 dos Cordeiros, chega \u00e0 cidade para oferecer, gratuitamente, servi\u00e7os como troca de l\u00e2mpadas incandescentes ou florescentes pelas de LED (mais econ\u00f4micas), palestras, dicas de economia para o consumo, al\u00e9m do cadastro \u201cbaixa renda\u201d para reduzir a conta de energia. O caminh\u00e3o da empresa estar\u00e1 localizando na pra\u00e7a central pr\u00f3ximo \u00e0 sede da prefeitura Municipal. Para os interessados nas atividades, os dias de atendimento ser\u00e1 dias 23 e 24, no hor\u00e1rio das 08h \u00e0s 17h. Para receber as orienta\u00e7\u00f5es, \u00e9 importante que os Cordeirenses estejam munidos dos seus documentos principais, inclusive o N\u00famero de Identifica\u00e7\u00e3o Social (NIS). Na ter\u00e7a-feira (24), haver\u00e1 uma sess\u00e3o de cinema com pipoca, algod\u00e3o-doce e sorteio de brindes. A previs\u00e3o \u00e9 que a sess\u00e3o comece \u00e0s 17h. Noticias em Destaque Com Ascom\" \/>\n<meta property=\"og:url\" content=\"https:\/\/noticiasemdestaque.com\/cd\/?p=45745\" \/>\n<meta property=\"og:site_name\" content=\"Not&iacute;cias em Destaque\" \/>\n<meta property=\"article:published_time\" content=\"2023-01-23T13:22:27+00:00\" \/>\n<meta property=\"og:image\" content=\"https:\/\/noticiasemdestaque.com\/cd\/wp-content\/uploads\/2023\/01\/WhatsApp-Image-2023-01-23-at-10.18.07.jpeg\" \/>\n\t<meta property=\"og:image:width\" content=\"1080\" \/>\n\t<meta property=\"og:image:height\" content=\"1080\" \/>\n\t<meta property=\"og:image:type\" content=\"image\/jpeg\" \/>\n<meta name=\"author\" content=\"Not\u00edcias em Destaque\" \/>\n<meta name=\"twitter:card\" content=\"summary_large_image\" \/>\n<meta name=\"twitter:label1\" content=\"Escrito por\" \/>\n\t<meta name=\"twitter:data1\" content=\"Not\u00edcias em Destaque\" \/>\n\t<meta name=\"twitter:label2\" content=\"Est. tempo de leitura\" \/>\n\t<meta name=\"twitter:data2\" content=\"1 minuto\" \/>\n<script type=\"application\/ld+json\" class=\"yoast-schema-graph\">{\"@context\":\"https:\/\/schema.org\",\"@graph\":[{\"@type\":\"Article\",\"@id\":\"https:\/\/noticiasemdestaque.com\/cd\/?p=45745#article\",\"isPartOf\":{\"@id\":\"https:\/\/noticiasemdestaque.com\/cd\/?p=45745\"},\"author\":{\"name\":\"Not\u00edcias em Destaque\",\"@id\":\"https:\/\/noticiasemdestaque.com\/cd\/#\/schema\/person\/47f7d4f55eec17c6b2ca036c5500f6ce\"},\"headline\":\"Caminh\u00e3o da Energisa chega em S\u00e3o Jos\u00e9 dos Cordeiros para oferecer servi\u00e7os gratuitos\",\"datePublished\":\"2023-01-23T13:22:27+00:00\",\"mainEntityOfPage\":{\"@id\":\"https:\/\/noticiasemdestaque.com\/cd\/?p=45745\"},\"wordCount\":164,\"publisher\":{\"@id\":\"https:\/\/noticiasemdestaque.com\/cd\/#organization\"},\"image\":{\"@id\":\"https:\/\/noticiasemdestaque.com\/cd\/?p=45745#primaryimage\"},\"thumbnailUrl\":\"https:\/\/noticiasemdestaque.com\/cd\/wp-content\/uploads\/2023\/01\/WhatsApp-Image-2023-01-23-at-10.18.07.jpeg\",\"articleSection\":[\"Cidades\"],\"inLanguage\":\"pt-BR\"},{\"@type\":\"WebPage\",\"@id\":\"https:\/\/noticiasemdestaque.com\/cd\/?p=45745\",\"url\":\"https:\/\/noticiasemdestaque.com\/cd\/?p=45745\",\"name\":\"Caminh\u00e3o da Energisa chega em S\u00e3o Jos\u00e9 dos Cordeiros para oferecer servi\u00e7os gratuitos - Not&iacute;cias em Destaque\",\"isPartOf\":{\"@id\":\"https:\/\/noticiasemdestaque.com\/cd\/#website\"},\"primaryImageOfPage\":{\"@id\":\"https:\/\/noticiasemdestaque.com\/cd\/?p=45745#primaryimage\"},\"image\":{\"@id\":\"https:\/\/noticiasemdestaque.com\/cd\/?p=45745#primaryimage\"},\"thumbnailUrl\":\"https:\/\/noticiasemdestaque.com\/cd\/wp-content\/uploads\/2023\/01\/WhatsApp-Image-2023-01-23-at-10.18.07.jpeg\",\"datePublished\":\"2023-01-23T13:22:27+00:00\",\"breadcrumb\":{\"@id\":\"https:\/\/noticiasemdestaque.com\/cd\/?p=45745#breadcrumb\"},\"inLanguage\":\"pt-BR\",\"potentialAction\":[{\"@type\":\"ReadAction\",\"target\":[\"https:\/\/noticiasemdestaque.com\/cd\/?p=45745\"]}]},{\"@type\":\"ImageObject\",\"inLanguage\":\"pt-BR\",\"@id\":\"https:\/\/noticiasemdestaque.com\/cd\/?p=45745#primaryimage\",\"url\":\"https:\/\/noticiasemdestaque.com\/cd\/wp-content\/uploads\/2023\/01\/WhatsApp-Image-2023-01-23-at-10.18.07.jpeg\",\"contentUrl\":\"https:\/\/noticiasemdestaque.com\/cd\/wp-content\/uploads\/2023\/01\/WhatsApp-Image-2023-01-23-at-10.18.07.jpeg\",\"width\":1080,\"height\":1080},{\"@type\":\"BreadcrumbList\",\"@id\":\"https:\/\/noticiasemdestaque.com\/cd\/?p=45745#breadcrumb\",\"itemListElement\":[{\"@type\":\"ListItem\",\"position\":1,\"name\":\"In\u00edcio\",\"item\":\"https:\/\/noticiasemdestaque.com\/cd\/\"},{\"@type\":\"ListItem\",\"position\":2,\"name\":\"Caminh\u00e3o da Energisa chega em S\u00e3o Jos\u00e9 dos Cordeiros para oferecer servi\u00e7os gratuitos\"}]},{\"@type\":\"WebSite\",\"@id\":\"https:\/\/noticiasemdestaque.com\/cd\/#website\",\"url\":\"https:\/\/noticiasemdestaque.com\/cd\/\",\"name\":\"Not&iacute;cias em Destaque\",\"description\":\"\",\"publisher\":{\"@id\":\"https:\/\/noticiasemdestaque.com\/cd\/#organization\"},\"potentialAction\":[{\"@type\":\"SearchAction\",\"target\":{\"@type\":\"EntryPoint\",\"urlTemplate\":\"https:\/\/noticiasemdestaque.com\/cd\/?s={search_term_string}\"},\"query-input\":{\"@type\":\"PropertyValueSpecification\",\"valueRequired\":true,\"valueName\":\"search_term_string\"}}],\"inLanguage\":\"pt-BR\"},{\"@type\":\"Organization\",\"@id\":\"https:\/\/noticiasemdestaque.com\/cd\/#organization\",\"name\":\"Not\u00edcias em Destaque\",\"url\":\"https:\/\/noticiasemdestaque.com\/cd\/\",\"logo\":{\"@type\":\"ImageObject\",\"inLanguage\":\"pt-BR\",\"@id\":\"https:\/\/noticiasemdestaque.com\/cd\/#\/schema\/logo\/image\/\",\"url\":\"https:\/\/noticiasemdestaque.com\/cd\/wp-content\/uploads\/2022\/05\/imagem-base-noticiasemdestaque.png\",\"contentUrl\":\"https:\/\/noticiasemdestaque.com\/cd\/wp-content\/uploads\/2022\/05\/imagem-base-noticiasemdestaque.png\",\"width\":1200,\"height\":630,\"caption\":\"Not\u00edcias em Destaque\"},\"image\":{\"@id\":\"https:\/\/noticiasemdestaque.com\/cd\/#\/schema\/logo\/image\/\"}},{\"@type\":\"Person\",\"@id\":\"https:\/\/noticiasemdestaque.com\/cd\/#\/schema\/person\/47f7d4f55eec17c6b2ca036c5500f6ce\",\"name\":\"Not\u00edcias em Destaque\",\"url\":\"https:\/\/noticiasemdestaque.com\/cd\/?author=2\"}]}<\/script>\n<!-- \/ Yoast SEO plugin. -->","yoast_head_json":{"title":"Caminh\u00e3o da Energisa chega em S\u00e3o Jos\u00e9 dos Cordeiros para oferecer servi\u00e7os gratuitos - Not&iacute;cias em Destaque","robots":{"index":"index","follow":"follow","max-snippet":"max-snippet:-1","max-image-preview":"max-image-preview:large","max-video-preview":"max-video-preview:-1"},"canonical":"https:\/\/noticiasemdestaque.com\/cd\/?p=45745","og_locale":"pt_BR","og_type":"article","og_title":"Caminh\u00e3o da Energisa chega em S\u00e3o Jos\u00e9 dos Cordeiros para oferecer servi\u00e7os gratuitos - Not&iacute;cias em Destaque","og_description":"A companhia el\u00e9trica Energisa em parceria com a prefeitura de S\u00e3o Jos\u00e9 dos Cordeiros, chega \u00e0 cidade para oferecer, gratuitamente, servi\u00e7os como troca de l\u00e2mpadas incandescentes ou florescentes pelas de LED (mais econ\u00f4micas), palestras, dicas de economia para o consumo, al\u00e9m do cadastro \u201cbaixa renda\u201d para reduzir a conta de energia. O caminh\u00e3o da empresa estar\u00e1 localizando na pra\u00e7a central pr\u00f3ximo \u00e0 sede da prefeitura Municipal. Para os interessados nas atividades, os dias de atendimento ser\u00e1 dias 23 e 24, no hor\u00e1rio das 08h \u00e0s 17h. Para receber as orienta\u00e7\u00f5es, \u00e9 importante que os Cordeirenses estejam munidos dos seus documentos principais, inclusive o N\u00famero de Identifica\u00e7\u00e3o Social (NIS). Na ter\u00e7a-feira (24), haver\u00e1 uma sess\u00e3o de cinema com pipoca, algod\u00e3o-doce e sorteio de brindes. A previs\u00e3o \u00e9 que a sess\u00e3o comece \u00e0s 17h. Noticias em Destaque Com Ascom","og_url":"https:\/\/noticiasemdestaque.com\/cd\/?p=45745","og_site_name":"Not&iacute;cias em Destaque","article_published_time":"2023-01-23T13:22:27+00:00","og_image":[{"width":1080,"height":1080,"url":"https:\/\/noticiasemdestaque.com\/cd\/wp-content\/uploads\/2023\/01\/WhatsApp-Image-2023-01-23-at-10.18.07.jpeg","type":"image\/jpeg"}],"author":"Not\u00edcias em Destaque","twitter_card":"summary_large_image","twitter_misc":{"Escrito por":"Not\u00edcias em Destaque","Est. tempo de leitura":"1 minuto"},"schema":{"@context":"https:\/\/schema.org","@graph":[{"@type":"Article","@id":"https:\/\/noticiasemdestaque.com\/cd\/?p=45745#article","isPartOf":{"@id":"https:\/\/noticiasemdestaque.com\/cd\/?p=45745"},"author":{"name":"Not\u00edcias em Destaque","@id":"https:\/\/noticiasemdestaque.com\/cd\/#\/schema\/person\/47f7d4f55eec17c6b2ca036c5500f6ce"},"headline":"Caminh\u00e3o da Energisa chega em S\u00e3o Jos\u00e9 dos Cordeiros para oferecer servi\u00e7os gratuitos","datePublished":"2023-01-23T13:22:27+00:00","mainEntityOfPage":{"@id":"https:\/\/noticiasemdestaque.com\/cd\/?p=45745"},"wordCount":164,"publisher":{"@id":"https:\/\/noticiasemdestaque.com\/cd\/#organization"},"image":{"@id":"https:\/\/noticiasemdestaque.com\/cd\/?p=45745#primaryimage"},"thumbnailUrl":"https:\/\/noticiasemdestaque.com\/cd\/wp-content\/uploads\/2023\/01\/WhatsApp-Image-2023-01-23-at-10.18.07.jpeg","articleSection":["Cidades"],"inLanguage":"pt-BR"},{"@type":"WebPage","@id":"https:\/\/noticiasemdestaque.com\/cd\/?p=45745","url":"https:\/\/noticiasemdestaque.com\/cd\/?p=45745","name":"Caminh\u00e3o da Energisa chega em S\u00e3o Jos\u00e9 dos Cordeiros para oferecer servi\u00e7os gratuitos - Not&iacute;cias em Destaque","isPartOf":{"@id":"https:\/\/noticiasemdestaque.com\/cd\/#website"},"primaryImageOfPage":{"@id":"https:\/\/noticiasemdestaque.com\/cd\/?p=45745#primaryimage"},"image":{"@id":"https:\/\/noticiasemdestaque.com\/cd\/?p=45745#primaryimage"},"thumbnailUrl":"https:\/\/noticiasemdestaque.com\/cd\/wp-content\/uploads\/2023\/01\/WhatsApp-Image-2023-01-23-at-10.18.07.jpeg","datePublished":"2023-01-23T13:22:27+00:00","breadcrumb":{"@id":"https:\/\/noticiasemdestaque.com\/cd\/?p=45745#breadcrumb"},"inLanguage":"pt-BR","potentialAction":[{"@type":"ReadAction","target":["https:\/\/noticiasemdestaque.com\/cd\/?p=45745"]}]},{"@type":"ImageObject","inLanguage":"pt-BR","@id":"https:\/\/noticiasemdestaque.com\/cd\/?p=45745#primaryimage","url":"https:\/\/noticiasemdestaque.com\/cd\/wp-content\/uploads\/2023\/01\/WhatsApp-Image-2023-01-23-at-10.18.07.jpeg","contentUrl":"https:\/\/noticiasemdestaque.com\/cd\/wp-content\/uploads\/2023\/01\/WhatsApp-Image-2023-01-23-at-10.18.07.jpeg","width":1080,"height":1080},{"@type":"BreadcrumbList","@id":"https:\/\/noticiasemdestaque.com\/cd\/?p=45745#breadcrumb","itemListElement":[{"@type":"ListItem","position":1,"name":"In\u00edcio","item":"https:\/\/noticiasemdestaque.com\/cd\/"},{"@type":"ListItem","position":2,"name":"Caminh\u00e3o da Energisa chega em S\u00e3o Jos\u00e9 dos Cordeiros para oferecer servi\u00e7os gratuitos"}]},{"@type":"WebSite","@id":"https:\/\/noticiasemdestaque.com\/cd\/#website","url":"https:\/\/noticiasemdestaque.com\/cd\/","name":"Not&iacute;cias em Destaque","description":"","publisher":{"@id":"https:\/\/noticiasemdestaque.com\/cd\/#organization"},"potentialAction":[{"@type":"SearchAction","target":{"@type":"EntryPoint","urlTemplate":"https:\/\/noticiasemdestaque.com\/cd\/?s={search_term_string}"},"query-input":{"@type":"PropertyValueSpecification","valueRequired":true,"valueName":"search_term_string"}}],"inLanguage":"pt-BR"},{"@type":"Organization","@id":"https:\/\/noticiasemdestaque.com\/cd\/#organization","name":"Not\u00edcias em Destaque","url":"https:\/\/noticiasemdestaque.com\/cd\/","logo":{"@type":"ImageObject","inLanguage":"pt-BR","@id":"https:\/\/noticiasemdestaque.com\/cd\/#\/schema\/logo\/image\/","url":"https:\/\/noticiasemdestaque.com\/cd\/wp-content\/uploads\/2022\/05\/imagem-base-noticiasemdestaque.png","contentUrl":"https:\/\/noticiasemdestaque.com\/cd\/wp-content\/uploads\/2022\/05\/imagem-base-noticiasemdestaque.png","width":1200,"height":630,"caption":"Not\u00edcias em Destaque"},"image":{"@id":"https:\/\/noticiasemdestaque.com\/cd\/#\/schema\/logo\/image\/"}},{"@type":"Person","@id":"https:\/\/noticiasemdestaque.com\/cd\/#\/schema\/person\/47f7d4f55eec17c6b2ca036c5500f6ce","name":"Not\u00edcias em Destaque","url":"https:\/\/noticiasemdestaque.com\/cd\/?author=2"}]}},"jetpack_featured_media_url":"https:\/\/noticiasemdestaque.com\/cd\/wp-content\/uploads\/2023\/01\/WhatsApp-Image-2023-01-23-at-10.18.07.jpeg","jetpack_sharing_enabled":true,"_links":{"self":[{"href":"https:\/\/noticiasemdestaque.com\/cd\/index.php?rest_route=\/wp\/v2\/posts\/45745","targetHints":{"allow":["GET"]}}],"collection":[{"href":"https:\/\/noticiasemdestaque.com\/cd\/index.php?rest_route=\/wp\/v2\/posts"}],"about":[{"href":"https:\/\/noticiasemdestaque.com\/cd\/index.php?rest_route=\/wp\/v2\/types\/post"}],"author":[{"embeddable":true,"href":"https:\/\/noticiasemdestaque.com\/cd\/index.php?rest_route=\/wp\/v2\/users\/2"}],"replies":[{"embeddable":true,"href":"https:\/\/noticiasemdestaque.com\/cd\/index.php?rest_route=%2Fwp%2Fv2%2Fcomments&post=45745"}],"version-history":[{"count":1,"href":"https:\/\/noticiasemdestaque.com\/cd\/index.php?rest_route=\/wp\/v2\/posts\/45745\/revisions"}],"predecessor-version":[{"id":45747,"href":"https:\/\/noticiasemdestaque.com\/cd\/index.php?rest_route=\/wp\/v2\/posts\/45745\/revisions\/45747"}],"wp:featuredmedia":[{"embeddable":true,"href":"https:\/\/noticiasemdestaque.com\/cd\/index.php?rest_route=\/wp\/v2\/media\/45746"}],"wp:attachment":[{"href":"https:\/\/noticiasemdestaque.com\/cd\/index.php?rest_route=%2Fwp%2Fv2%2Fmedia&parent=45745"}],"wp:term":[{"taxonomy":"category","embeddable":true,"href":"https:\/\/noticiasemdestaque.com\/cd\/index.php?rest_route=%2Fwp%2Fv2%2Fcategories&post=45745"},{"taxonomy":"post_tag","embeddable":true,"href":"https:\/\/noticiasemdestaque.com\/cd\/index.php?rest_route=%2Fwp%2Fv2%2Ftags&post=45745"}],"curies":[{"name":"wp","href":"https:\/\/api.w.org\/{rel}","templated":true}]}}