{"id":45734,"date":"2023-01-23T08:53:26","date_gmt":"2023-01-23T11:53:26","guid":{"rendered":"https:\/\/noticiasemdestaque.com\/cd\/?p=45734"},"modified":"2023-01-23T08:53:26","modified_gmt":"2023-01-23T11:53:26","slug":"mestrado-profissional-em-gestao-e-regulacao-de-recursos-hidricos-prorroga-inscricoes-para-selecao-ate-3-de-fevereiro","status":"publish","type":"post","link":"https:\/\/noticiasemdestaque.com\/cd\/?p=45734","title":{"rendered":"Mestrado Profissional em Gest\u00e3o e Regula\u00e7\u00e3o de Recursos H\u00eddricos prorroga inscri\u00e7\u00f5es para sele\u00e7\u00e3o at\u00e9 3 de fevereiro"},"content":{"rendered":"<p>O prazo de inscri\u00e7\u00e3o no processo seletivo da nova turma do Mestrado Profissional em Rede Nacional em Gest\u00e3o e Regula\u00e7\u00e3o de Recursos H\u00eddricos (Prof\u00c1gua) foi prorrogado at\u00e9 o pr\u00f3ximo dia 3 de fevereiro. S\u00e3o oferecidas 250 vagas em 14 institui\u00e7\u00f5es de ensino, sendo 20 vagas no Centro de Desenvolvimento Sustent\u00e1vel do Semi\u00e1rido (CDSA) da Universidade Federal de Campina Grande (UFCG), campus Sum\u00e9.<\/p>\n<p><strong>O curso<\/strong><\/p>\n<p>O Prof\u00c1gua visa proporcionar uma forma\u00e7\u00e3o te\u00f3rica e pr\u00e1tica aos profissionais e pesquisadores da \u00e1rea de recursos h\u00eddricos, aprimorando suas compet\u00eancias pessoais e profissionais, com o intuito de melhor qualific\u00e1-los para lidar com os problemas associados \u00e0s quest\u00f5es mais complexas da gest\u00e3o e regula\u00e7\u00e3o das \u00e1guas no pa\u00eds. \u00c9 um curso presencial, com utiliza\u00e7\u00e3o de tecnologias de informa\u00e7\u00e3o e comunica\u00e7\u00e3o aplicadas \u00e0 Educa\u00e7\u00e3o a Dist\u00e2ncia (EaD) e Ensino Remoto (ER), para o desenvolvimento de parte das atividades acad\u00eamicas.<\/p>\n<p>Os candidatos que forem aprovados no processo seletivo ser\u00e3o regularmente matriculados no PROF\u00c1GUA em cada Institui\u00e7\u00e3o de Ensino Superior Associada previamente escolhida e far\u00e3o parte do corpo discente da p\u00f3s-gradua\u00e7\u00e3o dessa IES. \u00c0 essa institui\u00e7\u00e3o cabe, entre outras atribui\u00e7\u00f5es, a administra\u00e7\u00e3o do curso e a emiss\u00e3o do Diploma de Mestre em Gest\u00e3o e Regula\u00e7\u00e3o de Recursos H\u00eddricos, uma vez cumpridos todos os requisitos para conclus\u00e3o do curso.<\/p>\n<p>O curso dever\u00e1 ser integralizado no prazo m\u00e1ximo de 24 meses, para obten\u00e7\u00e3o do t\u00edtulo de Mestre em Gest\u00e3o e Regula\u00e7\u00e3o de Recursos H\u00eddricos.<\/p>\n<p>Leia\u00a0<a href=\"https:\/\/sistemas.unesp.br\/posgraduacao\/publico\/inscricao.visualizarEdital.action?id_edital=5740235\" target=\"_blank\" rel=\"noopener noreferrer\">aqui<\/a>\u00a0o edital.<\/p>\n<p>Para inscrever-se, clique\u00a0<a href=\"https:\/\/www.feis.unesp.br\/#!\/pos-graduacao\/profagua\/processo-seletivo5930\/2023\/\" target=\"_blank\" rel=\"noopener noreferrer\">aqui<\/a>.<\/p>\n<p><strong>Noticias em Destaque<\/strong><\/p>\n<p style=\"text-align: right;\"><em>Fonte: Assimp CDSA\/UFCG<\/em><\/p>\n","protected":false},"excerpt":{"rendered":"<p>O prazo de inscri\u00e7\u00e3o no processo seletivo da nova turma do Mestrado Profissional em Rede Nacional em Gest\u00e3o e Regula\u00e7\u00e3o de Recursos H\u00eddricos (Prof\u00c1gua) foi prorrogado at\u00e9 o pr\u00f3ximo dia 3 de fevereiro. S\u00e3o oferecidas 250 vagas em 14 institui\u00e7\u00f5es de ensino, sendo 20 vagas no Centro de Desenvolvimento Sustent\u00e1vel do Semi\u00e1rido (CDSA) da Universidade Federal de Campina Grande (UFCG), campus Sum\u00e9. O curso O Prof\u00c1gua visa proporcionar uma forma\u00e7\u00e3o te\u00f3rica e pr\u00e1tica aos profissionais e pesquisadores da \u00e1rea de recursos h\u00eddricos, aprimorando suas compet\u00eancias pessoais e profissionais, com o intuito de melhor qualific\u00e1-los para lidar com os problemas associados \u00e0s quest\u00f5es mais complexas da gest\u00e3o e regula\u00e7\u00e3o das \u00e1guas no pa\u00eds. \u00c9 um curso presencial, com utiliza\u00e7\u00e3o de tecnologias de informa\u00e7\u00e3o e comunica\u00e7\u00e3o aplicadas \u00e0 Educa\u00e7\u00e3o a Dist\u00e2ncia (EaD) e Ensino Remoto (ER), para o desenvolvimento de parte das atividades acad\u00eamicas. Os candidatos que forem aprovados no processo seletivo ser\u00e3o regularmente matriculados no PROF\u00c1GUA em cada Institui\u00e7\u00e3o de Ensino Superior Associada previamente escolhida e far\u00e3o parte do corpo discente da p\u00f3s-gradua\u00e7\u00e3o dessa IES. \u00c0 essa institui\u00e7\u00e3o cabe, entre outras atribui\u00e7\u00f5es, a administra\u00e7\u00e3o do curso e a emiss\u00e3o do Diploma de Mestre em Gest\u00e3o e Regula\u00e7\u00e3o de Recursos H\u00eddricos, uma vez cumpridos todos os requisitos para conclus\u00e3o do curso. O curso dever\u00e1 ser integralizado no prazo m\u00e1ximo de 24 meses, para obten\u00e7\u00e3o do t\u00edtulo de Mestre em Gest\u00e3o e Regula\u00e7\u00e3o de Recursos H\u00eddricos. Leia\u00a0aqui\u00a0o edital. Para inscrever-se, clique\u00a0aqui. Noticias em Destaque Fonte: Assimp CDSA\/UFCG<\/p>\n","protected":false},"author":2,"featured_media":45735,"comment_status":"closed","ping_status":"open","sticky":false,"template":"","format":"standard","meta":{"_eb_attr":"","_jetpack_memberships_contains_paid_content":false,"footnotes":""},"categories":[6],"tags":[],"class_list":["post-45734","post","type-post","status-publish","format-standard","has-post-thumbnail","hentry","category-educacao"],"yoast_head":"<!-- This site is optimized with the Yoast SEO plugin v26.5 - https:\/\/yoast.com\/wordpress\/plugins\/seo\/ -->\n<title>Mestrado Profissional em Gest\u00e3o e Regula\u00e7\u00e3o de Recursos H\u00eddricos prorroga inscri\u00e7\u00f5es para sele\u00e7\u00e3o at\u00e9 3 de fevereiro - Not&iacute;cias em Destaque<\/title>\n<meta name=\"robots\" content=\"index, follow, max-snippet:-1, max-image-preview:large, max-video-preview:-1\" \/>\n<link rel=\"canonical\" href=\"https:\/\/noticiasemdestaque.com\/cd\/?p=45734\" \/>\n<meta property=\"og:locale\" content=\"pt_BR\" \/>\n<meta property=\"og:type\" content=\"article\" \/>\n<meta property=\"og:title\" content=\"Mestrado Profissional em Gest\u00e3o e Regula\u00e7\u00e3o de Recursos H\u00eddricos prorroga inscri\u00e7\u00f5es para sele\u00e7\u00e3o at\u00e9 3 de fevereiro - Not&iacute;cias em Destaque\" \/>\n<meta property=\"og:description\" content=\"O prazo de inscri\u00e7\u00e3o no processo seletivo da nova turma do Mestrado Profissional em Rede Nacional em Gest\u00e3o e Regula\u00e7\u00e3o de Recursos H\u00eddricos (Prof\u00c1gua) foi prorrogado at\u00e9 o pr\u00f3ximo dia 3 de fevereiro. S\u00e3o oferecidas 250 vagas em 14 institui\u00e7\u00f5es de ensino, sendo 20 vagas no Centro de Desenvolvimento Sustent\u00e1vel do Semi\u00e1rido (CDSA) da Universidade Federal de Campina Grande (UFCG), campus Sum\u00e9. O curso O Prof\u00c1gua visa proporcionar uma forma\u00e7\u00e3o te\u00f3rica e pr\u00e1tica aos profissionais e pesquisadores da \u00e1rea de recursos h\u00eddricos, aprimorando suas compet\u00eancias pessoais e profissionais, com o intuito de melhor qualific\u00e1-los para lidar com os problemas associados \u00e0s quest\u00f5es mais complexas da gest\u00e3o e regula\u00e7\u00e3o das \u00e1guas no pa\u00eds. \u00c9 um curso presencial, com utiliza\u00e7\u00e3o de tecnologias de informa\u00e7\u00e3o e comunica\u00e7\u00e3o aplicadas \u00e0 Educa\u00e7\u00e3o a Dist\u00e2ncia (EaD) e Ensino Remoto (ER), para o desenvolvimento de parte das atividades acad\u00eamicas. Os candidatos que forem aprovados no processo seletivo ser\u00e3o regularmente matriculados no PROF\u00c1GUA em cada Institui\u00e7\u00e3o de Ensino Superior Associada previamente escolhida e far\u00e3o parte do corpo discente da p\u00f3s-gradua\u00e7\u00e3o dessa IES. \u00c0 essa institui\u00e7\u00e3o cabe, entre outras atribui\u00e7\u00f5es, a administra\u00e7\u00e3o do curso e a emiss\u00e3o do Diploma de Mestre em Gest\u00e3o e Regula\u00e7\u00e3o de Recursos H\u00eddricos, uma vez cumpridos todos os requisitos para conclus\u00e3o do curso. O curso dever\u00e1 ser integralizado no prazo m\u00e1ximo de 24 meses, para obten\u00e7\u00e3o do t\u00edtulo de Mestre em Gest\u00e3o e Regula\u00e7\u00e3o de Recursos H\u00eddricos. Leia\u00a0aqui\u00a0o edital. Para inscrever-se, clique\u00a0aqui. Noticias em Destaque Fonte: Assimp CDSA\/UFCG\" \/>\n<meta property=\"og:url\" content=\"https:\/\/noticiasemdestaque.com\/cd\/?p=45734\" \/>\n<meta property=\"og:site_name\" content=\"Not&iacute;cias em Destaque\" \/>\n<meta property=\"article:published_time\" content=\"2023-01-23T11:53:26+00:00\" \/>\n<meta property=\"og:image\" content=\"https:\/\/noticiasemdestaque.com\/cd\/wp-content\/uploads\/2023\/01\/recursos-hidricos.jpeg\" \/>\n\t<meta property=\"og:image:width\" content=\"1080\" \/>\n\t<meta property=\"og:image:height\" content=\"1080\" \/>\n\t<meta property=\"og:image:type\" content=\"image\/jpeg\" \/>\n<meta name=\"author\" content=\"Not\u00edcias em Destaque\" \/>\n<meta name=\"twitter:card\" content=\"summary_large_image\" \/>\n<meta name=\"twitter:label1\" content=\"Escrito por\" \/>\n\t<meta name=\"twitter:data1\" content=\"Not\u00edcias em Destaque\" \/>\n\t<meta name=\"twitter:label2\" content=\"Est. tempo de leitura\" \/>\n\t<meta name=\"twitter:data2\" content=\"2 minutos\" \/>\n<script type=\"application\/ld+json\" class=\"yoast-schema-graph\">{\"@context\":\"https:\/\/schema.org\",\"@graph\":[{\"@type\":\"Article\",\"@id\":\"https:\/\/noticiasemdestaque.com\/cd\/?p=45734#article\",\"isPartOf\":{\"@id\":\"https:\/\/noticiasemdestaque.com\/cd\/?p=45734\"},\"author\":{\"name\":\"Not\u00edcias em Destaque\",\"@id\":\"https:\/\/noticiasemdestaque.com\/cd\/#\/schema\/person\/47f7d4f55eec17c6b2ca036c5500f6ce\"},\"headline\":\"Mestrado Profissional em Gest\u00e3o e Regula\u00e7\u00e3o de Recursos H\u00eddricos prorroga inscri\u00e7\u00f5es para sele\u00e7\u00e3o at\u00e9 3 de fevereiro\",\"datePublished\":\"2023-01-23T11:53:26+00:00\",\"mainEntityOfPage\":{\"@id\":\"https:\/\/noticiasemdestaque.com\/cd\/?p=45734\"},\"wordCount\":308,\"publisher\":{\"@id\":\"https:\/\/noticiasemdestaque.com\/cd\/#organization\"},\"image\":{\"@id\":\"https:\/\/noticiasemdestaque.com\/cd\/?p=45734#primaryimage\"},\"thumbnailUrl\":\"https:\/\/noticiasemdestaque.com\/cd\/wp-content\/uploads\/2023\/01\/recursos-hidricos.jpeg\",\"articleSection\":[\"Educa\u00e7\u00e3o\"],\"inLanguage\":\"pt-BR\"},{\"@type\":\"WebPage\",\"@id\":\"https:\/\/noticiasemdestaque.com\/cd\/?p=45734\",\"url\":\"https:\/\/noticiasemdestaque.com\/cd\/?p=45734\",\"name\":\"Mestrado Profissional em Gest\u00e3o e Regula\u00e7\u00e3o de Recursos H\u00eddricos prorroga inscri\u00e7\u00f5es para sele\u00e7\u00e3o at\u00e9 3 de fevereiro - Not&iacute;cias em Destaque\",\"isPartOf\":{\"@id\":\"https:\/\/noticiasemdestaque.com\/cd\/#website\"},\"primaryImageOfPage\":{\"@id\":\"https:\/\/noticiasemdestaque.com\/cd\/?p=45734#primaryimage\"},\"image\":{\"@id\":\"https:\/\/noticiasemdestaque.com\/cd\/?p=45734#primaryimage\"},\"thumbnailUrl\":\"https:\/\/noticiasemdestaque.com\/cd\/wp-content\/uploads\/2023\/01\/recursos-hidricos.jpeg\",\"datePublished\":\"2023-01-23T11:53:26+00:00\",\"breadcrumb\":{\"@id\":\"https:\/\/noticiasemdestaque.com\/cd\/?p=45734#breadcrumb\"},\"inLanguage\":\"pt-BR\",\"potentialAction\":[{\"@type\":\"ReadAction\",\"target\":[\"https:\/\/noticiasemdestaque.com\/cd\/?p=45734\"]}]},{\"@type\":\"ImageObject\",\"inLanguage\":\"pt-BR\",\"@id\":\"https:\/\/noticiasemdestaque.com\/cd\/?p=45734#primaryimage\",\"url\":\"https:\/\/noticiasemdestaque.com\/cd\/wp-content\/uploads\/2023\/01\/recursos-hidricos.jpeg\",\"contentUrl\":\"https:\/\/noticiasemdestaque.com\/cd\/wp-content\/uploads\/2023\/01\/recursos-hidricos.jpeg\",\"width\":1080,\"height\":1080},{\"@type\":\"BreadcrumbList\",\"@id\":\"https:\/\/noticiasemdestaque.com\/cd\/?p=45734#breadcrumb\",\"itemListElement\":[{\"@type\":\"ListItem\",\"position\":1,\"name\":\"In\u00edcio\",\"item\":\"https:\/\/noticiasemdestaque.com\/cd\/\"},{\"@type\":\"ListItem\",\"position\":2,\"name\":\"Mestrado Profissional em Gest\u00e3o e Regula\u00e7\u00e3o de Recursos H\u00eddricos prorroga inscri\u00e7\u00f5es para sele\u00e7\u00e3o at\u00e9 3 de fevereiro\"}]},{\"@type\":\"WebSite\",\"@id\":\"https:\/\/noticiasemdestaque.com\/cd\/#website\",\"url\":\"https:\/\/noticiasemdestaque.com\/cd\/\",\"name\":\"Not&iacute;cias em Destaque\",\"description\":\"\",\"publisher\":{\"@id\":\"https:\/\/noticiasemdestaque.com\/cd\/#organization\"},\"potentialAction\":[{\"@type\":\"SearchAction\",\"target\":{\"@type\":\"EntryPoint\",\"urlTemplate\":\"https:\/\/noticiasemdestaque.com\/cd\/?s={search_term_string}\"},\"query-input\":{\"@type\":\"PropertyValueSpecification\",\"valueRequired\":true,\"valueName\":\"search_term_string\"}}],\"inLanguage\":\"pt-BR\"},{\"@type\":\"Organization\",\"@id\":\"https:\/\/noticiasemdestaque.com\/cd\/#organization\",\"name\":\"Not\u00edcias em Destaque\",\"url\":\"https:\/\/noticiasemdestaque.com\/cd\/\",\"logo\":{\"@type\":\"ImageObject\",\"inLanguage\":\"pt-BR\",\"@id\":\"https:\/\/noticiasemdestaque.com\/cd\/#\/schema\/logo\/image\/\",\"url\":\"https:\/\/noticiasemdestaque.com\/cd\/wp-content\/uploads\/2022\/05\/imagem-base-noticiasemdestaque.png\",\"contentUrl\":\"https:\/\/noticiasemdestaque.com\/cd\/wp-content\/uploads\/2022\/05\/imagem-base-noticiasemdestaque.png\",\"width\":1200,\"height\":630,\"caption\":\"Not\u00edcias em Destaque\"},\"image\":{\"@id\":\"https:\/\/noticiasemdestaque.com\/cd\/#\/schema\/logo\/image\/\"}},{\"@type\":\"Person\",\"@id\":\"https:\/\/noticiasemdestaque.com\/cd\/#\/schema\/person\/47f7d4f55eec17c6b2ca036c5500f6ce\",\"name\":\"Not\u00edcias em Destaque\",\"url\":\"https:\/\/noticiasemdestaque.com\/cd\/?author=2\"}]}<\/script>\n<!-- \/ Yoast SEO plugin. -->","yoast_head_json":{"title":"Mestrado Profissional em Gest\u00e3o e Regula\u00e7\u00e3o de Recursos H\u00eddricos prorroga inscri\u00e7\u00f5es para sele\u00e7\u00e3o at\u00e9 3 de fevereiro - Not&iacute;cias em Destaque","robots":{"index":"index","follow":"follow","max-snippet":"max-snippet:-1","max-image-preview":"max-image-preview:large","max-video-preview":"max-video-preview:-1"},"canonical":"https:\/\/noticiasemdestaque.com\/cd\/?p=45734","og_locale":"pt_BR","og_type":"article","og_title":"Mestrado Profissional em Gest\u00e3o e Regula\u00e7\u00e3o de Recursos H\u00eddricos prorroga inscri\u00e7\u00f5es para sele\u00e7\u00e3o at\u00e9 3 de fevereiro - Not&iacute;cias em Destaque","og_description":"O prazo de inscri\u00e7\u00e3o no processo seletivo da nova turma do Mestrado Profissional em Rede Nacional em Gest\u00e3o e Regula\u00e7\u00e3o de Recursos H\u00eddricos (Prof\u00c1gua) foi prorrogado at\u00e9 o pr\u00f3ximo dia 3 de fevereiro. S\u00e3o oferecidas 250 vagas em 14 institui\u00e7\u00f5es de ensino, sendo 20 vagas no Centro de Desenvolvimento Sustent\u00e1vel do Semi\u00e1rido (CDSA) da Universidade Federal de Campina Grande (UFCG), campus Sum\u00e9. O curso O Prof\u00c1gua visa proporcionar uma forma\u00e7\u00e3o te\u00f3rica e pr\u00e1tica aos profissionais e pesquisadores da \u00e1rea de recursos h\u00eddricos, aprimorando suas compet\u00eancias pessoais e profissionais, com o intuito de melhor qualific\u00e1-los para lidar com os problemas associados \u00e0s quest\u00f5es mais complexas da gest\u00e3o e regula\u00e7\u00e3o das \u00e1guas no pa\u00eds. \u00c9 um curso presencial, com utiliza\u00e7\u00e3o de tecnologias de informa\u00e7\u00e3o e comunica\u00e7\u00e3o aplicadas \u00e0 Educa\u00e7\u00e3o a Dist\u00e2ncia (EaD) e Ensino Remoto (ER), para o desenvolvimento de parte das atividades acad\u00eamicas. Os candidatos que forem aprovados no processo seletivo ser\u00e3o regularmente matriculados no PROF\u00c1GUA em cada Institui\u00e7\u00e3o de Ensino Superior Associada previamente escolhida e far\u00e3o parte do corpo discente da p\u00f3s-gradua\u00e7\u00e3o dessa IES. \u00c0 essa institui\u00e7\u00e3o cabe, entre outras atribui\u00e7\u00f5es, a administra\u00e7\u00e3o do curso e a emiss\u00e3o do Diploma de Mestre em Gest\u00e3o e Regula\u00e7\u00e3o de Recursos H\u00eddricos, uma vez cumpridos todos os requisitos para conclus\u00e3o do curso. O curso dever\u00e1 ser integralizado no prazo m\u00e1ximo de 24 meses, para obten\u00e7\u00e3o do t\u00edtulo de Mestre em Gest\u00e3o e Regula\u00e7\u00e3o de Recursos H\u00eddricos. Leia\u00a0aqui\u00a0o edital. Para inscrever-se, clique\u00a0aqui. Noticias em Destaque Fonte: Assimp CDSA\/UFCG","og_url":"https:\/\/noticiasemdestaque.com\/cd\/?p=45734","og_site_name":"Not&iacute;cias em Destaque","article_published_time":"2023-01-23T11:53:26+00:00","og_image":[{"width":1080,"height":1080,"url":"https:\/\/noticiasemdestaque.com\/cd\/wp-content\/uploads\/2023\/01\/recursos-hidricos.jpeg","type":"image\/jpeg"}],"author":"Not\u00edcias em Destaque","twitter_card":"summary_large_image","twitter_misc":{"Escrito por":"Not\u00edcias em Destaque","Est. tempo de leitura":"2 minutos"},"schema":{"@context":"https:\/\/schema.org","@graph":[{"@type":"Article","@id":"https:\/\/noticiasemdestaque.com\/cd\/?p=45734#article","isPartOf":{"@id":"https:\/\/noticiasemdestaque.com\/cd\/?p=45734"},"author":{"name":"Not\u00edcias em Destaque","@id":"https:\/\/noticiasemdestaque.com\/cd\/#\/schema\/person\/47f7d4f55eec17c6b2ca036c5500f6ce"},"headline":"Mestrado Profissional em Gest\u00e3o e Regula\u00e7\u00e3o de Recursos H\u00eddricos prorroga inscri\u00e7\u00f5es para sele\u00e7\u00e3o at\u00e9 3 de fevereiro","datePublished":"2023-01-23T11:53:26+00:00","mainEntityOfPage":{"@id":"https:\/\/noticiasemdestaque.com\/cd\/?p=45734"},"wordCount":308,"publisher":{"@id":"https:\/\/noticiasemdestaque.com\/cd\/#organization"},"image":{"@id":"https:\/\/noticiasemdestaque.com\/cd\/?p=45734#primaryimage"},"thumbnailUrl":"https:\/\/noticiasemdestaque.com\/cd\/wp-content\/uploads\/2023\/01\/recursos-hidricos.jpeg","articleSection":["Educa\u00e7\u00e3o"],"inLanguage":"pt-BR"},{"@type":"WebPage","@id":"https:\/\/noticiasemdestaque.com\/cd\/?p=45734","url":"https:\/\/noticiasemdestaque.com\/cd\/?p=45734","name":"Mestrado Profissional em Gest\u00e3o e Regula\u00e7\u00e3o de Recursos H\u00eddricos prorroga inscri\u00e7\u00f5es para sele\u00e7\u00e3o at\u00e9 3 de fevereiro - Not&iacute;cias em Destaque","isPartOf":{"@id":"https:\/\/noticiasemdestaque.com\/cd\/#website"},"primaryImageOfPage":{"@id":"https:\/\/noticiasemdestaque.com\/cd\/?p=45734#primaryimage"},"image":{"@id":"https:\/\/noticiasemdestaque.com\/cd\/?p=45734#primaryimage"},"thumbnailUrl":"https:\/\/noticiasemdestaque.com\/cd\/wp-content\/uploads\/2023\/01\/recursos-hidricos.jpeg","datePublished":"2023-01-23T11:53:26+00:00","breadcrumb":{"@id":"https:\/\/noticiasemdestaque.com\/cd\/?p=45734#breadcrumb"},"inLanguage":"pt-BR","potentialAction":[{"@type":"ReadAction","target":["https:\/\/noticiasemdestaque.com\/cd\/?p=45734"]}]},{"@type":"ImageObject","inLanguage":"pt-BR","@id":"https:\/\/noticiasemdestaque.com\/cd\/?p=45734#primaryimage","url":"https:\/\/noticiasemdestaque.com\/cd\/wp-content\/uploads\/2023\/01\/recursos-hidricos.jpeg","contentUrl":"https:\/\/noticiasemdestaque.com\/cd\/wp-content\/uploads\/2023\/01\/recursos-hidricos.jpeg","width":1080,"height":1080},{"@type":"BreadcrumbList","@id":"https:\/\/noticiasemdestaque.com\/cd\/?p=45734#breadcrumb","itemListElement":[{"@type":"ListItem","position":1,"name":"In\u00edcio","item":"https:\/\/noticiasemdestaque.com\/cd\/"},{"@type":"ListItem","position":2,"name":"Mestrado Profissional em Gest\u00e3o e Regula\u00e7\u00e3o de Recursos H\u00eddricos prorroga inscri\u00e7\u00f5es para sele\u00e7\u00e3o at\u00e9 3 de fevereiro"}]},{"@type":"WebSite","@id":"https:\/\/noticiasemdestaque.com\/cd\/#website","url":"https:\/\/noticiasemdestaque.com\/cd\/","name":"Not&iacute;cias em Destaque","description":"","publisher":{"@id":"https:\/\/noticiasemdestaque.com\/cd\/#organization"},"potentialAction":[{"@type":"SearchAction","target":{"@type":"EntryPoint","urlTemplate":"https:\/\/noticiasemdestaque.com\/cd\/?s={search_term_string}"},"query-input":{"@type":"PropertyValueSpecification","valueRequired":true,"valueName":"search_term_string"}}],"inLanguage":"pt-BR"},{"@type":"Organization","@id":"https:\/\/noticiasemdestaque.com\/cd\/#organization","name":"Not\u00edcias em Destaque","url":"https:\/\/noticiasemdestaque.com\/cd\/","logo":{"@type":"ImageObject","inLanguage":"pt-BR","@id":"https:\/\/noticiasemdestaque.com\/cd\/#\/schema\/logo\/image\/","url":"https:\/\/noticiasemdestaque.com\/cd\/wp-content\/uploads\/2022\/05\/imagem-base-noticiasemdestaque.png","contentUrl":"https:\/\/noticiasemdestaque.com\/cd\/wp-content\/uploads\/2022\/05\/imagem-base-noticiasemdestaque.png","width":1200,"height":630,"caption":"Not\u00edcias em Destaque"},"image":{"@id":"https:\/\/noticiasemdestaque.com\/cd\/#\/schema\/logo\/image\/"}},{"@type":"Person","@id":"https:\/\/noticiasemdestaque.com\/cd\/#\/schema\/person\/47f7d4f55eec17c6b2ca036c5500f6ce","name":"Not\u00edcias em Destaque","url":"https:\/\/noticiasemdestaque.com\/cd\/?author=2"}]}},"jetpack_featured_media_url":"https:\/\/noticiasemdestaque.com\/cd\/wp-content\/uploads\/2023\/01\/recursos-hidricos.jpeg","jetpack_sharing_enabled":true,"_links":{"self":[{"href":"https:\/\/noticiasemdestaque.com\/cd\/index.php?rest_route=\/wp\/v2\/posts\/45734","targetHints":{"allow":["GET"]}}],"collection":[{"href":"https:\/\/noticiasemdestaque.com\/cd\/index.php?rest_route=\/wp\/v2\/posts"}],"about":[{"href":"https:\/\/noticiasemdestaque.com\/cd\/index.php?rest_route=\/wp\/v2\/types\/post"}],"author":[{"embeddable":true,"href":"https:\/\/noticiasemdestaque.com\/cd\/index.php?rest_route=\/wp\/v2\/users\/2"}],"replies":[{"embeddable":true,"href":"https:\/\/noticiasemdestaque.com\/cd\/index.php?rest_route=%2Fwp%2Fv2%2Fcomments&post=45734"}],"version-history":[{"count":1,"href":"https:\/\/noticiasemdestaque.com\/cd\/index.php?rest_route=\/wp\/v2\/posts\/45734\/revisions"}],"predecessor-version":[{"id":45736,"href":"https:\/\/noticiasemdestaque.com\/cd\/index.php?rest_route=\/wp\/v2\/posts\/45734\/revisions\/45736"}],"wp:featuredmedia":[{"embeddable":true,"href":"https:\/\/noticiasemdestaque.com\/cd\/index.php?rest_route=\/wp\/v2\/media\/45735"}],"wp:attachment":[{"href":"https:\/\/noticiasemdestaque.com\/cd\/index.php?rest_route=%2Fwp%2Fv2%2Fmedia&parent=45734"}],"wp:term":[{"taxonomy":"category","embeddable":true,"href":"https:\/\/noticiasemdestaque.com\/cd\/index.php?rest_route=%2Fwp%2Fv2%2Fcategories&post=45734"},{"taxonomy":"post_tag","embeddable":true,"href":"https:\/\/noticiasemdestaque.com\/cd\/index.php?rest_route=%2Fwp%2Fv2%2Ftags&post=45734"}],"curies":[{"name":"wp","href":"https:\/\/api.w.org\/{rel}","templated":true}]}}