{"id":45727,"date":"2023-01-23T08:31:50","date_gmt":"2023-01-23T11:31:50","guid":{"rendered":"https:\/\/noticiasemdestaque.com\/cd\/?p=45727"},"modified":"2023-01-23T08:31:50","modified_gmt":"2023-01-23T11:31:50","slug":"9-expoprata-promete-ser-ainda-maior-no-municipio-de-prata","status":"publish","type":"post","link":"https:\/\/noticiasemdestaque.com\/cd\/?p=45727","title":{"rendered":"9\u00b0 Expoprata promete ser ainda maior , no munic\u00edpio de Prata."},"content":{"rendered":"<p><a href=\"https:\/\/noticiasemdestaque.com\/cd\/wp-content\/uploads\/2023\/01\/tvdobode_1674215642540319.jpg\"><img fetchpriority=\"high\" decoding=\"async\" class=\"alignnone  wp-image-45728\" src=\"https:\/\/noticiasemdestaque.com\/cd\/wp-content\/uploads\/2023\/01\/tvdobode_1674215642540319-300x217.jpg\" alt=\"\" width=\"1020\" height=\"738\" srcset=\"https:\/\/noticiasemdestaque.com\/cd\/wp-content\/uploads\/2023\/01\/tvdobode_1674215642540319-300x217.jpg 300w, https:\/\/noticiasemdestaque.com\/cd\/wp-content\/uploads\/2023\/01\/tvdobode_1674215642540319-768x556.jpg 768w, https:\/\/noticiasemdestaque.com\/cd\/wp-content\/uploads\/2023\/01\/tvdobode_1674215642540319-18x12.jpg 18w, https:\/\/noticiasemdestaque.com\/cd\/wp-content\/uploads\/2023\/01\/tvdobode_1674215642540319.jpg 816w\" sizes=\"(max-width: 1020px) 100vw, 1020px\" \/><\/a><\/p>\n<p>Lan\u00e7ada oficialmente durante o Para\u00edba Agroneg\u00f3cios 2022, com uma premia\u00e7\u00e3o anunciada pelo prefeito Genivaldo Temb\u00f3rio de 80 mil reais e uma pop, a Expo prata \u00e9 uma das mais esperadas exposi\u00e7\u00f5es para este ano.<\/p>\n<div class=\"separator\"><a href=\"https:\/\/blogger.googleusercontent.com\/img\/b\/R29vZ2xl\/AVvXsEgoIc1RVtdPxcmdoLkkAWRwBgjX9cN-wwzCyDKY5bmlN6LZt_UVqBVvxkDT2BiVJ5-xH0ksVwCHdQbG9ru_Ymlrhiy5ho1rZ-mtt6_17EBxkNlhFEJeCnOto0NjiGf6cfmBgkNPOAznNasfzljKeuC-uLBaBqT3CRLab7LpRaC2tnFWbmFl0Mh-9T2Lkw\/s671\/tvdobode_1674215642540845.jpg\"><img decoding=\"async\" class=\"aligncenter\" src=\"https:\/\/blogger.googleusercontent.com\/img\/b\/R29vZ2xl\/AVvXsEgoIc1RVtdPxcmdoLkkAWRwBgjX9cN-wwzCyDKY5bmlN6LZt_UVqBVvxkDT2BiVJ5-xH0ksVwCHdQbG9ru_Ymlrhiy5ho1rZ-mtt6_17EBxkNlhFEJeCnOto0NjiGf6cfmBgkNPOAznNasfzljKeuC-uLBaBqT3CRLab7LpRaC2tnFWbmFl0Mh-9T2Lkw\/s320\/tvdobode_1674215642540845.jpg\" width=\"519\" height=\"378\" border=\"0\" data-original-height=\"489\" data-original-width=\"671\" \/><\/a><\/div>\n<p>O secret\u00e1rio de agricultura Haron Salvador juntamente com o Sec. Executivo Guilherme Freitas vem tra\u00e7ando os detalhes deste grande evento.<\/p>\n<p>Nesta quinta-feira receberam a visita do superintendente da Apacco Renato Vaz representando o presidente Pedro Martins para discutir os detalhes em rela\u00e7\u00e3o ao circuito APACCO 2023.<\/p>\n<div class=\"separator\"><a href=\"https:\/\/blogger.googleusercontent.com\/img\/b\/R29vZ2xl\/AVvXsEh8YGD0taEXHQLahtMwTV5sZA7ofgZkvLkWH9mD2CgjBhsCblgBvCOFsUOzOulLsdXxw8IqAQSWXSAYePGXb1EpsIGyurw8Bp-NoqU4uHYJbmQzLeMc1Kl4uY902wgn09HwQxzaf810AD4ZMuD9TM3cYyEJ1WGLp2BFaNY7dtmQeF1A_VuRwqCwVaj0yw\/s783\/tvdobode_1674215642540812.jpg\"><img decoding=\"async\" class=\"aligncenter\" src=\"https:\/\/blogger.googleusercontent.com\/img\/b\/R29vZ2xl\/AVvXsEh8YGD0taEXHQLahtMwTV5sZA7ofgZkvLkWH9mD2CgjBhsCblgBvCOFsUOzOulLsdXxw8IqAQSWXSAYePGXb1EpsIGyurw8Bp-NoqU4uHYJbmQzLeMc1Kl4uY902wgn09HwQxzaf810AD4ZMuD9TM3cYyEJ1WGLp2BFaNY7dtmQeF1A_VuRwqCwVaj0yw\/s320\/tvdobode_1674215642540812.jpg\" width=\"491\" height=\"356\" border=\"0\" data-original-height=\"568\" data-original-width=\"783\" \/><\/a><\/div>\n<p>&#8220;Segundo o prefeito Genivaldo Temb\u00f3rio j\u00e1 estamos neste m\u00eas de janeiro trabalhando para que este ano seja ainda mais grande e que venha fomentar ainda mais a economia do munic\u00edpio&#8221;, comentou.<\/p>\n<p><strong>Noticias em Destaque<\/strong><\/p>\n<p style=\"text-align: right;\"><em>Com Portal Cariri PB\u00a0<\/em><\/p>\n","protected":false},"excerpt":{"rendered":"<p>Lan\u00e7ada oficialmente durante o Para\u00edba Agroneg\u00f3cios 2022, com uma premia\u00e7\u00e3o anunciada pelo prefeito Genivaldo Temb\u00f3rio de 80 mil reais e uma pop, a Expo prata \u00e9 uma das mais esperadas exposi\u00e7\u00f5es para este ano. O secret\u00e1rio de agricultura Haron Salvador juntamente com o Sec. Executivo Guilherme Freitas vem tra\u00e7ando os detalhes deste grande evento. Nesta quinta-feira receberam a visita do superintendente da Apacco Renato Vaz representando o presidente Pedro Martins para discutir os detalhes em rela\u00e7\u00e3o ao circuito APACCO 2023. &#8220;Segundo o prefeito Genivaldo Temb\u00f3rio j\u00e1 estamos neste m\u00eas de janeiro trabalhando para que este ano seja ainda mais grande e que venha fomentar ainda mais a economia do munic\u00edpio&#8221;, comentou. Noticias em Destaque Com Portal Cariri PB\u00a0<\/p>\n","protected":false},"author":2,"featured_media":45728,"comment_status":"closed","ping_status":"open","sticky":false,"template":"","format":"standard","meta":{"_eb_attr":"","_jetpack_memberships_contains_paid_content":false,"footnotes":""},"categories":[3],"tags":[],"class_list":["post-45727","post","type-post","status-publish","format-standard","has-post-thumbnail","hentry","category-cidades"],"yoast_head":"<!-- This site is optimized with the Yoast SEO plugin v26.5 - https:\/\/yoast.com\/wordpress\/plugins\/seo\/ -->\n<title>9\u00b0 Expoprata promete ser ainda maior , no munic\u00edpio de Prata. - Not&iacute;cias em Destaque<\/title>\n<meta name=\"robots\" content=\"index, follow, max-snippet:-1, max-image-preview:large, max-video-preview:-1\" \/>\n<link rel=\"canonical\" href=\"https:\/\/noticiasemdestaque.com\/cd\/?p=45727\" \/>\n<meta property=\"og:locale\" content=\"pt_BR\" \/>\n<meta property=\"og:type\" content=\"article\" \/>\n<meta property=\"og:title\" content=\"9\u00b0 Expoprata promete ser ainda maior , no munic\u00edpio de Prata. - Not&iacute;cias em Destaque\" \/>\n<meta property=\"og:description\" content=\"Lan\u00e7ada oficialmente durante o Para\u00edba Agroneg\u00f3cios 2022, com uma premia\u00e7\u00e3o anunciada pelo prefeito Genivaldo Temb\u00f3rio de 80 mil reais e uma pop, a Expo prata \u00e9 uma das mais esperadas exposi\u00e7\u00f5es para este ano. O secret\u00e1rio de agricultura Haron Salvador juntamente com o Sec. Executivo Guilherme Freitas vem tra\u00e7ando os detalhes deste grande evento. Nesta quinta-feira receberam a visita do superintendente da Apacco Renato Vaz representando o presidente Pedro Martins para discutir os detalhes em rela\u00e7\u00e3o ao circuito APACCO 2023. &#8220;Segundo o prefeito Genivaldo Temb\u00f3rio j\u00e1 estamos neste m\u00eas de janeiro trabalhando para que este ano seja ainda mais grande e que venha fomentar ainda mais a economia do munic\u00edpio&#8221;, comentou. Noticias em Destaque Com Portal Cariri PB\u00a0\" \/>\n<meta property=\"og:url\" content=\"https:\/\/noticiasemdestaque.com\/cd\/?p=45727\" \/>\n<meta property=\"og:site_name\" content=\"Not&iacute;cias em Destaque\" \/>\n<meta property=\"article:published_time\" content=\"2023-01-23T11:31:50+00:00\" \/>\n<meta property=\"og:image\" content=\"https:\/\/noticiasemdestaque.com\/cd\/wp-content\/uploads\/2023\/01\/tvdobode_1674215642540319.jpg\" \/>\n\t<meta property=\"og:image:width\" content=\"816\" \/>\n\t<meta property=\"og:image:height\" content=\"591\" \/>\n\t<meta property=\"og:image:type\" content=\"image\/jpeg\" \/>\n<meta name=\"author\" content=\"Not\u00edcias em Destaque\" \/>\n<meta name=\"twitter:card\" content=\"summary_large_image\" \/>\n<meta name=\"twitter:label1\" content=\"Escrito por\" \/>\n\t<meta name=\"twitter:data1\" content=\"Not\u00edcias em Destaque\" \/>\n\t<meta name=\"twitter:label2\" content=\"Est. tempo de leitura\" \/>\n\t<meta name=\"twitter:data2\" content=\"2 minutos\" \/>\n<script type=\"application\/ld+json\" class=\"yoast-schema-graph\">{\"@context\":\"https:\/\/schema.org\",\"@graph\":[{\"@type\":\"Article\",\"@id\":\"https:\/\/noticiasemdestaque.com\/cd\/?p=45727#article\",\"isPartOf\":{\"@id\":\"https:\/\/noticiasemdestaque.com\/cd\/?p=45727\"},\"author\":{\"name\":\"Not\u00edcias em Destaque\",\"@id\":\"https:\/\/noticiasemdestaque.com\/cd\/#\/schema\/person\/47f7d4f55eec17c6b2ca036c5500f6ce\"},\"headline\":\"9\u00b0 Expoprata promete ser ainda maior , no munic\u00edpio de Prata.\",\"datePublished\":\"2023-01-23T11:31:50+00:00\",\"mainEntityOfPage\":{\"@id\":\"https:\/\/noticiasemdestaque.com\/cd\/?p=45727\"},\"wordCount\":136,\"publisher\":{\"@id\":\"https:\/\/noticiasemdestaque.com\/cd\/#organization\"},\"image\":{\"@id\":\"https:\/\/noticiasemdestaque.com\/cd\/?p=45727#primaryimage\"},\"thumbnailUrl\":\"https:\/\/noticiasemdestaque.com\/cd\/wp-content\/uploads\/2023\/01\/tvdobode_1674215642540319.jpg\",\"articleSection\":[\"Cidades\"],\"inLanguage\":\"pt-BR\"},{\"@type\":\"WebPage\",\"@id\":\"https:\/\/noticiasemdestaque.com\/cd\/?p=45727\",\"url\":\"https:\/\/noticiasemdestaque.com\/cd\/?p=45727\",\"name\":\"9\u00b0 Expoprata promete ser ainda maior , no munic\u00edpio de Prata. - Not&iacute;cias em Destaque\",\"isPartOf\":{\"@id\":\"https:\/\/noticiasemdestaque.com\/cd\/#website\"},\"primaryImageOfPage\":{\"@id\":\"https:\/\/noticiasemdestaque.com\/cd\/?p=45727#primaryimage\"},\"image\":{\"@id\":\"https:\/\/noticiasemdestaque.com\/cd\/?p=45727#primaryimage\"},\"thumbnailUrl\":\"https:\/\/noticiasemdestaque.com\/cd\/wp-content\/uploads\/2023\/01\/tvdobode_1674215642540319.jpg\",\"datePublished\":\"2023-01-23T11:31:50+00:00\",\"breadcrumb\":{\"@id\":\"https:\/\/noticiasemdestaque.com\/cd\/?p=45727#breadcrumb\"},\"inLanguage\":\"pt-BR\",\"potentialAction\":[{\"@type\":\"ReadAction\",\"target\":[\"https:\/\/noticiasemdestaque.com\/cd\/?p=45727\"]}]},{\"@type\":\"ImageObject\",\"inLanguage\":\"pt-BR\",\"@id\":\"https:\/\/noticiasemdestaque.com\/cd\/?p=45727#primaryimage\",\"url\":\"https:\/\/noticiasemdestaque.com\/cd\/wp-content\/uploads\/2023\/01\/tvdobode_1674215642540319.jpg\",\"contentUrl\":\"https:\/\/noticiasemdestaque.com\/cd\/wp-content\/uploads\/2023\/01\/tvdobode_1674215642540319.jpg\",\"width\":816,\"height\":591},{\"@type\":\"BreadcrumbList\",\"@id\":\"https:\/\/noticiasemdestaque.com\/cd\/?p=45727#breadcrumb\",\"itemListElement\":[{\"@type\":\"ListItem\",\"position\":1,\"name\":\"In\u00edcio\",\"item\":\"https:\/\/noticiasemdestaque.com\/cd\/\"},{\"@type\":\"ListItem\",\"position\":2,\"name\":\"9\u00b0 Expoprata promete ser ainda maior , no munic\u00edpio de Prata.\"}]},{\"@type\":\"WebSite\",\"@id\":\"https:\/\/noticiasemdestaque.com\/cd\/#website\",\"url\":\"https:\/\/noticiasemdestaque.com\/cd\/\",\"name\":\"Not&iacute;cias em Destaque\",\"description\":\"\",\"publisher\":{\"@id\":\"https:\/\/noticiasemdestaque.com\/cd\/#organization\"},\"potentialAction\":[{\"@type\":\"SearchAction\",\"target\":{\"@type\":\"EntryPoint\",\"urlTemplate\":\"https:\/\/noticiasemdestaque.com\/cd\/?s={search_term_string}\"},\"query-input\":{\"@type\":\"PropertyValueSpecification\",\"valueRequired\":true,\"valueName\":\"search_term_string\"}}],\"inLanguage\":\"pt-BR\"},{\"@type\":\"Organization\",\"@id\":\"https:\/\/noticiasemdestaque.com\/cd\/#organization\",\"name\":\"Not\u00edcias em Destaque\",\"url\":\"https:\/\/noticiasemdestaque.com\/cd\/\",\"logo\":{\"@type\":\"ImageObject\",\"inLanguage\":\"pt-BR\",\"@id\":\"https:\/\/noticiasemdestaque.com\/cd\/#\/schema\/logo\/image\/\",\"url\":\"https:\/\/noticiasemdestaque.com\/cd\/wp-content\/uploads\/2022\/05\/imagem-base-noticiasemdestaque.png\",\"contentUrl\":\"https:\/\/noticiasemdestaque.com\/cd\/wp-content\/uploads\/2022\/05\/imagem-base-noticiasemdestaque.png\",\"width\":1200,\"height\":630,\"caption\":\"Not\u00edcias em Destaque\"},\"image\":{\"@id\":\"https:\/\/noticiasemdestaque.com\/cd\/#\/schema\/logo\/image\/\"}},{\"@type\":\"Person\",\"@id\":\"https:\/\/noticiasemdestaque.com\/cd\/#\/schema\/person\/47f7d4f55eec17c6b2ca036c5500f6ce\",\"name\":\"Not\u00edcias em Destaque\",\"url\":\"https:\/\/noticiasemdestaque.com\/cd\/?author=2\"}]}<\/script>\n<!-- \/ Yoast SEO plugin. -->","yoast_head_json":{"title":"9\u00b0 Expoprata promete ser ainda maior , no munic\u00edpio de Prata. - Not&iacute;cias em Destaque","robots":{"index":"index","follow":"follow","max-snippet":"max-snippet:-1","max-image-preview":"max-image-preview:large","max-video-preview":"max-video-preview:-1"},"canonical":"https:\/\/noticiasemdestaque.com\/cd\/?p=45727","og_locale":"pt_BR","og_type":"article","og_title":"9\u00b0 Expoprata promete ser ainda maior , no munic\u00edpio de Prata. - Not&iacute;cias em Destaque","og_description":"Lan\u00e7ada oficialmente durante o Para\u00edba Agroneg\u00f3cios 2022, com uma premia\u00e7\u00e3o anunciada pelo prefeito Genivaldo Temb\u00f3rio de 80 mil reais e uma pop, a Expo prata \u00e9 uma das mais esperadas exposi\u00e7\u00f5es para este ano. O secret\u00e1rio de agricultura Haron Salvador juntamente com o Sec. Executivo Guilherme Freitas vem tra\u00e7ando os detalhes deste grande evento. Nesta quinta-feira receberam a visita do superintendente da Apacco Renato Vaz representando o presidente Pedro Martins para discutir os detalhes em rela\u00e7\u00e3o ao circuito APACCO 2023. &#8220;Segundo o prefeito Genivaldo Temb\u00f3rio j\u00e1 estamos neste m\u00eas de janeiro trabalhando para que este ano seja ainda mais grande e que venha fomentar ainda mais a economia do munic\u00edpio&#8221;, comentou. Noticias em Destaque Com Portal Cariri PB\u00a0","og_url":"https:\/\/noticiasemdestaque.com\/cd\/?p=45727","og_site_name":"Not&iacute;cias em Destaque","article_published_time":"2023-01-23T11:31:50+00:00","og_image":[{"width":816,"height":591,"url":"https:\/\/noticiasemdestaque.com\/cd\/wp-content\/uploads\/2023\/01\/tvdobode_1674215642540319.jpg","type":"image\/jpeg"}],"author":"Not\u00edcias em Destaque","twitter_card":"summary_large_image","twitter_misc":{"Escrito por":"Not\u00edcias em Destaque","Est. tempo de leitura":"2 minutos"},"schema":{"@context":"https:\/\/schema.org","@graph":[{"@type":"Article","@id":"https:\/\/noticiasemdestaque.com\/cd\/?p=45727#article","isPartOf":{"@id":"https:\/\/noticiasemdestaque.com\/cd\/?p=45727"},"author":{"name":"Not\u00edcias em Destaque","@id":"https:\/\/noticiasemdestaque.com\/cd\/#\/schema\/person\/47f7d4f55eec17c6b2ca036c5500f6ce"},"headline":"9\u00b0 Expoprata promete ser ainda maior , no munic\u00edpio de Prata.","datePublished":"2023-01-23T11:31:50+00:00","mainEntityOfPage":{"@id":"https:\/\/noticiasemdestaque.com\/cd\/?p=45727"},"wordCount":136,"publisher":{"@id":"https:\/\/noticiasemdestaque.com\/cd\/#organization"},"image":{"@id":"https:\/\/noticiasemdestaque.com\/cd\/?p=45727#primaryimage"},"thumbnailUrl":"https:\/\/noticiasemdestaque.com\/cd\/wp-content\/uploads\/2023\/01\/tvdobode_1674215642540319.jpg","articleSection":["Cidades"],"inLanguage":"pt-BR"},{"@type":"WebPage","@id":"https:\/\/noticiasemdestaque.com\/cd\/?p=45727","url":"https:\/\/noticiasemdestaque.com\/cd\/?p=45727","name":"9\u00b0 Expoprata promete ser ainda maior , no munic\u00edpio de Prata. - Not&iacute;cias em Destaque","isPartOf":{"@id":"https:\/\/noticiasemdestaque.com\/cd\/#website"},"primaryImageOfPage":{"@id":"https:\/\/noticiasemdestaque.com\/cd\/?p=45727#primaryimage"},"image":{"@id":"https:\/\/noticiasemdestaque.com\/cd\/?p=45727#primaryimage"},"thumbnailUrl":"https:\/\/noticiasemdestaque.com\/cd\/wp-content\/uploads\/2023\/01\/tvdobode_1674215642540319.jpg","datePublished":"2023-01-23T11:31:50+00:00","breadcrumb":{"@id":"https:\/\/noticiasemdestaque.com\/cd\/?p=45727#breadcrumb"},"inLanguage":"pt-BR","potentialAction":[{"@type":"ReadAction","target":["https:\/\/noticiasemdestaque.com\/cd\/?p=45727"]}]},{"@type":"ImageObject","inLanguage":"pt-BR","@id":"https:\/\/noticiasemdestaque.com\/cd\/?p=45727#primaryimage","url":"https:\/\/noticiasemdestaque.com\/cd\/wp-content\/uploads\/2023\/01\/tvdobode_1674215642540319.jpg","contentUrl":"https:\/\/noticiasemdestaque.com\/cd\/wp-content\/uploads\/2023\/01\/tvdobode_1674215642540319.jpg","width":816,"height":591},{"@type":"BreadcrumbList","@id":"https:\/\/noticiasemdestaque.com\/cd\/?p=45727#breadcrumb","itemListElement":[{"@type":"ListItem","position":1,"name":"In\u00edcio","item":"https:\/\/noticiasemdestaque.com\/cd\/"},{"@type":"ListItem","position":2,"name":"9\u00b0 Expoprata promete ser ainda maior , no munic\u00edpio de Prata."}]},{"@type":"WebSite","@id":"https:\/\/noticiasemdestaque.com\/cd\/#website","url":"https:\/\/noticiasemdestaque.com\/cd\/","name":"Not&iacute;cias em Destaque","description":"","publisher":{"@id":"https:\/\/noticiasemdestaque.com\/cd\/#organization"},"potentialAction":[{"@type":"SearchAction","target":{"@type":"EntryPoint","urlTemplate":"https:\/\/noticiasemdestaque.com\/cd\/?s={search_term_string}"},"query-input":{"@type":"PropertyValueSpecification","valueRequired":true,"valueName":"search_term_string"}}],"inLanguage":"pt-BR"},{"@type":"Organization","@id":"https:\/\/noticiasemdestaque.com\/cd\/#organization","name":"Not\u00edcias em Destaque","url":"https:\/\/noticiasemdestaque.com\/cd\/","logo":{"@type":"ImageObject","inLanguage":"pt-BR","@id":"https:\/\/noticiasemdestaque.com\/cd\/#\/schema\/logo\/image\/","url":"https:\/\/noticiasemdestaque.com\/cd\/wp-content\/uploads\/2022\/05\/imagem-base-noticiasemdestaque.png","contentUrl":"https:\/\/noticiasemdestaque.com\/cd\/wp-content\/uploads\/2022\/05\/imagem-base-noticiasemdestaque.png","width":1200,"height":630,"caption":"Not\u00edcias em Destaque"},"image":{"@id":"https:\/\/noticiasemdestaque.com\/cd\/#\/schema\/logo\/image\/"}},{"@type":"Person","@id":"https:\/\/noticiasemdestaque.com\/cd\/#\/schema\/person\/47f7d4f55eec17c6b2ca036c5500f6ce","name":"Not\u00edcias em Destaque","url":"https:\/\/noticiasemdestaque.com\/cd\/?author=2"}]}},"jetpack_featured_media_url":"https:\/\/noticiasemdestaque.com\/cd\/wp-content\/uploads\/2023\/01\/tvdobode_1674215642540319.jpg","jetpack_sharing_enabled":true,"_links":{"self":[{"href":"https:\/\/noticiasemdestaque.com\/cd\/index.php?rest_route=\/wp\/v2\/posts\/45727","targetHints":{"allow":["GET"]}}],"collection":[{"href":"https:\/\/noticiasemdestaque.com\/cd\/index.php?rest_route=\/wp\/v2\/posts"}],"about":[{"href":"https:\/\/noticiasemdestaque.com\/cd\/index.php?rest_route=\/wp\/v2\/types\/post"}],"author":[{"embeddable":true,"href":"https:\/\/noticiasemdestaque.com\/cd\/index.php?rest_route=\/wp\/v2\/users\/2"}],"replies":[{"embeddable":true,"href":"https:\/\/noticiasemdestaque.com\/cd\/index.php?rest_route=%2Fwp%2Fv2%2Fcomments&post=45727"}],"version-history":[{"count":1,"href":"https:\/\/noticiasemdestaque.com\/cd\/index.php?rest_route=\/wp\/v2\/posts\/45727\/revisions"}],"predecessor-version":[{"id":45729,"href":"https:\/\/noticiasemdestaque.com\/cd\/index.php?rest_route=\/wp\/v2\/posts\/45727\/revisions\/45729"}],"wp:featuredmedia":[{"embeddable":true,"href":"https:\/\/noticiasemdestaque.com\/cd\/index.php?rest_route=\/wp\/v2\/media\/45728"}],"wp:attachment":[{"href":"https:\/\/noticiasemdestaque.com\/cd\/index.php?rest_route=%2Fwp%2Fv2%2Fmedia&parent=45727"}],"wp:term":[{"taxonomy":"category","embeddable":true,"href":"https:\/\/noticiasemdestaque.com\/cd\/index.php?rest_route=%2Fwp%2Fv2%2Fcategories&post=45727"},{"taxonomy":"post_tag","embeddable":true,"href":"https:\/\/noticiasemdestaque.com\/cd\/index.php?rest_route=%2Fwp%2Fv2%2Ftags&post=45727"}],"curies":[{"name":"wp","href":"https:\/\/api.w.org\/{rel}","templated":true}]}}