{"id":45713,"date":"2023-01-22T12:48:26","date_gmt":"2023-01-22T15:48:26","guid":{"rendered":"https:\/\/noticiasemdestaque.com\/cd\/?p=45713"},"modified":"2023-01-22T12:49:29","modified_gmt":"2023-01-22T15:49:29","slug":"deputado-felipe-leitao-participa-da-festa-de-sao-sebastiao-em-amparo-e-reafirma-seu-compromisso-com-o-municipio","status":"publish","type":"post","link":"https:\/\/noticiasemdestaque.com\/cd\/?p=45713","title":{"rendered":"Deputado Felipe Leit\u00e3o participa da Festa de S\u00e3o Sebasti\u00e3o em Amparo e reafirma seu compromisso com o munic\u00edpio"},"content":{"rendered":"<p style=\"font-weight: 400;\"><a href=\"https:\/\/noticiasemdestaque.com\/cd\/wp-content\/uploads\/2023\/01\/DSC_0259-1.jpg\"><img fetchpriority=\"high\" decoding=\"async\" class=\"wp-image-45719 size-large aligncenter\" src=\"https:\/\/noticiasemdestaque.com\/cd\/wp-content\/uploads\/2023\/01\/DSC_0259-1-1024x681.jpg\" alt=\"\" width=\"640\" height=\"426\" srcset=\"https:\/\/noticiasemdestaque.com\/cd\/wp-content\/uploads\/2023\/01\/DSC_0259-1-1024x681.jpg 1024w, https:\/\/noticiasemdestaque.com\/cd\/wp-content\/uploads\/2023\/01\/DSC_0259-1-300x199.jpg 300w, https:\/\/noticiasemdestaque.com\/cd\/wp-content\/uploads\/2023\/01\/DSC_0259-1-768x510.jpg 768w, https:\/\/noticiasemdestaque.com\/cd\/wp-content\/uploads\/2023\/01\/DSC_0259-1-18x12.jpg 18w, https:\/\/noticiasemdestaque.com\/cd\/wp-content\/uploads\/2023\/01\/DSC_0259-1.jpg 1300w\" sizes=\"(max-width: 640px) 100vw, 640px\" \/><\/a><\/p>\n<p style=\"font-weight: 400;\">O deputado estadual reeleito Felipe Leit\u00e3o (PSD), esteve no s\u00e1bado (21), participando da primeira noite de shows da Festa de Janeiro 2023 de Amparo do padroeiro S\u00e3o Sebasti\u00e3o.<\/p>\n<p><a href=\"https:\/\/noticiasemdestaque.com\/cd\/wp-content\/uploads\/2023\/01\/DSC_0272-2.jpg\"><img decoding=\"async\" class=\"wp-image-45722 size-large aligncenter\" src=\"https:\/\/noticiasemdestaque.com\/cd\/wp-content\/uploads\/2023\/01\/DSC_0272-2-1024x681.jpg\" alt=\"\" width=\"640\" height=\"426\" srcset=\"https:\/\/noticiasemdestaque.com\/cd\/wp-content\/uploads\/2023\/01\/DSC_0272-2-1024x681.jpg 1024w, https:\/\/noticiasemdestaque.com\/cd\/wp-content\/uploads\/2023\/01\/DSC_0272-2-300x199.jpg 300w, https:\/\/noticiasemdestaque.com\/cd\/wp-content\/uploads\/2023\/01\/DSC_0272-2-768x510.jpg 768w, https:\/\/noticiasemdestaque.com\/cd\/wp-content\/uploads\/2023\/01\/DSC_0272-2-18x12.jpg 18w, https:\/\/noticiasemdestaque.com\/cd\/wp-content\/uploads\/2023\/01\/DSC_0272-2.jpg 1300w\" sizes=\"(max-width: 640px) 100vw, 640px\" \/><\/a><\/p>\n<p style=\"font-weight: 400;\">Na oportunidade ele parabenizou o prefeito In\u00e1cio N\u00f3brega pela organiza\u00e7\u00e3o do evento. \u201cTodos os anos que venho a Amparo notamos o crescimento da festa e o total empenho da gest\u00e3o municipal\u201d, afirmou.<\/p>\n<p><a href=\"https:\/\/noticiasemdestaque.com\/cd\/wp-content\/uploads\/2023\/01\/DSC_0269-1.jpg\"><img decoding=\"async\" class=\"wp-image-45721 size-large aligncenter\" src=\"https:\/\/noticiasemdestaque.com\/cd\/wp-content\/uploads\/2023\/01\/DSC_0269-1-1024x681.jpg\" alt=\"\" width=\"640\" height=\"426\" srcset=\"https:\/\/noticiasemdestaque.com\/cd\/wp-content\/uploads\/2023\/01\/DSC_0269-1-1024x681.jpg 1024w, https:\/\/noticiasemdestaque.com\/cd\/wp-content\/uploads\/2023\/01\/DSC_0269-1-300x199.jpg 300w, https:\/\/noticiasemdestaque.com\/cd\/wp-content\/uploads\/2023\/01\/DSC_0269-1-768x510.jpg 768w, https:\/\/noticiasemdestaque.com\/cd\/wp-content\/uploads\/2023\/01\/DSC_0269-1-18x12.jpg 18w, https:\/\/noticiasemdestaque.com\/cd\/wp-content\/uploads\/2023\/01\/DSC_0269-1.jpg 1300w\" sizes=\"(max-width: 640px) 100vw, 640px\" \/><\/a><\/p>\n<p style=\"font-weight: 400;\">Felipe Leit\u00e3o reafirmou o seu compromisso com o munic\u00edpio. \u201cCom a nossa reelei\u00e7\u00e3o e sendo o deputado mais votado nesta cidade, redobra a nossa responsabilidade em continuar trabalhando em prol do crescimento de Amparo\u201d, pontuou.<\/p>\n<p style=\"font-weight: 400;\"><strong>Confira a entrevista<\/strong><\/p>\n<p><iframe title=\"Deputado Felipe Leit\u00e3o participa de Festa de S\u00e3o Sebasti\u00e3o e reafirma seu compromisso com Amparo\" width=\"800\" height=\"450\" src=\"https:\/\/www.youtube.com\/embed\/o7WYCOR26UY?feature=oembed\" frameborder=\"0\" allow=\"accelerometer; autoplay; clipboard-write; encrypted-media; gyroscope; picture-in-picture; web-share\" referrerpolicy=\"strict-origin-when-cross-origin\" allowfullscreen><\/iframe><\/p>\n<p style=\"font-weight: 400;\"><strong><em>Not\u00edcias em Destaque\u00a0<\/em><\/strong><\/p>\n","protected":false},"excerpt":{"rendered":"<p>O deputado estadual reeleito Felipe Leit\u00e3o (PSD), esteve no s\u00e1bado (21), participando da primeira noite de shows da Festa de Janeiro 2023 de Amparo do padroeiro S\u00e3o Sebasti\u00e3o. Na oportunidade ele parabenizou o prefeito In\u00e1cio N\u00f3brega pela organiza\u00e7\u00e3o do evento. \u201cTodos os anos que venho a Amparo notamos o crescimento da festa e o total empenho da gest\u00e3o municipal\u201d, afirmou. Felipe Leit\u00e3o reafirmou o seu compromisso com o munic\u00edpio. \u201cCom a nossa reelei\u00e7\u00e3o e sendo o deputado mais votado nesta cidade, redobra a nossa responsabilidade em continuar trabalhando em prol do crescimento de Amparo\u201d, pontuou. Confira a entrevista Not\u00edcias em Destaque\u00a0<\/p>\n","protected":false},"author":2,"featured_media":45715,"comment_status":"closed","ping_status":"open","sticky":false,"template":"","format":"standard","meta":{"_eb_attr":"","_jetpack_memberships_contains_paid_content":false,"footnotes":""},"categories":[4],"tags":[],"class_list":["post-45713","post","type-post","status-publish","format-standard","has-post-thumbnail","hentry","category-politica"],"yoast_head":"<!-- This site is optimized with the Yoast SEO plugin v26.5 - https:\/\/yoast.com\/wordpress\/plugins\/seo\/ -->\n<title>Deputado Felipe Leit\u00e3o participa da Festa de S\u00e3o Sebasti\u00e3o em Amparo e reafirma seu compromisso com o munic\u00edpio - Not&iacute;cias em Destaque<\/title>\n<meta name=\"robots\" content=\"index, follow, max-snippet:-1, max-image-preview:large, max-video-preview:-1\" \/>\n<link rel=\"canonical\" href=\"https:\/\/noticiasemdestaque.com\/cd\/?p=45713\" \/>\n<meta property=\"og:locale\" content=\"pt_BR\" \/>\n<meta property=\"og:type\" content=\"article\" \/>\n<meta property=\"og:title\" content=\"Deputado Felipe Leit\u00e3o participa da Festa de S\u00e3o Sebasti\u00e3o em Amparo e reafirma seu compromisso com o munic\u00edpio - Not&iacute;cias em Destaque\" \/>\n<meta property=\"og:description\" content=\"O deputado estadual reeleito Felipe Leit\u00e3o (PSD), esteve no s\u00e1bado (21), participando da primeira noite de shows da Festa de Janeiro 2023 de Amparo do padroeiro S\u00e3o Sebasti\u00e3o. Na oportunidade ele parabenizou o prefeito In\u00e1cio N\u00f3brega pela organiza\u00e7\u00e3o do evento. \u201cTodos os anos que venho a Amparo notamos o crescimento da festa e o total empenho da gest\u00e3o municipal\u201d, afirmou. Felipe Leit\u00e3o reafirmou o seu compromisso com o munic\u00edpio. \u201cCom a nossa reelei\u00e7\u00e3o e sendo o deputado mais votado nesta cidade, redobra a nossa responsabilidade em continuar trabalhando em prol do crescimento de Amparo\u201d, pontuou. Confira a entrevista Not\u00edcias em Destaque\u00a0\" \/>\n<meta property=\"og:url\" content=\"https:\/\/noticiasemdestaque.com\/cd\/?p=45713\" \/>\n<meta property=\"og:site_name\" content=\"Not&iacute;cias em Destaque\" \/>\n<meta property=\"article:published_time\" content=\"2023-01-22T15:48:26+00:00\" \/>\n<meta property=\"article:modified_time\" content=\"2023-01-22T15:49:29+00:00\" \/>\n<meta property=\"og:image\" content=\"https:\/\/noticiasemdestaque.com\/cd\/wp-content\/uploads\/2023\/01\/DSC_0264-1-scaled.jpg\" \/>\n\t<meta property=\"og:image:width\" content=\"2560\" \/>\n\t<meta property=\"og:image:height\" content=\"1702\" \/>\n\t<meta property=\"og:image:type\" content=\"image\/jpeg\" \/>\n<meta name=\"author\" content=\"Not\u00edcias em Destaque\" \/>\n<meta name=\"twitter:card\" content=\"summary_large_image\" \/>\n<meta name=\"twitter:label1\" content=\"Escrito por\" \/>\n\t<meta name=\"twitter:data1\" content=\"Not\u00edcias em Destaque\" \/>\n\t<meta name=\"twitter:label2\" content=\"Est. tempo de leitura\" \/>\n\t<meta name=\"twitter:data2\" content=\"2 minutos\" \/>\n<script type=\"application\/ld+json\" class=\"yoast-schema-graph\">{\"@context\":\"https:\/\/schema.org\",\"@graph\":[{\"@type\":\"Article\",\"@id\":\"https:\/\/noticiasemdestaque.com\/cd\/?p=45713#article\",\"isPartOf\":{\"@id\":\"https:\/\/noticiasemdestaque.com\/cd\/?p=45713\"},\"author\":{\"name\":\"Not\u00edcias em Destaque\",\"@id\":\"https:\/\/noticiasemdestaque.com\/cd\/#\/schema\/person\/47f7d4f55eec17c6b2ca036c5500f6ce\"},\"headline\":\"Deputado Felipe Leit\u00e3o participa da Festa de S\u00e3o Sebasti\u00e3o em Amparo e reafirma seu compromisso com o munic\u00edpio\",\"datePublished\":\"2023-01-22T15:48:26+00:00\",\"dateModified\":\"2023-01-22T15:49:29+00:00\",\"mainEntityOfPage\":{\"@id\":\"https:\/\/noticiasemdestaque.com\/cd\/?p=45713\"},\"wordCount\":139,\"publisher\":{\"@id\":\"https:\/\/noticiasemdestaque.com\/cd\/#organization\"},\"image\":{\"@id\":\"https:\/\/noticiasemdestaque.com\/cd\/?p=45713#primaryimage\"},\"thumbnailUrl\":\"https:\/\/noticiasemdestaque.com\/cd\/wp-content\/uploads\/2023\/01\/DSC_0264-1-scaled.jpg\",\"articleSection\":[\"Pol\u00edtica\"],\"inLanguage\":\"pt-BR\"},{\"@type\":\"WebPage\",\"@id\":\"https:\/\/noticiasemdestaque.com\/cd\/?p=45713\",\"url\":\"https:\/\/noticiasemdestaque.com\/cd\/?p=45713\",\"name\":\"Deputado Felipe Leit\u00e3o participa da Festa de S\u00e3o Sebasti\u00e3o em Amparo e reafirma seu compromisso com o munic\u00edpio - Not&iacute;cias em Destaque\",\"isPartOf\":{\"@id\":\"https:\/\/noticiasemdestaque.com\/cd\/#website\"},\"primaryImageOfPage\":{\"@id\":\"https:\/\/noticiasemdestaque.com\/cd\/?p=45713#primaryimage\"},\"image\":{\"@id\":\"https:\/\/noticiasemdestaque.com\/cd\/?p=45713#primaryimage\"},\"thumbnailUrl\":\"https:\/\/noticiasemdestaque.com\/cd\/wp-content\/uploads\/2023\/01\/DSC_0264-1-scaled.jpg\",\"datePublished\":\"2023-01-22T15:48:26+00:00\",\"dateModified\":\"2023-01-22T15:49:29+00:00\",\"breadcrumb\":{\"@id\":\"https:\/\/noticiasemdestaque.com\/cd\/?p=45713#breadcrumb\"},\"inLanguage\":\"pt-BR\",\"potentialAction\":[{\"@type\":\"ReadAction\",\"target\":[\"https:\/\/noticiasemdestaque.com\/cd\/?p=45713\"]}]},{\"@type\":\"ImageObject\",\"inLanguage\":\"pt-BR\",\"@id\":\"https:\/\/noticiasemdestaque.com\/cd\/?p=45713#primaryimage\",\"url\":\"https:\/\/noticiasemdestaque.com\/cd\/wp-content\/uploads\/2023\/01\/DSC_0264-1-scaled.jpg\",\"contentUrl\":\"https:\/\/noticiasemdestaque.com\/cd\/wp-content\/uploads\/2023\/01\/DSC_0264-1-scaled.jpg\",\"width\":2560,\"height\":1702},{\"@type\":\"BreadcrumbList\",\"@id\":\"https:\/\/noticiasemdestaque.com\/cd\/?p=45713#breadcrumb\",\"itemListElement\":[{\"@type\":\"ListItem\",\"position\":1,\"name\":\"In\u00edcio\",\"item\":\"https:\/\/noticiasemdestaque.com\/cd\/\"},{\"@type\":\"ListItem\",\"position\":2,\"name\":\"Deputado Felipe Leit\u00e3o participa da Festa de S\u00e3o Sebasti\u00e3o em Amparo e reafirma seu compromisso com o munic\u00edpio\"}]},{\"@type\":\"WebSite\",\"@id\":\"https:\/\/noticiasemdestaque.com\/cd\/#website\",\"url\":\"https:\/\/noticiasemdestaque.com\/cd\/\",\"name\":\"Not&iacute;cias em Destaque\",\"description\":\"\",\"publisher\":{\"@id\":\"https:\/\/noticiasemdestaque.com\/cd\/#organization\"},\"potentialAction\":[{\"@type\":\"SearchAction\",\"target\":{\"@type\":\"EntryPoint\",\"urlTemplate\":\"https:\/\/noticiasemdestaque.com\/cd\/?s={search_term_string}\"},\"query-input\":{\"@type\":\"PropertyValueSpecification\",\"valueRequired\":true,\"valueName\":\"search_term_string\"}}],\"inLanguage\":\"pt-BR\"},{\"@type\":\"Organization\",\"@id\":\"https:\/\/noticiasemdestaque.com\/cd\/#organization\",\"name\":\"Not\u00edcias em Destaque\",\"url\":\"https:\/\/noticiasemdestaque.com\/cd\/\",\"logo\":{\"@type\":\"ImageObject\",\"inLanguage\":\"pt-BR\",\"@id\":\"https:\/\/noticiasemdestaque.com\/cd\/#\/schema\/logo\/image\/\",\"url\":\"https:\/\/noticiasemdestaque.com\/cd\/wp-content\/uploads\/2022\/05\/imagem-base-noticiasemdestaque.png\",\"contentUrl\":\"https:\/\/noticiasemdestaque.com\/cd\/wp-content\/uploads\/2022\/05\/imagem-base-noticiasemdestaque.png\",\"width\":1200,\"height\":630,\"caption\":\"Not\u00edcias em Destaque\"},\"image\":{\"@id\":\"https:\/\/noticiasemdestaque.com\/cd\/#\/schema\/logo\/image\/\"}},{\"@type\":\"Person\",\"@id\":\"https:\/\/noticiasemdestaque.com\/cd\/#\/schema\/person\/47f7d4f55eec17c6b2ca036c5500f6ce\",\"name\":\"Not\u00edcias em Destaque\",\"url\":\"https:\/\/noticiasemdestaque.com\/cd\/?author=2\"}]}<\/script>\n<!-- \/ Yoast SEO plugin. -->","yoast_head_json":{"title":"Deputado Felipe Leit\u00e3o participa da Festa de S\u00e3o Sebasti\u00e3o em Amparo e reafirma seu compromisso com o munic\u00edpio - Not&iacute;cias em Destaque","robots":{"index":"index","follow":"follow","max-snippet":"max-snippet:-1","max-image-preview":"max-image-preview:large","max-video-preview":"max-video-preview:-1"},"canonical":"https:\/\/noticiasemdestaque.com\/cd\/?p=45713","og_locale":"pt_BR","og_type":"article","og_title":"Deputado Felipe Leit\u00e3o participa da Festa de S\u00e3o Sebasti\u00e3o em Amparo e reafirma seu compromisso com o munic\u00edpio - Not&iacute;cias em Destaque","og_description":"O deputado estadual reeleito Felipe Leit\u00e3o (PSD), esteve no s\u00e1bado (21), participando da primeira noite de shows da Festa de Janeiro 2023 de Amparo do padroeiro S\u00e3o Sebasti\u00e3o. Na oportunidade ele parabenizou o prefeito In\u00e1cio N\u00f3brega pela organiza\u00e7\u00e3o do evento. \u201cTodos os anos que venho a Amparo notamos o crescimento da festa e o total empenho da gest\u00e3o municipal\u201d, afirmou. Felipe Leit\u00e3o reafirmou o seu compromisso com o munic\u00edpio. \u201cCom a nossa reelei\u00e7\u00e3o e sendo o deputado mais votado nesta cidade, redobra a nossa responsabilidade em continuar trabalhando em prol do crescimento de Amparo\u201d, pontuou. Confira a entrevista Not\u00edcias em Destaque\u00a0","og_url":"https:\/\/noticiasemdestaque.com\/cd\/?p=45713","og_site_name":"Not&iacute;cias em Destaque","article_published_time":"2023-01-22T15:48:26+00:00","article_modified_time":"2023-01-22T15:49:29+00:00","og_image":[{"width":2560,"height":1702,"url":"https:\/\/noticiasemdestaque.com\/cd\/wp-content\/uploads\/2023\/01\/DSC_0264-1-scaled.jpg","type":"image\/jpeg"}],"author":"Not\u00edcias em Destaque","twitter_card":"summary_large_image","twitter_misc":{"Escrito por":"Not\u00edcias em Destaque","Est. tempo de leitura":"2 minutos"},"schema":{"@context":"https:\/\/schema.org","@graph":[{"@type":"Article","@id":"https:\/\/noticiasemdestaque.com\/cd\/?p=45713#article","isPartOf":{"@id":"https:\/\/noticiasemdestaque.com\/cd\/?p=45713"},"author":{"name":"Not\u00edcias em Destaque","@id":"https:\/\/noticiasemdestaque.com\/cd\/#\/schema\/person\/47f7d4f55eec17c6b2ca036c5500f6ce"},"headline":"Deputado Felipe Leit\u00e3o participa da Festa de S\u00e3o Sebasti\u00e3o em Amparo e reafirma seu compromisso com o munic\u00edpio","datePublished":"2023-01-22T15:48:26+00:00","dateModified":"2023-01-22T15:49:29+00:00","mainEntityOfPage":{"@id":"https:\/\/noticiasemdestaque.com\/cd\/?p=45713"},"wordCount":139,"publisher":{"@id":"https:\/\/noticiasemdestaque.com\/cd\/#organization"},"image":{"@id":"https:\/\/noticiasemdestaque.com\/cd\/?p=45713#primaryimage"},"thumbnailUrl":"https:\/\/noticiasemdestaque.com\/cd\/wp-content\/uploads\/2023\/01\/DSC_0264-1-scaled.jpg","articleSection":["Pol\u00edtica"],"inLanguage":"pt-BR"},{"@type":"WebPage","@id":"https:\/\/noticiasemdestaque.com\/cd\/?p=45713","url":"https:\/\/noticiasemdestaque.com\/cd\/?p=45713","name":"Deputado Felipe Leit\u00e3o participa da Festa de S\u00e3o Sebasti\u00e3o em Amparo e reafirma seu compromisso com o munic\u00edpio - Not&iacute;cias em Destaque","isPartOf":{"@id":"https:\/\/noticiasemdestaque.com\/cd\/#website"},"primaryImageOfPage":{"@id":"https:\/\/noticiasemdestaque.com\/cd\/?p=45713#primaryimage"},"image":{"@id":"https:\/\/noticiasemdestaque.com\/cd\/?p=45713#primaryimage"},"thumbnailUrl":"https:\/\/noticiasemdestaque.com\/cd\/wp-content\/uploads\/2023\/01\/DSC_0264-1-scaled.jpg","datePublished":"2023-01-22T15:48:26+00:00","dateModified":"2023-01-22T15:49:29+00:00","breadcrumb":{"@id":"https:\/\/noticiasemdestaque.com\/cd\/?p=45713#breadcrumb"},"inLanguage":"pt-BR","potentialAction":[{"@type":"ReadAction","target":["https:\/\/noticiasemdestaque.com\/cd\/?p=45713"]}]},{"@type":"ImageObject","inLanguage":"pt-BR","@id":"https:\/\/noticiasemdestaque.com\/cd\/?p=45713#primaryimage","url":"https:\/\/noticiasemdestaque.com\/cd\/wp-content\/uploads\/2023\/01\/DSC_0264-1-scaled.jpg","contentUrl":"https:\/\/noticiasemdestaque.com\/cd\/wp-content\/uploads\/2023\/01\/DSC_0264-1-scaled.jpg","width":2560,"height":1702},{"@type":"BreadcrumbList","@id":"https:\/\/noticiasemdestaque.com\/cd\/?p=45713#breadcrumb","itemListElement":[{"@type":"ListItem","position":1,"name":"In\u00edcio","item":"https:\/\/noticiasemdestaque.com\/cd\/"},{"@type":"ListItem","position":2,"name":"Deputado Felipe Leit\u00e3o participa da Festa de S\u00e3o Sebasti\u00e3o em Amparo e reafirma seu compromisso com o munic\u00edpio"}]},{"@type":"WebSite","@id":"https:\/\/noticiasemdestaque.com\/cd\/#website","url":"https:\/\/noticiasemdestaque.com\/cd\/","name":"Not&iacute;cias em Destaque","description":"","publisher":{"@id":"https:\/\/noticiasemdestaque.com\/cd\/#organization"},"potentialAction":[{"@type":"SearchAction","target":{"@type":"EntryPoint","urlTemplate":"https:\/\/noticiasemdestaque.com\/cd\/?s={search_term_string}"},"query-input":{"@type":"PropertyValueSpecification","valueRequired":true,"valueName":"search_term_string"}}],"inLanguage":"pt-BR"},{"@type":"Organization","@id":"https:\/\/noticiasemdestaque.com\/cd\/#organization","name":"Not\u00edcias em Destaque","url":"https:\/\/noticiasemdestaque.com\/cd\/","logo":{"@type":"ImageObject","inLanguage":"pt-BR","@id":"https:\/\/noticiasemdestaque.com\/cd\/#\/schema\/logo\/image\/","url":"https:\/\/noticiasemdestaque.com\/cd\/wp-content\/uploads\/2022\/05\/imagem-base-noticiasemdestaque.png","contentUrl":"https:\/\/noticiasemdestaque.com\/cd\/wp-content\/uploads\/2022\/05\/imagem-base-noticiasemdestaque.png","width":1200,"height":630,"caption":"Not\u00edcias em Destaque"},"image":{"@id":"https:\/\/noticiasemdestaque.com\/cd\/#\/schema\/logo\/image\/"}},{"@type":"Person","@id":"https:\/\/noticiasemdestaque.com\/cd\/#\/schema\/person\/47f7d4f55eec17c6b2ca036c5500f6ce","name":"Not\u00edcias em Destaque","url":"https:\/\/noticiasemdestaque.com\/cd\/?author=2"}]}},"jetpack_featured_media_url":"https:\/\/noticiasemdestaque.com\/cd\/wp-content\/uploads\/2023\/01\/DSC_0264-1-scaled.jpg","jetpack_sharing_enabled":true,"_links":{"self":[{"href":"https:\/\/noticiasemdestaque.com\/cd\/index.php?rest_route=\/wp\/v2\/posts\/45713","targetHints":{"allow":["GET"]}}],"collection":[{"href":"https:\/\/noticiasemdestaque.com\/cd\/index.php?rest_route=\/wp\/v2\/posts"}],"about":[{"href":"https:\/\/noticiasemdestaque.com\/cd\/index.php?rest_route=\/wp\/v2\/types\/post"}],"author":[{"embeddable":true,"href":"https:\/\/noticiasemdestaque.com\/cd\/index.php?rest_route=\/wp\/v2\/users\/2"}],"replies":[{"embeddable":true,"href":"https:\/\/noticiasemdestaque.com\/cd\/index.php?rest_route=%2Fwp%2Fv2%2Fcomments&post=45713"}],"version-history":[{"count":3,"href":"https:\/\/noticiasemdestaque.com\/cd\/index.php?rest_route=\/wp\/v2\/posts\/45713\/revisions"}],"predecessor-version":[{"id":45725,"href":"https:\/\/noticiasemdestaque.com\/cd\/index.php?rest_route=\/wp\/v2\/posts\/45713\/revisions\/45725"}],"wp:featuredmedia":[{"embeddable":true,"href":"https:\/\/noticiasemdestaque.com\/cd\/index.php?rest_route=\/wp\/v2\/media\/45715"}],"wp:attachment":[{"href":"https:\/\/noticiasemdestaque.com\/cd\/index.php?rest_route=%2Fwp%2Fv2%2Fmedia&parent=45713"}],"wp:term":[{"taxonomy":"category","embeddable":true,"href":"https:\/\/noticiasemdestaque.com\/cd\/index.php?rest_route=%2Fwp%2Fv2%2Fcategories&post=45713"},{"taxonomy":"post_tag","embeddable":true,"href":"https:\/\/noticiasemdestaque.com\/cd\/index.php?rest_route=%2Fwp%2Fv2%2Ftags&post=45713"}],"curies":[{"name":"wp","href":"https:\/\/api.w.org\/{rel}","templated":true}]}}