{"id":4570,"date":"2017-09-23T13:05:52","date_gmt":"2017-09-23T16:05:52","guid":{"rendered":"http:\/\/caririemdestaque.com\/cd\/?p=4570"},"modified":"2017-09-23T13:05:52","modified_gmt":"2017-09-23T16:05:52","slug":"pagamento-do-ipva-com-placa-final-9-deve-ser-antecipado-para-o-dia-29-diz-detran","status":"publish","type":"post","link":"https:\/\/noticiasemdestaque.com\/cd\/?p=4570","title":{"rendered":"Pagamento do IPVA com placa final 9 deve ser antecipado para o dia 29, diz Detran"},"content":{"rendered":"<p><a href=\"http:\/\/caririemdestaque.com\/cd\/wp-content\/uploads\/2017\/09\/IPVA-300x199.jpg\"><img fetchpriority=\"high\" decoding=\"async\" class=\"wp-image-4571 size-medium alignleft\" src=\"http:\/\/caririemdestaque.com\/cd\/wp-content\/uploads\/2017\/09\/IPVA-300x199-300x199.jpg\" alt=\"\" width=\"300\" height=\"199\" \/><\/a>Os propriet\u00e1rios de ve\u00edculos com placa final 9 dever\u00e3o antecipar o pagamento do Imposto sobre a Propriedade de Ve\u00edculos Automotores (IPVA) para o dia 29 de setembro para ganhar o direito do desconto e evitar multas e juros por atraso. Como o dia 30 ser\u00e1 um s\u00e1bado, o pagamento, de acordo com a legisla\u00e7\u00e3o do IPVA, precisa ser antecipado.<\/p>\n<p>Os contribuintes ter\u00e3o tr\u00eas op\u00e7\u00f5es de pagamento. A primeira delas \u00e9 \u00e0 vista em cota \u00fanica que garante desconto de 10%. A segunda op\u00e7\u00e3o \u00e9 o parcelamento em tr\u00eas vezes sem desconto, sendo a primeira com vencimento tamb\u00e9m no dia 29 de setembro. O propriet\u00e1rio tem ainda a op\u00e7\u00e3o do pagamento total do IPVA apenas no dia 30 de novembro sem o desconto de 10%.<\/p>\n<p>Tamb\u00e9m no \u00faltimo dia \u00fatil do m\u00eas se vence o pagamento do parcelamento da placa final 8 (segunda mensalidade) e a terceira e \u00faltima parcela para quem dividiu a placa final 7 em tr\u00eas vezes. J\u00e1 os propriet\u00e1rios de placa 6 que optaram por pagar a integralidade do IPVA com 90 dias ap\u00f3s a data do vencimento sem desconto, a data limite \u00e9 tamb\u00e9m dia 29 de setembro.<\/p>\n<p>Emiss\u00f5es do boleto \u2013 As emiss\u00f5es dos boletos do IPVA somente ser\u00e3o impressas via portais da Secretaria de Estado da Receita www.receita.pb.gov.br ou do Detran-<\/p>\n<p>PB http:\/\/www.detran.pb.gov.br. Para imprimir, o contribuinte vai precisar digitar apenas os n\u00fameros da placa do ve\u00edculo e do Renavam impressos no documento CRV (Certificado de Registro de Ve\u00edculo). O boleto do IPVA poder\u00e1 ser ainda emitido nas reparti\u00e7\u00f5es fiscais ou ent\u00e3o nas unidades do Detran-PB do Estado.<\/p>\n<p>Onde pagar \u2013 Al\u00e9m dos guich\u00eas das ag\u00eancias do Banco do Brasil (BB), associados e dos caixas de autoatendimento, os contribuintes poder\u00e3o ainda pagar de forma mais pr\u00e1tica no mobile banking \u2013 aplicativo dispon\u00edvel pelo BB para aparelhos m\u00f3veis como smartphones.<\/p>\n<p>Com ClickPB<\/p>\n","protected":false},"excerpt":{"rendered":"<p>Os propriet\u00e1rios de ve\u00edculos com placa final 9 dever\u00e3o antecipar o pagamento do Imposto sobre a Propriedade de Ve\u00edculos Automotores (IPVA) para o dia 29 de setembro para ganhar o direito do desconto e evitar multas e juros por atraso. Como o dia 30 ser\u00e1 um s\u00e1bado, o pagamento, de acordo com a legisla\u00e7\u00e3o do IPVA, precisa ser antecipado. Os contribuintes ter\u00e3o tr\u00eas op\u00e7\u00f5es de pagamento. A primeira delas \u00e9 \u00e0 vista em cota \u00fanica que garante desconto de 10%. A segunda op\u00e7\u00e3o \u00e9 o parcelamento em tr\u00eas vezes sem desconto, sendo a primeira com vencimento tamb\u00e9m no dia 29 de setembro. O propriet\u00e1rio tem ainda a op\u00e7\u00e3o do pagamento total do IPVA apenas no dia 30 de novembro sem o desconto de 10%. Tamb\u00e9m no \u00faltimo dia \u00fatil do m\u00eas se vence o pagamento do parcelamento da placa final 8 (segunda mensalidade) e a terceira e \u00faltima parcela para quem dividiu a placa final 7 em tr\u00eas vezes. J\u00e1 os propriet\u00e1rios de placa 6 que optaram por pagar a integralidade do IPVA com 90 dias ap\u00f3s a data do vencimento sem desconto, a data limite \u00e9 tamb\u00e9m dia 29 de setembro. Emiss\u00f5es do boleto \u2013 As emiss\u00f5es dos boletos do IPVA somente ser\u00e3o impressas via portais da Secretaria de Estado da Receita www.receita.pb.gov.br ou do Detran- PB http:\/\/www.detran.pb.gov.br. Para imprimir, o contribuinte vai precisar digitar apenas os n\u00fameros da placa do ve\u00edculo e do Renavam impressos no documento CRV (Certificado de Registro de Ve\u00edculo). O boleto do IPVA poder\u00e1 ser ainda emitido nas reparti\u00e7\u00f5es fiscais ou ent\u00e3o nas unidades do Detran-PB do Estado. Onde pagar \u2013 Al\u00e9m dos guich\u00eas das ag\u00eancias do Banco do Brasil (BB), associados e dos caixas de autoatendimento, os contribuintes poder\u00e3o ainda pagar de forma mais pr\u00e1tica no mobile banking \u2013 aplicativo dispon\u00edvel pelo BB para aparelhos m\u00f3veis como smartphones. Com ClickPB<\/p>\n","protected":false},"author":2,"featured_media":0,"comment_status":"closed","ping_status":"open","sticky":false,"template":"","format":"standard","meta":{"_eb_attr":"","_jetpack_memberships_contains_paid_content":false,"footnotes":""},"categories":[11],"tags":[],"class_list":["post-4570","post","type-post","status-publish","format-standard","hentry","category-economia"],"yoast_head":"<!-- This site is optimized with the Yoast SEO plugin v26.5 - https:\/\/yoast.com\/wordpress\/plugins\/seo\/ -->\n<title>Pagamento do IPVA com placa final 9 deve ser antecipado para o dia 29, diz Detran - Not&iacute;cias em Destaque<\/title>\n<meta name=\"robots\" content=\"index, follow, max-snippet:-1, max-image-preview:large, max-video-preview:-1\" \/>\n<link rel=\"canonical\" href=\"https:\/\/noticiasemdestaque.com\/cd\/?p=4570\" \/>\n<meta property=\"og:locale\" content=\"pt_BR\" \/>\n<meta property=\"og:type\" content=\"article\" \/>\n<meta property=\"og:title\" content=\"Pagamento do IPVA com placa final 9 deve ser antecipado para o dia 29, diz Detran - Not&iacute;cias em Destaque\" \/>\n<meta property=\"og:description\" content=\"Os propriet\u00e1rios de ve\u00edculos com placa final 9 dever\u00e3o antecipar o pagamento do Imposto sobre a Propriedade de Ve\u00edculos Automotores (IPVA) para o dia 29 de setembro para ganhar o direito do desconto e evitar multas e juros por atraso. Como o dia 30 ser\u00e1 um s\u00e1bado, o pagamento, de acordo com a legisla\u00e7\u00e3o do IPVA, precisa ser antecipado. Os contribuintes ter\u00e3o tr\u00eas op\u00e7\u00f5es de pagamento. A primeira delas \u00e9 \u00e0 vista em cota \u00fanica que garante desconto de 10%. A segunda op\u00e7\u00e3o \u00e9 o parcelamento em tr\u00eas vezes sem desconto, sendo a primeira com vencimento tamb\u00e9m no dia 29 de setembro. O propriet\u00e1rio tem ainda a op\u00e7\u00e3o do pagamento total do IPVA apenas no dia 30 de novembro sem o desconto de 10%. Tamb\u00e9m no \u00faltimo dia \u00fatil do m\u00eas se vence o pagamento do parcelamento da placa final 8 (segunda mensalidade) e a terceira e \u00faltima parcela para quem dividiu a placa final 7 em tr\u00eas vezes. J\u00e1 os propriet\u00e1rios de placa 6 que optaram por pagar a integralidade do IPVA com 90 dias ap\u00f3s a data do vencimento sem desconto, a data limite \u00e9 tamb\u00e9m dia 29 de setembro. Emiss\u00f5es do boleto \u2013 As emiss\u00f5es dos boletos do IPVA somente ser\u00e3o impressas via portais da Secretaria de Estado da Receita www.receita.pb.gov.br ou do Detran- PB http:\/\/www.detran.pb.gov.br. Para imprimir, o contribuinte vai precisar digitar apenas os n\u00fameros da placa do ve\u00edculo e do Renavam impressos no documento CRV (Certificado de Registro de Ve\u00edculo). O boleto do IPVA poder\u00e1 ser ainda emitido nas reparti\u00e7\u00f5es fiscais ou ent\u00e3o nas unidades do Detran-PB do Estado. Onde pagar \u2013 Al\u00e9m dos guich\u00eas das ag\u00eancias do Banco do Brasil (BB), associados e dos caixas de autoatendimento, os contribuintes poder\u00e3o ainda pagar de forma mais pr\u00e1tica no mobile banking \u2013 aplicativo dispon\u00edvel pelo BB para aparelhos m\u00f3veis como smartphones. Com ClickPB\" \/>\n<meta property=\"og:url\" content=\"https:\/\/noticiasemdestaque.com\/cd\/?p=4570\" \/>\n<meta property=\"og:site_name\" content=\"Not&iacute;cias em Destaque\" \/>\n<meta property=\"article:published_time\" content=\"2017-09-23T16:05:52+00:00\" \/>\n<meta property=\"og:image\" content=\"http:\/\/caririemdestaque.com\/cd\/wp-content\/uploads\/2017\/09\/IPVA-300x199-300x199.jpg\" \/>\n<meta name=\"author\" content=\"Not\u00edcias em Destaque\" \/>\n<meta name=\"twitter:card\" content=\"summary_large_image\" \/>\n<meta name=\"twitter:label1\" content=\"Escrito por\" \/>\n\t<meta name=\"twitter:data1\" content=\"Not\u00edcias em Destaque\" \/>\n\t<meta name=\"twitter:label2\" content=\"Est. tempo de leitura\" \/>\n\t<meta name=\"twitter:data2\" content=\"2 minutos\" \/>\n<script type=\"application\/ld+json\" class=\"yoast-schema-graph\">{\"@context\":\"https:\/\/schema.org\",\"@graph\":[{\"@type\":\"Article\",\"@id\":\"https:\/\/noticiasemdestaque.com\/cd\/?p=4570#article\",\"isPartOf\":{\"@id\":\"https:\/\/noticiasemdestaque.com\/cd\/?p=4570\"},\"author\":{\"name\":\"Not\u00edcias em Destaque\",\"@id\":\"https:\/\/noticiasemdestaque.com\/cd\/#\/schema\/person\/21320b03a7e8bb90128938dafc9b908a\"},\"headline\":\"Pagamento do IPVA com placa final 9 deve ser antecipado para o dia 29, diz Detran\",\"datePublished\":\"2017-09-23T16:05:52+00:00\",\"mainEntityOfPage\":{\"@id\":\"https:\/\/noticiasemdestaque.com\/cd\/?p=4570\"},\"wordCount\":346,\"publisher\":{\"@id\":\"https:\/\/noticiasemdestaque.com\/cd\/#organization\"},\"image\":{\"@id\":\"https:\/\/noticiasemdestaque.com\/cd\/?p=4570#primaryimage\"},\"thumbnailUrl\":\"http:\/\/caririemdestaque.com\/cd\/wp-content\/uploads\/2017\/09\/IPVA-300x199-300x199.jpg\",\"articleSection\":[\"Economia\"],\"inLanguage\":\"pt-BR\"},{\"@type\":\"WebPage\",\"@id\":\"https:\/\/noticiasemdestaque.com\/cd\/?p=4570\",\"url\":\"https:\/\/noticiasemdestaque.com\/cd\/?p=4570\",\"name\":\"Pagamento do IPVA com placa final 9 deve ser antecipado para o dia 29, diz Detran - Not&iacute;cias em Destaque\",\"isPartOf\":{\"@id\":\"https:\/\/noticiasemdestaque.com\/cd\/#website\"},\"primaryImageOfPage\":{\"@id\":\"https:\/\/noticiasemdestaque.com\/cd\/?p=4570#primaryimage\"},\"image\":{\"@id\":\"https:\/\/noticiasemdestaque.com\/cd\/?p=4570#primaryimage\"},\"thumbnailUrl\":\"http:\/\/caririemdestaque.com\/cd\/wp-content\/uploads\/2017\/09\/IPVA-300x199-300x199.jpg\",\"datePublished\":\"2017-09-23T16:05:52+00:00\",\"breadcrumb\":{\"@id\":\"https:\/\/noticiasemdestaque.com\/cd\/?p=4570#breadcrumb\"},\"inLanguage\":\"pt-BR\",\"potentialAction\":[{\"@type\":\"ReadAction\",\"target\":[\"https:\/\/noticiasemdestaque.com\/cd\/?p=4570\"]}]},{\"@type\":\"ImageObject\",\"inLanguage\":\"pt-BR\",\"@id\":\"https:\/\/noticiasemdestaque.com\/cd\/?p=4570#primaryimage\",\"url\":\"http:\/\/caririemdestaque.com\/cd\/wp-content\/uploads\/2017\/09\/IPVA-300x199-300x199.jpg\",\"contentUrl\":\"http:\/\/caririemdestaque.com\/cd\/wp-content\/uploads\/2017\/09\/IPVA-300x199-300x199.jpg\"},{\"@type\":\"BreadcrumbList\",\"@id\":\"https:\/\/noticiasemdestaque.com\/cd\/?p=4570#breadcrumb\",\"itemListElement\":[{\"@type\":\"ListItem\",\"position\":1,\"name\":\"In\u00edcio\",\"item\":\"https:\/\/noticiasemdestaque.com\/cd\/\"},{\"@type\":\"ListItem\",\"position\":2,\"name\":\"Pagamento do IPVA com placa final 9 deve ser antecipado para o dia 29, diz Detran\"}]},{\"@type\":\"WebSite\",\"@id\":\"https:\/\/noticiasemdestaque.com\/cd\/#website\",\"url\":\"https:\/\/noticiasemdestaque.com\/cd\/\",\"name\":\"Not&iacute;cias em Destaque\",\"description\":\"\",\"publisher\":{\"@id\":\"https:\/\/noticiasemdestaque.com\/cd\/#organization\"},\"potentialAction\":[{\"@type\":\"SearchAction\",\"target\":{\"@type\":\"EntryPoint\",\"urlTemplate\":\"https:\/\/noticiasemdestaque.com\/cd\/?s={search_term_string}\"},\"query-input\":{\"@type\":\"PropertyValueSpecification\",\"valueRequired\":true,\"valueName\":\"search_term_string\"}}],\"inLanguage\":\"pt-BR\"},{\"@type\":\"Organization\",\"@id\":\"https:\/\/noticiasemdestaque.com\/cd\/#organization\",\"name\":\"Not\u00edcias em Destaque\",\"url\":\"https:\/\/noticiasemdestaque.com\/cd\/\",\"logo\":{\"@type\":\"ImageObject\",\"inLanguage\":\"pt-BR\",\"@id\":\"https:\/\/noticiasemdestaque.com\/cd\/#\/schema\/logo\/image\/\",\"url\":\"https:\/\/noticiasemdestaque.com\/cd\/wp-content\/uploads\/2022\/05\/imagem-base-noticiasemdestaque.png\",\"contentUrl\":\"https:\/\/noticiasemdestaque.com\/cd\/wp-content\/uploads\/2022\/05\/imagem-base-noticiasemdestaque.png\",\"width\":1200,\"height\":630,\"caption\":\"Not\u00edcias em Destaque\"},\"image\":{\"@id\":\"https:\/\/noticiasemdestaque.com\/cd\/#\/schema\/logo\/image\/\"}},{\"@type\":\"Person\",\"@id\":\"https:\/\/noticiasemdestaque.com\/cd\/#\/schema\/person\/21320b03a7e8bb90128938dafc9b908a\",\"name\":\"Not\u00edcias em Destaque\",\"url\":\"https:\/\/noticiasemdestaque.com\/cd\/?author=2\"}]}<\/script>\n<!-- \/ Yoast SEO plugin. -->","yoast_head_json":{"title":"Pagamento do IPVA com placa final 9 deve ser antecipado para o dia 29, diz Detran - Not&iacute;cias em Destaque","robots":{"index":"index","follow":"follow","max-snippet":"max-snippet:-1","max-image-preview":"max-image-preview:large","max-video-preview":"max-video-preview:-1"},"canonical":"https:\/\/noticiasemdestaque.com\/cd\/?p=4570","og_locale":"pt_BR","og_type":"article","og_title":"Pagamento do IPVA com placa final 9 deve ser antecipado para o dia 29, diz Detran - Not&iacute;cias em Destaque","og_description":"Os propriet\u00e1rios de ve\u00edculos com placa final 9 dever\u00e3o antecipar o pagamento do Imposto sobre a Propriedade de Ve\u00edculos Automotores (IPVA) para o dia 29 de setembro para ganhar o direito do desconto e evitar multas e juros por atraso. Como o dia 30 ser\u00e1 um s\u00e1bado, o pagamento, de acordo com a legisla\u00e7\u00e3o do IPVA, precisa ser antecipado. Os contribuintes ter\u00e3o tr\u00eas op\u00e7\u00f5es de pagamento. A primeira delas \u00e9 \u00e0 vista em cota \u00fanica que garante desconto de 10%. A segunda op\u00e7\u00e3o \u00e9 o parcelamento em tr\u00eas vezes sem desconto, sendo a primeira com vencimento tamb\u00e9m no dia 29 de setembro. O propriet\u00e1rio tem ainda a op\u00e7\u00e3o do pagamento total do IPVA apenas no dia 30 de novembro sem o desconto de 10%. Tamb\u00e9m no \u00faltimo dia \u00fatil do m\u00eas se vence o pagamento do parcelamento da placa final 8 (segunda mensalidade) e a terceira e \u00faltima parcela para quem dividiu a placa final 7 em tr\u00eas vezes. J\u00e1 os propriet\u00e1rios de placa 6 que optaram por pagar a integralidade do IPVA com 90 dias ap\u00f3s a data do vencimento sem desconto, a data limite \u00e9 tamb\u00e9m dia 29 de setembro. Emiss\u00f5es do boleto \u2013 As emiss\u00f5es dos boletos do IPVA somente ser\u00e3o impressas via portais da Secretaria de Estado da Receita www.receita.pb.gov.br ou do Detran- PB http:\/\/www.detran.pb.gov.br. Para imprimir, o contribuinte vai precisar digitar apenas os n\u00fameros da placa do ve\u00edculo e do Renavam impressos no documento CRV (Certificado de Registro de Ve\u00edculo). O boleto do IPVA poder\u00e1 ser ainda emitido nas reparti\u00e7\u00f5es fiscais ou ent\u00e3o nas unidades do Detran-PB do Estado. Onde pagar \u2013 Al\u00e9m dos guich\u00eas das ag\u00eancias do Banco do Brasil (BB), associados e dos caixas de autoatendimento, os contribuintes poder\u00e3o ainda pagar de forma mais pr\u00e1tica no mobile banking \u2013 aplicativo dispon\u00edvel pelo BB para aparelhos m\u00f3veis como smartphones. Com ClickPB","og_url":"https:\/\/noticiasemdestaque.com\/cd\/?p=4570","og_site_name":"Not&iacute;cias em Destaque","article_published_time":"2017-09-23T16:05:52+00:00","og_image":[{"url":"http:\/\/caririemdestaque.com\/cd\/wp-content\/uploads\/2017\/09\/IPVA-300x199-300x199.jpg","type":"","width":"","height":""}],"author":"Not\u00edcias em Destaque","twitter_card":"summary_large_image","twitter_misc":{"Escrito por":"Not\u00edcias em Destaque","Est. tempo de leitura":"2 minutos"},"schema":{"@context":"https:\/\/schema.org","@graph":[{"@type":"Article","@id":"https:\/\/noticiasemdestaque.com\/cd\/?p=4570#article","isPartOf":{"@id":"https:\/\/noticiasemdestaque.com\/cd\/?p=4570"},"author":{"name":"Not\u00edcias em Destaque","@id":"https:\/\/noticiasemdestaque.com\/cd\/#\/schema\/person\/21320b03a7e8bb90128938dafc9b908a"},"headline":"Pagamento do IPVA com placa final 9 deve ser antecipado para o dia 29, diz Detran","datePublished":"2017-09-23T16:05:52+00:00","mainEntityOfPage":{"@id":"https:\/\/noticiasemdestaque.com\/cd\/?p=4570"},"wordCount":346,"publisher":{"@id":"https:\/\/noticiasemdestaque.com\/cd\/#organization"},"image":{"@id":"https:\/\/noticiasemdestaque.com\/cd\/?p=4570#primaryimage"},"thumbnailUrl":"http:\/\/caririemdestaque.com\/cd\/wp-content\/uploads\/2017\/09\/IPVA-300x199-300x199.jpg","articleSection":["Economia"],"inLanguage":"pt-BR"},{"@type":"WebPage","@id":"https:\/\/noticiasemdestaque.com\/cd\/?p=4570","url":"https:\/\/noticiasemdestaque.com\/cd\/?p=4570","name":"Pagamento do IPVA com placa final 9 deve ser antecipado para o dia 29, diz Detran - Not&iacute;cias em Destaque","isPartOf":{"@id":"https:\/\/noticiasemdestaque.com\/cd\/#website"},"primaryImageOfPage":{"@id":"https:\/\/noticiasemdestaque.com\/cd\/?p=4570#primaryimage"},"image":{"@id":"https:\/\/noticiasemdestaque.com\/cd\/?p=4570#primaryimage"},"thumbnailUrl":"http:\/\/caririemdestaque.com\/cd\/wp-content\/uploads\/2017\/09\/IPVA-300x199-300x199.jpg","datePublished":"2017-09-23T16:05:52+00:00","breadcrumb":{"@id":"https:\/\/noticiasemdestaque.com\/cd\/?p=4570#breadcrumb"},"inLanguage":"pt-BR","potentialAction":[{"@type":"ReadAction","target":["https:\/\/noticiasemdestaque.com\/cd\/?p=4570"]}]},{"@type":"ImageObject","inLanguage":"pt-BR","@id":"https:\/\/noticiasemdestaque.com\/cd\/?p=4570#primaryimage","url":"http:\/\/caririemdestaque.com\/cd\/wp-content\/uploads\/2017\/09\/IPVA-300x199-300x199.jpg","contentUrl":"http:\/\/caririemdestaque.com\/cd\/wp-content\/uploads\/2017\/09\/IPVA-300x199-300x199.jpg"},{"@type":"BreadcrumbList","@id":"https:\/\/noticiasemdestaque.com\/cd\/?p=4570#breadcrumb","itemListElement":[{"@type":"ListItem","position":1,"name":"In\u00edcio","item":"https:\/\/noticiasemdestaque.com\/cd\/"},{"@type":"ListItem","position":2,"name":"Pagamento do IPVA com placa final 9 deve ser antecipado para o dia 29, diz Detran"}]},{"@type":"WebSite","@id":"https:\/\/noticiasemdestaque.com\/cd\/#website","url":"https:\/\/noticiasemdestaque.com\/cd\/","name":"Not&iacute;cias em Destaque","description":"","publisher":{"@id":"https:\/\/noticiasemdestaque.com\/cd\/#organization"},"potentialAction":[{"@type":"SearchAction","target":{"@type":"EntryPoint","urlTemplate":"https:\/\/noticiasemdestaque.com\/cd\/?s={search_term_string}"},"query-input":{"@type":"PropertyValueSpecification","valueRequired":true,"valueName":"search_term_string"}}],"inLanguage":"pt-BR"},{"@type":"Organization","@id":"https:\/\/noticiasemdestaque.com\/cd\/#organization","name":"Not\u00edcias em Destaque","url":"https:\/\/noticiasemdestaque.com\/cd\/","logo":{"@type":"ImageObject","inLanguage":"pt-BR","@id":"https:\/\/noticiasemdestaque.com\/cd\/#\/schema\/logo\/image\/","url":"https:\/\/noticiasemdestaque.com\/cd\/wp-content\/uploads\/2022\/05\/imagem-base-noticiasemdestaque.png","contentUrl":"https:\/\/noticiasemdestaque.com\/cd\/wp-content\/uploads\/2022\/05\/imagem-base-noticiasemdestaque.png","width":1200,"height":630,"caption":"Not\u00edcias em Destaque"},"image":{"@id":"https:\/\/noticiasemdestaque.com\/cd\/#\/schema\/logo\/image\/"}},{"@type":"Person","@id":"https:\/\/noticiasemdestaque.com\/cd\/#\/schema\/person\/21320b03a7e8bb90128938dafc9b908a","name":"Not\u00edcias em Destaque","url":"https:\/\/noticiasemdestaque.com\/cd\/?author=2"}]}},"jetpack_featured_media_url":"","jetpack_sharing_enabled":true,"_links":{"self":[{"href":"https:\/\/noticiasemdestaque.com\/cd\/index.php?rest_route=\/wp\/v2\/posts\/4570","targetHints":{"allow":["GET"]}}],"collection":[{"href":"https:\/\/noticiasemdestaque.com\/cd\/index.php?rest_route=\/wp\/v2\/posts"}],"about":[{"href":"https:\/\/noticiasemdestaque.com\/cd\/index.php?rest_route=\/wp\/v2\/types\/post"}],"author":[{"embeddable":true,"href":"https:\/\/noticiasemdestaque.com\/cd\/index.php?rest_route=\/wp\/v2\/users\/2"}],"replies":[{"embeddable":true,"href":"https:\/\/noticiasemdestaque.com\/cd\/index.php?rest_route=%2Fwp%2Fv2%2Fcomments&post=4570"}],"version-history":[{"count":1,"href":"https:\/\/noticiasemdestaque.com\/cd\/index.php?rest_route=\/wp\/v2\/posts\/4570\/revisions"}],"predecessor-version":[{"id":4572,"href":"https:\/\/noticiasemdestaque.com\/cd\/index.php?rest_route=\/wp\/v2\/posts\/4570\/revisions\/4572"}],"wp:attachment":[{"href":"https:\/\/noticiasemdestaque.com\/cd\/index.php?rest_route=%2Fwp%2Fv2%2Fmedia&parent=4570"}],"wp:term":[{"taxonomy":"category","embeddable":true,"href":"https:\/\/noticiasemdestaque.com\/cd\/index.php?rest_route=%2Fwp%2Fv2%2Fcategories&post=4570"},{"taxonomy":"post_tag","embeddable":true,"href":"https:\/\/noticiasemdestaque.com\/cd\/index.php?rest_route=%2Fwp%2Fv2%2Ftags&post=4570"}],"curies":[{"name":"wp","href":"https:\/\/api.w.org\/{rel}","templated":true}]}}