{"id":45687,"date":"2023-01-21T09:59:35","date_gmt":"2023-01-21T12:59:35","guid":{"rendered":"https:\/\/noticiasemdestaque.com\/cd\/?p=45687"},"modified":"2023-01-21T09:59:35","modified_gmt":"2023-01-21T12:59:35","slug":"matriculas-em-escolas-estaduais-da-paraiba-terminam-neste-sabado","status":"publish","type":"post","link":"https:\/\/noticiasemdestaque.com\/cd\/?p=45687","title":{"rendered":"Matr\u00edculas em escolas estaduais da Para\u00edba terminam neste s\u00e1bado"},"content":{"rendered":"<p>As matr\u00edculas da rede estadual de ensino da Para\u00edba para alunos veteranos e novatos terminam neste s\u00e1bado (21).<\/p>\n<p>Os alunos novatos que est\u00e3o saindo de escolas municipais, privadas ou federais precisam fazer um cadastro escolar online, no\u00a0<strong><a href=\"https:\/\/matricula.see.pb.gov.br\/\">site da Secretaria de Estado da Educa\u00e7\u00e3o e da Ci\u00eancia e Tecnologia da Para\u00edba<\/a><\/strong>\u00a0(SEECT-PB).<\/p>\n<p>O cadastro dever\u00e1 ser feito pelos estudantes novatos que v\u00eam de escolas municipais, privadas ou federais. Os alunos ter\u00e3o a possibilidade de escolher cinco escolas, com ordem de prefer\u00eancia, al\u00e9m de optar pelo n\u00edvel de ensino (infantil, fundamental ou m\u00e9dio), e a modalidade de ensino (regular ou integral), no caso das Escolas Integrais T\u00e9cnicas, os alunos tamb\u00e9m devem escolher o curso que desejam ingressar.<\/p>\n<p>Os estudantes tamb\u00e9m precisam informar os dados pessoais, com toda a documenta\u00e7\u00e3o exigida nas demais modalidades de matr\u00edcula, e, com exce\u00e7\u00e3o dos alunos da educa\u00e7\u00e3o infantil, as m\u00e9dias anuais (referentes a 2021 e 2022) das disciplinas de portugu\u00eas e matem\u00e1tica. Al\u00e9m disso, o hist\u00f3rico escolar e a declara\u00e7\u00e3o de escolaridade emitida pela escola anterior tamb\u00e9m ser\u00e3o exigidas no ato da matr\u00edcula.<\/p>\n<div>\n<div><span class=\"ctaText\">Veja tamb\u00e9m<\/span>\u00a0\u00a0<span class=\"postTitle\">Campina Grande amplia hor\u00e1rio da Biblioteca Municipal em fevereiro<\/span><\/div>\n<\/div>\n<p>As vagas para as escolas da rede estadual de ensino ser\u00e3o definidas com base nos seguintes crit\u00e9rios: proximidade da escola em rela\u00e7\u00e3o \u00e0 resid\u00eancia do estudante, estudantes provenientes de escolas p\u00fablicas, estudantes que tiverem irm\u00e3os que solicitaram matr\u00edculas na mesma escola. Haver\u00e1 processo seletivo simplificado, de acordo com as m\u00e9dias anuais de portugu\u00eas e matem\u00e1tica, nas escolas que registrarem alta demanda de solicita\u00e7\u00f5es de matr\u00edcula.<\/p>\n<div id=\"ad-texto-mix-lg-0\" class=\"ads artigo d-none d-md-flex justify-content-center ad-texto-mix-lg\"><\/div>\n<p>A efetiva\u00e7\u00e3o das matr\u00edculas dos estudantes ser\u00e1 realizada pelas pr\u00f3prias escolas, por meio do site disponibilizado pela SEECT-PB, e ser\u00e1 confirmada de forma concomitante. Por esse mesmo endere\u00e7o eletr\u00f4nico, os alunos novatos e veteranos podem acompanhar a situa\u00e7\u00e3o da solicita\u00e7\u00e3o de matr\u00edcula. O per\u00edodo de ajuste de matr\u00edculas ser\u00e1 feito at\u00e9 30 de janeiro.<\/p>\n<p><strong>Noticias em Destaque<\/strong><\/p>\n<p style=\"text-align: right;\"><em>Fonte: Jornal da Paraiba<\/em><\/p>\n","protected":false},"excerpt":{"rendered":"<p>As matr\u00edculas da rede estadual de ensino da Para\u00edba para alunos veteranos e novatos terminam neste s\u00e1bado (21). Os alunos novatos que est\u00e3o saindo de escolas municipais, privadas ou federais precisam fazer um cadastro escolar online, no\u00a0site da Secretaria de Estado da Educa\u00e7\u00e3o e da Ci\u00eancia e Tecnologia da Para\u00edba\u00a0(SEECT-PB). O cadastro dever\u00e1 ser feito pelos estudantes novatos que v\u00eam de escolas municipais, privadas ou federais. Os alunos ter\u00e3o a possibilidade de escolher cinco escolas, com ordem de prefer\u00eancia, al\u00e9m de optar pelo n\u00edvel de ensino (infantil, fundamental ou m\u00e9dio), e a modalidade de ensino (regular ou integral), no caso das Escolas Integrais T\u00e9cnicas, os alunos tamb\u00e9m devem escolher o curso que desejam ingressar. Os estudantes tamb\u00e9m precisam informar os dados pessoais, com toda a documenta\u00e7\u00e3o exigida nas demais modalidades de matr\u00edcula, e, com exce\u00e7\u00e3o dos alunos da educa\u00e7\u00e3o infantil, as m\u00e9dias anuais (referentes a 2021 e 2022) das disciplinas de portugu\u00eas e matem\u00e1tica. Al\u00e9m disso, o hist\u00f3rico escolar e a declara\u00e7\u00e3o de escolaridade emitida pela escola anterior tamb\u00e9m ser\u00e3o exigidas no ato da matr\u00edcula. Veja tamb\u00e9m\u00a0\u00a0Campina Grande amplia hor\u00e1rio da Biblioteca Municipal em fevereiro As vagas para as escolas da rede estadual de ensino ser\u00e3o definidas com base nos seguintes crit\u00e9rios: proximidade da escola em rela\u00e7\u00e3o \u00e0 resid\u00eancia do estudante, estudantes provenientes de escolas p\u00fablicas, estudantes que tiverem irm\u00e3os que solicitaram matr\u00edculas na mesma escola. Haver\u00e1 processo seletivo simplificado, de acordo com as m\u00e9dias anuais de portugu\u00eas e matem\u00e1tica, nas escolas que registrarem alta demanda de solicita\u00e7\u00f5es de matr\u00edcula. A efetiva\u00e7\u00e3o das matr\u00edculas dos estudantes ser\u00e1 realizada pelas pr\u00f3prias escolas, por meio do site disponibilizado pela SEECT-PB, e ser\u00e1 confirmada de forma concomitante. Por esse mesmo endere\u00e7o eletr\u00f4nico, os alunos novatos e veteranos podem acompanhar a situa\u00e7\u00e3o da solicita\u00e7\u00e3o de matr\u00edcula. O per\u00edodo de ajuste de matr\u00edculas ser\u00e1 feito at\u00e9 30 de janeiro. Noticias em Destaque Fonte: Jornal da Paraiba<\/p>\n","protected":false},"author":2,"featured_media":21804,"comment_status":"closed","ping_status":"open","sticky":false,"template":"","format":"standard","meta":{"_eb_attr":"","_jetpack_memberships_contains_paid_content":false,"footnotes":""},"categories":[6],"tags":[],"class_list":["post-45687","post","type-post","status-publish","format-standard","has-post-thumbnail","hentry","category-educacao"],"yoast_head":"<!-- This site is optimized with the Yoast SEO plugin v26.5 - https:\/\/yoast.com\/wordpress\/plugins\/seo\/ -->\n<title>Matr\u00edculas em escolas estaduais da Para\u00edba terminam neste s\u00e1bado - Not&iacute;cias em Destaque<\/title>\n<meta name=\"robots\" content=\"index, follow, max-snippet:-1, max-image-preview:large, max-video-preview:-1\" \/>\n<link rel=\"canonical\" href=\"https:\/\/noticiasemdestaque.com\/cd\/?p=45687\" \/>\n<meta property=\"og:locale\" content=\"pt_BR\" \/>\n<meta property=\"og:type\" content=\"article\" \/>\n<meta property=\"og:title\" content=\"Matr\u00edculas em escolas estaduais da Para\u00edba terminam neste s\u00e1bado - Not&iacute;cias em Destaque\" \/>\n<meta property=\"og:description\" content=\"As matr\u00edculas da rede estadual de ensino da Para\u00edba para alunos veteranos e novatos terminam neste s\u00e1bado (21). Os alunos novatos que est\u00e3o saindo de escolas municipais, privadas ou federais precisam fazer um cadastro escolar online, no\u00a0site da Secretaria de Estado da Educa\u00e7\u00e3o e da Ci\u00eancia e Tecnologia da Para\u00edba\u00a0(SEECT-PB). O cadastro dever\u00e1 ser feito pelos estudantes novatos que v\u00eam de escolas municipais, privadas ou federais. Os alunos ter\u00e3o a possibilidade de escolher cinco escolas, com ordem de prefer\u00eancia, al\u00e9m de optar pelo n\u00edvel de ensino (infantil, fundamental ou m\u00e9dio), e a modalidade de ensino (regular ou integral), no caso das Escolas Integrais T\u00e9cnicas, os alunos tamb\u00e9m devem escolher o curso que desejam ingressar. Os estudantes tamb\u00e9m precisam informar os dados pessoais, com toda a documenta\u00e7\u00e3o exigida nas demais modalidades de matr\u00edcula, e, com exce\u00e7\u00e3o dos alunos da educa\u00e7\u00e3o infantil, as m\u00e9dias anuais (referentes a 2021 e 2022) das disciplinas de portugu\u00eas e matem\u00e1tica. Al\u00e9m disso, o hist\u00f3rico escolar e a declara\u00e7\u00e3o de escolaridade emitida pela escola anterior tamb\u00e9m ser\u00e3o exigidas no ato da matr\u00edcula. Veja tamb\u00e9m\u00a0\u00a0Campina Grande amplia hor\u00e1rio da Biblioteca Municipal em fevereiro As vagas para as escolas da rede estadual de ensino ser\u00e3o definidas com base nos seguintes crit\u00e9rios: proximidade da escola em rela\u00e7\u00e3o \u00e0 resid\u00eancia do estudante, estudantes provenientes de escolas p\u00fablicas, estudantes que tiverem irm\u00e3os que solicitaram matr\u00edculas na mesma escola. Haver\u00e1 processo seletivo simplificado, de acordo com as m\u00e9dias anuais de portugu\u00eas e matem\u00e1tica, nas escolas que registrarem alta demanda de solicita\u00e7\u00f5es de matr\u00edcula. A efetiva\u00e7\u00e3o das matr\u00edculas dos estudantes ser\u00e1 realizada pelas pr\u00f3prias escolas, por meio do site disponibilizado pela SEECT-PB, e ser\u00e1 confirmada de forma concomitante. Por esse mesmo endere\u00e7o eletr\u00f4nico, os alunos novatos e veteranos podem acompanhar a situa\u00e7\u00e3o da solicita\u00e7\u00e3o de matr\u00edcula. O per\u00edodo de ajuste de matr\u00edculas ser\u00e1 feito at\u00e9 30 de janeiro. Noticias em Destaque Fonte: Jornal da Paraiba\" \/>\n<meta property=\"og:url\" content=\"https:\/\/noticiasemdestaque.com\/cd\/?p=45687\" \/>\n<meta property=\"og:site_name\" content=\"Not&iacute;cias em Destaque\" \/>\n<meta property=\"article:published_time\" content=\"2023-01-21T12:59:35+00:00\" \/>\n<meta property=\"og:image\" content=\"https:\/\/noticiasemdestaque.com\/cd\/wp-content\/uploads\/2020\/01\/232023.jpg\" \/>\n\t<meta property=\"og:image:width\" content=\"600\" \/>\n\t<meta property=\"og:image:height\" content=\"400\" \/>\n\t<meta property=\"og:image:type\" content=\"image\/jpeg\" \/>\n<meta name=\"author\" content=\"Not\u00edcias em Destaque\" \/>\n<meta name=\"twitter:card\" content=\"summary_large_image\" \/>\n<meta name=\"twitter:label1\" content=\"Escrito por\" \/>\n\t<meta name=\"twitter:data1\" content=\"Not\u00edcias em Destaque\" \/>\n\t<meta name=\"twitter:label2\" content=\"Est. tempo de leitura\" \/>\n\t<meta name=\"twitter:data2\" content=\"2 minutos\" \/>\n<script type=\"application\/ld+json\" class=\"yoast-schema-graph\">{\"@context\":\"https:\/\/schema.org\",\"@graph\":[{\"@type\":\"Article\",\"@id\":\"https:\/\/noticiasemdestaque.com\/cd\/?p=45687#article\",\"isPartOf\":{\"@id\":\"https:\/\/noticiasemdestaque.com\/cd\/?p=45687\"},\"author\":{\"name\":\"Not\u00edcias em Destaque\",\"@id\":\"https:\/\/noticiasemdestaque.com\/cd\/#\/schema\/person\/47f7d4f55eec17c6b2ca036c5500f6ce\"},\"headline\":\"Matr\u00edculas em escolas estaduais da Para\u00edba terminam neste s\u00e1bado\",\"datePublished\":\"2023-01-21T12:59:35+00:00\",\"mainEntityOfPage\":{\"@id\":\"https:\/\/noticiasemdestaque.com\/cd\/?p=45687\"},\"wordCount\":374,\"publisher\":{\"@id\":\"https:\/\/noticiasemdestaque.com\/cd\/#organization\"},\"image\":{\"@id\":\"https:\/\/noticiasemdestaque.com\/cd\/?p=45687#primaryimage\"},\"thumbnailUrl\":\"https:\/\/noticiasemdestaque.com\/cd\/wp-content\/uploads\/2020\/01\/232023.jpg\",\"articleSection\":[\"Educa\u00e7\u00e3o\"],\"inLanguage\":\"pt-BR\"},{\"@type\":\"WebPage\",\"@id\":\"https:\/\/noticiasemdestaque.com\/cd\/?p=45687\",\"url\":\"https:\/\/noticiasemdestaque.com\/cd\/?p=45687\",\"name\":\"Matr\u00edculas em escolas estaduais da Para\u00edba terminam neste s\u00e1bado - Not&iacute;cias em Destaque\",\"isPartOf\":{\"@id\":\"https:\/\/noticiasemdestaque.com\/cd\/#website\"},\"primaryImageOfPage\":{\"@id\":\"https:\/\/noticiasemdestaque.com\/cd\/?p=45687#primaryimage\"},\"image\":{\"@id\":\"https:\/\/noticiasemdestaque.com\/cd\/?p=45687#primaryimage\"},\"thumbnailUrl\":\"https:\/\/noticiasemdestaque.com\/cd\/wp-content\/uploads\/2020\/01\/232023.jpg\",\"datePublished\":\"2023-01-21T12:59:35+00:00\",\"breadcrumb\":{\"@id\":\"https:\/\/noticiasemdestaque.com\/cd\/?p=45687#breadcrumb\"},\"inLanguage\":\"pt-BR\",\"potentialAction\":[{\"@type\":\"ReadAction\",\"target\":[\"https:\/\/noticiasemdestaque.com\/cd\/?p=45687\"]}]},{\"@type\":\"ImageObject\",\"inLanguage\":\"pt-BR\",\"@id\":\"https:\/\/noticiasemdestaque.com\/cd\/?p=45687#primaryimage\",\"url\":\"https:\/\/noticiasemdestaque.com\/cd\/wp-content\/uploads\/2020\/01\/232023.jpg\",\"contentUrl\":\"https:\/\/noticiasemdestaque.com\/cd\/wp-content\/uploads\/2020\/01\/232023.jpg\",\"width\":600,\"height\":400,\"caption\":\"Natal,17\/11\/2014 - Natal - Materia Sobre a Recomenda\u00e7\u00e3o Conjunta do MPE Acerca da Carga Hor\u00e1ria dos Professores da Rede P\u00fablica Estadual. Escola Estadual Walfredo Gurgel, no bairro da Candel\u00e1ria em Natal. Foto: Emanuel Amaral\"},{\"@type\":\"BreadcrumbList\",\"@id\":\"https:\/\/noticiasemdestaque.com\/cd\/?p=45687#breadcrumb\",\"itemListElement\":[{\"@type\":\"ListItem\",\"position\":1,\"name\":\"In\u00edcio\",\"item\":\"https:\/\/noticiasemdestaque.com\/cd\/\"},{\"@type\":\"ListItem\",\"position\":2,\"name\":\"Matr\u00edculas em escolas estaduais da Para\u00edba terminam neste s\u00e1bado\"}]},{\"@type\":\"WebSite\",\"@id\":\"https:\/\/noticiasemdestaque.com\/cd\/#website\",\"url\":\"https:\/\/noticiasemdestaque.com\/cd\/\",\"name\":\"Not&iacute;cias em Destaque\",\"description\":\"\",\"publisher\":{\"@id\":\"https:\/\/noticiasemdestaque.com\/cd\/#organization\"},\"potentialAction\":[{\"@type\":\"SearchAction\",\"target\":{\"@type\":\"EntryPoint\",\"urlTemplate\":\"https:\/\/noticiasemdestaque.com\/cd\/?s={search_term_string}\"},\"query-input\":{\"@type\":\"PropertyValueSpecification\",\"valueRequired\":true,\"valueName\":\"search_term_string\"}}],\"inLanguage\":\"pt-BR\"},{\"@type\":\"Organization\",\"@id\":\"https:\/\/noticiasemdestaque.com\/cd\/#organization\",\"name\":\"Not\u00edcias em Destaque\",\"url\":\"https:\/\/noticiasemdestaque.com\/cd\/\",\"logo\":{\"@type\":\"ImageObject\",\"inLanguage\":\"pt-BR\",\"@id\":\"https:\/\/noticiasemdestaque.com\/cd\/#\/schema\/logo\/image\/\",\"url\":\"https:\/\/noticiasemdestaque.com\/cd\/wp-content\/uploads\/2022\/05\/imagem-base-noticiasemdestaque.png\",\"contentUrl\":\"https:\/\/noticiasemdestaque.com\/cd\/wp-content\/uploads\/2022\/05\/imagem-base-noticiasemdestaque.png\",\"width\":1200,\"height\":630,\"caption\":\"Not\u00edcias em Destaque\"},\"image\":{\"@id\":\"https:\/\/noticiasemdestaque.com\/cd\/#\/schema\/logo\/image\/\"}},{\"@type\":\"Person\",\"@id\":\"https:\/\/noticiasemdestaque.com\/cd\/#\/schema\/person\/47f7d4f55eec17c6b2ca036c5500f6ce\",\"name\":\"Not\u00edcias em Destaque\",\"url\":\"https:\/\/noticiasemdestaque.com\/cd\/?author=2\"}]}<\/script>\n<!-- \/ Yoast SEO plugin. -->","yoast_head_json":{"title":"Matr\u00edculas em escolas estaduais da Para\u00edba terminam neste s\u00e1bado - Not&iacute;cias em Destaque","robots":{"index":"index","follow":"follow","max-snippet":"max-snippet:-1","max-image-preview":"max-image-preview:large","max-video-preview":"max-video-preview:-1"},"canonical":"https:\/\/noticiasemdestaque.com\/cd\/?p=45687","og_locale":"pt_BR","og_type":"article","og_title":"Matr\u00edculas em escolas estaduais da Para\u00edba terminam neste s\u00e1bado - Not&iacute;cias em Destaque","og_description":"As matr\u00edculas da rede estadual de ensino da Para\u00edba para alunos veteranos e novatos terminam neste s\u00e1bado (21). Os alunos novatos que est\u00e3o saindo de escolas municipais, privadas ou federais precisam fazer um cadastro escolar online, no\u00a0site da Secretaria de Estado da Educa\u00e7\u00e3o e da Ci\u00eancia e Tecnologia da Para\u00edba\u00a0(SEECT-PB). O cadastro dever\u00e1 ser feito pelos estudantes novatos que v\u00eam de escolas municipais, privadas ou federais. Os alunos ter\u00e3o a possibilidade de escolher cinco escolas, com ordem de prefer\u00eancia, al\u00e9m de optar pelo n\u00edvel de ensino (infantil, fundamental ou m\u00e9dio), e a modalidade de ensino (regular ou integral), no caso das Escolas Integrais T\u00e9cnicas, os alunos tamb\u00e9m devem escolher o curso que desejam ingressar. Os estudantes tamb\u00e9m precisam informar os dados pessoais, com toda a documenta\u00e7\u00e3o exigida nas demais modalidades de matr\u00edcula, e, com exce\u00e7\u00e3o dos alunos da educa\u00e7\u00e3o infantil, as m\u00e9dias anuais (referentes a 2021 e 2022) das disciplinas de portugu\u00eas e matem\u00e1tica. Al\u00e9m disso, o hist\u00f3rico escolar e a declara\u00e7\u00e3o de escolaridade emitida pela escola anterior tamb\u00e9m ser\u00e3o exigidas no ato da matr\u00edcula. Veja tamb\u00e9m\u00a0\u00a0Campina Grande amplia hor\u00e1rio da Biblioteca Municipal em fevereiro As vagas para as escolas da rede estadual de ensino ser\u00e3o definidas com base nos seguintes crit\u00e9rios: proximidade da escola em rela\u00e7\u00e3o \u00e0 resid\u00eancia do estudante, estudantes provenientes de escolas p\u00fablicas, estudantes que tiverem irm\u00e3os que solicitaram matr\u00edculas na mesma escola. Haver\u00e1 processo seletivo simplificado, de acordo com as m\u00e9dias anuais de portugu\u00eas e matem\u00e1tica, nas escolas que registrarem alta demanda de solicita\u00e7\u00f5es de matr\u00edcula. A efetiva\u00e7\u00e3o das matr\u00edculas dos estudantes ser\u00e1 realizada pelas pr\u00f3prias escolas, por meio do site disponibilizado pela SEECT-PB, e ser\u00e1 confirmada de forma concomitante. Por esse mesmo endere\u00e7o eletr\u00f4nico, os alunos novatos e veteranos podem acompanhar a situa\u00e7\u00e3o da solicita\u00e7\u00e3o de matr\u00edcula. O per\u00edodo de ajuste de matr\u00edculas ser\u00e1 feito at\u00e9 30 de janeiro. Noticias em Destaque Fonte: Jornal da Paraiba","og_url":"https:\/\/noticiasemdestaque.com\/cd\/?p=45687","og_site_name":"Not&iacute;cias em Destaque","article_published_time":"2023-01-21T12:59:35+00:00","og_image":[{"width":600,"height":400,"url":"https:\/\/noticiasemdestaque.com\/cd\/wp-content\/uploads\/2020\/01\/232023.jpg","type":"image\/jpeg"}],"author":"Not\u00edcias em Destaque","twitter_card":"summary_large_image","twitter_misc":{"Escrito por":"Not\u00edcias em Destaque","Est. tempo de leitura":"2 minutos"},"schema":{"@context":"https:\/\/schema.org","@graph":[{"@type":"Article","@id":"https:\/\/noticiasemdestaque.com\/cd\/?p=45687#article","isPartOf":{"@id":"https:\/\/noticiasemdestaque.com\/cd\/?p=45687"},"author":{"name":"Not\u00edcias em Destaque","@id":"https:\/\/noticiasemdestaque.com\/cd\/#\/schema\/person\/47f7d4f55eec17c6b2ca036c5500f6ce"},"headline":"Matr\u00edculas em escolas estaduais da Para\u00edba terminam neste s\u00e1bado","datePublished":"2023-01-21T12:59:35+00:00","mainEntityOfPage":{"@id":"https:\/\/noticiasemdestaque.com\/cd\/?p=45687"},"wordCount":374,"publisher":{"@id":"https:\/\/noticiasemdestaque.com\/cd\/#organization"},"image":{"@id":"https:\/\/noticiasemdestaque.com\/cd\/?p=45687#primaryimage"},"thumbnailUrl":"https:\/\/noticiasemdestaque.com\/cd\/wp-content\/uploads\/2020\/01\/232023.jpg","articleSection":["Educa\u00e7\u00e3o"],"inLanguage":"pt-BR"},{"@type":"WebPage","@id":"https:\/\/noticiasemdestaque.com\/cd\/?p=45687","url":"https:\/\/noticiasemdestaque.com\/cd\/?p=45687","name":"Matr\u00edculas em escolas estaduais da Para\u00edba terminam neste s\u00e1bado - Not&iacute;cias em Destaque","isPartOf":{"@id":"https:\/\/noticiasemdestaque.com\/cd\/#website"},"primaryImageOfPage":{"@id":"https:\/\/noticiasemdestaque.com\/cd\/?p=45687#primaryimage"},"image":{"@id":"https:\/\/noticiasemdestaque.com\/cd\/?p=45687#primaryimage"},"thumbnailUrl":"https:\/\/noticiasemdestaque.com\/cd\/wp-content\/uploads\/2020\/01\/232023.jpg","datePublished":"2023-01-21T12:59:35+00:00","breadcrumb":{"@id":"https:\/\/noticiasemdestaque.com\/cd\/?p=45687#breadcrumb"},"inLanguage":"pt-BR","potentialAction":[{"@type":"ReadAction","target":["https:\/\/noticiasemdestaque.com\/cd\/?p=45687"]}]},{"@type":"ImageObject","inLanguage":"pt-BR","@id":"https:\/\/noticiasemdestaque.com\/cd\/?p=45687#primaryimage","url":"https:\/\/noticiasemdestaque.com\/cd\/wp-content\/uploads\/2020\/01\/232023.jpg","contentUrl":"https:\/\/noticiasemdestaque.com\/cd\/wp-content\/uploads\/2020\/01\/232023.jpg","width":600,"height":400,"caption":"Natal,17\/11\/2014 - Natal - Materia Sobre a Recomenda\u00e7\u00e3o Conjunta do MPE Acerca da Carga Hor\u00e1ria dos Professores da Rede P\u00fablica Estadual. Escola Estadual Walfredo Gurgel, no bairro da Candel\u00e1ria em Natal. Foto: Emanuel Amaral"},{"@type":"BreadcrumbList","@id":"https:\/\/noticiasemdestaque.com\/cd\/?p=45687#breadcrumb","itemListElement":[{"@type":"ListItem","position":1,"name":"In\u00edcio","item":"https:\/\/noticiasemdestaque.com\/cd\/"},{"@type":"ListItem","position":2,"name":"Matr\u00edculas em escolas estaduais da Para\u00edba terminam neste s\u00e1bado"}]},{"@type":"WebSite","@id":"https:\/\/noticiasemdestaque.com\/cd\/#website","url":"https:\/\/noticiasemdestaque.com\/cd\/","name":"Not&iacute;cias em Destaque","description":"","publisher":{"@id":"https:\/\/noticiasemdestaque.com\/cd\/#organization"},"potentialAction":[{"@type":"SearchAction","target":{"@type":"EntryPoint","urlTemplate":"https:\/\/noticiasemdestaque.com\/cd\/?s={search_term_string}"},"query-input":{"@type":"PropertyValueSpecification","valueRequired":true,"valueName":"search_term_string"}}],"inLanguage":"pt-BR"},{"@type":"Organization","@id":"https:\/\/noticiasemdestaque.com\/cd\/#organization","name":"Not\u00edcias em Destaque","url":"https:\/\/noticiasemdestaque.com\/cd\/","logo":{"@type":"ImageObject","inLanguage":"pt-BR","@id":"https:\/\/noticiasemdestaque.com\/cd\/#\/schema\/logo\/image\/","url":"https:\/\/noticiasemdestaque.com\/cd\/wp-content\/uploads\/2022\/05\/imagem-base-noticiasemdestaque.png","contentUrl":"https:\/\/noticiasemdestaque.com\/cd\/wp-content\/uploads\/2022\/05\/imagem-base-noticiasemdestaque.png","width":1200,"height":630,"caption":"Not\u00edcias em Destaque"},"image":{"@id":"https:\/\/noticiasemdestaque.com\/cd\/#\/schema\/logo\/image\/"}},{"@type":"Person","@id":"https:\/\/noticiasemdestaque.com\/cd\/#\/schema\/person\/47f7d4f55eec17c6b2ca036c5500f6ce","name":"Not\u00edcias em Destaque","url":"https:\/\/noticiasemdestaque.com\/cd\/?author=2"}]}},"jetpack_featured_media_url":"https:\/\/noticiasemdestaque.com\/cd\/wp-content\/uploads\/2020\/01\/232023.jpg","jetpack_sharing_enabled":true,"_links":{"self":[{"href":"https:\/\/noticiasemdestaque.com\/cd\/index.php?rest_route=\/wp\/v2\/posts\/45687","targetHints":{"allow":["GET"]}}],"collection":[{"href":"https:\/\/noticiasemdestaque.com\/cd\/index.php?rest_route=\/wp\/v2\/posts"}],"about":[{"href":"https:\/\/noticiasemdestaque.com\/cd\/index.php?rest_route=\/wp\/v2\/types\/post"}],"author":[{"embeddable":true,"href":"https:\/\/noticiasemdestaque.com\/cd\/index.php?rest_route=\/wp\/v2\/users\/2"}],"replies":[{"embeddable":true,"href":"https:\/\/noticiasemdestaque.com\/cd\/index.php?rest_route=%2Fwp%2Fv2%2Fcomments&post=45687"}],"version-history":[{"count":1,"href":"https:\/\/noticiasemdestaque.com\/cd\/index.php?rest_route=\/wp\/v2\/posts\/45687\/revisions"}],"predecessor-version":[{"id":45688,"href":"https:\/\/noticiasemdestaque.com\/cd\/index.php?rest_route=\/wp\/v2\/posts\/45687\/revisions\/45688"}],"wp:featuredmedia":[{"embeddable":true,"href":"https:\/\/noticiasemdestaque.com\/cd\/index.php?rest_route=\/wp\/v2\/media\/21804"}],"wp:attachment":[{"href":"https:\/\/noticiasemdestaque.com\/cd\/index.php?rest_route=%2Fwp%2Fv2%2Fmedia&parent=45687"}],"wp:term":[{"taxonomy":"category","embeddable":true,"href":"https:\/\/noticiasemdestaque.com\/cd\/index.php?rest_route=%2Fwp%2Fv2%2Fcategories&post=45687"},{"taxonomy":"post_tag","embeddable":true,"href":"https:\/\/noticiasemdestaque.com\/cd\/index.php?rest_route=%2Fwp%2Fv2%2Ftags&post=45687"}],"curies":[{"name":"wp","href":"https:\/\/api.w.org\/{rel}","templated":true}]}}