{"id":45678,"date":"2023-01-20T17:55:52","date_gmt":"2023-01-20T20:55:52","guid":{"rendered":"https:\/\/noticiasemdestaque.com\/cd\/?p=45678"},"modified":"2023-01-20T17:55:52","modified_gmt":"2023-01-20T20:55:52","slug":"prefeitura-de-sao-joao-do-cariri-entregara-equipamentos-esportivos-e-abrira-oficialmente-o-campeonato-municipal-de-futebol","status":"publish","type":"post","link":"https:\/\/noticiasemdestaque.com\/cd\/?p=45678","title":{"rendered":"Prefeitura de S\u00e3o Jo\u00e3o do Cariri entregar\u00e1 equipamentos esportivos e abrir\u00e1 oficialmente o Campeonato Municipal de Futebol"},"content":{"rendered":"<p><a href=\"https:\/\/noticiasemdestaque.com\/cd\/wp-content\/uploads\/2023\/01\/Prefeitura-de-Sao-Joao-do-Cariri-entregara-equipamentos-esportivos-e-abrira-oficialmente-o-Campeonato-Municipal-de-Futebol.jpg\"><img fetchpriority=\"high\" decoding=\"async\" class=\" wp-image-45679 aligncenter\" src=\"https:\/\/noticiasemdestaque.com\/cd\/wp-content\/uploads\/2023\/01\/Prefeitura-de-Sao-Joao-do-Cariri-entregara-equipamentos-esportivos-e-abrira-oficialmente-o-Campeonato-Municipal-de-Futebol-300x300.jpg\" alt=\"\" width=\"484\" height=\"484\" srcset=\"https:\/\/noticiasemdestaque.com\/cd\/wp-content\/uploads\/2023\/01\/Prefeitura-de-Sao-Joao-do-Cariri-entregara-equipamentos-esportivos-e-abrira-oficialmente-o-Campeonato-Municipal-de-Futebol-300x300.jpg 300w, https:\/\/noticiasemdestaque.com\/cd\/wp-content\/uploads\/2023\/01\/Prefeitura-de-Sao-Joao-do-Cariri-entregara-equipamentos-esportivos-e-abrira-oficialmente-o-Campeonato-Municipal-de-Futebol-1024x1024.jpg 1024w, https:\/\/noticiasemdestaque.com\/cd\/wp-content\/uploads\/2023\/01\/Prefeitura-de-Sao-Joao-do-Cariri-entregara-equipamentos-esportivos-e-abrira-oficialmente-o-Campeonato-Municipal-de-Futebol-150x150.jpg 150w, https:\/\/noticiasemdestaque.com\/cd\/wp-content\/uploads\/2023\/01\/Prefeitura-de-Sao-Joao-do-Cariri-entregara-equipamentos-esportivos-e-abrira-oficialmente-o-Campeonato-Municipal-de-Futebol-768x768.jpg 768w, https:\/\/noticiasemdestaque.com\/cd\/wp-content\/uploads\/2023\/01\/Prefeitura-de-Sao-Joao-do-Cariri-entregara-equipamentos-esportivos-e-abrira-oficialmente-o-Campeonato-Municipal-de-Futebol-12x12.jpg 12w, https:\/\/noticiasemdestaque.com\/cd\/wp-content\/uploads\/2023\/01\/Prefeitura-de-Sao-Joao-do-Cariri-entregara-equipamentos-esportivos-e-abrira-oficialmente-o-Campeonato-Municipal-de-Futebol.jpg 1080w\" sizes=\"(max-width: 484px) 100vw, 484px\" \/><\/a><\/p>\n<p>Tendo destaque por apoiar e incentivar firmemente o esporte do munic\u00edpio, a Prefeitura Municipal de S\u00e3o Jo\u00e3o do Cariri atrav\u00e9s do prefeito Helder Trajano, j\u00e1 inicia o ano de 2023 com importantes e grandes a\u00e7\u00f5es a serem realizadas na \u00e1rea do esporte e lazer.<\/p>\n<p>Apenas nas primeiras semanas deste novo ano, o esporte j\u00e1 vai come\u00e7ar com o \u2018p\u00e9 direito\u2019 em S\u00e3o Jo\u00e3o do Cariri, e no pr\u00f3ximo dia 12 de fevereiro, os desportistas de S\u00e3o Jo\u00e3o do Cariri receber\u00e3o novos equipamentos esportivos, al\u00e9m de puderem praticarem muito futebol, pois estar\u00e1 dando in\u00edcio a edi\u00e7\u00e3o 2023 do Campeonato Municipal de Futebol de Campo.<\/p>\n<p>Em um domingo festivo, a Prefeitura Municipal de S\u00e3o Jo\u00e3o do Cariri atrav\u00e9s da Secretaria de Esportes, estar\u00e1 inaugurando no Complexo Esportivo, no est\u00e1dio municipal, o novo vesti\u00e1rio, al\u00e9m da moderna quadra de areia.<\/p>\n<p>A solenidade de entrega ter\u00e1 in\u00edcio \u00e0s 09hs da manh\u00e3, e dever\u00e1 contar com a presen\u00e7a do prefeito Helder Trajano, do vice-prefeito Chico de Eulina, do Secret\u00e1rio de Esportes, Laudson Brito, al\u00e9m dos demais secret\u00e1rios, vereadores, autoridades e os desportistas do munic\u00edpio.<\/p>\n<p>\u201cSer\u00e1 motivo de muita alegria para nossa gest\u00e3o pudermos entregarmos mais a\u00e7\u00f5es para os desportistas de nosso munic\u00edpio. O esporte vem sendo uma das nossas prioridades, e com a entrega do vesti\u00e1rio e da quadra de areia, estamos transformando o nosso est\u00e1dio de futebol, em um verdadeiro complexo esportivo\u201d, destacou o prefeito Helder Trajano.<\/p>\n<p><strong>ABERTURA DO CAMPEONATO MUNICIPAL DE FUTEBOL<\/strong><\/p>\n<p>Logo ap\u00f3s a cerim\u00f4nia e atividades esportivas na quadra da areia, estar\u00e1 sendo realizada de forma oficial a edi\u00e7\u00e3o 2023 do Campeoanato Municipal de Futebol de Campo com os jogos da rodada de abertura.<\/p>\n<p>Os jogos de abertura ser\u00e3o realizados durante todo o domingo, e todos ser\u00e3o realizados no Est\u00e1dio de Futebol de S\u00e3o Jo\u00e3o do Cariri.<\/p>\n<p>Os jogos e hor\u00e1rios ser\u00e3o divulgados posteriormente pela secretaria de esportes, e a expectativa j\u00e1 \u00e9 grande por parte dos desportistas s\u00e3ojo\u00e3oenses pelo in\u00edcio da competi\u00e7\u00e3o esportiva.<\/p>\n<p><strong>Noticias em Destaque<\/strong><\/p>\n<p style=\"text-align: right;\"><em>Fonte: De Olho no Cariri Com Cariri Esporte<\/em><\/p>\n","protected":false},"excerpt":{"rendered":"<p>Tendo destaque por apoiar e incentivar firmemente o esporte do munic\u00edpio, a Prefeitura Municipal de S\u00e3o Jo\u00e3o do Cariri atrav\u00e9s do prefeito Helder Trajano, j\u00e1 inicia o ano de 2023 com importantes e grandes a\u00e7\u00f5es a serem realizadas na \u00e1rea do esporte e lazer. Apenas nas primeiras semanas deste novo ano, o esporte j\u00e1 vai come\u00e7ar com o \u2018p\u00e9 direito\u2019 em S\u00e3o Jo\u00e3o do Cariri, e no pr\u00f3ximo dia 12 de fevereiro, os desportistas de S\u00e3o Jo\u00e3o do Cariri receber\u00e3o novos equipamentos esportivos, al\u00e9m de puderem praticarem muito futebol, pois estar\u00e1 dando in\u00edcio a edi\u00e7\u00e3o 2023 do Campeonato Municipal de Futebol de Campo. Em um domingo festivo, a Prefeitura Municipal de S\u00e3o Jo\u00e3o do Cariri atrav\u00e9s da Secretaria de Esportes, estar\u00e1 inaugurando no Complexo Esportivo, no est\u00e1dio municipal, o novo vesti\u00e1rio, al\u00e9m da moderna quadra de areia. A solenidade de entrega ter\u00e1 in\u00edcio \u00e0s 09hs da manh\u00e3, e dever\u00e1 contar com a presen\u00e7a do prefeito Helder Trajano, do vice-prefeito Chico de Eulina, do Secret\u00e1rio de Esportes, Laudson Brito, al\u00e9m dos demais secret\u00e1rios, vereadores, autoridades e os desportistas do munic\u00edpio. \u201cSer\u00e1 motivo de muita alegria para nossa gest\u00e3o pudermos entregarmos mais a\u00e7\u00f5es para os desportistas de nosso munic\u00edpio. O esporte vem sendo uma das nossas prioridades, e com a entrega do vesti\u00e1rio e da quadra de areia, estamos transformando o nosso est\u00e1dio de futebol, em um verdadeiro complexo esportivo\u201d, destacou o prefeito Helder Trajano. ABERTURA DO CAMPEONATO MUNICIPAL DE FUTEBOL Logo ap\u00f3s a cerim\u00f4nia e atividades esportivas na quadra da areia, estar\u00e1 sendo realizada de forma oficial a edi\u00e7\u00e3o 2023 do Campeoanato Municipal de Futebol de Campo com os jogos da rodada de abertura. Os jogos de abertura ser\u00e3o realizados durante todo o domingo, e todos ser\u00e3o realizados no Est\u00e1dio de Futebol de S\u00e3o Jo\u00e3o do Cariri. Os jogos e hor\u00e1rios ser\u00e3o divulgados posteriormente pela secretaria de esportes, e a expectativa j\u00e1 \u00e9 grande por parte dos desportistas s\u00e3ojo\u00e3oenses pelo in\u00edcio da competi\u00e7\u00e3o esportiva. Noticias em Destaque Fonte: De Olho no Cariri Com Cariri Esporte<\/p>\n","protected":false},"author":2,"featured_media":45679,"comment_status":"closed","ping_status":"open","sticky":false,"template":"","format":"standard","meta":{"_eb_attr":"","_jetpack_memberships_contains_paid_content":false,"footnotes":""},"categories":[15],"tags":[],"class_list":["post-45678","post","type-post","status-publish","format-standard","has-post-thumbnail","hentry","category-esporte"],"yoast_head":"<!-- This site is optimized with the Yoast SEO plugin v26.5 - https:\/\/yoast.com\/wordpress\/plugins\/seo\/ -->\n<title>Prefeitura de S\u00e3o Jo\u00e3o do Cariri entregar\u00e1 equipamentos esportivos e abrir\u00e1 oficialmente o Campeonato Municipal de Futebol - Not&iacute;cias em Destaque<\/title>\n<meta name=\"robots\" content=\"index, follow, max-snippet:-1, max-image-preview:large, max-video-preview:-1\" \/>\n<link rel=\"canonical\" href=\"https:\/\/noticiasemdestaque.com\/cd\/?p=45678\" \/>\n<meta property=\"og:locale\" content=\"pt_BR\" \/>\n<meta property=\"og:type\" content=\"article\" \/>\n<meta property=\"og:title\" content=\"Prefeitura de S\u00e3o Jo\u00e3o do Cariri entregar\u00e1 equipamentos esportivos e abrir\u00e1 oficialmente o Campeonato Municipal de Futebol - Not&iacute;cias em Destaque\" \/>\n<meta property=\"og:description\" content=\"Tendo destaque por apoiar e incentivar firmemente o esporte do munic\u00edpio, a Prefeitura Municipal de S\u00e3o Jo\u00e3o do Cariri atrav\u00e9s do prefeito Helder Trajano, j\u00e1 inicia o ano de 2023 com importantes e grandes a\u00e7\u00f5es a serem realizadas na \u00e1rea do esporte e lazer. Apenas nas primeiras semanas deste novo ano, o esporte j\u00e1 vai come\u00e7ar com o \u2018p\u00e9 direito\u2019 em S\u00e3o Jo\u00e3o do Cariri, e no pr\u00f3ximo dia 12 de fevereiro, os desportistas de S\u00e3o Jo\u00e3o do Cariri receber\u00e3o novos equipamentos esportivos, al\u00e9m de puderem praticarem muito futebol, pois estar\u00e1 dando in\u00edcio a edi\u00e7\u00e3o 2023 do Campeonato Municipal de Futebol de Campo. Em um domingo festivo, a Prefeitura Municipal de S\u00e3o Jo\u00e3o do Cariri atrav\u00e9s da Secretaria de Esportes, estar\u00e1 inaugurando no Complexo Esportivo, no est\u00e1dio municipal, o novo vesti\u00e1rio, al\u00e9m da moderna quadra de areia. A solenidade de entrega ter\u00e1 in\u00edcio \u00e0s 09hs da manh\u00e3, e dever\u00e1 contar com a presen\u00e7a do prefeito Helder Trajano, do vice-prefeito Chico de Eulina, do Secret\u00e1rio de Esportes, Laudson Brito, al\u00e9m dos demais secret\u00e1rios, vereadores, autoridades e os desportistas do munic\u00edpio. \u201cSer\u00e1 motivo de muita alegria para nossa gest\u00e3o pudermos entregarmos mais a\u00e7\u00f5es para os desportistas de nosso munic\u00edpio. O esporte vem sendo uma das nossas prioridades, e com a entrega do vesti\u00e1rio e da quadra de areia, estamos transformando o nosso est\u00e1dio de futebol, em um verdadeiro complexo esportivo\u201d, destacou o prefeito Helder Trajano. ABERTURA DO CAMPEONATO MUNICIPAL DE FUTEBOL Logo ap\u00f3s a cerim\u00f4nia e atividades esportivas na quadra da areia, estar\u00e1 sendo realizada de forma oficial a edi\u00e7\u00e3o 2023 do Campeoanato Municipal de Futebol de Campo com os jogos da rodada de abertura. Os jogos de abertura ser\u00e3o realizados durante todo o domingo, e todos ser\u00e3o realizados no Est\u00e1dio de Futebol de S\u00e3o Jo\u00e3o do Cariri. Os jogos e hor\u00e1rios ser\u00e3o divulgados posteriormente pela secretaria de esportes, e a expectativa j\u00e1 \u00e9 grande por parte dos desportistas s\u00e3ojo\u00e3oenses pelo in\u00edcio da competi\u00e7\u00e3o esportiva. Noticias em Destaque Fonte: De Olho no Cariri Com Cariri Esporte\" \/>\n<meta property=\"og:url\" content=\"https:\/\/noticiasemdestaque.com\/cd\/?p=45678\" \/>\n<meta property=\"og:site_name\" content=\"Not&iacute;cias em Destaque\" \/>\n<meta property=\"article:published_time\" content=\"2023-01-20T20:55:52+00:00\" \/>\n<meta property=\"og:image\" content=\"https:\/\/noticiasemdestaque.com\/cd\/wp-content\/uploads\/2023\/01\/Prefeitura-de-Sao-Joao-do-Cariri-entregara-equipamentos-esportivos-e-abrira-oficialmente-o-Campeonato-Municipal-de-Futebol.jpg\" \/>\n\t<meta property=\"og:image:width\" content=\"1080\" \/>\n\t<meta property=\"og:image:height\" content=\"1080\" \/>\n\t<meta property=\"og:image:type\" content=\"image\/jpeg\" \/>\n<meta name=\"author\" content=\"Not\u00edcias em Destaque\" \/>\n<meta name=\"twitter:card\" content=\"summary_large_image\" \/>\n<meta name=\"twitter:label1\" content=\"Escrito por\" \/>\n\t<meta name=\"twitter:data1\" content=\"Not\u00edcias em Destaque\" \/>\n\t<meta name=\"twitter:label2\" content=\"Est. tempo de leitura\" \/>\n\t<meta name=\"twitter:data2\" content=\"3 minutos\" \/>\n<script type=\"application\/ld+json\" class=\"yoast-schema-graph\">{\"@context\":\"https:\/\/schema.org\",\"@graph\":[{\"@type\":\"Article\",\"@id\":\"https:\/\/noticiasemdestaque.com\/cd\/?p=45678#article\",\"isPartOf\":{\"@id\":\"https:\/\/noticiasemdestaque.com\/cd\/?p=45678\"},\"author\":{\"name\":\"Not\u00edcias em Destaque\",\"@id\":\"https:\/\/noticiasemdestaque.com\/cd\/#\/schema\/person\/47f7d4f55eec17c6b2ca036c5500f6ce\"},\"headline\":\"Prefeitura de S\u00e3o Jo\u00e3o do Cariri entregar\u00e1 equipamentos esportivos e abrir\u00e1 oficialmente o Campeonato Municipal de Futebol\",\"datePublished\":\"2023-01-20T20:55:52+00:00\",\"mainEntityOfPage\":{\"@id\":\"https:\/\/noticiasemdestaque.com\/cd\/?p=45678\"},\"wordCount\":394,\"publisher\":{\"@id\":\"https:\/\/noticiasemdestaque.com\/cd\/#organization\"},\"image\":{\"@id\":\"https:\/\/noticiasemdestaque.com\/cd\/?p=45678#primaryimage\"},\"thumbnailUrl\":\"https:\/\/noticiasemdestaque.com\/cd\/wp-content\/uploads\/2023\/01\/Prefeitura-de-Sao-Joao-do-Cariri-entregara-equipamentos-esportivos-e-abrira-oficialmente-o-Campeonato-Municipal-de-Futebol.jpg\",\"articleSection\":[\"Esporte\"],\"inLanguage\":\"pt-BR\"},{\"@type\":\"WebPage\",\"@id\":\"https:\/\/noticiasemdestaque.com\/cd\/?p=45678\",\"url\":\"https:\/\/noticiasemdestaque.com\/cd\/?p=45678\",\"name\":\"Prefeitura de S\u00e3o Jo\u00e3o do Cariri entregar\u00e1 equipamentos esportivos e abrir\u00e1 oficialmente o Campeonato Municipal de Futebol - Not&iacute;cias em Destaque\",\"isPartOf\":{\"@id\":\"https:\/\/noticiasemdestaque.com\/cd\/#website\"},\"primaryImageOfPage\":{\"@id\":\"https:\/\/noticiasemdestaque.com\/cd\/?p=45678#primaryimage\"},\"image\":{\"@id\":\"https:\/\/noticiasemdestaque.com\/cd\/?p=45678#primaryimage\"},\"thumbnailUrl\":\"https:\/\/noticiasemdestaque.com\/cd\/wp-content\/uploads\/2023\/01\/Prefeitura-de-Sao-Joao-do-Cariri-entregara-equipamentos-esportivos-e-abrira-oficialmente-o-Campeonato-Municipal-de-Futebol.jpg\",\"datePublished\":\"2023-01-20T20:55:52+00:00\",\"breadcrumb\":{\"@id\":\"https:\/\/noticiasemdestaque.com\/cd\/?p=45678#breadcrumb\"},\"inLanguage\":\"pt-BR\",\"potentialAction\":[{\"@type\":\"ReadAction\",\"target\":[\"https:\/\/noticiasemdestaque.com\/cd\/?p=45678\"]}]},{\"@type\":\"ImageObject\",\"inLanguage\":\"pt-BR\",\"@id\":\"https:\/\/noticiasemdestaque.com\/cd\/?p=45678#primaryimage\",\"url\":\"https:\/\/noticiasemdestaque.com\/cd\/wp-content\/uploads\/2023\/01\/Prefeitura-de-Sao-Joao-do-Cariri-entregara-equipamentos-esportivos-e-abrira-oficialmente-o-Campeonato-Municipal-de-Futebol.jpg\",\"contentUrl\":\"https:\/\/noticiasemdestaque.com\/cd\/wp-content\/uploads\/2023\/01\/Prefeitura-de-Sao-Joao-do-Cariri-entregara-equipamentos-esportivos-e-abrira-oficialmente-o-Campeonato-Municipal-de-Futebol.jpg\",\"width\":1080,\"height\":1080},{\"@type\":\"BreadcrumbList\",\"@id\":\"https:\/\/noticiasemdestaque.com\/cd\/?p=45678#breadcrumb\",\"itemListElement\":[{\"@type\":\"ListItem\",\"position\":1,\"name\":\"In\u00edcio\",\"item\":\"https:\/\/noticiasemdestaque.com\/cd\/\"},{\"@type\":\"ListItem\",\"position\":2,\"name\":\"Prefeitura de S\u00e3o Jo\u00e3o do Cariri entregar\u00e1 equipamentos esportivos e abrir\u00e1 oficialmente o Campeonato Municipal de Futebol\"}]},{\"@type\":\"WebSite\",\"@id\":\"https:\/\/noticiasemdestaque.com\/cd\/#website\",\"url\":\"https:\/\/noticiasemdestaque.com\/cd\/\",\"name\":\"Not&iacute;cias em Destaque\",\"description\":\"\",\"publisher\":{\"@id\":\"https:\/\/noticiasemdestaque.com\/cd\/#organization\"},\"potentialAction\":[{\"@type\":\"SearchAction\",\"target\":{\"@type\":\"EntryPoint\",\"urlTemplate\":\"https:\/\/noticiasemdestaque.com\/cd\/?s={search_term_string}\"},\"query-input\":{\"@type\":\"PropertyValueSpecification\",\"valueRequired\":true,\"valueName\":\"search_term_string\"}}],\"inLanguage\":\"pt-BR\"},{\"@type\":\"Organization\",\"@id\":\"https:\/\/noticiasemdestaque.com\/cd\/#organization\",\"name\":\"Not\u00edcias em Destaque\",\"url\":\"https:\/\/noticiasemdestaque.com\/cd\/\",\"logo\":{\"@type\":\"ImageObject\",\"inLanguage\":\"pt-BR\",\"@id\":\"https:\/\/noticiasemdestaque.com\/cd\/#\/schema\/logo\/image\/\",\"url\":\"https:\/\/noticiasemdestaque.com\/cd\/wp-content\/uploads\/2022\/05\/imagem-base-noticiasemdestaque.png\",\"contentUrl\":\"https:\/\/noticiasemdestaque.com\/cd\/wp-content\/uploads\/2022\/05\/imagem-base-noticiasemdestaque.png\",\"width\":1200,\"height\":630,\"caption\":\"Not\u00edcias em Destaque\"},\"image\":{\"@id\":\"https:\/\/noticiasemdestaque.com\/cd\/#\/schema\/logo\/image\/\"}},{\"@type\":\"Person\",\"@id\":\"https:\/\/noticiasemdestaque.com\/cd\/#\/schema\/person\/47f7d4f55eec17c6b2ca036c5500f6ce\",\"name\":\"Not\u00edcias em Destaque\",\"url\":\"https:\/\/noticiasemdestaque.com\/cd\/?author=2\"}]}<\/script>\n<!-- \/ Yoast SEO plugin. -->","yoast_head_json":{"title":"Prefeitura de S\u00e3o Jo\u00e3o do Cariri entregar\u00e1 equipamentos esportivos e abrir\u00e1 oficialmente o Campeonato Municipal de Futebol - Not&iacute;cias em Destaque","robots":{"index":"index","follow":"follow","max-snippet":"max-snippet:-1","max-image-preview":"max-image-preview:large","max-video-preview":"max-video-preview:-1"},"canonical":"https:\/\/noticiasemdestaque.com\/cd\/?p=45678","og_locale":"pt_BR","og_type":"article","og_title":"Prefeitura de S\u00e3o Jo\u00e3o do Cariri entregar\u00e1 equipamentos esportivos e abrir\u00e1 oficialmente o Campeonato Municipal de Futebol - Not&iacute;cias em Destaque","og_description":"Tendo destaque por apoiar e incentivar firmemente o esporte do munic\u00edpio, a Prefeitura Municipal de S\u00e3o Jo\u00e3o do Cariri atrav\u00e9s do prefeito Helder Trajano, j\u00e1 inicia o ano de 2023 com importantes e grandes a\u00e7\u00f5es a serem realizadas na \u00e1rea do esporte e lazer. Apenas nas primeiras semanas deste novo ano, o esporte j\u00e1 vai come\u00e7ar com o \u2018p\u00e9 direito\u2019 em S\u00e3o Jo\u00e3o do Cariri, e no pr\u00f3ximo dia 12 de fevereiro, os desportistas de S\u00e3o Jo\u00e3o do Cariri receber\u00e3o novos equipamentos esportivos, al\u00e9m de puderem praticarem muito futebol, pois estar\u00e1 dando in\u00edcio a edi\u00e7\u00e3o 2023 do Campeonato Municipal de Futebol de Campo. Em um domingo festivo, a Prefeitura Municipal de S\u00e3o Jo\u00e3o do Cariri atrav\u00e9s da Secretaria de Esportes, estar\u00e1 inaugurando no Complexo Esportivo, no est\u00e1dio municipal, o novo vesti\u00e1rio, al\u00e9m da moderna quadra de areia. A solenidade de entrega ter\u00e1 in\u00edcio \u00e0s 09hs da manh\u00e3, e dever\u00e1 contar com a presen\u00e7a do prefeito Helder Trajano, do vice-prefeito Chico de Eulina, do Secret\u00e1rio de Esportes, Laudson Brito, al\u00e9m dos demais secret\u00e1rios, vereadores, autoridades e os desportistas do munic\u00edpio. \u201cSer\u00e1 motivo de muita alegria para nossa gest\u00e3o pudermos entregarmos mais a\u00e7\u00f5es para os desportistas de nosso munic\u00edpio. O esporte vem sendo uma das nossas prioridades, e com a entrega do vesti\u00e1rio e da quadra de areia, estamos transformando o nosso est\u00e1dio de futebol, em um verdadeiro complexo esportivo\u201d, destacou o prefeito Helder Trajano. ABERTURA DO CAMPEONATO MUNICIPAL DE FUTEBOL Logo ap\u00f3s a cerim\u00f4nia e atividades esportivas na quadra da areia, estar\u00e1 sendo realizada de forma oficial a edi\u00e7\u00e3o 2023 do Campeoanato Municipal de Futebol de Campo com os jogos da rodada de abertura. Os jogos de abertura ser\u00e3o realizados durante todo o domingo, e todos ser\u00e3o realizados no Est\u00e1dio de Futebol de S\u00e3o Jo\u00e3o do Cariri. Os jogos e hor\u00e1rios ser\u00e3o divulgados posteriormente pela secretaria de esportes, e a expectativa j\u00e1 \u00e9 grande por parte dos desportistas s\u00e3ojo\u00e3oenses pelo in\u00edcio da competi\u00e7\u00e3o esportiva. Noticias em Destaque Fonte: De Olho no Cariri Com Cariri Esporte","og_url":"https:\/\/noticiasemdestaque.com\/cd\/?p=45678","og_site_name":"Not&iacute;cias em Destaque","article_published_time":"2023-01-20T20:55:52+00:00","og_image":[{"width":1080,"height":1080,"url":"https:\/\/noticiasemdestaque.com\/cd\/wp-content\/uploads\/2023\/01\/Prefeitura-de-Sao-Joao-do-Cariri-entregara-equipamentos-esportivos-e-abrira-oficialmente-o-Campeonato-Municipal-de-Futebol.jpg","type":"image\/jpeg"}],"author":"Not\u00edcias em Destaque","twitter_card":"summary_large_image","twitter_misc":{"Escrito por":"Not\u00edcias em Destaque","Est. tempo de leitura":"3 minutos"},"schema":{"@context":"https:\/\/schema.org","@graph":[{"@type":"Article","@id":"https:\/\/noticiasemdestaque.com\/cd\/?p=45678#article","isPartOf":{"@id":"https:\/\/noticiasemdestaque.com\/cd\/?p=45678"},"author":{"name":"Not\u00edcias em Destaque","@id":"https:\/\/noticiasemdestaque.com\/cd\/#\/schema\/person\/47f7d4f55eec17c6b2ca036c5500f6ce"},"headline":"Prefeitura de S\u00e3o Jo\u00e3o do Cariri entregar\u00e1 equipamentos esportivos e abrir\u00e1 oficialmente o Campeonato Municipal de Futebol","datePublished":"2023-01-20T20:55:52+00:00","mainEntityOfPage":{"@id":"https:\/\/noticiasemdestaque.com\/cd\/?p=45678"},"wordCount":394,"publisher":{"@id":"https:\/\/noticiasemdestaque.com\/cd\/#organization"},"image":{"@id":"https:\/\/noticiasemdestaque.com\/cd\/?p=45678#primaryimage"},"thumbnailUrl":"https:\/\/noticiasemdestaque.com\/cd\/wp-content\/uploads\/2023\/01\/Prefeitura-de-Sao-Joao-do-Cariri-entregara-equipamentos-esportivos-e-abrira-oficialmente-o-Campeonato-Municipal-de-Futebol.jpg","articleSection":["Esporte"],"inLanguage":"pt-BR"},{"@type":"WebPage","@id":"https:\/\/noticiasemdestaque.com\/cd\/?p=45678","url":"https:\/\/noticiasemdestaque.com\/cd\/?p=45678","name":"Prefeitura de S\u00e3o Jo\u00e3o do Cariri entregar\u00e1 equipamentos esportivos e abrir\u00e1 oficialmente o Campeonato Municipal de Futebol - Not&iacute;cias em Destaque","isPartOf":{"@id":"https:\/\/noticiasemdestaque.com\/cd\/#website"},"primaryImageOfPage":{"@id":"https:\/\/noticiasemdestaque.com\/cd\/?p=45678#primaryimage"},"image":{"@id":"https:\/\/noticiasemdestaque.com\/cd\/?p=45678#primaryimage"},"thumbnailUrl":"https:\/\/noticiasemdestaque.com\/cd\/wp-content\/uploads\/2023\/01\/Prefeitura-de-Sao-Joao-do-Cariri-entregara-equipamentos-esportivos-e-abrira-oficialmente-o-Campeonato-Municipal-de-Futebol.jpg","datePublished":"2023-01-20T20:55:52+00:00","breadcrumb":{"@id":"https:\/\/noticiasemdestaque.com\/cd\/?p=45678#breadcrumb"},"inLanguage":"pt-BR","potentialAction":[{"@type":"ReadAction","target":["https:\/\/noticiasemdestaque.com\/cd\/?p=45678"]}]},{"@type":"ImageObject","inLanguage":"pt-BR","@id":"https:\/\/noticiasemdestaque.com\/cd\/?p=45678#primaryimage","url":"https:\/\/noticiasemdestaque.com\/cd\/wp-content\/uploads\/2023\/01\/Prefeitura-de-Sao-Joao-do-Cariri-entregara-equipamentos-esportivos-e-abrira-oficialmente-o-Campeonato-Municipal-de-Futebol.jpg","contentUrl":"https:\/\/noticiasemdestaque.com\/cd\/wp-content\/uploads\/2023\/01\/Prefeitura-de-Sao-Joao-do-Cariri-entregara-equipamentos-esportivos-e-abrira-oficialmente-o-Campeonato-Municipal-de-Futebol.jpg","width":1080,"height":1080},{"@type":"BreadcrumbList","@id":"https:\/\/noticiasemdestaque.com\/cd\/?p=45678#breadcrumb","itemListElement":[{"@type":"ListItem","position":1,"name":"In\u00edcio","item":"https:\/\/noticiasemdestaque.com\/cd\/"},{"@type":"ListItem","position":2,"name":"Prefeitura de S\u00e3o Jo\u00e3o do Cariri entregar\u00e1 equipamentos esportivos e abrir\u00e1 oficialmente o Campeonato Municipal de Futebol"}]},{"@type":"WebSite","@id":"https:\/\/noticiasemdestaque.com\/cd\/#website","url":"https:\/\/noticiasemdestaque.com\/cd\/","name":"Not&iacute;cias em Destaque","description":"","publisher":{"@id":"https:\/\/noticiasemdestaque.com\/cd\/#organization"},"potentialAction":[{"@type":"SearchAction","target":{"@type":"EntryPoint","urlTemplate":"https:\/\/noticiasemdestaque.com\/cd\/?s={search_term_string}"},"query-input":{"@type":"PropertyValueSpecification","valueRequired":true,"valueName":"search_term_string"}}],"inLanguage":"pt-BR"},{"@type":"Organization","@id":"https:\/\/noticiasemdestaque.com\/cd\/#organization","name":"Not\u00edcias em Destaque","url":"https:\/\/noticiasemdestaque.com\/cd\/","logo":{"@type":"ImageObject","inLanguage":"pt-BR","@id":"https:\/\/noticiasemdestaque.com\/cd\/#\/schema\/logo\/image\/","url":"https:\/\/noticiasemdestaque.com\/cd\/wp-content\/uploads\/2022\/05\/imagem-base-noticiasemdestaque.png","contentUrl":"https:\/\/noticiasemdestaque.com\/cd\/wp-content\/uploads\/2022\/05\/imagem-base-noticiasemdestaque.png","width":1200,"height":630,"caption":"Not\u00edcias em Destaque"},"image":{"@id":"https:\/\/noticiasemdestaque.com\/cd\/#\/schema\/logo\/image\/"}},{"@type":"Person","@id":"https:\/\/noticiasemdestaque.com\/cd\/#\/schema\/person\/47f7d4f55eec17c6b2ca036c5500f6ce","name":"Not\u00edcias em Destaque","url":"https:\/\/noticiasemdestaque.com\/cd\/?author=2"}]}},"jetpack_featured_media_url":"https:\/\/noticiasemdestaque.com\/cd\/wp-content\/uploads\/2023\/01\/Prefeitura-de-Sao-Joao-do-Cariri-entregara-equipamentos-esportivos-e-abrira-oficialmente-o-Campeonato-Municipal-de-Futebol.jpg","jetpack_sharing_enabled":true,"_links":{"self":[{"href":"https:\/\/noticiasemdestaque.com\/cd\/index.php?rest_route=\/wp\/v2\/posts\/45678","targetHints":{"allow":["GET"]}}],"collection":[{"href":"https:\/\/noticiasemdestaque.com\/cd\/index.php?rest_route=\/wp\/v2\/posts"}],"about":[{"href":"https:\/\/noticiasemdestaque.com\/cd\/index.php?rest_route=\/wp\/v2\/types\/post"}],"author":[{"embeddable":true,"href":"https:\/\/noticiasemdestaque.com\/cd\/index.php?rest_route=\/wp\/v2\/users\/2"}],"replies":[{"embeddable":true,"href":"https:\/\/noticiasemdestaque.com\/cd\/index.php?rest_route=%2Fwp%2Fv2%2Fcomments&post=45678"}],"version-history":[{"count":1,"href":"https:\/\/noticiasemdestaque.com\/cd\/index.php?rest_route=\/wp\/v2\/posts\/45678\/revisions"}],"predecessor-version":[{"id":45680,"href":"https:\/\/noticiasemdestaque.com\/cd\/index.php?rest_route=\/wp\/v2\/posts\/45678\/revisions\/45680"}],"wp:featuredmedia":[{"embeddable":true,"href":"https:\/\/noticiasemdestaque.com\/cd\/index.php?rest_route=\/wp\/v2\/media\/45679"}],"wp:attachment":[{"href":"https:\/\/noticiasemdestaque.com\/cd\/index.php?rest_route=%2Fwp%2Fv2%2Fmedia&parent=45678"}],"wp:term":[{"taxonomy":"category","embeddable":true,"href":"https:\/\/noticiasemdestaque.com\/cd\/index.php?rest_route=%2Fwp%2Fv2%2Fcategories&post=45678"},{"taxonomy":"post_tag","embeddable":true,"href":"https:\/\/noticiasemdestaque.com\/cd\/index.php?rest_route=%2Fwp%2Fv2%2Ftags&post=45678"}],"curies":[{"name":"wp","href":"https:\/\/api.w.org\/{rel}","templated":true}]}}