{"id":45669,"date":"2023-01-20T08:59:41","date_gmt":"2023-01-20T11:59:41","guid":{"rendered":"https:\/\/noticiasemdestaque.com\/cd\/?p=45669"},"modified":"2023-01-20T08:59:41","modified_gmt":"2023-01-20T11:59:41","slug":"prefeito-eden-entra-em-ferias-e-vice-manezinho-lourenco-assume-a-prefeitura-de-sume","status":"publish","type":"post","link":"https:\/\/noticiasemdestaque.com\/cd\/?p=45669","title":{"rendered":"Prefeito \u00c9den entra em f\u00e9rias e vice Manezinho Louren\u00e7o assume a prefeitura de Sum\u00e9"},"content":{"rendered":"<p><a href=\"https:\/\/noticiasemdestaque.com\/cd\/wp-content\/uploads\/2023\/01\/Posse-do-prefeito-em-exercicio-Manezinho-Lourenco-735x450-1.png\"><img fetchpriority=\"high\" decoding=\"async\" class=\"alignnone  wp-image-45670\" src=\"https:\/\/noticiasemdestaque.com\/cd\/wp-content\/uploads\/2023\/01\/Posse-do-prefeito-em-exercicio-Manezinho-Lourenco-735x450-1-300x184.png\" alt=\"\" width=\"1117\" height=\"685\" srcset=\"https:\/\/noticiasemdestaque.com\/cd\/wp-content\/uploads\/2023\/01\/Posse-do-prefeito-em-exercicio-Manezinho-Lourenco-735x450-1-300x184.png 300w, https:\/\/noticiasemdestaque.com\/cd\/wp-content\/uploads\/2023\/01\/Posse-do-prefeito-em-exercicio-Manezinho-Lourenco-735x450-1-18x12.png 18w, https:\/\/noticiasemdestaque.com\/cd\/wp-content\/uploads\/2023\/01\/Posse-do-prefeito-em-exercicio-Manezinho-Lourenco-735x450-1.png 735w\" sizes=\"(max-width: 1117px) 100vw, 1117px\" \/><\/a><\/p>\n<p>Em reuni\u00e3o realizada na C\u00e2mara Municipal de Sum\u00e9, nessa quarta-feira, 19, o prefeito \u00c9den Duarte anunciou que a partir dessa data entra em f\u00e9rias. Na mesma sess\u00e3o de acolhimento, com a participa\u00e7\u00e3o de todos os vereadores, \u00c9den passou o cargo de prefeito em exerc\u00edcio para o vice-prefeito, Manoelzinho Louren\u00e7o, que assume o posto do Executivo Municipal, durante um per\u00edodo de 16 dias.<\/p>\n<p>\u00c9den agradeceu a parceria com o Legislativo sumeense e pediu o apoio e a colabora\u00e7\u00e3o de todos em prol dos interesses locais. Na ocasi\u00e3o, tanto os vereadores como o prefeito ressaltaram o car\u00e1ter, a humildade, a honestidade e a capacidade de trabalho de Manezinho Louren\u00e7o.<\/p>\n<p>\u201cTenho a convic\u00e7\u00e3o de que Sum\u00e9 ficar\u00e1 em \u00f3timas m\u00e3os, porque sei que Manezinho une todas credenciais positivas para dirigir o munic\u00edpio, como car\u00e1ter, responsabilidade e compreens\u00e3o das demandas sociais. Ele j\u00e1 provou isso n\u00e3o s\u00f3 como pol\u00edtico, mas tamb\u00e9m como cidad\u00e3o que \u00e9\u201d, declarou \u00c9den.<\/p>\n<p>Ele tamb\u00e9m destacou o trabalho, a dedica\u00e7\u00e3o e o empenho dos funcion\u00e1rios no exerc\u00edcio de suas fun\u00e7\u00f5es e disse estar tranquilo, porque sabe que o munic\u00edpio ser\u00e1 conduzido por um grupo de pessoas que s\u00f3 quer o bem de Sum\u00e9. Por fim, \u00c9den desejou sorte e sucesso ao prefeito em exerc\u00edcio.<\/p>\n<p><strong>Noticias em Destaque<\/strong><\/p>\n<p style=\"text-align: right;\"><em>Fonte: Ascom<\/em><\/p>\n","protected":false},"excerpt":{"rendered":"<p>Em reuni\u00e3o realizada na C\u00e2mara Municipal de Sum\u00e9, nessa quarta-feira, 19, o prefeito \u00c9den Duarte anunciou que a partir dessa data entra em f\u00e9rias. Na mesma sess\u00e3o de acolhimento, com a participa\u00e7\u00e3o de todos os vereadores, \u00c9den passou o cargo de prefeito em exerc\u00edcio para o vice-prefeito, Manoelzinho Louren\u00e7o, que assume o posto do Executivo Municipal, durante um per\u00edodo de 16 dias. \u00c9den agradeceu a parceria com o Legislativo sumeense e pediu o apoio e a colabora\u00e7\u00e3o de todos em prol dos interesses locais. Na ocasi\u00e3o, tanto os vereadores como o prefeito ressaltaram o car\u00e1ter, a humildade, a honestidade e a capacidade de trabalho de Manezinho Louren\u00e7o. \u201cTenho a convic\u00e7\u00e3o de que Sum\u00e9 ficar\u00e1 em \u00f3timas m\u00e3os, porque sei que Manezinho une todas credenciais positivas para dirigir o munic\u00edpio, como car\u00e1ter, responsabilidade e compreens\u00e3o das demandas sociais. Ele j\u00e1 provou isso n\u00e3o s\u00f3 como pol\u00edtico, mas tamb\u00e9m como cidad\u00e3o que \u00e9\u201d, declarou \u00c9den. Ele tamb\u00e9m destacou o trabalho, a dedica\u00e7\u00e3o e o empenho dos funcion\u00e1rios no exerc\u00edcio de suas fun\u00e7\u00f5es e disse estar tranquilo, porque sabe que o munic\u00edpio ser\u00e1 conduzido por um grupo de pessoas que s\u00f3 quer o bem de Sum\u00e9. Por fim, \u00c9den desejou sorte e sucesso ao prefeito em exerc\u00edcio. Noticias em Destaque Fonte: Ascom<\/p>\n","protected":false},"author":2,"featured_media":45670,"comment_status":"closed","ping_status":"open","sticky":false,"template":"","format":"standard","meta":{"_eb_attr":"","_jetpack_memberships_contains_paid_content":false,"footnotes":""},"categories":[4],"tags":[],"class_list":["post-45669","post","type-post","status-publish","format-standard","has-post-thumbnail","hentry","category-politica"],"yoast_head":"<!-- This site is optimized with the Yoast SEO plugin v26.5 - https:\/\/yoast.com\/wordpress\/plugins\/seo\/ -->\n<title>Prefeito \u00c9den entra em f\u00e9rias e vice Manezinho Louren\u00e7o assume a prefeitura de Sum\u00e9 - Not&iacute;cias em Destaque<\/title>\n<meta name=\"robots\" content=\"index, follow, max-snippet:-1, max-image-preview:large, max-video-preview:-1\" \/>\n<link rel=\"canonical\" href=\"https:\/\/noticiasemdestaque.com\/cd\/?p=45669\" \/>\n<meta property=\"og:locale\" content=\"pt_BR\" \/>\n<meta property=\"og:type\" content=\"article\" \/>\n<meta property=\"og:title\" content=\"Prefeito \u00c9den entra em f\u00e9rias e vice Manezinho Louren\u00e7o assume a prefeitura de Sum\u00e9 - Not&iacute;cias em Destaque\" \/>\n<meta property=\"og:description\" content=\"Em reuni\u00e3o realizada na C\u00e2mara Municipal de Sum\u00e9, nessa quarta-feira, 19, o prefeito \u00c9den Duarte anunciou que a partir dessa data entra em f\u00e9rias. Na mesma sess\u00e3o de acolhimento, com a participa\u00e7\u00e3o de todos os vereadores, \u00c9den passou o cargo de prefeito em exerc\u00edcio para o vice-prefeito, Manoelzinho Louren\u00e7o, que assume o posto do Executivo Municipal, durante um per\u00edodo de 16 dias. \u00c9den agradeceu a parceria com o Legislativo sumeense e pediu o apoio e a colabora\u00e7\u00e3o de todos em prol dos interesses locais. Na ocasi\u00e3o, tanto os vereadores como o prefeito ressaltaram o car\u00e1ter, a humildade, a honestidade e a capacidade de trabalho de Manezinho Louren\u00e7o. \u201cTenho a convic\u00e7\u00e3o de que Sum\u00e9 ficar\u00e1 em \u00f3timas m\u00e3os, porque sei que Manezinho une todas credenciais positivas para dirigir o munic\u00edpio, como car\u00e1ter, responsabilidade e compreens\u00e3o das demandas sociais. Ele j\u00e1 provou isso n\u00e3o s\u00f3 como pol\u00edtico, mas tamb\u00e9m como cidad\u00e3o que \u00e9\u201d, declarou \u00c9den. Ele tamb\u00e9m destacou o trabalho, a dedica\u00e7\u00e3o e o empenho dos funcion\u00e1rios no exerc\u00edcio de suas fun\u00e7\u00f5es e disse estar tranquilo, porque sabe que o munic\u00edpio ser\u00e1 conduzido por um grupo de pessoas que s\u00f3 quer o bem de Sum\u00e9. Por fim, \u00c9den desejou sorte e sucesso ao prefeito em exerc\u00edcio. Noticias em Destaque Fonte: Ascom\" \/>\n<meta property=\"og:url\" content=\"https:\/\/noticiasemdestaque.com\/cd\/?p=45669\" \/>\n<meta property=\"og:site_name\" content=\"Not&iacute;cias em Destaque\" \/>\n<meta property=\"article:published_time\" content=\"2023-01-20T11:59:41+00:00\" \/>\n<meta property=\"og:image\" content=\"https:\/\/noticiasemdestaque.com\/cd\/wp-content\/uploads\/2023\/01\/Posse-do-prefeito-em-exercicio-Manezinho-Lourenco-735x450-1.png\" \/>\n\t<meta property=\"og:image:width\" content=\"735\" \/>\n\t<meta property=\"og:image:height\" content=\"450\" \/>\n\t<meta property=\"og:image:type\" content=\"image\/png\" \/>\n<meta name=\"author\" content=\"Not\u00edcias em Destaque\" \/>\n<meta name=\"twitter:card\" content=\"summary_large_image\" \/>\n<meta name=\"twitter:label1\" content=\"Escrito por\" \/>\n\t<meta name=\"twitter:data1\" content=\"Not\u00edcias em Destaque\" \/>\n\t<meta name=\"twitter:label2\" content=\"Est. tempo de leitura\" \/>\n\t<meta name=\"twitter:data2\" content=\"2 minutos\" \/>\n<script type=\"application\/ld+json\" class=\"yoast-schema-graph\">{\"@context\":\"https:\/\/schema.org\",\"@graph\":[{\"@type\":\"Article\",\"@id\":\"https:\/\/noticiasemdestaque.com\/cd\/?p=45669#article\",\"isPartOf\":{\"@id\":\"https:\/\/noticiasemdestaque.com\/cd\/?p=45669\"},\"author\":{\"name\":\"Not\u00edcias em Destaque\",\"@id\":\"https:\/\/noticiasemdestaque.com\/cd\/#\/schema\/person\/47f7d4f55eec17c6b2ca036c5500f6ce\"},\"headline\":\"Prefeito \u00c9den entra em f\u00e9rias e vice Manezinho Louren\u00e7o assume a prefeitura de Sum\u00e9\",\"datePublished\":\"2023-01-20T11:59:41+00:00\",\"mainEntityOfPage\":{\"@id\":\"https:\/\/noticiasemdestaque.com\/cd\/?p=45669\"},\"wordCount\":250,\"publisher\":{\"@id\":\"https:\/\/noticiasemdestaque.com\/cd\/#organization\"},\"image\":{\"@id\":\"https:\/\/noticiasemdestaque.com\/cd\/?p=45669#primaryimage\"},\"thumbnailUrl\":\"https:\/\/noticiasemdestaque.com\/cd\/wp-content\/uploads\/2023\/01\/Posse-do-prefeito-em-exercicio-Manezinho-Lourenco-735x450-1.png\",\"articleSection\":[\"Pol\u00edtica\"],\"inLanguage\":\"pt-BR\"},{\"@type\":\"WebPage\",\"@id\":\"https:\/\/noticiasemdestaque.com\/cd\/?p=45669\",\"url\":\"https:\/\/noticiasemdestaque.com\/cd\/?p=45669\",\"name\":\"Prefeito \u00c9den entra em f\u00e9rias e vice Manezinho Louren\u00e7o assume a prefeitura de Sum\u00e9 - Not&iacute;cias em Destaque\",\"isPartOf\":{\"@id\":\"https:\/\/noticiasemdestaque.com\/cd\/#website\"},\"primaryImageOfPage\":{\"@id\":\"https:\/\/noticiasemdestaque.com\/cd\/?p=45669#primaryimage\"},\"image\":{\"@id\":\"https:\/\/noticiasemdestaque.com\/cd\/?p=45669#primaryimage\"},\"thumbnailUrl\":\"https:\/\/noticiasemdestaque.com\/cd\/wp-content\/uploads\/2023\/01\/Posse-do-prefeito-em-exercicio-Manezinho-Lourenco-735x450-1.png\",\"datePublished\":\"2023-01-20T11:59:41+00:00\",\"breadcrumb\":{\"@id\":\"https:\/\/noticiasemdestaque.com\/cd\/?p=45669#breadcrumb\"},\"inLanguage\":\"pt-BR\",\"potentialAction\":[{\"@type\":\"ReadAction\",\"target\":[\"https:\/\/noticiasemdestaque.com\/cd\/?p=45669\"]}]},{\"@type\":\"ImageObject\",\"inLanguage\":\"pt-BR\",\"@id\":\"https:\/\/noticiasemdestaque.com\/cd\/?p=45669#primaryimage\",\"url\":\"https:\/\/noticiasemdestaque.com\/cd\/wp-content\/uploads\/2023\/01\/Posse-do-prefeito-em-exercicio-Manezinho-Lourenco-735x450-1.png\",\"contentUrl\":\"https:\/\/noticiasemdestaque.com\/cd\/wp-content\/uploads\/2023\/01\/Posse-do-prefeito-em-exercicio-Manezinho-Lourenco-735x450-1.png\",\"width\":735,\"height\":450},{\"@type\":\"BreadcrumbList\",\"@id\":\"https:\/\/noticiasemdestaque.com\/cd\/?p=45669#breadcrumb\",\"itemListElement\":[{\"@type\":\"ListItem\",\"position\":1,\"name\":\"In\u00edcio\",\"item\":\"https:\/\/noticiasemdestaque.com\/cd\/\"},{\"@type\":\"ListItem\",\"position\":2,\"name\":\"Prefeito \u00c9den entra em f\u00e9rias e vice Manezinho Louren\u00e7o assume a prefeitura de Sum\u00e9\"}]},{\"@type\":\"WebSite\",\"@id\":\"https:\/\/noticiasemdestaque.com\/cd\/#website\",\"url\":\"https:\/\/noticiasemdestaque.com\/cd\/\",\"name\":\"Not&iacute;cias em Destaque\",\"description\":\"\",\"publisher\":{\"@id\":\"https:\/\/noticiasemdestaque.com\/cd\/#organization\"},\"potentialAction\":[{\"@type\":\"SearchAction\",\"target\":{\"@type\":\"EntryPoint\",\"urlTemplate\":\"https:\/\/noticiasemdestaque.com\/cd\/?s={search_term_string}\"},\"query-input\":{\"@type\":\"PropertyValueSpecification\",\"valueRequired\":true,\"valueName\":\"search_term_string\"}}],\"inLanguage\":\"pt-BR\"},{\"@type\":\"Organization\",\"@id\":\"https:\/\/noticiasemdestaque.com\/cd\/#organization\",\"name\":\"Not\u00edcias em Destaque\",\"url\":\"https:\/\/noticiasemdestaque.com\/cd\/\",\"logo\":{\"@type\":\"ImageObject\",\"inLanguage\":\"pt-BR\",\"@id\":\"https:\/\/noticiasemdestaque.com\/cd\/#\/schema\/logo\/image\/\",\"url\":\"https:\/\/noticiasemdestaque.com\/cd\/wp-content\/uploads\/2022\/05\/imagem-base-noticiasemdestaque.png\",\"contentUrl\":\"https:\/\/noticiasemdestaque.com\/cd\/wp-content\/uploads\/2022\/05\/imagem-base-noticiasemdestaque.png\",\"width\":1200,\"height\":630,\"caption\":\"Not\u00edcias em Destaque\"},\"image\":{\"@id\":\"https:\/\/noticiasemdestaque.com\/cd\/#\/schema\/logo\/image\/\"}},{\"@type\":\"Person\",\"@id\":\"https:\/\/noticiasemdestaque.com\/cd\/#\/schema\/person\/47f7d4f55eec17c6b2ca036c5500f6ce\",\"name\":\"Not\u00edcias em Destaque\",\"url\":\"https:\/\/noticiasemdestaque.com\/cd\/?author=2\"}]}<\/script>\n<!-- \/ Yoast SEO plugin. -->","yoast_head_json":{"title":"Prefeito \u00c9den entra em f\u00e9rias e vice Manezinho Louren\u00e7o assume a prefeitura de Sum\u00e9 - Not&iacute;cias em Destaque","robots":{"index":"index","follow":"follow","max-snippet":"max-snippet:-1","max-image-preview":"max-image-preview:large","max-video-preview":"max-video-preview:-1"},"canonical":"https:\/\/noticiasemdestaque.com\/cd\/?p=45669","og_locale":"pt_BR","og_type":"article","og_title":"Prefeito \u00c9den entra em f\u00e9rias e vice Manezinho Louren\u00e7o assume a prefeitura de Sum\u00e9 - Not&iacute;cias em Destaque","og_description":"Em reuni\u00e3o realizada na C\u00e2mara Municipal de Sum\u00e9, nessa quarta-feira, 19, o prefeito \u00c9den Duarte anunciou que a partir dessa data entra em f\u00e9rias. Na mesma sess\u00e3o de acolhimento, com a participa\u00e7\u00e3o de todos os vereadores, \u00c9den passou o cargo de prefeito em exerc\u00edcio para o vice-prefeito, Manoelzinho Louren\u00e7o, que assume o posto do Executivo Municipal, durante um per\u00edodo de 16 dias. \u00c9den agradeceu a parceria com o Legislativo sumeense e pediu o apoio e a colabora\u00e7\u00e3o de todos em prol dos interesses locais. Na ocasi\u00e3o, tanto os vereadores como o prefeito ressaltaram o car\u00e1ter, a humildade, a honestidade e a capacidade de trabalho de Manezinho Louren\u00e7o. \u201cTenho a convic\u00e7\u00e3o de que Sum\u00e9 ficar\u00e1 em \u00f3timas m\u00e3os, porque sei que Manezinho une todas credenciais positivas para dirigir o munic\u00edpio, como car\u00e1ter, responsabilidade e compreens\u00e3o das demandas sociais. Ele j\u00e1 provou isso n\u00e3o s\u00f3 como pol\u00edtico, mas tamb\u00e9m como cidad\u00e3o que \u00e9\u201d, declarou \u00c9den. Ele tamb\u00e9m destacou o trabalho, a dedica\u00e7\u00e3o e o empenho dos funcion\u00e1rios no exerc\u00edcio de suas fun\u00e7\u00f5es e disse estar tranquilo, porque sabe que o munic\u00edpio ser\u00e1 conduzido por um grupo de pessoas que s\u00f3 quer o bem de Sum\u00e9. Por fim, \u00c9den desejou sorte e sucesso ao prefeito em exerc\u00edcio. Noticias em Destaque Fonte: Ascom","og_url":"https:\/\/noticiasemdestaque.com\/cd\/?p=45669","og_site_name":"Not&iacute;cias em Destaque","article_published_time":"2023-01-20T11:59:41+00:00","og_image":[{"width":735,"height":450,"url":"https:\/\/noticiasemdestaque.com\/cd\/wp-content\/uploads\/2023\/01\/Posse-do-prefeito-em-exercicio-Manezinho-Lourenco-735x450-1.png","type":"image\/png"}],"author":"Not\u00edcias em Destaque","twitter_card":"summary_large_image","twitter_misc":{"Escrito por":"Not\u00edcias em Destaque","Est. tempo de leitura":"2 minutos"},"schema":{"@context":"https:\/\/schema.org","@graph":[{"@type":"Article","@id":"https:\/\/noticiasemdestaque.com\/cd\/?p=45669#article","isPartOf":{"@id":"https:\/\/noticiasemdestaque.com\/cd\/?p=45669"},"author":{"name":"Not\u00edcias em Destaque","@id":"https:\/\/noticiasemdestaque.com\/cd\/#\/schema\/person\/47f7d4f55eec17c6b2ca036c5500f6ce"},"headline":"Prefeito \u00c9den entra em f\u00e9rias e vice Manezinho Louren\u00e7o assume a prefeitura de Sum\u00e9","datePublished":"2023-01-20T11:59:41+00:00","mainEntityOfPage":{"@id":"https:\/\/noticiasemdestaque.com\/cd\/?p=45669"},"wordCount":250,"publisher":{"@id":"https:\/\/noticiasemdestaque.com\/cd\/#organization"},"image":{"@id":"https:\/\/noticiasemdestaque.com\/cd\/?p=45669#primaryimage"},"thumbnailUrl":"https:\/\/noticiasemdestaque.com\/cd\/wp-content\/uploads\/2023\/01\/Posse-do-prefeito-em-exercicio-Manezinho-Lourenco-735x450-1.png","articleSection":["Pol\u00edtica"],"inLanguage":"pt-BR"},{"@type":"WebPage","@id":"https:\/\/noticiasemdestaque.com\/cd\/?p=45669","url":"https:\/\/noticiasemdestaque.com\/cd\/?p=45669","name":"Prefeito \u00c9den entra em f\u00e9rias e vice Manezinho Louren\u00e7o assume a prefeitura de Sum\u00e9 - Not&iacute;cias em Destaque","isPartOf":{"@id":"https:\/\/noticiasemdestaque.com\/cd\/#website"},"primaryImageOfPage":{"@id":"https:\/\/noticiasemdestaque.com\/cd\/?p=45669#primaryimage"},"image":{"@id":"https:\/\/noticiasemdestaque.com\/cd\/?p=45669#primaryimage"},"thumbnailUrl":"https:\/\/noticiasemdestaque.com\/cd\/wp-content\/uploads\/2023\/01\/Posse-do-prefeito-em-exercicio-Manezinho-Lourenco-735x450-1.png","datePublished":"2023-01-20T11:59:41+00:00","breadcrumb":{"@id":"https:\/\/noticiasemdestaque.com\/cd\/?p=45669#breadcrumb"},"inLanguage":"pt-BR","potentialAction":[{"@type":"ReadAction","target":["https:\/\/noticiasemdestaque.com\/cd\/?p=45669"]}]},{"@type":"ImageObject","inLanguage":"pt-BR","@id":"https:\/\/noticiasemdestaque.com\/cd\/?p=45669#primaryimage","url":"https:\/\/noticiasemdestaque.com\/cd\/wp-content\/uploads\/2023\/01\/Posse-do-prefeito-em-exercicio-Manezinho-Lourenco-735x450-1.png","contentUrl":"https:\/\/noticiasemdestaque.com\/cd\/wp-content\/uploads\/2023\/01\/Posse-do-prefeito-em-exercicio-Manezinho-Lourenco-735x450-1.png","width":735,"height":450},{"@type":"BreadcrumbList","@id":"https:\/\/noticiasemdestaque.com\/cd\/?p=45669#breadcrumb","itemListElement":[{"@type":"ListItem","position":1,"name":"In\u00edcio","item":"https:\/\/noticiasemdestaque.com\/cd\/"},{"@type":"ListItem","position":2,"name":"Prefeito \u00c9den entra em f\u00e9rias e vice Manezinho Louren\u00e7o assume a prefeitura de Sum\u00e9"}]},{"@type":"WebSite","@id":"https:\/\/noticiasemdestaque.com\/cd\/#website","url":"https:\/\/noticiasemdestaque.com\/cd\/","name":"Not&iacute;cias em Destaque","description":"","publisher":{"@id":"https:\/\/noticiasemdestaque.com\/cd\/#organization"},"potentialAction":[{"@type":"SearchAction","target":{"@type":"EntryPoint","urlTemplate":"https:\/\/noticiasemdestaque.com\/cd\/?s={search_term_string}"},"query-input":{"@type":"PropertyValueSpecification","valueRequired":true,"valueName":"search_term_string"}}],"inLanguage":"pt-BR"},{"@type":"Organization","@id":"https:\/\/noticiasemdestaque.com\/cd\/#organization","name":"Not\u00edcias em Destaque","url":"https:\/\/noticiasemdestaque.com\/cd\/","logo":{"@type":"ImageObject","inLanguage":"pt-BR","@id":"https:\/\/noticiasemdestaque.com\/cd\/#\/schema\/logo\/image\/","url":"https:\/\/noticiasemdestaque.com\/cd\/wp-content\/uploads\/2022\/05\/imagem-base-noticiasemdestaque.png","contentUrl":"https:\/\/noticiasemdestaque.com\/cd\/wp-content\/uploads\/2022\/05\/imagem-base-noticiasemdestaque.png","width":1200,"height":630,"caption":"Not\u00edcias em Destaque"},"image":{"@id":"https:\/\/noticiasemdestaque.com\/cd\/#\/schema\/logo\/image\/"}},{"@type":"Person","@id":"https:\/\/noticiasemdestaque.com\/cd\/#\/schema\/person\/47f7d4f55eec17c6b2ca036c5500f6ce","name":"Not\u00edcias em Destaque","url":"https:\/\/noticiasemdestaque.com\/cd\/?author=2"}]}},"jetpack_featured_media_url":"https:\/\/noticiasemdestaque.com\/cd\/wp-content\/uploads\/2023\/01\/Posse-do-prefeito-em-exercicio-Manezinho-Lourenco-735x450-1.png","jetpack_sharing_enabled":true,"_links":{"self":[{"href":"https:\/\/noticiasemdestaque.com\/cd\/index.php?rest_route=\/wp\/v2\/posts\/45669","targetHints":{"allow":["GET"]}}],"collection":[{"href":"https:\/\/noticiasemdestaque.com\/cd\/index.php?rest_route=\/wp\/v2\/posts"}],"about":[{"href":"https:\/\/noticiasemdestaque.com\/cd\/index.php?rest_route=\/wp\/v2\/types\/post"}],"author":[{"embeddable":true,"href":"https:\/\/noticiasemdestaque.com\/cd\/index.php?rest_route=\/wp\/v2\/users\/2"}],"replies":[{"embeddable":true,"href":"https:\/\/noticiasemdestaque.com\/cd\/index.php?rest_route=%2Fwp%2Fv2%2Fcomments&post=45669"}],"version-history":[{"count":1,"href":"https:\/\/noticiasemdestaque.com\/cd\/index.php?rest_route=\/wp\/v2\/posts\/45669\/revisions"}],"predecessor-version":[{"id":45671,"href":"https:\/\/noticiasemdestaque.com\/cd\/index.php?rest_route=\/wp\/v2\/posts\/45669\/revisions\/45671"}],"wp:featuredmedia":[{"embeddable":true,"href":"https:\/\/noticiasemdestaque.com\/cd\/index.php?rest_route=\/wp\/v2\/media\/45670"}],"wp:attachment":[{"href":"https:\/\/noticiasemdestaque.com\/cd\/index.php?rest_route=%2Fwp%2Fv2%2Fmedia&parent=45669"}],"wp:term":[{"taxonomy":"category","embeddable":true,"href":"https:\/\/noticiasemdestaque.com\/cd\/index.php?rest_route=%2Fwp%2Fv2%2Fcategories&post=45669"},{"taxonomy":"post_tag","embeddable":true,"href":"https:\/\/noticiasemdestaque.com\/cd\/index.php?rest_route=%2Fwp%2Fv2%2Ftags&post=45669"}],"curies":[{"name":"wp","href":"https:\/\/api.w.org\/{rel}","templated":true}]}}