{"id":45666,"date":"2023-01-20T08:54:09","date_gmt":"2023-01-20T11:54:09","guid":{"rendered":"https:\/\/noticiasemdestaque.com\/cd\/?p=45666"},"modified":"2023-01-20T08:54:09","modified_gmt":"2023-01-20T11:54:09","slug":"prefeito-de-prata-pavimenta-vila-sao-joao","status":"publish","type":"post","link":"https:\/\/noticiasemdestaque.com\/cd\/?p=45666","title":{"rendered":"Prefeito de Prata pavimenta vila S\u00e3o Jo\u00e3o"},"content":{"rendered":"<p>O prefeito do munic\u00edpio de Prata Genivaldo Temb\u00f3rio vem trazendo qualidade de vida aos pratenses , desta vez foi os moradores da vila S\u00e3o Jo\u00e3o que agora est\u00e3o tendo suas Ruas pavimentadas.<\/p>\n<p>O prefeito Genivaldo Temb\u00f3rio tem dito sempre que at\u00e9 o final do seu mandato a meta \u00e9 pavimentar 100 ruas no munic\u00edpio, visando promover mobilidade urbana, mais seguran\u00e7a e conforto aos moradores que ainda n\u00e3o tem esse benef\u00edcio.<\/p>\n<p>O valor da obra \u00e9 R$484.288,27 , oriundo da emenda parlamentar do Deputado Federal Wellington Roberto.<\/p>\n<h5>Fotos de Andr\u00e9 Luiz<\/h5>\n<p>&nbsp;<\/p>\n<div class=\"separator\"><a href=\"https:\/\/blogger.googleusercontent.com\/img\/b\/R29vZ2xl\/AVvXsEjChz7DsrJ7R5p7HZXAWRkkQvfFJB9qEf4RcHxFUOPuczHWIk8M1jWn-HODkvBcOSluJoKYvZuACht0mLrEyKIyzfC9WP3TadKcZwIJjQTexb3wtdF6s0N24hFTVv-xhE1t5y0_xWKQp0akjVOhAviFgQFQCATtp9L0gLsP56lec1wjxSu_NamnxnhTTQ\/s4624\/IMG_20230119_091411.jpg\"><img fetchpriority=\"high\" decoding=\"async\" src=\"https:\/\/blogger.googleusercontent.com\/img\/b\/R29vZ2xl\/AVvXsEjChz7DsrJ7R5p7HZXAWRkkQvfFJB9qEf4RcHxFUOPuczHWIk8M1jWn-HODkvBcOSluJoKYvZuACht0mLrEyKIyzfC9WP3TadKcZwIJjQTexb3wtdF6s0N24hFTVv-xhE1t5y0_xWKQp0akjVOhAviFgQFQCATtp9L0gLsP56lec1wjxSu_NamnxnhTTQ\/s320\/IMG_20230119_091411.jpg\" width=\"320\" height=\"180\" border=\"0\" data-original-height=\"2604\" data-original-width=\"4624\" \/><\/a><\/div>\n<p>&nbsp;<\/p>\n<div class=\"separator\"><a href=\"https:\/\/blogger.googleusercontent.com\/img\/b\/R29vZ2xl\/AVvXsEg3qF4uESjhZnud8OEnKRBrOI_5q99jDzHIelAWY7mB73BaTcMBe7Secjz_lJWoMyn_qyZr2Xux0aHjNbPrtNAa-p-H1k-TNB1rbsfRaNLWWmIdYzkxU7hIUjw2BQ_u5S96SE9mG98Bz9JtvlaieDgBDwra6dHhreLGfE9Lx0zmJI4RfgLo_LQoRMb-kQ\/s4624\/IMG_20230119_091435.jpg\"><img decoding=\"async\" src=\"https:\/\/blogger.googleusercontent.com\/img\/b\/R29vZ2xl\/AVvXsEg3qF4uESjhZnud8OEnKRBrOI_5q99jDzHIelAWY7mB73BaTcMBe7Secjz_lJWoMyn_qyZr2Xux0aHjNbPrtNAa-p-H1k-TNB1rbsfRaNLWWmIdYzkxU7hIUjw2BQ_u5S96SE9mG98Bz9JtvlaieDgBDwra6dHhreLGfE9Lx0zmJI4RfgLo_LQoRMb-kQ\/s320\/IMG_20230119_091435.jpg\" width=\"320\" height=\"180\" border=\"0\" data-original-height=\"2604\" data-original-width=\"4624\" \/><\/a><\/div>\n<p>&nbsp;<\/p>\n<div class=\"separator\"><a href=\"https:\/\/blogger.googleusercontent.com\/img\/b\/R29vZ2xl\/AVvXsEjU02MU6xnycc-rJizIv9wae-5lcrPC7AwEUOz0fHL2n_J3V9ePSH9-SayviOga048_Z9Z9eiZhdNQxzqSmIB9X7Niun1Po3hbkE7Z3HQyhVXFr_HGu7SVdQ7e6pdjSbZFk4b7kYgAJ82umfxNxwlCSsDniY_-mg2BPCIYQOYPslpz6J1W_jrYMoA1tgA\/s4624\/IMG_20230119_091518.jpg\"><img decoding=\"async\" src=\"https:\/\/blogger.googleusercontent.com\/img\/b\/R29vZ2xl\/AVvXsEjU02MU6xnycc-rJizIv9wae-5lcrPC7AwEUOz0fHL2n_J3V9ePSH9-SayviOga048_Z9Z9eiZhdNQxzqSmIB9X7Niun1Po3hbkE7Z3HQyhVXFr_HGu7SVdQ7e6pdjSbZFk4b7kYgAJ82umfxNxwlCSsDniY_-mg2BPCIYQOYPslpz6J1W_jrYMoA1tgA\/s320\/IMG_20230119_091518.jpg\" width=\"320\" height=\"180\" border=\"0\" data-original-height=\"2604\" data-original-width=\"4624\" \/><\/a><\/div>\n<p>&nbsp;<\/p>\n<div class=\"separator\"><a href=\"https:\/\/blogger.googleusercontent.com\/img\/b\/R29vZ2xl\/AVvXsEgTm7yHsZw8U5WS-JdJO2cUT0ZxMGQbSjcjySu909jIFumGivS9ANKUJtBtKuKJaN2s941tZykd-lUT2tv5N6qlpbojxOXDaowgEzs09uNNnieMC6f2261kH8d1ZIW61eR2FeyGABurZtxjKeHhaCL4SaeK6BGylhUdo_2dE27FwOxrpEbqaAhryncgwg\/s4624\/IMG_20230119_091600.jpg\"><img loading=\"lazy\" decoding=\"async\" src=\"https:\/\/blogger.googleusercontent.com\/img\/b\/R29vZ2xl\/AVvXsEgTm7yHsZw8U5WS-JdJO2cUT0ZxMGQbSjcjySu909jIFumGivS9ANKUJtBtKuKJaN2s941tZykd-lUT2tv5N6qlpbojxOXDaowgEzs09uNNnieMC6f2261kH8d1ZIW61eR2FeyGABurZtxjKeHhaCL4SaeK6BGylhUdo_2dE27FwOxrpEbqaAhryncgwg\/s320\/IMG_20230119_091600.jpg\" width=\"320\" height=\"180\" border=\"0\" data-original-height=\"2604\" data-original-width=\"4624\" \/><\/a><\/div>\n<p>&nbsp;<\/p>\n<div class=\"separator\"><a href=\"https:\/\/blogger.googleusercontent.com\/img\/b\/R29vZ2xl\/AVvXsEjnPLL_y2IsKN34d4jIjMaI6itiFEDWjgr8en94Tq5zrCnXgtDBY9cDOMCAvwqD_V9-wV5mkJ3rOR_Jw5T_WyShubqw4LF2m0zf_yAm3Ybl3qPih6Ue2SMZ8msH4GZ0okZb_hVvQ9VflBipADUKzXs4PGzqF0bOrPkEwqLLA9YjxhmBu7Q7EJXf0xp0ww\/s4624\/IMG_20230119_091605.jpg\"><img loading=\"lazy\" decoding=\"async\" src=\"https:\/\/blogger.googleusercontent.com\/img\/b\/R29vZ2xl\/AVvXsEjnPLL_y2IsKN34d4jIjMaI6itiFEDWjgr8en94Tq5zrCnXgtDBY9cDOMCAvwqD_V9-wV5mkJ3rOR_Jw5T_WyShubqw4LF2m0zf_yAm3Ybl3qPih6Ue2SMZ8msH4GZ0okZb_hVvQ9VflBipADUKzXs4PGzqF0bOrPkEwqLLA9YjxhmBu7Q7EJXf0xp0ww\/s320\/IMG_20230119_091605.jpg\" width=\"320\" height=\"180\" border=\"0\" data-original-height=\"2604\" data-original-width=\"4624\" \/><\/a><\/div>\n<p>&nbsp;<\/p>\n<div class=\"separator\"><a href=\"https:\/\/blogger.googleusercontent.com\/img\/b\/R29vZ2xl\/AVvXsEjKgKhPodojZwsDsBSVCV6nA8PjFhRrjHZA2DD_K2TBRIeAZ1qevM5biHVO0w7eshA6h_7kNopQSks9n2HqgnxQ-QA7Z1rctBSpGisU_hLKVwxsGi8fFqM5RWd_gPx3HAMwbdKYP1LncYXUNySqOjzhCI_mVQ5uyDxH9RAVSx9RxaJhAVh6ldcfxV7Brw\/s4624\/IMG_20230119_091611.jpg\"><img loading=\"lazy\" decoding=\"async\" src=\"https:\/\/blogger.googleusercontent.com\/img\/b\/R29vZ2xl\/AVvXsEjKgKhPodojZwsDsBSVCV6nA8PjFhRrjHZA2DD_K2TBRIeAZ1qevM5biHVO0w7eshA6h_7kNopQSks9n2HqgnxQ-QA7Z1rctBSpGisU_hLKVwxsGi8fFqM5RWd_gPx3HAMwbdKYP1LncYXUNySqOjzhCI_mVQ5uyDxH9RAVSx9RxaJhAVh6ldcfxV7Brw\/s320\/IMG_20230119_091611.jpg\" width=\"320\" height=\"180\" border=\"0\" data-original-height=\"2604\" data-original-width=\"4624\" \/><\/a><\/div>\n<div class=\"separator\"><strong>Noticias em Destaque<\/strong><\/div>\n<div style=\"text-align: right;\"><em>Fonte: Portal Cariri PB<\/em><\/div>\n","protected":false},"excerpt":{"rendered":"<p>O prefeito do munic\u00edpio de Prata Genivaldo Temb\u00f3rio vem trazendo qualidade de vida aos pratenses , desta vez foi os moradores da vila S\u00e3o Jo\u00e3o que agora est\u00e3o tendo suas Ruas pavimentadas. O prefeito Genivaldo Temb\u00f3rio tem dito sempre que at\u00e9 o final do seu mandato a meta \u00e9 pavimentar 100 ruas no munic\u00edpio, visando promover mobilidade urbana, mais seguran\u00e7a e conforto aos moradores que ainda n\u00e3o tem esse benef\u00edcio. O valor da obra \u00e9 R$484.288,27 , oriundo da emenda parlamentar do Deputado Federal Wellington Roberto. Fotos de Andr\u00e9 Luiz &nbsp; &nbsp; &nbsp; &nbsp; &nbsp; &nbsp; Noticias em Destaque Fonte: Portal Cariri PB<\/p>\n","protected":false},"author":2,"featured_media":45667,"comment_status":"closed","ping_status":"open","sticky":false,"template":"","format":"standard","meta":{"_eb_attr":"","_jetpack_memberships_contains_paid_content":false,"footnotes":""},"categories":[3],"tags":[],"class_list":["post-45666","post","type-post","status-publish","format-standard","has-post-thumbnail","hentry","category-cidades"],"yoast_head":"<!-- This site is optimized with the Yoast SEO plugin v26.5 - https:\/\/yoast.com\/wordpress\/plugins\/seo\/ -->\n<title>Prefeito de Prata pavimenta vila S\u00e3o Jo\u00e3o - Not&iacute;cias em Destaque<\/title>\n<meta name=\"robots\" content=\"index, follow, max-snippet:-1, max-image-preview:large, max-video-preview:-1\" \/>\n<link rel=\"canonical\" href=\"https:\/\/noticiasemdestaque.com\/cd\/?p=45666\" \/>\n<meta property=\"og:locale\" content=\"pt_BR\" \/>\n<meta property=\"og:type\" content=\"article\" \/>\n<meta property=\"og:title\" content=\"Prefeito de Prata pavimenta vila S\u00e3o Jo\u00e3o - Not&iacute;cias em Destaque\" \/>\n<meta property=\"og:description\" content=\"O prefeito do munic\u00edpio de Prata Genivaldo Temb\u00f3rio vem trazendo qualidade de vida aos pratenses , desta vez foi os moradores da vila S\u00e3o Jo\u00e3o que agora est\u00e3o tendo suas Ruas pavimentadas. O prefeito Genivaldo Temb\u00f3rio tem dito sempre que at\u00e9 o final do seu mandato a meta \u00e9 pavimentar 100 ruas no munic\u00edpio, visando promover mobilidade urbana, mais seguran\u00e7a e conforto aos moradores que ainda n\u00e3o tem esse benef\u00edcio. O valor da obra \u00e9 R$484.288,27 , oriundo da emenda parlamentar do Deputado Federal Wellington Roberto. Fotos de Andr\u00e9 Luiz &nbsp; &nbsp; &nbsp; &nbsp; &nbsp; &nbsp; Noticias em Destaque Fonte: Portal Cariri PB\" \/>\n<meta property=\"og:url\" content=\"https:\/\/noticiasemdestaque.com\/cd\/?p=45666\" \/>\n<meta property=\"og:site_name\" content=\"Not&iacute;cias em Destaque\" \/>\n<meta property=\"article:published_time\" content=\"2023-01-20T11:54:09+00:00\" \/>\n<meta property=\"og:image\" content=\"https:\/\/noticiasemdestaque.com\/cd\/wp-content\/uploads\/2023\/01\/IMG_20230119_091357.jpg\" \/>\n\t<meta property=\"og:image:width\" content=\"1600\" \/>\n\t<meta property=\"og:image:height\" content=\"901\" \/>\n\t<meta property=\"og:image:type\" content=\"image\/jpeg\" \/>\n<meta name=\"author\" content=\"Not\u00edcias em Destaque\" \/>\n<meta name=\"twitter:card\" content=\"summary_large_image\" \/>\n<meta name=\"twitter:label1\" content=\"Escrito por\" \/>\n\t<meta name=\"twitter:data1\" content=\"Not\u00edcias em Destaque\" \/>\n\t<meta name=\"twitter:label2\" content=\"Est. tempo de leitura\" \/>\n\t<meta name=\"twitter:data2\" content=\"2 minutos\" \/>\n<script type=\"application\/ld+json\" class=\"yoast-schema-graph\">{\"@context\":\"https:\/\/schema.org\",\"@graph\":[{\"@type\":\"Article\",\"@id\":\"https:\/\/noticiasemdestaque.com\/cd\/?p=45666#article\",\"isPartOf\":{\"@id\":\"https:\/\/noticiasemdestaque.com\/cd\/?p=45666\"},\"author\":{\"name\":\"Not\u00edcias em Destaque\",\"@id\":\"https:\/\/noticiasemdestaque.com\/cd\/#\/schema\/person\/47f7d4f55eec17c6b2ca036c5500f6ce\"},\"headline\":\"Prefeito de Prata pavimenta vila S\u00e3o Jo\u00e3o\",\"datePublished\":\"2023-01-20T11:54:09+00:00\",\"mainEntityOfPage\":{\"@id\":\"https:\/\/noticiasemdestaque.com\/cd\/?p=45666\"},\"wordCount\":117,\"publisher\":{\"@id\":\"https:\/\/noticiasemdestaque.com\/cd\/#organization\"},\"image\":{\"@id\":\"https:\/\/noticiasemdestaque.com\/cd\/?p=45666#primaryimage\"},\"thumbnailUrl\":\"https:\/\/noticiasemdestaque.com\/cd\/wp-content\/uploads\/2023\/01\/IMG_20230119_091357.jpg\",\"articleSection\":[\"Cidades\"],\"inLanguage\":\"pt-BR\"},{\"@type\":\"WebPage\",\"@id\":\"https:\/\/noticiasemdestaque.com\/cd\/?p=45666\",\"url\":\"https:\/\/noticiasemdestaque.com\/cd\/?p=45666\",\"name\":\"Prefeito de Prata pavimenta vila S\u00e3o Jo\u00e3o - Not&iacute;cias em Destaque\",\"isPartOf\":{\"@id\":\"https:\/\/noticiasemdestaque.com\/cd\/#website\"},\"primaryImageOfPage\":{\"@id\":\"https:\/\/noticiasemdestaque.com\/cd\/?p=45666#primaryimage\"},\"image\":{\"@id\":\"https:\/\/noticiasemdestaque.com\/cd\/?p=45666#primaryimage\"},\"thumbnailUrl\":\"https:\/\/noticiasemdestaque.com\/cd\/wp-content\/uploads\/2023\/01\/IMG_20230119_091357.jpg\",\"datePublished\":\"2023-01-20T11:54:09+00:00\",\"breadcrumb\":{\"@id\":\"https:\/\/noticiasemdestaque.com\/cd\/?p=45666#breadcrumb\"},\"inLanguage\":\"pt-BR\",\"potentialAction\":[{\"@type\":\"ReadAction\",\"target\":[\"https:\/\/noticiasemdestaque.com\/cd\/?p=45666\"]}]},{\"@type\":\"ImageObject\",\"inLanguage\":\"pt-BR\",\"@id\":\"https:\/\/noticiasemdestaque.com\/cd\/?p=45666#primaryimage\",\"url\":\"https:\/\/noticiasemdestaque.com\/cd\/wp-content\/uploads\/2023\/01\/IMG_20230119_091357.jpg\",\"contentUrl\":\"https:\/\/noticiasemdestaque.com\/cd\/wp-content\/uploads\/2023\/01\/IMG_20230119_091357.jpg\",\"width\":1600,\"height\":901},{\"@type\":\"BreadcrumbList\",\"@id\":\"https:\/\/noticiasemdestaque.com\/cd\/?p=45666#breadcrumb\",\"itemListElement\":[{\"@type\":\"ListItem\",\"position\":1,\"name\":\"In\u00edcio\",\"item\":\"https:\/\/noticiasemdestaque.com\/cd\/\"},{\"@type\":\"ListItem\",\"position\":2,\"name\":\"Prefeito de Prata pavimenta vila S\u00e3o Jo\u00e3o\"}]},{\"@type\":\"WebSite\",\"@id\":\"https:\/\/noticiasemdestaque.com\/cd\/#website\",\"url\":\"https:\/\/noticiasemdestaque.com\/cd\/\",\"name\":\"Not&iacute;cias em Destaque\",\"description\":\"\",\"publisher\":{\"@id\":\"https:\/\/noticiasemdestaque.com\/cd\/#organization\"},\"potentialAction\":[{\"@type\":\"SearchAction\",\"target\":{\"@type\":\"EntryPoint\",\"urlTemplate\":\"https:\/\/noticiasemdestaque.com\/cd\/?s={search_term_string}\"},\"query-input\":{\"@type\":\"PropertyValueSpecification\",\"valueRequired\":true,\"valueName\":\"search_term_string\"}}],\"inLanguage\":\"pt-BR\"},{\"@type\":\"Organization\",\"@id\":\"https:\/\/noticiasemdestaque.com\/cd\/#organization\",\"name\":\"Not\u00edcias em Destaque\",\"url\":\"https:\/\/noticiasemdestaque.com\/cd\/\",\"logo\":{\"@type\":\"ImageObject\",\"inLanguage\":\"pt-BR\",\"@id\":\"https:\/\/noticiasemdestaque.com\/cd\/#\/schema\/logo\/image\/\",\"url\":\"https:\/\/noticiasemdestaque.com\/cd\/wp-content\/uploads\/2022\/05\/imagem-base-noticiasemdestaque.png\",\"contentUrl\":\"https:\/\/noticiasemdestaque.com\/cd\/wp-content\/uploads\/2022\/05\/imagem-base-noticiasemdestaque.png\",\"width\":1200,\"height\":630,\"caption\":\"Not\u00edcias em Destaque\"},\"image\":{\"@id\":\"https:\/\/noticiasemdestaque.com\/cd\/#\/schema\/logo\/image\/\"}},{\"@type\":\"Person\",\"@id\":\"https:\/\/noticiasemdestaque.com\/cd\/#\/schema\/person\/47f7d4f55eec17c6b2ca036c5500f6ce\",\"name\":\"Not\u00edcias em Destaque\",\"url\":\"https:\/\/noticiasemdestaque.com\/cd\/?author=2\"}]}<\/script>\n<!-- \/ Yoast SEO plugin. -->","yoast_head_json":{"title":"Prefeito de Prata pavimenta vila S\u00e3o Jo\u00e3o - Not&iacute;cias em Destaque","robots":{"index":"index","follow":"follow","max-snippet":"max-snippet:-1","max-image-preview":"max-image-preview:large","max-video-preview":"max-video-preview:-1"},"canonical":"https:\/\/noticiasemdestaque.com\/cd\/?p=45666","og_locale":"pt_BR","og_type":"article","og_title":"Prefeito de Prata pavimenta vila S\u00e3o Jo\u00e3o - Not&iacute;cias em Destaque","og_description":"O prefeito do munic\u00edpio de Prata Genivaldo Temb\u00f3rio vem trazendo qualidade de vida aos pratenses , desta vez foi os moradores da vila S\u00e3o Jo\u00e3o que agora est\u00e3o tendo suas Ruas pavimentadas. O prefeito Genivaldo Temb\u00f3rio tem dito sempre que at\u00e9 o final do seu mandato a meta \u00e9 pavimentar 100 ruas no munic\u00edpio, visando promover mobilidade urbana, mais seguran\u00e7a e conforto aos moradores que ainda n\u00e3o tem esse benef\u00edcio. O valor da obra \u00e9 R$484.288,27 , oriundo da emenda parlamentar do Deputado Federal Wellington Roberto. Fotos de Andr\u00e9 Luiz &nbsp; &nbsp; &nbsp; &nbsp; &nbsp; &nbsp; Noticias em Destaque Fonte: Portal Cariri PB","og_url":"https:\/\/noticiasemdestaque.com\/cd\/?p=45666","og_site_name":"Not&iacute;cias em Destaque","article_published_time":"2023-01-20T11:54:09+00:00","og_image":[{"width":1600,"height":901,"url":"https:\/\/noticiasemdestaque.com\/cd\/wp-content\/uploads\/2023\/01\/IMG_20230119_091357.jpg","type":"image\/jpeg"}],"author":"Not\u00edcias em Destaque","twitter_card":"summary_large_image","twitter_misc":{"Escrito por":"Not\u00edcias em Destaque","Est. tempo de leitura":"2 minutos"},"schema":{"@context":"https:\/\/schema.org","@graph":[{"@type":"Article","@id":"https:\/\/noticiasemdestaque.com\/cd\/?p=45666#article","isPartOf":{"@id":"https:\/\/noticiasemdestaque.com\/cd\/?p=45666"},"author":{"name":"Not\u00edcias em Destaque","@id":"https:\/\/noticiasemdestaque.com\/cd\/#\/schema\/person\/47f7d4f55eec17c6b2ca036c5500f6ce"},"headline":"Prefeito de Prata pavimenta vila S\u00e3o Jo\u00e3o","datePublished":"2023-01-20T11:54:09+00:00","mainEntityOfPage":{"@id":"https:\/\/noticiasemdestaque.com\/cd\/?p=45666"},"wordCount":117,"publisher":{"@id":"https:\/\/noticiasemdestaque.com\/cd\/#organization"},"image":{"@id":"https:\/\/noticiasemdestaque.com\/cd\/?p=45666#primaryimage"},"thumbnailUrl":"https:\/\/noticiasemdestaque.com\/cd\/wp-content\/uploads\/2023\/01\/IMG_20230119_091357.jpg","articleSection":["Cidades"],"inLanguage":"pt-BR"},{"@type":"WebPage","@id":"https:\/\/noticiasemdestaque.com\/cd\/?p=45666","url":"https:\/\/noticiasemdestaque.com\/cd\/?p=45666","name":"Prefeito de Prata pavimenta vila S\u00e3o Jo\u00e3o - Not&iacute;cias em Destaque","isPartOf":{"@id":"https:\/\/noticiasemdestaque.com\/cd\/#website"},"primaryImageOfPage":{"@id":"https:\/\/noticiasemdestaque.com\/cd\/?p=45666#primaryimage"},"image":{"@id":"https:\/\/noticiasemdestaque.com\/cd\/?p=45666#primaryimage"},"thumbnailUrl":"https:\/\/noticiasemdestaque.com\/cd\/wp-content\/uploads\/2023\/01\/IMG_20230119_091357.jpg","datePublished":"2023-01-20T11:54:09+00:00","breadcrumb":{"@id":"https:\/\/noticiasemdestaque.com\/cd\/?p=45666#breadcrumb"},"inLanguage":"pt-BR","potentialAction":[{"@type":"ReadAction","target":["https:\/\/noticiasemdestaque.com\/cd\/?p=45666"]}]},{"@type":"ImageObject","inLanguage":"pt-BR","@id":"https:\/\/noticiasemdestaque.com\/cd\/?p=45666#primaryimage","url":"https:\/\/noticiasemdestaque.com\/cd\/wp-content\/uploads\/2023\/01\/IMG_20230119_091357.jpg","contentUrl":"https:\/\/noticiasemdestaque.com\/cd\/wp-content\/uploads\/2023\/01\/IMG_20230119_091357.jpg","width":1600,"height":901},{"@type":"BreadcrumbList","@id":"https:\/\/noticiasemdestaque.com\/cd\/?p=45666#breadcrumb","itemListElement":[{"@type":"ListItem","position":1,"name":"In\u00edcio","item":"https:\/\/noticiasemdestaque.com\/cd\/"},{"@type":"ListItem","position":2,"name":"Prefeito de Prata pavimenta vila S\u00e3o Jo\u00e3o"}]},{"@type":"WebSite","@id":"https:\/\/noticiasemdestaque.com\/cd\/#website","url":"https:\/\/noticiasemdestaque.com\/cd\/","name":"Not&iacute;cias em Destaque","description":"","publisher":{"@id":"https:\/\/noticiasemdestaque.com\/cd\/#organization"},"potentialAction":[{"@type":"SearchAction","target":{"@type":"EntryPoint","urlTemplate":"https:\/\/noticiasemdestaque.com\/cd\/?s={search_term_string}"},"query-input":{"@type":"PropertyValueSpecification","valueRequired":true,"valueName":"search_term_string"}}],"inLanguage":"pt-BR"},{"@type":"Organization","@id":"https:\/\/noticiasemdestaque.com\/cd\/#organization","name":"Not\u00edcias em Destaque","url":"https:\/\/noticiasemdestaque.com\/cd\/","logo":{"@type":"ImageObject","inLanguage":"pt-BR","@id":"https:\/\/noticiasemdestaque.com\/cd\/#\/schema\/logo\/image\/","url":"https:\/\/noticiasemdestaque.com\/cd\/wp-content\/uploads\/2022\/05\/imagem-base-noticiasemdestaque.png","contentUrl":"https:\/\/noticiasemdestaque.com\/cd\/wp-content\/uploads\/2022\/05\/imagem-base-noticiasemdestaque.png","width":1200,"height":630,"caption":"Not\u00edcias em Destaque"},"image":{"@id":"https:\/\/noticiasemdestaque.com\/cd\/#\/schema\/logo\/image\/"}},{"@type":"Person","@id":"https:\/\/noticiasemdestaque.com\/cd\/#\/schema\/person\/47f7d4f55eec17c6b2ca036c5500f6ce","name":"Not\u00edcias em Destaque","url":"https:\/\/noticiasemdestaque.com\/cd\/?author=2"}]}},"jetpack_featured_media_url":"https:\/\/noticiasemdestaque.com\/cd\/wp-content\/uploads\/2023\/01\/IMG_20230119_091357.jpg","jetpack_sharing_enabled":true,"_links":{"self":[{"href":"https:\/\/noticiasemdestaque.com\/cd\/index.php?rest_route=\/wp\/v2\/posts\/45666","targetHints":{"allow":["GET"]}}],"collection":[{"href":"https:\/\/noticiasemdestaque.com\/cd\/index.php?rest_route=\/wp\/v2\/posts"}],"about":[{"href":"https:\/\/noticiasemdestaque.com\/cd\/index.php?rest_route=\/wp\/v2\/types\/post"}],"author":[{"embeddable":true,"href":"https:\/\/noticiasemdestaque.com\/cd\/index.php?rest_route=\/wp\/v2\/users\/2"}],"replies":[{"embeddable":true,"href":"https:\/\/noticiasemdestaque.com\/cd\/index.php?rest_route=%2Fwp%2Fv2%2Fcomments&post=45666"}],"version-history":[{"count":1,"href":"https:\/\/noticiasemdestaque.com\/cd\/index.php?rest_route=\/wp\/v2\/posts\/45666\/revisions"}],"predecessor-version":[{"id":45668,"href":"https:\/\/noticiasemdestaque.com\/cd\/index.php?rest_route=\/wp\/v2\/posts\/45666\/revisions\/45668"}],"wp:featuredmedia":[{"embeddable":true,"href":"https:\/\/noticiasemdestaque.com\/cd\/index.php?rest_route=\/wp\/v2\/media\/45667"}],"wp:attachment":[{"href":"https:\/\/noticiasemdestaque.com\/cd\/index.php?rest_route=%2Fwp%2Fv2%2Fmedia&parent=45666"}],"wp:term":[{"taxonomy":"category","embeddable":true,"href":"https:\/\/noticiasemdestaque.com\/cd\/index.php?rest_route=%2Fwp%2Fv2%2Fcategories&post=45666"},{"taxonomy":"post_tag","embeddable":true,"href":"https:\/\/noticiasemdestaque.com\/cd\/index.php?rest_route=%2Fwp%2Fv2%2Ftags&post=45666"}],"curies":[{"name":"wp","href":"https:\/\/api.w.org\/{rel}","templated":true}]}}