{"id":45656,"date":"2023-01-19T23:04:43","date_gmt":"2023-01-20T02:04:43","guid":{"rendered":"https:\/\/noticiasemdestaque.com\/cd\/?p=45656"},"modified":"2023-01-19T23:04:43","modified_gmt":"2023-01-20T02:04:43","slug":"camara-de-vereadores-de-sume-realiza-cerimonia-de-acolhimento-para-o-prefeito-em-exercicio-manezinho-lourenco","status":"publish","type":"post","link":"https:\/\/noticiasemdestaque.com\/cd\/?p=45656","title":{"rendered":"C\u00e2mara de Vereadores de Sum\u00e9 realiza Cerim\u00f4nia de Acolhimento para o prefeito em exerc\u00edcio Manezinho Louren\u00e7o"},"content":{"rendered":"<p><a href=\"https:\/\/noticiasemdestaque.com\/cd\/wp-content\/uploads\/2023\/01\/WhatsApp-Image-2023-01-19-at-22.41.32.jpeg\"><img fetchpriority=\"high\" decoding=\"async\" class=\"alignnone  wp-image-45658\" src=\"https:\/\/noticiasemdestaque.com\/cd\/wp-content\/uploads\/2023\/01\/WhatsApp-Image-2023-01-19-at-22.41.32-300x170.jpeg\" alt=\"\" width=\"1008\" height=\"571\" srcset=\"https:\/\/noticiasemdestaque.com\/cd\/wp-content\/uploads\/2023\/01\/WhatsApp-Image-2023-01-19-at-22.41.32-300x170.jpeg 300w, https:\/\/noticiasemdestaque.com\/cd\/wp-content\/uploads\/2023\/01\/WhatsApp-Image-2023-01-19-at-22.41.32-1024x579.jpeg 1024w, https:\/\/noticiasemdestaque.com\/cd\/wp-content\/uploads\/2023\/01\/WhatsApp-Image-2023-01-19-at-22.41.32-768x434.jpeg 768w, https:\/\/noticiasemdestaque.com\/cd\/wp-content\/uploads\/2023\/01\/WhatsApp-Image-2023-01-19-at-22.41.32-18x10.jpeg 18w, https:\/\/noticiasemdestaque.com\/cd\/wp-content\/uploads\/2023\/01\/WhatsApp-Image-2023-01-19-at-22.41.32.jpeg 1280w\" sizes=\"(max-width: 1008px) 100vw, 1008px\" \/><\/a><\/p>\n<p>A C\u00e2mara de Vereadores de Sum\u00e9 realizou na manh\u00e3 desta quinta-feira (19), com a presen\u00e7a de todos os vereadores, uma cerim\u00f4nia de acolhimento ao prefeito em exerc\u00edcio, Manezinho Louren\u00e7o.<\/p>\n<p>Manezinho assumiu a Prefeitura do munic\u00edpio em virtude do afastamento do prefeito \u00c9den Duarte, que entrou de f\u00e9rias por um per\u00edodo de 15 dias.<\/p>\n<p><a href=\"https:\/\/noticiasemdestaque.com\/cd\/wp-content\/uploads\/2023\/01\/WhatsApp-Image-2023-01-19-at-22.41.32-1.jpeg\"><img decoding=\"async\" class=\"wp-image-45657 aligncenter\" src=\"https:\/\/noticiasemdestaque.com\/cd\/wp-content\/uploads\/2023\/01\/WhatsApp-Image-2023-01-19-at-22.41.32-1-300x149.jpeg\" alt=\"\" width=\"761\" height=\"378\" srcset=\"https:\/\/noticiasemdestaque.com\/cd\/wp-content\/uploads\/2023\/01\/WhatsApp-Image-2023-01-19-at-22.41.32-1-300x149.jpeg 300w, https:\/\/noticiasemdestaque.com\/cd\/wp-content\/uploads\/2023\/01\/WhatsApp-Image-2023-01-19-at-22.41.32-1-1024x510.jpeg 1024w, https:\/\/noticiasemdestaque.com\/cd\/wp-content\/uploads\/2023\/01\/WhatsApp-Image-2023-01-19-at-22.41.32-1-768x382.jpeg 768w, https:\/\/noticiasemdestaque.com\/cd\/wp-content\/uploads\/2023\/01\/WhatsApp-Image-2023-01-19-at-22.41.32-1-18x9.jpeg 18w, https:\/\/noticiasemdestaque.com\/cd\/wp-content\/uploads\/2023\/01\/WhatsApp-Image-2023-01-19-at-22.41.32-1.jpeg 1280w\" sizes=\"(max-width: 761px) 100vw, 761px\" \/><\/a><\/p>\n<p>O presidente da C\u00e2mara desejou boa sorte ao prefeito em exerc\u00edcio. \u201cTenho a certeza e a confian\u00e7a do compromisso de Manezinho com Sum\u00e9, a gest\u00e3o municipal permanecer\u00e1 voltada a atender aos anseios da popula\u00e7\u00e3o\u201d, disse Daniel L\u00eala.<\/p>\n<p>O prefeito \u00c9den Duarte ressaltou sua confian\u00e7a em Manezinho Louren\u00e7o. \u201cEu n\u00e3o tenho d\u00favidas de que com sua dedica\u00e7\u00e3o ele ir\u00e1 administrar tranquilamente o munic\u00edpio, juntamente com a nossa equipe \u201d, afirmou o gestor.<\/p>\n<p><a href=\"https:\/\/noticiasemdestaque.com\/cd\/wp-content\/uploads\/2023\/01\/WhatsApp-Image-2023-01-19-at-22.41.31-3.jpeg\"><img decoding=\"async\" class=\" wp-image-45659 aligncenter\" src=\"https:\/\/noticiasemdestaque.com\/cd\/wp-content\/uploads\/2023\/01\/WhatsApp-Image-2023-01-19-at-22.41.31-3-300x200.jpeg\" alt=\"\" width=\"729\" height=\"486\" srcset=\"https:\/\/noticiasemdestaque.com\/cd\/wp-content\/uploads\/2023\/01\/WhatsApp-Image-2023-01-19-at-22.41.31-3-300x200.jpeg 300w, https:\/\/noticiasemdestaque.com\/cd\/wp-content\/uploads\/2023\/01\/WhatsApp-Image-2023-01-19-at-22.41.31-3-1024x682.jpeg 1024w, https:\/\/noticiasemdestaque.com\/cd\/wp-content\/uploads\/2023\/01\/WhatsApp-Image-2023-01-19-at-22.41.31-3-768x512.jpeg 768w, https:\/\/noticiasemdestaque.com\/cd\/wp-content\/uploads\/2023\/01\/WhatsApp-Image-2023-01-19-at-22.41.31-3-18x12.jpeg 18w, https:\/\/noticiasemdestaque.com\/cd\/wp-content\/uploads\/2023\/01\/WhatsApp-Image-2023-01-19-at-22.41.31-3.jpeg 1280w\" sizes=\"(max-width: 729px) 100vw, 729px\" \/><\/a><\/p>\n<p><a href=\"https:\/\/noticiasemdestaque.com\/cd\/wp-content\/uploads\/2023\/01\/WhatsApp-Image-2023-01-19-at-22.41.31-2.jpeg\"><img loading=\"lazy\" decoding=\"async\" class=\" wp-image-45660 aligncenter\" src=\"https:\/\/noticiasemdestaque.com\/cd\/wp-content\/uploads\/2023\/01\/WhatsApp-Image-2023-01-19-at-22.41.31-2-245x300.jpeg\" alt=\"\" width=\"297\" height=\"364\" srcset=\"https:\/\/noticiasemdestaque.com\/cd\/wp-content\/uploads\/2023\/01\/WhatsApp-Image-2023-01-19-at-22.41.31-2-245x300.jpeg 245w, https:\/\/noticiasemdestaque.com\/cd\/wp-content\/uploads\/2023\/01\/WhatsApp-Image-2023-01-19-at-22.41.31-2-836x1024.jpeg 836w, https:\/\/noticiasemdestaque.com\/cd\/wp-content\/uploads\/2023\/01\/WhatsApp-Image-2023-01-19-at-22.41.31-2-768x941.jpeg 768w, https:\/\/noticiasemdestaque.com\/cd\/wp-content\/uploads\/2023\/01\/WhatsApp-Image-2023-01-19-at-22.41.31-2-10x12.jpeg 10w, https:\/\/noticiasemdestaque.com\/cd\/wp-content\/uploads\/2023\/01\/WhatsApp-Image-2023-01-19-at-22.41.31-2.jpeg 1045w\" sizes=\"(max-width: 297px) 100vw, 297px\" \/><\/a><\/p>\n<p><a href=\"https:\/\/noticiasemdestaque.com\/cd\/wp-content\/uploads\/2023\/01\/WhatsApp-Image-2023-01-19-at-22.41.31-5.jpeg\"><img loading=\"lazy\" decoding=\"async\" class=\" wp-image-45664 aligncenter\" src=\"https:\/\/noticiasemdestaque.com\/cd\/wp-content\/uploads\/2023\/01\/WhatsApp-Image-2023-01-19-at-22.41.31-5-300x200.jpeg\" alt=\"\" width=\"563\" height=\"375\" srcset=\"https:\/\/noticiasemdestaque.com\/cd\/wp-content\/uploads\/2023\/01\/WhatsApp-Image-2023-01-19-at-22.41.31-5-300x200.jpeg 300w, https:\/\/noticiasemdestaque.com\/cd\/wp-content\/uploads\/2023\/01\/WhatsApp-Image-2023-01-19-at-22.41.31-5-1024x682.jpeg 1024w, https:\/\/noticiasemdestaque.com\/cd\/wp-content\/uploads\/2023\/01\/WhatsApp-Image-2023-01-19-at-22.41.31-5-768x512.jpeg 768w, https:\/\/noticiasemdestaque.com\/cd\/wp-content\/uploads\/2023\/01\/WhatsApp-Image-2023-01-19-at-22.41.31-5-18x12.jpeg 18w, https:\/\/noticiasemdestaque.com\/cd\/wp-content\/uploads\/2023\/01\/WhatsApp-Image-2023-01-19-at-22.41.31-5.jpeg 1280w\" sizes=\"(max-width: 563px) 100vw, 563px\" \/><\/a><a href=\"https:\/\/noticiasemdestaque.com\/cd\/wp-content\/uploads\/2023\/01\/WhatsApp-Image-2023-01-19-at-22.41.31-1.jpeg\"><img loading=\"lazy\" decoding=\"async\" class=\" wp-image-45661 aligncenter\" src=\"https:\/\/noticiasemdestaque.com\/cd\/wp-content\/uploads\/2023\/01\/WhatsApp-Image-2023-01-19-at-22.41.31-1-300x200.jpeg\" alt=\"\" width=\"593\" height=\"395\" srcset=\"https:\/\/noticiasemdestaque.com\/cd\/wp-content\/uploads\/2023\/01\/WhatsApp-Image-2023-01-19-at-22.41.31-1-300x200.jpeg 300w, https:\/\/noticiasemdestaque.com\/cd\/wp-content\/uploads\/2023\/01\/WhatsApp-Image-2023-01-19-at-22.41.31-1-1024x682.jpeg 1024w, https:\/\/noticiasemdestaque.com\/cd\/wp-content\/uploads\/2023\/01\/WhatsApp-Image-2023-01-19-at-22.41.31-1-768x512.jpeg 768w, https:\/\/noticiasemdestaque.com\/cd\/wp-content\/uploads\/2023\/01\/WhatsApp-Image-2023-01-19-at-22.41.31-1-18x12.jpeg 18w, https:\/\/noticiasemdestaque.com\/cd\/wp-content\/uploads\/2023\/01\/WhatsApp-Image-2023-01-19-at-22.41.31-1.jpeg 1280w\" sizes=\"(max-width: 593px) 100vw, 593px\" \/><\/a><\/p>\n<p>Manezinho falou da alegria em assumir o cargo de prefeito de Sum\u00e9. \u201c Agrade\u00e7o aos amigos, vereadores e familiares por presenciarem esse momento importante em minha vida, ao prefeito \u00c9den, reafirmo que pode ter a certeza que estarei honrando a sua confian\u00e7a\u201d, pontuou.<\/p>\n<p><strong>Noticias em Destaque<\/strong><\/p>\n<p style=\"text-align: right;\"><em>Fonte: Ascom\/C\u00e2mara<\/em><\/p>\n","protected":false},"excerpt":{"rendered":"<p>A C\u00e2mara de Vereadores de Sum\u00e9 realizou na manh\u00e3 desta quinta-feira (19), com a presen\u00e7a de todos os vereadores, uma cerim\u00f4nia de acolhimento ao prefeito em exerc\u00edcio, Manezinho Louren\u00e7o. Manezinho assumiu a Prefeitura do munic\u00edpio em virtude do afastamento do prefeito \u00c9den Duarte, que entrou de f\u00e9rias por um per\u00edodo de 15 dias. O presidente da C\u00e2mara desejou boa sorte ao prefeito em exerc\u00edcio. \u201cTenho a certeza e a confian\u00e7a do compromisso de Manezinho com Sum\u00e9, a gest\u00e3o municipal permanecer\u00e1 voltada a atender aos anseios da popula\u00e7\u00e3o\u201d, disse Daniel L\u00eala. O prefeito \u00c9den Duarte ressaltou sua confian\u00e7a em Manezinho Louren\u00e7o. \u201cEu n\u00e3o tenho d\u00favidas de que com sua dedica\u00e7\u00e3o ele ir\u00e1 administrar tranquilamente o munic\u00edpio, juntamente com a nossa equipe \u201d, afirmou o gestor. Manezinho falou da alegria em assumir o cargo de prefeito de Sum\u00e9. \u201c Agrade\u00e7o aos amigos, vereadores e familiares por presenciarem esse momento importante em minha vida, ao prefeito \u00c9den, reafirmo que pode ter a certeza que estarei honrando a sua confian\u00e7a\u201d, pontuou. Noticias em Destaque Fonte: Ascom\/C\u00e2mara<\/p>\n","protected":false},"author":2,"featured_media":45658,"comment_status":"closed","ping_status":"open","sticky":false,"template":"","format":"standard","meta":{"_eb_attr":"","_jetpack_memberships_contains_paid_content":false,"footnotes":""},"categories":[3],"tags":[],"class_list":["post-45656","post","type-post","status-publish","format-standard","has-post-thumbnail","hentry","category-cidades"],"yoast_head":"<!-- This site is optimized with the Yoast SEO plugin v26.5 - https:\/\/yoast.com\/wordpress\/plugins\/seo\/ -->\n<title>C\u00e2mara de Vereadores de Sum\u00e9 realiza Cerim\u00f4nia de Acolhimento para o prefeito em exerc\u00edcio Manezinho Louren\u00e7o - Not&iacute;cias em Destaque<\/title>\n<meta name=\"robots\" content=\"index, follow, max-snippet:-1, max-image-preview:large, max-video-preview:-1\" \/>\n<link rel=\"canonical\" href=\"https:\/\/noticiasemdestaque.com\/cd\/?p=45656\" \/>\n<meta property=\"og:locale\" content=\"pt_BR\" \/>\n<meta property=\"og:type\" content=\"article\" \/>\n<meta property=\"og:title\" content=\"C\u00e2mara de Vereadores de Sum\u00e9 realiza Cerim\u00f4nia de Acolhimento para o prefeito em exerc\u00edcio Manezinho Louren\u00e7o - Not&iacute;cias em Destaque\" \/>\n<meta property=\"og:description\" content=\"A C\u00e2mara de Vereadores de Sum\u00e9 realizou na manh\u00e3 desta quinta-feira (19), com a presen\u00e7a de todos os vereadores, uma cerim\u00f4nia de acolhimento ao prefeito em exerc\u00edcio, Manezinho Louren\u00e7o. Manezinho assumiu a Prefeitura do munic\u00edpio em virtude do afastamento do prefeito \u00c9den Duarte, que entrou de f\u00e9rias por um per\u00edodo de 15 dias. O presidente da C\u00e2mara desejou boa sorte ao prefeito em exerc\u00edcio. \u201cTenho a certeza e a confian\u00e7a do compromisso de Manezinho com Sum\u00e9, a gest\u00e3o municipal permanecer\u00e1 voltada a atender aos anseios da popula\u00e7\u00e3o\u201d, disse Daniel L\u00eala. O prefeito \u00c9den Duarte ressaltou sua confian\u00e7a em Manezinho Louren\u00e7o. \u201cEu n\u00e3o tenho d\u00favidas de que com sua dedica\u00e7\u00e3o ele ir\u00e1 administrar tranquilamente o munic\u00edpio, juntamente com a nossa equipe \u201d, afirmou o gestor. Manezinho falou da alegria em assumir o cargo de prefeito de Sum\u00e9. \u201c Agrade\u00e7o aos amigos, vereadores e familiares por presenciarem esse momento importante em minha vida, ao prefeito \u00c9den, reafirmo que pode ter a certeza que estarei honrando a sua confian\u00e7a\u201d, pontuou. Noticias em Destaque Fonte: Ascom\/C\u00e2mara\" \/>\n<meta property=\"og:url\" content=\"https:\/\/noticiasemdestaque.com\/cd\/?p=45656\" \/>\n<meta property=\"og:site_name\" content=\"Not&iacute;cias em Destaque\" \/>\n<meta property=\"article:published_time\" content=\"2023-01-20T02:04:43+00:00\" \/>\n<meta property=\"og:image\" content=\"https:\/\/noticiasemdestaque.com\/cd\/wp-content\/uploads\/2023\/01\/WhatsApp-Image-2023-01-19-at-22.41.32.jpeg\" \/>\n\t<meta property=\"og:image:width\" content=\"1280\" \/>\n\t<meta property=\"og:image:height\" content=\"724\" \/>\n\t<meta property=\"og:image:type\" content=\"image\/jpeg\" \/>\n<meta name=\"author\" content=\"Not\u00edcias em Destaque\" \/>\n<meta name=\"twitter:card\" content=\"summary_large_image\" \/>\n<meta name=\"twitter:label1\" content=\"Escrito por\" \/>\n\t<meta name=\"twitter:data1\" content=\"Not\u00edcias em Destaque\" \/>\n\t<meta name=\"twitter:label2\" content=\"Est. tempo de leitura\" \/>\n\t<meta name=\"twitter:data2\" content=\"3 minutos\" \/>\n<script type=\"application\/ld+json\" class=\"yoast-schema-graph\">{\"@context\":\"https:\/\/schema.org\",\"@graph\":[{\"@type\":\"Article\",\"@id\":\"https:\/\/noticiasemdestaque.com\/cd\/?p=45656#article\",\"isPartOf\":{\"@id\":\"https:\/\/noticiasemdestaque.com\/cd\/?p=45656\"},\"author\":{\"name\":\"Not\u00edcias em Destaque\",\"@id\":\"https:\/\/noticiasemdestaque.com\/cd\/#\/schema\/person\/47f7d4f55eec17c6b2ca036c5500f6ce\"},\"headline\":\"C\u00e2mara de Vereadores de Sum\u00e9 realiza Cerim\u00f4nia de Acolhimento para o prefeito em exerc\u00edcio Manezinho Louren\u00e7o\",\"datePublished\":\"2023-01-20T02:04:43+00:00\",\"mainEntityOfPage\":{\"@id\":\"https:\/\/noticiasemdestaque.com\/cd\/?p=45656\"},\"wordCount\":212,\"publisher\":{\"@id\":\"https:\/\/noticiasemdestaque.com\/cd\/#organization\"},\"image\":{\"@id\":\"https:\/\/noticiasemdestaque.com\/cd\/?p=45656#primaryimage\"},\"thumbnailUrl\":\"https:\/\/noticiasemdestaque.com\/cd\/wp-content\/uploads\/2023\/01\/WhatsApp-Image-2023-01-19-at-22.41.32.jpeg\",\"articleSection\":[\"Cidades\"],\"inLanguage\":\"pt-BR\"},{\"@type\":\"WebPage\",\"@id\":\"https:\/\/noticiasemdestaque.com\/cd\/?p=45656\",\"url\":\"https:\/\/noticiasemdestaque.com\/cd\/?p=45656\",\"name\":\"C\u00e2mara de Vereadores de Sum\u00e9 realiza Cerim\u00f4nia de Acolhimento para o prefeito em exerc\u00edcio Manezinho Louren\u00e7o - Not&iacute;cias em Destaque\",\"isPartOf\":{\"@id\":\"https:\/\/noticiasemdestaque.com\/cd\/#website\"},\"primaryImageOfPage\":{\"@id\":\"https:\/\/noticiasemdestaque.com\/cd\/?p=45656#primaryimage\"},\"image\":{\"@id\":\"https:\/\/noticiasemdestaque.com\/cd\/?p=45656#primaryimage\"},\"thumbnailUrl\":\"https:\/\/noticiasemdestaque.com\/cd\/wp-content\/uploads\/2023\/01\/WhatsApp-Image-2023-01-19-at-22.41.32.jpeg\",\"datePublished\":\"2023-01-20T02:04:43+00:00\",\"breadcrumb\":{\"@id\":\"https:\/\/noticiasemdestaque.com\/cd\/?p=45656#breadcrumb\"},\"inLanguage\":\"pt-BR\",\"potentialAction\":[{\"@type\":\"ReadAction\",\"target\":[\"https:\/\/noticiasemdestaque.com\/cd\/?p=45656\"]}]},{\"@type\":\"ImageObject\",\"inLanguage\":\"pt-BR\",\"@id\":\"https:\/\/noticiasemdestaque.com\/cd\/?p=45656#primaryimage\",\"url\":\"https:\/\/noticiasemdestaque.com\/cd\/wp-content\/uploads\/2023\/01\/WhatsApp-Image-2023-01-19-at-22.41.32.jpeg\",\"contentUrl\":\"https:\/\/noticiasemdestaque.com\/cd\/wp-content\/uploads\/2023\/01\/WhatsApp-Image-2023-01-19-at-22.41.32.jpeg\",\"width\":1280,\"height\":724},{\"@type\":\"BreadcrumbList\",\"@id\":\"https:\/\/noticiasemdestaque.com\/cd\/?p=45656#breadcrumb\",\"itemListElement\":[{\"@type\":\"ListItem\",\"position\":1,\"name\":\"In\u00edcio\",\"item\":\"https:\/\/noticiasemdestaque.com\/cd\/\"},{\"@type\":\"ListItem\",\"position\":2,\"name\":\"C\u00e2mara de Vereadores de Sum\u00e9 realiza Cerim\u00f4nia de Acolhimento para o prefeito em exerc\u00edcio Manezinho Louren\u00e7o\"}]},{\"@type\":\"WebSite\",\"@id\":\"https:\/\/noticiasemdestaque.com\/cd\/#website\",\"url\":\"https:\/\/noticiasemdestaque.com\/cd\/\",\"name\":\"Not&iacute;cias em Destaque\",\"description\":\"\",\"publisher\":{\"@id\":\"https:\/\/noticiasemdestaque.com\/cd\/#organization\"},\"potentialAction\":[{\"@type\":\"SearchAction\",\"target\":{\"@type\":\"EntryPoint\",\"urlTemplate\":\"https:\/\/noticiasemdestaque.com\/cd\/?s={search_term_string}\"},\"query-input\":{\"@type\":\"PropertyValueSpecification\",\"valueRequired\":true,\"valueName\":\"search_term_string\"}}],\"inLanguage\":\"pt-BR\"},{\"@type\":\"Organization\",\"@id\":\"https:\/\/noticiasemdestaque.com\/cd\/#organization\",\"name\":\"Not\u00edcias em Destaque\",\"url\":\"https:\/\/noticiasemdestaque.com\/cd\/\",\"logo\":{\"@type\":\"ImageObject\",\"inLanguage\":\"pt-BR\",\"@id\":\"https:\/\/noticiasemdestaque.com\/cd\/#\/schema\/logo\/image\/\",\"url\":\"https:\/\/noticiasemdestaque.com\/cd\/wp-content\/uploads\/2022\/05\/imagem-base-noticiasemdestaque.png\",\"contentUrl\":\"https:\/\/noticiasemdestaque.com\/cd\/wp-content\/uploads\/2022\/05\/imagem-base-noticiasemdestaque.png\",\"width\":1200,\"height\":630,\"caption\":\"Not\u00edcias em Destaque\"},\"image\":{\"@id\":\"https:\/\/noticiasemdestaque.com\/cd\/#\/schema\/logo\/image\/\"}},{\"@type\":\"Person\",\"@id\":\"https:\/\/noticiasemdestaque.com\/cd\/#\/schema\/person\/47f7d4f55eec17c6b2ca036c5500f6ce\",\"name\":\"Not\u00edcias em Destaque\",\"url\":\"https:\/\/noticiasemdestaque.com\/cd\/?author=2\"}]}<\/script>\n<!-- \/ Yoast SEO plugin. -->","yoast_head_json":{"title":"C\u00e2mara de Vereadores de Sum\u00e9 realiza Cerim\u00f4nia de Acolhimento para o prefeito em exerc\u00edcio Manezinho Louren\u00e7o - Not&iacute;cias em Destaque","robots":{"index":"index","follow":"follow","max-snippet":"max-snippet:-1","max-image-preview":"max-image-preview:large","max-video-preview":"max-video-preview:-1"},"canonical":"https:\/\/noticiasemdestaque.com\/cd\/?p=45656","og_locale":"pt_BR","og_type":"article","og_title":"C\u00e2mara de Vereadores de Sum\u00e9 realiza Cerim\u00f4nia de Acolhimento para o prefeito em exerc\u00edcio Manezinho Louren\u00e7o - Not&iacute;cias em Destaque","og_description":"A C\u00e2mara de Vereadores de Sum\u00e9 realizou na manh\u00e3 desta quinta-feira (19), com a presen\u00e7a de todos os vereadores, uma cerim\u00f4nia de acolhimento ao prefeito em exerc\u00edcio, Manezinho Louren\u00e7o. Manezinho assumiu a Prefeitura do munic\u00edpio em virtude do afastamento do prefeito \u00c9den Duarte, que entrou de f\u00e9rias por um per\u00edodo de 15 dias. O presidente da C\u00e2mara desejou boa sorte ao prefeito em exerc\u00edcio. \u201cTenho a certeza e a confian\u00e7a do compromisso de Manezinho com Sum\u00e9, a gest\u00e3o municipal permanecer\u00e1 voltada a atender aos anseios da popula\u00e7\u00e3o\u201d, disse Daniel L\u00eala. O prefeito \u00c9den Duarte ressaltou sua confian\u00e7a em Manezinho Louren\u00e7o. \u201cEu n\u00e3o tenho d\u00favidas de que com sua dedica\u00e7\u00e3o ele ir\u00e1 administrar tranquilamente o munic\u00edpio, juntamente com a nossa equipe \u201d, afirmou o gestor. Manezinho falou da alegria em assumir o cargo de prefeito de Sum\u00e9. \u201c Agrade\u00e7o aos amigos, vereadores e familiares por presenciarem esse momento importante em minha vida, ao prefeito \u00c9den, reafirmo que pode ter a certeza que estarei honrando a sua confian\u00e7a\u201d, pontuou. Noticias em Destaque Fonte: Ascom\/C\u00e2mara","og_url":"https:\/\/noticiasemdestaque.com\/cd\/?p=45656","og_site_name":"Not&iacute;cias em Destaque","article_published_time":"2023-01-20T02:04:43+00:00","og_image":[{"width":1280,"height":724,"url":"https:\/\/noticiasemdestaque.com\/cd\/wp-content\/uploads\/2023\/01\/WhatsApp-Image-2023-01-19-at-22.41.32.jpeg","type":"image\/jpeg"}],"author":"Not\u00edcias em Destaque","twitter_card":"summary_large_image","twitter_misc":{"Escrito por":"Not\u00edcias em Destaque","Est. tempo de leitura":"3 minutos"},"schema":{"@context":"https:\/\/schema.org","@graph":[{"@type":"Article","@id":"https:\/\/noticiasemdestaque.com\/cd\/?p=45656#article","isPartOf":{"@id":"https:\/\/noticiasemdestaque.com\/cd\/?p=45656"},"author":{"name":"Not\u00edcias em Destaque","@id":"https:\/\/noticiasemdestaque.com\/cd\/#\/schema\/person\/47f7d4f55eec17c6b2ca036c5500f6ce"},"headline":"C\u00e2mara de Vereadores de Sum\u00e9 realiza Cerim\u00f4nia de Acolhimento para o prefeito em exerc\u00edcio Manezinho Louren\u00e7o","datePublished":"2023-01-20T02:04:43+00:00","mainEntityOfPage":{"@id":"https:\/\/noticiasemdestaque.com\/cd\/?p=45656"},"wordCount":212,"publisher":{"@id":"https:\/\/noticiasemdestaque.com\/cd\/#organization"},"image":{"@id":"https:\/\/noticiasemdestaque.com\/cd\/?p=45656#primaryimage"},"thumbnailUrl":"https:\/\/noticiasemdestaque.com\/cd\/wp-content\/uploads\/2023\/01\/WhatsApp-Image-2023-01-19-at-22.41.32.jpeg","articleSection":["Cidades"],"inLanguage":"pt-BR"},{"@type":"WebPage","@id":"https:\/\/noticiasemdestaque.com\/cd\/?p=45656","url":"https:\/\/noticiasemdestaque.com\/cd\/?p=45656","name":"C\u00e2mara de Vereadores de Sum\u00e9 realiza Cerim\u00f4nia de Acolhimento para o prefeito em exerc\u00edcio Manezinho Louren\u00e7o - Not&iacute;cias em Destaque","isPartOf":{"@id":"https:\/\/noticiasemdestaque.com\/cd\/#website"},"primaryImageOfPage":{"@id":"https:\/\/noticiasemdestaque.com\/cd\/?p=45656#primaryimage"},"image":{"@id":"https:\/\/noticiasemdestaque.com\/cd\/?p=45656#primaryimage"},"thumbnailUrl":"https:\/\/noticiasemdestaque.com\/cd\/wp-content\/uploads\/2023\/01\/WhatsApp-Image-2023-01-19-at-22.41.32.jpeg","datePublished":"2023-01-20T02:04:43+00:00","breadcrumb":{"@id":"https:\/\/noticiasemdestaque.com\/cd\/?p=45656#breadcrumb"},"inLanguage":"pt-BR","potentialAction":[{"@type":"ReadAction","target":["https:\/\/noticiasemdestaque.com\/cd\/?p=45656"]}]},{"@type":"ImageObject","inLanguage":"pt-BR","@id":"https:\/\/noticiasemdestaque.com\/cd\/?p=45656#primaryimage","url":"https:\/\/noticiasemdestaque.com\/cd\/wp-content\/uploads\/2023\/01\/WhatsApp-Image-2023-01-19-at-22.41.32.jpeg","contentUrl":"https:\/\/noticiasemdestaque.com\/cd\/wp-content\/uploads\/2023\/01\/WhatsApp-Image-2023-01-19-at-22.41.32.jpeg","width":1280,"height":724},{"@type":"BreadcrumbList","@id":"https:\/\/noticiasemdestaque.com\/cd\/?p=45656#breadcrumb","itemListElement":[{"@type":"ListItem","position":1,"name":"In\u00edcio","item":"https:\/\/noticiasemdestaque.com\/cd\/"},{"@type":"ListItem","position":2,"name":"C\u00e2mara de Vereadores de Sum\u00e9 realiza Cerim\u00f4nia de Acolhimento para o prefeito em exerc\u00edcio Manezinho Louren\u00e7o"}]},{"@type":"WebSite","@id":"https:\/\/noticiasemdestaque.com\/cd\/#website","url":"https:\/\/noticiasemdestaque.com\/cd\/","name":"Not&iacute;cias em Destaque","description":"","publisher":{"@id":"https:\/\/noticiasemdestaque.com\/cd\/#organization"},"potentialAction":[{"@type":"SearchAction","target":{"@type":"EntryPoint","urlTemplate":"https:\/\/noticiasemdestaque.com\/cd\/?s={search_term_string}"},"query-input":{"@type":"PropertyValueSpecification","valueRequired":true,"valueName":"search_term_string"}}],"inLanguage":"pt-BR"},{"@type":"Organization","@id":"https:\/\/noticiasemdestaque.com\/cd\/#organization","name":"Not\u00edcias em Destaque","url":"https:\/\/noticiasemdestaque.com\/cd\/","logo":{"@type":"ImageObject","inLanguage":"pt-BR","@id":"https:\/\/noticiasemdestaque.com\/cd\/#\/schema\/logo\/image\/","url":"https:\/\/noticiasemdestaque.com\/cd\/wp-content\/uploads\/2022\/05\/imagem-base-noticiasemdestaque.png","contentUrl":"https:\/\/noticiasemdestaque.com\/cd\/wp-content\/uploads\/2022\/05\/imagem-base-noticiasemdestaque.png","width":1200,"height":630,"caption":"Not\u00edcias em Destaque"},"image":{"@id":"https:\/\/noticiasemdestaque.com\/cd\/#\/schema\/logo\/image\/"}},{"@type":"Person","@id":"https:\/\/noticiasemdestaque.com\/cd\/#\/schema\/person\/47f7d4f55eec17c6b2ca036c5500f6ce","name":"Not\u00edcias em Destaque","url":"https:\/\/noticiasemdestaque.com\/cd\/?author=2"}]}},"jetpack_featured_media_url":"https:\/\/noticiasemdestaque.com\/cd\/wp-content\/uploads\/2023\/01\/WhatsApp-Image-2023-01-19-at-22.41.32.jpeg","jetpack_sharing_enabled":true,"_links":{"self":[{"href":"https:\/\/noticiasemdestaque.com\/cd\/index.php?rest_route=\/wp\/v2\/posts\/45656","targetHints":{"allow":["GET"]}}],"collection":[{"href":"https:\/\/noticiasemdestaque.com\/cd\/index.php?rest_route=\/wp\/v2\/posts"}],"about":[{"href":"https:\/\/noticiasemdestaque.com\/cd\/index.php?rest_route=\/wp\/v2\/types\/post"}],"author":[{"embeddable":true,"href":"https:\/\/noticiasemdestaque.com\/cd\/index.php?rest_route=\/wp\/v2\/users\/2"}],"replies":[{"embeddable":true,"href":"https:\/\/noticiasemdestaque.com\/cd\/index.php?rest_route=%2Fwp%2Fv2%2Fcomments&post=45656"}],"version-history":[{"count":1,"href":"https:\/\/noticiasemdestaque.com\/cd\/index.php?rest_route=\/wp\/v2\/posts\/45656\/revisions"}],"predecessor-version":[{"id":45665,"href":"https:\/\/noticiasemdestaque.com\/cd\/index.php?rest_route=\/wp\/v2\/posts\/45656\/revisions\/45665"}],"wp:featuredmedia":[{"embeddable":true,"href":"https:\/\/noticiasemdestaque.com\/cd\/index.php?rest_route=\/wp\/v2\/media\/45658"}],"wp:attachment":[{"href":"https:\/\/noticiasemdestaque.com\/cd\/index.php?rest_route=%2Fwp%2Fv2%2Fmedia&parent=45656"}],"wp:term":[{"taxonomy":"category","embeddable":true,"href":"https:\/\/noticiasemdestaque.com\/cd\/index.php?rest_route=%2Fwp%2Fv2%2Fcategories&post=45656"},{"taxonomy":"post_tag","embeddable":true,"href":"https:\/\/noticiasemdestaque.com\/cd\/index.php?rest_route=%2Fwp%2Fv2%2Ftags&post=45656"}],"curies":[{"name":"wp","href":"https:\/\/api.w.org\/{rel}","templated":true}]}}