{"id":45652,"date":"2023-01-19T20:53:53","date_gmt":"2023-01-19T23:53:53","guid":{"rendered":"https:\/\/noticiasemdestaque.com\/cd\/?p=45652"},"modified":"2023-01-19T20:59:51","modified_gmt":"2023-01-19T23:59:51","slug":"a-dupla-matheus-e-kauan-e-a-primeira-atracao-confirmada-para-o-sao-joao-de-ouro-velho","status":"publish","type":"post","link":"https:\/\/noticiasemdestaque.com\/cd\/?p=45652","title":{"rendered":"A dupla Matheus e Kauan \u00e9 a primeira atra\u00e7\u00e3o confirmada para o S\u00e3o Jo\u00e3o de Ouro Velho"},"content":{"rendered":"<div><\/div>\n<div><a href=\"https:\/\/noticiasemdestaque.com\/cd\/wp-content\/uploads\/2023\/01\/PHOTO-2023-01-13-16-52-39-1.jpg\"><img fetchpriority=\"high\" decoding=\"async\" class=\"size-medium wp-image-45653 aligncenter\" src=\"https:\/\/noticiasemdestaque.com\/cd\/wp-content\/uploads\/2023\/01\/PHOTO-2023-01-13-16-52-39-1-300x188.jpg\" alt=\"\" width=\"300\" height=\"188\" srcset=\"https:\/\/noticiasemdestaque.com\/cd\/wp-content\/uploads\/2023\/01\/PHOTO-2023-01-13-16-52-39-1-300x188.jpg 300w, https:\/\/noticiasemdestaque.com\/cd\/wp-content\/uploads\/2023\/01\/PHOTO-2023-01-13-16-52-39-1-18x12.jpg 18w, https:\/\/noticiasemdestaque.com\/cd\/wp-content\/uploads\/2023\/01\/PHOTO-2023-01-13-16-52-39-1.jpg 640w\" sizes=\"(max-width: 300px) 100vw, 300px\" \/><\/a><\/div>\n<div>\n<p>O prefeito de Ouro Velho, Dr. Augusto Valadares, anunciou na noite desta quarta-feira (19), a primeira atra\u00e7\u00e3o do S\u00e3o Jo\u00e3o de Ouro Velho. A dupla Matheus e Kauan se apresentam no munic\u00edpio no dia 4 de junho.<\/p>\n<p>As demais atra\u00e7\u00f5es ser\u00e3o anunciadas no decorrer das pr\u00f3ximas semanas.<\/p>\n<p>O munic\u00edpio de Ouro Velho est\u00e1 entrando no calend\u00e1rio de eventos do Estado com grandes eventos, organiza\u00e7\u00e3o, estrutura e seguran\u00e7a.<\/p>\n<p>Cariri da Gente<\/p>\n<\/div>\n","protected":false},"excerpt":{"rendered":"<p>O prefeito de Ouro Velho, Dr. Augusto Valadares, anunciou na noite desta quarta-feira (19), a primeira atra\u00e7\u00e3o do S\u00e3o Jo\u00e3o de Ouro Velho. A dupla Matheus e Kauan se apresentam no munic\u00edpio no dia 4 de junho. As demais atra\u00e7\u00f5es ser\u00e3o anunciadas no decorrer das pr\u00f3ximas semanas. O munic\u00edpio de Ouro Velho est\u00e1 entrando no calend\u00e1rio de eventos do Estado com grandes eventos, organiza\u00e7\u00e3o, estrutura e seguran\u00e7a. Cariri da Gente<\/p>\n","protected":false},"author":2,"featured_media":45653,"comment_status":"closed","ping_status":"open","sticky":false,"template":"","format":"standard","meta":{"_eb_attr":"","_jetpack_memberships_contains_paid_content":false,"footnotes":""},"categories":[4],"tags":[],"class_list":["post-45652","post","type-post","status-publish","format-standard","has-post-thumbnail","hentry","category-politica"],"yoast_head":"<!-- This site is optimized with the Yoast SEO plugin v26.5 - https:\/\/yoast.com\/wordpress\/plugins\/seo\/ -->\n<title>A dupla Matheus e Kauan \u00e9 a primeira atra\u00e7\u00e3o confirmada para o S\u00e3o Jo\u00e3o de Ouro Velho - Not&iacute;cias em Destaque<\/title>\n<meta name=\"robots\" content=\"index, follow, max-snippet:-1, max-image-preview:large, max-video-preview:-1\" \/>\n<link rel=\"canonical\" href=\"https:\/\/noticiasemdestaque.com\/cd\/?p=45652\" \/>\n<meta property=\"og:locale\" content=\"pt_BR\" \/>\n<meta property=\"og:type\" content=\"article\" \/>\n<meta property=\"og:title\" content=\"A dupla Matheus e Kauan \u00e9 a primeira atra\u00e7\u00e3o confirmada para o S\u00e3o Jo\u00e3o de Ouro Velho - Not&iacute;cias em Destaque\" \/>\n<meta property=\"og:description\" content=\"O prefeito de Ouro Velho, Dr. Augusto Valadares, anunciou na noite desta quarta-feira (19), a primeira atra\u00e7\u00e3o do S\u00e3o Jo\u00e3o de Ouro Velho. A dupla Matheus e Kauan se apresentam no munic\u00edpio no dia 4 de junho. As demais atra\u00e7\u00f5es ser\u00e3o anunciadas no decorrer das pr\u00f3ximas semanas. O munic\u00edpio de Ouro Velho est\u00e1 entrando no calend\u00e1rio de eventos do Estado com grandes eventos, organiza\u00e7\u00e3o, estrutura e seguran\u00e7a. Cariri da Gente\" \/>\n<meta property=\"og:url\" content=\"https:\/\/noticiasemdestaque.com\/cd\/?p=45652\" \/>\n<meta property=\"og:site_name\" content=\"Not&iacute;cias em Destaque\" \/>\n<meta property=\"article:published_time\" content=\"2023-01-19T23:53:53+00:00\" \/>\n<meta property=\"article:modified_time\" content=\"2023-01-19T23:59:51+00:00\" \/>\n<meta property=\"og:image\" content=\"https:\/\/noticiasemdestaque.com\/cd\/wp-content\/uploads\/2023\/01\/PHOTO-2023-01-13-16-52-39-1.jpg\" \/>\n\t<meta property=\"og:image:width\" content=\"640\" \/>\n\t<meta property=\"og:image:height\" content=\"400\" \/>\n\t<meta property=\"og:image:type\" content=\"image\/jpeg\" \/>\n<meta name=\"author\" content=\"Not\u00edcias em Destaque\" \/>\n<meta name=\"twitter:card\" content=\"summary_large_image\" \/>\n<meta name=\"twitter:label1\" content=\"Escrito por\" \/>\n\t<meta name=\"twitter:data1\" content=\"Not\u00edcias em Destaque\" \/>\n\t<meta name=\"twitter:label2\" content=\"Est. tempo de leitura\" \/>\n\t<meta name=\"twitter:data2\" content=\"1 minuto\" \/>\n<script type=\"application\/ld+json\" class=\"yoast-schema-graph\">{\"@context\":\"https:\/\/schema.org\",\"@graph\":[{\"@type\":\"Article\",\"@id\":\"https:\/\/noticiasemdestaque.com\/cd\/?p=45652#article\",\"isPartOf\":{\"@id\":\"https:\/\/noticiasemdestaque.com\/cd\/?p=45652\"},\"author\":{\"name\":\"Not\u00edcias em Destaque\",\"@id\":\"https:\/\/noticiasemdestaque.com\/cd\/#\/schema\/person\/47f7d4f55eec17c6b2ca036c5500f6ce\"},\"headline\":\"A dupla Matheus e Kauan \u00e9 a primeira atra\u00e7\u00e3o confirmada para o S\u00e3o Jo\u00e3o de Ouro Velho\",\"datePublished\":\"2023-01-19T23:53:53+00:00\",\"dateModified\":\"2023-01-19T23:59:51+00:00\",\"mainEntityOfPage\":{\"@id\":\"https:\/\/noticiasemdestaque.com\/cd\/?p=45652\"},\"wordCount\":98,\"publisher\":{\"@id\":\"https:\/\/noticiasemdestaque.com\/cd\/#organization\"},\"image\":{\"@id\":\"https:\/\/noticiasemdestaque.com\/cd\/?p=45652#primaryimage\"},\"thumbnailUrl\":\"https:\/\/noticiasemdestaque.com\/cd\/wp-content\/uploads\/2023\/01\/PHOTO-2023-01-13-16-52-39-1.jpg\",\"articleSection\":[\"Pol\u00edtica\"],\"inLanguage\":\"pt-BR\"},{\"@type\":\"WebPage\",\"@id\":\"https:\/\/noticiasemdestaque.com\/cd\/?p=45652\",\"url\":\"https:\/\/noticiasemdestaque.com\/cd\/?p=45652\",\"name\":\"A dupla Matheus e Kauan \u00e9 a primeira atra\u00e7\u00e3o confirmada para o S\u00e3o Jo\u00e3o de Ouro Velho - Not&iacute;cias em Destaque\",\"isPartOf\":{\"@id\":\"https:\/\/noticiasemdestaque.com\/cd\/#website\"},\"primaryImageOfPage\":{\"@id\":\"https:\/\/noticiasemdestaque.com\/cd\/?p=45652#primaryimage\"},\"image\":{\"@id\":\"https:\/\/noticiasemdestaque.com\/cd\/?p=45652#primaryimage\"},\"thumbnailUrl\":\"https:\/\/noticiasemdestaque.com\/cd\/wp-content\/uploads\/2023\/01\/PHOTO-2023-01-13-16-52-39-1.jpg\",\"datePublished\":\"2023-01-19T23:53:53+00:00\",\"dateModified\":\"2023-01-19T23:59:51+00:00\",\"breadcrumb\":{\"@id\":\"https:\/\/noticiasemdestaque.com\/cd\/?p=45652#breadcrumb\"},\"inLanguage\":\"pt-BR\",\"potentialAction\":[{\"@type\":\"ReadAction\",\"target\":[\"https:\/\/noticiasemdestaque.com\/cd\/?p=45652\"]}]},{\"@type\":\"ImageObject\",\"inLanguage\":\"pt-BR\",\"@id\":\"https:\/\/noticiasemdestaque.com\/cd\/?p=45652#primaryimage\",\"url\":\"https:\/\/noticiasemdestaque.com\/cd\/wp-content\/uploads\/2023\/01\/PHOTO-2023-01-13-16-52-39-1.jpg\",\"contentUrl\":\"https:\/\/noticiasemdestaque.com\/cd\/wp-content\/uploads\/2023\/01\/PHOTO-2023-01-13-16-52-39-1.jpg\",\"width\":640,\"height\":400},{\"@type\":\"BreadcrumbList\",\"@id\":\"https:\/\/noticiasemdestaque.com\/cd\/?p=45652#breadcrumb\",\"itemListElement\":[{\"@type\":\"ListItem\",\"position\":1,\"name\":\"In\u00edcio\",\"item\":\"https:\/\/noticiasemdestaque.com\/cd\/\"},{\"@type\":\"ListItem\",\"position\":2,\"name\":\"A dupla Matheus e Kauan \u00e9 a primeira atra\u00e7\u00e3o confirmada para o S\u00e3o Jo\u00e3o de Ouro Velho\"}]},{\"@type\":\"WebSite\",\"@id\":\"https:\/\/noticiasemdestaque.com\/cd\/#website\",\"url\":\"https:\/\/noticiasemdestaque.com\/cd\/\",\"name\":\"Not&iacute;cias em Destaque\",\"description\":\"\",\"publisher\":{\"@id\":\"https:\/\/noticiasemdestaque.com\/cd\/#organization\"},\"potentialAction\":[{\"@type\":\"SearchAction\",\"target\":{\"@type\":\"EntryPoint\",\"urlTemplate\":\"https:\/\/noticiasemdestaque.com\/cd\/?s={search_term_string}\"},\"query-input\":{\"@type\":\"PropertyValueSpecification\",\"valueRequired\":true,\"valueName\":\"search_term_string\"}}],\"inLanguage\":\"pt-BR\"},{\"@type\":\"Organization\",\"@id\":\"https:\/\/noticiasemdestaque.com\/cd\/#organization\",\"name\":\"Not\u00edcias em Destaque\",\"url\":\"https:\/\/noticiasemdestaque.com\/cd\/\",\"logo\":{\"@type\":\"ImageObject\",\"inLanguage\":\"pt-BR\",\"@id\":\"https:\/\/noticiasemdestaque.com\/cd\/#\/schema\/logo\/image\/\",\"url\":\"https:\/\/noticiasemdestaque.com\/cd\/wp-content\/uploads\/2022\/05\/imagem-base-noticiasemdestaque.png\",\"contentUrl\":\"https:\/\/noticiasemdestaque.com\/cd\/wp-content\/uploads\/2022\/05\/imagem-base-noticiasemdestaque.png\",\"width\":1200,\"height\":630,\"caption\":\"Not\u00edcias em Destaque\"},\"image\":{\"@id\":\"https:\/\/noticiasemdestaque.com\/cd\/#\/schema\/logo\/image\/\"}},{\"@type\":\"Person\",\"@id\":\"https:\/\/noticiasemdestaque.com\/cd\/#\/schema\/person\/47f7d4f55eec17c6b2ca036c5500f6ce\",\"name\":\"Not\u00edcias em Destaque\",\"url\":\"https:\/\/noticiasemdestaque.com\/cd\/?author=2\"}]}<\/script>\n<!-- \/ Yoast SEO plugin. -->","yoast_head_json":{"title":"A dupla Matheus e Kauan \u00e9 a primeira atra\u00e7\u00e3o confirmada para o S\u00e3o Jo\u00e3o de Ouro Velho - Not&iacute;cias em Destaque","robots":{"index":"index","follow":"follow","max-snippet":"max-snippet:-1","max-image-preview":"max-image-preview:large","max-video-preview":"max-video-preview:-1"},"canonical":"https:\/\/noticiasemdestaque.com\/cd\/?p=45652","og_locale":"pt_BR","og_type":"article","og_title":"A dupla Matheus e Kauan \u00e9 a primeira atra\u00e7\u00e3o confirmada para o S\u00e3o Jo\u00e3o de Ouro Velho - Not&iacute;cias em Destaque","og_description":"O prefeito de Ouro Velho, Dr. Augusto Valadares, anunciou na noite desta quarta-feira (19), a primeira atra\u00e7\u00e3o do S\u00e3o Jo\u00e3o de Ouro Velho. A dupla Matheus e Kauan se apresentam no munic\u00edpio no dia 4 de junho. As demais atra\u00e7\u00f5es ser\u00e3o anunciadas no decorrer das pr\u00f3ximas semanas. O munic\u00edpio de Ouro Velho est\u00e1 entrando no calend\u00e1rio de eventos do Estado com grandes eventos, organiza\u00e7\u00e3o, estrutura e seguran\u00e7a. Cariri da Gente","og_url":"https:\/\/noticiasemdestaque.com\/cd\/?p=45652","og_site_name":"Not&iacute;cias em Destaque","article_published_time":"2023-01-19T23:53:53+00:00","article_modified_time":"2023-01-19T23:59:51+00:00","og_image":[{"width":640,"height":400,"url":"https:\/\/noticiasemdestaque.com\/cd\/wp-content\/uploads\/2023\/01\/PHOTO-2023-01-13-16-52-39-1.jpg","type":"image\/jpeg"}],"author":"Not\u00edcias em Destaque","twitter_card":"summary_large_image","twitter_misc":{"Escrito por":"Not\u00edcias em Destaque","Est. tempo de leitura":"1 minuto"},"schema":{"@context":"https:\/\/schema.org","@graph":[{"@type":"Article","@id":"https:\/\/noticiasemdestaque.com\/cd\/?p=45652#article","isPartOf":{"@id":"https:\/\/noticiasemdestaque.com\/cd\/?p=45652"},"author":{"name":"Not\u00edcias em Destaque","@id":"https:\/\/noticiasemdestaque.com\/cd\/#\/schema\/person\/47f7d4f55eec17c6b2ca036c5500f6ce"},"headline":"A dupla Matheus e Kauan \u00e9 a primeira atra\u00e7\u00e3o confirmada para o S\u00e3o Jo\u00e3o de Ouro Velho","datePublished":"2023-01-19T23:53:53+00:00","dateModified":"2023-01-19T23:59:51+00:00","mainEntityOfPage":{"@id":"https:\/\/noticiasemdestaque.com\/cd\/?p=45652"},"wordCount":98,"publisher":{"@id":"https:\/\/noticiasemdestaque.com\/cd\/#organization"},"image":{"@id":"https:\/\/noticiasemdestaque.com\/cd\/?p=45652#primaryimage"},"thumbnailUrl":"https:\/\/noticiasemdestaque.com\/cd\/wp-content\/uploads\/2023\/01\/PHOTO-2023-01-13-16-52-39-1.jpg","articleSection":["Pol\u00edtica"],"inLanguage":"pt-BR"},{"@type":"WebPage","@id":"https:\/\/noticiasemdestaque.com\/cd\/?p=45652","url":"https:\/\/noticiasemdestaque.com\/cd\/?p=45652","name":"A dupla Matheus e Kauan \u00e9 a primeira atra\u00e7\u00e3o confirmada para o S\u00e3o Jo\u00e3o de Ouro Velho - Not&iacute;cias em Destaque","isPartOf":{"@id":"https:\/\/noticiasemdestaque.com\/cd\/#website"},"primaryImageOfPage":{"@id":"https:\/\/noticiasemdestaque.com\/cd\/?p=45652#primaryimage"},"image":{"@id":"https:\/\/noticiasemdestaque.com\/cd\/?p=45652#primaryimage"},"thumbnailUrl":"https:\/\/noticiasemdestaque.com\/cd\/wp-content\/uploads\/2023\/01\/PHOTO-2023-01-13-16-52-39-1.jpg","datePublished":"2023-01-19T23:53:53+00:00","dateModified":"2023-01-19T23:59:51+00:00","breadcrumb":{"@id":"https:\/\/noticiasemdestaque.com\/cd\/?p=45652#breadcrumb"},"inLanguage":"pt-BR","potentialAction":[{"@type":"ReadAction","target":["https:\/\/noticiasemdestaque.com\/cd\/?p=45652"]}]},{"@type":"ImageObject","inLanguage":"pt-BR","@id":"https:\/\/noticiasemdestaque.com\/cd\/?p=45652#primaryimage","url":"https:\/\/noticiasemdestaque.com\/cd\/wp-content\/uploads\/2023\/01\/PHOTO-2023-01-13-16-52-39-1.jpg","contentUrl":"https:\/\/noticiasemdestaque.com\/cd\/wp-content\/uploads\/2023\/01\/PHOTO-2023-01-13-16-52-39-1.jpg","width":640,"height":400},{"@type":"BreadcrumbList","@id":"https:\/\/noticiasemdestaque.com\/cd\/?p=45652#breadcrumb","itemListElement":[{"@type":"ListItem","position":1,"name":"In\u00edcio","item":"https:\/\/noticiasemdestaque.com\/cd\/"},{"@type":"ListItem","position":2,"name":"A dupla Matheus e Kauan \u00e9 a primeira atra\u00e7\u00e3o confirmada para o S\u00e3o Jo\u00e3o de Ouro Velho"}]},{"@type":"WebSite","@id":"https:\/\/noticiasemdestaque.com\/cd\/#website","url":"https:\/\/noticiasemdestaque.com\/cd\/","name":"Not&iacute;cias em Destaque","description":"","publisher":{"@id":"https:\/\/noticiasemdestaque.com\/cd\/#organization"},"potentialAction":[{"@type":"SearchAction","target":{"@type":"EntryPoint","urlTemplate":"https:\/\/noticiasemdestaque.com\/cd\/?s={search_term_string}"},"query-input":{"@type":"PropertyValueSpecification","valueRequired":true,"valueName":"search_term_string"}}],"inLanguage":"pt-BR"},{"@type":"Organization","@id":"https:\/\/noticiasemdestaque.com\/cd\/#organization","name":"Not\u00edcias em Destaque","url":"https:\/\/noticiasemdestaque.com\/cd\/","logo":{"@type":"ImageObject","inLanguage":"pt-BR","@id":"https:\/\/noticiasemdestaque.com\/cd\/#\/schema\/logo\/image\/","url":"https:\/\/noticiasemdestaque.com\/cd\/wp-content\/uploads\/2022\/05\/imagem-base-noticiasemdestaque.png","contentUrl":"https:\/\/noticiasemdestaque.com\/cd\/wp-content\/uploads\/2022\/05\/imagem-base-noticiasemdestaque.png","width":1200,"height":630,"caption":"Not\u00edcias em Destaque"},"image":{"@id":"https:\/\/noticiasemdestaque.com\/cd\/#\/schema\/logo\/image\/"}},{"@type":"Person","@id":"https:\/\/noticiasemdestaque.com\/cd\/#\/schema\/person\/47f7d4f55eec17c6b2ca036c5500f6ce","name":"Not\u00edcias em Destaque","url":"https:\/\/noticiasemdestaque.com\/cd\/?author=2"}]}},"jetpack_featured_media_url":"https:\/\/noticiasemdestaque.com\/cd\/wp-content\/uploads\/2023\/01\/PHOTO-2023-01-13-16-52-39-1.jpg","jetpack_sharing_enabled":true,"_links":{"self":[{"href":"https:\/\/noticiasemdestaque.com\/cd\/index.php?rest_route=\/wp\/v2\/posts\/45652","targetHints":{"allow":["GET"]}}],"collection":[{"href":"https:\/\/noticiasemdestaque.com\/cd\/index.php?rest_route=\/wp\/v2\/posts"}],"about":[{"href":"https:\/\/noticiasemdestaque.com\/cd\/index.php?rest_route=\/wp\/v2\/types\/post"}],"author":[{"embeddable":true,"href":"https:\/\/noticiasemdestaque.com\/cd\/index.php?rest_route=\/wp\/v2\/users\/2"}],"replies":[{"embeddable":true,"href":"https:\/\/noticiasemdestaque.com\/cd\/index.php?rest_route=%2Fwp%2Fv2%2Fcomments&post=45652"}],"version-history":[{"count":2,"href":"https:\/\/noticiasemdestaque.com\/cd\/index.php?rest_route=\/wp\/v2\/posts\/45652\/revisions"}],"predecessor-version":[{"id":45655,"href":"https:\/\/noticiasemdestaque.com\/cd\/index.php?rest_route=\/wp\/v2\/posts\/45652\/revisions\/45655"}],"wp:featuredmedia":[{"embeddable":true,"href":"https:\/\/noticiasemdestaque.com\/cd\/index.php?rest_route=\/wp\/v2\/media\/45653"}],"wp:attachment":[{"href":"https:\/\/noticiasemdestaque.com\/cd\/index.php?rest_route=%2Fwp%2Fv2%2Fmedia&parent=45652"}],"wp:term":[{"taxonomy":"category","embeddable":true,"href":"https:\/\/noticiasemdestaque.com\/cd\/index.php?rest_route=%2Fwp%2Fv2%2Fcategories&post=45652"},{"taxonomy":"post_tag","embeddable":true,"href":"https:\/\/noticiasemdestaque.com\/cd\/index.php?rest_route=%2Fwp%2Fv2%2Ftags&post=45652"}],"curies":[{"name":"wp","href":"https:\/\/api.w.org\/{rel}","templated":true}]}}