{"id":45631,"date":"2023-01-19T09:08:25","date_gmt":"2023-01-19T12:08:25","guid":{"rendered":"https:\/\/noticiasemdestaque.com\/cd\/?p=45631"},"modified":"2023-01-19T09:08:25","modified_gmt":"2023-01-19T12:08:25","slug":"prefeitura-de-sume-da-inicio-ao-programa-castrapet-para-esterilizacao-de-caes-e-gatos","status":"publish","type":"post","link":"https:\/\/noticiasemdestaque.com\/cd\/?p=45631","title":{"rendered":"Prefeitura de Sum\u00e9 d\u00e1 in\u00edcio ao Programa CASTRAPET para esteriliza\u00e7\u00e3o de c\u00e3es e gatos"},"content":{"rendered":"<p><a href=\"https:\/\/www.sume.pb.gov.br\/wp-content\/uploads\/2023\/01\/DSC_0184.jpg\" data-slb-active=\"1\" data-slb-asset=\"1975579520\" data-slb-internal=\"0\" data-slb-group=\"21351\"><img fetchpriority=\"high\" decoding=\"async\" class=\"alignnone size-medium wp-image-21363\" src=\"https:\/\/www.sume.pb.gov.br\/wp-content\/uploads\/2023\/01\/DSC_0184-300x199.jpg\" sizes=\"(max-width: 300px) 100vw, 300px\" srcset=\"https:\/\/www.sume.pb.gov.br\/wp-content\/uploads\/2023\/01\/DSC_0184-300x199.jpg 300w, https:\/\/www.sume.pb.gov.br\/wp-content\/uploads\/2023\/01\/DSC_0184-1024x681.jpg 1024w, https:\/\/www.sume.pb.gov.br\/wp-content\/uploads\/2023\/01\/DSC_0184-768x510.jpg 768w, https:\/\/www.sume.pb.gov.br\/wp-content\/uploads\/2023\/01\/DSC_0184.jpg 1300w\" alt=\"\" width=\"300\" height=\"199\" \/><\/a><a href=\"https:\/\/www.sume.pb.gov.br\/wp-content\/uploads\/2023\/01\/DSC_0194.jpg\" data-slb-active=\"1\" data-slb-asset=\"2078711721\" data-slb-internal=\"0\" data-slb-group=\"21351\"><img decoding=\"async\" class=\"alignnone size-medium wp-image-21365\" src=\"https:\/\/www.sume.pb.gov.br\/wp-content\/uploads\/2023\/01\/DSC_0194-300x199.jpg\" sizes=\"(max-width: 300px) 100vw, 300px\" srcset=\"https:\/\/www.sume.pb.gov.br\/wp-content\/uploads\/2023\/01\/DSC_0194-300x199.jpg 300w, https:\/\/www.sume.pb.gov.br\/wp-content\/uploads\/2023\/01\/DSC_0194-1024x681.jpg 1024w, https:\/\/www.sume.pb.gov.br\/wp-content\/uploads\/2023\/01\/DSC_0194-768x510.jpg 768w, https:\/\/www.sume.pb.gov.br\/wp-content\/uploads\/2023\/01\/DSC_0194.jpg 1300w\" alt=\"\" width=\"300\" height=\"199\" \/><\/a><\/p>\n<p>A prefeitura de Sum\u00e9 lan\u00e7ou oficialmente nessa quarta-feira, 18, o Projeto CASTRAPET. Um espa\u00e7o totalmente equipado para controlar o aumento desordenado da popula\u00e7\u00e3o de c\u00e3es e gatos do munic\u00edpio. A a\u00e7\u00e3o representa a materializa\u00e7\u00e3o do plano de governo do prefeito \u00c9den Duarte e do vice-prefeito Manezinho Louren\u00e7o.<\/p>\n<p>Trata-se de um projeto pioneiro na regi\u00e3o do Cariri dotado de qualidade t\u00e9cnica, interven\u00e7\u00f5es cir\u00fargicas, a\u00e7\u00f5es educativas, responsabilidades e prioridades para conter a prolifera\u00e7\u00e3o desses animais.<\/p>\n<p><a href=\"https:\/\/www.sume.pb.gov.br\/wp-content\/uploads\/2023\/01\/DSC_0208.jpg\" data-slb-active=\"1\" data-slb-asset=\"552867398\" data-slb-internal=\"0\" data-slb-group=\"21351\"><img decoding=\"async\" class=\"alignnone size-medium wp-image-21371\" src=\"https:\/\/www.sume.pb.gov.br\/wp-content\/uploads\/2023\/01\/DSC_0208-300x199.jpg\" sizes=\"(max-width: 300px) 100vw, 300px\" srcset=\"https:\/\/www.sume.pb.gov.br\/wp-content\/uploads\/2023\/01\/DSC_0208-300x199.jpg 300w, https:\/\/www.sume.pb.gov.br\/wp-content\/uploads\/2023\/01\/DSC_0208-1024x681.jpg 1024w, https:\/\/www.sume.pb.gov.br\/wp-content\/uploads\/2023\/01\/DSC_0208-768x510.jpg 768w, https:\/\/www.sume.pb.gov.br\/wp-content\/uploads\/2023\/01\/DSC_0208.jpg 1300w\" alt=\"\" width=\"300\" height=\"199\" \/><\/a><\/p>\n<p>Criado e executado no \u00e2mbito da Secretaria Municipal de Sa\u00fade, pelo m\u00e9dico veterin\u00e1rio Ricardo Morato, com o total apoio da secret\u00e1ria Tanniery Lela, o CASTRAPET ofertar\u00e1 procedimentos de avalia\u00e7\u00e3o: pr\u00e9-operat\u00f3ria, operat\u00f3ria e p\u00f3s-operat\u00f3ria de c\u00e3es e gatos, conforme diretrizes do Conselho Regional de Medicina Veterin\u00e1ria. Ele ficar\u00e1 sob a responsabilidade da Vigil\u00e2ncia Ambiental do munic\u00edpio, coordenado por Rita Dark Aquino, com o suporte cir\u00fargico do m\u00e9dico veterin\u00e1rio Armando Nunes.<\/p>\n<p><a href=\"https:\/\/www.sume.pb.gov.br\/wp-content\/uploads\/2023\/01\/DSC_0144.jpg\" data-slb-active=\"1\" data-slb-asset=\"842747431\" data-slb-internal=\"0\" data-slb-group=\"21351\"><img loading=\"lazy\" decoding=\"async\" class=\"size-medium wp-image-21374 alignleft\" src=\"https:\/\/www.sume.pb.gov.br\/wp-content\/uploads\/2023\/01\/DSC_0144-300x199.jpg\" sizes=\"(max-width: 300px) 100vw, 300px\" srcset=\"https:\/\/www.sume.pb.gov.br\/wp-content\/uploads\/2023\/01\/DSC_0144-300x199.jpg 300w, https:\/\/www.sume.pb.gov.br\/wp-content\/uploads\/2023\/01\/DSC_0144-1024x681.jpg 1024w, https:\/\/www.sume.pb.gov.br\/wp-content\/uploads\/2023\/01\/DSC_0144-768x510.jpg 768w, https:\/\/www.sume.pb.gov.br\/wp-content\/uploads\/2023\/01\/DSC_0144.jpg 1300w\" alt=\"\" width=\"300\" height=\"199\" \/><\/a>A secret\u00e1ria de Sa\u00fade, Taniery L\u00eala, destacou a felicidade em poder ver executado um projeto, que segundo ela, representa o resultado de um esfor\u00e7o conjunto de toda equipe t\u00e9cnica dedicada, respons\u00e1vel e alinhada com os anseios da popula\u00e7\u00e3o. \u201cO caminho foi \u00e1rduo, mas estamos aqui com a certeza de dever cumprido, entregando algo de qualidade \u00e0 popula\u00e7\u00e3o de Sum\u00e9 que ficar\u00e1 para hist\u00f3ria\u201d, disse.\u00a0 Tanniery ainda pediu a contribui\u00e7\u00e3o e engajamento da sociedade sumeense pelo bem da causa, adotando temporariamente um animal no p\u00f3s operat\u00f3rio.<\/p>\n<p>O ve\u00edculo Castram\u00f3vel e os equipamentos foram adquiridos via emenda do deputado Wellington Roberto, sendo o terceiro existente no estado da Para\u00edba. A gest\u00e3o municipal pretende exportar a experi\u00eancia para outras cidades. De acordo com o prefeito \u00c9den, a ideia \u00e9 que em breve seja feito um conv\u00eanio com outras prefeituras para que elas possam tamb\u00e9m aderir ao projeto e usufruir do espa\u00e7o.<\/p>\n<p>Na mesma solenidade, que contou com representantes do Legislativo sumeense, \u00f3rg\u00e3os municipais, populares e amantes e protetores da causa animal, \u00c9den manifestou felicidade em iniciar o ano concretizando algo t\u00e3o importante para o munic\u00edpio de Sum\u00e9.<\/p>\n<p><a href=\"https:\/\/www.sume.pb.gov.br\/wp-content\/uploads\/2023\/01\/DSC_0178.jpg\" data-slb-active=\"1\" data-slb-asset=\"203656887\" data-slb-internal=\"0\" data-slb-group=\"21351\"><img loading=\"lazy\" decoding=\"async\" class=\"size-medium wp-image-21362 alignright\" src=\"https:\/\/www.sume.pb.gov.br\/wp-content\/uploads\/2023\/01\/DSC_0178-300x199.jpg\" sizes=\"(max-width: 300px) 100vw, 300px\" srcset=\"https:\/\/www.sume.pb.gov.br\/wp-content\/uploads\/2023\/01\/DSC_0178-300x199.jpg 300w, https:\/\/www.sume.pb.gov.br\/wp-content\/uploads\/2023\/01\/DSC_0178-1024x681.jpg 1024w, https:\/\/www.sume.pb.gov.br\/wp-content\/uploads\/2023\/01\/DSC_0178-768x510.jpg 768w, https:\/\/www.sume.pb.gov.br\/wp-content\/uploads\/2023\/01\/DSC_0178.jpg 1300w\" alt=\"\" width=\"300\" height=\"199\" \/><\/a>De acordo com o gestor municipal, o CASTRAPET foi pensado e planejado com a finalidade de atacar a prolifera\u00e7\u00e3o de c\u00e3es e gatos. \u201cO espa\u00e7o disp\u00f5e dos melhores equipamentos veterin\u00e1rios, como anestesia inalat\u00f3ria, utilizada para n\u00e3o furar o animal, monitor multipar\u00e2metro para monitorar os sinais vitais, tudo isso pensando na seguran\u00e7a do pet e do profissional.<\/p>\n<p>O programa prev\u00ea ainda a colabora\u00e7\u00e3o da sociedade para adotar e cuidar de um animal de rua, pelo menos no p\u00f3s-operat\u00f3rio, considerando que a prefeitura n\u00e3o possui uma estrutura completa para cuidar desses animais. O prefeito \u00c9den informou que j\u00e1 trabalha para viabilizar um Centro de Zoonoses para o munic\u00edpio de Sum\u00e9.<\/p>\n<p><a href=\"https:\/\/www.sume.pb.gov.br\/wp-content\/uploads\/2023\/01\/DSC_0080.jpg\" data-slb-active=\"1\" data-slb-asset=\"2012003992\" data-slb-internal=\"0\" data-slb-group=\"21351\"><img loading=\"lazy\" decoding=\"async\" class=\"alignnone size-medium wp-image-21377\" src=\"https:\/\/www.sume.pb.gov.br\/wp-content\/uploads\/2023\/01\/DSC_0080-300x199.jpg\" sizes=\"(max-width: 300px) 100vw, 300px\" srcset=\"https:\/\/www.sume.pb.gov.br\/wp-content\/uploads\/2023\/01\/DSC_0080-300x199.jpg 300w, https:\/\/www.sume.pb.gov.br\/wp-content\/uploads\/2023\/01\/DSC_0080-1024x681.jpg 1024w, https:\/\/www.sume.pb.gov.br\/wp-content\/uploads\/2023\/01\/DSC_0080-768x510.jpg 768w, https:\/\/www.sume.pb.gov.br\/wp-content\/uploads\/2023\/01\/DSC_0080.jpg 1300w\" alt=\"\" width=\"300\" height=\"199\" \/><\/a><a href=\"https:\/\/www.sume.pb.gov.br\/wp-content\/uploads\/2023\/01\/DSC_0201.jpg\" data-slb-active=\"1\" data-slb-asset=\"537450999\" data-slb-internal=\"0\" data-slb-group=\"21351\"><img loading=\"lazy\" decoding=\"async\" class=\"alignnone size-medium wp-image-21378\" src=\"https:\/\/www.sume.pb.gov.br\/wp-content\/uploads\/2023\/01\/DSC_0201-300x199.jpg\" sizes=\"(max-width: 300px) 100vw, 300px\" srcset=\"https:\/\/www.sume.pb.gov.br\/wp-content\/uploads\/2023\/01\/DSC_0201-300x199.jpg 300w, https:\/\/www.sume.pb.gov.br\/wp-content\/uploads\/2023\/01\/DSC_0201-1024x681.jpg 1024w, https:\/\/www.sume.pb.gov.br\/wp-content\/uploads\/2023\/01\/DSC_0201-768x510.jpg 768w, https:\/\/www.sume.pb.gov.br\/wp-content\/uploads\/2023\/01\/DSC_0201.jpg 1300w\" alt=\"\" width=\"300\" height=\"199\" \/><\/a><\/p>\n<p>O Espa\u00e7o onde funciona o CASTRAPET est\u00e1 localizado na \u00e1rea do Dnocs, que foi cedido ao munic\u00edpio de Sum\u00e9 pelo governo federal para servir como base de apoio ao Castram\u00f3vel. A popula\u00e7\u00e3o interessada na castra\u00e7\u00e3o de c\u00e3es e gatos deve realizar um cadastro na Vigil\u00e2ncia Ambiental, que fica localizada no 1\u00b0 andar do pr\u00e9dio da Farm\u00e1cia Municipal.<\/p>\n<p><strong>Noticias em Destaque<\/strong><\/p>\n<p style=\"text-align: right;\"><em>Fonte:\u00a0 Ascom PMS<\/em><\/p>\n","protected":false},"excerpt":{"rendered":"<p>A prefeitura de Sum\u00e9 lan\u00e7ou oficialmente nessa quarta-feira, 18, o Projeto CASTRAPET. Um espa\u00e7o totalmente equipado para controlar o aumento desordenado da popula\u00e7\u00e3o de c\u00e3es e gatos do munic\u00edpio. A a\u00e7\u00e3o representa a materializa\u00e7\u00e3o do plano de governo do prefeito \u00c9den Duarte e do vice-prefeito Manezinho Louren\u00e7o. Trata-se de um projeto pioneiro na regi\u00e3o do Cariri dotado de qualidade t\u00e9cnica, interven\u00e7\u00f5es cir\u00fargicas, a\u00e7\u00f5es educativas, responsabilidades e prioridades para conter a prolifera\u00e7\u00e3o desses animais. Criado e executado no \u00e2mbito da Secretaria Municipal de Sa\u00fade, pelo m\u00e9dico veterin\u00e1rio Ricardo Morato, com o total apoio da secret\u00e1ria Tanniery Lela, o CASTRAPET ofertar\u00e1 procedimentos de avalia\u00e7\u00e3o: pr\u00e9-operat\u00f3ria, operat\u00f3ria e p\u00f3s-operat\u00f3ria de c\u00e3es e gatos, conforme diretrizes do Conselho Regional de Medicina Veterin\u00e1ria. Ele ficar\u00e1 sob a responsabilidade da Vigil\u00e2ncia Ambiental do munic\u00edpio, coordenado por Rita Dark Aquino, com o suporte cir\u00fargico do m\u00e9dico veterin\u00e1rio Armando Nunes. A secret\u00e1ria de Sa\u00fade, Taniery L\u00eala, destacou a felicidade em poder ver executado um projeto, que segundo ela, representa o resultado de um esfor\u00e7o conjunto de toda equipe t\u00e9cnica dedicada, respons\u00e1vel e alinhada com os anseios da popula\u00e7\u00e3o. \u201cO caminho foi \u00e1rduo, mas estamos aqui com a certeza de dever cumprido, entregando algo de qualidade \u00e0 popula\u00e7\u00e3o de Sum\u00e9 que ficar\u00e1 para hist\u00f3ria\u201d, disse.\u00a0 Tanniery ainda pediu a contribui\u00e7\u00e3o e engajamento da sociedade sumeense pelo bem da causa, adotando temporariamente um animal no p\u00f3s operat\u00f3rio. O ve\u00edculo Castram\u00f3vel e os equipamentos foram adquiridos via emenda do deputado Wellington Roberto, sendo o terceiro existente no estado da Para\u00edba. A gest\u00e3o municipal pretende exportar a experi\u00eancia para outras cidades. De acordo com o prefeito \u00c9den, a ideia \u00e9 que em breve seja feito um conv\u00eanio com outras prefeituras para que elas possam tamb\u00e9m aderir ao projeto e usufruir do espa\u00e7o. Na mesma solenidade, que contou com representantes do Legislativo sumeense, \u00f3rg\u00e3os municipais, populares e amantes e protetores da causa animal, \u00c9den manifestou felicidade em iniciar o ano concretizando algo t\u00e3o importante para o munic\u00edpio de Sum\u00e9. De acordo com o gestor municipal, o CASTRAPET foi pensado e planejado com a finalidade de atacar a prolifera\u00e7\u00e3o de c\u00e3es e gatos. \u201cO espa\u00e7o disp\u00f5e dos melhores equipamentos veterin\u00e1rios, como anestesia inalat\u00f3ria, utilizada para n\u00e3o furar o animal, monitor multipar\u00e2metro para monitorar os sinais vitais, tudo isso pensando na seguran\u00e7a do pet e do profissional. O programa prev\u00ea ainda a colabora\u00e7\u00e3o da sociedade para adotar e cuidar de um animal de rua, pelo menos no p\u00f3s-operat\u00f3rio, considerando que a prefeitura n\u00e3o possui uma estrutura completa para cuidar desses animais. O prefeito \u00c9den informou que j\u00e1 trabalha para viabilizar um Centro de Zoonoses para o munic\u00edpio de Sum\u00e9. O Espa\u00e7o onde funciona o CASTRAPET est\u00e1 localizado na \u00e1rea do Dnocs, que foi cedido ao munic\u00edpio de Sum\u00e9 pelo governo federal para servir como base de apoio ao Castram\u00f3vel. A popula\u00e7\u00e3o interessada na castra\u00e7\u00e3o de c\u00e3es e gatos deve realizar um cadastro na Vigil\u00e2ncia Ambiental, que fica localizada no 1\u00b0 andar do pr\u00e9dio da Farm\u00e1cia Municipal. Noticias em Destaque Fonte:\u00a0 Ascom PMS<\/p>\n","protected":false},"author":2,"featured_media":45632,"comment_status":"closed","ping_status":"open","sticky":false,"template":"","format":"standard","meta":{"_eb_attr":"","_jetpack_memberships_contains_paid_content":false,"footnotes":""},"categories":[3],"tags":[],"class_list":["post-45631","post","type-post","status-publish","format-standard","has-post-thumbnail","hentry","category-cidades"],"yoast_head":"<!-- This site is optimized with the Yoast SEO plugin v26.5 - https:\/\/yoast.com\/wordpress\/plugins\/seo\/ -->\n<title>Prefeitura de Sum\u00e9 d\u00e1 in\u00edcio ao Programa CASTRAPET para esteriliza\u00e7\u00e3o de c\u00e3es e gatos - Not&iacute;cias em Destaque<\/title>\n<meta name=\"robots\" content=\"index, follow, max-snippet:-1, max-image-preview:large, max-video-preview:-1\" \/>\n<link rel=\"canonical\" href=\"https:\/\/noticiasemdestaque.com\/cd\/?p=45631\" \/>\n<meta property=\"og:locale\" content=\"pt_BR\" \/>\n<meta property=\"og:type\" content=\"article\" \/>\n<meta property=\"og:title\" content=\"Prefeitura de Sum\u00e9 d\u00e1 in\u00edcio ao Programa CASTRAPET para esteriliza\u00e7\u00e3o de c\u00e3es e gatos - Not&iacute;cias em Destaque\" \/>\n<meta property=\"og:description\" content=\"A prefeitura de Sum\u00e9 lan\u00e7ou oficialmente nessa quarta-feira, 18, o Projeto CASTRAPET. Um espa\u00e7o totalmente equipado para controlar o aumento desordenado da popula\u00e7\u00e3o de c\u00e3es e gatos do munic\u00edpio. A a\u00e7\u00e3o representa a materializa\u00e7\u00e3o do plano de governo do prefeito \u00c9den Duarte e do vice-prefeito Manezinho Louren\u00e7o. Trata-se de um projeto pioneiro na regi\u00e3o do Cariri dotado de qualidade t\u00e9cnica, interven\u00e7\u00f5es cir\u00fargicas, a\u00e7\u00f5es educativas, responsabilidades e prioridades para conter a prolifera\u00e7\u00e3o desses animais. Criado e executado no \u00e2mbito da Secretaria Municipal de Sa\u00fade, pelo m\u00e9dico veterin\u00e1rio Ricardo Morato, com o total apoio da secret\u00e1ria Tanniery Lela, o CASTRAPET ofertar\u00e1 procedimentos de avalia\u00e7\u00e3o: pr\u00e9-operat\u00f3ria, operat\u00f3ria e p\u00f3s-operat\u00f3ria de c\u00e3es e gatos, conforme diretrizes do Conselho Regional de Medicina Veterin\u00e1ria. Ele ficar\u00e1 sob a responsabilidade da Vigil\u00e2ncia Ambiental do munic\u00edpio, coordenado por Rita Dark Aquino, com o suporte cir\u00fargico do m\u00e9dico veterin\u00e1rio Armando Nunes. A secret\u00e1ria de Sa\u00fade, Taniery L\u00eala, destacou a felicidade em poder ver executado um projeto, que segundo ela, representa o resultado de um esfor\u00e7o conjunto de toda equipe t\u00e9cnica dedicada, respons\u00e1vel e alinhada com os anseios da popula\u00e7\u00e3o. \u201cO caminho foi \u00e1rduo, mas estamos aqui com a certeza de dever cumprido, entregando algo de qualidade \u00e0 popula\u00e7\u00e3o de Sum\u00e9 que ficar\u00e1 para hist\u00f3ria\u201d, disse.\u00a0 Tanniery ainda pediu a contribui\u00e7\u00e3o e engajamento da sociedade sumeense pelo bem da causa, adotando temporariamente um animal no p\u00f3s operat\u00f3rio. O ve\u00edculo Castram\u00f3vel e os equipamentos foram adquiridos via emenda do deputado Wellington Roberto, sendo o terceiro existente no estado da Para\u00edba. A gest\u00e3o municipal pretende exportar a experi\u00eancia para outras cidades. De acordo com o prefeito \u00c9den, a ideia \u00e9 que em breve seja feito um conv\u00eanio com outras prefeituras para que elas possam tamb\u00e9m aderir ao projeto e usufruir do espa\u00e7o. Na mesma solenidade, que contou com representantes do Legislativo sumeense, \u00f3rg\u00e3os municipais, populares e amantes e protetores da causa animal, \u00c9den manifestou felicidade em iniciar o ano concretizando algo t\u00e3o importante para o munic\u00edpio de Sum\u00e9. De acordo com o gestor municipal, o CASTRAPET foi pensado e planejado com a finalidade de atacar a prolifera\u00e7\u00e3o de c\u00e3es e gatos. \u201cO espa\u00e7o disp\u00f5e dos melhores equipamentos veterin\u00e1rios, como anestesia inalat\u00f3ria, utilizada para n\u00e3o furar o animal, monitor multipar\u00e2metro para monitorar os sinais vitais, tudo isso pensando na seguran\u00e7a do pet e do profissional. O programa prev\u00ea ainda a colabora\u00e7\u00e3o da sociedade para adotar e cuidar de um animal de rua, pelo menos no p\u00f3s-operat\u00f3rio, considerando que a prefeitura n\u00e3o possui uma estrutura completa para cuidar desses animais. O prefeito \u00c9den informou que j\u00e1 trabalha para viabilizar um Centro de Zoonoses para o munic\u00edpio de Sum\u00e9. O Espa\u00e7o onde funciona o CASTRAPET est\u00e1 localizado na \u00e1rea do Dnocs, que foi cedido ao munic\u00edpio de Sum\u00e9 pelo governo federal para servir como base de apoio ao Castram\u00f3vel. A popula\u00e7\u00e3o interessada na castra\u00e7\u00e3o de c\u00e3es e gatos deve realizar um cadastro na Vigil\u00e2ncia Ambiental, que fica localizada no 1\u00b0 andar do pr\u00e9dio da Farm\u00e1cia Municipal. Noticias em Destaque Fonte:\u00a0 Ascom PMS\" \/>\n<meta property=\"og:url\" content=\"https:\/\/noticiasemdestaque.com\/cd\/?p=45631\" \/>\n<meta property=\"og:site_name\" content=\"Not&iacute;cias em Destaque\" \/>\n<meta property=\"article:published_time\" content=\"2023-01-19T12:08:25+00:00\" \/>\n<meta property=\"og:image\" content=\"https:\/\/noticiasemdestaque.com\/cd\/wp-content\/uploads\/2023\/01\/DSC_0194-400x255-1.jpg\" \/>\n\t<meta property=\"og:image:width\" content=\"400\" \/>\n\t<meta property=\"og:image:height\" content=\"255\" \/>\n\t<meta property=\"og:image:type\" content=\"image\/jpeg\" \/>\n<meta name=\"author\" content=\"Not\u00edcias em Destaque\" \/>\n<meta name=\"twitter:card\" content=\"summary_large_image\" \/>\n<meta name=\"twitter:label1\" content=\"Escrito por\" \/>\n\t<meta name=\"twitter:data1\" content=\"Not\u00edcias em Destaque\" \/>\n\t<meta name=\"twitter:label2\" content=\"Est. tempo de leitura\" \/>\n\t<meta name=\"twitter:data2\" content=\"5 minutos\" \/>\n<script type=\"application\/ld+json\" class=\"yoast-schema-graph\">{\"@context\":\"https:\/\/schema.org\",\"@graph\":[{\"@type\":\"Article\",\"@id\":\"https:\/\/noticiasemdestaque.com\/cd\/?p=45631#article\",\"isPartOf\":{\"@id\":\"https:\/\/noticiasemdestaque.com\/cd\/?p=45631\"},\"author\":{\"name\":\"Not\u00edcias em Destaque\",\"@id\":\"https:\/\/noticiasemdestaque.com\/cd\/#\/schema\/person\/47f7d4f55eec17c6b2ca036c5500f6ce\"},\"headline\":\"Prefeitura de Sum\u00e9 d\u00e1 in\u00edcio ao Programa CASTRAPET para esteriliza\u00e7\u00e3o de c\u00e3es e gatos\",\"datePublished\":\"2023-01-19T12:08:25+00:00\",\"mainEntityOfPage\":{\"@id\":\"https:\/\/noticiasemdestaque.com\/cd\/?p=45631\"},\"wordCount\":587,\"publisher\":{\"@id\":\"https:\/\/noticiasemdestaque.com\/cd\/#organization\"},\"image\":{\"@id\":\"https:\/\/noticiasemdestaque.com\/cd\/?p=45631#primaryimage\"},\"thumbnailUrl\":\"https:\/\/noticiasemdestaque.com\/cd\/wp-content\/uploads\/2023\/01\/DSC_0194-400x255-1.jpg\",\"articleSection\":[\"Cidades\"],\"inLanguage\":\"pt-BR\"},{\"@type\":\"WebPage\",\"@id\":\"https:\/\/noticiasemdestaque.com\/cd\/?p=45631\",\"url\":\"https:\/\/noticiasemdestaque.com\/cd\/?p=45631\",\"name\":\"Prefeitura de Sum\u00e9 d\u00e1 in\u00edcio ao Programa CASTRAPET para esteriliza\u00e7\u00e3o de c\u00e3es e gatos - Not&iacute;cias em Destaque\",\"isPartOf\":{\"@id\":\"https:\/\/noticiasemdestaque.com\/cd\/#website\"},\"primaryImageOfPage\":{\"@id\":\"https:\/\/noticiasemdestaque.com\/cd\/?p=45631#primaryimage\"},\"image\":{\"@id\":\"https:\/\/noticiasemdestaque.com\/cd\/?p=45631#primaryimage\"},\"thumbnailUrl\":\"https:\/\/noticiasemdestaque.com\/cd\/wp-content\/uploads\/2023\/01\/DSC_0194-400x255-1.jpg\",\"datePublished\":\"2023-01-19T12:08:25+00:00\",\"breadcrumb\":{\"@id\":\"https:\/\/noticiasemdestaque.com\/cd\/?p=45631#breadcrumb\"},\"inLanguage\":\"pt-BR\",\"potentialAction\":[{\"@type\":\"ReadAction\",\"target\":[\"https:\/\/noticiasemdestaque.com\/cd\/?p=45631\"]}]},{\"@type\":\"ImageObject\",\"inLanguage\":\"pt-BR\",\"@id\":\"https:\/\/noticiasemdestaque.com\/cd\/?p=45631#primaryimage\",\"url\":\"https:\/\/noticiasemdestaque.com\/cd\/wp-content\/uploads\/2023\/01\/DSC_0194-400x255-1.jpg\",\"contentUrl\":\"https:\/\/noticiasemdestaque.com\/cd\/wp-content\/uploads\/2023\/01\/DSC_0194-400x255-1.jpg\",\"width\":400,\"height\":255},{\"@type\":\"BreadcrumbList\",\"@id\":\"https:\/\/noticiasemdestaque.com\/cd\/?p=45631#breadcrumb\",\"itemListElement\":[{\"@type\":\"ListItem\",\"position\":1,\"name\":\"In\u00edcio\",\"item\":\"https:\/\/noticiasemdestaque.com\/cd\/\"},{\"@type\":\"ListItem\",\"position\":2,\"name\":\"Prefeitura de Sum\u00e9 d\u00e1 in\u00edcio ao Programa CASTRAPET para esteriliza\u00e7\u00e3o de c\u00e3es e gatos\"}]},{\"@type\":\"WebSite\",\"@id\":\"https:\/\/noticiasemdestaque.com\/cd\/#website\",\"url\":\"https:\/\/noticiasemdestaque.com\/cd\/\",\"name\":\"Not&iacute;cias em Destaque\",\"description\":\"\",\"publisher\":{\"@id\":\"https:\/\/noticiasemdestaque.com\/cd\/#organization\"},\"potentialAction\":[{\"@type\":\"SearchAction\",\"target\":{\"@type\":\"EntryPoint\",\"urlTemplate\":\"https:\/\/noticiasemdestaque.com\/cd\/?s={search_term_string}\"},\"query-input\":{\"@type\":\"PropertyValueSpecification\",\"valueRequired\":true,\"valueName\":\"search_term_string\"}}],\"inLanguage\":\"pt-BR\"},{\"@type\":\"Organization\",\"@id\":\"https:\/\/noticiasemdestaque.com\/cd\/#organization\",\"name\":\"Not\u00edcias em Destaque\",\"url\":\"https:\/\/noticiasemdestaque.com\/cd\/\",\"logo\":{\"@type\":\"ImageObject\",\"inLanguage\":\"pt-BR\",\"@id\":\"https:\/\/noticiasemdestaque.com\/cd\/#\/schema\/logo\/image\/\",\"url\":\"https:\/\/noticiasemdestaque.com\/cd\/wp-content\/uploads\/2022\/05\/imagem-base-noticiasemdestaque.png\",\"contentUrl\":\"https:\/\/noticiasemdestaque.com\/cd\/wp-content\/uploads\/2022\/05\/imagem-base-noticiasemdestaque.png\",\"width\":1200,\"height\":630,\"caption\":\"Not\u00edcias em Destaque\"},\"image\":{\"@id\":\"https:\/\/noticiasemdestaque.com\/cd\/#\/schema\/logo\/image\/\"}},{\"@type\":\"Person\",\"@id\":\"https:\/\/noticiasemdestaque.com\/cd\/#\/schema\/person\/47f7d4f55eec17c6b2ca036c5500f6ce\",\"name\":\"Not\u00edcias em Destaque\",\"url\":\"https:\/\/noticiasemdestaque.com\/cd\/?author=2\"}]}<\/script>\n<!-- \/ Yoast SEO plugin. -->","yoast_head_json":{"title":"Prefeitura de Sum\u00e9 d\u00e1 in\u00edcio ao Programa CASTRAPET para esteriliza\u00e7\u00e3o de c\u00e3es e gatos - Not&iacute;cias em Destaque","robots":{"index":"index","follow":"follow","max-snippet":"max-snippet:-1","max-image-preview":"max-image-preview:large","max-video-preview":"max-video-preview:-1"},"canonical":"https:\/\/noticiasemdestaque.com\/cd\/?p=45631","og_locale":"pt_BR","og_type":"article","og_title":"Prefeitura de Sum\u00e9 d\u00e1 in\u00edcio ao Programa CASTRAPET para esteriliza\u00e7\u00e3o de c\u00e3es e gatos - Not&iacute;cias em Destaque","og_description":"A prefeitura de Sum\u00e9 lan\u00e7ou oficialmente nessa quarta-feira, 18, o Projeto CASTRAPET. Um espa\u00e7o totalmente equipado para controlar o aumento desordenado da popula\u00e7\u00e3o de c\u00e3es e gatos do munic\u00edpio. A a\u00e7\u00e3o representa a materializa\u00e7\u00e3o do plano de governo do prefeito \u00c9den Duarte e do vice-prefeito Manezinho Louren\u00e7o. Trata-se de um projeto pioneiro na regi\u00e3o do Cariri dotado de qualidade t\u00e9cnica, interven\u00e7\u00f5es cir\u00fargicas, a\u00e7\u00f5es educativas, responsabilidades e prioridades para conter a prolifera\u00e7\u00e3o desses animais. Criado e executado no \u00e2mbito da Secretaria Municipal de Sa\u00fade, pelo m\u00e9dico veterin\u00e1rio Ricardo Morato, com o total apoio da secret\u00e1ria Tanniery Lela, o CASTRAPET ofertar\u00e1 procedimentos de avalia\u00e7\u00e3o: pr\u00e9-operat\u00f3ria, operat\u00f3ria e p\u00f3s-operat\u00f3ria de c\u00e3es e gatos, conforme diretrizes do Conselho Regional de Medicina Veterin\u00e1ria. Ele ficar\u00e1 sob a responsabilidade da Vigil\u00e2ncia Ambiental do munic\u00edpio, coordenado por Rita Dark Aquino, com o suporte cir\u00fargico do m\u00e9dico veterin\u00e1rio Armando Nunes. A secret\u00e1ria de Sa\u00fade, Taniery L\u00eala, destacou a felicidade em poder ver executado um projeto, que segundo ela, representa o resultado de um esfor\u00e7o conjunto de toda equipe t\u00e9cnica dedicada, respons\u00e1vel e alinhada com os anseios da popula\u00e7\u00e3o. \u201cO caminho foi \u00e1rduo, mas estamos aqui com a certeza de dever cumprido, entregando algo de qualidade \u00e0 popula\u00e7\u00e3o de Sum\u00e9 que ficar\u00e1 para hist\u00f3ria\u201d, disse.\u00a0 Tanniery ainda pediu a contribui\u00e7\u00e3o e engajamento da sociedade sumeense pelo bem da causa, adotando temporariamente um animal no p\u00f3s operat\u00f3rio. O ve\u00edculo Castram\u00f3vel e os equipamentos foram adquiridos via emenda do deputado Wellington Roberto, sendo o terceiro existente no estado da Para\u00edba. A gest\u00e3o municipal pretende exportar a experi\u00eancia para outras cidades. De acordo com o prefeito \u00c9den, a ideia \u00e9 que em breve seja feito um conv\u00eanio com outras prefeituras para que elas possam tamb\u00e9m aderir ao projeto e usufruir do espa\u00e7o. Na mesma solenidade, que contou com representantes do Legislativo sumeense, \u00f3rg\u00e3os municipais, populares e amantes e protetores da causa animal, \u00c9den manifestou felicidade em iniciar o ano concretizando algo t\u00e3o importante para o munic\u00edpio de Sum\u00e9. De acordo com o gestor municipal, o CASTRAPET foi pensado e planejado com a finalidade de atacar a prolifera\u00e7\u00e3o de c\u00e3es e gatos. \u201cO espa\u00e7o disp\u00f5e dos melhores equipamentos veterin\u00e1rios, como anestesia inalat\u00f3ria, utilizada para n\u00e3o furar o animal, monitor multipar\u00e2metro para monitorar os sinais vitais, tudo isso pensando na seguran\u00e7a do pet e do profissional. O programa prev\u00ea ainda a colabora\u00e7\u00e3o da sociedade para adotar e cuidar de um animal de rua, pelo menos no p\u00f3s-operat\u00f3rio, considerando que a prefeitura n\u00e3o possui uma estrutura completa para cuidar desses animais. O prefeito \u00c9den informou que j\u00e1 trabalha para viabilizar um Centro de Zoonoses para o munic\u00edpio de Sum\u00e9. O Espa\u00e7o onde funciona o CASTRAPET est\u00e1 localizado na \u00e1rea do Dnocs, que foi cedido ao munic\u00edpio de Sum\u00e9 pelo governo federal para servir como base de apoio ao Castram\u00f3vel. A popula\u00e7\u00e3o interessada na castra\u00e7\u00e3o de c\u00e3es e gatos deve realizar um cadastro na Vigil\u00e2ncia Ambiental, que fica localizada no 1\u00b0 andar do pr\u00e9dio da Farm\u00e1cia Municipal. Noticias em Destaque Fonte:\u00a0 Ascom PMS","og_url":"https:\/\/noticiasemdestaque.com\/cd\/?p=45631","og_site_name":"Not&iacute;cias em Destaque","article_published_time":"2023-01-19T12:08:25+00:00","og_image":[{"width":400,"height":255,"url":"https:\/\/noticiasemdestaque.com\/cd\/wp-content\/uploads\/2023\/01\/DSC_0194-400x255-1.jpg","type":"image\/jpeg"}],"author":"Not\u00edcias em Destaque","twitter_card":"summary_large_image","twitter_misc":{"Escrito por":"Not\u00edcias em Destaque","Est. tempo de leitura":"5 minutos"},"schema":{"@context":"https:\/\/schema.org","@graph":[{"@type":"Article","@id":"https:\/\/noticiasemdestaque.com\/cd\/?p=45631#article","isPartOf":{"@id":"https:\/\/noticiasemdestaque.com\/cd\/?p=45631"},"author":{"name":"Not\u00edcias em Destaque","@id":"https:\/\/noticiasemdestaque.com\/cd\/#\/schema\/person\/47f7d4f55eec17c6b2ca036c5500f6ce"},"headline":"Prefeitura de Sum\u00e9 d\u00e1 in\u00edcio ao Programa CASTRAPET para esteriliza\u00e7\u00e3o de c\u00e3es e gatos","datePublished":"2023-01-19T12:08:25+00:00","mainEntityOfPage":{"@id":"https:\/\/noticiasemdestaque.com\/cd\/?p=45631"},"wordCount":587,"publisher":{"@id":"https:\/\/noticiasemdestaque.com\/cd\/#organization"},"image":{"@id":"https:\/\/noticiasemdestaque.com\/cd\/?p=45631#primaryimage"},"thumbnailUrl":"https:\/\/noticiasemdestaque.com\/cd\/wp-content\/uploads\/2023\/01\/DSC_0194-400x255-1.jpg","articleSection":["Cidades"],"inLanguage":"pt-BR"},{"@type":"WebPage","@id":"https:\/\/noticiasemdestaque.com\/cd\/?p=45631","url":"https:\/\/noticiasemdestaque.com\/cd\/?p=45631","name":"Prefeitura de Sum\u00e9 d\u00e1 in\u00edcio ao Programa CASTRAPET para esteriliza\u00e7\u00e3o de c\u00e3es e gatos - Not&iacute;cias em Destaque","isPartOf":{"@id":"https:\/\/noticiasemdestaque.com\/cd\/#website"},"primaryImageOfPage":{"@id":"https:\/\/noticiasemdestaque.com\/cd\/?p=45631#primaryimage"},"image":{"@id":"https:\/\/noticiasemdestaque.com\/cd\/?p=45631#primaryimage"},"thumbnailUrl":"https:\/\/noticiasemdestaque.com\/cd\/wp-content\/uploads\/2023\/01\/DSC_0194-400x255-1.jpg","datePublished":"2023-01-19T12:08:25+00:00","breadcrumb":{"@id":"https:\/\/noticiasemdestaque.com\/cd\/?p=45631#breadcrumb"},"inLanguage":"pt-BR","potentialAction":[{"@type":"ReadAction","target":["https:\/\/noticiasemdestaque.com\/cd\/?p=45631"]}]},{"@type":"ImageObject","inLanguage":"pt-BR","@id":"https:\/\/noticiasemdestaque.com\/cd\/?p=45631#primaryimage","url":"https:\/\/noticiasemdestaque.com\/cd\/wp-content\/uploads\/2023\/01\/DSC_0194-400x255-1.jpg","contentUrl":"https:\/\/noticiasemdestaque.com\/cd\/wp-content\/uploads\/2023\/01\/DSC_0194-400x255-1.jpg","width":400,"height":255},{"@type":"BreadcrumbList","@id":"https:\/\/noticiasemdestaque.com\/cd\/?p=45631#breadcrumb","itemListElement":[{"@type":"ListItem","position":1,"name":"In\u00edcio","item":"https:\/\/noticiasemdestaque.com\/cd\/"},{"@type":"ListItem","position":2,"name":"Prefeitura de Sum\u00e9 d\u00e1 in\u00edcio ao Programa CASTRAPET para esteriliza\u00e7\u00e3o de c\u00e3es e gatos"}]},{"@type":"WebSite","@id":"https:\/\/noticiasemdestaque.com\/cd\/#website","url":"https:\/\/noticiasemdestaque.com\/cd\/","name":"Not&iacute;cias em Destaque","description":"","publisher":{"@id":"https:\/\/noticiasemdestaque.com\/cd\/#organization"},"potentialAction":[{"@type":"SearchAction","target":{"@type":"EntryPoint","urlTemplate":"https:\/\/noticiasemdestaque.com\/cd\/?s={search_term_string}"},"query-input":{"@type":"PropertyValueSpecification","valueRequired":true,"valueName":"search_term_string"}}],"inLanguage":"pt-BR"},{"@type":"Organization","@id":"https:\/\/noticiasemdestaque.com\/cd\/#organization","name":"Not\u00edcias em Destaque","url":"https:\/\/noticiasemdestaque.com\/cd\/","logo":{"@type":"ImageObject","inLanguage":"pt-BR","@id":"https:\/\/noticiasemdestaque.com\/cd\/#\/schema\/logo\/image\/","url":"https:\/\/noticiasemdestaque.com\/cd\/wp-content\/uploads\/2022\/05\/imagem-base-noticiasemdestaque.png","contentUrl":"https:\/\/noticiasemdestaque.com\/cd\/wp-content\/uploads\/2022\/05\/imagem-base-noticiasemdestaque.png","width":1200,"height":630,"caption":"Not\u00edcias em Destaque"},"image":{"@id":"https:\/\/noticiasemdestaque.com\/cd\/#\/schema\/logo\/image\/"}},{"@type":"Person","@id":"https:\/\/noticiasemdestaque.com\/cd\/#\/schema\/person\/47f7d4f55eec17c6b2ca036c5500f6ce","name":"Not\u00edcias em Destaque","url":"https:\/\/noticiasemdestaque.com\/cd\/?author=2"}]}},"jetpack_featured_media_url":"https:\/\/noticiasemdestaque.com\/cd\/wp-content\/uploads\/2023\/01\/DSC_0194-400x255-1.jpg","jetpack_sharing_enabled":true,"_links":{"self":[{"href":"https:\/\/noticiasemdestaque.com\/cd\/index.php?rest_route=\/wp\/v2\/posts\/45631","targetHints":{"allow":["GET"]}}],"collection":[{"href":"https:\/\/noticiasemdestaque.com\/cd\/index.php?rest_route=\/wp\/v2\/posts"}],"about":[{"href":"https:\/\/noticiasemdestaque.com\/cd\/index.php?rest_route=\/wp\/v2\/types\/post"}],"author":[{"embeddable":true,"href":"https:\/\/noticiasemdestaque.com\/cd\/index.php?rest_route=\/wp\/v2\/users\/2"}],"replies":[{"embeddable":true,"href":"https:\/\/noticiasemdestaque.com\/cd\/index.php?rest_route=%2Fwp%2Fv2%2Fcomments&post=45631"}],"version-history":[{"count":1,"href":"https:\/\/noticiasemdestaque.com\/cd\/index.php?rest_route=\/wp\/v2\/posts\/45631\/revisions"}],"predecessor-version":[{"id":45633,"href":"https:\/\/noticiasemdestaque.com\/cd\/index.php?rest_route=\/wp\/v2\/posts\/45631\/revisions\/45633"}],"wp:featuredmedia":[{"embeddable":true,"href":"https:\/\/noticiasemdestaque.com\/cd\/index.php?rest_route=\/wp\/v2\/media\/45632"}],"wp:attachment":[{"href":"https:\/\/noticiasemdestaque.com\/cd\/index.php?rest_route=%2Fwp%2Fv2%2Fmedia&parent=45631"}],"wp:term":[{"taxonomy":"category","embeddable":true,"href":"https:\/\/noticiasemdestaque.com\/cd\/index.php?rest_route=%2Fwp%2Fv2%2Fcategories&post=45631"},{"taxonomy":"post_tag","embeddable":true,"href":"https:\/\/noticiasemdestaque.com\/cd\/index.php?rest_route=%2Fwp%2Fv2%2Ftags&post=45631"}],"curies":[{"name":"wp","href":"https:\/\/api.w.org\/{rel}","templated":true}]}}