{"id":45615,"date":"2023-01-18T21:12:30","date_gmt":"2023-01-19T00:12:30","guid":{"rendered":"https:\/\/noticiasemdestaque.com\/cd\/?p=45615"},"modified":"2023-01-18T21:14:12","modified_gmt":"2023-01-19T00:14:12","slug":"ouro-velho-comemora-aniversario-de-62-anos-de-emancipacao-politica-com-a-entrega-de-obras-anuncio-de-investimentos-e-shows-musicais","status":"publish","type":"post","link":"https:\/\/noticiasemdestaque.com\/cd\/?p=45615","title":{"rendered":"Ouro Velho comemora anivers\u00e1rio de 62 anos de Emancipa\u00e7\u00e3o Pol\u00edtica com a entrega de obras, an\u00fancio de investimentos e shows musicais"},"content":{"rendered":"<p><a href=\"https:\/\/noticiasemdestaque.com\/cd\/wp-content\/uploads\/2023\/01\/DSC_0227.jpg\"><img fetchpriority=\"high\" decoding=\"async\" class=\"alignnone size-medium wp-image-45617\" src=\"https:\/\/noticiasemdestaque.com\/cd\/wp-content\/uploads\/2023\/01\/DSC_0227-300x199.jpg\" alt=\"\" width=\"300\" height=\"199\" srcset=\"https:\/\/noticiasemdestaque.com\/cd\/wp-content\/uploads\/2023\/01\/DSC_0227-300x199.jpg 300w, https:\/\/noticiasemdestaque.com\/cd\/wp-content\/uploads\/2023\/01\/DSC_0227-1024x681.jpg 1024w, https:\/\/noticiasemdestaque.com\/cd\/wp-content\/uploads\/2023\/01\/DSC_0227-768x510.jpg 768w, https:\/\/noticiasemdestaque.com\/cd\/wp-content\/uploads\/2023\/01\/DSC_0227-18x12.jpg 18w, https:\/\/noticiasemdestaque.com\/cd\/wp-content\/uploads\/2023\/01\/DSC_0227.jpg 1300w\" sizes=\"(max-width: 300px) 100vw, 300px\" \/><\/a><a href=\"https:\/\/noticiasemdestaque.com\/cd\/wp-content\/uploads\/2023\/01\/DSC_0218.jpg\"><img decoding=\"async\" class=\"alignnone size-medium wp-image-45616\" src=\"https:\/\/noticiasemdestaque.com\/cd\/wp-content\/uploads\/2023\/01\/DSC_0218-300x199.jpg\" alt=\"\" width=\"300\" height=\"199\" srcset=\"https:\/\/noticiasemdestaque.com\/cd\/wp-content\/uploads\/2023\/01\/DSC_0218-300x199.jpg 300w, https:\/\/noticiasemdestaque.com\/cd\/wp-content\/uploads\/2023\/01\/DSC_0218-1024x681.jpg 1024w, https:\/\/noticiasemdestaque.com\/cd\/wp-content\/uploads\/2023\/01\/DSC_0218-768x510.jpg 768w, https:\/\/noticiasemdestaque.com\/cd\/wp-content\/uploads\/2023\/01\/DSC_0218-18x12.jpg 18w, https:\/\/noticiasemdestaque.com\/cd\/wp-content\/uploads\/2023\/01\/DSC_0218.jpg 1300w\" sizes=\"(max-width: 300px) 100vw, 300px\" \/><\/a><\/p>\n<p>Dando continuidade \u00e0 programa\u00e7\u00e3o alusiva aos aos 62 anos de Emancipa\u00e7\u00e3o Pol\u00edtica do munic\u00edpio de Ouro Velho, iniciada no \u00faltimo domingo (15), uma extensa agenda foi realizada na manh\u00e3 desta quarta-feira (18).<\/p>\n<p><a href=\"https:\/\/noticiasemdestaque.com\/cd\/wp-content\/uploads\/2023\/01\/IMG_9744.jpg\"><img decoding=\"async\" class=\"alignnone size-medium wp-image-45624\" src=\"https:\/\/noticiasemdestaque.com\/cd\/wp-content\/uploads\/2023\/01\/IMG_9744-300x200.jpg\" alt=\"\" width=\"300\" height=\"200\" srcset=\"https:\/\/noticiasemdestaque.com\/cd\/wp-content\/uploads\/2023\/01\/IMG_9744-300x200.jpg 300w, https:\/\/noticiasemdestaque.com\/cd\/wp-content\/uploads\/2023\/01\/IMG_9744-1024x683.jpg 1024w, https:\/\/noticiasemdestaque.com\/cd\/wp-content\/uploads\/2023\/01\/IMG_9744-768x512.jpg 768w, https:\/\/noticiasemdestaque.com\/cd\/wp-content\/uploads\/2023\/01\/IMG_9744-18x12.jpg 18w, https:\/\/noticiasemdestaque.com\/cd\/wp-content\/uploads\/2023\/01\/IMG_9744.jpg 1300w\" sizes=\"(max-width: 300px) 100vw, 300px\" \/><\/a><a href=\"https:\/\/noticiasemdestaque.com\/cd\/wp-content\/uploads\/2023\/01\/IMG_0116.jpg\"><img loading=\"lazy\" decoding=\"async\" class=\"alignnone size-medium wp-image-45623\" src=\"https:\/\/noticiasemdestaque.com\/cd\/wp-content\/uploads\/2023\/01\/IMG_0116-300x200.jpg\" alt=\"\" width=\"300\" height=\"200\" srcset=\"https:\/\/noticiasemdestaque.com\/cd\/wp-content\/uploads\/2023\/01\/IMG_0116-300x200.jpg 300w, https:\/\/noticiasemdestaque.com\/cd\/wp-content\/uploads\/2023\/01\/IMG_0116-1024x683.jpg 1024w, https:\/\/noticiasemdestaque.com\/cd\/wp-content\/uploads\/2023\/01\/IMG_0116-768x512.jpg 768w, https:\/\/noticiasemdestaque.com\/cd\/wp-content\/uploads\/2023\/01\/IMG_0116-18x12.jpg 18w, https:\/\/noticiasemdestaque.com\/cd\/wp-content\/uploads\/2023\/01\/IMG_0116.jpg 1300w\" sizes=\"(max-width: 300px) 100vw, 300px\" \/><\/a><\/p>\n<p>O evento iniciou com o caf\u00e9 da manh\u00e3 na Prefeitura, logo ap\u00f3s a inaugura\u00e7\u00e3o da Passagem Molhada no S\u00edtio Bar\u00f5es, Ruas Municipais e do PSF \u201cUbiragival Nunes de Menezes\u201d e assinatura de ordens de servi\u00e7o da Creche Municipal e diversos Cal\u00e7amentos.<\/p>\n<p><a href=\"https:\/\/noticiasemdestaque.com\/cd\/wp-content\/uploads\/2023\/01\/IMG_0008.jpg\"><img loading=\"lazy\" decoding=\"async\" class=\"size-medium wp-image-45618 aligncenter\" src=\"https:\/\/noticiasemdestaque.com\/cd\/wp-content\/uploads\/2023\/01\/IMG_0008-300x200.jpg\" alt=\"\" width=\"300\" height=\"200\" srcset=\"https:\/\/noticiasemdestaque.com\/cd\/wp-content\/uploads\/2023\/01\/IMG_0008-300x200.jpg 300w, https:\/\/noticiasemdestaque.com\/cd\/wp-content\/uploads\/2023\/01\/IMG_0008-1024x683.jpg 1024w, https:\/\/noticiasemdestaque.com\/cd\/wp-content\/uploads\/2023\/01\/IMG_0008-768x512.jpg 768w, https:\/\/noticiasemdestaque.com\/cd\/wp-content\/uploads\/2023\/01\/IMG_0008-18x12.jpg 18w, https:\/\/noticiasemdestaque.com\/cd\/wp-content\/uploads\/2023\/01\/IMG_0008.jpg 1300w\" sizes=\"(max-width: 300px) 100vw, 300px\" \/><\/a><\/p>\n<p>O prefeito Dr. Augusto Valadares, o vice-prefeito Paulo J\u00fanior, o l\u00edder pol\u00edtico Dr. Junior e demais autoridades estiveram visitando as obras da Quadra, Gin\u00e1sio, Asfalto, PSF \u201cMabel Dantas\u201d, Cinema\/Audit\u00f3rio\/Teatro e Creche Federal.<\/p>\n<p><a href=\"https:\/\/noticiasemdestaque.com\/cd\/wp-content\/uploads\/2023\/01\/IMG_0053.jpg\"><img loading=\"lazy\" decoding=\"async\" class=\"size-medium wp-image-45620 aligncenter\" src=\"https:\/\/noticiasemdestaque.com\/cd\/wp-content\/uploads\/2023\/01\/IMG_0053-300x200.jpg\" alt=\"\" width=\"300\" height=\"200\" srcset=\"https:\/\/noticiasemdestaque.com\/cd\/wp-content\/uploads\/2023\/01\/IMG_0053-300x200.jpg 300w, https:\/\/noticiasemdestaque.com\/cd\/wp-content\/uploads\/2023\/01\/IMG_0053-1024x683.jpg 1024w, https:\/\/noticiasemdestaque.com\/cd\/wp-content\/uploads\/2023\/01\/IMG_0053-768x512.jpg 768w, https:\/\/noticiasemdestaque.com\/cd\/wp-content\/uploads\/2023\/01\/IMG_0053-18x12.jpg 18w, https:\/\/noticiasemdestaque.com\/cd\/wp-content\/uploads\/2023\/01\/IMG_0053.jpg 1300w\" sizes=\"(max-width: 300px) 100vw, 300px\" \/><\/a><\/p>\n<p>Na oportunidade, o prefeito Augusto Valadares realizou o an\u00fancio do mais R$ 2 milh\u00f5es em obras.<\/p>\n<p>\u00c0 noite est\u00e1 acontecendo os shows com Z\u00e9 Cantor, Taty Girl, Tayrone e Vitor Fernandes, os shows acontecem no est\u00e1dio municipal da cidade com entrada gratuita.<\/p>\n<p>Confira todas as fotos: <a href=\"https:\/\/www.facebook.com\/media\/set\/?vanity=noticiasemdestaqueND&amp;set=a.903439807592841&amp;__cft__[0]=AZX0Mu2rkL_A07I9cvMc7hhWWx_Rrcw3u-VbvTjeRYaFdXvF6qUuz5PZUPnS3H_pD1fZCgREaDsgYWZvyEEMP3PVpgvzJK25KjxqYNmZgJfits8wiVMlMDHOtLM1SFPc8yjk0vaC1VUDVXNtOIkjOYx0l0Pxt_-Gs04Rr-6LqPpKIh_gUwGPOIS-bB71xV10vK8&amp;__tn__=-R\"><strong>Click Aqui\u00a0<\/strong><\/a><\/p>\n<p><em><strong>Not\u00edcias em Destaque<\/strong><\/em><\/p>\n","protected":false},"excerpt":{"rendered":"<p>Dando continuidade \u00e0 programa\u00e7\u00e3o alusiva aos aos 62 anos de Emancipa\u00e7\u00e3o Pol\u00edtica do munic\u00edpio de Ouro Velho, iniciada no \u00faltimo domingo (15), uma extensa agenda foi realizada na manh\u00e3 desta quarta-feira (18). O evento iniciou com o caf\u00e9 da manh\u00e3 na Prefeitura, logo ap\u00f3s a inaugura\u00e7\u00e3o da Passagem Molhada no S\u00edtio Bar\u00f5es, Ruas Municipais e do PSF \u201cUbiragival Nunes de Menezes\u201d e assinatura de ordens de servi\u00e7o da Creche Municipal e diversos Cal\u00e7amentos. O prefeito Dr. Augusto Valadares, o vice-prefeito Paulo J\u00fanior, o l\u00edder pol\u00edtico Dr. Junior e demais autoridades estiveram visitando as obras da Quadra, Gin\u00e1sio, Asfalto, PSF \u201cMabel Dantas\u201d, Cinema\/Audit\u00f3rio\/Teatro e Creche Federal. Na oportunidade, o prefeito Augusto Valadares realizou o an\u00fancio do mais R$ 2 milh\u00f5es em obras. \u00c0 noite est\u00e1 acontecendo os shows com Z\u00e9 Cantor, Taty Girl, Tayrone e Vitor Fernandes, os shows acontecem no est\u00e1dio municipal da cidade com entrada gratuita. Confira todas as fotos: Click Aqui\u00a0 Not\u00edcias em Destaque<\/p>\n","protected":false},"author":2,"featured_media":45617,"comment_status":"closed","ping_status":"open","sticky":false,"template":"","format":"standard","meta":{"_eb_attr":"","_jetpack_memberships_contains_paid_content":false,"footnotes":""},"categories":[3],"tags":[],"class_list":["post-45615","post","type-post","status-publish","format-standard","has-post-thumbnail","hentry","category-cidades"],"yoast_head":"<!-- This site is optimized with the Yoast SEO plugin v26.5 - https:\/\/yoast.com\/wordpress\/plugins\/seo\/ -->\n<title>Ouro Velho comemora anivers\u00e1rio de 62 anos de Emancipa\u00e7\u00e3o Pol\u00edtica com a entrega de obras, an\u00fancio de investimentos e shows musicais - Not&iacute;cias em Destaque<\/title>\n<meta name=\"robots\" content=\"index, follow, max-snippet:-1, max-image-preview:large, max-video-preview:-1\" \/>\n<link rel=\"canonical\" href=\"https:\/\/noticiasemdestaque.com\/cd\/?p=45615\" \/>\n<meta property=\"og:locale\" content=\"pt_BR\" \/>\n<meta property=\"og:type\" content=\"article\" \/>\n<meta property=\"og:title\" content=\"Ouro Velho comemora anivers\u00e1rio de 62 anos de Emancipa\u00e7\u00e3o Pol\u00edtica com a entrega de obras, an\u00fancio de investimentos e shows musicais - Not&iacute;cias em Destaque\" \/>\n<meta property=\"og:description\" content=\"Dando continuidade \u00e0 programa\u00e7\u00e3o alusiva aos aos 62 anos de Emancipa\u00e7\u00e3o Pol\u00edtica do munic\u00edpio de Ouro Velho, iniciada no \u00faltimo domingo (15), uma extensa agenda foi realizada na manh\u00e3 desta quarta-feira (18). O evento iniciou com o caf\u00e9 da manh\u00e3 na Prefeitura, logo ap\u00f3s a inaugura\u00e7\u00e3o da Passagem Molhada no S\u00edtio Bar\u00f5es, Ruas Municipais e do PSF \u201cUbiragival Nunes de Menezes\u201d e assinatura de ordens de servi\u00e7o da Creche Municipal e diversos Cal\u00e7amentos. O prefeito Dr. Augusto Valadares, o vice-prefeito Paulo J\u00fanior, o l\u00edder pol\u00edtico Dr. Junior e demais autoridades estiveram visitando as obras da Quadra, Gin\u00e1sio, Asfalto, PSF \u201cMabel Dantas\u201d, Cinema\/Audit\u00f3rio\/Teatro e Creche Federal. Na oportunidade, o prefeito Augusto Valadares realizou o an\u00fancio do mais R$ 2 milh\u00f5es em obras. \u00c0 noite est\u00e1 acontecendo os shows com Z\u00e9 Cantor, Taty Girl, Tayrone e Vitor Fernandes, os shows acontecem no est\u00e1dio municipal da cidade com entrada gratuita. Confira todas as fotos: Click Aqui\u00a0 Not\u00edcias em Destaque\" \/>\n<meta property=\"og:url\" content=\"https:\/\/noticiasemdestaque.com\/cd\/?p=45615\" \/>\n<meta property=\"og:site_name\" content=\"Not&iacute;cias em Destaque\" \/>\n<meta property=\"article:published_time\" content=\"2023-01-19T00:12:30+00:00\" \/>\n<meta property=\"article:modified_time\" content=\"2023-01-19T00:14:12+00:00\" \/>\n<meta property=\"og:image\" content=\"https:\/\/noticiasemdestaque.com\/cd\/wp-content\/uploads\/2023\/01\/DSC_0227.jpg\" \/>\n\t<meta property=\"og:image:width\" content=\"1300\" \/>\n\t<meta property=\"og:image:height\" content=\"864\" \/>\n\t<meta property=\"og:image:type\" content=\"image\/jpeg\" \/>\n<meta name=\"author\" content=\"Not\u00edcias em Destaque\" \/>\n<meta name=\"twitter:card\" content=\"summary_large_image\" \/>\n<meta name=\"twitter:label1\" content=\"Escrito por\" \/>\n\t<meta name=\"twitter:data1\" content=\"Not\u00edcias em Destaque\" \/>\n\t<meta name=\"twitter:label2\" content=\"Est. tempo de leitura\" \/>\n\t<meta name=\"twitter:data2\" content=\"3 minutos\" \/>\n<script type=\"application\/ld+json\" class=\"yoast-schema-graph\">{\"@context\":\"https:\/\/schema.org\",\"@graph\":[{\"@type\":\"Article\",\"@id\":\"https:\/\/noticiasemdestaque.com\/cd\/?p=45615#article\",\"isPartOf\":{\"@id\":\"https:\/\/noticiasemdestaque.com\/cd\/?p=45615\"},\"author\":{\"name\":\"Not\u00edcias em Destaque\",\"@id\":\"https:\/\/noticiasemdestaque.com\/cd\/#\/schema\/person\/47f7d4f55eec17c6b2ca036c5500f6ce\"},\"headline\":\"Ouro Velho comemora anivers\u00e1rio de 62 anos de Emancipa\u00e7\u00e3o Pol\u00edtica com a entrega de obras, an\u00fancio de investimentos e shows musicais\",\"datePublished\":\"2023-01-19T00:12:30+00:00\",\"dateModified\":\"2023-01-19T00:14:12+00:00\",\"mainEntityOfPage\":{\"@id\":\"https:\/\/noticiasemdestaque.com\/cd\/?p=45615\"},\"wordCount\":195,\"publisher\":{\"@id\":\"https:\/\/noticiasemdestaque.com\/cd\/#organization\"},\"image\":{\"@id\":\"https:\/\/noticiasemdestaque.com\/cd\/?p=45615#primaryimage\"},\"thumbnailUrl\":\"https:\/\/noticiasemdestaque.com\/cd\/wp-content\/uploads\/2023\/01\/DSC_0227.jpg\",\"articleSection\":[\"Cidades\"],\"inLanguage\":\"pt-BR\"},{\"@type\":\"WebPage\",\"@id\":\"https:\/\/noticiasemdestaque.com\/cd\/?p=45615\",\"url\":\"https:\/\/noticiasemdestaque.com\/cd\/?p=45615\",\"name\":\"Ouro Velho comemora anivers\u00e1rio de 62 anos de Emancipa\u00e7\u00e3o Pol\u00edtica com a entrega de obras, an\u00fancio de investimentos e shows musicais - Not&iacute;cias em Destaque\",\"isPartOf\":{\"@id\":\"https:\/\/noticiasemdestaque.com\/cd\/#website\"},\"primaryImageOfPage\":{\"@id\":\"https:\/\/noticiasemdestaque.com\/cd\/?p=45615#primaryimage\"},\"image\":{\"@id\":\"https:\/\/noticiasemdestaque.com\/cd\/?p=45615#primaryimage\"},\"thumbnailUrl\":\"https:\/\/noticiasemdestaque.com\/cd\/wp-content\/uploads\/2023\/01\/DSC_0227.jpg\",\"datePublished\":\"2023-01-19T00:12:30+00:00\",\"dateModified\":\"2023-01-19T00:14:12+00:00\",\"breadcrumb\":{\"@id\":\"https:\/\/noticiasemdestaque.com\/cd\/?p=45615#breadcrumb\"},\"inLanguage\":\"pt-BR\",\"potentialAction\":[{\"@type\":\"ReadAction\",\"target\":[\"https:\/\/noticiasemdestaque.com\/cd\/?p=45615\"]}]},{\"@type\":\"ImageObject\",\"inLanguage\":\"pt-BR\",\"@id\":\"https:\/\/noticiasemdestaque.com\/cd\/?p=45615#primaryimage\",\"url\":\"https:\/\/noticiasemdestaque.com\/cd\/wp-content\/uploads\/2023\/01\/DSC_0227.jpg\",\"contentUrl\":\"https:\/\/noticiasemdestaque.com\/cd\/wp-content\/uploads\/2023\/01\/DSC_0227.jpg\",\"width\":1300,\"height\":864},{\"@type\":\"BreadcrumbList\",\"@id\":\"https:\/\/noticiasemdestaque.com\/cd\/?p=45615#breadcrumb\",\"itemListElement\":[{\"@type\":\"ListItem\",\"position\":1,\"name\":\"In\u00edcio\",\"item\":\"https:\/\/noticiasemdestaque.com\/cd\/\"},{\"@type\":\"ListItem\",\"position\":2,\"name\":\"Ouro Velho comemora anivers\u00e1rio de 62 anos de Emancipa\u00e7\u00e3o Pol\u00edtica com a entrega de obras, an\u00fancio de investimentos e shows musicais\"}]},{\"@type\":\"WebSite\",\"@id\":\"https:\/\/noticiasemdestaque.com\/cd\/#website\",\"url\":\"https:\/\/noticiasemdestaque.com\/cd\/\",\"name\":\"Not&iacute;cias em Destaque\",\"description\":\"\",\"publisher\":{\"@id\":\"https:\/\/noticiasemdestaque.com\/cd\/#organization\"},\"potentialAction\":[{\"@type\":\"SearchAction\",\"target\":{\"@type\":\"EntryPoint\",\"urlTemplate\":\"https:\/\/noticiasemdestaque.com\/cd\/?s={search_term_string}\"},\"query-input\":{\"@type\":\"PropertyValueSpecification\",\"valueRequired\":true,\"valueName\":\"search_term_string\"}}],\"inLanguage\":\"pt-BR\"},{\"@type\":\"Organization\",\"@id\":\"https:\/\/noticiasemdestaque.com\/cd\/#organization\",\"name\":\"Not\u00edcias em Destaque\",\"url\":\"https:\/\/noticiasemdestaque.com\/cd\/\",\"logo\":{\"@type\":\"ImageObject\",\"inLanguage\":\"pt-BR\",\"@id\":\"https:\/\/noticiasemdestaque.com\/cd\/#\/schema\/logo\/image\/\",\"url\":\"https:\/\/noticiasemdestaque.com\/cd\/wp-content\/uploads\/2022\/05\/imagem-base-noticiasemdestaque.png\",\"contentUrl\":\"https:\/\/noticiasemdestaque.com\/cd\/wp-content\/uploads\/2022\/05\/imagem-base-noticiasemdestaque.png\",\"width\":1200,\"height\":630,\"caption\":\"Not\u00edcias em Destaque\"},\"image\":{\"@id\":\"https:\/\/noticiasemdestaque.com\/cd\/#\/schema\/logo\/image\/\"}},{\"@type\":\"Person\",\"@id\":\"https:\/\/noticiasemdestaque.com\/cd\/#\/schema\/person\/47f7d4f55eec17c6b2ca036c5500f6ce\",\"name\":\"Not\u00edcias em Destaque\",\"url\":\"https:\/\/noticiasemdestaque.com\/cd\/?author=2\"}]}<\/script>\n<!-- \/ Yoast SEO plugin. -->","yoast_head_json":{"title":"Ouro Velho comemora anivers\u00e1rio de 62 anos de Emancipa\u00e7\u00e3o Pol\u00edtica com a entrega de obras, an\u00fancio de investimentos e shows musicais - Not&iacute;cias em Destaque","robots":{"index":"index","follow":"follow","max-snippet":"max-snippet:-1","max-image-preview":"max-image-preview:large","max-video-preview":"max-video-preview:-1"},"canonical":"https:\/\/noticiasemdestaque.com\/cd\/?p=45615","og_locale":"pt_BR","og_type":"article","og_title":"Ouro Velho comemora anivers\u00e1rio de 62 anos de Emancipa\u00e7\u00e3o Pol\u00edtica com a entrega de obras, an\u00fancio de investimentos e shows musicais - Not&iacute;cias em Destaque","og_description":"Dando continuidade \u00e0 programa\u00e7\u00e3o alusiva aos aos 62 anos de Emancipa\u00e7\u00e3o Pol\u00edtica do munic\u00edpio de Ouro Velho, iniciada no \u00faltimo domingo (15), uma extensa agenda foi realizada na manh\u00e3 desta quarta-feira (18). O evento iniciou com o caf\u00e9 da manh\u00e3 na Prefeitura, logo ap\u00f3s a inaugura\u00e7\u00e3o da Passagem Molhada no S\u00edtio Bar\u00f5es, Ruas Municipais e do PSF \u201cUbiragival Nunes de Menezes\u201d e assinatura de ordens de servi\u00e7o da Creche Municipal e diversos Cal\u00e7amentos. O prefeito Dr. Augusto Valadares, o vice-prefeito Paulo J\u00fanior, o l\u00edder pol\u00edtico Dr. Junior e demais autoridades estiveram visitando as obras da Quadra, Gin\u00e1sio, Asfalto, PSF \u201cMabel Dantas\u201d, Cinema\/Audit\u00f3rio\/Teatro e Creche Federal. Na oportunidade, o prefeito Augusto Valadares realizou o an\u00fancio do mais R$ 2 milh\u00f5es em obras. \u00c0 noite est\u00e1 acontecendo os shows com Z\u00e9 Cantor, Taty Girl, Tayrone e Vitor Fernandes, os shows acontecem no est\u00e1dio municipal da cidade com entrada gratuita. Confira todas as fotos: Click Aqui\u00a0 Not\u00edcias em Destaque","og_url":"https:\/\/noticiasemdestaque.com\/cd\/?p=45615","og_site_name":"Not&iacute;cias em Destaque","article_published_time":"2023-01-19T00:12:30+00:00","article_modified_time":"2023-01-19T00:14:12+00:00","og_image":[{"width":1300,"height":864,"url":"https:\/\/noticiasemdestaque.com\/cd\/wp-content\/uploads\/2023\/01\/DSC_0227.jpg","type":"image\/jpeg"}],"author":"Not\u00edcias em Destaque","twitter_card":"summary_large_image","twitter_misc":{"Escrito por":"Not\u00edcias em Destaque","Est. tempo de leitura":"3 minutos"},"schema":{"@context":"https:\/\/schema.org","@graph":[{"@type":"Article","@id":"https:\/\/noticiasemdestaque.com\/cd\/?p=45615#article","isPartOf":{"@id":"https:\/\/noticiasemdestaque.com\/cd\/?p=45615"},"author":{"name":"Not\u00edcias em Destaque","@id":"https:\/\/noticiasemdestaque.com\/cd\/#\/schema\/person\/47f7d4f55eec17c6b2ca036c5500f6ce"},"headline":"Ouro Velho comemora anivers\u00e1rio de 62 anos de Emancipa\u00e7\u00e3o Pol\u00edtica com a entrega de obras, an\u00fancio de investimentos e shows musicais","datePublished":"2023-01-19T00:12:30+00:00","dateModified":"2023-01-19T00:14:12+00:00","mainEntityOfPage":{"@id":"https:\/\/noticiasemdestaque.com\/cd\/?p=45615"},"wordCount":195,"publisher":{"@id":"https:\/\/noticiasemdestaque.com\/cd\/#organization"},"image":{"@id":"https:\/\/noticiasemdestaque.com\/cd\/?p=45615#primaryimage"},"thumbnailUrl":"https:\/\/noticiasemdestaque.com\/cd\/wp-content\/uploads\/2023\/01\/DSC_0227.jpg","articleSection":["Cidades"],"inLanguage":"pt-BR"},{"@type":"WebPage","@id":"https:\/\/noticiasemdestaque.com\/cd\/?p=45615","url":"https:\/\/noticiasemdestaque.com\/cd\/?p=45615","name":"Ouro Velho comemora anivers\u00e1rio de 62 anos de Emancipa\u00e7\u00e3o Pol\u00edtica com a entrega de obras, an\u00fancio de investimentos e shows musicais - Not&iacute;cias em Destaque","isPartOf":{"@id":"https:\/\/noticiasemdestaque.com\/cd\/#website"},"primaryImageOfPage":{"@id":"https:\/\/noticiasemdestaque.com\/cd\/?p=45615#primaryimage"},"image":{"@id":"https:\/\/noticiasemdestaque.com\/cd\/?p=45615#primaryimage"},"thumbnailUrl":"https:\/\/noticiasemdestaque.com\/cd\/wp-content\/uploads\/2023\/01\/DSC_0227.jpg","datePublished":"2023-01-19T00:12:30+00:00","dateModified":"2023-01-19T00:14:12+00:00","breadcrumb":{"@id":"https:\/\/noticiasemdestaque.com\/cd\/?p=45615#breadcrumb"},"inLanguage":"pt-BR","potentialAction":[{"@type":"ReadAction","target":["https:\/\/noticiasemdestaque.com\/cd\/?p=45615"]}]},{"@type":"ImageObject","inLanguage":"pt-BR","@id":"https:\/\/noticiasemdestaque.com\/cd\/?p=45615#primaryimage","url":"https:\/\/noticiasemdestaque.com\/cd\/wp-content\/uploads\/2023\/01\/DSC_0227.jpg","contentUrl":"https:\/\/noticiasemdestaque.com\/cd\/wp-content\/uploads\/2023\/01\/DSC_0227.jpg","width":1300,"height":864},{"@type":"BreadcrumbList","@id":"https:\/\/noticiasemdestaque.com\/cd\/?p=45615#breadcrumb","itemListElement":[{"@type":"ListItem","position":1,"name":"In\u00edcio","item":"https:\/\/noticiasemdestaque.com\/cd\/"},{"@type":"ListItem","position":2,"name":"Ouro Velho comemora anivers\u00e1rio de 62 anos de Emancipa\u00e7\u00e3o Pol\u00edtica com a entrega de obras, an\u00fancio de investimentos e shows musicais"}]},{"@type":"WebSite","@id":"https:\/\/noticiasemdestaque.com\/cd\/#website","url":"https:\/\/noticiasemdestaque.com\/cd\/","name":"Not&iacute;cias em Destaque","description":"","publisher":{"@id":"https:\/\/noticiasemdestaque.com\/cd\/#organization"},"potentialAction":[{"@type":"SearchAction","target":{"@type":"EntryPoint","urlTemplate":"https:\/\/noticiasemdestaque.com\/cd\/?s={search_term_string}"},"query-input":{"@type":"PropertyValueSpecification","valueRequired":true,"valueName":"search_term_string"}}],"inLanguage":"pt-BR"},{"@type":"Organization","@id":"https:\/\/noticiasemdestaque.com\/cd\/#organization","name":"Not\u00edcias em Destaque","url":"https:\/\/noticiasemdestaque.com\/cd\/","logo":{"@type":"ImageObject","inLanguage":"pt-BR","@id":"https:\/\/noticiasemdestaque.com\/cd\/#\/schema\/logo\/image\/","url":"https:\/\/noticiasemdestaque.com\/cd\/wp-content\/uploads\/2022\/05\/imagem-base-noticiasemdestaque.png","contentUrl":"https:\/\/noticiasemdestaque.com\/cd\/wp-content\/uploads\/2022\/05\/imagem-base-noticiasemdestaque.png","width":1200,"height":630,"caption":"Not\u00edcias em Destaque"},"image":{"@id":"https:\/\/noticiasemdestaque.com\/cd\/#\/schema\/logo\/image\/"}},{"@type":"Person","@id":"https:\/\/noticiasemdestaque.com\/cd\/#\/schema\/person\/47f7d4f55eec17c6b2ca036c5500f6ce","name":"Not\u00edcias em Destaque","url":"https:\/\/noticiasemdestaque.com\/cd\/?author=2"}]}},"jetpack_featured_media_url":"https:\/\/noticiasemdestaque.com\/cd\/wp-content\/uploads\/2023\/01\/DSC_0227.jpg","jetpack_sharing_enabled":true,"_links":{"self":[{"href":"https:\/\/noticiasemdestaque.com\/cd\/index.php?rest_route=\/wp\/v2\/posts\/45615","targetHints":{"allow":["GET"]}}],"collection":[{"href":"https:\/\/noticiasemdestaque.com\/cd\/index.php?rest_route=\/wp\/v2\/posts"}],"about":[{"href":"https:\/\/noticiasemdestaque.com\/cd\/index.php?rest_route=\/wp\/v2\/types\/post"}],"author":[{"embeddable":true,"href":"https:\/\/noticiasemdestaque.com\/cd\/index.php?rest_route=\/wp\/v2\/users\/2"}],"replies":[{"embeddable":true,"href":"https:\/\/noticiasemdestaque.com\/cd\/index.php?rest_route=%2Fwp%2Fv2%2Fcomments&post=45615"}],"version-history":[{"count":3,"href":"https:\/\/noticiasemdestaque.com\/cd\/index.php?rest_route=\/wp\/v2\/posts\/45615\/revisions"}],"predecessor-version":[{"id":45627,"href":"https:\/\/noticiasemdestaque.com\/cd\/index.php?rest_route=\/wp\/v2\/posts\/45615\/revisions\/45627"}],"wp:featuredmedia":[{"embeddable":true,"href":"https:\/\/noticiasemdestaque.com\/cd\/index.php?rest_route=\/wp\/v2\/media\/45617"}],"wp:attachment":[{"href":"https:\/\/noticiasemdestaque.com\/cd\/index.php?rest_route=%2Fwp%2Fv2%2Fmedia&parent=45615"}],"wp:term":[{"taxonomy":"category","embeddable":true,"href":"https:\/\/noticiasemdestaque.com\/cd\/index.php?rest_route=%2Fwp%2Fv2%2Fcategories&post=45615"},{"taxonomy":"post_tag","embeddable":true,"href":"https:\/\/noticiasemdestaque.com\/cd\/index.php?rest_route=%2Fwp%2Fv2%2Ftags&post=45615"}],"curies":[{"name":"wp","href":"https:\/\/api.w.org\/{rel}","templated":true}]}}