{"id":45611,"date":"2023-01-18T20:29:18","date_gmt":"2023-01-18T23:29:18","guid":{"rendered":"https:\/\/noticiasemdestaque.com\/cd\/?p=45611"},"modified":"2023-01-18T20:29:18","modified_gmt":"2023-01-18T23:29:18","slug":"joao-nomeia-pollyanna-no-desenvolvimento-humano-e-anastacio-para-agricultura","status":"publish","type":"post","link":"https:\/\/noticiasemdestaque.com\/cd\/?p=45611","title":{"rendered":"Jo\u00e3o nomeia Pollyanna no Desenvolvimento Humano e Anast\u00e1cio para Agricultura"},"content":{"rendered":"<p>O governador Jo\u00e3o Azev\u00eado (PSB) anunciou, na noite desta quarta-feira (18), a deputada estadual e ex-candidata ao Senado pelo PSB, Pollyanna Dutra, como nova secret\u00e1ria de Desenvolvimento Humano.<\/p>\n<p>Ela substituir\u00e1 Tib\u00e9rio Limeira, que passar\u00e1 a responder pela Secretaria de Administra\u00e7\u00e3o do Estado. Jaqueline Gusm\u00e3o ser\u00e1 a executiva da pasta.<\/p>\n<p>O deputado federal Frei Anast\u00e1cio (PT) foi escolhido como secret\u00e1rio da Agricultura Familiar e Desenvolvimento do Semi\u00e1rido, tendo Bivar Souza Duda como adjunto.<\/p>\n<p>Jo\u00e3o Alves seguir\u00e1 na Secretaria da Administra\u00e7\u00e3o Penitenci\u00e1ria, e Jo\u00e3o Paulo Barros na secretaria executiva. Jo\u00e3o Paulo Freire foi designado para a Secretaria Executiva da Articula\u00e7\u00e3o Pol\u00edtica.<\/p>\n<p><strong>Not\u00edcias em Destaque<\/strong><\/p>\n<p style=\"text-align: right;\"><em>Fonte: Mais PB<\/em><\/p>\n","protected":false},"excerpt":{"rendered":"<p>O governador Jo\u00e3o Azev\u00eado (PSB) anunciou, na noite desta quarta-feira (18), a deputada estadual e ex-candidata ao Senado pelo PSB, Pollyanna Dutra, como nova secret\u00e1ria de Desenvolvimento Humano. Ela substituir\u00e1 Tib\u00e9rio Limeira, que passar\u00e1 a responder pela Secretaria de Administra\u00e7\u00e3o do Estado. Jaqueline Gusm\u00e3o ser\u00e1 a executiva da pasta. O deputado federal Frei Anast\u00e1cio (PT) foi escolhido como secret\u00e1rio da Agricultura Familiar e Desenvolvimento do Semi\u00e1rido, tendo Bivar Souza Duda como adjunto. Jo\u00e3o Alves seguir\u00e1 na Secretaria da Administra\u00e7\u00e3o Penitenci\u00e1ria, e Jo\u00e3o Paulo Barros na secretaria executiva. Jo\u00e3o Paulo Freire foi designado para a Secretaria Executiva da Articula\u00e7\u00e3o Pol\u00edtica. Not\u00edcias em Destaque Fonte: Mais PB<\/p>\n","protected":false},"author":2,"featured_media":45612,"comment_status":"closed","ping_status":"open","sticky":false,"template":"","format":"standard","meta":{"_eb_attr":"","_jetpack_memberships_contains_paid_content":false,"footnotes":""},"categories":[4],"tags":[],"class_list":["post-45611","post","type-post","status-publish","format-standard","has-post-thumbnail","hentry","category-politica"],"yoast_head":"<!-- This site is optimized with the Yoast SEO plugin v26.5 - https:\/\/yoast.com\/wordpress\/plugins\/seo\/ -->\n<title>Jo\u00e3o nomeia Pollyanna no Desenvolvimento Humano e Anast\u00e1cio para Agricultura - Not&iacute;cias em Destaque<\/title>\n<meta name=\"robots\" content=\"index, follow, max-snippet:-1, max-image-preview:large, max-video-preview:-1\" \/>\n<link rel=\"canonical\" href=\"https:\/\/noticiasemdestaque.com\/cd\/?p=45611\" \/>\n<meta property=\"og:locale\" content=\"pt_BR\" \/>\n<meta property=\"og:type\" content=\"article\" \/>\n<meta property=\"og:title\" content=\"Jo\u00e3o nomeia Pollyanna no Desenvolvimento Humano e Anast\u00e1cio para Agricultura - Not&iacute;cias em Destaque\" \/>\n<meta property=\"og:description\" content=\"O governador Jo\u00e3o Azev\u00eado (PSB) anunciou, na noite desta quarta-feira (18), a deputada estadual e ex-candidata ao Senado pelo PSB, Pollyanna Dutra, como nova secret\u00e1ria de Desenvolvimento Humano. Ela substituir\u00e1 Tib\u00e9rio Limeira, que passar\u00e1 a responder pela Secretaria de Administra\u00e7\u00e3o do Estado. Jaqueline Gusm\u00e3o ser\u00e1 a executiva da pasta. O deputado federal Frei Anast\u00e1cio (PT) foi escolhido como secret\u00e1rio da Agricultura Familiar e Desenvolvimento do Semi\u00e1rido, tendo Bivar Souza Duda como adjunto. Jo\u00e3o Alves seguir\u00e1 na Secretaria da Administra\u00e7\u00e3o Penitenci\u00e1ria, e Jo\u00e3o Paulo Barros na secretaria executiva. Jo\u00e3o Paulo Freire foi designado para a Secretaria Executiva da Articula\u00e7\u00e3o Pol\u00edtica. Not\u00edcias em Destaque Fonte: Mais PB\" \/>\n<meta property=\"og:url\" content=\"https:\/\/noticiasemdestaque.com\/cd\/?p=45611\" \/>\n<meta property=\"og:site_name\" content=\"Not&iacute;cias em Destaque\" \/>\n<meta property=\"article:published_time\" content=\"2023-01-18T23:29:18+00:00\" \/>\n<meta property=\"og:image\" content=\"https:\/\/noticiasemdestaque.com\/cd\/wp-content\/uploads\/2023\/01\/unnamed-5-e1674081206985-750x375-1.webp\" \/>\n\t<meta property=\"og:image:width\" content=\"750\" \/>\n\t<meta property=\"og:image:height\" content=\"375\" \/>\n\t<meta property=\"og:image:type\" content=\"image\/webp\" \/>\n<meta name=\"author\" content=\"Not\u00edcias em Destaque\" \/>\n<meta name=\"twitter:card\" content=\"summary_large_image\" \/>\n<meta name=\"twitter:label1\" content=\"Escrito por\" \/>\n\t<meta name=\"twitter:data1\" content=\"Not\u00edcias em Destaque\" \/>\n\t<meta name=\"twitter:label2\" content=\"Est. tempo de leitura\" \/>\n\t<meta name=\"twitter:data2\" content=\"1 minuto\" \/>\n<script type=\"application\/ld+json\" class=\"yoast-schema-graph\">{\"@context\":\"https:\/\/schema.org\",\"@graph\":[{\"@type\":\"Article\",\"@id\":\"https:\/\/noticiasemdestaque.com\/cd\/?p=45611#article\",\"isPartOf\":{\"@id\":\"https:\/\/noticiasemdestaque.com\/cd\/?p=45611\"},\"author\":{\"name\":\"Not\u00edcias em Destaque\",\"@id\":\"https:\/\/noticiasemdestaque.com\/cd\/#\/schema\/person\/47f7d4f55eec17c6b2ca036c5500f6ce\"},\"headline\":\"Jo\u00e3o nomeia Pollyanna no Desenvolvimento Humano e Anast\u00e1cio para Agricultura\",\"datePublished\":\"2023-01-18T23:29:18+00:00\",\"mainEntityOfPage\":{\"@id\":\"https:\/\/noticiasemdestaque.com\/cd\/?p=45611\"},\"wordCount\":133,\"publisher\":{\"@id\":\"https:\/\/noticiasemdestaque.com\/cd\/#organization\"},\"image\":{\"@id\":\"https:\/\/noticiasemdestaque.com\/cd\/?p=45611#primaryimage\"},\"thumbnailUrl\":\"https:\/\/noticiasemdestaque.com\/cd\/wp-content\/uploads\/2023\/01\/unnamed-5-e1674081206985-750x375-1.webp\",\"articleSection\":[\"Pol\u00edtica\"],\"inLanguage\":\"pt-BR\"},{\"@type\":\"WebPage\",\"@id\":\"https:\/\/noticiasemdestaque.com\/cd\/?p=45611\",\"url\":\"https:\/\/noticiasemdestaque.com\/cd\/?p=45611\",\"name\":\"Jo\u00e3o nomeia Pollyanna no Desenvolvimento Humano e Anast\u00e1cio para Agricultura - Not&iacute;cias em Destaque\",\"isPartOf\":{\"@id\":\"https:\/\/noticiasemdestaque.com\/cd\/#website\"},\"primaryImageOfPage\":{\"@id\":\"https:\/\/noticiasemdestaque.com\/cd\/?p=45611#primaryimage\"},\"image\":{\"@id\":\"https:\/\/noticiasemdestaque.com\/cd\/?p=45611#primaryimage\"},\"thumbnailUrl\":\"https:\/\/noticiasemdestaque.com\/cd\/wp-content\/uploads\/2023\/01\/unnamed-5-e1674081206985-750x375-1.webp\",\"datePublished\":\"2023-01-18T23:29:18+00:00\",\"breadcrumb\":{\"@id\":\"https:\/\/noticiasemdestaque.com\/cd\/?p=45611#breadcrumb\"},\"inLanguage\":\"pt-BR\",\"potentialAction\":[{\"@type\":\"ReadAction\",\"target\":[\"https:\/\/noticiasemdestaque.com\/cd\/?p=45611\"]}]},{\"@type\":\"ImageObject\",\"inLanguage\":\"pt-BR\",\"@id\":\"https:\/\/noticiasemdestaque.com\/cd\/?p=45611#primaryimage\",\"url\":\"https:\/\/noticiasemdestaque.com\/cd\/wp-content\/uploads\/2023\/01\/unnamed-5-e1674081206985-750x375-1.webp\",\"contentUrl\":\"https:\/\/noticiasemdestaque.com\/cd\/wp-content\/uploads\/2023\/01\/unnamed-5-e1674081206985-750x375-1.webp\",\"width\":750,\"height\":375},{\"@type\":\"BreadcrumbList\",\"@id\":\"https:\/\/noticiasemdestaque.com\/cd\/?p=45611#breadcrumb\",\"itemListElement\":[{\"@type\":\"ListItem\",\"position\":1,\"name\":\"In\u00edcio\",\"item\":\"https:\/\/noticiasemdestaque.com\/cd\/\"},{\"@type\":\"ListItem\",\"position\":2,\"name\":\"Jo\u00e3o nomeia Pollyanna no Desenvolvimento Humano e Anast\u00e1cio para Agricultura\"}]},{\"@type\":\"WebSite\",\"@id\":\"https:\/\/noticiasemdestaque.com\/cd\/#website\",\"url\":\"https:\/\/noticiasemdestaque.com\/cd\/\",\"name\":\"Not&iacute;cias em Destaque\",\"description\":\"\",\"publisher\":{\"@id\":\"https:\/\/noticiasemdestaque.com\/cd\/#organization\"},\"potentialAction\":[{\"@type\":\"SearchAction\",\"target\":{\"@type\":\"EntryPoint\",\"urlTemplate\":\"https:\/\/noticiasemdestaque.com\/cd\/?s={search_term_string}\"},\"query-input\":{\"@type\":\"PropertyValueSpecification\",\"valueRequired\":true,\"valueName\":\"search_term_string\"}}],\"inLanguage\":\"pt-BR\"},{\"@type\":\"Organization\",\"@id\":\"https:\/\/noticiasemdestaque.com\/cd\/#organization\",\"name\":\"Not\u00edcias em Destaque\",\"url\":\"https:\/\/noticiasemdestaque.com\/cd\/\",\"logo\":{\"@type\":\"ImageObject\",\"inLanguage\":\"pt-BR\",\"@id\":\"https:\/\/noticiasemdestaque.com\/cd\/#\/schema\/logo\/image\/\",\"url\":\"https:\/\/noticiasemdestaque.com\/cd\/wp-content\/uploads\/2022\/05\/imagem-base-noticiasemdestaque.png\",\"contentUrl\":\"https:\/\/noticiasemdestaque.com\/cd\/wp-content\/uploads\/2022\/05\/imagem-base-noticiasemdestaque.png\",\"width\":1200,\"height\":630,\"caption\":\"Not\u00edcias em Destaque\"},\"image\":{\"@id\":\"https:\/\/noticiasemdestaque.com\/cd\/#\/schema\/logo\/image\/\"}},{\"@type\":\"Person\",\"@id\":\"https:\/\/noticiasemdestaque.com\/cd\/#\/schema\/person\/47f7d4f55eec17c6b2ca036c5500f6ce\",\"name\":\"Not\u00edcias em Destaque\",\"url\":\"https:\/\/noticiasemdestaque.com\/cd\/?author=2\"}]}<\/script>\n<!-- \/ Yoast SEO plugin. -->","yoast_head_json":{"title":"Jo\u00e3o nomeia Pollyanna no Desenvolvimento Humano e Anast\u00e1cio para Agricultura - Not&iacute;cias em Destaque","robots":{"index":"index","follow":"follow","max-snippet":"max-snippet:-1","max-image-preview":"max-image-preview:large","max-video-preview":"max-video-preview:-1"},"canonical":"https:\/\/noticiasemdestaque.com\/cd\/?p=45611","og_locale":"pt_BR","og_type":"article","og_title":"Jo\u00e3o nomeia Pollyanna no Desenvolvimento Humano e Anast\u00e1cio para Agricultura - Not&iacute;cias em Destaque","og_description":"O governador Jo\u00e3o Azev\u00eado (PSB) anunciou, na noite desta quarta-feira (18), a deputada estadual e ex-candidata ao Senado pelo PSB, Pollyanna Dutra, como nova secret\u00e1ria de Desenvolvimento Humano. Ela substituir\u00e1 Tib\u00e9rio Limeira, que passar\u00e1 a responder pela Secretaria de Administra\u00e7\u00e3o do Estado. Jaqueline Gusm\u00e3o ser\u00e1 a executiva da pasta. O deputado federal Frei Anast\u00e1cio (PT) foi escolhido como secret\u00e1rio da Agricultura Familiar e Desenvolvimento do Semi\u00e1rido, tendo Bivar Souza Duda como adjunto. Jo\u00e3o Alves seguir\u00e1 na Secretaria da Administra\u00e7\u00e3o Penitenci\u00e1ria, e Jo\u00e3o Paulo Barros na secretaria executiva. Jo\u00e3o Paulo Freire foi designado para a Secretaria Executiva da Articula\u00e7\u00e3o Pol\u00edtica. Not\u00edcias em Destaque Fonte: Mais PB","og_url":"https:\/\/noticiasemdestaque.com\/cd\/?p=45611","og_site_name":"Not&iacute;cias em Destaque","article_published_time":"2023-01-18T23:29:18+00:00","og_image":[{"width":750,"height":375,"url":"https:\/\/noticiasemdestaque.com\/cd\/wp-content\/uploads\/2023\/01\/unnamed-5-e1674081206985-750x375-1.webp","type":"image\/webp"}],"author":"Not\u00edcias em Destaque","twitter_card":"summary_large_image","twitter_misc":{"Escrito por":"Not\u00edcias em Destaque","Est. tempo de leitura":"1 minuto"},"schema":{"@context":"https:\/\/schema.org","@graph":[{"@type":"Article","@id":"https:\/\/noticiasemdestaque.com\/cd\/?p=45611#article","isPartOf":{"@id":"https:\/\/noticiasemdestaque.com\/cd\/?p=45611"},"author":{"name":"Not\u00edcias em Destaque","@id":"https:\/\/noticiasemdestaque.com\/cd\/#\/schema\/person\/47f7d4f55eec17c6b2ca036c5500f6ce"},"headline":"Jo\u00e3o nomeia Pollyanna no Desenvolvimento Humano e Anast\u00e1cio para Agricultura","datePublished":"2023-01-18T23:29:18+00:00","mainEntityOfPage":{"@id":"https:\/\/noticiasemdestaque.com\/cd\/?p=45611"},"wordCount":133,"publisher":{"@id":"https:\/\/noticiasemdestaque.com\/cd\/#organization"},"image":{"@id":"https:\/\/noticiasemdestaque.com\/cd\/?p=45611#primaryimage"},"thumbnailUrl":"https:\/\/noticiasemdestaque.com\/cd\/wp-content\/uploads\/2023\/01\/unnamed-5-e1674081206985-750x375-1.webp","articleSection":["Pol\u00edtica"],"inLanguage":"pt-BR"},{"@type":"WebPage","@id":"https:\/\/noticiasemdestaque.com\/cd\/?p=45611","url":"https:\/\/noticiasemdestaque.com\/cd\/?p=45611","name":"Jo\u00e3o nomeia Pollyanna no Desenvolvimento Humano e Anast\u00e1cio para Agricultura - Not&iacute;cias em Destaque","isPartOf":{"@id":"https:\/\/noticiasemdestaque.com\/cd\/#website"},"primaryImageOfPage":{"@id":"https:\/\/noticiasemdestaque.com\/cd\/?p=45611#primaryimage"},"image":{"@id":"https:\/\/noticiasemdestaque.com\/cd\/?p=45611#primaryimage"},"thumbnailUrl":"https:\/\/noticiasemdestaque.com\/cd\/wp-content\/uploads\/2023\/01\/unnamed-5-e1674081206985-750x375-1.webp","datePublished":"2023-01-18T23:29:18+00:00","breadcrumb":{"@id":"https:\/\/noticiasemdestaque.com\/cd\/?p=45611#breadcrumb"},"inLanguage":"pt-BR","potentialAction":[{"@type":"ReadAction","target":["https:\/\/noticiasemdestaque.com\/cd\/?p=45611"]}]},{"@type":"ImageObject","inLanguage":"pt-BR","@id":"https:\/\/noticiasemdestaque.com\/cd\/?p=45611#primaryimage","url":"https:\/\/noticiasemdestaque.com\/cd\/wp-content\/uploads\/2023\/01\/unnamed-5-e1674081206985-750x375-1.webp","contentUrl":"https:\/\/noticiasemdestaque.com\/cd\/wp-content\/uploads\/2023\/01\/unnamed-5-e1674081206985-750x375-1.webp","width":750,"height":375},{"@type":"BreadcrumbList","@id":"https:\/\/noticiasemdestaque.com\/cd\/?p=45611#breadcrumb","itemListElement":[{"@type":"ListItem","position":1,"name":"In\u00edcio","item":"https:\/\/noticiasemdestaque.com\/cd\/"},{"@type":"ListItem","position":2,"name":"Jo\u00e3o nomeia Pollyanna no Desenvolvimento Humano e Anast\u00e1cio para Agricultura"}]},{"@type":"WebSite","@id":"https:\/\/noticiasemdestaque.com\/cd\/#website","url":"https:\/\/noticiasemdestaque.com\/cd\/","name":"Not&iacute;cias em Destaque","description":"","publisher":{"@id":"https:\/\/noticiasemdestaque.com\/cd\/#organization"},"potentialAction":[{"@type":"SearchAction","target":{"@type":"EntryPoint","urlTemplate":"https:\/\/noticiasemdestaque.com\/cd\/?s={search_term_string}"},"query-input":{"@type":"PropertyValueSpecification","valueRequired":true,"valueName":"search_term_string"}}],"inLanguage":"pt-BR"},{"@type":"Organization","@id":"https:\/\/noticiasemdestaque.com\/cd\/#organization","name":"Not\u00edcias em Destaque","url":"https:\/\/noticiasemdestaque.com\/cd\/","logo":{"@type":"ImageObject","inLanguage":"pt-BR","@id":"https:\/\/noticiasemdestaque.com\/cd\/#\/schema\/logo\/image\/","url":"https:\/\/noticiasemdestaque.com\/cd\/wp-content\/uploads\/2022\/05\/imagem-base-noticiasemdestaque.png","contentUrl":"https:\/\/noticiasemdestaque.com\/cd\/wp-content\/uploads\/2022\/05\/imagem-base-noticiasemdestaque.png","width":1200,"height":630,"caption":"Not\u00edcias em Destaque"},"image":{"@id":"https:\/\/noticiasemdestaque.com\/cd\/#\/schema\/logo\/image\/"}},{"@type":"Person","@id":"https:\/\/noticiasemdestaque.com\/cd\/#\/schema\/person\/47f7d4f55eec17c6b2ca036c5500f6ce","name":"Not\u00edcias em Destaque","url":"https:\/\/noticiasemdestaque.com\/cd\/?author=2"}]}},"jetpack_featured_media_url":"https:\/\/noticiasemdestaque.com\/cd\/wp-content\/uploads\/2023\/01\/unnamed-5-e1674081206985-750x375-1.webp","jetpack_sharing_enabled":true,"_links":{"self":[{"href":"https:\/\/noticiasemdestaque.com\/cd\/index.php?rest_route=\/wp\/v2\/posts\/45611","targetHints":{"allow":["GET"]}}],"collection":[{"href":"https:\/\/noticiasemdestaque.com\/cd\/index.php?rest_route=\/wp\/v2\/posts"}],"about":[{"href":"https:\/\/noticiasemdestaque.com\/cd\/index.php?rest_route=\/wp\/v2\/types\/post"}],"author":[{"embeddable":true,"href":"https:\/\/noticiasemdestaque.com\/cd\/index.php?rest_route=\/wp\/v2\/users\/2"}],"replies":[{"embeddable":true,"href":"https:\/\/noticiasemdestaque.com\/cd\/index.php?rest_route=%2Fwp%2Fv2%2Fcomments&post=45611"}],"version-history":[{"count":1,"href":"https:\/\/noticiasemdestaque.com\/cd\/index.php?rest_route=\/wp\/v2\/posts\/45611\/revisions"}],"predecessor-version":[{"id":45613,"href":"https:\/\/noticiasemdestaque.com\/cd\/index.php?rest_route=\/wp\/v2\/posts\/45611\/revisions\/45613"}],"wp:featuredmedia":[{"embeddable":true,"href":"https:\/\/noticiasemdestaque.com\/cd\/index.php?rest_route=\/wp\/v2\/media\/45612"}],"wp:attachment":[{"href":"https:\/\/noticiasemdestaque.com\/cd\/index.php?rest_route=%2Fwp%2Fv2%2Fmedia&parent=45611"}],"wp:term":[{"taxonomy":"category","embeddable":true,"href":"https:\/\/noticiasemdestaque.com\/cd\/index.php?rest_route=%2Fwp%2Fv2%2Fcategories&post=45611"},{"taxonomy":"post_tag","embeddable":true,"href":"https:\/\/noticiasemdestaque.com\/cd\/index.php?rest_route=%2Fwp%2Fv2%2Ftags&post=45611"}],"curies":[{"name":"wp","href":"https:\/\/api.w.org\/{rel}","templated":true}]}}