{"id":45607,"date":"2023-01-18T20:22:28","date_gmt":"2023-01-18T23:22:28","guid":{"rendered":"https:\/\/noticiasemdestaque.com\/cd\/?p=45607"},"modified":"2023-01-18T20:22:28","modified_gmt":"2023-01-18T23:22:28","slug":"cbf-quer-sediar-finais-da-libertadores-e-da-sul-americana-de-2023-no-brasil","status":"publish","type":"post","link":"https:\/\/noticiasemdestaque.com\/cd\/?p=45607","title":{"rendered":"CBF quer sediar finais da Libertadores e da Sul-Americana de 2023 no Brasil"},"content":{"rendered":"<p><a href=\"https:\/\/noticiasemdestaque.com\/cd\/wp-content\/uploads\/2023\/01\/Taca-Libertadores.webp\"><img fetchpriority=\"high\" decoding=\"async\" class=\"alignnone  wp-image-45608\" src=\"https:\/\/noticiasemdestaque.com\/cd\/wp-content\/uploads\/2023\/01\/Taca-Libertadores-300x169.webp\" alt=\"\" width=\"1138\" height=\"641\" srcset=\"https:\/\/noticiasemdestaque.com\/cd\/wp-content\/uploads\/2023\/01\/Taca-Libertadores-300x169.webp 300w, https:\/\/noticiasemdestaque.com\/cd\/wp-content\/uploads\/2023\/01\/Taca-Libertadores-768x432.webp 768w, https:\/\/noticiasemdestaque.com\/cd\/wp-content\/uploads\/2023\/01\/Taca-Libertadores-18x10.webp 18w, https:\/\/noticiasemdestaque.com\/cd\/wp-content\/uploads\/2023\/01\/Taca-Libertadores.webp 800w\" sizes=\"(max-width: 1138px) 100vw, 1138px\" \/><\/a><\/p>\n<p>A Confedera\u00e7\u00e3o Brasileira de Futebol (CBF) estuda sediar as finais dos torneios continentais em 2023, a Copa Libertadores da Am\u00e9rica e Copa Sul-Americana. A Intens\u00e3o \u00e9 apresentar uma proposta \u00e0 CONMEBOL, \u00f3rg\u00e3o m\u00e1ximo do futebol sul-americano, para os dois jogos decisivos, os quais ocorrer\u00e3o em 11 de novembro (Libertadores) e 28 de outubro (Sul-Americana).<\/p>\n<p>Apesar das datas confirmadas, ainda n\u00e3o est\u00e3o confirmadas as sedes dos jogos. A CBF quer sediar esses jogos muito por conta da hegemonia brasileira em ambas as competi\u00e7\u00f5es. S\u00f3 na Libertadores, as \u00faltimas tr\u00eas finais foram entre brasileiros. Enquanto isso, a Sul-Americana teve cinco participa\u00e7\u00f5es do Brasil nas \u00faltimas sete finais.<\/p>\n<p>A CONMEBOL tem como crit\u00e9rios b\u00e1sicos a estrutura de hospedagem, aeroportos e est\u00e1dios em condi\u00e7\u00f5es de receber as duas partidas sem causar transtornos para torcedores de qualquer parte do continente. Desde 2019 que a competi\u00e7\u00e3o mudou o formato e optou pela final \u00fanica em mando de campo neutro. O Brasil recebeu a final em 2021, entre Palmeiras e Santos.<\/p>\n<p><strong>Noticias em Destaque<\/strong><\/p>\n<p style=\"text-align: right;\"><em>Fonte: MaisPB com Metr\u00f3poles<\/em><\/p>\n","protected":false},"excerpt":{"rendered":"<p>A Confedera\u00e7\u00e3o Brasileira de Futebol (CBF) estuda sediar as finais dos torneios continentais em 2023, a Copa Libertadores da Am\u00e9rica e Copa Sul-Americana. A Intens\u00e3o \u00e9 apresentar uma proposta \u00e0 CONMEBOL, \u00f3rg\u00e3o m\u00e1ximo do futebol sul-americano, para os dois jogos decisivos, os quais ocorrer\u00e3o em 11 de novembro (Libertadores) e 28 de outubro (Sul-Americana). Apesar das datas confirmadas, ainda n\u00e3o est\u00e3o confirmadas as sedes dos jogos. A CBF quer sediar esses jogos muito por conta da hegemonia brasileira em ambas as competi\u00e7\u00f5es. S\u00f3 na Libertadores, as \u00faltimas tr\u00eas finais foram entre brasileiros. Enquanto isso, a Sul-Americana teve cinco participa\u00e7\u00f5es do Brasil nas \u00faltimas sete finais. A CONMEBOL tem como crit\u00e9rios b\u00e1sicos a estrutura de hospedagem, aeroportos e est\u00e1dios em condi\u00e7\u00f5es de receber as duas partidas sem causar transtornos para torcedores de qualquer parte do continente. Desde 2019 que a competi\u00e7\u00e3o mudou o formato e optou pela final \u00fanica em mando de campo neutro. O Brasil recebeu a final em 2021, entre Palmeiras e Santos. Noticias em Destaque Fonte: MaisPB com Metr\u00f3poles<\/p>\n","protected":false},"author":2,"featured_media":45608,"comment_status":"closed","ping_status":"open","sticky":false,"template":"","format":"standard","meta":{"_eb_attr":"","_jetpack_memberships_contains_paid_content":false,"footnotes":""},"categories":[15],"tags":[],"class_list":["post-45607","post","type-post","status-publish","format-standard","has-post-thumbnail","hentry","category-esporte"],"yoast_head":"<!-- This site is optimized with the Yoast SEO plugin v26.5 - https:\/\/yoast.com\/wordpress\/plugins\/seo\/ -->\n<title>CBF quer sediar finais da Libertadores e da Sul-Americana de 2023 no Brasil - Not&iacute;cias em Destaque<\/title>\n<meta name=\"robots\" content=\"index, follow, max-snippet:-1, max-image-preview:large, max-video-preview:-1\" \/>\n<link rel=\"canonical\" href=\"https:\/\/noticiasemdestaque.com\/cd\/?p=45607\" \/>\n<meta property=\"og:locale\" content=\"pt_BR\" \/>\n<meta property=\"og:type\" content=\"article\" \/>\n<meta property=\"og:title\" content=\"CBF quer sediar finais da Libertadores e da Sul-Americana de 2023 no Brasil - Not&iacute;cias em Destaque\" \/>\n<meta property=\"og:description\" content=\"A Confedera\u00e7\u00e3o Brasileira de Futebol (CBF) estuda sediar as finais dos torneios continentais em 2023, a Copa Libertadores da Am\u00e9rica e Copa Sul-Americana. A Intens\u00e3o \u00e9 apresentar uma proposta \u00e0 CONMEBOL, \u00f3rg\u00e3o m\u00e1ximo do futebol sul-americano, para os dois jogos decisivos, os quais ocorrer\u00e3o em 11 de novembro (Libertadores) e 28 de outubro (Sul-Americana). Apesar das datas confirmadas, ainda n\u00e3o est\u00e3o confirmadas as sedes dos jogos. A CBF quer sediar esses jogos muito por conta da hegemonia brasileira em ambas as competi\u00e7\u00f5es. S\u00f3 na Libertadores, as \u00faltimas tr\u00eas finais foram entre brasileiros. Enquanto isso, a Sul-Americana teve cinco participa\u00e7\u00f5es do Brasil nas \u00faltimas sete finais. A CONMEBOL tem como crit\u00e9rios b\u00e1sicos a estrutura de hospedagem, aeroportos e est\u00e1dios em condi\u00e7\u00f5es de receber as duas partidas sem causar transtornos para torcedores de qualquer parte do continente. Desde 2019 que a competi\u00e7\u00e3o mudou o formato e optou pela final \u00fanica em mando de campo neutro. O Brasil recebeu a final em 2021, entre Palmeiras e Santos. Noticias em Destaque Fonte: MaisPB com Metr\u00f3poles\" \/>\n<meta property=\"og:url\" content=\"https:\/\/noticiasemdestaque.com\/cd\/?p=45607\" \/>\n<meta property=\"og:site_name\" content=\"Not&iacute;cias em Destaque\" \/>\n<meta property=\"article:published_time\" content=\"2023-01-18T23:22:28+00:00\" \/>\n<meta property=\"og:image\" content=\"https:\/\/noticiasemdestaque.com\/cd\/wp-content\/uploads\/2023\/01\/Taca-Libertadores.webp\" \/>\n\t<meta property=\"og:image:width\" content=\"800\" \/>\n\t<meta property=\"og:image:height\" content=\"450\" \/>\n\t<meta property=\"og:image:type\" content=\"image\/webp\" \/>\n<meta name=\"author\" content=\"Not\u00edcias em Destaque\" \/>\n<meta name=\"twitter:card\" content=\"summary_large_image\" \/>\n<meta name=\"twitter:label1\" content=\"Escrito por\" \/>\n\t<meta name=\"twitter:data1\" content=\"Not\u00edcias em Destaque\" \/>\n\t<meta name=\"twitter:label2\" content=\"Est. tempo de leitura\" \/>\n\t<meta name=\"twitter:data2\" content=\"1 minuto\" \/>\n<script type=\"application\/ld+json\" class=\"yoast-schema-graph\">{\"@context\":\"https:\/\/schema.org\",\"@graph\":[{\"@type\":\"Article\",\"@id\":\"https:\/\/noticiasemdestaque.com\/cd\/?p=45607#article\",\"isPartOf\":{\"@id\":\"https:\/\/noticiasemdestaque.com\/cd\/?p=45607\"},\"author\":{\"name\":\"Not\u00edcias em Destaque\",\"@id\":\"https:\/\/noticiasemdestaque.com\/cd\/#\/schema\/person\/47f7d4f55eec17c6b2ca036c5500f6ce\"},\"headline\":\"CBF quer sediar finais da Libertadores e da Sul-Americana de 2023 no Brasil\",\"datePublished\":\"2023-01-18T23:22:28+00:00\",\"mainEntityOfPage\":{\"@id\":\"https:\/\/noticiasemdestaque.com\/cd\/?p=45607\"},\"wordCount\":193,\"publisher\":{\"@id\":\"https:\/\/noticiasemdestaque.com\/cd\/#organization\"},\"image\":{\"@id\":\"https:\/\/noticiasemdestaque.com\/cd\/?p=45607#primaryimage\"},\"thumbnailUrl\":\"https:\/\/noticiasemdestaque.com\/cd\/wp-content\/uploads\/2023\/01\/Taca-Libertadores.webp\",\"articleSection\":[\"Esporte\"],\"inLanguage\":\"pt-BR\"},{\"@type\":\"WebPage\",\"@id\":\"https:\/\/noticiasemdestaque.com\/cd\/?p=45607\",\"url\":\"https:\/\/noticiasemdestaque.com\/cd\/?p=45607\",\"name\":\"CBF quer sediar finais da Libertadores e da Sul-Americana de 2023 no Brasil - Not&iacute;cias em Destaque\",\"isPartOf\":{\"@id\":\"https:\/\/noticiasemdestaque.com\/cd\/#website\"},\"primaryImageOfPage\":{\"@id\":\"https:\/\/noticiasemdestaque.com\/cd\/?p=45607#primaryimage\"},\"image\":{\"@id\":\"https:\/\/noticiasemdestaque.com\/cd\/?p=45607#primaryimage\"},\"thumbnailUrl\":\"https:\/\/noticiasemdestaque.com\/cd\/wp-content\/uploads\/2023\/01\/Taca-Libertadores.webp\",\"datePublished\":\"2023-01-18T23:22:28+00:00\",\"breadcrumb\":{\"@id\":\"https:\/\/noticiasemdestaque.com\/cd\/?p=45607#breadcrumb\"},\"inLanguage\":\"pt-BR\",\"potentialAction\":[{\"@type\":\"ReadAction\",\"target\":[\"https:\/\/noticiasemdestaque.com\/cd\/?p=45607\"]}]},{\"@type\":\"ImageObject\",\"inLanguage\":\"pt-BR\",\"@id\":\"https:\/\/noticiasemdestaque.com\/cd\/?p=45607#primaryimage\",\"url\":\"https:\/\/noticiasemdestaque.com\/cd\/wp-content\/uploads\/2023\/01\/Taca-Libertadores.webp\",\"contentUrl\":\"https:\/\/noticiasemdestaque.com\/cd\/wp-content\/uploads\/2023\/01\/Taca-Libertadores.webp\",\"width\":800,\"height\":450},{\"@type\":\"BreadcrumbList\",\"@id\":\"https:\/\/noticiasemdestaque.com\/cd\/?p=45607#breadcrumb\",\"itemListElement\":[{\"@type\":\"ListItem\",\"position\":1,\"name\":\"In\u00edcio\",\"item\":\"https:\/\/noticiasemdestaque.com\/cd\/\"},{\"@type\":\"ListItem\",\"position\":2,\"name\":\"CBF quer sediar finais da Libertadores e da Sul-Americana de 2023 no Brasil\"}]},{\"@type\":\"WebSite\",\"@id\":\"https:\/\/noticiasemdestaque.com\/cd\/#website\",\"url\":\"https:\/\/noticiasemdestaque.com\/cd\/\",\"name\":\"Not&iacute;cias em Destaque\",\"description\":\"\",\"publisher\":{\"@id\":\"https:\/\/noticiasemdestaque.com\/cd\/#organization\"},\"potentialAction\":[{\"@type\":\"SearchAction\",\"target\":{\"@type\":\"EntryPoint\",\"urlTemplate\":\"https:\/\/noticiasemdestaque.com\/cd\/?s={search_term_string}\"},\"query-input\":{\"@type\":\"PropertyValueSpecification\",\"valueRequired\":true,\"valueName\":\"search_term_string\"}}],\"inLanguage\":\"pt-BR\"},{\"@type\":\"Organization\",\"@id\":\"https:\/\/noticiasemdestaque.com\/cd\/#organization\",\"name\":\"Not\u00edcias em Destaque\",\"url\":\"https:\/\/noticiasemdestaque.com\/cd\/\",\"logo\":{\"@type\":\"ImageObject\",\"inLanguage\":\"pt-BR\",\"@id\":\"https:\/\/noticiasemdestaque.com\/cd\/#\/schema\/logo\/image\/\",\"url\":\"https:\/\/noticiasemdestaque.com\/cd\/wp-content\/uploads\/2022\/05\/imagem-base-noticiasemdestaque.png\",\"contentUrl\":\"https:\/\/noticiasemdestaque.com\/cd\/wp-content\/uploads\/2022\/05\/imagem-base-noticiasemdestaque.png\",\"width\":1200,\"height\":630,\"caption\":\"Not\u00edcias em Destaque\"},\"image\":{\"@id\":\"https:\/\/noticiasemdestaque.com\/cd\/#\/schema\/logo\/image\/\"}},{\"@type\":\"Person\",\"@id\":\"https:\/\/noticiasemdestaque.com\/cd\/#\/schema\/person\/47f7d4f55eec17c6b2ca036c5500f6ce\",\"name\":\"Not\u00edcias em Destaque\",\"url\":\"https:\/\/noticiasemdestaque.com\/cd\/?author=2\"}]}<\/script>\n<!-- \/ Yoast SEO plugin. -->","yoast_head_json":{"title":"CBF quer sediar finais da Libertadores e da Sul-Americana de 2023 no Brasil - Not&iacute;cias em Destaque","robots":{"index":"index","follow":"follow","max-snippet":"max-snippet:-1","max-image-preview":"max-image-preview:large","max-video-preview":"max-video-preview:-1"},"canonical":"https:\/\/noticiasemdestaque.com\/cd\/?p=45607","og_locale":"pt_BR","og_type":"article","og_title":"CBF quer sediar finais da Libertadores e da Sul-Americana de 2023 no Brasil - Not&iacute;cias em Destaque","og_description":"A Confedera\u00e7\u00e3o Brasileira de Futebol (CBF) estuda sediar as finais dos torneios continentais em 2023, a Copa Libertadores da Am\u00e9rica e Copa Sul-Americana. A Intens\u00e3o \u00e9 apresentar uma proposta \u00e0 CONMEBOL, \u00f3rg\u00e3o m\u00e1ximo do futebol sul-americano, para os dois jogos decisivos, os quais ocorrer\u00e3o em 11 de novembro (Libertadores) e 28 de outubro (Sul-Americana). Apesar das datas confirmadas, ainda n\u00e3o est\u00e3o confirmadas as sedes dos jogos. A CBF quer sediar esses jogos muito por conta da hegemonia brasileira em ambas as competi\u00e7\u00f5es. S\u00f3 na Libertadores, as \u00faltimas tr\u00eas finais foram entre brasileiros. Enquanto isso, a Sul-Americana teve cinco participa\u00e7\u00f5es do Brasil nas \u00faltimas sete finais. A CONMEBOL tem como crit\u00e9rios b\u00e1sicos a estrutura de hospedagem, aeroportos e est\u00e1dios em condi\u00e7\u00f5es de receber as duas partidas sem causar transtornos para torcedores de qualquer parte do continente. Desde 2019 que a competi\u00e7\u00e3o mudou o formato e optou pela final \u00fanica em mando de campo neutro. O Brasil recebeu a final em 2021, entre Palmeiras e Santos. Noticias em Destaque Fonte: MaisPB com Metr\u00f3poles","og_url":"https:\/\/noticiasemdestaque.com\/cd\/?p=45607","og_site_name":"Not&iacute;cias em Destaque","article_published_time":"2023-01-18T23:22:28+00:00","og_image":[{"width":800,"height":450,"url":"https:\/\/noticiasemdestaque.com\/cd\/wp-content\/uploads\/2023\/01\/Taca-Libertadores.webp","type":"image\/webp"}],"author":"Not\u00edcias em Destaque","twitter_card":"summary_large_image","twitter_misc":{"Escrito por":"Not\u00edcias em Destaque","Est. tempo de leitura":"1 minuto"},"schema":{"@context":"https:\/\/schema.org","@graph":[{"@type":"Article","@id":"https:\/\/noticiasemdestaque.com\/cd\/?p=45607#article","isPartOf":{"@id":"https:\/\/noticiasemdestaque.com\/cd\/?p=45607"},"author":{"name":"Not\u00edcias em Destaque","@id":"https:\/\/noticiasemdestaque.com\/cd\/#\/schema\/person\/47f7d4f55eec17c6b2ca036c5500f6ce"},"headline":"CBF quer sediar finais da Libertadores e da Sul-Americana de 2023 no Brasil","datePublished":"2023-01-18T23:22:28+00:00","mainEntityOfPage":{"@id":"https:\/\/noticiasemdestaque.com\/cd\/?p=45607"},"wordCount":193,"publisher":{"@id":"https:\/\/noticiasemdestaque.com\/cd\/#organization"},"image":{"@id":"https:\/\/noticiasemdestaque.com\/cd\/?p=45607#primaryimage"},"thumbnailUrl":"https:\/\/noticiasemdestaque.com\/cd\/wp-content\/uploads\/2023\/01\/Taca-Libertadores.webp","articleSection":["Esporte"],"inLanguage":"pt-BR"},{"@type":"WebPage","@id":"https:\/\/noticiasemdestaque.com\/cd\/?p=45607","url":"https:\/\/noticiasemdestaque.com\/cd\/?p=45607","name":"CBF quer sediar finais da Libertadores e da Sul-Americana de 2023 no Brasil - Not&iacute;cias em Destaque","isPartOf":{"@id":"https:\/\/noticiasemdestaque.com\/cd\/#website"},"primaryImageOfPage":{"@id":"https:\/\/noticiasemdestaque.com\/cd\/?p=45607#primaryimage"},"image":{"@id":"https:\/\/noticiasemdestaque.com\/cd\/?p=45607#primaryimage"},"thumbnailUrl":"https:\/\/noticiasemdestaque.com\/cd\/wp-content\/uploads\/2023\/01\/Taca-Libertadores.webp","datePublished":"2023-01-18T23:22:28+00:00","breadcrumb":{"@id":"https:\/\/noticiasemdestaque.com\/cd\/?p=45607#breadcrumb"},"inLanguage":"pt-BR","potentialAction":[{"@type":"ReadAction","target":["https:\/\/noticiasemdestaque.com\/cd\/?p=45607"]}]},{"@type":"ImageObject","inLanguage":"pt-BR","@id":"https:\/\/noticiasemdestaque.com\/cd\/?p=45607#primaryimage","url":"https:\/\/noticiasemdestaque.com\/cd\/wp-content\/uploads\/2023\/01\/Taca-Libertadores.webp","contentUrl":"https:\/\/noticiasemdestaque.com\/cd\/wp-content\/uploads\/2023\/01\/Taca-Libertadores.webp","width":800,"height":450},{"@type":"BreadcrumbList","@id":"https:\/\/noticiasemdestaque.com\/cd\/?p=45607#breadcrumb","itemListElement":[{"@type":"ListItem","position":1,"name":"In\u00edcio","item":"https:\/\/noticiasemdestaque.com\/cd\/"},{"@type":"ListItem","position":2,"name":"CBF quer sediar finais da Libertadores e da Sul-Americana de 2023 no Brasil"}]},{"@type":"WebSite","@id":"https:\/\/noticiasemdestaque.com\/cd\/#website","url":"https:\/\/noticiasemdestaque.com\/cd\/","name":"Not&iacute;cias em Destaque","description":"","publisher":{"@id":"https:\/\/noticiasemdestaque.com\/cd\/#organization"},"potentialAction":[{"@type":"SearchAction","target":{"@type":"EntryPoint","urlTemplate":"https:\/\/noticiasemdestaque.com\/cd\/?s={search_term_string}"},"query-input":{"@type":"PropertyValueSpecification","valueRequired":true,"valueName":"search_term_string"}}],"inLanguage":"pt-BR"},{"@type":"Organization","@id":"https:\/\/noticiasemdestaque.com\/cd\/#organization","name":"Not\u00edcias em Destaque","url":"https:\/\/noticiasemdestaque.com\/cd\/","logo":{"@type":"ImageObject","inLanguage":"pt-BR","@id":"https:\/\/noticiasemdestaque.com\/cd\/#\/schema\/logo\/image\/","url":"https:\/\/noticiasemdestaque.com\/cd\/wp-content\/uploads\/2022\/05\/imagem-base-noticiasemdestaque.png","contentUrl":"https:\/\/noticiasemdestaque.com\/cd\/wp-content\/uploads\/2022\/05\/imagem-base-noticiasemdestaque.png","width":1200,"height":630,"caption":"Not\u00edcias em Destaque"},"image":{"@id":"https:\/\/noticiasemdestaque.com\/cd\/#\/schema\/logo\/image\/"}},{"@type":"Person","@id":"https:\/\/noticiasemdestaque.com\/cd\/#\/schema\/person\/47f7d4f55eec17c6b2ca036c5500f6ce","name":"Not\u00edcias em Destaque","url":"https:\/\/noticiasemdestaque.com\/cd\/?author=2"}]}},"jetpack_featured_media_url":"https:\/\/noticiasemdestaque.com\/cd\/wp-content\/uploads\/2023\/01\/Taca-Libertadores.webp","jetpack_sharing_enabled":true,"_links":{"self":[{"href":"https:\/\/noticiasemdestaque.com\/cd\/index.php?rest_route=\/wp\/v2\/posts\/45607","targetHints":{"allow":["GET"]}}],"collection":[{"href":"https:\/\/noticiasemdestaque.com\/cd\/index.php?rest_route=\/wp\/v2\/posts"}],"about":[{"href":"https:\/\/noticiasemdestaque.com\/cd\/index.php?rest_route=\/wp\/v2\/types\/post"}],"author":[{"embeddable":true,"href":"https:\/\/noticiasemdestaque.com\/cd\/index.php?rest_route=\/wp\/v2\/users\/2"}],"replies":[{"embeddable":true,"href":"https:\/\/noticiasemdestaque.com\/cd\/index.php?rest_route=%2Fwp%2Fv2%2Fcomments&post=45607"}],"version-history":[{"count":1,"href":"https:\/\/noticiasemdestaque.com\/cd\/index.php?rest_route=\/wp\/v2\/posts\/45607\/revisions"}],"predecessor-version":[{"id":45609,"href":"https:\/\/noticiasemdestaque.com\/cd\/index.php?rest_route=\/wp\/v2\/posts\/45607\/revisions\/45609"}],"wp:featuredmedia":[{"embeddable":true,"href":"https:\/\/noticiasemdestaque.com\/cd\/index.php?rest_route=\/wp\/v2\/media\/45608"}],"wp:attachment":[{"href":"https:\/\/noticiasemdestaque.com\/cd\/index.php?rest_route=%2Fwp%2Fv2%2Fmedia&parent=45607"}],"wp:term":[{"taxonomy":"category","embeddable":true,"href":"https:\/\/noticiasemdestaque.com\/cd\/index.php?rest_route=%2Fwp%2Fv2%2Fcategories&post=45607"},{"taxonomy":"post_tag","embeddable":true,"href":"https:\/\/noticiasemdestaque.com\/cd\/index.php?rest_route=%2Fwp%2Fv2%2Ftags&post=45607"}],"curies":[{"name":"wp","href":"https:\/\/api.w.org\/{rel}","templated":true}]}}