{"id":45601,"date":"2023-01-18T11:15:59","date_gmt":"2023-01-18T14:15:59","guid":{"rendered":"https:\/\/noticiasemdestaque.com\/cd\/?p=45601"},"modified":"2023-01-18T11:15:59","modified_gmt":"2023-01-18T14:15:59","slug":"paraiba-entra-em-estado-de-atencao-com-previsao-de-chuvas-e-rajadas","status":"publish","type":"post","link":"https:\/\/noticiasemdestaque.com\/cd\/?p=45601","title":{"rendered":"Para\u00edba entra em estado de aten\u00e7\u00e3o com previs\u00e3o de chuvas e rajadas"},"content":{"rendered":"<p>A Ag\u00eancia Executiva de Gest\u00e3o das \u00c1guas da Para\u00edba (AESA) entrou em estado de aten\u00e7\u00e3o para as pr\u00f3ximas 48 horas devido ao risco de chuvas isoladas e fortes rajadas de vento.<\/p>\n<p>Segundo a an\u00e1lise meteorol\u00f3gica, fortes ventos podem contribuir com o aumento da nebulosidade. \u201cS\u00e3o esperadas, chuvas de intensidade moderada sobre as regi\u00f5es do Agreste, Brejo e Litoral, podendo se estender para as regi\u00f5es do Alto Sert\u00e3o, Sert\u00e3o e parte do Cariri\/Curimata\u00fa\u201d, diz o documento.<\/p>\n<p>A AESA informou, ainda, que \u201cas pancadas significativas de chuva previstas para estas \u00e1reas do aviso poder\u00e3o ser localizadas\u201d.<\/p>\n<p>O coordenador da Defesa Civil de Jo\u00e3o Pessoa, Kelson Chaves, at\u00e9 \u00e0s 16h os maiores registros de pancadas tinham sido no Altiplano e em Mana\u00edra. Apesar dos registros, Kelson disse que \u201cn\u00e3o tem notifica\u00e7\u00e3o de qualquer fato anormal e seguimos em estado de alerta m\u00ednimo\u201d.<\/p>\n<p><strong>Noticias em Destaque<\/strong><\/p>\n<p style=\"text-align: right;\"><em>Fonte: Mais PB<\/em><\/p>\n","protected":false},"excerpt":{"rendered":"<p>A Ag\u00eancia Executiva de Gest\u00e3o das \u00c1guas da Para\u00edba (AESA) entrou em estado de aten\u00e7\u00e3o para as pr\u00f3ximas 48 horas devido ao risco de chuvas isoladas e fortes rajadas de vento. Segundo a an\u00e1lise meteorol\u00f3gica, fortes ventos podem contribuir com o aumento da nebulosidade. \u201cS\u00e3o esperadas, chuvas de intensidade moderada sobre as regi\u00f5es do Agreste, Brejo e Litoral, podendo se estender para as regi\u00f5es do Alto Sert\u00e3o, Sert\u00e3o e parte do Cariri\/Curimata\u00fa\u201d, diz o documento. A AESA informou, ainda, que \u201cas pancadas significativas de chuva previstas para estas \u00e1reas do aviso poder\u00e3o ser localizadas\u201d. O coordenador da Defesa Civil de Jo\u00e3o Pessoa, Kelson Chaves, at\u00e9 \u00e0s 16h os maiores registros de pancadas tinham sido no Altiplano e em Mana\u00edra. Apesar dos registros, Kelson disse que \u201cn\u00e3o tem notifica\u00e7\u00e3o de qualquer fato anormal e seguimos em estado de alerta m\u00ednimo\u201d. Noticias em Destaque Fonte: Mais PB<\/p>\n","protected":false},"author":2,"featured_media":45602,"comment_status":"closed","ping_status":"open","sticky":false,"template":"","format":"standard","meta":{"_eb_attr":"","_jetpack_memberships_contains_paid_content":false,"footnotes":""},"categories":[12],"tags":[],"class_list":["post-45601","post","type-post","status-publish","format-standard","has-post-thumbnail","hentry","category-geral"],"yoast_head":"<!-- This site is optimized with the Yoast SEO plugin v26.5 - https:\/\/yoast.com\/wordpress\/plugins\/seo\/ -->\n<title>Para\u00edba entra em estado de aten\u00e7\u00e3o com previs\u00e3o de chuvas e rajadas - Not&iacute;cias em Destaque<\/title>\n<meta name=\"robots\" content=\"index, follow, max-snippet:-1, max-image-preview:large, max-video-preview:-1\" \/>\n<link rel=\"canonical\" href=\"https:\/\/noticiasemdestaque.com\/cd\/?p=45601\" \/>\n<meta property=\"og:locale\" content=\"pt_BR\" \/>\n<meta property=\"og:type\" content=\"article\" \/>\n<meta property=\"og:title\" content=\"Para\u00edba entra em estado de aten\u00e7\u00e3o com previs\u00e3o de chuvas e rajadas - Not&iacute;cias em Destaque\" \/>\n<meta property=\"og:description\" content=\"A Ag\u00eancia Executiva de Gest\u00e3o das \u00c1guas da Para\u00edba (AESA) entrou em estado de aten\u00e7\u00e3o para as pr\u00f3ximas 48 horas devido ao risco de chuvas isoladas e fortes rajadas de vento. Segundo a an\u00e1lise meteorol\u00f3gica, fortes ventos podem contribuir com o aumento da nebulosidade. \u201cS\u00e3o esperadas, chuvas de intensidade moderada sobre as regi\u00f5es do Agreste, Brejo e Litoral, podendo se estender para as regi\u00f5es do Alto Sert\u00e3o, Sert\u00e3o e parte do Cariri\/Curimata\u00fa\u201d, diz o documento. A AESA informou, ainda, que \u201cas pancadas significativas de chuva previstas para estas \u00e1reas do aviso poder\u00e3o ser localizadas\u201d. O coordenador da Defesa Civil de Jo\u00e3o Pessoa, Kelson Chaves, at\u00e9 \u00e0s 16h os maiores registros de pancadas tinham sido no Altiplano e em Mana\u00edra. Apesar dos registros, Kelson disse que \u201cn\u00e3o tem notifica\u00e7\u00e3o de qualquer fato anormal e seguimos em estado de alerta m\u00ednimo\u201d. Noticias em Destaque Fonte: Mais PB\" \/>\n<meta property=\"og:url\" content=\"https:\/\/noticiasemdestaque.com\/cd\/?p=45601\" \/>\n<meta property=\"og:site_name\" content=\"Not&iacute;cias em Destaque\" \/>\n<meta property=\"article:published_time\" content=\"2023-01-18T14:15:59+00:00\" \/>\n<meta property=\"og:image\" content=\"https:\/\/noticiasemdestaque.com\/cd\/wp-content\/uploads\/2023\/01\/chuva.jpg\" \/>\n\t<meta property=\"og:image:width\" content=\"1280\" \/>\n\t<meta property=\"og:image:height\" content=\"847\" \/>\n\t<meta property=\"og:image:type\" content=\"image\/jpeg\" \/>\n<meta name=\"author\" content=\"Not\u00edcias em Destaque\" \/>\n<meta name=\"twitter:card\" content=\"summary_large_image\" \/>\n<meta name=\"twitter:label1\" content=\"Escrito por\" \/>\n\t<meta name=\"twitter:data1\" content=\"Not\u00edcias em Destaque\" \/>\n\t<meta name=\"twitter:label2\" content=\"Est. tempo de leitura\" \/>\n\t<meta name=\"twitter:data2\" content=\"1 minuto\" \/>\n<script type=\"application\/ld+json\" class=\"yoast-schema-graph\">{\"@context\":\"https:\/\/schema.org\",\"@graph\":[{\"@type\":\"Article\",\"@id\":\"https:\/\/noticiasemdestaque.com\/cd\/?p=45601#article\",\"isPartOf\":{\"@id\":\"https:\/\/noticiasemdestaque.com\/cd\/?p=45601\"},\"author\":{\"name\":\"Not\u00edcias em Destaque\",\"@id\":\"https:\/\/noticiasemdestaque.com\/cd\/#\/schema\/person\/47f7d4f55eec17c6b2ca036c5500f6ce\"},\"headline\":\"Para\u00edba entra em estado de aten\u00e7\u00e3o com previs\u00e3o de chuvas e rajadas\",\"datePublished\":\"2023-01-18T14:15:59+00:00\",\"mainEntityOfPage\":{\"@id\":\"https:\/\/noticiasemdestaque.com\/cd\/?p=45601\"},\"wordCount\":178,\"publisher\":{\"@id\":\"https:\/\/noticiasemdestaque.com\/cd\/#organization\"},\"image\":{\"@id\":\"https:\/\/noticiasemdestaque.com\/cd\/?p=45601#primaryimage\"},\"thumbnailUrl\":\"https:\/\/noticiasemdestaque.com\/cd\/wp-content\/uploads\/2023\/01\/chuva.jpg\",\"articleSection\":[\"Geral\"],\"inLanguage\":\"pt-BR\"},{\"@type\":\"WebPage\",\"@id\":\"https:\/\/noticiasemdestaque.com\/cd\/?p=45601\",\"url\":\"https:\/\/noticiasemdestaque.com\/cd\/?p=45601\",\"name\":\"Para\u00edba entra em estado de aten\u00e7\u00e3o com previs\u00e3o de chuvas e rajadas - Not&iacute;cias em Destaque\",\"isPartOf\":{\"@id\":\"https:\/\/noticiasemdestaque.com\/cd\/#website\"},\"primaryImageOfPage\":{\"@id\":\"https:\/\/noticiasemdestaque.com\/cd\/?p=45601#primaryimage\"},\"image\":{\"@id\":\"https:\/\/noticiasemdestaque.com\/cd\/?p=45601#primaryimage\"},\"thumbnailUrl\":\"https:\/\/noticiasemdestaque.com\/cd\/wp-content\/uploads\/2023\/01\/chuva.jpg\",\"datePublished\":\"2023-01-18T14:15:59+00:00\",\"breadcrumb\":{\"@id\":\"https:\/\/noticiasemdestaque.com\/cd\/?p=45601#breadcrumb\"},\"inLanguage\":\"pt-BR\",\"potentialAction\":[{\"@type\":\"ReadAction\",\"target\":[\"https:\/\/noticiasemdestaque.com\/cd\/?p=45601\"]}]},{\"@type\":\"ImageObject\",\"inLanguage\":\"pt-BR\",\"@id\":\"https:\/\/noticiasemdestaque.com\/cd\/?p=45601#primaryimage\",\"url\":\"https:\/\/noticiasemdestaque.com\/cd\/wp-content\/uploads\/2023\/01\/chuva.jpg\",\"contentUrl\":\"https:\/\/noticiasemdestaque.com\/cd\/wp-content\/uploads\/2023\/01\/chuva.jpg\",\"width\":1280,\"height\":847},{\"@type\":\"BreadcrumbList\",\"@id\":\"https:\/\/noticiasemdestaque.com\/cd\/?p=45601#breadcrumb\",\"itemListElement\":[{\"@type\":\"ListItem\",\"position\":1,\"name\":\"In\u00edcio\",\"item\":\"https:\/\/noticiasemdestaque.com\/cd\/\"},{\"@type\":\"ListItem\",\"position\":2,\"name\":\"Para\u00edba entra em estado de aten\u00e7\u00e3o com previs\u00e3o de chuvas e rajadas\"}]},{\"@type\":\"WebSite\",\"@id\":\"https:\/\/noticiasemdestaque.com\/cd\/#website\",\"url\":\"https:\/\/noticiasemdestaque.com\/cd\/\",\"name\":\"Not&iacute;cias em Destaque\",\"description\":\"\",\"publisher\":{\"@id\":\"https:\/\/noticiasemdestaque.com\/cd\/#organization\"},\"potentialAction\":[{\"@type\":\"SearchAction\",\"target\":{\"@type\":\"EntryPoint\",\"urlTemplate\":\"https:\/\/noticiasemdestaque.com\/cd\/?s={search_term_string}\"},\"query-input\":{\"@type\":\"PropertyValueSpecification\",\"valueRequired\":true,\"valueName\":\"search_term_string\"}}],\"inLanguage\":\"pt-BR\"},{\"@type\":\"Organization\",\"@id\":\"https:\/\/noticiasemdestaque.com\/cd\/#organization\",\"name\":\"Not\u00edcias em Destaque\",\"url\":\"https:\/\/noticiasemdestaque.com\/cd\/\",\"logo\":{\"@type\":\"ImageObject\",\"inLanguage\":\"pt-BR\",\"@id\":\"https:\/\/noticiasemdestaque.com\/cd\/#\/schema\/logo\/image\/\",\"url\":\"https:\/\/noticiasemdestaque.com\/cd\/wp-content\/uploads\/2022\/05\/imagem-base-noticiasemdestaque.png\",\"contentUrl\":\"https:\/\/noticiasemdestaque.com\/cd\/wp-content\/uploads\/2022\/05\/imagem-base-noticiasemdestaque.png\",\"width\":1200,\"height\":630,\"caption\":\"Not\u00edcias em Destaque\"},\"image\":{\"@id\":\"https:\/\/noticiasemdestaque.com\/cd\/#\/schema\/logo\/image\/\"}},{\"@type\":\"Person\",\"@id\":\"https:\/\/noticiasemdestaque.com\/cd\/#\/schema\/person\/47f7d4f55eec17c6b2ca036c5500f6ce\",\"name\":\"Not\u00edcias em Destaque\",\"url\":\"https:\/\/noticiasemdestaque.com\/cd\/?author=2\"}]}<\/script>\n<!-- \/ Yoast SEO plugin. -->","yoast_head_json":{"title":"Para\u00edba entra em estado de aten\u00e7\u00e3o com previs\u00e3o de chuvas e rajadas - Not&iacute;cias em Destaque","robots":{"index":"index","follow":"follow","max-snippet":"max-snippet:-1","max-image-preview":"max-image-preview:large","max-video-preview":"max-video-preview:-1"},"canonical":"https:\/\/noticiasemdestaque.com\/cd\/?p=45601","og_locale":"pt_BR","og_type":"article","og_title":"Para\u00edba entra em estado de aten\u00e7\u00e3o com previs\u00e3o de chuvas e rajadas - Not&iacute;cias em Destaque","og_description":"A Ag\u00eancia Executiva de Gest\u00e3o das \u00c1guas da Para\u00edba (AESA) entrou em estado de aten\u00e7\u00e3o para as pr\u00f3ximas 48 horas devido ao risco de chuvas isoladas e fortes rajadas de vento. Segundo a an\u00e1lise meteorol\u00f3gica, fortes ventos podem contribuir com o aumento da nebulosidade. \u201cS\u00e3o esperadas, chuvas de intensidade moderada sobre as regi\u00f5es do Agreste, Brejo e Litoral, podendo se estender para as regi\u00f5es do Alto Sert\u00e3o, Sert\u00e3o e parte do Cariri\/Curimata\u00fa\u201d, diz o documento. A AESA informou, ainda, que \u201cas pancadas significativas de chuva previstas para estas \u00e1reas do aviso poder\u00e3o ser localizadas\u201d. O coordenador da Defesa Civil de Jo\u00e3o Pessoa, Kelson Chaves, at\u00e9 \u00e0s 16h os maiores registros de pancadas tinham sido no Altiplano e em Mana\u00edra. Apesar dos registros, Kelson disse que \u201cn\u00e3o tem notifica\u00e7\u00e3o de qualquer fato anormal e seguimos em estado de alerta m\u00ednimo\u201d. Noticias em Destaque Fonte: Mais PB","og_url":"https:\/\/noticiasemdestaque.com\/cd\/?p=45601","og_site_name":"Not&iacute;cias em Destaque","article_published_time":"2023-01-18T14:15:59+00:00","og_image":[{"width":1280,"height":847,"url":"https:\/\/noticiasemdestaque.com\/cd\/wp-content\/uploads\/2023\/01\/chuva.jpg","type":"image\/jpeg"}],"author":"Not\u00edcias em Destaque","twitter_card":"summary_large_image","twitter_misc":{"Escrito por":"Not\u00edcias em Destaque","Est. tempo de leitura":"1 minuto"},"schema":{"@context":"https:\/\/schema.org","@graph":[{"@type":"Article","@id":"https:\/\/noticiasemdestaque.com\/cd\/?p=45601#article","isPartOf":{"@id":"https:\/\/noticiasemdestaque.com\/cd\/?p=45601"},"author":{"name":"Not\u00edcias em Destaque","@id":"https:\/\/noticiasemdestaque.com\/cd\/#\/schema\/person\/47f7d4f55eec17c6b2ca036c5500f6ce"},"headline":"Para\u00edba entra em estado de aten\u00e7\u00e3o com previs\u00e3o de chuvas e rajadas","datePublished":"2023-01-18T14:15:59+00:00","mainEntityOfPage":{"@id":"https:\/\/noticiasemdestaque.com\/cd\/?p=45601"},"wordCount":178,"publisher":{"@id":"https:\/\/noticiasemdestaque.com\/cd\/#organization"},"image":{"@id":"https:\/\/noticiasemdestaque.com\/cd\/?p=45601#primaryimage"},"thumbnailUrl":"https:\/\/noticiasemdestaque.com\/cd\/wp-content\/uploads\/2023\/01\/chuva.jpg","articleSection":["Geral"],"inLanguage":"pt-BR"},{"@type":"WebPage","@id":"https:\/\/noticiasemdestaque.com\/cd\/?p=45601","url":"https:\/\/noticiasemdestaque.com\/cd\/?p=45601","name":"Para\u00edba entra em estado de aten\u00e7\u00e3o com previs\u00e3o de chuvas e rajadas - Not&iacute;cias em Destaque","isPartOf":{"@id":"https:\/\/noticiasemdestaque.com\/cd\/#website"},"primaryImageOfPage":{"@id":"https:\/\/noticiasemdestaque.com\/cd\/?p=45601#primaryimage"},"image":{"@id":"https:\/\/noticiasemdestaque.com\/cd\/?p=45601#primaryimage"},"thumbnailUrl":"https:\/\/noticiasemdestaque.com\/cd\/wp-content\/uploads\/2023\/01\/chuva.jpg","datePublished":"2023-01-18T14:15:59+00:00","breadcrumb":{"@id":"https:\/\/noticiasemdestaque.com\/cd\/?p=45601#breadcrumb"},"inLanguage":"pt-BR","potentialAction":[{"@type":"ReadAction","target":["https:\/\/noticiasemdestaque.com\/cd\/?p=45601"]}]},{"@type":"ImageObject","inLanguage":"pt-BR","@id":"https:\/\/noticiasemdestaque.com\/cd\/?p=45601#primaryimage","url":"https:\/\/noticiasemdestaque.com\/cd\/wp-content\/uploads\/2023\/01\/chuva.jpg","contentUrl":"https:\/\/noticiasemdestaque.com\/cd\/wp-content\/uploads\/2023\/01\/chuva.jpg","width":1280,"height":847},{"@type":"BreadcrumbList","@id":"https:\/\/noticiasemdestaque.com\/cd\/?p=45601#breadcrumb","itemListElement":[{"@type":"ListItem","position":1,"name":"In\u00edcio","item":"https:\/\/noticiasemdestaque.com\/cd\/"},{"@type":"ListItem","position":2,"name":"Para\u00edba entra em estado de aten\u00e7\u00e3o com previs\u00e3o de chuvas e rajadas"}]},{"@type":"WebSite","@id":"https:\/\/noticiasemdestaque.com\/cd\/#website","url":"https:\/\/noticiasemdestaque.com\/cd\/","name":"Not&iacute;cias em Destaque","description":"","publisher":{"@id":"https:\/\/noticiasemdestaque.com\/cd\/#organization"},"potentialAction":[{"@type":"SearchAction","target":{"@type":"EntryPoint","urlTemplate":"https:\/\/noticiasemdestaque.com\/cd\/?s={search_term_string}"},"query-input":{"@type":"PropertyValueSpecification","valueRequired":true,"valueName":"search_term_string"}}],"inLanguage":"pt-BR"},{"@type":"Organization","@id":"https:\/\/noticiasemdestaque.com\/cd\/#organization","name":"Not\u00edcias em Destaque","url":"https:\/\/noticiasemdestaque.com\/cd\/","logo":{"@type":"ImageObject","inLanguage":"pt-BR","@id":"https:\/\/noticiasemdestaque.com\/cd\/#\/schema\/logo\/image\/","url":"https:\/\/noticiasemdestaque.com\/cd\/wp-content\/uploads\/2022\/05\/imagem-base-noticiasemdestaque.png","contentUrl":"https:\/\/noticiasemdestaque.com\/cd\/wp-content\/uploads\/2022\/05\/imagem-base-noticiasemdestaque.png","width":1200,"height":630,"caption":"Not\u00edcias em Destaque"},"image":{"@id":"https:\/\/noticiasemdestaque.com\/cd\/#\/schema\/logo\/image\/"}},{"@type":"Person","@id":"https:\/\/noticiasemdestaque.com\/cd\/#\/schema\/person\/47f7d4f55eec17c6b2ca036c5500f6ce","name":"Not\u00edcias em Destaque","url":"https:\/\/noticiasemdestaque.com\/cd\/?author=2"}]}},"jetpack_featured_media_url":"https:\/\/noticiasemdestaque.com\/cd\/wp-content\/uploads\/2023\/01\/chuva.jpg","jetpack_sharing_enabled":true,"_links":{"self":[{"href":"https:\/\/noticiasemdestaque.com\/cd\/index.php?rest_route=\/wp\/v2\/posts\/45601","targetHints":{"allow":["GET"]}}],"collection":[{"href":"https:\/\/noticiasemdestaque.com\/cd\/index.php?rest_route=\/wp\/v2\/posts"}],"about":[{"href":"https:\/\/noticiasemdestaque.com\/cd\/index.php?rest_route=\/wp\/v2\/types\/post"}],"author":[{"embeddable":true,"href":"https:\/\/noticiasemdestaque.com\/cd\/index.php?rest_route=\/wp\/v2\/users\/2"}],"replies":[{"embeddable":true,"href":"https:\/\/noticiasemdestaque.com\/cd\/index.php?rest_route=%2Fwp%2Fv2%2Fcomments&post=45601"}],"version-history":[{"count":1,"href":"https:\/\/noticiasemdestaque.com\/cd\/index.php?rest_route=\/wp\/v2\/posts\/45601\/revisions"}],"predecessor-version":[{"id":45603,"href":"https:\/\/noticiasemdestaque.com\/cd\/index.php?rest_route=\/wp\/v2\/posts\/45601\/revisions\/45603"}],"wp:featuredmedia":[{"embeddable":true,"href":"https:\/\/noticiasemdestaque.com\/cd\/index.php?rest_route=\/wp\/v2\/media\/45602"}],"wp:attachment":[{"href":"https:\/\/noticiasemdestaque.com\/cd\/index.php?rest_route=%2Fwp%2Fv2%2Fmedia&parent=45601"}],"wp:term":[{"taxonomy":"category","embeddable":true,"href":"https:\/\/noticiasemdestaque.com\/cd\/index.php?rest_route=%2Fwp%2Fv2%2Fcategories&post=45601"},{"taxonomy":"post_tag","embeddable":true,"href":"https:\/\/noticiasemdestaque.com\/cd\/index.php?rest_route=%2Fwp%2Fv2%2Ftags&post=45601"}],"curies":[{"name":"wp","href":"https:\/\/api.w.org\/{rel}","templated":true}]}}