{"id":4559,"date":"2017-09-23T12:45:22","date_gmt":"2017-09-23T15:45:22","guid":{"rendered":"http:\/\/caririemdestaque.com\/cd\/?p=4559"},"modified":"2017-09-23T12:45:22","modified_gmt":"2017-09-23T15:45:22","slug":"mapeamento-do-umbuzeiro-no-cariri-e-tema-do-1o-simposio-paraibano-do-umbu","status":"publish","type":"post","link":"https:\/\/noticiasemdestaque.com\/cd\/?p=4559","title":{"rendered":"Mapeamento do umbuzeiro no cariri \u00e9 tema do 1\u00ba Simp\u00f3sio Paraibano do Umbu"},"content":{"rendered":"<p><a href=\"http:\/\/caririemdestaque.com\/cd\/wp-content\/uploads\/2017\/09\/umbu.jpeg\"><img fetchpriority=\"high\" decoding=\"async\" class=\"wp-image-4560 size-medium alignleft\" src=\"http:\/\/caririemdestaque.com\/cd\/wp-content\/uploads\/2017\/09\/umbu-300x185.jpeg\" alt=\"\" width=\"300\" height=\"185\" srcset=\"https:\/\/noticiasemdestaque.com\/cd\/wp-content\/uploads\/2017\/09\/umbu-300x185.jpeg 300w, https:\/\/noticiasemdestaque.com\/cd\/wp-content\/uploads\/2017\/09\/umbu.jpeg 620w\" sizes=\"(max-width: 300px) 100vw, 300px\" \/><\/a>O cultivo do umbu como alternativa de renda para agricultores familiares no semi\u00e1rido paraibano foi debatido durante o 1\u00ba Simp\u00f3sio Paraibano do Umbu realizado no Instituto Nacional do Semi\u00e1rido \u2013 INSA, em Campina Grande, na quinta-feira (21), com a participa\u00e7\u00e3o de produtores, pesquisadores, t\u00e9cnicos e estudantes.<\/p>\n<p>O Governo do Estado disp\u00f5e de pesquisas que poder\u00e3o colaborar para o fortalecimento desta atividade agr\u00edcola e, na abertura do evento, o presidente da Gest\u00e3o Unificada Emepa\/Interpa\/Emater, Nivaldo Magalh\u00e3es, informou que o \u00f3rg\u00e3o empregar\u00e1 seus extensionistas e pesquisadores para consolidar este importante projeto do umbu na Para\u00edba.<\/p>\n<p>Assim como a Empresa Brasileira de Pesquisa Agropecu\u00e1ria (Embrapa), a Empresa Estadual de Pesquisa Agropecu\u00e1ria (Emepa) tem um banco de estudos sobre o cultivo do umbuzeiro dispon\u00edvel aos agricultores e na ocasi\u00e3o foram apresentados pelos pesquisadores Saulo Tarso Aidar e Jorge Caz\u00e9. O pesquisador e extensionista da Emater Ely Martins falou sobre as condi\u00e7\u00f5es agroclim\u00e1ticas e potencial produtivo do umbu na Para\u00edba.<\/p>\n<p>Durante o evento, os presentes ouviram as experi\u00eancias de sucesso de cooperativas de produ\u00e7\u00e3o, beneficiamento e comercializa\u00e7\u00e3o de umbu existentes nos munic\u00edpios de Uau\u00e1, em Vit\u00f3ria da Conquista e Manoel Vitorino, na Bahia, onde em menos de duas d\u00e9cadas tiveram avan\u00e7os no sentido de conscientiza\u00e7\u00e3o e conquistas.<\/p>\n<p>A Embrapa apresentou as experi\u00eancias e pesquisas com umbuzeiro. Os expositores afirmam que o semi\u00e1rido paraibano apresenta boas condi\u00e7\u00f5es para o cultivo desta planta. A orienta\u00e7\u00e3o \u00e9 para que se busque agrega\u00e7\u00e3o de valores aos frutos.<\/p>\n<p>Na ocasi\u00e3o, os participantes tiveram informa\u00e7\u00f5es sobre pol\u00edticas p\u00fablicas de beneficiamento e comercializa\u00e7\u00e3o do umbu praticadas pela Conab, e tomaram conhecimento acerca do mapeamento do umbuzeiro no cariri paraibano feito pela Prefeitura de Sum\u00e9 que ajudam na preserva\u00e7\u00e3o e na constru\u00e7\u00e3o de um projeto de preserva\u00e7\u00e3o e de cultivo deste planta que \u00e9 considerada s\u00edmbolo para a regi\u00e3o.<\/p>\n<p>O agricultor Severino Maciel deu testemunho da import\u00e2ncia do umbu para a regi\u00e3o e tamb\u00e9m \u00e0s fam\u00edlias que se beneficiam dele. No seu entender, se em outros estados essa atividade vem obtendo sucesso, na Para\u00edba n\u00e3o poderia ser diferente. Disse acreditar neste projeto e acrescentou: \u201cO umbu d\u00e1 de comer e de beber a minha fam\u00edlia\u201d, disse.<\/p>\n<p>O interc\u00e2mbio dos paraibanos para amplia\u00e7\u00e3o de conhecimento e experi\u00eancias com os agricultores baianos aconteceu a partir de uma visita que uma equipe do Sindicato dos Agr\u00f4nomos, Veterin\u00e1rios e Zootecnistas e Entes P\u00fablicas do Estado da Para\u00edba (Sinavez) e, agora com a uni\u00e3o de diversos parceiros, foi realizado o simp\u00f3sio que, segundo seus organizadores, foi coroado de \u00eaxito e acreditam que no futuro ser\u00e3o colhidos os frutos desta iniciativa.<\/p>\n<p>Fonte: Secom PB<\/p>\n","protected":false},"excerpt":{"rendered":"<p>O cultivo do umbu como alternativa de renda para agricultores familiares no semi\u00e1rido paraibano foi debatido durante o 1\u00ba Simp\u00f3sio Paraibano do Umbu realizado no Instituto Nacional do Semi\u00e1rido \u2013 INSA, em Campina Grande, na quinta-feira (21), com a participa\u00e7\u00e3o de produtores, pesquisadores, t\u00e9cnicos e estudantes. O Governo do Estado disp\u00f5e de pesquisas que poder\u00e3o colaborar para o fortalecimento desta atividade agr\u00edcola e, na abertura do evento, o presidente da Gest\u00e3o Unificada Emepa\/Interpa\/Emater, Nivaldo Magalh\u00e3es, informou que o \u00f3rg\u00e3o empregar\u00e1 seus extensionistas e pesquisadores para consolidar este importante projeto do umbu na Para\u00edba. Assim como a Empresa Brasileira de Pesquisa Agropecu\u00e1ria (Embrapa), a Empresa Estadual de Pesquisa Agropecu\u00e1ria (Emepa) tem um banco de estudos sobre o cultivo do umbuzeiro dispon\u00edvel aos agricultores e na ocasi\u00e3o foram apresentados pelos pesquisadores Saulo Tarso Aidar e Jorge Caz\u00e9. O pesquisador e extensionista da Emater Ely Martins falou sobre as condi\u00e7\u00f5es agroclim\u00e1ticas e potencial produtivo do umbu na Para\u00edba. Durante o evento, os presentes ouviram as experi\u00eancias de sucesso de cooperativas de produ\u00e7\u00e3o, beneficiamento e comercializa\u00e7\u00e3o de umbu existentes nos munic\u00edpios de Uau\u00e1, em Vit\u00f3ria da Conquista e Manoel Vitorino, na Bahia, onde em menos de duas d\u00e9cadas tiveram avan\u00e7os no sentido de conscientiza\u00e7\u00e3o e conquistas. A Embrapa apresentou as experi\u00eancias e pesquisas com umbuzeiro. Os expositores afirmam que o semi\u00e1rido paraibano apresenta boas condi\u00e7\u00f5es para o cultivo desta planta. A orienta\u00e7\u00e3o \u00e9 para que se busque agrega\u00e7\u00e3o de valores aos frutos. Na ocasi\u00e3o, os participantes tiveram informa\u00e7\u00f5es sobre pol\u00edticas p\u00fablicas de beneficiamento e comercializa\u00e7\u00e3o do umbu praticadas pela Conab, e tomaram conhecimento acerca do mapeamento do umbuzeiro no cariri paraibano feito pela Prefeitura de Sum\u00e9 que ajudam na preserva\u00e7\u00e3o e na constru\u00e7\u00e3o de um projeto de preserva\u00e7\u00e3o e de cultivo deste planta que \u00e9 considerada s\u00edmbolo para a regi\u00e3o. O agricultor Severino Maciel deu testemunho da import\u00e2ncia do umbu para a regi\u00e3o e tamb\u00e9m \u00e0s fam\u00edlias que se beneficiam dele. No seu entender, se em outros estados essa atividade vem obtendo sucesso, na Para\u00edba n\u00e3o poderia ser diferente. Disse acreditar neste projeto e acrescentou: \u201cO umbu d\u00e1 de comer e de beber a minha fam\u00edlia\u201d, disse. O interc\u00e2mbio dos paraibanos para amplia\u00e7\u00e3o de conhecimento e experi\u00eancias com os agricultores baianos aconteceu a partir de uma visita que uma equipe do Sindicato dos Agr\u00f4nomos, Veterin\u00e1rios e Zootecnistas e Entes P\u00fablicas do Estado da Para\u00edba (Sinavez) e, agora com a uni\u00e3o de diversos parceiros, foi realizado o simp\u00f3sio que, segundo seus organizadores, foi coroado de \u00eaxito e acreditam que no futuro ser\u00e3o colhidos os frutos desta iniciativa. Fonte: Secom PB<\/p>\n","protected":false},"author":2,"featured_media":4560,"comment_status":"closed","ping_status":"open","sticky":false,"template":"","format":"standard","meta":{"_eb_attr":"","_jetpack_memberships_contains_paid_content":false,"footnotes":""},"categories":[3],"tags":[],"class_list":["post-4559","post","type-post","status-publish","format-standard","has-post-thumbnail","hentry","category-cidades"],"yoast_head":"<!-- This site is optimized with the Yoast SEO plugin v26.5 - https:\/\/yoast.com\/wordpress\/plugins\/seo\/ -->\n<title>Mapeamento do umbuzeiro no cariri \u00e9 tema do 1\u00ba Simp\u00f3sio Paraibano do Umbu - Not&iacute;cias em Destaque<\/title>\n<meta name=\"robots\" content=\"index, follow, max-snippet:-1, max-image-preview:large, max-video-preview:-1\" \/>\n<link rel=\"canonical\" href=\"https:\/\/noticiasemdestaque.com\/cd\/?p=4559\" \/>\n<meta property=\"og:locale\" content=\"pt_BR\" \/>\n<meta property=\"og:type\" content=\"article\" \/>\n<meta property=\"og:title\" content=\"Mapeamento do umbuzeiro no cariri \u00e9 tema do 1\u00ba Simp\u00f3sio Paraibano do Umbu - Not&iacute;cias em Destaque\" \/>\n<meta property=\"og:description\" content=\"O cultivo do umbu como alternativa de renda para agricultores familiares no semi\u00e1rido paraibano foi debatido durante o 1\u00ba Simp\u00f3sio Paraibano do Umbu realizado no Instituto Nacional do Semi\u00e1rido \u2013 INSA, em Campina Grande, na quinta-feira (21), com a participa\u00e7\u00e3o de produtores, pesquisadores, t\u00e9cnicos e estudantes. O Governo do Estado disp\u00f5e de pesquisas que poder\u00e3o colaborar para o fortalecimento desta atividade agr\u00edcola e, na abertura do evento, o presidente da Gest\u00e3o Unificada Emepa\/Interpa\/Emater, Nivaldo Magalh\u00e3es, informou que o \u00f3rg\u00e3o empregar\u00e1 seus extensionistas e pesquisadores para consolidar este importante projeto do umbu na Para\u00edba. Assim como a Empresa Brasileira de Pesquisa Agropecu\u00e1ria (Embrapa), a Empresa Estadual de Pesquisa Agropecu\u00e1ria (Emepa) tem um banco de estudos sobre o cultivo do umbuzeiro dispon\u00edvel aos agricultores e na ocasi\u00e3o foram apresentados pelos pesquisadores Saulo Tarso Aidar e Jorge Caz\u00e9. O pesquisador e extensionista da Emater Ely Martins falou sobre as condi\u00e7\u00f5es agroclim\u00e1ticas e potencial produtivo do umbu na Para\u00edba. Durante o evento, os presentes ouviram as experi\u00eancias de sucesso de cooperativas de produ\u00e7\u00e3o, beneficiamento e comercializa\u00e7\u00e3o de umbu existentes nos munic\u00edpios de Uau\u00e1, em Vit\u00f3ria da Conquista e Manoel Vitorino, na Bahia, onde em menos de duas d\u00e9cadas tiveram avan\u00e7os no sentido de conscientiza\u00e7\u00e3o e conquistas. A Embrapa apresentou as experi\u00eancias e pesquisas com umbuzeiro. Os expositores afirmam que o semi\u00e1rido paraibano apresenta boas condi\u00e7\u00f5es para o cultivo desta planta. A orienta\u00e7\u00e3o \u00e9 para que se busque agrega\u00e7\u00e3o de valores aos frutos. Na ocasi\u00e3o, os participantes tiveram informa\u00e7\u00f5es sobre pol\u00edticas p\u00fablicas de beneficiamento e comercializa\u00e7\u00e3o do umbu praticadas pela Conab, e tomaram conhecimento acerca do mapeamento do umbuzeiro no cariri paraibano feito pela Prefeitura de Sum\u00e9 que ajudam na preserva\u00e7\u00e3o e na constru\u00e7\u00e3o de um projeto de preserva\u00e7\u00e3o e de cultivo deste planta que \u00e9 considerada s\u00edmbolo para a regi\u00e3o. O agricultor Severino Maciel deu testemunho da import\u00e2ncia do umbu para a regi\u00e3o e tamb\u00e9m \u00e0s fam\u00edlias que se beneficiam dele. No seu entender, se em outros estados essa atividade vem obtendo sucesso, na Para\u00edba n\u00e3o poderia ser diferente. Disse acreditar neste projeto e acrescentou: \u201cO umbu d\u00e1 de comer e de beber a minha fam\u00edlia\u201d, disse. O interc\u00e2mbio dos paraibanos para amplia\u00e7\u00e3o de conhecimento e experi\u00eancias com os agricultores baianos aconteceu a partir de uma visita que uma equipe do Sindicato dos Agr\u00f4nomos, Veterin\u00e1rios e Zootecnistas e Entes P\u00fablicas do Estado da Para\u00edba (Sinavez) e, agora com a uni\u00e3o de diversos parceiros, foi realizado o simp\u00f3sio que, segundo seus organizadores, foi coroado de \u00eaxito e acreditam que no futuro ser\u00e3o colhidos os frutos desta iniciativa. Fonte: Secom PB\" \/>\n<meta property=\"og:url\" content=\"https:\/\/noticiasemdestaque.com\/cd\/?p=4559\" \/>\n<meta property=\"og:site_name\" content=\"Not&iacute;cias em Destaque\" \/>\n<meta property=\"article:published_time\" content=\"2017-09-23T15:45:22+00:00\" \/>\n<meta property=\"og:image\" content=\"https:\/\/noticiasemdestaque.com\/cd\/wp-content\/uploads\/2017\/09\/umbu.jpeg\" \/>\n\t<meta property=\"og:image:width\" content=\"620\" \/>\n\t<meta property=\"og:image:height\" content=\"383\" \/>\n\t<meta property=\"og:image:type\" content=\"image\/jpeg\" \/>\n<meta name=\"author\" content=\"Not\u00edcias em Destaque\" \/>\n<meta name=\"twitter:card\" content=\"summary_large_image\" \/>\n<meta name=\"twitter:label1\" content=\"Escrito por\" \/>\n\t<meta name=\"twitter:data1\" content=\"Not\u00edcias em Destaque\" \/>\n\t<meta name=\"twitter:label2\" content=\"Est. tempo de leitura\" \/>\n\t<meta name=\"twitter:data2\" content=\"2 minutos\" \/>\n<script type=\"application\/ld+json\" class=\"yoast-schema-graph\">{\"@context\":\"https:\/\/schema.org\",\"@graph\":[{\"@type\":\"Article\",\"@id\":\"https:\/\/noticiasemdestaque.com\/cd\/?p=4559#article\",\"isPartOf\":{\"@id\":\"https:\/\/noticiasemdestaque.com\/cd\/?p=4559\"},\"author\":{\"name\":\"Not\u00edcias em Destaque\",\"@id\":\"https:\/\/noticiasemdestaque.com\/cd\/#\/schema\/person\/21320b03a7e8bb90128938dafc9b908a\"},\"headline\":\"Mapeamento do umbuzeiro no cariri \u00e9 tema do 1\u00ba Simp\u00f3sio Paraibano do Umbu\",\"datePublished\":\"2017-09-23T15:45:22+00:00\",\"mainEntityOfPage\":{\"@id\":\"https:\/\/noticiasemdestaque.com\/cd\/?p=4559\"},\"wordCount\":493,\"publisher\":{\"@id\":\"https:\/\/noticiasemdestaque.com\/cd\/#organization\"},\"image\":{\"@id\":\"https:\/\/noticiasemdestaque.com\/cd\/?p=4559#primaryimage\"},\"thumbnailUrl\":\"https:\/\/noticiasemdestaque.com\/cd\/wp-content\/uploads\/2017\/09\/umbu.jpeg\",\"articleSection\":[\"Cidades\"],\"inLanguage\":\"pt-BR\"},{\"@type\":\"WebPage\",\"@id\":\"https:\/\/noticiasemdestaque.com\/cd\/?p=4559\",\"url\":\"https:\/\/noticiasemdestaque.com\/cd\/?p=4559\",\"name\":\"Mapeamento do umbuzeiro no cariri \u00e9 tema do 1\u00ba Simp\u00f3sio Paraibano do Umbu - Not&iacute;cias em Destaque\",\"isPartOf\":{\"@id\":\"https:\/\/noticiasemdestaque.com\/cd\/#website\"},\"primaryImageOfPage\":{\"@id\":\"https:\/\/noticiasemdestaque.com\/cd\/?p=4559#primaryimage\"},\"image\":{\"@id\":\"https:\/\/noticiasemdestaque.com\/cd\/?p=4559#primaryimage\"},\"thumbnailUrl\":\"https:\/\/noticiasemdestaque.com\/cd\/wp-content\/uploads\/2017\/09\/umbu.jpeg\",\"datePublished\":\"2017-09-23T15:45:22+00:00\",\"breadcrumb\":{\"@id\":\"https:\/\/noticiasemdestaque.com\/cd\/?p=4559#breadcrumb\"},\"inLanguage\":\"pt-BR\",\"potentialAction\":[{\"@type\":\"ReadAction\",\"target\":[\"https:\/\/noticiasemdestaque.com\/cd\/?p=4559\"]}]},{\"@type\":\"ImageObject\",\"inLanguage\":\"pt-BR\",\"@id\":\"https:\/\/noticiasemdestaque.com\/cd\/?p=4559#primaryimage\",\"url\":\"https:\/\/noticiasemdestaque.com\/cd\/wp-content\/uploads\/2017\/09\/umbu.jpeg\",\"contentUrl\":\"https:\/\/noticiasemdestaque.com\/cd\/wp-content\/uploads\/2017\/09\/umbu.jpeg\",\"width\":620,\"height\":383},{\"@type\":\"BreadcrumbList\",\"@id\":\"https:\/\/noticiasemdestaque.com\/cd\/?p=4559#breadcrumb\",\"itemListElement\":[{\"@type\":\"ListItem\",\"position\":1,\"name\":\"In\u00edcio\",\"item\":\"https:\/\/noticiasemdestaque.com\/cd\/\"},{\"@type\":\"ListItem\",\"position\":2,\"name\":\"Mapeamento do umbuzeiro no cariri \u00e9 tema do 1\u00ba Simp\u00f3sio Paraibano do Umbu\"}]},{\"@type\":\"WebSite\",\"@id\":\"https:\/\/noticiasemdestaque.com\/cd\/#website\",\"url\":\"https:\/\/noticiasemdestaque.com\/cd\/\",\"name\":\"Not&iacute;cias em Destaque\",\"description\":\"\",\"publisher\":{\"@id\":\"https:\/\/noticiasemdestaque.com\/cd\/#organization\"},\"potentialAction\":[{\"@type\":\"SearchAction\",\"target\":{\"@type\":\"EntryPoint\",\"urlTemplate\":\"https:\/\/noticiasemdestaque.com\/cd\/?s={search_term_string}\"},\"query-input\":{\"@type\":\"PropertyValueSpecification\",\"valueRequired\":true,\"valueName\":\"search_term_string\"}}],\"inLanguage\":\"pt-BR\"},{\"@type\":\"Organization\",\"@id\":\"https:\/\/noticiasemdestaque.com\/cd\/#organization\",\"name\":\"Not\u00edcias em Destaque\",\"url\":\"https:\/\/noticiasemdestaque.com\/cd\/\",\"logo\":{\"@type\":\"ImageObject\",\"inLanguage\":\"pt-BR\",\"@id\":\"https:\/\/noticiasemdestaque.com\/cd\/#\/schema\/logo\/image\/\",\"url\":\"https:\/\/noticiasemdestaque.com\/cd\/wp-content\/uploads\/2022\/05\/imagem-base-noticiasemdestaque.png\",\"contentUrl\":\"https:\/\/noticiasemdestaque.com\/cd\/wp-content\/uploads\/2022\/05\/imagem-base-noticiasemdestaque.png\",\"width\":1200,\"height\":630,\"caption\":\"Not\u00edcias em Destaque\"},\"image\":{\"@id\":\"https:\/\/noticiasemdestaque.com\/cd\/#\/schema\/logo\/image\/\"}},{\"@type\":\"Person\",\"@id\":\"https:\/\/noticiasemdestaque.com\/cd\/#\/schema\/person\/21320b03a7e8bb90128938dafc9b908a\",\"name\":\"Not\u00edcias em Destaque\",\"url\":\"https:\/\/noticiasemdestaque.com\/cd\/?author=2\"}]}<\/script>\n<!-- \/ Yoast SEO plugin. -->","yoast_head_json":{"title":"Mapeamento do umbuzeiro no cariri \u00e9 tema do 1\u00ba Simp\u00f3sio Paraibano do Umbu - Not&iacute;cias em Destaque","robots":{"index":"index","follow":"follow","max-snippet":"max-snippet:-1","max-image-preview":"max-image-preview:large","max-video-preview":"max-video-preview:-1"},"canonical":"https:\/\/noticiasemdestaque.com\/cd\/?p=4559","og_locale":"pt_BR","og_type":"article","og_title":"Mapeamento do umbuzeiro no cariri \u00e9 tema do 1\u00ba Simp\u00f3sio Paraibano do Umbu - Not&iacute;cias em Destaque","og_description":"O cultivo do umbu como alternativa de renda para agricultores familiares no semi\u00e1rido paraibano foi debatido durante o 1\u00ba Simp\u00f3sio Paraibano do Umbu realizado no Instituto Nacional do Semi\u00e1rido \u2013 INSA, em Campina Grande, na quinta-feira (21), com a participa\u00e7\u00e3o de produtores, pesquisadores, t\u00e9cnicos e estudantes. O Governo do Estado disp\u00f5e de pesquisas que poder\u00e3o colaborar para o fortalecimento desta atividade agr\u00edcola e, na abertura do evento, o presidente da Gest\u00e3o Unificada Emepa\/Interpa\/Emater, Nivaldo Magalh\u00e3es, informou que o \u00f3rg\u00e3o empregar\u00e1 seus extensionistas e pesquisadores para consolidar este importante projeto do umbu na Para\u00edba. Assim como a Empresa Brasileira de Pesquisa Agropecu\u00e1ria (Embrapa), a Empresa Estadual de Pesquisa Agropecu\u00e1ria (Emepa) tem um banco de estudos sobre o cultivo do umbuzeiro dispon\u00edvel aos agricultores e na ocasi\u00e3o foram apresentados pelos pesquisadores Saulo Tarso Aidar e Jorge Caz\u00e9. O pesquisador e extensionista da Emater Ely Martins falou sobre as condi\u00e7\u00f5es agroclim\u00e1ticas e potencial produtivo do umbu na Para\u00edba. Durante o evento, os presentes ouviram as experi\u00eancias de sucesso de cooperativas de produ\u00e7\u00e3o, beneficiamento e comercializa\u00e7\u00e3o de umbu existentes nos munic\u00edpios de Uau\u00e1, em Vit\u00f3ria da Conquista e Manoel Vitorino, na Bahia, onde em menos de duas d\u00e9cadas tiveram avan\u00e7os no sentido de conscientiza\u00e7\u00e3o e conquistas. A Embrapa apresentou as experi\u00eancias e pesquisas com umbuzeiro. Os expositores afirmam que o semi\u00e1rido paraibano apresenta boas condi\u00e7\u00f5es para o cultivo desta planta. A orienta\u00e7\u00e3o \u00e9 para que se busque agrega\u00e7\u00e3o de valores aos frutos. Na ocasi\u00e3o, os participantes tiveram informa\u00e7\u00f5es sobre pol\u00edticas p\u00fablicas de beneficiamento e comercializa\u00e7\u00e3o do umbu praticadas pela Conab, e tomaram conhecimento acerca do mapeamento do umbuzeiro no cariri paraibano feito pela Prefeitura de Sum\u00e9 que ajudam na preserva\u00e7\u00e3o e na constru\u00e7\u00e3o de um projeto de preserva\u00e7\u00e3o e de cultivo deste planta que \u00e9 considerada s\u00edmbolo para a regi\u00e3o. O agricultor Severino Maciel deu testemunho da import\u00e2ncia do umbu para a regi\u00e3o e tamb\u00e9m \u00e0s fam\u00edlias que se beneficiam dele. No seu entender, se em outros estados essa atividade vem obtendo sucesso, na Para\u00edba n\u00e3o poderia ser diferente. Disse acreditar neste projeto e acrescentou: \u201cO umbu d\u00e1 de comer e de beber a minha fam\u00edlia\u201d, disse. O interc\u00e2mbio dos paraibanos para amplia\u00e7\u00e3o de conhecimento e experi\u00eancias com os agricultores baianos aconteceu a partir de uma visita que uma equipe do Sindicato dos Agr\u00f4nomos, Veterin\u00e1rios e Zootecnistas e Entes P\u00fablicas do Estado da Para\u00edba (Sinavez) e, agora com a uni\u00e3o de diversos parceiros, foi realizado o simp\u00f3sio que, segundo seus organizadores, foi coroado de \u00eaxito e acreditam que no futuro ser\u00e3o colhidos os frutos desta iniciativa. Fonte: Secom PB","og_url":"https:\/\/noticiasemdestaque.com\/cd\/?p=4559","og_site_name":"Not&iacute;cias em Destaque","article_published_time":"2017-09-23T15:45:22+00:00","og_image":[{"width":620,"height":383,"url":"https:\/\/noticiasemdestaque.com\/cd\/wp-content\/uploads\/2017\/09\/umbu.jpeg","type":"image\/jpeg"}],"author":"Not\u00edcias em Destaque","twitter_card":"summary_large_image","twitter_misc":{"Escrito por":"Not\u00edcias em Destaque","Est. tempo de leitura":"2 minutos"},"schema":{"@context":"https:\/\/schema.org","@graph":[{"@type":"Article","@id":"https:\/\/noticiasemdestaque.com\/cd\/?p=4559#article","isPartOf":{"@id":"https:\/\/noticiasemdestaque.com\/cd\/?p=4559"},"author":{"name":"Not\u00edcias em Destaque","@id":"https:\/\/noticiasemdestaque.com\/cd\/#\/schema\/person\/21320b03a7e8bb90128938dafc9b908a"},"headline":"Mapeamento do umbuzeiro no cariri \u00e9 tema do 1\u00ba Simp\u00f3sio Paraibano do Umbu","datePublished":"2017-09-23T15:45:22+00:00","mainEntityOfPage":{"@id":"https:\/\/noticiasemdestaque.com\/cd\/?p=4559"},"wordCount":493,"publisher":{"@id":"https:\/\/noticiasemdestaque.com\/cd\/#organization"},"image":{"@id":"https:\/\/noticiasemdestaque.com\/cd\/?p=4559#primaryimage"},"thumbnailUrl":"https:\/\/noticiasemdestaque.com\/cd\/wp-content\/uploads\/2017\/09\/umbu.jpeg","articleSection":["Cidades"],"inLanguage":"pt-BR"},{"@type":"WebPage","@id":"https:\/\/noticiasemdestaque.com\/cd\/?p=4559","url":"https:\/\/noticiasemdestaque.com\/cd\/?p=4559","name":"Mapeamento do umbuzeiro no cariri \u00e9 tema do 1\u00ba Simp\u00f3sio Paraibano do Umbu - Not&iacute;cias em Destaque","isPartOf":{"@id":"https:\/\/noticiasemdestaque.com\/cd\/#website"},"primaryImageOfPage":{"@id":"https:\/\/noticiasemdestaque.com\/cd\/?p=4559#primaryimage"},"image":{"@id":"https:\/\/noticiasemdestaque.com\/cd\/?p=4559#primaryimage"},"thumbnailUrl":"https:\/\/noticiasemdestaque.com\/cd\/wp-content\/uploads\/2017\/09\/umbu.jpeg","datePublished":"2017-09-23T15:45:22+00:00","breadcrumb":{"@id":"https:\/\/noticiasemdestaque.com\/cd\/?p=4559#breadcrumb"},"inLanguage":"pt-BR","potentialAction":[{"@type":"ReadAction","target":["https:\/\/noticiasemdestaque.com\/cd\/?p=4559"]}]},{"@type":"ImageObject","inLanguage":"pt-BR","@id":"https:\/\/noticiasemdestaque.com\/cd\/?p=4559#primaryimage","url":"https:\/\/noticiasemdestaque.com\/cd\/wp-content\/uploads\/2017\/09\/umbu.jpeg","contentUrl":"https:\/\/noticiasemdestaque.com\/cd\/wp-content\/uploads\/2017\/09\/umbu.jpeg","width":620,"height":383},{"@type":"BreadcrumbList","@id":"https:\/\/noticiasemdestaque.com\/cd\/?p=4559#breadcrumb","itemListElement":[{"@type":"ListItem","position":1,"name":"In\u00edcio","item":"https:\/\/noticiasemdestaque.com\/cd\/"},{"@type":"ListItem","position":2,"name":"Mapeamento do umbuzeiro no cariri \u00e9 tema do 1\u00ba Simp\u00f3sio Paraibano do Umbu"}]},{"@type":"WebSite","@id":"https:\/\/noticiasemdestaque.com\/cd\/#website","url":"https:\/\/noticiasemdestaque.com\/cd\/","name":"Not&iacute;cias em Destaque","description":"","publisher":{"@id":"https:\/\/noticiasemdestaque.com\/cd\/#organization"},"potentialAction":[{"@type":"SearchAction","target":{"@type":"EntryPoint","urlTemplate":"https:\/\/noticiasemdestaque.com\/cd\/?s={search_term_string}"},"query-input":{"@type":"PropertyValueSpecification","valueRequired":true,"valueName":"search_term_string"}}],"inLanguage":"pt-BR"},{"@type":"Organization","@id":"https:\/\/noticiasemdestaque.com\/cd\/#organization","name":"Not\u00edcias em Destaque","url":"https:\/\/noticiasemdestaque.com\/cd\/","logo":{"@type":"ImageObject","inLanguage":"pt-BR","@id":"https:\/\/noticiasemdestaque.com\/cd\/#\/schema\/logo\/image\/","url":"https:\/\/noticiasemdestaque.com\/cd\/wp-content\/uploads\/2022\/05\/imagem-base-noticiasemdestaque.png","contentUrl":"https:\/\/noticiasemdestaque.com\/cd\/wp-content\/uploads\/2022\/05\/imagem-base-noticiasemdestaque.png","width":1200,"height":630,"caption":"Not\u00edcias em Destaque"},"image":{"@id":"https:\/\/noticiasemdestaque.com\/cd\/#\/schema\/logo\/image\/"}},{"@type":"Person","@id":"https:\/\/noticiasemdestaque.com\/cd\/#\/schema\/person\/21320b03a7e8bb90128938dafc9b908a","name":"Not\u00edcias em Destaque","url":"https:\/\/noticiasemdestaque.com\/cd\/?author=2"}]}},"jetpack_featured_media_url":"https:\/\/noticiasemdestaque.com\/cd\/wp-content\/uploads\/2017\/09\/umbu.jpeg","jetpack_sharing_enabled":true,"_links":{"self":[{"href":"https:\/\/noticiasemdestaque.com\/cd\/index.php?rest_route=\/wp\/v2\/posts\/4559","targetHints":{"allow":["GET"]}}],"collection":[{"href":"https:\/\/noticiasemdestaque.com\/cd\/index.php?rest_route=\/wp\/v2\/posts"}],"about":[{"href":"https:\/\/noticiasemdestaque.com\/cd\/index.php?rest_route=\/wp\/v2\/types\/post"}],"author":[{"embeddable":true,"href":"https:\/\/noticiasemdestaque.com\/cd\/index.php?rest_route=\/wp\/v2\/users\/2"}],"replies":[{"embeddable":true,"href":"https:\/\/noticiasemdestaque.com\/cd\/index.php?rest_route=%2Fwp%2Fv2%2Fcomments&post=4559"}],"version-history":[{"count":1,"href":"https:\/\/noticiasemdestaque.com\/cd\/index.php?rest_route=\/wp\/v2\/posts\/4559\/revisions"}],"predecessor-version":[{"id":4561,"href":"https:\/\/noticiasemdestaque.com\/cd\/index.php?rest_route=\/wp\/v2\/posts\/4559\/revisions\/4561"}],"wp:featuredmedia":[{"embeddable":true,"href":"https:\/\/noticiasemdestaque.com\/cd\/index.php?rest_route=\/wp\/v2\/media\/4560"}],"wp:attachment":[{"href":"https:\/\/noticiasemdestaque.com\/cd\/index.php?rest_route=%2Fwp%2Fv2%2Fmedia&parent=4559"}],"wp:term":[{"taxonomy":"category","embeddable":true,"href":"https:\/\/noticiasemdestaque.com\/cd\/index.php?rest_route=%2Fwp%2Fv2%2Fcategories&post=4559"},{"taxonomy":"post_tag","embeddable":true,"href":"https:\/\/noticiasemdestaque.com\/cd\/index.php?rest_route=%2Fwp%2Fv2%2Ftags&post=4559"}],"curies":[{"name":"wp","href":"https:\/\/api.w.org\/{rel}","templated":true}]}}