{"id":45589,"date":"2023-01-18T09:03:02","date_gmt":"2023-01-18T12:03:02","guid":{"rendered":"https:\/\/noticiasemdestaque.com\/cd\/?p=45589"},"modified":"2023-01-18T09:03:02","modified_gmt":"2023-01-18T12:03:02","slug":"joao-azevedo-anuncia-aristeu-chaves-como-novo-presidente-da-empaer","status":"publish","type":"post","link":"https:\/\/noticiasemdestaque.com\/cd\/?p=45589","title":{"rendered":"Jo\u00e3o Azev\u00eado anuncia Aristeu Chaves como novo presidente da Empaer"},"content":{"rendered":"<p><a href=\"https:\/\/noticiasemdestaque.com\/cd\/wp-content\/uploads\/2023\/01\/8c9c0dc5-2e98-4ad2-bb1f-c79df417462f.webp\"><img fetchpriority=\"high\" decoding=\"async\" class=\"alignnone  wp-image-45590\" src=\"https:\/\/noticiasemdestaque.com\/cd\/wp-content\/uploads\/2023\/01\/8c9c0dc5-2e98-4ad2-bb1f-c79df417462f-300x200.webp\" alt=\"\" width=\"1097\" height=\"731\" srcset=\"https:\/\/noticiasemdestaque.com\/cd\/wp-content\/uploads\/2023\/01\/8c9c0dc5-2e98-4ad2-bb1f-c79df417462f-300x200.webp 300w, https:\/\/noticiasemdestaque.com\/cd\/wp-content\/uploads\/2023\/01\/8c9c0dc5-2e98-4ad2-bb1f-c79df417462f-768x512.webp 768w, https:\/\/noticiasemdestaque.com\/cd\/wp-content\/uploads\/2023\/01\/8c9c0dc5-2e98-4ad2-bb1f-c79df417462f-18x12.webp 18w, https:\/\/noticiasemdestaque.com\/cd\/wp-content\/uploads\/2023\/01\/8c9c0dc5-2e98-4ad2-bb1f-c79df417462f.webp 960w\" sizes=\"(max-width: 1097px) 100vw, 1097px\" \/><\/a><\/p>\n<p>O governador Jo\u00e3o Azev\u00eado anunciou, nesta ter\u00e7a-feira (17), novos nomes que passam a integrar sua equipe de governo neste segundo mandato.<\/p>\n<p>Na oportunidade, o ex-prefeito de Camala\u00fa, Aristeu Chaves, que antes cumpria as fun\u00e7\u00f5es como coordenador do Procase, foi nomeado pelo governador para comandar a Empresa Estadual de Pesquisa Agropecu\u00e1ria da Para\u00edba (Empaer-PB).<\/p>\n<p>A Secretaria do Desenvolvimento e da Articula\u00e7\u00e3o Municipal ser\u00e1 comandado por Renato Feliciano. A Secretaria da Articula\u00e7\u00e3o Pol\u00edtica ficar\u00e1 sob a responsabilidade de M\u00e1rcio Roberto.<\/p>\n<p>Val\u00e9ria Arag\u00e3o ser\u00e1 a nova secret\u00e1ria executiva da Economia Solid\u00e1ria. Para a Secretaria Executiva da Pesca foi designada Maria S\u00edlvia da Cunha (S\u00edlvia da Pesca).<\/p>\n<p>J\u00e1 Nivaldo Magalh\u00e3es ser\u00e1 o coordenador do Projeto de Desenvolvimento Sustent\u00e1vel do Cariri, Serid\u00f3 e Curimata\u00fa (Procase).<\/p>\n<p>A Funda\u00e7\u00e3o de Apoio \u00e0 Pesquisa do Estado da Para\u00edba (Fapesq) ter\u00e1 como presidente o ex-reitor da Universidade Estadual da Para\u00edba (UEPB), Rangel J\u00fanior.<\/p>\n<p><strong>Noticias em Destaque<\/strong><\/p>\n<p style=\"text-align: right;\"><em>Fonte: Vitrine do Cariri<\/em><\/p>\n","protected":false},"excerpt":{"rendered":"<p>O governador Jo\u00e3o Azev\u00eado anunciou, nesta ter\u00e7a-feira (17), novos nomes que passam a integrar sua equipe de governo neste segundo mandato. Na oportunidade, o ex-prefeito de Camala\u00fa, Aristeu Chaves, que antes cumpria as fun\u00e7\u00f5es como coordenador do Procase, foi nomeado pelo governador para comandar a Empresa Estadual de Pesquisa Agropecu\u00e1ria da Para\u00edba (Empaer-PB). A Secretaria do Desenvolvimento e da Articula\u00e7\u00e3o Municipal ser\u00e1 comandado por Renato Feliciano. A Secretaria da Articula\u00e7\u00e3o Pol\u00edtica ficar\u00e1 sob a responsabilidade de M\u00e1rcio Roberto. Val\u00e9ria Arag\u00e3o ser\u00e1 a nova secret\u00e1ria executiva da Economia Solid\u00e1ria. Para a Secretaria Executiva da Pesca foi designada Maria S\u00edlvia da Cunha (S\u00edlvia da Pesca). J\u00e1 Nivaldo Magalh\u00e3es ser\u00e1 o coordenador do Projeto de Desenvolvimento Sustent\u00e1vel do Cariri, Serid\u00f3 e Curimata\u00fa (Procase). A Funda\u00e7\u00e3o de Apoio \u00e0 Pesquisa do Estado da Para\u00edba (Fapesq) ter\u00e1 como presidente o ex-reitor da Universidade Estadual da Para\u00edba (UEPB), Rangel J\u00fanior. Noticias em Destaque Fonte: Vitrine do Cariri<\/p>\n","protected":false},"author":2,"featured_media":45590,"comment_status":"closed","ping_status":"open","sticky":false,"template":"","format":"standard","meta":{"_eb_attr":"","_jetpack_memberships_contains_paid_content":false,"footnotes":""},"categories":[4],"tags":[],"class_list":["post-45589","post","type-post","status-publish","format-standard","has-post-thumbnail","hentry","category-politica"],"yoast_head":"<!-- This site is optimized with the Yoast SEO plugin v26.5 - https:\/\/yoast.com\/wordpress\/plugins\/seo\/ -->\n<title>Jo\u00e3o Azev\u00eado anuncia Aristeu Chaves como novo presidente da Empaer - Not&iacute;cias em Destaque<\/title>\n<meta name=\"robots\" content=\"index, follow, max-snippet:-1, max-image-preview:large, max-video-preview:-1\" \/>\n<link rel=\"canonical\" href=\"https:\/\/noticiasemdestaque.com\/cd\/?p=45589\" \/>\n<meta property=\"og:locale\" content=\"pt_BR\" \/>\n<meta property=\"og:type\" content=\"article\" \/>\n<meta property=\"og:title\" content=\"Jo\u00e3o Azev\u00eado anuncia Aristeu Chaves como novo presidente da Empaer - Not&iacute;cias em Destaque\" \/>\n<meta property=\"og:description\" content=\"O governador Jo\u00e3o Azev\u00eado anunciou, nesta ter\u00e7a-feira (17), novos nomes que passam a integrar sua equipe de governo neste segundo mandato. Na oportunidade, o ex-prefeito de Camala\u00fa, Aristeu Chaves, que antes cumpria as fun\u00e7\u00f5es como coordenador do Procase, foi nomeado pelo governador para comandar a Empresa Estadual de Pesquisa Agropecu\u00e1ria da Para\u00edba (Empaer-PB). A Secretaria do Desenvolvimento e da Articula\u00e7\u00e3o Municipal ser\u00e1 comandado por Renato Feliciano. A Secretaria da Articula\u00e7\u00e3o Pol\u00edtica ficar\u00e1 sob a responsabilidade de M\u00e1rcio Roberto. Val\u00e9ria Arag\u00e3o ser\u00e1 a nova secret\u00e1ria executiva da Economia Solid\u00e1ria. Para a Secretaria Executiva da Pesca foi designada Maria S\u00edlvia da Cunha (S\u00edlvia da Pesca). J\u00e1 Nivaldo Magalh\u00e3es ser\u00e1 o coordenador do Projeto de Desenvolvimento Sustent\u00e1vel do Cariri, Serid\u00f3 e Curimata\u00fa (Procase). A Funda\u00e7\u00e3o de Apoio \u00e0 Pesquisa do Estado da Para\u00edba (Fapesq) ter\u00e1 como presidente o ex-reitor da Universidade Estadual da Para\u00edba (UEPB), Rangel J\u00fanior. Noticias em Destaque Fonte: Vitrine do Cariri\" \/>\n<meta property=\"og:url\" content=\"https:\/\/noticiasemdestaque.com\/cd\/?p=45589\" \/>\n<meta property=\"og:site_name\" content=\"Not&iacute;cias em Destaque\" \/>\n<meta property=\"article:published_time\" content=\"2023-01-18T12:03:02+00:00\" \/>\n<meta property=\"og:image\" content=\"https:\/\/noticiasemdestaque.com\/cd\/wp-content\/uploads\/2023\/01\/8c9c0dc5-2e98-4ad2-bb1f-c79df417462f.webp\" \/>\n\t<meta property=\"og:image:width\" content=\"960\" \/>\n\t<meta property=\"og:image:height\" content=\"640\" \/>\n\t<meta property=\"og:image:type\" content=\"image\/webp\" \/>\n<meta name=\"author\" content=\"Not\u00edcias em Destaque\" \/>\n<meta name=\"twitter:card\" content=\"summary_large_image\" \/>\n<meta name=\"twitter:label1\" content=\"Escrito por\" \/>\n\t<meta name=\"twitter:data1\" content=\"Not\u00edcias em Destaque\" \/>\n\t<meta name=\"twitter:label2\" content=\"Est. tempo de leitura\" \/>\n\t<meta name=\"twitter:data2\" content=\"2 minutos\" \/>\n<script type=\"application\/ld+json\" class=\"yoast-schema-graph\">{\"@context\":\"https:\/\/schema.org\",\"@graph\":[{\"@type\":\"Article\",\"@id\":\"https:\/\/noticiasemdestaque.com\/cd\/?p=45589#article\",\"isPartOf\":{\"@id\":\"https:\/\/noticiasemdestaque.com\/cd\/?p=45589\"},\"author\":{\"name\":\"Not\u00edcias em Destaque\",\"@id\":\"https:\/\/noticiasemdestaque.com\/cd\/#\/schema\/person\/47f7d4f55eec17c6b2ca036c5500f6ce\"},\"headline\":\"Jo\u00e3o Azev\u00eado anuncia Aristeu Chaves como novo presidente da Empaer\",\"datePublished\":\"2023-01-18T12:03:02+00:00\",\"mainEntityOfPage\":{\"@id\":\"https:\/\/noticiasemdestaque.com\/cd\/?p=45589\"},\"wordCount\":183,\"publisher\":{\"@id\":\"https:\/\/noticiasemdestaque.com\/cd\/#organization\"},\"image\":{\"@id\":\"https:\/\/noticiasemdestaque.com\/cd\/?p=45589#primaryimage\"},\"thumbnailUrl\":\"https:\/\/noticiasemdestaque.com\/cd\/wp-content\/uploads\/2023\/01\/8c9c0dc5-2e98-4ad2-bb1f-c79df417462f.webp\",\"articleSection\":[\"Pol\u00edtica\"],\"inLanguage\":\"pt-BR\"},{\"@type\":\"WebPage\",\"@id\":\"https:\/\/noticiasemdestaque.com\/cd\/?p=45589\",\"url\":\"https:\/\/noticiasemdestaque.com\/cd\/?p=45589\",\"name\":\"Jo\u00e3o Azev\u00eado anuncia Aristeu Chaves como novo presidente da Empaer - Not&iacute;cias em Destaque\",\"isPartOf\":{\"@id\":\"https:\/\/noticiasemdestaque.com\/cd\/#website\"},\"primaryImageOfPage\":{\"@id\":\"https:\/\/noticiasemdestaque.com\/cd\/?p=45589#primaryimage\"},\"image\":{\"@id\":\"https:\/\/noticiasemdestaque.com\/cd\/?p=45589#primaryimage\"},\"thumbnailUrl\":\"https:\/\/noticiasemdestaque.com\/cd\/wp-content\/uploads\/2023\/01\/8c9c0dc5-2e98-4ad2-bb1f-c79df417462f.webp\",\"datePublished\":\"2023-01-18T12:03:02+00:00\",\"breadcrumb\":{\"@id\":\"https:\/\/noticiasemdestaque.com\/cd\/?p=45589#breadcrumb\"},\"inLanguage\":\"pt-BR\",\"potentialAction\":[{\"@type\":\"ReadAction\",\"target\":[\"https:\/\/noticiasemdestaque.com\/cd\/?p=45589\"]}]},{\"@type\":\"ImageObject\",\"inLanguage\":\"pt-BR\",\"@id\":\"https:\/\/noticiasemdestaque.com\/cd\/?p=45589#primaryimage\",\"url\":\"https:\/\/noticiasemdestaque.com\/cd\/wp-content\/uploads\/2023\/01\/8c9c0dc5-2e98-4ad2-bb1f-c79df417462f.webp\",\"contentUrl\":\"https:\/\/noticiasemdestaque.com\/cd\/wp-content\/uploads\/2023\/01\/8c9c0dc5-2e98-4ad2-bb1f-c79df417462f.webp\",\"width\":960,\"height\":640},{\"@type\":\"BreadcrumbList\",\"@id\":\"https:\/\/noticiasemdestaque.com\/cd\/?p=45589#breadcrumb\",\"itemListElement\":[{\"@type\":\"ListItem\",\"position\":1,\"name\":\"In\u00edcio\",\"item\":\"https:\/\/noticiasemdestaque.com\/cd\/\"},{\"@type\":\"ListItem\",\"position\":2,\"name\":\"Jo\u00e3o Azev\u00eado anuncia Aristeu Chaves como novo presidente da Empaer\"}]},{\"@type\":\"WebSite\",\"@id\":\"https:\/\/noticiasemdestaque.com\/cd\/#website\",\"url\":\"https:\/\/noticiasemdestaque.com\/cd\/\",\"name\":\"Not&iacute;cias em Destaque\",\"description\":\"\",\"publisher\":{\"@id\":\"https:\/\/noticiasemdestaque.com\/cd\/#organization\"},\"potentialAction\":[{\"@type\":\"SearchAction\",\"target\":{\"@type\":\"EntryPoint\",\"urlTemplate\":\"https:\/\/noticiasemdestaque.com\/cd\/?s={search_term_string}\"},\"query-input\":{\"@type\":\"PropertyValueSpecification\",\"valueRequired\":true,\"valueName\":\"search_term_string\"}}],\"inLanguage\":\"pt-BR\"},{\"@type\":\"Organization\",\"@id\":\"https:\/\/noticiasemdestaque.com\/cd\/#organization\",\"name\":\"Not\u00edcias em Destaque\",\"url\":\"https:\/\/noticiasemdestaque.com\/cd\/\",\"logo\":{\"@type\":\"ImageObject\",\"inLanguage\":\"pt-BR\",\"@id\":\"https:\/\/noticiasemdestaque.com\/cd\/#\/schema\/logo\/image\/\",\"url\":\"https:\/\/noticiasemdestaque.com\/cd\/wp-content\/uploads\/2022\/05\/imagem-base-noticiasemdestaque.png\",\"contentUrl\":\"https:\/\/noticiasemdestaque.com\/cd\/wp-content\/uploads\/2022\/05\/imagem-base-noticiasemdestaque.png\",\"width\":1200,\"height\":630,\"caption\":\"Not\u00edcias em Destaque\"},\"image\":{\"@id\":\"https:\/\/noticiasemdestaque.com\/cd\/#\/schema\/logo\/image\/\"}},{\"@type\":\"Person\",\"@id\":\"https:\/\/noticiasemdestaque.com\/cd\/#\/schema\/person\/47f7d4f55eec17c6b2ca036c5500f6ce\",\"name\":\"Not\u00edcias em Destaque\",\"url\":\"https:\/\/noticiasemdestaque.com\/cd\/?author=2\"}]}<\/script>\n<!-- \/ Yoast SEO plugin. -->","yoast_head_json":{"title":"Jo\u00e3o Azev\u00eado anuncia Aristeu Chaves como novo presidente da Empaer - Not&iacute;cias em Destaque","robots":{"index":"index","follow":"follow","max-snippet":"max-snippet:-1","max-image-preview":"max-image-preview:large","max-video-preview":"max-video-preview:-1"},"canonical":"https:\/\/noticiasemdestaque.com\/cd\/?p=45589","og_locale":"pt_BR","og_type":"article","og_title":"Jo\u00e3o Azev\u00eado anuncia Aristeu Chaves como novo presidente da Empaer - Not&iacute;cias em Destaque","og_description":"O governador Jo\u00e3o Azev\u00eado anunciou, nesta ter\u00e7a-feira (17), novos nomes que passam a integrar sua equipe de governo neste segundo mandato. Na oportunidade, o ex-prefeito de Camala\u00fa, Aristeu Chaves, que antes cumpria as fun\u00e7\u00f5es como coordenador do Procase, foi nomeado pelo governador para comandar a Empresa Estadual de Pesquisa Agropecu\u00e1ria da Para\u00edba (Empaer-PB). A Secretaria do Desenvolvimento e da Articula\u00e7\u00e3o Municipal ser\u00e1 comandado por Renato Feliciano. A Secretaria da Articula\u00e7\u00e3o Pol\u00edtica ficar\u00e1 sob a responsabilidade de M\u00e1rcio Roberto. Val\u00e9ria Arag\u00e3o ser\u00e1 a nova secret\u00e1ria executiva da Economia Solid\u00e1ria. Para a Secretaria Executiva da Pesca foi designada Maria S\u00edlvia da Cunha (S\u00edlvia da Pesca). J\u00e1 Nivaldo Magalh\u00e3es ser\u00e1 o coordenador do Projeto de Desenvolvimento Sustent\u00e1vel do Cariri, Serid\u00f3 e Curimata\u00fa (Procase). A Funda\u00e7\u00e3o de Apoio \u00e0 Pesquisa do Estado da Para\u00edba (Fapesq) ter\u00e1 como presidente o ex-reitor da Universidade Estadual da Para\u00edba (UEPB), Rangel J\u00fanior. Noticias em Destaque Fonte: Vitrine do Cariri","og_url":"https:\/\/noticiasemdestaque.com\/cd\/?p=45589","og_site_name":"Not&iacute;cias em Destaque","article_published_time":"2023-01-18T12:03:02+00:00","og_image":[{"width":960,"height":640,"url":"https:\/\/noticiasemdestaque.com\/cd\/wp-content\/uploads\/2023\/01\/8c9c0dc5-2e98-4ad2-bb1f-c79df417462f.webp","type":"image\/webp"}],"author":"Not\u00edcias em Destaque","twitter_card":"summary_large_image","twitter_misc":{"Escrito por":"Not\u00edcias em Destaque","Est. tempo de leitura":"2 minutos"},"schema":{"@context":"https:\/\/schema.org","@graph":[{"@type":"Article","@id":"https:\/\/noticiasemdestaque.com\/cd\/?p=45589#article","isPartOf":{"@id":"https:\/\/noticiasemdestaque.com\/cd\/?p=45589"},"author":{"name":"Not\u00edcias em Destaque","@id":"https:\/\/noticiasemdestaque.com\/cd\/#\/schema\/person\/47f7d4f55eec17c6b2ca036c5500f6ce"},"headline":"Jo\u00e3o Azev\u00eado anuncia Aristeu Chaves como novo presidente da Empaer","datePublished":"2023-01-18T12:03:02+00:00","mainEntityOfPage":{"@id":"https:\/\/noticiasemdestaque.com\/cd\/?p=45589"},"wordCount":183,"publisher":{"@id":"https:\/\/noticiasemdestaque.com\/cd\/#organization"},"image":{"@id":"https:\/\/noticiasemdestaque.com\/cd\/?p=45589#primaryimage"},"thumbnailUrl":"https:\/\/noticiasemdestaque.com\/cd\/wp-content\/uploads\/2023\/01\/8c9c0dc5-2e98-4ad2-bb1f-c79df417462f.webp","articleSection":["Pol\u00edtica"],"inLanguage":"pt-BR"},{"@type":"WebPage","@id":"https:\/\/noticiasemdestaque.com\/cd\/?p=45589","url":"https:\/\/noticiasemdestaque.com\/cd\/?p=45589","name":"Jo\u00e3o Azev\u00eado anuncia Aristeu Chaves como novo presidente da Empaer - Not&iacute;cias em Destaque","isPartOf":{"@id":"https:\/\/noticiasemdestaque.com\/cd\/#website"},"primaryImageOfPage":{"@id":"https:\/\/noticiasemdestaque.com\/cd\/?p=45589#primaryimage"},"image":{"@id":"https:\/\/noticiasemdestaque.com\/cd\/?p=45589#primaryimage"},"thumbnailUrl":"https:\/\/noticiasemdestaque.com\/cd\/wp-content\/uploads\/2023\/01\/8c9c0dc5-2e98-4ad2-bb1f-c79df417462f.webp","datePublished":"2023-01-18T12:03:02+00:00","breadcrumb":{"@id":"https:\/\/noticiasemdestaque.com\/cd\/?p=45589#breadcrumb"},"inLanguage":"pt-BR","potentialAction":[{"@type":"ReadAction","target":["https:\/\/noticiasemdestaque.com\/cd\/?p=45589"]}]},{"@type":"ImageObject","inLanguage":"pt-BR","@id":"https:\/\/noticiasemdestaque.com\/cd\/?p=45589#primaryimage","url":"https:\/\/noticiasemdestaque.com\/cd\/wp-content\/uploads\/2023\/01\/8c9c0dc5-2e98-4ad2-bb1f-c79df417462f.webp","contentUrl":"https:\/\/noticiasemdestaque.com\/cd\/wp-content\/uploads\/2023\/01\/8c9c0dc5-2e98-4ad2-bb1f-c79df417462f.webp","width":960,"height":640},{"@type":"BreadcrumbList","@id":"https:\/\/noticiasemdestaque.com\/cd\/?p=45589#breadcrumb","itemListElement":[{"@type":"ListItem","position":1,"name":"In\u00edcio","item":"https:\/\/noticiasemdestaque.com\/cd\/"},{"@type":"ListItem","position":2,"name":"Jo\u00e3o Azev\u00eado anuncia Aristeu Chaves como novo presidente da Empaer"}]},{"@type":"WebSite","@id":"https:\/\/noticiasemdestaque.com\/cd\/#website","url":"https:\/\/noticiasemdestaque.com\/cd\/","name":"Not&iacute;cias em Destaque","description":"","publisher":{"@id":"https:\/\/noticiasemdestaque.com\/cd\/#organization"},"potentialAction":[{"@type":"SearchAction","target":{"@type":"EntryPoint","urlTemplate":"https:\/\/noticiasemdestaque.com\/cd\/?s={search_term_string}"},"query-input":{"@type":"PropertyValueSpecification","valueRequired":true,"valueName":"search_term_string"}}],"inLanguage":"pt-BR"},{"@type":"Organization","@id":"https:\/\/noticiasemdestaque.com\/cd\/#organization","name":"Not\u00edcias em Destaque","url":"https:\/\/noticiasemdestaque.com\/cd\/","logo":{"@type":"ImageObject","inLanguage":"pt-BR","@id":"https:\/\/noticiasemdestaque.com\/cd\/#\/schema\/logo\/image\/","url":"https:\/\/noticiasemdestaque.com\/cd\/wp-content\/uploads\/2022\/05\/imagem-base-noticiasemdestaque.png","contentUrl":"https:\/\/noticiasemdestaque.com\/cd\/wp-content\/uploads\/2022\/05\/imagem-base-noticiasemdestaque.png","width":1200,"height":630,"caption":"Not\u00edcias em Destaque"},"image":{"@id":"https:\/\/noticiasemdestaque.com\/cd\/#\/schema\/logo\/image\/"}},{"@type":"Person","@id":"https:\/\/noticiasemdestaque.com\/cd\/#\/schema\/person\/47f7d4f55eec17c6b2ca036c5500f6ce","name":"Not\u00edcias em Destaque","url":"https:\/\/noticiasemdestaque.com\/cd\/?author=2"}]}},"jetpack_featured_media_url":"https:\/\/noticiasemdestaque.com\/cd\/wp-content\/uploads\/2023\/01\/8c9c0dc5-2e98-4ad2-bb1f-c79df417462f.webp","jetpack_sharing_enabled":true,"_links":{"self":[{"href":"https:\/\/noticiasemdestaque.com\/cd\/index.php?rest_route=\/wp\/v2\/posts\/45589","targetHints":{"allow":["GET"]}}],"collection":[{"href":"https:\/\/noticiasemdestaque.com\/cd\/index.php?rest_route=\/wp\/v2\/posts"}],"about":[{"href":"https:\/\/noticiasemdestaque.com\/cd\/index.php?rest_route=\/wp\/v2\/types\/post"}],"author":[{"embeddable":true,"href":"https:\/\/noticiasemdestaque.com\/cd\/index.php?rest_route=\/wp\/v2\/users\/2"}],"replies":[{"embeddable":true,"href":"https:\/\/noticiasemdestaque.com\/cd\/index.php?rest_route=%2Fwp%2Fv2%2Fcomments&post=45589"}],"version-history":[{"count":1,"href":"https:\/\/noticiasemdestaque.com\/cd\/index.php?rest_route=\/wp\/v2\/posts\/45589\/revisions"}],"predecessor-version":[{"id":45591,"href":"https:\/\/noticiasemdestaque.com\/cd\/index.php?rest_route=\/wp\/v2\/posts\/45589\/revisions\/45591"}],"wp:featuredmedia":[{"embeddable":true,"href":"https:\/\/noticiasemdestaque.com\/cd\/index.php?rest_route=\/wp\/v2\/media\/45590"}],"wp:attachment":[{"href":"https:\/\/noticiasemdestaque.com\/cd\/index.php?rest_route=%2Fwp%2Fv2%2Fmedia&parent=45589"}],"wp:term":[{"taxonomy":"category","embeddable":true,"href":"https:\/\/noticiasemdestaque.com\/cd\/index.php?rest_route=%2Fwp%2Fv2%2Fcategories&post=45589"},{"taxonomy":"post_tag","embeddable":true,"href":"https:\/\/noticiasemdestaque.com\/cd\/index.php?rest_route=%2Fwp%2Fv2%2Ftags&post=45589"}],"curies":[{"name":"wp","href":"https:\/\/api.w.org\/{rel}","templated":true}]}}