{"id":45583,"date":"2023-01-17T20:03:46","date_gmt":"2023-01-17T23:03:46","guid":{"rendered":"https:\/\/noticiasemdestaque.com\/cd\/?p=45583"},"modified":"2023-01-17T20:03:46","modified_gmt":"2023-01-17T23:03:46","slug":"prefeitura-de-prata-realiza-manutencao-na-escola-maria-de-lourdes-para-inicio-das-aulas","status":"publish","type":"post","link":"https:\/\/noticiasemdestaque.com\/cd\/?p=45583","title":{"rendered":"Prefeitura de Prata realiza manuten\u00e7\u00e3o na Escola Maria de Lourdes para in\u00edcio das aulas"},"content":{"rendered":"<p><a href=\"https:\/\/noticiasemdestaque.com\/cd\/wp-content\/uploads\/2023\/01\/IMG_20230117_103920.jpg\"><img fetchpriority=\"high\" decoding=\"async\" class=\"wp-image-45584 size-large aligncenter\" src=\"https:\/\/noticiasemdestaque.com\/cd\/wp-content\/uploads\/2023\/01\/IMG_20230117_103920-1024x577.jpg\" alt=\"\" width=\"640\" height=\"361\" srcset=\"https:\/\/noticiasemdestaque.com\/cd\/wp-content\/uploads\/2023\/01\/IMG_20230117_103920-1024x577.jpg 1024w, https:\/\/noticiasemdestaque.com\/cd\/wp-content\/uploads\/2023\/01\/IMG_20230117_103920-300x169.jpg 300w, https:\/\/noticiasemdestaque.com\/cd\/wp-content\/uploads\/2023\/01\/IMG_20230117_103920-768x432.jpg 768w, https:\/\/noticiasemdestaque.com\/cd\/wp-content\/uploads\/2023\/01\/IMG_20230117_103920-1536x865.jpg 1536w, https:\/\/noticiasemdestaque.com\/cd\/wp-content\/uploads\/2023\/01\/IMG_20230117_103920-18x10.jpg 18w, https:\/\/noticiasemdestaque.com\/cd\/wp-content\/uploads\/2023\/01\/IMG_20230117_103920.jpg 1600w\" sizes=\"(max-width: 640px) 100vw, 640px\" \/><\/a><\/p>\n<p style=\"font-weight: 400;\">Enquanto os alunos est\u00e3o de f\u00e9rias, a prefeitura de Prata realiza obras de manuten\u00e7\u00e3o na Escola Maria de Lourdes.<\/p>\n<p style=\"font-weight: 400;\">Os servi\u00e7os incluem reparos em banheiros, rede hidr\u00e1ulica, pintura, ilumina\u00e7\u00e3o, telhados.<\/p>\n<p style=\"font-weight: 400;\">De acordo com o Secret\u00e1rio Municipal de Educa\u00e7\u00e3o, Yuri Brito, o objetivo da reforma \u00e9 promover melhores condi\u00e7\u00f5es para o estudo, garantindo mais conforto e comodidade aos alunos e profissionais da educa\u00e7\u00e3o que retornam \u00e0s aulas no dia 13 de fevereiro.<\/p>\n<p style=\"font-weight: 400;\">\u00a0\u201cA manuten\u00e7\u00e3o deve ser permanente, mas estamos aproveitando o per\u00edodo de f\u00e9rias para realizar os servi\u00e7os mais urgentes e que exigem mais tempo. As interven\u00e7\u00f5es s\u00e3o importantes para oferecermos um ambiente agrad\u00e1vel e condi\u00e7\u00f5es estruturais para os nossos alunos\u201d, ressaltou.<\/p>\n<p style=\"font-weight: 400;\">Informa\u00e7\u00f5es do Portal Cariri PB<\/p>\n","protected":false},"excerpt":{"rendered":"<p>Enquanto os alunos est\u00e3o de f\u00e9rias, a prefeitura de Prata realiza obras de manuten\u00e7\u00e3o na Escola Maria de Lourdes. Os servi\u00e7os incluem reparos em banheiros, rede hidr\u00e1ulica, pintura, ilumina\u00e7\u00e3o, telhados. De acordo com o Secret\u00e1rio Municipal de Educa\u00e7\u00e3o, Yuri Brito, o objetivo da reforma \u00e9 promover melhores condi\u00e7\u00f5es para o estudo, garantindo mais conforto e comodidade aos alunos e profissionais da educa\u00e7\u00e3o que retornam \u00e0s aulas no dia 13 de fevereiro. \u00a0\u201cA manuten\u00e7\u00e3o deve ser permanente, mas estamos aproveitando o per\u00edodo de f\u00e9rias para realizar os servi\u00e7os mais urgentes e que exigem mais tempo. As interven\u00e7\u00f5es s\u00e3o importantes para oferecermos um ambiente agrad\u00e1vel e condi\u00e7\u00f5es estruturais para os nossos alunos\u201d, ressaltou. Informa\u00e7\u00f5es do Portal Cariri PB<\/p>\n","protected":false},"author":2,"featured_media":45584,"comment_status":"closed","ping_status":"open","sticky":false,"template":"","format":"standard","meta":{"_eb_attr":"","_jetpack_memberships_contains_paid_content":false,"footnotes":""},"categories":[3],"tags":[],"class_list":["post-45583","post","type-post","status-publish","format-standard","has-post-thumbnail","hentry","category-cidades"],"yoast_head":"<!-- This site is optimized with the Yoast SEO plugin v26.5 - https:\/\/yoast.com\/wordpress\/plugins\/seo\/ -->\n<title>Prefeitura de Prata realiza manuten\u00e7\u00e3o na Escola Maria de Lourdes para in\u00edcio das aulas - Not&iacute;cias em Destaque<\/title>\n<meta name=\"robots\" content=\"index, follow, max-snippet:-1, max-image-preview:large, max-video-preview:-1\" \/>\n<link rel=\"canonical\" href=\"https:\/\/noticiasemdestaque.com\/cd\/?p=45583\" \/>\n<meta property=\"og:locale\" content=\"pt_BR\" \/>\n<meta property=\"og:type\" content=\"article\" \/>\n<meta property=\"og:title\" content=\"Prefeitura de Prata realiza manuten\u00e7\u00e3o na Escola Maria de Lourdes para in\u00edcio das aulas - Not&iacute;cias em Destaque\" \/>\n<meta property=\"og:description\" content=\"Enquanto os alunos est\u00e3o de f\u00e9rias, a prefeitura de Prata realiza obras de manuten\u00e7\u00e3o na Escola Maria de Lourdes. Os servi\u00e7os incluem reparos em banheiros, rede hidr\u00e1ulica, pintura, ilumina\u00e7\u00e3o, telhados. De acordo com o Secret\u00e1rio Municipal de Educa\u00e7\u00e3o, Yuri Brito, o objetivo da reforma \u00e9 promover melhores condi\u00e7\u00f5es para o estudo, garantindo mais conforto e comodidade aos alunos e profissionais da educa\u00e7\u00e3o que retornam \u00e0s aulas no dia 13 de fevereiro. \u00a0\u201cA manuten\u00e7\u00e3o deve ser permanente, mas estamos aproveitando o per\u00edodo de f\u00e9rias para realizar os servi\u00e7os mais urgentes e que exigem mais tempo. As interven\u00e7\u00f5es s\u00e3o importantes para oferecermos um ambiente agrad\u00e1vel e condi\u00e7\u00f5es estruturais para os nossos alunos\u201d, ressaltou. Informa\u00e7\u00f5es do Portal Cariri PB\" \/>\n<meta property=\"og:url\" content=\"https:\/\/noticiasemdestaque.com\/cd\/?p=45583\" \/>\n<meta property=\"og:site_name\" content=\"Not&iacute;cias em Destaque\" \/>\n<meta property=\"article:published_time\" content=\"2023-01-17T23:03:46+00:00\" \/>\n<meta property=\"og:image\" content=\"https:\/\/noticiasemdestaque.com\/cd\/wp-content\/uploads\/2023\/01\/IMG_20230117_103920.jpg\" \/>\n\t<meta property=\"og:image:width\" content=\"1600\" \/>\n\t<meta property=\"og:image:height\" content=\"901\" \/>\n\t<meta property=\"og:image:type\" content=\"image\/jpeg\" \/>\n<meta name=\"author\" content=\"Not\u00edcias em Destaque\" \/>\n<meta name=\"twitter:card\" content=\"summary_large_image\" \/>\n<meta name=\"twitter:label1\" content=\"Escrito por\" \/>\n\t<meta name=\"twitter:data1\" content=\"Not\u00edcias em Destaque\" \/>\n\t<meta name=\"twitter:label2\" content=\"Est. tempo de leitura\" \/>\n\t<meta name=\"twitter:data2\" content=\"1 minuto\" \/>\n<script type=\"application\/ld+json\" class=\"yoast-schema-graph\">{\"@context\":\"https:\/\/schema.org\",\"@graph\":[{\"@type\":\"Article\",\"@id\":\"https:\/\/noticiasemdestaque.com\/cd\/?p=45583#article\",\"isPartOf\":{\"@id\":\"https:\/\/noticiasemdestaque.com\/cd\/?p=45583\"},\"author\":{\"name\":\"Not\u00edcias em Destaque\",\"@id\":\"https:\/\/noticiasemdestaque.com\/cd\/#\/schema\/person\/47f7d4f55eec17c6b2ca036c5500f6ce\"},\"headline\":\"Prefeitura de Prata realiza manuten\u00e7\u00e3o na Escola Maria de Lourdes para in\u00edcio das aulas\",\"datePublished\":\"2023-01-17T23:03:46+00:00\",\"mainEntityOfPage\":{\"@id\":\"https:\/\/noticiasemdestaque.com\/cd\/?p=45583\"},\"wordCount\":149,\"publisher\":{\"@id\":\"https:\/\/noticiasemdestaque.com\/cd\/#organization\"},\"image\":{\"@id\":\"https:\/\/noticiasemdestaque.com\/cd\/?p=45583#primaryimage\"},\"thumbnailUrl\":\"https:\/\/noticiasemdestaque.com\/cd\/wp-content\/uploads\/2023\/01\/IMG_20230117_103920.jpg\",\"articleSection\":[\"Cidades\"],\"inLanguage\":\"pt-BR\"},{\"@type\":\"WebPage\",\"@id\":\"https:\/\/noticiasemdestaque.com\/cd\/?p=45583\",\"url\":\"https:\/\/noticiasemdestaque.com\/cd\/?p=45583\",\"name\":\"Prefeitura de Prata realiza manuten\u00e7\u00e3o na Escola Maria de Lourdes para in\u00edcio das aulas - Not&iacute;cias em Destaque\",\"isPartOf\":{\"@id\":\"https:\/\/noticiasemdestaque.com\/cd\/#website\"},\"primaryImageOfPage\":{\"@id\":\"https:\/\/noticiasemdestaque.com\/cd\/?p=45583#primaryimage\"},\"image\":{\"@id\":\"https:\/\/noticiasemdestaque.com\/cd\/?p=45583#primaryimage\"},\"thumbnailUrl\":\"https:\/\/noticiasemdestaque.com\/cd\/wp-content\/uploads\/2023\/01\/IMG_20230117_103920.jpg\",\"datePublished\":\"2023-01-17T23:03:46+00:00\",\"breadcrumb\":{\"@id\":\"https:\/\/noticiasemdestaque.com\/cd\/?p=45583#breadcrumb\"},\"inLanguage\":\"pt-BR\",\"potentialAction\":[{\"@type\":\"ReadAction\",\"target\":[\"https:\/\/noticiasemdestaque.com\/cd\/?p=45583\"]}]},{\"@type\":\"ImageObject\",\"inLanguage\":\"pt-BR\",\"@id\":\"https:\/\/noticiasemdestaque.com\/cd\/?p=45583#primaryimage\",\"url\":\"https:\/\/noticiasemdestaque.com\/cd\/wp-content\/uploads\/2023\/01\/IMG_20230117_103920.jpg\",\"contentUrl\":\"https:\/\/noticiasemdestaque.com\/cd\/wp-content\/uploads\/2023\/01\/IMG_20230117_103920.jpg\",\"width\":1600,\"height\":901},{\"@type\":\"BreadcrumbList\",\"@id\":\"https:\/\/noticiasemdestaque.com\/cd\/?p=45583#breadcrumb\",\"itemListElement\":[{\"@type\":\"ListItem\",\"position\":1,\"name\":\"In\u00edcio\",\"item\":\"https:\/\/noticiasemdestaque.com\/cd\/\"},{\"@type\":\"ListItem\",\"position\":2,\"name\":\"Prefeitura de Prata realiza manuten\u00e7\u00e3o na Escola Maria de Lourdes para in\u00edcio das aulas\"}]},{\"@type\":\"WebSite\",\"@id\":\"https:\/\/noticiasemdestaque.com\/cd\/#website\",\"url\":\"https:\/\/noticiasemdestaque.com\/cd\/\",\"name\":\"Not&iacute;cias em Destaque\",\"description\":\"\",\"publisher\":{\"@id\":\"https:\/\/noticiasemdestaque.com\/cd\/#organization\"},\"potentialAction\":[{\"@type\":\"SearchAction\",\"target\":{\"@type\":\"EntryPoint\",\"urlTemplate\":\"https:\/\/noticiasemdestaque.com\/cd\/?s={search_term_string}\"},\"query-input\":{\"@type\":\"PropertyValueSpecification\",\"valueRequired\":true,\"valueName\":\"search_term_string\"}}],\"inLanguage\":\"pt-BR\"},{\"@type\":\"Organization\",\"@id\":\"https:\/\/noticiasemdestaque.com\/cd\/#organization\",\"name\":\"Not\u00edcias em Destaque\",\"url\":\"https:\/\/noticiasemdestaque.com\/cd\/\",\"logo\":{\"@type\":\"ImageObject\",\"inLanguage\":\"pt-BR\",\"@id\":\"https:\/\/noticiasemdestaque.com\/cd\/#\/schema\/logo\/image\/\",\"url\":\"https:\/\/noticiasemdestaque.com\/cd\/wp-content\/uploads\/2022\/05\/imagem-base-noticiasemdestaque.png\",\"contentUrl\":\"https:\/\/noticiasemdestaque.com\/cd\/wp-content\/uploads\/2022\/05\/imagem-base-noticiasemdestaque.png\",\"width\":1200,\"height\":630,\"caption\":\"Not\u00edcias em Destaque\"},\"image\":{\"@id\":\"https:\/\/noticiasemdestaque.com\/cd\/#\/schema\/logo\/image\/\"}},{\"@type\":\"Person\",\"@id\":\"https:\/\/noticiasemdestaque.com\/cd\/#\/schema\/person\/47f7d4f55eec17c6b2ca036c5500f6ce\",\"name\":\"Not\u00edcias em Destaque\",\"url\":\"https:\/\/noticiasemdestaque.com\/cd\/?author=2\"}]}<\/script>\n<!-- \/ Yoast SEO plugin. -->","yoast_head_json":{"title":"Prefeitura de Prata realiza manuten\u00e7\u00e3o na Escola Maria de Lourdes para in\u00edcio das aulas - Not&iacute;cias em Destaque","robots":{"index":"index","follow":"follow","max-snippet":"max-snippet:-1","max-image-preview":"max-image-preview:large","max-video-preview":"max-video-preview:-1"},"canonical":"https:\/\/noticiasemdestaque.com\/cd\/?p=45583","og_locale":"pt_BR","og_type":"article","og_title":"Prefeitura de Prata realiza manuten\u00e7\u00e3o na Escola Maria de Lourdes para in\u00edcio das aulas - Not&iacute;cias em Destaque","og_description":"Enquanto os alunos est\u00e3o de f\u00e9rias, a prefeitura de Prata realiza obras de manuten\u00e7\u00e3o na Escola Maria de Lourdes. Os servi\u00e7os incluem reparos em banheiros, rede hidr\u00e1ulica, pintura, ilumina\u00e7\u00e3o, telhados. De acordo com o Secret\u00e1rio Municipal de Educa\u00e7\u00e3o, Yuri Brito, o objetivo da reforma \u00e9 promover melhores condi\u00e7\u00f5es para o estudo, garantindo mais conforto e comodidade aos alunos e profissionais da educa\u00e7\u00e3o que retornam \u00e0s aulas no dia 13 de fevereiro. \u00a0\u201cA manuten\u00e7\u00e3o deve ser permanente, mas estamos aproveitando o per\u00edodo de f\u00e9rias para realizar os servi\u00e7os mais urgentes e que exigem mais tempo. As interven\u00e7\u00f5es s\u00e3o importantes para oferecermos um ambiente agrad\u00e1vel e condi\u00e7\u00f5es estruturais para os nossos alunos\u201d, ressaltou. Informa\u00e7\u00f5es do Portal Cariri PB","og_url":"https:\/\/noticiasemdestaque.com\/cd\/?p=45583","og_site_name":"Not&iacute;cias em Destaque","article_published_time":"2023-01-17T23:03:46+00:00","og_image":[{"width":1600,"height":901,"url":"https:\/\/noticiasemdestaque.com\/cd\/wp-content\/uploads\/2023\/01\/IMG_20230117_103920.jpg","type":"image\/jpeg"}],"author":"Not\u00edcias em Destaque","twitter_card":"summary_large_image","twitter_misc":{"Escrito por":"Not\u00edcias em Destaque","Est. tempo de leitura":"1 minuto"},"schema":{"@context":"https:\/\/schema.org","@graph":[{"@type":"Article","@id":"https:\/\/noticiasemdestaque.com\/cd\/?p=45583#article","isPartOf":{"@id":"https:\/\/noticiasemdestaque.com\/cd\/?p=45583"},"author":{"name":"Not\u00edcias em Destaque","@id":"https:\/\/noticiasemdestaque.com\/cd\/#\/schema\/person\/47f7d4f55eec17c6b2ca036c5500f6ce"},"headline":"Prefeitura de Prata realiza manuten\u00e7\u00e3o na Escola Maria de Lourdes para in\u00edcio das aulas","datePublished":"2023-01-17T23:03:46+00:00","mainEntityOfPage":{"@id":"https:\/\/noticiasemdestaque.com\/cd\/?p=45583"},"wordCount":149,"publisher":{"@id":"https:\/\/noticiasemdestaque.com\/cd\/#organization"},"image":{"@id":"https:\/\/noticiasemdestaque.com\/cd\/?p=45583#primaryimage"},"thumbnailUrl":"https:\/\/noticiasemdestaque.com\/cd\/wp-content\/uploads\/2023\/01\/IMG_20230117_103920.jpg","articleSection":["Cidades"],"inLanguage":"pt-BR"},{"@type":"WebPage","@id":"https:\/\/noticiasemdestaque.com\/cd\/?p=45583","url":"https:\/\/noticiasemdestaque.com\/cd\/?p=45583","name":"Prefeitura de Prata realiza manuten\u00e7\u00e3o na Escola Maria de Lourdes para in\u00edcio das aulas - Not&iacute;cias em Destaque","isPartOf":{"@id":"https:\/\/noticiasemdestaque.com\/cd\/#website"},"primaryImageOfPage":{"@id":"https:\/\/noticiasemdestaque.com\/cd\/?p=45583#primaryimage"},"image":{"@id":"https:\/\/noticiasemdestaque.com\/cd\/?p=45583#primaryimage"},"thumbnailUrl":"https:\/\/noticiasemdestaque.com\/cd\/wp-content\/uploads\/2023\/01\/IMG_20230117_103920.jpg","datePublished":"2023-01-17T23:03:46+00:00","breadcrumb":{"@id":"https:\/\/noticiasemdestaque.com\/cd\/?p=45583#breadcrumb"},"inLanguage":"pt-BR","potentialAction":[{"@type":"ReadAction","target":["https:\/\/noticiasemdestaque.com\/cd\/?p=45583"]}]},{"@type":"ImageObject","inLanguage":"pt-BR","@id":"https:\/\/noticiasemdestaque.com\/cd\/?p=45583#primaryimage","url":"https:\/\/noticiasemdestaque.com\/cd\/wp-content\/uploads\/2023\/01\/IMG_20230117_103920.jpg","contentUrl":"https:\/\/noticiasemdestaque.com\/cd\/wp-content\/uploads\/2023\/01\/IMG_20230117_103920.jpg","width":1600,"height":901},{"@type":"BreadcrumbList","@id":"https:\/\/noticiasemdestaque.com\/cd\/?p=45583#breadcrumb","itemListElement":[{"@type":"ListItem","position":1,"name":"In\u00edcio","item":"https:\/\/noticiasemdestaque.com\/cd\/"},{"@type":"ListItem","position":2,"name":"Prefeitura de Prata realiza manuten\u00e7\u00e3o na Escola Maria de Lourdes para in\u00edcio das aulas"}]},{"@type":"WebSite","@id":"https:\/\/noticiasemdestaque.com\/cd\/#website","url":"https:\/\/noticiasemdestaque.com\/cd\/","name":"Not&iacute;cias em Destaque","description":"","publisher":{"@id":"https:\/\/noticiasemdestaque.com\/cd\/#organization"},"potentialAction":[{"@type":"SearchAction","target":{"@type":"EntryPoint","urlTemplate":"https:\/\/noticiasemdestaque.com\/cd\/?s={search_term_string}"},"query-input":{"@type":"PropertyValueSpecification","valueRequired":true,"valueName":"search_term_string"}}],"inLanguage":"pt-BR"},{"@type":"Organization","@id":"https:\/\/noticiasemdestaque.com\/cd\/#organization","name":"Not\u00edcias em Destaque","url":"https:\/\/noticiasemdestaque.com\/cd\/","logo":{"@type":"ImageObject","inLanguage":"pt-BR","@id":"https:\/\/noticiasemdestaque.com\/cd\/#\/schema\/logo\/image\/","url":"https:\/\/noticiasemdestaque.com\/cd\/wp-content\/uploads\/2022\/05\/imagem-base-noticiasemdestaque.png","contentUrl":"https:\/\/noticiasemdestaque.com\/cd\/wp-content\/uploads\/2022\/05\/imagem-base-noticiasemdestaque.png","width":1200,"height":630,"caption":"Not\u00edcias em Destaque"},"image":{"@id":"https:\/\/noticiasemdestaque.com\/cd\/#\/schema\/logo\/image\/"}},{"@type":"Person","@id":"https:\/\/noticiasemdestaque.com\/cd\/#\/schema\/person\/47f7d4f55eec17c6b2ca036c5500f6ce","name":"Not\u00edcias em Destaque","url":"https:\/\/noticiasemdestaque.com\/cd\/?author=2"}]}},"jetpack_featured_media_url":"https:\/\/noticiasemdestaque.com\/cd\/wp-content\/uploads\/2023\/01\/IMG_20230117_103920.jpg","jetpack_sharing_enabled":true,"_links":{"self":[{"href":"https:\/\/noticiasemdestaque.com\/cd\/index.php?rest_route=\/wp\/v2\/posts\/45583","targetHints":{"allow":["GET"]}}],"collection":[{"href":"https:\/\/noticiasemdestaque.com\/cd\/index.php?rest_route=\/wp\/v2\/posts"}],"about":[{"href":"https:\/\/noticiasemdestaque.com\/cd\/index.php?rest_route=\/wp\/v2\/types\/post"}],"author":[{"embeddable":true,"href":"https:\/\/noticiasemdestaque.com\/cd\/index.php?rest_route=\/wp\/v2\/users\/2"}],"replies":[{"embeddable":true,"href":"https:\/\/noticiasemdestaque.com\/cd\/index.php?rest_route=%2Fwp%2Fv2%2Fcomments&post=45583"}],"version-history":[{"count":1,"href":"https:\/\/noticiasemdestaque.com\/cd\/index.php?rest_route=\/wp\/v2\/posts\/45583\/revisions"}],"predecessor-version":[{"id":45585,"href":"https:\/\/noticiasemdestaque.com\/cd\/index.php?rest_route=\/wp\/v2\/posts\/45583\/revisions\/45585"}],"wp:featuredmedia":[{"embeddable":true,"href":"https:\/\/noticiasemdestaque.com\/cd\/index.php?rest_route=\/wp\/v2\/media\/45584"}],"wp:attachment":[{"href":"https:\/\/noticiasemdestaque.com\/cd\/index.php?rest_route=%2Fwp%2Fv2%2Fmedia&parent=45583"}],"wp:term":[{"taxonomy":"category","embeddable":true,"href":"https:\/\/noticiasemdestaque.com\/cd\/index.php?rest_route=%2Fwp%2Fv2%2Fcategories&post=45583"},{"taxonomy":"post_tag","embeddable":true,"href":"https:\/\/noticiasemdestaque.com\/cd\/index.php?rest_route=%2Fwp%2Fv2%2Ftags&post=45583"}],"curies":[{"name":"wp","href":"https:\/\/api.w.org\/{rel}","templated":true}]}}