{"id":45564,"date":"2023-01-17T11:56:39","date_gmt":"2023-01-17T14:56:39","guid":{"rendered":"https:\/\/noticiasemdestaque.com\/cd\/?p=45564"},"modified":"2023-01-17T11:56:39","modified_gmt":"2023-01-17T14:56:39","slug":"veja-quem-serao-os-secretarios-de-joao-azevedo-no-segundo-mandato","status":"publish","type":"post","link":"https:\/\/noticiasemdestaque.com\/cd\/?p=45564","title":{"rendered":"Veja quem ser\u00e3o os secret\u00e1rios de Jo\u00e3o Azev\u00eado no segundo mandato"},"content":{"rendered":"<p><a href=\"https:\/\/noticiasemdestaque.com\/cd\/wp-content\/uploads\/2023\/01\/d8896d6a41aa50cf45bc0080e4c00c9f.jpeg\"><img fetchpriority=\"high\" decoding=\"async\" class=\"alignnone  wp-image-45565\" src=\"https:\/\/noticiasemdestaque.com\/cd\/wp-content\/uploads\/2023\/01\/d8896d6a41aa50cf45bc0080e4c00c9f-300x215.jpeg\" alt=\"\" width=\"1069\" height=\"766\" srcset=\"https:\/\/noticiasemdestaque.com\/cd\/wp-content\/uploads\/2023\/01\/d8896d6a41aa50cf45bc0080e4c00c9f-300x215.jpeg 300w, https:\/\/noticiasemdestaque.com\/cd\/wp-content\/uploads\/2023\/01\/d8896d6a41aa50cf45bc0080e4c00c9f-18x12.jpeg 18w, https:\/\/noticiasemdestaque.com\/cd\/wp-content\/uploads\/2023\/01\/d8896d6a41aa50cf45bc0080e4c00c9f.jpeg 735w\" sizes=\"(max-width: 1069px) 100vw, 1069px\" \/><\/a><\/p>\n<p>O governador Jo\u00e3o Azev\u00eado (PSB) anunciou, na noite desta segunda-feira (16), mais nomes que ir\u00e3o compor o secretariado em seu segundo mandato \u00e0 frente da gest\u00e3o estadual.<\/p>\n<p>Dentre os novos auxiliares est\u00e1 Rafaela Camaraense, que ficar\u00e1 \u00e0 frente da\u00a0<strong><a href=\"https:\/\/portalcorreio.com.br\/joao-azevedo-altera-secretarias-do-governo-do-estado\/\" target=\"_blank\" rel=\"noreferrer noopener\">nova Secretaria do Meio Ambiente e Sustentabilidade<\/a><\/strong>, e o tenente-coronel Marques J\u00fanior, que assume a chefia da Casa Militar do Governador. Denis Soares \u00e9 o secret\u00e1rio executivo do Meio Ambiente e Sustentabilidade.<\/p>\n<p>Permanecem nos cargos os secret\u00e1rios Deusdete Queiroga (Infraestrutura e dos Recursos H\u00eddricos; Virgiane Melo (Infraestrutura e dos Recursos H\u00eddricos); Roberto Paulino (secret\u00e1rio chefe de governo); Ronaldo Guerra (chefe de gabinete do governador); Nonato Bandeira (Comunica\u00e7\u00e3o Institucional); e F\u00e1bio Barros (executivo da Comunica\u00e7\u00e3o Institucional).<\/p>\n<p>A Secretaria de Estado da Seguran\u00e7a e da Defesa Social continua sob o comando do secret\u00e1rio Jean Francisco Nunes. Lamark Donato ocupa a fun\u00e7\u00e3o de secret\u00e1rio executivo da Seguran\u00e7a e da Defesa Social. Os coron\u00e9is S\u00e9rgio Fonseca e Marcelo Ara\u00fajo continuam nos comandos gerais da Pol\u00edcia Militar e do Corpo de Bombeiros, respectivamente. Jos\u00e9 Ronildo de Souza e Lucas Severiano s\u00e3o os subcomandantes das corpora\u00e7\u00f5es, e Jair Carneiro, corregedor-geral.<\/p>\n<p>Let\u00e1cio Guedes tamb\u00e9m foi confirmado como titular da Controladoria-Geral do Estado, assim como F\u00e1bio Andrade na Procuradoria-Geral do Estado, e Paulo M\u00e1rcio Madruga, como procurador adjunto. Gilmar Martins continua na Secretaria de Planejamento, Or\u00e7amento e Gest\u00e3o.<\/p>\n<p>Petr\u00f4nio Rolim \u00e9 o secret\u00e1rio executivo de Parcerias P\u00fablico-Privadas, e Ednaldo Joaquim (J\u00fanior Caro\u00e9) o secret\u00e1rio executivo do Or\u00e7amento Democr\u00e1tico Estadual. Marialvo Laureano e Bruno Frade permanecem como secret\u00e1rios titular e executivo da Fazenda, respectivamente. M\u00e1rio S\u00e9rgio Freitas \u00e9 o nome anunciado para a secretaria executiva do Tesouro.<\/p>\n<p>Zezinho do Botafogo volta \u00e0 Secretaria da Juventude, Esporte e Lazer,\u00a0<strong><a href=\"https:\/\/portalcorreio.com.br\/zezinho-do-botafogo-e-exonerado-da-secretaria-de-juventude-esporte-e-lazer\/\" target=\"_blank\" rel=\"noreferrer noopener\">da qual havia se afastado para assumir a Mesa Diretora da C\u00e2mara dos Vereadores de Jo\u00e3o Pessoa<\/a><\/strong>, e Harlen Vilarim, o executivo da pasta. L\u00eddia Moura tamb\u00e9m foi confirmada na Secretaria da Mulher e da Diversidade Humana, bem como Cristiana Almeida, executiva da pasta.<\/p>\n<p>Joaquim Hugo continua \u00e0 frente da Secretaria do Desenvolvimento da Agropecu\u00e1ria e da Pesca, e Rafael Lopes de Oliveira, na secretaria executiva. Ros\u00e1lia Lucas ser\u00e1 mantida como secret\u00e1ria do Turismo e do Desenvolvimento Econ\u00f4mico, e Fabr\u00edcio Feitosa, na Secretaria Executiva do Empreendedorismo.<\/p>\n<p>A\u00a0<strong><a href=\"https:\/\/portalcorreio.com.br\/medico-jhony-bezerra-e-nomeado-secretario-de-estado-da-saude-da-paraiba\/\" target=\"_blank\" rel=\"noreferrer noopener\">Secretaria de Sa\u00fade, j\u00e1 anunciada anteriormente, ser\u00e1 comandada por Jhony Bezerra<\/a><\/strong>. Renata N\u00f3brega \u00e9 a secret\u00e1ria executiva, e Arymatheus Reis, secret\u00e1rio executivo de Gest\u00e3o da Rede de Unidades de Sa\u00fade.<\/p>\n<p><strong>Noticias em Destaque<\/strong><\/p>\n<p style=\"text-align: right;\"><em>Fonte: Portal Correio<\/em><\/p>\n","protected":false},"excerpt":{"rendered":"<p>O governador Jo\u00e3o Azev\u00eado (PSB) anunciou, na noite desta segunda-feira (16), mais nomes que ir\u00e3o compor o secretariado em seu segundo mandato \u00e0 frente da gest\u00e3o estadual. Dentre os novos auxiliares est\u00e1 Rafaela Camaraense, que ficar\u00e1 \u00e0 frente da\u00a0nova Secretaria do Meio Ambiente e Sustentabilidade, e o tenente-coronel Marques J\u00fanior, que assume a chefia da Casa Militar do Governador. Denis Soares \u00e9 o secret\u00e1rio executivo do Meio Ambiente e Sustentabilidade. Permanecem nos cargos os secret\u00e1rios Deusdete Queiroga (Infraestrutura e dos Recursos H\u00eddricos; Virgiane Melo (Infraestrutura e dos Recursos H\u00eddricos); Roberto Paulino (secret\u00e1rio chefe de governo); Ronaldo Guerra (chefe de gabinete do governador); Nonato Bandeira (Comunica\u00e7\u00e3o Institucional); e F\u00e1bio Barros (executivo da Comunica\u00e7\u00e3o Institucional). A Secretaria de Estado da Seguran\u00e7a e da Defesa Social continua sob o comando do secret\u00e1rio Jean Francisco Nunes. Lamark Donato ocupa a fun\u00e7\u00e3o de secret\u00e1rio executivo da Seguran\u00e7a e da Defesa Social. Os coron\u00e9is S\u00e9rgio Fonseca e Marcelo Ara\u00fajo continuam nos comandos gerais da Pol\u00edcia Militar e do Corpo de Bombeiros, respectivamente. Jos\u00e9 Ronildo de Souza e Lucas Severiano s\u00e3o os subcomandantes das corpora\u00e7\u00f5es, e Jair Carneiro, corregedor-geral. Let\u00e1cio Guedes tamb\u00e9m foi confirmado como titular da Controladoria-Geral do Estado, assim como F\u00e1bio Andrade na Procuradoria-Geral do Estado, e Paulo M\u00e1rcio Madruga, como procurador adjunto. Gilmar Martins continua na Secretaria de Planejamento, Or\u00e7amento e Gest\u00e3o. Petr\u00f4nio Rolim \u00e9 o secret\u00e1rio executivo de Parcerias P\u00fablico-Privadas, e Ednaldo Joaquim (J\u00fanior Caro\u00e9) o secret\u00e1rio executivo do Or\u00e7amento Democr\u00e1tico Estadual. Marialvo Laureano e Bruno Frade permanecem como secret\u00e1rios titular e executivo da Fazenda, respectivamente. M\u00e1rio S\u00e9rgio Freitas \u00e9 o nome anunciado para a secretaria executiva do Tesouro. Zezinho do Botafogo volta \u00e0 Secretaria da Juventude, Esporte e Lazer,\u00a0da qual havia se afastado para assumir a Mesa Diretora da C\u00e2mara dos Vereadores de Jo\u00e3o Pessoa, e Harlen Vilarim, o executivo da pasta. L\u00eddia Moura tamb\u00e9m foi confirmada na Secretaria da Mulher e da Diversidade Humana, bem como Cristiana Almeida, executiva da pasta. Joaquim Hugo continua \u00e0 frente da Secretaria do Desenvolvimento da Agropecu\u00e1ria e da Pesca, e Rafael Lopes de Oliveira, na secretaria executiva. Ros\u00e1lia Lucas ser\u00e1 mantida como secret\u00e1ria do Turismo e do Desenvolvimento Econ\u00f4mico, e Fabr\u00edcio Feitosa, na Secretaria Executiva do Empreendedorismo. A\u00a0Secretaria de Sa\u00fade, j\u00e1 anunciada anteriormente, ser\u00e1 comandada por Jhony Bezerra. Renata N\u00f3brega \u00e9 a secret\u00e1ria executiva, e Arymatheus Reis, secret\u00e1rio executivo de Gest\u00e3o da Rede de Unidades de Sa\u00fade. Noticias em Destaque Fonte: Portal Correio<\/p>\n","protected":false},"author":2,"featured_media":45565,"comment_status":"closed","ping_status":"open","sticky":false,"template":"","format":"standard","meta":{"_eb_attr":"","_jetpack_memberships_contains_paid_content":false,"footnotes":""},"categories":[4],"tags":[],"class_list":["post-45564","post","type-post","status-publish","format-standard","has-post-thumbnail","hentry","category-politica"],"yoast_head":"<!-- This site is optimized with the Yoast SEO plugin v26.5 - https:\/\/yoast.com\/wordpress\/plugins\/seo\/ -->\n<title>Veja quem ser\u00e3o os secret\u00e1rios de Jo\u00e3o Azev\u00eado no segundo mandato - Not&iacute;cias em Destaque<\/title>\n<meta name=\"robots\" content=\"index, follow, max-snippet:-1, max-image-preview:large, max-video-preview:-1\" \/>\n<link rel=\"canonical\" href=\"https:\/\/noticiasemdestaque.com\/cd\/?p=45564\" \/>\n<meta property=\"og:locale\" content=\"pt_BR\" \/>\n<meta property=\"og:type\" content=\"article\" \/>\n<meta property=\"og:title\" content=\"Veja quem ser\u00e3o os secret\u00e1rios de Jo\u00e3o Azev\u00eado no segundo mandato - Not&iacute;cias em Destaque\" \/>\n<meta property=\"og:description\" content=\"O governador Jo\u00e3o Azev\u00eado (PSB) anunciou, na noite desta segunda-feira (16), mais nomes que ir\u00e3o compor o secretariado em seu segundo mandato \u00e0 frente da gest\u00e3o estadual. Dentre os novos auxiliares est\u00e1 Rafaela Camaraense, que ficar\u00e1 \u00e0 frente da\u00a0nova Secretaria do Meio Ambiente e Sustentabilidade, e o tenente-coronel Marques J\u00fanior, que assume a chefia da Casa Militar do Governador. Denis Soares \u00e9 o secret\u00e1rio executivo do Meio Ambiente e Sustentabilidade. Permanecem nos cargos os secret\u00e1rios Deusdete Queiroga (Infraestrutura e dos Recursos H\u00eddricos; Virgiane Melo (Infraestrutura e dos Recursos H\u00eddricos); Roberto Paulino (secret\u00e1rio chefe de governo); Ronaldo Guerra (chefe de gabinete do governador); Nonato Bandeira (Comunica\u00e7\u00e3o Institucional); e F\u00e1bio Barros (executivo da Comunica\u00e7\u00e3o Institucional). A Secretaria de Estado da Seguran\u00e7a e da Defesa Social continua sob o comando do secret\u00e1rio Jean Francisco Nunes. Lamark Donato ocupa a fun\u00e7\u00e3o de secret\u00e1rio executivo da Seguran\u00e7a e da Defesa Social. Os coron\u00e9is S\u00e9rgio Fonseca e Marcelo Ara\u00fajo continuam nos comandos gerais da Pol\u00edcia Militar e do Corpo de Bombeiros, respectivamente. Jos\u00e9 Ronildo de Souza e Lucas Severiano s\u00e3o os subcomandantes das corpora\u00e7\u00f5es, e Jair Carneiro, corregedor-geral. Let\u00e1cio Guedes tamb\u00e9m foi confirmado como titular da Controladoria-Geral do Estado, assim como F\u00e1bio Andrade na Procuradoria-Geral do Estado, e Paulo M\u00e1rcio Madruga, como procurador adjunto. Gilmar Martins continua na Secretaria de Planejamento, Or\u00e7amento e Gest\u00e3o. Petr\u00f4nio Rolim \u00e9 o secret\u00e1rio executivo de Parcerias P\u00fablico-Privadas, e Ednaldo Joaquim (J\u00fanior Caro\u00e9) o secret\u00e1rio executivo do Or\u00e7amento Democr\u00e1tico Estadual. Marialvo Laureano e Bruno Frade permanecem como secret\u00e1rios titular e executivo da Fazenda, respectivamente. M\u00e1rio S\u00e9rgio Freitas \u00e9 o nome anunciado para a secretaria executiva do Tesouro. Zezinho do Botafogo volta \u00e0 Secretaria da Juventude, Esporte e Lazer,\u00a0da qual havia se afastado para assumir a Mesa Diretora da C\u00e2mara dos Vereadores de Jo\u00e3o Pessoa, e Harlen Vilarim, o executivo da pasta. L\u00eddia Moura tamb\u00e9m foi confirmada na Secretaria da Mulher e da Diversidade Humana, bem como Cristiana Almeida, executiva da pasta. Joaquim Hugo continua \u00e0 frente da Secretaria do Desenvolvimento da Agropecu\u00e1ria e da Pesca, e Rafael Lopes de Oliveira, na secretaria executiva. Ros\u00e1lia Lucas ser\u00e1 mantida como secret\u00e1ria do Turismo e do Desenvolvimento Econ\u00f4mico, e Fabr\u00edcio Feitosa, na Secretaria Executiva do Empreendedorismo. A\u00a0Secretaria de Sa\u00fade, j\u00e1 anunciada anteriormente, ser\u00e1 comandada por Jhony Bezerra. Renata N\u00f3brega \u00e9 a secret\u00e1ria executiva, e Arymatheus Reis, secret\u00e1rio executivo de Gest\u00e3o da Rede de Unidades de Sa\u00fade. Noticias em Destaque Fonte: Portal Correio\" \/>\n<meta property=\"og:url\" content=\"https:\/\/noticiasemdestaque.com\/cd\/?p=45564\" \/>\n<meta property=\"og:site_name\" content=\"Not&iacute;cias em Destaque\" \/>\n<meta property=\"article:published_time\" content=\"2023-01-17T14:56:39+00:00\" \/>\n<meta property=\"og:image\" content=\"https:\/\/noticiasemdestaque.com\/cd\/wp-content\/uploads\/2023\/01\/d8896d6a41aa50cf45bc0080e4c00c9f.jpeg\" \/>\n\t<meta property=\"og:image:width\" content=\"735\" \/>\n\t<meta property=\"og:image:height\" content=\"527\" \/>\n\t<meta property=\"og:image:type\" content=\"image\/jpeg\" \/>\n<meta name=\"author\" content=\"Not\u00edcias em Destaque\" \/>\n<meta name=\"twitter:card\" content=\"summary_large_image\" \/>\n<meta name=\"twitter:label1\" content=\"Escrito por\" \/>\n\t<meta name=\"twitter:data1\" content=\"Not\u00edcias em Destaque\" \/>\n\t<meta name=\"twitter:label2\" content=\"Est. tempo de leitura\" \/>\n\t<meta name=\"twitter:data2\" content=\"3 minutos\" \/>\n<script type=\"application\/ld+json\" class=\"yoast-schema-graph\">{\"@context\":\"https:\/\/schema.org\",\"@graph\":[{\"@type\":\"Article\",\"@id\":\"https:\/\/noticiasemdestaque.com\/cd\/?p=45564#article\",\"isPartOf\":{\"@id\":\"https:\/\/noticiasemdestaque.com\/cd\/?p=45564\"},\"author\":{\"name\":\"Not\u00edcias em Destaque\",\"@id\":\"https:\/\/noticiasemdestaque.com\/cd\/#\/schema\/person\/47f7d4f55eec17c6b2ca036c5500f6ce\"},\"headline\":\"Veja quem ser\u00e3o os secret\u00e1rios de Jo\u00e3o Azev\u00eado no segundo mandato\",\"datePublished\":\"2023-01-17T14:56:39+00:00\",\"mainEntityOfPage\":{\"@id\":\"https:\/\/noticiasemdestaque.com\/cd\/?p=45564\"},\"wordCount\":462,\"publisher\":{\"@id\":\"https:\/\/noticiasemdestaque.com\/cd\/#organization\"},\"image\":{\"@id\":\"https:\/\/noticiasemdestaque.com\/cd\/?p=45564#primaryimage\"},\"thumbnailUrl\":\"https:\/\/noticiasemdestaque.com\/cd\/wp-content\/uploads\/2023\/01\/d8896d6a41aa50cf45bc0080e4c00c9f.jpeg\",\"articleSection\":[\"Pol\u00edtica\"],\"inLanguage\":\"pt-BR\"},{\"@type\":\"WebPage\",\"@id\":\"https:\/\/noticiasemdestaque.com\/cd\/?p=45564\",\"url\":\"https:\/\/noticiasemdestaque.com\/cd\/?p=45564\",\"name\":\"Veja quem ser\u00e3o os secret\u00e1rios de Jo\u00e3o Azev\u00eado no segundo mandato - Not&iacute;cias em Destaque\",\"isPartOf\":{\"@id\":\"https:\/\/noticiasemdestaque.com\/cd\/#website\"},\"primaryImageOfPage\":{\"@id\":\"https:\/\/noticiasemdestaque.com\/cd\/?p=45564#primaryimage\"},\"image\":{\"@id\":\"https:\/\/noticiasemdestaque.com\/cd\/?p=45564#primaryimage\"},\"thumbnailUrl\":\"https:\/\/noticiasemdestaque.com\/cd\/wp-content\/uploads\/2023\/01\/d8896d6a41aa50cf45bc0080e4c00c9f.jpeg\",\"datePublished\":\"2023-01-17T14:56:39+00:00\",\"breadcrumb\":{\"@id\":\"https:\/\/noticiasemdestaque.com\/cd\/?p=45564#breadcrumb\"},\"inLanguage\":\"pt-BR\",\"potentialAction\":[{\"@type\":\"ReadAction\",\"target\":[\"https:\/\/noticiasemdestaque.com\/cd\/?p=45564\"]}]},{\"@type\":\"ImageObject\",\"inLanguage\":\"pt-BR\",\"@id\":\"https:\/\/noticiasemdestaque.com\/cd\/?p=45564#primaryimage\",\"url\":\"https:\/\/noticiasemdestaque.com\/cd\/wp-content\/uploads\/2023\/01\/d8896d6a41aa50cf45bc0080e4c00c9f.jpeg\",\"contentUrl\":\"https:\/\/noticiasemdestaque.com\/cd\/wp-content\/uploads\/2023\/01\/d8896d6a41aa50cf45bc0080e4c00c9f.jpeg\",\"width\":735,\"height\":527},{\"@type\":\"BreadcrumbList\",\"@id\":\"https:\/\/noticiasemdestaque.com\/cd\/?p=45564#breadcrumb\",\"itemListElement\":[{\"@type\":\"ListItem\",\"position\":1,\"name\":\"In\u00edcio\",\"item\":\"https:\/\/noticiasemdestaque.com\/cd\/\"},{\"@type\":\"ListItem\",\"position\":2,\"name\":\"Veja quem ser\u00e3o os secret\u00e1rios de Jo\u00e3o Azev\u00eado no segundo mandato\"}]},{\"@type\":\"WebSite\",\"@id\":\"https:\/\/noticiasemdestaque.com\/cd\/#website\",\"url\":\"https:\/\/noticiasemdestaque.com\/cd\/\",\"name\":\"Not&iacute;cias em Destaque\",\"description\":\"\",\"publisher\":{\"@id\":\"https:\/\/noticiasemdestaque.com\/cd\/#organization\"},\"potentialAction\":[{\"@type\":\"SearchAction\",\"target\":{\"@type\":\"EntryPoint\",\"urlTemplate\":\"https:\/\/noticiasemdestaque.com\/cd\/?s={search_term_string}\"},\"query-input\":{\"@type\":\"PropertyValueSpecification\",\"valueRequired\":true,\"valueName\":\"search_term_string\"}}],\"inLanguage\":\"pt-BR\"},{\"@type\":\"Organization\",\"@id\":\"https:\/\/noticiasemdestaque.com\/cd\/#organization\",\"name\":\"Not\u00edcias em Destaque\",\"url\":\"https:\/\/noticiasemdestaque.com\/cd\/\",\"logo\":{\"@type\":\"ImageObject\",\"inLanguage\":\"pt-BR\",\"@id\":\"https:\/\/noticiasemdestaque.com\/cd\/#\/schema\/logo\/image\/\",\"url\":\"https:\/\/noticiasemdestaque.com\/cd\/wp-content\/uploads\/2022\/05\/imagem-base-noticiasemdestaque.png\",\"contentUrl\":\"https:\/\/noticiasemdestaque.com\/cd\/wp-content\/uploads\/2022\/05\/imagem-base-noticiasemdestaque.png\",\"width\":1200,\"height\":630,\"caption\":\"Not\u00edcias em Destaque\"},\"image\":{\"@id\":\"https:\/\/noticiasemdestaque.com\/cd\/#\/schema\/logo\/image\/\"}},{\"@type\":\"Person\",\"@id\":\"https:\/\/noticiasemdestaque.com\/cd\/#\/schema\/person\/47f7d4f55eec17c6b2ca036c5500f6ce\",\"name\":\"Not\u00edcias em Destaque\",\"url\":\"https:\/\/noticiasemdestaque.com\/cd\/?author=2\"}]}<\/script>\n<!-- \/ Yoast SEO plugin. -->","yoast_head_json":{"title":"Veja quem ser\u00e3o os secret\u00e1rios de Jo\u00e3o Azev\u00eado no segundo mandato - Not&iacute;cias em Destaque","robots":{"index":"index","follow":"follow","max-snippet":"max-snippet:-1","max-image-preview":"max-image-preview:large","max-video-preview":"max-video-preview:-1"},"canonical":"https:\/\/noticiasemdestaque.com\/cd\/?p=45564","og_locale":"pt_BR","og_type":"article","og_title":"Veja quem ser\u00e3o os secret\u00e1rios de Jo\u00e3o Azev\u00eado no segundo mandato - Not&iacute;cias em Destaque","og_description":"O governador Jo\u00e3o Azev\u00eado (PSB) anunciou, na noite desta segunda-feira (16), mais nomes que ir\u00e3o compor o secretariado em seu segundo mandato \u00e0 frente da gest\u00e3o estadual. Dentre os novos auxiliares est\u00e1 Rafaela Camaraense, que ficar\u00e1 \u00e0 frente da\u00a0nova Secretaria do Meio Ambiente e Sustentabilidade, e o tenente-coronel Marques J\u00fanior, que assume a chefia da Casa Militar do Governador. Denis Soares \u00e9 o secret\u00e1rio executivo do Meio Ambiente e Sustentabilidade. Permanecem nos cargos os secret\u00e1rios Deusdete Queiroga (Infraestrutura e dos Recursos H\u00eddricos; Virgiane Melo (Infraestrutura e dos Recursos H\u00eddricos); Roberto Paulino (secret\u00e1rio chefe de governo); Ronaldo Guerra (chefe de gabinete do governador); Nonato Bandeira (Comunica\u00e7\u00e3o Institucional); e F\u00e1bio Barros (executivo da Comunica\u00e7\u00e3o Institucional). A Secretaria de Estado da Seguran\u00e7a e da Defesa Social continua sob o comando do secret\u00e1rio Jean Francisco Nunes. Lamark Donato ocupa a fun\u00e7\u00e3o de secret\u00e1rio executivo da Seguran\u00e7a e da Defesa Social. Os coron\u00e9is S\u00e9rgio Fonseca e Marcelo Ara\u00fajo continuam nos comandos gerais da Pol\u00edcia Militar e do Corpo de Bombeiros, respectivamente. Jos\u00e9 Ronildo de Souza e Lucas Severiano s\u00e3o os subcomandantes das corpora\u00e7\u00f5es, e Jair Carneiro, corregedor-geral. Let\u00e1cio Guedes tamb\u00e9m foi confirmado como titular da Controladoria-Geral do Estado, assim como F\u00e1bio Andrade na Procuradoria-Geral do Estado, e Paulo M\u00e1rcio Madruga, como procurador adjunto. Gilmar Martins continua na Secretaria de Planejamento, Or\u00e7amento e Gest\u00e3o. Petr\u00f4nio Rolim \u00e9 o secret\u00e1rio executivo de Parcerias P\u00fablico-Privadas, e Ednaldo Joaquim (J\u00fanior Caro\u00e9) o secret\u00e1rio executivo do Or\u00e7amento Democr\u00e1tico Estadual. Marialvo Laureano e Bruno Frade permanecem como secret\u00e1rios titular e executivo da Fazenda, respectivamente. M\u00e1rio S\u00e9rgio Freitas \u00e9 o nome anunciado para a secretaria executiva do Tesouro. Zezinho do Botafogo volta \u00e0 Secretaria da Juventude, Esporte e Lazer,\u00a0da qual havia se afastado para assumir a Mesa Diretora da C\u00e2mara dos Vereadores de Jo\u00e3o Pessoa, e Harlen Vilarim, o executivo da pasta. L\u00eddia Moura tamb\u00e9m foi confirmada na Secretaria da Mulher e da Diversidade Humana, bem como Cristiana Almeida, executiva da pasta. Joaquim Hugo continua \u00e0 frente da Secretaria do Desenvolvimento da Agropecu\u00e1ria e da Pesca, e Rafael Lopes de Oliveira, na secretaria executiva. Ros\u00e1lia Lucas ser\u00e1 mantida como secret\u00e1ria do Turismo e do Desenvolvimento Econ\u00f4mico, e Fabr\u00edcio Feitosa, na Secretaria Executiva do Empreendedorismo. A\u00a0Secretaria de Sa\u00fade, j\u00e1 anunciada anteriormente, ser\u00e1 comandada por Jhony Bezerra. Renata N\u00f3brega \u00e9 a secret\u00e1ria executiva, e Arymatheus Reis, secret\u00e1rio executivo de Gest\u00e3o da Rede de Unidades de Sa\u00fade. Noticias em Destaque Fonte: Portal Correio","og_url":"https:\/\/noticiasemdestaque.com\/cd\/?p=45564","og_site_name":"Not&iacute;cias em Destaque","article_published_time":"2023-01-17T14:56:39+00:00","og_image":[{"width":735,"height":527,"url":"https:\/\/noticiasemdestaque.com\/cd\/wp-content\/uploads\/2023\/01\/d8896d6a41aa50cf45bc0080e4c00c9f.jpeg","type":"image\/jpeg"}],"author":"Not\u00edcias em Destaque","twitter_card":"summary_large_image","twitter_misc":{"Escrito por":"Not\u00edcias em Destaque","Est. tempo de leitura":"3 minutos"},"schema":{"@context":"https:\/\/schema.org","@graph":[{"@type":"Article","@id":"https:\/\/noticiasemdestaque.com\/cd\/?p=45564#article","isPartOf":{"@id":"https:\/\/noticiasemdestaque.com\/cd\/?p=45564"},"author":{"name":"Not\u00edcias em Destaque","@id":"https:\/\/noticiasemdestaque.com\/cd\/#\/schema\/person\/47f7d4f55eec17c6b2ca036c5500f6ce"},"headline":"Veja quem ser\u00e3o os secret\u00e1rios de Jo\u00e3o Azev\u00eado no segundo mandato","datePublished":"2023-01-17T14:56:39+00:00","mainEntityOfPage":{"@id":"https:\/\/noticiasemdestaque.com\/cd\/?p=45564"},"wordCount":462,"publisher":{"@id":"https:\/\/noticiasemdestaque.com\/cd\/#organization"},"image":{"@id":"https:\/\/noticiasemdestaque.com\/cd\/?p=45564#primaryimage"},"thumbnailUrl":"https:\/\/noticiasemdestaque.com\/cd\/wp-content\/uploads\/2023\/01\/d8896d6a41aa50cf45bc0080e4c00c9f.jpeg","articleSection":["Pol\u00edtica"],"inLanguage":"pt-BR"},{"@type":"WebPage","@id":"https:\/\/noticiasemdestaque.com\/cd\/?p=45564","url":"https:\/\/noticiasemdestaque.com\/cd\/?p=45564","name":"Veja quem ser\u00e3o os secret\u00e1rios de Jo\u00e3o Azev\u00eado no segundo mandato - Not&iacute;cias em Destaque","isPartOf":{"@id":"https:\/\/noticiasemdestaque.com\/cd\/#website"},"primaryImageOfPage":{"@id":"https:\/\/noticiasemdestaque.com\/cd\/?p=45564#primaryimage"},"image":{"@id":"https:\/\/noticiasemdestaque.com\/cd\/?p=45564#primaryimage"},"thumbnailUrl":"https:\/\/noticiasemdestaque.com\/cd\/wp-content\/uploads\/2023\/01\/d8896d6a41aa50cf45bc0080e4c00c9f.jpeg","datePublished":"2023-01-17T14:56:39+00:00","breadcrumb":{"@id":"https:\/\/noticiasemdestaque.com\/cd\/?p=45564#breadcrumb"},"inLanguage":"pt-BR","potentialAction":[{"@type":"ReadAction","target":["https:\/\/noticiasemdestaque.com\/cd\/?p=45564"]}]},{"@type":"ImageObject","inLanguage":"pt-BR","@id":"https:\/\/noticiasemdestaque.com\/cd\/?p=45564#primaryimage","url":"https:\/\/noticiasemdestaque.com\/cd\/wp-content\/uploads\/2023\/01\/d8896d6a41aa50cf45bc0080e4c00c9f.jpeg","contentUrl":"https:\/\/noticiasemdestaque.com\/cd\/wp-content\/uploads\/2023\/01\/d8896d6a41aa50cf45bc0080e4c00c9f.jpeg","width":735,"height":527},{"@type":"BreadcrumbList","@id":"https:\/\/noticiasemdestaque.com\/cd\/?p=45564#breadcrumb","itemListElement":[{"@type":"ListItem","position":1,"name":"In\u00edcio","item":"https:\/\/noticiasemdestaque.com\/cd\/"},{"@type":"ListItem","position":2,"name":"Veja quem ser\u00e3o os secret\u00e1rios de Jo\u00e3o Azev\u00eado no segundo mandato"}]},{"@type":"WebSite","@id":"https:\/\/noticiasemdestaque.com\/cd\/#website","url":"https:\/\/noticiasemdestaque.com\/cd\/","name":"Not&iacute;cias em Destaque","description":"","publisher":{"@id":"https:\/\/noticiasemdestaque.com\/cd\/#organization"},"potentialAction":[{"@type":"SearchAction","target":{"@type":"EntryPoint","urlTemplate":"https:\/\/noticiasemdestaque.com\/cd\/?s={search_term_string}"},"query-input":{"@type":"PropertyValueSpecification","valueRequired":true,"valueName":"search_term_string"}}],"inLanguage":"pt-BR"},{"@type":"Organization","@id":"https:\/\/noticiasemdestaque.com\/cd\/#organization","name":"Not\u00edcias em Destaque","url":"https:\/\/noticiasemdestaque.com\/cd\/","logo":{"@type":"ImageObject","inLanguage":"pt-BR","@id":"https:\/\/noticiasemdestaque.com\/cd\/#\/schema\/logo\/image\/","url":"https:\/\/noticiasemdestaque.com\/cd\/wp-content\/uploads\/2022\/05\/imagem-base-noticiasemdestaque.png","contentUrl":"https:\/\/noticiasemdestaque.com\/cd\/wp-content\/uploads\/2022\/05\/imagem-base-noticiasemdestaque.png","width":1200,"height":630,"caption":"Not\u00edcias em Destaque"},"image":{"@id":"https:\/\/noticiasemdestaque.com\/cd\/#\/schema\/logo\/image\/"}},{"@type":"Person","@id":"https:\/\/noticiasemdestaque.com\/cd\/#\/schema\/person\/47f7d4f55eec17c6b2ca036c5500f6ce","name":"Not\u00edcias em Destaque","url":"https:\/\/noticiasemdestaque.com\/cd\/?author=2"}]}},"jetpack_featured_media_url":"https:\/\/noticiasemdestaque.com\/cd\/wp-content\/uploads\/2023\/01\/d8896d6a41aa50cf45bc0080e4c00c9f.jpeg","jetpack_sharing_enabled":true,"_links":{"self":[{"href":"https:\/\/noticiasemdestaque.com\/cd\/index.php?rest_route=\/wp\/v2\/posts\/45564","targetHints":{"allow":["GET"]}}],"collection":[{"href":"https:\/\/noticiasemdestaque.com\/cd\/index.php?rest_route=\/wp\/v2\/posts"}],"about":[{"href":"https:\/\/noticiasemdestaque.com\/cd\/index.php?rest_route=\/wp\/v2\/types\/post"}],"author":[{"embeddable":true,"href":"https:\/\/noticiasemdestaque.com\/cd\/index.php?rest_route=\/wp\/v2\/users\/2"}],"replies":[{"embeddable":true,"href":"https:\/\/noticiasemdestaque.com\/cd\/index.php?rest_route=%2Fwp%2Fv2%2Fcomments&post=45564"}],"version-history":[{"count":1,"href":"https:\/\/noticiasemdestaque.com\/cd\/index.php?rest_route=\/wp\/v2\/posts\/45564\/revisions"}],"predecessor-version":[{"id":45566,"href":"https:\/\/noticiasemdestaque.com\/cd\/index.php?rest_route=\/wp\/v2\/posts\/45564\/revisions\/45566"}],"wp:featuredmedia":[{"embeddable":true,"href":"https:\/\/noticiasemdestaque.com\/cd\/index.php?rest_route=\/wp\/v2\/media\/45565"}],"wp:attachment":[{"href":"https:\/\/noticiasemdestaque.com\/cd\/index.php?rest_route=%2Fwp%2Fv2%2Fmedia&parent=45564"}],"wp:term":[{"taxonomy":"category","embeddable":true,"href":"https:\/\/noticiasemdestaque.com\/cd\/index.php?rest_route=%2Fwp%2Fv2%2Fcategories&post=45564"},{"taxonomy":"post_tag","embeddable":true,"href":"https:\/\/noticiasemdestaque.com\/cd\/index.php?rest_route=%2Fwp%2Fv2%2Ftags&post=45564"}],"curies":[{"name":"wp","href":"https:\/\/api.w.org\/{rel}","templated":true}]}}