{"id":45558,"date":"2023-01-17T11:48:35","date_gmt":"2023-01-17T14:48:35","guid":{"rendered":"https:\/\/noticiasemdestaque.com\/cd\/?p=45558"},"modified":"2023-01-17T11:48:35","modified_gmt":"2023-01-17T14:48:35","slug":"prefeitura-de-sao-jose-dos-cordeiros-inicia-2023-com-obras-em-ritmo-acelerado","status":"publish","type":"post","link":"https:\/\/noticiasemdestaque.com\/cd\/?p=45558","title":{"rendered":"Prefeitura de S\u00e3o Jos\u00e9 dos Cordeiros inicia 2023 com obras em ritmo acelerado"},"content":{"rendered":"<p><a href=\"https:\/\/noticiasemdestaque.com\/cd\/wp-content\/uploads\/2023\/01\/WhatsApp-Image-2023-01-17-at-11.40.28-1.jpeg\"><img fetchpriority=\"high\" decoding=\"async\" class=\"alignnone  wp-image-45560\" src=\"https:\/\/noticiasemdestaque.com\/cd\/wp-content\/uploads\/2023\/01\/WhatsApp-Image-2023-01-17-at-11.40.28-1-300x225.jpeg\" alt=\"\" width=\"1041\" height=\"781\" srcset=\"https:\/\/noticiasemdestaque.com\/cd\/wp-content\/uploads\/2023\/01\/WhatsApp-Image-2023-01-17-at-11.40.28-1-300x225.jpeg 300w, https:\/\/noticiasemdestaque.com\/cd\/wp-content\/uploads\/2023\/01\/WhatsApp-Image-2023-01-17-at-11.40.28-1-1024x768.jpeg 1024w, https:\/\/noticiasemdestaque.com\/cd\/wp-content\/uploads\/2023\/01\/WhatsApp-Image-2023-01-17-at-11.40.28-1-768x576.jpeg 768w, https:\/\/noticiasemdestaque.com\/cd\/wp-content\/uploads\/2023\/01\/WhatsApp-Image-2023-01-17-at-11.40.28-1-16x12.jpeg 16w, https:\/\/noticiasemdestaque.com\/cd\/wp-content\/uploads\/2023\/01\/WhatsApp-Image-2023-01-17-at-11.40.28-1.jpeg 1280w\" sizes=\"(max-width: 1041px) 100vw, 1041px\" \/><\/a><\/p>\n<p>O munic\u00edpio de S\u00e3o Jos\u00e9 dos Cordeiros iniciou o ano de 2023 com muitos motivos para comemorar.<\/p>\n<p>Na primeira semana do ano o prefeito Fel\u00edcio Queiroz assinou as ordens de servi\u00e7os de mais a\u00e7\u00f5es e atualmente cinco obras importantes est\u00e3o garantidas para a cidade.<\/p>\n<p>A \u00e1rea do esporte est\u00e1 sendo fortemente beneficiada com a constru\u00e7\u00e3o das quadras poliesportivas de Pedra Lavrada e tamb\u00e9m do Mundo Novo que v\u00e3o beneficiar diversas comunidades adjacentes.<\/p>\n<p><a href=\"https:\/\/noticiasemdestaque.com\/cd\/wp-content\/uploads\/2023\/01\/WhatsApp-Image-2023-01-17-at-11.40.28-3.jpeg\"><img decoding=\"async\" class=\" wp-image-45562 aligncenter\" src=\"https:\/\/noticiasemdestaque.com\/cd\/wp-content\/uploads\/2023\/01\/WhatsApp-Image-2023-01-17-at-11.40.28-3-300x225.jpeg\" alt=\"\" width=\"571\" height=\"428\" srcset=\"https:\/\/noticiasemdestaque.com\/cd\/wp-content\/uploads\/2023\/01\/WhatsApp-Image-2023-01-17-at-11.40.28-3-300x225.jpeg 300w, https:\/\/noticiasemdestaque.com\/cd\/wp-content\/uploads\/2023\/01\/WhatsApp-Image-2023-01-17-at-11.40.28-3-1024x768.jpeg 1024w, https:\/\/noticiasemdestaque.com\/cd\/wp-content\/uploads\/2023\/01\/WhatsApp-Image-2023-01-17-at-11.40.28-3-768x576.jpeg 768w, https:\/\/noticiasemdestaque.com\/cd\/wp-content\/uploads\/2023\/01\/WhatsApp-Image-2023-01-17-at-11.40.28-3-16x12.jpeg 16w, https:\/\/noticiasemdestaque.com\/cd\/wp-content\/uploads\/2023\/01\/WhatsApp-Image-2023-01-17-at-11.40.28-3.jpeg 1280w\" sizes=\"(max-width: 571px) 100vw, 571px\" \/><\/a><\/p>\n<p>Ainda no esporte o maior equipamento poliesportivo, o Gin\u00e1sio do Munic\u00edpio est\u00e1 sendo revitalizado para oferecer uma melhor estrutura para atletas e toda comunidade que usa aquele espa\u00e7o.<\/p>\n<p>A Central de Vel\u00f3rios \u00e9 uma a\u00e7\u00e3o esperada e leva dignidade e conforto \u00e0s fam\u00edlias cordeirenes nos momentos dif\u00edceis.<\/p>\n<p>A gest\u00e3o segue cal\u00e7ando ruas e agora as obras est\u00e3o avan\u00e7ando nas ruas Nathan Wilker e Lucas Almeida.<\/p>\n<p><a href=\"https:\/\/noticiasemdestaque.com\/cd\/wp-content\/uploads\/2023\/01\/WhatsApp-Image-2023-01-17-at-11.40.28-2.jpeg\"><img decoding=\"async\" class=\"wp-image-45561 aligncenter\" src=\"https:\/\/noticiasemdestaque.com\/cd\/wp-content\/uploads\/2023\/01\/WhatsApp-Image-2023-01-17-at-11.40.28-2-300x225.jpeg\" alt=\"\" width=\"795\" height=\"596\" srcset=\"https:\/\/noticiasemdestaque.com\/cd\/wp-content\/uploads\/2023\/01\/WhatsApp-Image-2023-01-17-at-11.40.28-2-300x225.jpeg 300w, https:\/\/noticiasemdestaque.com\/cd\/wp-content\/uploads\/2023\/01\/WhatsApp-Image-2023-01-17-at-11.40.28-2-1024x768.jpeg 1024w, https:\/\/noticiasemdestaque.com\/cd\/wp-content\/uploads\/2023\/01\/WhatsApp-Image-2023-01-17-at-11.40.28-2-768x576.jpeg 768w, https:\/\/noticiasemdestaque.com\/cd\/wp-content\/uploads\/2023\/01\/WhatsApp-Image-2023-01-17-at-11.40.28-2-16x12.jpeg 16w, https:\/\/noticiasemdestaque.com\/cd\/wp-content\/uploads\/2023\/01\/WhatsApp-Image-2023-01-17-at-11.40.28-2.jpeg 1280w\" sizes=\"(max-width: 795px) 100vw, 795px\" \/><\/a><\/p>\n<p>Assim a gest\u00e3o municipal termina um ano com trabalho e inicia um novo ciclo com novas obras em prol dos Cordeirenses.<\/p>\n<p><strong>Not\u00edcias em Destaque<\/strong><br \/>\nCom Ascom<\/p>\n","protected":false},"excerpt":{"rendered":"<p>O munic\u00edpio de S\u00e3o Jos\u00e9 dos Cordeiros iniciou o ano de 2023 com muitos motivos para comemorar. Na primeira semana do ano o prefeito Fel\u00edcio Queiroz assinou as ordens de servi\u00e7os de mais a\u00e7\u00f5es e atualmente cinco obras importantes est\u00e3o garantidas para a cidade. A \u00e1rea do esporte est\u00e1 sendo fortemente beneficiada com a constru\u00e7\u00e3o das quadras poliesportivas de Pedra Lavrada e tamb\u00e9m do Mundo Novo que v\u00e3o beneficiar diversas comunidades adjacentes. Ainda no esporte o maior equipamento poliesportivo, o Gin\u00e1sio do Munic\u00edpio est\u00e1 sendo revitalizado para oferecer uma melhor estrutura para atletas e toda comunidade que usa aquele espa\u00e7o. A Central de Vel\u00f3rios \u00e9 uma a\u00e7\u00e3o esperada e leva dignidade e conforto \u00e0s fam\u00edlias cordeirenes nos momentos dif\u00edceis. A gest\u00e3o segue cal\u00e7ando ruas e agora as obras est\u00e3o avan\u00e7ando nas ruas Nathan Wilker e Lucas Almeida. Assim a gest\u00e3o municipal termina um ano com trabalho e inicia um novo ciclo com novas obras em prol dos Cordeirenses. Not\u00edcias em Destaque Com Ascom<\/p>\n","protected":false},"author":2,"featured_media":45559,"comment_status":"closed","ping_status":"open","sticky":false,"template":"","format":"standard","meta":{"_eb_attr":"","_jetpack_memberships_contains_paid_content":false,"footnotes":""},"categories":[3],"tags":[],"class_list":["post-45558","post","type-post","status-publish","format-standard","has-post-thumbnail","hentry","category-cidades"],"yoast_head":"<!-- This site is optimized with the Yoast SEO plugin v26.5 - https:\/\/yoast.com\/wordpress\/plugins\/seo\/ -->\n<title>Prefeitura de S\u00e3o Jos\u00e9 dos Cordeiros inicia 2023 com obras em ritmo acelerado - Not&iacute;cias em Destaque<\/title>\n<meta name=\"robots\" content=\"index, follow, max-snippet:-1, max-image-preview:large, max-video-preview:-1\" \/>\n<link rel=\"canonical\" href=\"https:\/\/noticiasemdestaque.com\/cd\/?p=45558\" \/>\n<meta property=\"og:locale\" content=\"pt_BR\" \/>\n<meta property=\"og:type\" content=\"article\" \/>\n<meta property=\"og:title\" content=\"Prefeitura de S\u00e3o Jos\u00e9 dos Cordeiros inicia 2023 com obras em ritmo acelerado - Not&iacute;cias em Destaque\" \/>\n<meta property=\"og:description\" content=\"O munic\u00edpio de S\u00e3o Jos\u00e9 dos Cordeiros iniciou o ano de 2023 com muitos motivos para comemorar. Na primeira semana do ano o prefeito Fel\u00edcio Queiroz assinou as ordens de servi\u00e7os de mais a\u00e7\u00f5es e atualmente cinco obras importantes est\u00e3o garantidas para a cidade. A \u00e1rea do esporte est\u00e1 sendo fortemente beneficiada com a constru\u00e7\u00e3o das quadras poliesportivas de Pedra Lavrada e tamb\u00e9m do Mundo Novo que v\u00e3o beneficiar diversas comunidades adjacentes. Ainda no esporte o maior equipamento poliesportivo, o Gin\u00e1sio do Munic\u00edpio est\u00e1 sendo revitalizado para oferecer uma melhor estrutura para atletas e toda comunidade que usa aquele espa\u00e7o. A Central de Vel\u00f3rios \u00e9 uma a\u00e7\u00e3o esperada e leva dignidade e conforto \u00e0s fam\u00edlias cordeirenes nos momentos dif\u00edceis. A gest\u00e3o segue cal\u00e7ando ruas e agora as obras est\u00e3o avan\u00e7ando nas ruas Nathan Wilker e Lucas Almeida. Assim a gest\u00e3o municipal termina um ano com trabalho e inicia um novo ciclo com novas obras em prol dos Cordeirenses. Not\u00edcias em Destaque Com Ascom\" \/>\n<meta property=\"og:url\" content=\"https:\/\/noticiasemdestaque.com\/cd\/?p=45558\" \/>\n<meta property=\"og:site_name\" content=\"Not&iacute;cias em Destaque\" \/>\n<meta property=\"article:published_time\" content=\"2023-01-17T14:48:35+00:00\" \/>\n<meta property=\"og:image\" content=\"https:\/\/noticiasemdestaque.com\/cd\/wp-content\/uploads\/2023\/01\/WhatsApp-Image-2023-01-17-at-11.40.28.jpeg\" \/>\n\t<meta property=\"og:image:width\" content=\"1280\" \/>\n\t<meta property=\"og:image:height\" content=\"960\" \/>\n\t<meta property=\"og:image:type\" content=\"image\/jpeg\" \/>\n<meta name=\"author\" content=\"Not\u00edcias em Destaque\" \/>\n<meta name=\"twitter:card\" content=\"summary_large_image\" \/>\n<meta name=\"twitter:label1\" content=\"Escrito por\" \/>\n\t<meta name=\"twitter:data1\" content=\"Not\u00edcias em Destaque\" \/>\n\t<meta name=\"twitter:label2\" content=\"Est. tempo de leitura\" \/>\n\t<meta name=\"twitter:data2\" content=\"2 minutos\" \/>\n<script type=\"application\/ld+json\" class=\"yoast-schema-graph\">{\"@context\":\"https:\/\/schema.org\",\"@graph\":[{\"@type\":\"Article\",\"@id\":\"https:\/\/noticiasemdestaque.com\/cd\/?p=45558#article\",\"isPartOf\":{\"@id\":\"https:\/\/noticiasemdestaque.com\/cd\/?p=45558\"},\"author\":{\"name\":\"Not\u00edcias em Destaque\",\"@id\":\"https:\/\/noticiasemdestaque.com\/cd\/#\/schema\/person\/47f7d4f55eec17c6b2ca036c5500f6ce\"},\"headline\":\"Prefeitura de S\u00e3o Jos\u00e9 dos Cordeiros inicia 2023 com obras em ritmo acelerado\",\"datePublished\":\"2023-01-17T14:48:35+00:00\",\"mainEntityOfPage\":{\"@id\":\"https:\/\/noticiasemdestaque.com\/cd\/?p=45558\"},\"wordCount\":196,\"publisher\":{\"@id\":\"https:\/\/noticiasemdestaque.com\/cd\/#organization\"},\"image\":{\"@id\":\"https:\/\/noticiasemdestaque.com\/cd\/?p=45558#primaryimage\"},\"thumbnailUrl\":\"https:\/\/noticiasemdestaque.com\/cd\/wp-content\/uploads\/2023\/01\/WhatsApp-Image-2023-01-17-at-11.40.28.jpeg\",\"articleSection\":[\"Cidades\"],\"inLanguage\":\"pt-BR\"},{\"@type\":\"WebPage\",\"@id\":\"https:\/\/noticiasemdestaque.com\/cd\/?p=45558\",\"url\":\"https:\/\/noticiasemdestaque.com\/cd\/?p=45558\",\"name\":\"Prefeitura de S\u00e3o Jos\u00e9 dos Cordeiros inicia 2023 com obras em ritmo acelerado - Not&iacute;cias em Destaque\",\"isPartOf\":{\"@id\":\"https:\/\/noticiasemdestaque.com\/cd\/#website\"},\"primaryImageOfPage\":{\"@id\":\"https:\/\/noticiasemdestaque.com\/cd\/?p=45558#primaryimage\"},\"image\":{\"@id\":\"https:\/\/noticiasemdestaque.com\/cd\/?p=45558#primaryimage\"},\"thumbnailUrl\":\"https:\/\/noticiasemdestaque.com\/cd\/wp-content\/uploads\/2023\/01\/WhatsApp-Image-2023-01-17-at-11.40.28.jpeg\",\"datePublished\":\"2023-01-17T14:48:35+00:00\",\"breadcrumb\":{\"@id\":\"https:\/\/noticiasemdestaque.com\/cd\/?p=45558#breadcrumb\"},\"inLanguage\":\"pt-BR\",\"potentialAction\":[{\"@type\":\"ReadAction\",\"target\":[\"https:\/\/noticiasemdestaque.com\/cd\/?p=45558\"]}]},{\"@type\":\"ImageObject\",\"inLanguage\":\"pt-BR\",\"@id\":\"https:\/\/noticiasemdestaque.com\/cd\/?p=45558#primaryimage\",\"url\":\"https:\/\/noticiasemdestaque.com\/cd\/wp-content\/uploads\/2023\/01\/WhatsApp-Image-2023-01-17-at-11.40.28.jpeg\",\"contentUrl\":\"https:\/\/noticiasemdestaque.com\/cd\/wp-content\/uploads\/2023\/01\/WhatsApp-Image-2023-01-17-at-11.40.28.jpeg\",\"width\":1280,\"height\":960},{\"@type\":\"BreadcrumbList\",\"@id\":\"https:\/\/noticiasemdestaque.com\/cd\/?p=45558#breadcrumb\",\"itemListElement\":[{\"@type\":\"ListItem\",\"position\":1,\"name\":\"In\u00edcio\",\"item\":\"https:\/\/noticiasemdestaque.com\/cd\/\"},{\"@type\":\"ListItem\",\"position\":2,\"name\":\"Prefeitura de S\u00e3o Jos\u00e9 dos Cordeiros inicia 2023 com obras em ritmo acelerado\"}]},{\"@type\":\"WebSite\",\"@id\":\"https:\/\/noticiasemdestaque.com\/cd\/#website\",\"url\":\"https:\/\/noticiasemdestaque.com\/cd\/\",\"name\":\"Not&iacute;cias em Destaque\",\"description\":\"\",\"publisher\":{\"@id\":\"https:\/\/noticiasemdestaque.com\/cd\/#organization\"},\"potentialAction\":[{\"@type\":\"SearchAction\",\"target\":{\"@type\":\"EntryPoint\",\"urlTemplate\":\"https:\/\/noticiasemdestaque.com\/cd\/?s={search_term_string}\"},\"query-input\":{\"@type\":\"PropertyValueSpecification\",\"valueRequired\":true,\"valueName\":\"search_term_string\"}}],\"inLanguage\":\"pt-BR\"},{\"@type\":\"Organization\",\"@id\":\"https:\/\/noticiasemdestaque.com\/cd\/#organization\",\"name\":\"Not\u00edcias em Destaque\",\"url\":\"https:\/\/noticiasemdestaque.com\/cd\/\",\"logo\":{\"@type\":\"ImageObject\",\"inLanguage\":\"pt-BR\",\"@id\":\"https:\/\/noticiasemdestaque.com\/cd\/#\/schema\/logo\/image\/\",\"url\":\"https:\/\/noticiasemdestaque.com\/cd\/wp-content\/uploads\/2022\/05\/imagem-base-noticiasemdestaque.png\",\"contentUrl\":\"https:\/\/noticiasemdestaque.com\/cd\/wp-content\/uploads\/2022\/05\/imagem-base-noticiasemdestaque.png\",\"width\":1200,\"height\":630,\"caption\":\"Not\u00edcias em Destaque\"},\"image\":{\"@id\":\"https:\/\/noticiasemdestaque.com\/cd\/#\/schema\/logo\/image\/\"}},{\"@type\":\"Person\",\"@id\":\"https:\/\/noticiasemdestaque.com\/cd\/#\/schema\/person\/47f7d4f55eec17c6b2ca036c5500f6ce\",\"name\":\"Not\u00edcias em Destaque\",\"url\":\"https:\/\/noticiasemdestaque.com\/cd\/?author=2\"}]}<\/script>\n<!-- \/ Yoast SEO plugin. -->","yoast_head_json":{"title":"Prefeitura de S\u00e3o Jos\u00e9 dos Cordeiros inicia 2023 com obras em ritmo acelerado - Not&iacute;cias em Destaque","robots":{"index":"index","follow":"follow","max-snippet":"max-snippet:-1","max-image-preview":"max-image-preview:large","max-video-preview":"max-video-preview:-1"},"canonical":"https:\/\/noticiasemdestaque.com\/cd\/?p=45558","og_locale":"pt_BR","og_type":"article","og_title":"Prefeitura de S\u00e3o Jos\u00e9 dos Cordeiros inicia 2023 com obras em ritmo acelerado - Not&iacute;cias em Destaque","og_description":"O munic\u00edpio de S\u00e3o Jos\u00e9 dos Cordeiros iniciou o ano de 2023 com muitos motivos para comemorar. Na primeira semana do ano o prefeito Fel\u00edcio Queiroz assinou as ordens de servi\u00e7os de mais a\u00e7\u00f5es e atualmente cinco obras importantes est\u00e3o garantidas para a cidade. A \u00e1rea do esporte est\u00e1 sendo fortemente beneficiada com a constru\u00e7\u00e3o das quadras poliesportivas de Pedra Lavrada e tamb\u00e9m do Mundo Novo que v\u00e3o beneficiar diversas comunidades adjacentes. Ainda no esporte o maior equipamento poliesportivo, o Gin\u00e1sio do Munic\u00edpio est\u00e1 sendo revitalizado para oferecer uma melhor estrutura para atletas e toda comunidade que usa aquele espa\u00e7o. A Central de Vel\u00f3rios \u00e9 uma a\u00e7\u00e3o esperada e leva dignidade e conforto \u00e0s fam\u00edlias cordeirenes nos momentos dif\u00edceis. A gest\u00e3o segue cal\u00e7ando ruas e agora as obras est\u00e3o avan\u00e7ando nas ruas Nathan Wilker e Lucas Almeida. Assim a gest\u00e3o municipal termina um ano com trabalho e inicia um novo ciclo com novas obras em prol dos Cordeirenses. Not\u00edcias em Destaque Com Ascom","og_url":"https:\/\/noticiasemdestaque.com\/cd\/?p=45558","og_site_name":"Not&iacute;cias em Destaque","article_published_time":"2023-01-17T14:48:35+00:00","og_image":[{"width":1280,"height":960,"url":"https:\/\/noticiasemdestaque.com\/cd\/wp-content\/uploads\/2023\/01\/WhatsApp-Image-2023-01-17-at-11.40.28.jpeg","type":"image\/jpeg"}],"author":"Not\u00edcias em Destaque","twitter_card":"summary_large_image","twitter_misc":{"Escrito por":"Not\u00edcias em Destaque","Est. tempo de leitura":"2 minutos"},"schema":{"@context":"https:\/\/schema.org","@graph":[{"@type":"Article","@id":"https:\/\/noticiasemdestaque.com\/cd\/?p=45558#article","isPartOf":{"@id":"https:\/\/noticiasemdestaque.com\/cd\/?p=45558"},"author":{"name":"Not\u00edcias em Destaque","@id":"https:\/\/noticiasemdestaque.com\/cd\/#\/schema\/person\/47f7d4f55eec17c6b2ca036c5500f6ce"},"headline":"Prefeitura de S\u00e3o Jos\u00e9 dos Cordeiros inicia 2023 com obras em ritmo acelerado","datePublished":"2023-01-17T14:48:35+00:00","mainEntityOfPage":{"@id":"https:\/\/noticiasemdestaque.com\/cd\/?p=45558"},"wordCount":196,"publisher":{"@id":"https:\/\/noticiasemdestaque.com\/cd\/#organization"},"image":{"@id":"https:\/\/noticiasemdestaque.com\/cd\/?p=45558#primaryimage"},"thumbnailUrl":"https:\/\/noticiasemdestaque.com\/cd\/wp-content\/uploads\/2023\/01\/WhatsApp-Image-2023-01-17-at-11.40.28.jpeg","articleSection":["Cidades"],"inLanguage":"pt-BR"},{"@type":"WebPage","@id":"https:\/\/noticiasemdestaque.com\/cd\/?p=45558","url":"https:\/\/noticiasemdestaque.com\/cd\/?p=45558","name":"Prefeitura de S\u00e3o Jos\u00e9 dos Cordeiros inicia 2023 com obras em ritmo acelerado - Not&iacute;cias em Destaque","isPartOf":{"@id":"https:\/\/noticiasemdestaque.com\/cd\/#website"},"primaryImageOfPage":{"@id":"https:\/\/noticiasemdestaque.com\/cd\/?p=45558#primaryimage"},"image":{"@id":"https:\/\/noticiasemdestaque.com\/cd\/?p=45558#primaryimage"},"thumbnailUrl":"https:\/\/noticiasemdestaque.com\/cd\/wp-content\/uploads\/2023\/01\/WhatsApp-Image-2023-01-17-at-11.40.28.jpeg","datePublished":"2023-01-17T14:48:35+00:00","breadcrumb":{"@id":"https:\/\/noticiasemdestaque.com\/cd\/?p=45558#breadcrumb"},"inLanguage":"pt-BR","potentialAction":[{"@type":"ReadAction","target":["https:\/\/noticiasemdestaque.com\/cd\/?p=45558"]}]},{"@type":"ImageObject","inLanguage":"pt-BR","@id":"https:\/\/noticiasemdestaque.com\/cd\/?p=45558#primaryimage","url":"https:\/\/noticiasemdestaque.com\/cd\/wp-content\/uploads\/2023\/01\/WhatsApp-Image-2023-01-17-at-11.40.28.jpeg","contentUrl":"https:\/\/noticiasemdestaque.com\/cd\/wp-content\/uploads\/2023\/01\/WhatsApp-Image-2023-01-17-at-11.40.28.jpeg","width":1280,"height":960},{"@type":"BreadcrumbList","@id":"https:\/\/noticiasemdestaque.com\/cd\/?p=45558#breadcrumb","itemListElement":[{"@type":"ListItem","position":1,"name":"In\u00edcio","item":"https:\/\/noticiasemdestaque.com\/cd\/"},{"@type":"ListItem","position":2,"name":"Prefeitura de S\u00e3o Jos\u00e9 dos Cordeiros inicia 2023 com obras em ritmo acelerado"}]},{"@type":"WebSite","@id":"https:\/\/noticiasemdestaque.com\/cd\/#website","url":"https:\/\/noticiasemdestaque.com\/cd\/","name":"Not&iacute;cias em Destaque","description":"","publisher":{"@id":"https:\/\/noticiasemdestaque.com\/cd\/#organization"},"potentialAction":[{"@type":"SearchAction","target":{"@type":"EntryPoint","urlTemplate":"https:\/\/noticiasemdestaque.com\/cd\/?s={search_term_string}"},"query-input":{"@type":"PropertyValueSpecification","valueRequired":true,"valueName":"search_term_string"}}],"inLanguage":"pt-BR"},{"@type":"Organization","@id":"https:\/\/noticiasemdestaque.com\/cd\/#organization","name":"Not\u00edcias em Destaque","url":"https:\/\/noticiasemdestaque.com\/cd\/","logo":{"@type":"ImageObject","inLanguage":"pt-BR","@id":"https:\/\/noticiasemdestaque.com\/cd\/#\/schema\/logo\/image\/","url":"https:\/\/noticiasemdestaque.com\/cd\/wp-content\/uploads\/2022\/05\/imagem-base-noticiasemdestaque.png","contentUrl":"https:\/\/noticiasemdestaque.com\/cd\/wp-content\/uploads\/2022\/05\/imagem-base-noticiasemdestaque.png","width":1200,"height":630,"caption":"Not\u00edcias em Destaque"},"image":{"@id":"https:\/\/noticiasemdestaque.com\/cd\/#\/schema\/logo\/image\/"}},{"@type":"Person","@id":"https:\/\/noticiasemdestaque.com\/cd\/#\/schema\/person\/47f7d4f55eec17c6b2ca036c5500f6ce","name":"Not\u00edcias em Destaque","url":"https:\/\/noticiasemdestaque.com\/cd\/?author=2"}]}},"jetpack_featured_media_url":"https:\/\/noticiasemdestaque.com\/cd\/wp-content\/uploads\/2023\/01\/WhatsApp-Image-2023-01-17-at-11.40.28.jpeg","jetpack_sharing_enabled":true,"_links":{"self":[{"href":"https:\/\/noticiasemdestaque.com\/cd\/index.php?rest_route=\/wp\/v2\/posts\/45558","targetHints":{"allow":["GET"]}}],"collection":[{"href":"https:\/\/noticiasemdestaque.com\/cd\/index.php?rest_route=\/wp\/v2\/posts"}],"about":[{"href":"https:\/\/noticiasemdestaque.com\/cd\/index.php?rest_route=\/wp\/v2\/types\/post"}],"author":[{"embeddable":true,"href":"https:\/\/noticiasemdestaque.com\/cd\/index.php?rest_route=\/wp\/v2\/users\/2"}],"replies":[{"embeddable":true,"href":"https:\/\/noticiasemdestaque.com\/cd\/index.php?rest_route=%2Fwp%2Fv2%2Fcomments&post=45558"}],"version-history":[{"count":1,"href":"https:\/\/noticiasemdestaque.com\/cd\/index.php?rest_route=\/wp\/v2\/posts\/45558\/revisions"}],"predecessor-version":[{"id":45563,"href":"https:\/\/noticiasemdestaque.com\/cd\/index.php?rest_route=\/wp\/v2\/posts\/45558\/revisions\/45563"}],"wp:featuredmedia":[{"embeddable":true,"href":"https:\/\/noticiasemdestaque.com\/cd\/index.php?rest_route=\/wp\/v2\/media\/45559"}],"wp:attachment":[{"href":"https:\/\/noticiasemdestaque.com\/cd\/index.php?rest_route=%2Fwp%2Fv2%2Fmedia&parent=45558"}],"wp:term":[{"taxonomy":"category","embeddable":true,"href":"https:\/\/noticiasemdestaque.com\/cd\/index.php?rest_route=%2Fwp%2Fv2%2Fcategories&post=45558"},{"taxonomy":"post_tag","embeddable":true,"href":"https:\/\/noticiasemdestaque.com\/cd\/index.php?rest_route=%2Fwp%2Fv2%2Ftags&post=45558"}],"curies":[{"name":"wp","href":"https:\/\/api.w.org\/{rel}","templated":true}]}}