{"id":45555,"date":"2023-01-17T11:28:36","date_gmt":"2023-01-17T14:28:36","guid":{"rendered":"https:\/\/noticiasemdestaque.com\/cd\/?p=45555"},"modified":"2023-01-17T11:28:36","modified_gmt":"2023-01-17T14:28:36","slug":"florida-cup-time-titular-do-vasco-estreia-contra-river-plate-a-noite","status":"publish","type":"post","link":"https:\/\/noticiasemdestaque.com\/cd\/?p=45555","title":{"rendered":"Fl\u00f3rida Cup: time titular do Vasco estreia contra River Plate \u00e0 noite"},"content":{"rendered":"<p><a href=\"https:\/\/noticiasemdestaque.com\/cd\/wp-content\/uploads\/2023\/01\/lucas_piton_vasco.jpg\"><img fetchpriority=\"high\" decoding=\"async\" class=\"alignnone  wp-image-45556\" src=\"https:\/\/noticiasemdestaque.com\/cd\/wp-content\/uploads\/2023\/01\/lucas_piton_vasco-300x179.jpg\" alt=\"\" width=\"1022\" height=\"610\" srcset=\"https:\/\/noticiasemdestaque.com\/cd\/wp-content\/uploads\/2023\/01\/lucas_piton_vasco-300x179.jpg 300w, https:\/\/noticiasemdestaque.com\/cd\/wp-content\/uploads\/2023\/01\/lucas_piton_vasco-768x459.jpg 768w, https:\/\/noticiasemdestaque.com\/cd\/wp-content\/uploads\/2023\/01\/lucas_piton_vasco-18x12.jpg 18w, https:\/\/noticiasemdestaque.com\/cd\/wp-content\/uploads\/2023\/01\/lucas_piton_vasco.jpg 1170w\" sizes=\"(max-width: 1022px) 100vw, 1022px\" \/><\/a><\/p>\n<p>O Vasco enfrenta o River Plate\u00a0nesta\u00a0<span id=\"OBJ_PREFIX_DWT122_com_zimbra_date\" role=\"link\"><span id=\"OBJ_PREFIX_DWT130_com_zimbra_date\" role=\"link\">ter<\/span><\/span>\u00e7a-feira (17), \u00e0s 21h30 (hora de Bras\u00edlia), no Exploria Stadium, em Orlando (Estados Unidos). O jogo vale pela Fl\u00f3rida Cup, torneio amistoso no sudeste dos EUA, e marca\u00a0a estreia do time principal do\u00a0Cruzmaltino\u00a0treinado por Mauricio Barbieri.<img decoding=\"async\" src=\"https:\/\/agenciabrasil.ebc.com.br\/ebc.png?id=1504594&amp;o=node\" \/><img decoding=\"async\" src=\"https:\/\/agenciabrasil.ebc.com.br\/ebc.gif?id=1504594&amp;o=node\" \/><\/p>\n<blockquote><p>\u201cExpectativa boa do encontro com a torcida, seja com os que moram aqui ou com os que viajaram. Trata-se de um grande desafio diante de um advers\u00e1rio de muita tradi\u00e7\u00e3o e qualidade e tem tudo pra ser um grande jogo, um grande espet\u00e1culo\u201d, avaliou Barbieri.<\/p><\/blockquote>\n<div class=\"twitter-tweet twitter-tweet-rendered\"><iframe id=\"twitter-widget-0\" class=\"\" title=\"Twitter Tweet\" src=\"https:\/\/platform.twitter.com\/embed\/Tweet.html?creatorScreenName=agenciabrasil&amp;dnt=false&amp;embedId=twitter-widget-0&amp;features=eyJ0ZndfdGltZWxpbmVfbGlzdCI6eyJidWNrZXQiOlsibGlua3RyLmVlIiwidHIuZWUiLCJ0ZXJyYS5jb20uYnIiLCJ3d3cubGlua3RyLmVlIiwid3d3LnRyLmVlIiwid3d3LnRlcnJhLmNvbS5iciJdLCJ2ZXJzaW9uIjpudWxsfSwidGZ3X2ZvbGxvd2VyX2NvdW50X3N1bnNldCI6eyJidWNrZXQiOnRydWUsInZlcnNpb24iOm51bGx9LCJ0ZndfaG9yaXpvbl90aW1lbGluZV8xMjAzNCI6eyJidWNrZXQiOiJ0cmVhdG1lbnQiLCJ2ZXJzaW9uIjpudWxsfSwidGZ3X3R3ZWV0X2VkaXRfYmFja2VuZCI6eyJidWNrZXQiOiJvbiIsInZlcnNpb24iOm51bGx9LCJ0ZndfcmVmc3JjX3Nlc3Npb24iOnsiYnVja2V0Ijoib24iLCJ2ZXJzaW9uIjpudWxsfSwidGZ3X3Nob3dfYnVzaW5lc3NfdmVyaWZpZWRfYmFkZ2UiOnsiYnVja2V0Ijoib24iLCJ2ZXJzaW9uIjpudWxsfSwidGZ3X2NoaW5fcGlsbHNfMTQ3NDEiOnsiYnVja2V0IjoiY29sb3JfaWNvbnMiLCJ2ZXJzaW9uIjpudWxsfSwidGZ3X3R3ZWV0X3Jlc3VsdF9taWdyYXRpb25fMTM5NzkiOnsiYnVja2V0IjoidHdlZXRfcmVzdWx0IiwidmVyc2lvbiI6bnVsbH0sInRmd19taXhlZF9tZWRpYV8xNTg5NyI6eyJidWNrZXQiOiJ0cmVhdG1lbnQiLCJ2ZXJzaW9uIjpudWxsfSwidGZ3X3NlbnNpdGl2ZV9tZWRpYV9pbnRlcnN0aXRpYWxfMTM5NjMiOnsiYnVja2V0IjoiaW50ZXJzdGl0aWFsIiwidmVyc2lvbiI6bnVsbH0sInRmd19leHBlcmltZW50c19jb29raWVfZXhwaXJhdGlvbiI6eyJidWNrZXQiOjEyMDk2MDAsInZlcnNpb24iOm51bGx9LCJ0ZndfZHVwbGljYXRlX3NjcmliZXNfdG9fc2V0dGluZ3MiOnsiYnVja2V0Ijoib24iLCJ2ZXJzaW9uIjpudWxsfSwidGZ3X3ZpZGVvX2hsc19keW5hbWljX21hbmlmZXN0c18xNTA4MiI6eyJidWNrZXQiOiJ0cnVlX2JpdHJhdGUiLCJ2ZXJzaW9uIjpudWxsfSwidGZ3X3Nob3dfYmx1ZV92ZXJpZmllZF9iYWRnZSI6eyJidWNrZXQiOiJvbiIsInZlcnNpb24iOm51bGx9LCJ0ZndfbGVnYWN5X3RpbWVsaW5lX3N1bnNldCI6eyJidWNrZXQiOnRydWUsInZlcnNpb24iOm51bGx9LCJ0Zndfc2hvd19nb3ZfdmVyaWZpZWRfYmFkZ2UiOnsiYnVja2V0Ijoib24iLCJ2ZXJzaW9uIjpudWxsfSwidGZ3X3Nob3dfYnVzaW5lc3NfYWZmaWxpYXRlX2JhZGdlIjp7ImJ1Y2tldCI6Im9uIiwidmVyc2lvbiI6bnVsbH0sInRmd190d2VldF9lZGl0X2Zyb250ZW5kIjp7ImJ1Y2tldCI6Im9uIiwidmVyc2lvbiI6bnVsbH19&amp;frame=false&amp;hideCard=false&amp;hideThread=false&amp;id=1615062149679747114&amp;lang=pt&amp;origin=https%3A%2F%2Fagenciabrasil.ebc.com.br%2Fesportes%2Fnoticia%2F2023-01%2Fflorida-cup-time-titular-do-vasco-estreia-contra-river-plate-noite&amp;sessionId=42a5abb1c8d08afa57b144622ad689402328f06c&amp;siteScreenName=agenciabrasil&amp;theme=light&amp;widgetsVersion=2b959255e8896%3A1673658205745&amp;width=550px\" frameborder=\"0\" scrolling=\"no\" allowfullscreen=\"allowfullscreen\" data-tweet-id=\"1615062149679747114\" data-mce-fragment=\"1\"><\/iframe><\/div>\n<p>O Vasco contratou at\u00e9 agora nove refor\u00e7os para a temporada. Entre eles o goleiro Ivan. O jogador\u00a0vai vestir o n\u00famero do ano em que o Vasco conquistou o terceiro dos quatro Brasileir\u00f5es na hist\u00f3ria do clube.<\/p>\n<p>\u201cEra um n\u00famero dispon\u00edvel e que eu tinha vontade de usar. Foi o ano em que nasci e coincidiu com o ano em que o Vasco foi campe\u00e3o. Tenho refer\u00eancia de grandes goleiros que passaram por aqui, entro com o sonho de fazer hist\u00f3ria, mas o objetivo maior sempre ser\u00e1 coletivo\u201d, afirmou o arqueiro emprestado pelo Corinthians.<\/p>\n<p>Quem tamb\u00e9m chegou ao clube carioca\u00a0pra refor\u00e7ar o meio de campo vasca\u00edno \u00e9 o camisa 8 Ivan, ex-Atl\u00e9tico Mineiro.<\/p>\n<p>&#8220;O\u00a0futebol moderno te cobra saber defender e saber atacar. Em um time vencedor, o meio tem de ser forte. Tudo passa por esse setor. Sou um jogador que gosta de jogar tanto de primeiro quanto de segundo volante. Gosto de pisar na \u00e1rea, mas eu n\u00e3o tenho problema nenhum de atuar como primeiro ou segundo\u201d, analisou<\/p>\n<p>A\u00a0prov\u00e1vel forma\u00e7\u00e3o t\u00e1tica\u00a0do Vasco nesta\u00a0<span id=\"OBJ_PREFIX_DWT123_com_zimbra_date\" role=\"link\"><span id=\"OBJ_PREFIX_DWT131_com_zimbra_date\" role=\"link\">ter<\/span><\/span>\u00e7a \u00e9 um 4-3-3:\u00a0Ivan no gol, Pumita Rodriguez na lateral direita, dupla de zaga Anderson Concei\u00e7\u00e3o e L\u00e9o e Lucas Piton na esquerda. No meio de campo: Jair, Figueiredo e Nen\u00ea; ataque Orellano, Gabriel Pec e Pedro Raul.<\/p>\n<p>Depois do River, ainda nos Estados Unidos,\u00a0o Vasco encara o Inter Miami no pr\u00f3ximo\u00a0<span id=\"OBJ_PREFIX_DWT124_com_zimbra_date\" role=\"link\"><span id=\"OBJ_PREFIX_DWT132_com_zimbra_date\" role=\"link\">s\u00e1bado<\/span><\/span>\u00a0(21). O time principal do Gigante da Colina s\u00f3 deve come\u00e7ar a jogar o Campeonato Carioca, a partir da\u00a0<span id=\"OBJ_PREFIX_DWT125_com_zimbra_date\" role=\"link\"><span id=\"OBJ_PREFIX_DWT133_com_zimbra_date\" role=\"link\">quarta<\/span><\/span>\u00a0rodada: o advers\u00e1rio ser\u00e1 a Portuguesa no dia 26 deste m\u00eas.<\/p>\n<p><strong>Noticias em Destaque<\/strong><\/p>\n<p style=\"text-align: right;\"><em>Fonte: Agencia Brasil<\/em><\/p>\n","protected":false},"excerpt":{"rendered":"<p>O Vasco enfrenta o River Plate\u00a0nesta\u00a0ter\u00e7a-feira (17), \u00e0s 21h30 (hora de Bras\u00edlia), no Exploria Stadium, em Orlando (Estados Unidos). O jogo vale pela Fl\u00f3rida Cup, torneio amistoso no sudeste dos EUA, e marca\u00a0a estreia do time principal do\u00a0Cruzmaltino\u00a0treinado por Mauricio Barbieri. \u201cExpectativa boa do encontro com a torcida, seja com os que moram aqui ou com os que viajaram. Trata-se de um grande desafio diante de um advers\u00e1rio de muita tradi\u00e7\u00e3o e qualidade e tem tudo pra ser um grande jogo, um grande espet\u00e1culo\u201d, avaliou Barbieri. O Vasco contratou at\u00e9 agora nove refor\u00e7os para a temporada. Entre eles o goleiro Ivan. O jogador\u00a0vai vestir o n\u00famero do ano em que o Vasco conquistou o terceiro dos quatro Brasileir\u00f5es na hist\u00f3ria do clube. \u201cEra um n\u00famero dispon\u00edvel e que eu tinha vontade de usar. Foi o ano em que nasci e coincidiu com o ano em que o Vasco foi campe\u00e3o. Tenho refer\u00eancia de grandes goleiros que passaram por aqui, entro com o sonho de fazer hist\u00f3ria, mas o objetivo maior sempre ser\u00e1 coletivo\u201d, afirmou o arqueiro emprestado pelo Corinthians. Quem tamb\u00e9m chegou ao clube carioca\u00a0pra refor\u00e7ar o meio de campo vasca\u00edno \u00e9 o camisa 8 Ivan, ex-Atl\u00e9tico Mineiro. &#8220;O\u00a0futebol moderno te cobra saber defender e saber atacar. Em um time vencedor, o meio tem de ser forte. Tudo passa por esse setor. Sou um jogador que gosta de jogar tanto de primeiro quanto de segundo volante. Gosto de pisar na \u00e1rea, mas eu n\u00e3o tenho problema nenhum de atuar como primeiro ou segundo\u201d, analisou A\u00a0prov\u00e1vel forma\u00e7\u00e3o t\u00e1tica\u00a0do Vasco nesta\u00a0ter\u00e7a \u00e9 um 4-3-3:\u00a0Ivan no gol, Pumita Rodriguez na lateral direita, dupla de zaga Anderson Concei\u00e7\u00e3o e L\u00e9o e Lucas Piton na esquerda. No meio de campo: Jair, Figueiredo e Nen\u00ea; ataque Orellano, Gabriel Pec e Pedro Raul. Depois do River, ainda nos Estados Unidos,\u00a0o Vasco encara o Inter Miami no pr\u00f3ximo\u00a0s\u00e1bado\u00a0(21). O time principal do Gigante da Colina s\u00f3 deve come\u00e7ar a jogar o Campeonato Carioca, a partir da\u00a0quarta\u00a0rodada: o advers\u00e1rio ser\u00e1 a Portuguesa no dia 26 deste m\u00eas. Noticias em Destaque Fonte: Agencia Brasil<\/p>\n","protected":false},"author":2,"featured_media":45556,"comment_status":"closed","ping_status":"open","sticky":false,"template":"","format":"standard","meta":{"_eb_attr":"","_jetpack_memberships_contains_paid_content":false,"footnotes":""},"categories":[15],"tags":[],"class_list":["post-45555","post","type-post","status-publish","format-standard","has-post-thumbnail","hentry","category-esporte"],"yoast_head":"<!-- This site is optimized with the Yoast SEO plugin v26.5 - https:\/\/yoast.com\/wordpress\/plugins\/seo\/ -->\n<title>Fl\u00f3rida Cup: time titular do Vasco estreia contra River Plate \u00e0 noite - Not&iacute;cias em Destaque<\/title>\n<meta name=\"robots\" content=\"index, follow, max-snippet:-1, max-image-preview:large, max-video-preview:-1\" \/>\n<link rel=\"canonical\" href=\"https:\/\/noticiasemdestaque.com\/cd\/?p=45555\" \/>\n<meta property=\"og:locale\" content=\"pt_BR\" \/>\n<meta property=\"og:type\" content=\"article\" \/>\n<meta property=\"og:title\" content=\"Fl\u00f3rida Cup: time titular do Vasco estreia contra River Plate \u00e0 noite - Not&iacute;cias em Destaque\" \/>\n<meta property=\"og:description\" content=\"O Vasco enfrenta o River Plate\u00a0nesta\u00a0ter\u00e7a-feira (17), \u00e0s 21h30 (hora de Bras\u00edlia), no Exploria Stadium, em Orlando (Estados Unidos). O jogo vale pela Fl\u00f3rida Cup, torneio amistoso no sudeste dos EUA, e marca\u00a0a estreia do time principal do\u00a0Cruzmaltino\u00a0treinado por Mauricio Barbieri. \u201cExpectativa boa do encontro com a torcida, seja com os que moram aqui ou com os que viajaram. Trata-se de um grande desafio diante de um advers\u00e1rio de muita tradi\u00e7\u00e3o e qualidade e tem tudo pra ser um grande jogo, um grande espet\u00e1culo\u201d, avaliou Barbieri. O Vasco contratou at\u00e9 agora nove refor\u00e7os para a temporada. Entre eles o goleiro Ivan. O jogador\u00a0vai vestir o n\u00famero do ano em que o Vasco conquistou o terceiro dos quatro Brasileir\u00f5es na hist\u00f3ria do clube. \u201cEra um n\u00famero dispon\u00edvel e que eu tinha vontade de usar. Foi o ano em que nasci e coincidiu com o ano em que o Vasco foi campe\u00e3o. Tenho refer\u00eancia de grandes goleiros que passaram por aqui, entro com o sonho de fazer hist\u00f3ria, mas o objetivo maior sempre ser\u00e1 coletivo\u201d, afirmou o arqueiro emprestado pelo Corinthians. Quem tamb\u00e9m chegou ao clube carioca\u00a0pra refor\u00e7ar o meio de campo vasca\u00edno \u00e9 o camisa 8 Ivan, ex-Atl\u00e9tico Mineiro. &#8220;O\u00a0futebol moderno te cobra saber defender e saber atacar. Em um time vencedor, o meio tem de ser forte. Tudo passa por esse setor. Sou um jogador que gosta de jogar tanto de primeiro quanto de segundo volante. Gosto de pisar na \u00e1rea, mas eu n\u00e3o tenho problema nenhum de atuar como primeiro ou segundo\u201d, analisou A\u00a0prov\u00e1vel forma\u00e7\u00e3o t\u00e1tica\u00a0do Vasco nesta\u00a0ter\u00e7a \u00e9 um 4-3-3:\u00a0Ivan no gol, Pumita Rodriguez na lateral direita, dupla de zaga Anderson Concei\u00e7\u00e3o e L\u00e9o e Lucas Piton na esquerda. No meio de campo: Jair, Figueiredo e Nen\u00ea; ataque Orellano, Gabriel Pec e Pedro Raul. Depois do River, ainda nos Estados Unidos,\u00a0o Vasco encara o Inter Miami no pr\u00f3ximo\u00a0s\u00e1bado\u00a0(21). O time principal do Gigante da Colina s\u00f3 deve come\u00e7ar a jogar o Campeonato Carioca, a partir da\u00a0quarta\u00a0rodada: o advers\u00e1rio ser\u00e1 a Portuguesa no dia 26 deste m\u00eas. Noticias em Destaque Fonte: Agencia Brasil\" \/>\n<meta property=\"og:url\" content=\"https:\/\/noticiasemdestaque.com\/cd\/?p=45555\" \/>\n<meta property=\"og:site_name\" content=\"Not&iacute;cias em Destaque\" \/>\n<meta property=\"article:published_time\" content=\"2023-01-17T14:28:36+00:00\" \/>\n<meta property=\"og:image\" content=\"https:\/\/noticiasemdestaque.com\/cd\/wp-content\/uploads\/2023\/01\/lucas_piton_vasco.jpg\" \/>\n\t<meta property=\"og:image:width\" content=\"1170\" \/>\n\t<meta property=\"og:image:height\" content=\"700\" \/>\n\t<meta property=\"og:image:type\" content=\"image\/jpeg\" \/>\n<meta name=\"author\" content=\"Not\u00edcias em Destaque\" \/>\n<meta name=\"twitter:card\" content=\"summary_large_image\" \/>\n<meta name=\"twitter:label1\" content=\"Escrito por\" \/>\n\t<meta name=\"twitter:data1\" content=\"Not\u00edcias em Destaque\" \/>\n\t<meta name=\"twitter:label2\" content=\"Est. tempo de leitura\" \/>\n\t<meta name=\"twitter:data2\" content=\"3 minutos\" \/>\n<script type=\"application\/ld+json\" class=\"yoast-schema-graph\">{\"@context\":\"https:\/\/schema.org\",\"@graph\":[{\"@type\":\"Article\",\"@id\":\"https:\/\/noticiasemdestaque.com\/cd\/?p=45555#article\",\"isPartOf\":{\"@id\":\"https:\/\/noticiasemdestaque.com\/cd\/?p=45555\"},\"author\":{\"name\":\"Not\u00edcias em Destaque\",\"@id\":\"https:\/\/noticiasemdestaque.com\/cd\/#\/schema\/person\/47f7d4f55eec17c6b2ca036c5500f6ce\"},\"headline\":\"Fl\u00f3rida Cup: time titular do Vasco estreia contra River Plate \u00e0 noite\",\"datePublished\":\"2023-01-17T14:28:36+00:00\",\"mainEntityOfPage\":{\"@id\":\"https:\/\/noticiasemdestaque.com\/cd\/?p=45555\"},\"wordCount\":399,\"publisher\":{\"@id\":\"https:\/\/noticiasemdestaque.com\/cd\/#organization\"},\"image\":{\"@id\":\"https:\/\/noticiasemdestaque.com\/cd\/?p=45555#primaryimage\"},\"thumbnailUrl\":\"https:\/\/noticiasemdestaque.com\/cd\/wp-content\/uploads\/2023\/01\/lucas_piton_vasco.jpg\",\"articleSection\":[\"Esporte\"],\"inLanguage\":\"pt-BR\"},{\"@type\":\"WebPage\",\"@id\":\"https:\/\/noticiasemdestaque.com\/cd\/?p=45555\",\"url\":\"https:\/\/noticiasemdestaque.com\/cd\/?p=45555\",\"name\":\"Fl\u00f3rida Cup: time titular do Vasco estreia contra River Plate \u00e0 noite - Not&iacute;cias em Destaque\",\"isPartOf\":{\"@id\":\"https:\/\/noticiasemdestaque.com\/cd\/#website\"},\"primaryImageOfPage\":{\"@id\":\"https:\/\/noticiasemdestaque.com\/cd\/?p=45555#primaryimage\"},\"image\":{\"@id\":\"https:\/\/noticiasemdestaque.com\/cd\/?p=45555#primaryimage\"},\"thumbnailUrl\":\"https:\/\/noticiasemdestaque.com\/cd\/wp-content\/uploads\/2023\/01\/lucas_piton_vasco.jpg\",\"datePublished\":\"2023-01-17T14:28:36+00:00\",\"breadcrumb\":{\"@id\":\"https:\/\/noticiasemdestaque.com\/cd\/?p=45555#breadcrumb\"},\"inLanguage\":\"pt-BR\",\"potentialAction\":[{\"@type\":\"ReadAction\",\"target\":[\"https:\/\/noticiasemdestaque.com\/cd\/?p=45555\"]}]},{\"@type\":\"ImageObject\",\"inLanguage\":\"pt-BR\",\"@id\":\"https:\/\/noticiasemdestaque.com\/cd\/?p=45555#primaryimage\",\"url\":\"https:\/\/noticiasemdestaque.com\/cd\/wp-content\/uploads\/2023\/01\/lucas_piton_vasco.jpg\",\"contentUrl\":\"https:\/\/noticiasemdestaque.com\/cd\/wp-content\/uploads\/2023\/01\/lucas_piton_vasco.jpg\",\"width\":1170,\"height\":700},{\"@type\":\"BreadcrumbList\",\"@id\":\"https:\/\/noticiasemdestaque.com\/cd\/?p=45555#breadcrumb\",\"itemListElement\":[{\"@type\":\"ListItem\",\"position\":1,\"name\":\"In\u00edcio\",\"item\":\"https:\/\/noticiasemdestaque.com\/cd\/\"},{\"@type\":\"ListItem\",\"position\":2,\"name\":\"Fl\u00f3rida Cup: time titular do Vasco estreia contra River Plate \u00e0 noite\"}]},{\"@type\":\"WebSite\",\"@id\":\"https:\/\/noticiasemdestaque.com\/cd\/#website\",\"url\":\"https:\/\/noticiasemdestaque.com\/cd\/\",\"name\":\"Not&iacute;cias em Destaque\",\"description\":\"\",\"publisher\":{\"@id\":\"https:\/\/noticiasemdestaque.com\/cd\/#organization\"},\"potentialAction\":[{\"@type\":\"SearchAction\",\"target\":{\"@type\":\"EntryPoint\",\"urlTemplate\":\"https:\/\/noticiasemdestaque.com\/cd\/?s={search_term_string}\"},\"query-input\":{\"@type\":\"PropertyValueSpecification\",\"valueRequired\":true,\"valueName\":\"search_term_string\"}}],\"inLanguage\":\"pt-BR\"},{\"@type\":\"Organization\",\"@id\":\"https:\/\/noticiasemdestaque.com\/cd\/#organization\",\"name\":\"Not\u00edcias em Destaque\",\"url\":\"https:\/\/noticiasemdestaque.com\/cd\/\",\"logo\":{\"@type\":\"ImageObject\",\"inLanguage\":\"pt-BR\",\"@id\":\"https:\/\/noticiasemdestaque.com\/cd\/#\/schema\/logo\/image\/\",\"url\":\"https:\/\/noticiasemdestaque.com\/cd\/wp-content\/uploads\/2022\/05\/imagem-base-noticiasemdestaque.png\",\"contentUrl\":\"https:\/\/noticiasemdestaque.com\/cd\/wp-content\/uploads\/2022\/05\/imagem-base-noticiasemdestaque.png\",\"width\":1200,\"height\":630,\"caption\":\"Not\u00edcias em Destaque\"},\"image\":{\"@id\":\"https:\/\/noticiasemdestaque.com\/cd\/#\/schema\/logo\/image\/\"}},{\"@type\":\"Person\",\"@id\":\"https:\/\/noticiasemdestaque.com\/cd\/#\/schema\/person\/47f7d4f55eec17c6b2ca036c5500f6ce\",\"name\":\"Not\u00edcias em Destaque\",\"url\":\"https:\/\/noticiasemdestaque.com\/cd\/?author=2\"}]}<\/script>\n<!-- \/ Yoast SEO plugin. -->","yoast_head_json":{"title":"Fl\u00f3rida Cup: time titular do Vasco estreia contra River Plate \u00e0 noite - Not&iacute;cias em Destaque","robots":{"index":"index","follow":"follow","max-snippet":"max-snippet:-1","max-image-preview":"max-image-preview:large","max-video-preview":"max-video-preview:-1"},"canonical":"https:\/\/noticiasemdestaque.com\/cd\/?p=45555","og_locale":"pt_BR","og_type":"article","og_title":"Fl\u00f3rida Cup: time titular do Vasco estreia contra River Plate \u00e0 noite - Not&iacute;cias em Destaque","og_description":"O Vasco enfrenta o River Plate\u00a0nesta\u00a0ter\u00e7a-feira (17), \u00e0s 21h30 (hora de Bras\u00edlia), no Exploria Stadium, em Orlando (Estados Unidos). O jogo vale pela Fl\u00f3rida Cup, torneio amistoso no sudeste dos EUA, e marca\u00a0a estreia do time principal do\u00a0Cruzmaltino\u00a0treinado por Mauricio Barbieri. \u201cExpectativa boa do encontro com a torcida, seja com os que moram aqui ou com os que viajaram. Trata-se de um grande desafio diante de um advers\u00e1rio de muita tradi\u00e7\u00e3o e qualidade e tem tudo pra ser um grande jogo, um grande espet\u00e1culo\u201d, avaliou Barbieri. O Vasco contratou at\u00e9 agora nove refor\u00e7os para a temporada. Entre eles o goleiro Ivan. O jogador\u00a0vai vestir o n\u00famero do ano em que o Vasco conquistou o terceiro dos quatro Brasileir\u00f5es na hist\u00f3ria do clube. \u201cEra um n\u00famero dispon\u00edvel e que eu tinha vontade de usar. Foi o ano em que nasci e coincidiu com o ano em que o Vasco foi campe\u00e3o. Tenho refer\u00eancia de grandes goleiros que passaram por aqui, entro com o sonho de fazer hist\u00f3ria, mas o objetivo maior sempre ser\u00e1 coletivo\u201d, afirmou o arqueiro emprestado pelo Corinthians. Quem tamb\u00e9m chegou ao clube carioca\u00a0pra refor\u00e7ar o meio de campo vasca\u00edno \u00e9 o camisa 8 Ivan, ex-Atl\u00e9tico Mineiro. &#8220;O\u00a0futebol moderno te cobra saber defender e saber atacar. Em um time vencedor, o meio tem de ser forte. Tudo passa por esse setor. Sou um jogador que gosta de jogar tanto de primeiro quanto de segundo volante. Gosto de pisar na \u00e1rea, mas eu n\u00e3o tenho problema nenhum de atuar como primeiro ou segundo\u201d, analisou A\u00a0prov\u00e1vel forma\u00e7\u00e3o t\u00e1tica\u00a0do Vasco nesta\u00a0ter\u00e7a \u00e9 um 4-3-3:\u00a0Ivan no gol, Pumita Rodriguez na lateral direita, dupla de zaga Anderson Concei\u00e7\u00e3o e L\u00e9o e Lucas Piton na esquerda. No meio de campo: Jair, Figueiredo e Nen\u00ea; ataque Orellano, Gabriel Pec e Pedro Raul. Depois do River, ainda nos Estados Unidos,\u00a0o Vasco encara o Inter Miami no pr\u00f3ximo\u00a0s\u00e1bado\u00a0(21). O time principal do Gigante da Colina s\u00f3 deve come\u00e7ar a jogar o Campeonato Carioca, a partir da\u00a0quarta\u00a0rodada: o advers\u00e1rio ser\u00e1 a Portuguesa no dia 26 deste m\u00eas. Noticias em Destaque Fonte: Agencia Brasil","og_url":"https:\/\/noticiasemdestaque.com\/cd\/?p=45555","og_site_name":"Not&iacute;cias em Destaque","article_published_time":"2023-01-17T14:28:36+00:00","og_image":[{"width":1170,"height":700,"url":"https:\/\/noticiasemdestaque.com\/cd\/wp-content\/uploads\/2023\/01\/lucas_piton_vasco.jpg","type":"image\/jpeg"}],"author":"Not\u00edcias em Destaque","twitter_card":"summary_large_image","twitter_misc":{"Escrito por":"Not\u00edcias em Destaque","Est. tempo de leitura":"3 minutos"},"schema":{"@context":"https:\/\/schema.org","@graph":[{"@type":"Article","@id":"https:\/\/noticiasemdestaque.com\/cd\/?p=45555#article","isPartOf":{"@id":"https:\/\/noticiasemdestaque.com\/cd\/?p=45555"},"author":{"name":"Not\u00edcias em Destaque","@id":"https:\/\/noticiasemdestaque.com\/cd\/#\/schema\/person\/47f7d4f55eec17c6b2ca036c5500f6ce"},"headline":"Fl\u00f3rida Cup: time titular do Vasco estreia contra River Plate \u00e0 noite","datePublished":"2023-01-17T14:28:36+00:00","mainEntityOfPage":{"@id":"https:\/\/noticiasemdestaque.com\/cd\/?p=45555"},"wordCount":399,"publisher":{"@id":"https:\/\/noticiasemdestaque.com\/cd\/#organization"},"image":{"@id":"https:\/\/noticiasemdestaque.com\/cd\/?p=45555#primaryimage"},"thumbnailUrl":"https:\/\/noticiasemdestaque.com\/cd\/wp-content\/uploads\/2023\/01\/lucas_piton_vasco.jpg","articleSection":["Esporte"],"inLanguage":"pt-BR"},{"@type":"WebPage","@id":"https:\/\/noticiasemdestaque.com\/cd\/?p=45555","url":"https:\/\/noticiasemdestaque.com\/cd\/?p=45555","name":"Fl\u00f3rida Cup: time titular do Vasco estreia contra River Plate \u00e0 noite - Not&iacute;cias em Destaque","isPartOf":{"@id":"https:\/\/noticiasemdestaque.com\/cd\/#website"},"primaryImageOfPage":{"@id":"https:\/\/noticiasemdestaque.com\/cd\/?p=45555#primaryimage"},"image":{"@id":"https:\/\/noticiasemdestaque.com\/cd\/?p=45555#primaryimage"},"thumbnailUrl":"https:\/\/noticiasemdestaque.com\/cd\/wp-content\/uploads\/2023\/01\/lucas_piton_vasco.jpg","datePublished":"2023-01-17T14:28:36+00:00","breadcrumb":{"@id":"https:\/\/noticiasemdestaque.com\/cd\/?p=45555#breadcrumb"},"inLanguage":"pt-BR","potentialAction":[{"@type":"ReadAction","target":["https:\/\/noticiasemdestaque.com\/cd\/?p=45555"]}]},{"@type":"ImageObject","inLanguage":"pt-BR","@id":"https:\/\/noticiasemdestaque.com\/cd\/?p=45555#primaryimage","url":"https:\/\/noticiasemdestaque.com\/cd\/wp-content\/uploads\/2023\/01\/lucas_piton_vasco.jpg","contentUrl":"https:\/\/noticiasemdestaque.com\/cd\/wp-content\/uploads\/2023\/01\/lucas_piton_vasco.jpg","width":1170,"height":700},{"@type":"BreadcrumbList","@id":"https:\/\/noticiasemdestaque.com\/cd\/?p=45555#breadcrumb","itemListElement":[{"@type":"ListItem","position":1,"name":"In\u00edcio","item":"https:\/\/noticiasemdestaque.com\/cd\/"},{"@type":"ListItem","position":2,"name":"Fl\u00f3rida Cup: time titular do Vasco estreia contra River Plate \u00e0 noite"}]},{"@type":"WebSite","@id":"https:\/\/noticiasemdestaque.com\/cd\/#website","url":"https:\/\/noticiasemdestaque.com\/cd\/","name":"Not&iacute;cias em Destaque","description":"","publisher":{"@id":"https:\/\/noticiasemdestaque.com\/cd\/#organization"},"potentialAction":[{"@type":"SearchAction","target":{"@type":"EntryPoint","urlTemplate":"https:\/\/noticiasemdestaque.com\/cd\/?s={search_term_string}"},"query-input":{"@type":"PropertyValueSpecification","valueRequired":true,"valueName":"search_term_string"}}],"inLanguage":"pt-BR"},{"@type":"Organization","@id":"https:\/\/noticiasemdestaque.com\/cd\/#organization","name":"Not\u00edcias em Destaque","url":"https:\/\/noticiasemdestaque.com\/cd\/","logo":{"@type":"ImageObject","inLanguage":"pt-BR","@id":"https:\/\/noticiasemdestaque.com\/cd\/#\/schema\/logo\/image\/","url":"https:\/\/noticiasemdestaque.com\/cd\/wp-content\/uploads\/2022\/05\/imagem-base-noticiasemdestaque.png","contentUrl":"https:\/\/noticiasemdestaque.com\/cd\/wp-content\/uploads\/2022\/05\/imagem-base-noticiasemdestaque.png","width":1200,"height":630,"caption":"Not\u00edcias em Destaque"},"image":{"@id":"https:\/\/noticiasemdestaque.com\/cd\/#\/schema\/logo\/image\/"}},{"@type":"Person","@id":"https:\/\/noticiasemdestaque.com\/cd\/#\/schema\/person\/47f7d4f55eec17c6b2ca036c5500f6ce","name":"Not\u00edcias em Destaque","url":"https:\/\/noticiasemdestaque.com\/cd\/?author=2"}]}},"jetpack_featured_media_url":"https:\/\/noticiasemdestaque.com\/cd\/wp-content\/uploads\/2023\/01\/lucas_piton_vasco.jpg","jetpack_sharing_enabled":true,"_links":{"self":[{"href":"https:\/\/noticiasemdestaque.com\/cd\/index.php?rest_route=\/wp\/v2\/posts\/45555","targetHints":{"allow":["GET"]}}],"collection":[{"href":"https:\/\/noticiasemdestaque.com\/cd\/index.php?rest_route=\/wp\/v2\/posts"}],"about":[{"href":"https:\/\/noticiasemdestaque.com\/cd\/index.php?rest_route=\/wp\/v2\/types\/post"}],"author":[{"embeddable":true,"href":"https:\/\/noticiasemdestaque.com\/cd\/index.php?rest_route=\/wp\/v2\/users\/2"}],"replies":[{"embeddable":true,"href":"https:\/\/noticiasemdestaque.com\/cd\/index.php?rest_route=%2Fwp%2Fv2%2Fcomments&post=45555"}],"version-history":[{"count":1,"href":"https:\/\/noticiasemdestaque.com\/cd\/index.php?rest_route=\/wp\/v2\/posts\/45555\/revisions"}],"predecessor-version":[{"id":45557,"href":"https:\/\/noticiasemdestaque.com\/cd\/index.php?rest_route=\/wp\/v2\/posts\/45555\/revisions\/45557"}],"wp:featuredmedia":[{"embeddable":true,"href":"https:\/\/noticiasemdestaque.com\/cd\/index.php?rest_route=\/wp\/v2\/media\/45556"}],"wp:attachment":[{"href":"https:\/\/noticiasemdestaque.com\/cd\/index.php?rest_route=%2Fwp%2Fv2%2Fmedia&parent=45555"}],"wp:term":[{"taxonomy":"category","embeddable":true,"href":"https:\/\/noticiasemdestaque.com\/cd\/index.php?rest_route=%2Fwp%2Fv2%2Fcategories&post=45555"},{"taxonomy":"post_tag","embeddable":true,"href":"https:\/\/noticiasemdestaque.com\/cd\/index.php?rest_route=%2Fwp%2Fv2%2Ftags&post=45555"}],"curies":[{"name":"wp","href":"https:\/\/api.w.org\/{rel}","templated":true}]}}