{"id":45530,"date":"2023-01-16T10:57:50","date_gmt":"2023-01-16T13:57:50","guid":{"rendered":"https:\/\/noticiasemdestaque.com\/cd\/?p=45530"},"modified":"2023-01-16T10:57:50","modified_gmt":"2023-01-16T13:57:50","slug":"queda-de-aviao-deixa-pelo-menos-68-mortos-no-nepal-acidente-e-o-mais-letal-em-30-anos","status":"publish","type":"post","link":"https:\/\/noticiasemdestaque.com\/cd\/?p=45530","title":{"rendered":"Queda de avi\u00e3o deixa pelo menos 68 mortos no Nepal; acidente \u00e9 o mais letal em 30 anos"},"content":{"rendered":"<p><a href=\"https:\/\/noticiasemdestaque.com\/cd\/wp-content\/uploads\/2023\/01\/nepalacidente.jpg\"><img fetchpriority=\"high\" decoding=\"async\" class=\"alignnone  wp-image-45531\" src=\"https:\/\/noticiasemdestaque.com\/cd\/wp-content\/uploads\/2023\/01\/nepalacidente-300x200.jpg\" alt=\"\" width=\"1109\" height=\"739\" srcset=\"https:\/\/noticiasemdestaque.com\/cd\/wp-content\/uploads\/2023\/01\/nepalacidente-300x200.jpg 300w, https:\/\/noticiasemdestaque.com\/cd\/wp-content\/uploads\/2023\/01\/nepalacidente-768x513.jpg 768w, https:\/\/noticiasemdestaque.com\/cd\/wp-content\/uploads\/2023\/01\/nepalacidente-18x12.jpg 18w, https:\/\/noticiasemdestaque.com\/cd\/wp-content\/uploads\/2023\/01\/nepalacidente.jpg 876w\" sizes=\"(max-width: 1109px) 100vw, 1109px\" \/><\/a><\/p>\n<p>A queda de um avi\u00e3o bimotor no oeste de Pokhara, no Nepal, deixou pelo menos 68 mortos neste domingo (15), segundo a autoridade de avia\u00e7\u00e3o civil do pa\u00eds. O voo tinha 72 pessoas a bordo e havia decolado de Katmandu, capital do pa\u00eds.<\/p>\n<p>Um porta-voz das for\u00e7as armadas do pa\u00eds informou que 44 corpos j\u00e1 foram retirados do local do acidente.<\/p>\n<p>Segundo o banco de dados da Aviation Safety Network, este \u00e9 o acidente mais letal dos \u00faltimos 30 anos no Nepal desde que, em 1992, um Airbus A300 da Pakistan International Airlines caiu em uma encosta ao se aproximar de Katmandu, matando 167 pessoas.<\/p>\n<p>A aeronave que caiu neste domingo (15), uma ATR 72, era operada pela empresa de voos dom\u00e9sticos Yeti Airlines. Um representante da companhia a\u00e9rea informou que dentre os ocupantes est\u00e3o duas crian\u00e7as, quatro tripulantes e 15 estrangeiros.<\/p>\n<p>O avi\u00e3o levava, al\u00e9m de 57 nepaleses, incluindo duas crian\u00e7as, cinco indianos, quatro russos, um irland\u00eas, dois sul-coreanos, um australiano, um franc\u00eas e um argentino, segundo autoridades do aeroporto de onde decolou a aeronave. Quatro tripulantes tamb\u00e9m estavam no voo.<\/p>\n<p>A viagem para Pokhara, a segunda maior cidade do Nepal escondida sob a pitoresca cordilheira Annapurna, da capital Kathmandu \u00e9 uma das rotas tur\u00edsticas mais populares do pa\u00eds do Himalaia, com muitos preferindo um voo curto em vez de uma viagem de seis horas estradas montanhosas.<\/p>\n<p>O tempo estava claro no domingo, disse Jagannath Niroula, porta-voz da Autoridade de Avia\u00e7\u00e3o Civil do Nepal.<\/p>\n<p>De acordo com informa\u00e7\u00f5es do aeroporto de Seti Gorge, o avi\u00e3o fez contato \u00e0s 10h50 (05h05 GMT) e caiu na sequ\u00eancia.<\/p>\n<p>&#8220;Metade do avi\u00e3o est\u00e1 na encosta&#8221;, disse Arun Tamu, morador local, que disse \u00e0 Reuters que chegou ao local minutos depois que o avi\u00e3o caiu. &#8220;A outra metade caiu no desfiladeiro do rio Seti.&#8221;<\/p>\n<p>O primeiro-ministro do Nepal, Pushpa Kamal Dahal, convocou uma reuni\u00e3o de gabinete de emerg\u00eancia ap\u00f3s a queda do avi\u00e3o, disse um comunicado do governo.<\/p>\n<p><strong>Desastres a\u00e9reos no pa\u00eds<\/strong><\/p>\n<p>Acidentes a\u00e9reos n\u00e3o s\u00e3o incomuns no Nepal, pa\u00eds que possui oito das 14 montanhas mais altas do mundo, incluindo o Everest. O pa\u00eds tamb\u00e9m sofre com mudan\u00e7as repentinas que afetam a meteorologia.<\/p>\n<p>Pelo menos 309 pessoas morreram desde 2000 em acidentes de avi\u00e3o ou helic\u00f3ptero no Nepal &#8211; lar de oito das 14 montanhas mais altas do mundo, incluindo o Everest &#8211; onde mudan\u00e7as repentinas no clima podem criar condi\u00e7\u00f5es perigosas.<\/p>\n<p>A Uni\u00e3o Europeia baniu as companhias a\u00e9reas do Nepal de seu espa\u00e7o a\u00e9reo desde 2013, citando preocupa\u00e7\u00f5es de seguran\u00e7a.<\/p>\n<p>Em mar\u00e7o de 2018, a queda de um avi\u00e3o, tamb\u00e9m em Katmandu, matou 51 pessoas.<\/p>\n<p><strong>Modelo do avi\u00e3o<\/strong><\/p>\n<p>O ATR72 da fabricante de avi\u00f5es europeia ATR \u00e9 um avi\u00e3o turbo\u00e9lice bimotor amplamente utilizado, fabricado por uma joint venture da Airbus e da italiana Leonardo. A Yeti Airlines possui uma frota de seis avi\u00f5es ATR72-500, de acordo com seu site.<\/p>\n<p>\u201cOs especialistas da ATR est\u00e3o totalmente empenhados em apoiar tanto a investiga\u00e7\u00e3o quanto o cliente\u201d, disse a empresa no Twitter, acrescentando que seus primeiros pensamentos foram para os afetados, ap\u00f3s terem sido informados do acidente.<\/p>\n<p>As empresas Airbus e a Leonardo n\u00e3o responderam, at\u00e9 o momento, aos pedidos de coment\u00e1rios.<\/p>\n<p>De acordo com o site de rastreamento de voos FlightRadar24 disse no Twitter que a aeronave da Yeti Airlines tinha 15 anos e estava equipada com um transponder antigo com dados n\u00e3o confi\u00e1veis.<\/p>\n<p>Em seu site, a Yeti se descreve como uma operadora dom\u00e9stica l\u00edder. A empresa tamb\u00e9m \u00e9 dona da Tara Air, e as duas juntas oferecem a &#8220;rede mais ampla&#8221; do Nepal , diz a empresa.<\/p>\n<p>&#8220;Estamos baixando dados de alta resolu\u00e7\u00e3o e verificando a qualidade dos dados&#8221;, afirmou.<\/p>\n<p><strong>Noticias em Destaque<\/strong><\/p>\n<p style=\"text-align: right;\"><em>Fonte: Reuters<\/em><\/p>\n","protected":false},"excerpt":{"rendered":"<p>A queda de um avi\u00e3o bimotor no oeste de Pokhara, no Nepal, deixou pelo menos 68 mortos neste domingo (15), segundo a autoridade de avia\u00e7\u00e3o civil do pa\u00eds. O voo tinha 72 pessoas a bordo e havia decolado de Katmandu, capital do pa\u00eds. Um porta-voz das for\u00e7as armadas do pa\u00eds informou que 44 corpos j\u00e1 foram retirados do local do acidente. Segundo o banco de dados da Aviation Safety Network, este \u00e9 o acidente mais letal dos \u00faltimos 30 anos no Nepal desde que, em 1992, um Airbus A300 da Pakistan International Airlines caiu em uma encosta ao se aproximar de Katmandu, matando 167 pessoas. A aeronave que caiu neste domingo (15), uma ATR 72, era operada pela empresa de voos dom\u00e9sticos Yeti Airlines. Um representante da companhia a\u00e9rea informou que dentre os ocupantes est\u00e3o duas crian\u00e7as, quatro tripulantes e 15 estrangeiros. O avi\u00e3o levava, al\u00e9m de 57 nepaleses, incluindo duas crian\u00e7as, cinco indianos, quatro russos, um irland\u00eas, dois sul-coreanos, um australiano, um franc\u00eas e um argentino, segundo autoridades do aeroporto de onde decolou a aeronave. Quatro tripulantes tamb\u00e9m estavam no voo. A viagem para Pokhara, a segunda maior cidade do Nepal escondida sob a pitoresca cordilheira Annapurna, da capital Kathmandu \u00e9 uma das rotas tur\u00edsticas mais populares do pa\u00eds do Himalaia, com muitos preferindo um voo curto em vez de uma viagem de seis horas estradas montanhosas. O tempo estava claro no domingo, disse Jagannath Niroula, porta-voz da Autoridade de Avia\u00e7\u00e3o Civil do Nepal. De acordo com informa\u00e7\u00f5es do aeroporto de Seti Gorge, o avi\u00e3o fez contato \u00e0s 10h50 (05h05 GMT) e caiu na sequ\u00eancia. &#8220;Metade do avi\u00e3o est\u00e1 na encosta&#8221;, disse Arun Tamu, morador local, que disse \u00e0 Reuters que chegou ao local minutos depois que o avi\u00e3o caiu. &#8220;A outra metade caiu no desfiladeiro do rio Seti.&#8221; O primeiro-ministro do Nepal, Pushpa Kamal Dahal, convocou uma reuni\u00e3o de gabinete de emerg\u00eancia ap\u00f3s a queda do avi\u00e3o, disse um comunicado do governo. Desastres a\u00e9reos no pa\u00eds Acidentes a\u00e9reos n\u00e3o s\u00e3o incomuns no Nepal, pa\u00eds que possui oito das 14 montanhas mais altas do mundo, incluindo o Everest. O pa\u00eds tamb\u00e9m sofre com mudan\u00e7as repentinas que afetam a meteorologia. Pelo menos 309 pessoas morreram desde 2000 em acidentes de avi\u00e3o ou helic\u00f3ptero no Nepal &#8211; lar de oito das 14 montanhas mais altas do mundo, incluindo o Everest &#8211; onde mudan\u00e7as repentinas no clima podem criar condi\u00e7\u00f5es perigosas. A Uni\u00e3o Europeia baniu as companhias a\u00e9reas do Nepal de seu espa\u00e7o a\u00e9reo desde 2013, citando preocupa\u00e7\u00f5es de seguran\u00e7a. Em mar\u00e7o de 2018, a queda de um avi\u00e3o, tamb\u00e9m em Katmandu, matou 51 pessoas. Modelo do avi\u00e3o O ATR72 da fabricante de avi\u00f5es europeia ATR \u00e9 um avi\u00e3o turbo\u00e9lice bimotor amplamente utilizado, fabricado por uma joint venture da Airbus e da italiana Leonardo. A Yeti Airlines possui uma frota de seis avi\u00f5es ATR72-500, de acordo com seu site. \u201cOs especialistas da ATR est\u00e3o totalmente empenhados em apoiar tanto a investiga\u00e7\u00e3o quanto o cliente\u201d, disse a empresa no Twitter, acrescentando que seus primeiros pensamentos foram para os afetados, ap\u00f3s terem sido informados do acidente. As empresas Airbus e a Leonardo n\u00e3o responderam, at\u00e9 o momento, aos pedidos de coment\u00e1rios. De acordo com o site de rastreamento de voos FlightRadar24 disse no Twitter que a aeronave da Yeti Airlines tinha 15 anos e estava equipada com um transponder antigo com dados n\u00e3o confi\u00e1veis. Em seu site, a Yeti se descreve como uma operadora dom\u00e9stica l\u00edder. A empresa tamb\u00e9m \u00e9 dona da Tara Air, e as duas juntas oferecem a &#8220;rede mais ampla&#8221; do Nepal , diz a empresa. &#8220;Estamos baixando dados de alta resolu\u00e7\u00e3o e verificando a qualidade dos dados&#8221;, afirmou. Noticias em Destaque Fonte: Reuters<\/p>\n","protected":false},"author":2,"featured_media":45531,"comment_status":"closed","ping_status":"open","sticky":false,"template":"","format":"standard","meta":{"_eb_attr":"","_jetpack_memberships_contains_paid_content":false,"footnotes":""},"categories":[20],"tags":[],"class_list":["post-45530","post","type-post","status-publish","format-standard","has-post-thumbnail","hentry","category-policia"],"yoast_head":"<!-- This site is optimized with the Yoast SEO plugin v26.5 - https:\/\/yoast.com\/wordpress\/plugins\/seo\/ -->\n<title>Queda de avi\u00e3o deixa pelo menos 68 mortos no Nepal; acidente \u00e9 o mais letal em 30 anos - Not&iacute;cias em Destaque<\/title>\n<meta name=\"robots\" content=\"index, follow, max-snippet:-1, max-image-preview:large, max-video-preview:-1\" \/>\n<link rel=\"canonical\" href=\"https:\/\/noticiasemdestaque.com\/cd\/?p=45530\" \/>\n<meta property=\"og:locale\" content=\"pt_BR\" \/>\n<meta property=\"og:type\" content=\"article\" \/>\n<meta property=\"og:title\" content=\"Queda de avi\u00e3o deixa pelo menos 68 mortos no Nepal; acidente \u00e9 o mais letal em 30 anos - Not&iacute;cias em Destaque\" \/>\n<meta property=\"og:description\" content=\"A queda de um avi\u00e3o bimotor no oeste de Pokhara, no Nepal, deixou pelo menos 68 mortos neste domingo (15), segundo a autoridade de avia\u00e7\u00e3o civil do pa\u00eds. O voo tinha 72 pessoas a bordo e havia decolado de Katmandu, capital do pa\u00eds. Um porta-voz das for\u00e7as armadas do pa\u00eds informou que 44 corpos j\u00e1 foram retirados do local do acidente. Segundo o banco de dados da Aviation Safety Network, este \u00e9 o acidente mais letal dos \u00faltimos 30 anos no Nepal desde que, em 1992, um Airbus A300 da Pakistan International Airlines caiu em uma encosta ao se aproximar de Katmandu, matando 167 pessoas. A aeronave que caiu neste domingo (15), uma ATR 72, era operada pela empresa de voos dom\u00e9sticos Yeti Airlines. Um representante da companhia a\u00e9rea informou que dentre os ocupantes est\u00e3o duas crian\u00e7as, quatro tripulantes e 15 estrangeiros. O avi\u00e3o levava, al\u00e9m de 57 nepaleses, incluindo duas crian\u00e7as, cinco indianos, quatro russos, um irland\u00eas, dois sul-coreanos, um australiano, um franc\u00eas e um argentino, segundo autoridades do aeroporto de onde decolou a aeronave. Quatro tripulantes tamb\u00e9m estavam no voo. A viagem para Pokhara, a segunda maior cidade do Nepal escondida sob a pitoresca cordilheira Annapurna, da capital Kathmandu \u00e9 uma das rotas tur\u00edsticas mais populares do pa\u00eds do Himalaia, com muitos preferindo um voo curto em vez de uma viagem de seis horas estradas montanhosas. O tempo estava claro no domingo, disse Jagannath Niroula, porta-voz da Autoridade de Avia\u00e7\u00e3o Civil do Nepal. De acordo com informa\u00e7\u00f5es do aeroporto de Seti Gorge, o avi\u00e3o fez contato \u00e0s 10h50 (05h05 GMT) e caiu na sequ\u00eancia. &#8220;Metade do avi\u00e3o est\u00e1 na encosta&#8221;, disse Arun Tamu, morador local, que disse \u00e0 Reuters que chegou ao local minutos depois que o avi\u00e3o caiu. &#8220;A outra metade caiu no desfiladeiro do rio Seti.&#8221; O primeiro-ministro do Nepal, Pushpa Kamal Dahal, convocou uma reuni\u00e3o de gabinete de emerg\u00eancia ap\u00f3s a queda do avi\u00e3o, disse um comunicado do governo. Desastres a\u00e9reos no pa\u00eds Acidentes a\u00e9reos n\u00e3o s\u00e3o incomuns no Nepal, pa\u00eds que possui oito das 14 montanhas mais altas do mundo, incluindo o Everest. O pa\u00eds tamb\u00e9m sofre com mudan\u00e7as repentinas que afetam a meteorologia. Pelo menos 309 pessoas morreram desde 2000 em acidentes de avi\u00e3o ou helic\u00f3ptero no Nepal &#8211; lar de oito das 14 montanhas mais altas do mundo, incluindo o Everest &#8211; onde mudan\u00e7as repentinas no clima podem criar condi\u00e7\u00f5es perigosas. A Uni\u00e3o Europeia baniu as companhias a\u00e9reas do Nepal de seu espa\u00e7o a\u00e9reo desde 2013, citando preocupa\u00e7\u00f5es de seguran\u00e7a. Em mar\u00e7o de 2018, a queda de um avi\u00e3o, tamb\u00e9m em Katmandu, matou 51 pessoas. Modelo do avi\u00e3o O ATR72 da fabricante de avi\u00f5es europeia ATR \u00e9 um avi\u00e3o turbo\u00e9lice bimotor amplamente utilizado, fabricado por uma joint venture da Airbus e da italiana Leonardo. A Yeti Airlines possui uma frota de seis avi\u00f5es ATR72-500, de acordo com seu site. \u201cOs especialistas da ATR est\u00e3o totalmente empenhados em apoiar tanto a investiga\u00e7\u00e3o quanto o cliente\u201d, disse a empresa no Twitter, acrescentando que seus primeiros pensamentos foram para os afetados, ap\u00f3s terem sido informados do acidente. As empresas Airbus e a Leonardo n\u00e3o responderam, at\u00e9 o momento, aos pedidos de coment\u00e1rios. De acordo com o site de rastreamento de voos FlightRadar24 disse no Twitter que a aeronave da Yeti Airlines tinha 15 anos e estava equipada com um transponder antigo com dados n\u00e3o confi\u00e1veis. Em seu site, a Yeti se descreve como uma operadora dom\u00e9stica l\u00edder. A empresa tamb\u00e9m \u00e9 dona da Tara Air, e as duas juntas oferecem a &#8220;rede mais ampla&#8221; do Nepal , diz a empresa. &#8220;Estamos baixando dados de alta resolu\u00e7\u00e3o e verificando a qualidade dos dados&#8221;, afirmou. Noticias em Destaque Fonte: Reuters\" \/>\n<meta property=\"og:url\" content=\"https:\/\/noticiasemdestaque.com\/cd\/?p=45530\" \/>\n<meta property=\"og:site_name\" content=\"Not&iacute;cias em Destaque\" \/>\n<meta property=\"article:published_time\" content=\"2023-01-16T13:57:50+00:00\" \/>\n<meta property=\"og:image\" content=\"https:\/\/noticiasemdestaque.com\/cd\/wp-content\/uploads\/2023\/01\/nepalacidente.jpg\" \/>\n\t<meta property=\"og:image:width\" content=\"876\" \/>\n\t<meta property=\"og:image:height\" content=\"585\" \/>\n\t<meta property=\"og:image:type\" content=\"image\/jpeg\" \/>\n<meta name=\"author\" content=\"Not\u00edcias em Destaque\" \/>\n<meta name=\"twitter:card\" content=\"summary_large_image\" \/>\n<meta name=\"twitter:label1\" content=\"Escrito por\" \/>\n\t<meta name=\"twitter:data1\" content=\"Not\u00edcias em Destaque\" \/>\n\t<meta name=\"twitter:label2\" content=\"Est. tempo de leitura\" \/>\n\t<meta name=\"twitter:data2\" content=\"4 minutos\" \/>\n<script type=\"application\/ld+json\" class=\"yoast-schema-graph\">{\"@context\":\"https:\/\/schema.org\",\"@graph\":[{\"@type\":\"Article\",\"@id\":\"https:\/\/noticiasemdestaque.com\/cd\/?p=45530#article\",\"isPartOf\":{\"@id\":\"https:\/\/noticiasemdestaque.com\/cd\/?p=45530\"},\"author\":{\"name\":\"Not\u00edcias em Destaque\",\"@id\":\"https:\/\/noticiasemdestaque.com\/cd\/#\/schema\/person\/47f7d4f55eec17c6b2ca036c5500f6ce\"},\"headline\":\"Queda de avi\u00e3o deixa pelo menos 68 mortos no Nepal; acidente \u00e9 o mais letal em 30 anos\",\"datePublished\":\"2023-01-16T13:57:50+00:00\",\"mainEntityOfPage\":{\"@id\":\"https:\/\/noticiasemdestaque.com\/cd\/?p=45530\"},\"wordCount\":671,\"publisher\":{\"@id\":\"https:\/\/noticiasemdestaque.com\/cd\/#organization\"},\"image\":{\"@id\":\"https:\/\/noticiasemdestaque.com\/cd\/?p=45530#primaryimage\"},\"thumbnailUrl\":\"https:\/\/noticiasemdestaque.com\/cd\/wp-content\/uploads\/2023\/01\/nepalacidente.jpg\",\"articleSection\":[\"Pol\u00edcia\"],\"inLanguage\":\"pt-BR\"},{\"@type\":\"WebPage\",\"@id\":\"https:\/\/noticiasemdestaque.com\/cd\/?p=45530\",\"url\":\"https:\/\/noticiasemdestaque.com\/cd\/?p=45530\",\"name\":\"Queda de avi\u00e3o deixa pelo menos 68 mortos no Nepal; acidente \u00e9 o mais letal em 30 anos - Not&iacute;cias em Destaque\",\"isPartOf\":{\"@id\":\"https:\/\/noticiasemdestaque.com\/cd\/#website\"},\"primaryImageOfPage\":{\"@id\":\"https:\/\/noticiasemdestaque.com\/cd\/?p=45530#primaryimage\"},\"image\":{\"@id\":\"https:\/\/noticiasemdestaque.com\/cd\/?p=45530#primaryimage\"},\"thumbnailUrl\":\"https:\/\/noticiasemdestaque.com\/cd\/wp-content\/uploads\/2023\/01\/nepalacidente.jpg\",\"datePublished\":\"2023-01-16T13:57:50+00:00\",\"breadcrumb\":{\"@id\":\"https:\/\/noticiasemdestaque.com\/cd\/?p=45530#breadcrumb\"},\"inLanguage\":\"pt-BR\",\"potentialAction\":[{\"@type\":\"ReadAction\",\"target\":[\"https:\/\/noticiasemdestaque.com\/cd\/?p=45530\"]}]},{\"@type\":\"ImageObject\",\"inLanguage\":\"pt-BR\",\"@id\":\"https:\/\/noticiasemdestaque.com\/cd\/?p=45530#primaryimage\",\"url\":\"https:\/\/noticiasemdestaque.com\/cd\/wp-content\/uploads\/2023\/01\/nepalacidente.jpg\",\"contentUrl\":\"https:\/\/noticiasemdestaque.com\/cd\/wp-content\/uploads\/2023\/01\/nepalacidente.jpg\",\"width\":876,\"height\":585},{\"@type\":\"BreadcrumbList\",\"@id\":\"https:\/\/noticiasemdestaque.com\/cd\/?p=45530#breadcrumb\",\"itemListElement\":[{\"@type\":\"ListItem\",\"position\":1,\"name\":\"In\u00edcio\",\"item\":\"https:\/\/noticiasemdestaque.com\/cd\/\"},{\"@type\":\"ListItem\",\"position\":2,\"name\":\"Queda de avi\u00e3o deixa pelo menos 68 mortos no Nepal; acidente \u00e9 o mais letal em 30 anos\"}]},{\"@type\":\"WebSite\",\"@id\":\"https:\/\/noticiasemdestaque.com\/cd\/#website\",\"url\":\"https:\/\/noticiasemdestaque.com\/cd\/\",\"name\":\"Not&iacute;cias em Destaque\",\"description\":\"\",\"publisher\":{\"@id\":\"https:\/\/noticiasemdestaque.com\/cd\/#organization\"},\"potentialAction\":[{\"@type\":\"SearchAction\",\"target\":{\"@type\":\"EntryPoint\",\"urlTemplate\":\"https:\/\/noticiasemdestaque.com\/cd\/?s={search_term_string}\"},\"query-input\":{\"@type\":\"PropertyValueSpecification\",\"valueRequired\":true,\"valueName\":\"search_term_string\"}}],\"inLanguage\":\"pt-BR\"},{\"@type\":\"Organization\",\"@id\":\"https:\/\/noticiasemdestaque.com\/cd\/#organization\",\"name\":\"Not\u00edcias em Destaque\",\"url\":\"https:\/\/noticiasemdestaque.com\/cd\/\",\"logo\":{\"@type\":\"ImageObject\",\"inLanguage\":\"pt-BR\",\"@id\":\"https:\/\/noticiasemdestaque.com\/cd\/#\/schema\/logo\/image\/\",\"url\":\"https:\/\/noticiasemdestaque.com\/cd\/wp-content\/uploads\/2022\/05\/imagem-base-noticiasemdestaque.png\",\"contentUrl\":\"https:\/\/noticiasemdestaque.com\/cd\/wp-content\/uploads\/2022\/05\/imagem-base-noticiasemdestaque.png\",\"width\":1200,\"height\":630,\"caption\":\"Not\u00edcias em Destaque\"},\"image\":{\"@id\":\"https:\/\/noticiasemdestaque.com\/cd\/#\/schema\/logo\/image\/\"}},{\"@type\":\"Person\",\"@id\":\"https:\/\/noticiasemdestaque.com\/cd\/#\/schema\/person\/47f7d4f55eec17c6b2ca036c5500f6ce\",\"name\":\"Not\u00edcias em Destaque\",\"url\":\"https:\/\/noticiasemdestaque.com\/cd\/?author=2\"}]}<\/script>\n<!-- \/ Yoast SEO plugin. -->","yoast_head_json":{"title":"Queda de avi\u00e3o deixa pelo menos 68 mortos no Nepal; acidente \u00e9 o mais letal em 30 anos - Not&iacute;cias em Destaque","robots":{"index":"index","follow":"follow","max-snippet":"max-snippet:-1","max-image-preview":"max-image-preview:large","max-video-preview":"max-video-preview:-1"},"canonical":"https:\/\/noticiasemdestaque.com\/cd\/?p=45530","og_locale":"pt_BR","og_type":"article","og_title":"Queda de avi\u00e3o deixa pelo menos 68 mortos no Nepal; acidente \u00e9 o mais letal em 30 anos - Not&iacute;cias em Destaque","og_description":"A queda de um avi\u00e3o bimotor no oeste de Pokhara, no Nepal, deixou pelo menos 68 mortos neste domingo (15), segundo a autoridade de avia\u00e7\u00e3o civil do pa\u00eds. O voo tinha 72 pessoas a bordo e havia decolado de Katmandu, capital do pa\u00eds. Um porta-voz das for\u00e7as armadas do pa\u00eds informou que 44 corpos j\u00e1 foram retirados do local do acidente. Segundo o banco de dados da Aviation Safety Network, este \u00e9 o acidente mais letal dos \u00faltimos 30 anos no Nepal desde que, em 1992, um Airbus A300 da Pakistan International Airlines caiu em uma encosta ao se aproximar de Katmandu, matando 167 pessoas. A aeronave que caiu neste domingo (15), uma ATR 72, era operada pela empresa de voos dom\u00e9sticos Yeti Airlines. Um representante da companhia a\u00e9rea informou que dentre os ocupantes est\u00e3o duas crian\u00e7as, quatro tripulantes e 15 estrangeiros. O avi\u00e3o levava, al\u00e9m de 57 nepaleses, incluindo duas crian\u00e7as, cinco indianos, quatro russos, um irland\u00eas, dois sul-coreanos, um australiano, um franc\u00eas e um argentino, segundo autoridades do aeroporto de onde decolou a aeronave. Quatro tripulantes tamb\u00e9m estavam no voo. A viagem para Pokhara, a segunda maior cidade do Nepal escondida sob a pitoresca cordilheira Annapurna, da capital Kathmandu \u00e9 uma das rotas tur\u00edsticas mais populares do pa\u00eds do Himalaia, com muitos preferindo um voo curto em vez de uma viagem de seis horas estradas montanhosas. O tempo estava claro no domingo, disse Jagannath Niroula, porta-voz da Autoridade de Avia\u00e7\u00e3o Civil do Nepal. De acordo com informa\u00e7\u00f5es do aeroporto de Seti Gorge, o avi\u00e3o fez contato \u00e0s 10h50 (05h05 GMT) e caiu na sequ\u00eancia. &#8220;Metade do avi\u00e3o est\u00e1 na encosta&#8221;, disse Arun Tamu, morador local, que disse \u00e0 Reuters que chegou ao local minutos depois que o avi\u00e3o caiu. &#8220;A outra metade caiu no desfiladeiro do rio Seti.&#8221; O primeiro-ministro do Nepal, Pushpa Kamal Dahal, convocou uma reuni\u00e3o de gabinete de emerg\u00eancia ap\u00f3s a queda do avi\u00e3o, disse um comunicado do governo. Desastres a\u00e9reos no pa\u00eds Acidentes a\u00e9reos n\u00e3o s\u00e3o incomuns no Nepal, pa\u00eds que possui oito das 14 montanhas mais altas do mundo, incluindo o Everest. O pa\u00eds tamb\u00e9m sofre com mudan\u00e7as repentinas que afetam a meteorologia. Pelo menos 309 pessoas morreram desde 2000 em acidentes de avi\u00e3o ou helic\u00f3ptero no Nepal &#8211; lar de oito das 14 montanhas mais altas do mundo, incluindo o Everest &#8211; onde mudan\u00e7as repentinas no clima podem criar condi\u00e7\u00f5es perigosas. A Uni\u00e3o Europeia baniu as companhias a\u00e9reas do Nepal de seu espa\u00e7o a\u00e9reo desde 2013, citando preocupa\u00e7\u00f5es de seguran\u00e7a. Em mar\u00e7o de 2018, a queda de um avi\u00e3o, tamb\u00e9m em Katmandu, matou 51 pessoas. Modelo do avi\u00e3o O ATR72 da fabricante de avi\u00f5es europeia ATR \u00e9 um avi\u00e3o turbo\u00e9lice bimotor amplamente utilizado, fabricado por uma joint venture da Airbus e da italiana Leonardo. A Yeti Airlines possui uma frota de seis avi\u00f5es ATR72-500, de acordo com seu site. \u201cOs especialistas da ATR est\u00e3o totalmente empenhados em apoiar tanto a investiga\u00e7\u00e3o quanto o cliente\u201d, disse a empresa no Twitter, acrescentando que seus primeiros pensamentos foram para os afetados, ap\u00f3s terem sido informados do acidente. As empresas Airbus e a Leonardo n\u00e3o responderam, at\u00e9 o momento, aos pedidos de coment\u00e1rios. De acordo com o site de rastreamento de voos FlightRadar24 disse no Twitter que a aeronave da Yeti Airlines tinha 15 anos e estava equipada com um transponder antigo com dados n\u00e3o confi\u00e1veis. Em seu site, a Yeti se descreve como uma operadora dom\u00e9stica l\u00edder. A empresa tamb\u00e9m \u00e9 dona da Tara Air, e as duas juntas oferecem a &#8220;rede mais ampla&#8221; do Nepal , diz a empresa. &#8220;Estamos baixando dados de alta resolu\u00e7\u00e3o e verificando a qualidade dos dados&#8221;, afirmou. Noticias em Destaque Fonte: Reuters","og_url":"https:\/\/noticiasemdestaque.com\/cd\/?p=45530","og_site_name":"Not&iacute;cias em Destaque","article_published_time":"2023-01-16T13:57:50+00:00","og_image":[{"width":876,"height":585,"url":"https:\/\/noticiasemdestaque.com\/cd\/wp-content\/uploads\/2023\/01\/nepalacidente.jpg","type":"image\/jpeg"}],"author":"Not\u00edcias em Destaque","twitter_card":"summary_large_image","twitter_misc":{"Escrito por":"Not\u00edcias em Destaque","Est. tempo de leitura":"4 minutos"},"schema":{"@context":"https:\/\/schema.org","@graph":[{"@type":"Article","@id":"https:\/\/noticiasemdestaque.com\/cd\/?p=45530#article","isPartOf":{"@id":"https:\/\/noticiasemdestaque.com\/cd\/?p=45530"},"author":{"name":"Not\u00edcias em Destaque","@id":"https:\/\/noticiasemdestaque.com\/cd\/#\/schema\/person\/47f7d4f55eec17c6b2ca036c5500f6ce"},"headline":"Queda de avi\u00e3o deixa pelo menos 68 mortos no Nepal; acidente \u00e9 o mais letal em 30 anos","datePublished":"2023-01-16T13:57:50+00:00","mainEntityOfPage":{"@id":"https:\/\/noticiasemdestaque.com\/cd\/?p=45530"},"wordCount":671,"publisher":{"@id":"https:\/\/noticiasemdestaque.com\/cd\/#organization"},"image":{"@id":"https:\/\/noticiasemdestaque.com\/cd\/?p=45530#primaryimage"},"thumbnailUrl":"https:\/\/noticiasemdestaque.com\/cd\/wp-content\/uploads\/2023\/01\/nepalacidente.jpg","articleSection":["Pol\u00edcia"],"inLanguage":"pt-BR"},{"@type":"WebPage","@id":"https:\/\/noticiasemdestaque.com\/cd\/?p=45530","url":"https:\/\/noticiasemdestaque.com\/cd\/?p=45530","name":"Queda de avi\u00e3o deixa pelo menos 68 mortos no Nepal; acidente \u00e9 o mais letal em 30 anos - Not&iacute;cias em Destaque","isPartOf":{"@id":"https:\/\/noticiasemdestaque.com\/cd\/#website"},"primaryImageOfPage":{"@id":"https:\/\/noticiasemdestaque.com\/cd\/?p=45530#primaryimage"},"image":{"@id":"https:\/\/noticiasemdestaque.com\/cd\/?p=45530#primaryimage"},"thumbnailUrl":"https:\/\/noticiasemdestaque.com\/cd\/wp-content\/uploads\/2023\/01\/nepalacidente.jpg","datePublished":"2023-01-16T13:57:50+00:00","breadcrumb":{"@id":"https:\/\/noticiasemdestaque.com\/cd\/?p=45530#breadcrumb"},"inLanguage":"pt-BR","potentialAction":[{"@type":"ReadAction","target":["https:\/\/noticiasemdestaque.com\/cd\/?p=45530"]}]},{"@type":"ImageObject","inLanguage":"pt-BR","@id":"https:\/\/noticiasemdestaque.com\/cd\/?p=45530#primaryimage","url":"https:\/\/noticiasemdestaque.com\/cd\/wp-content\/uploads\/2023\/01\/nepalacidente.jpg","contentUrl":"https:\/\/noticiasemdestaque.com\/cd\/wp-content\/uploads\/2023\/01\/nepalacidente.jpg","width":876,"height":585},{"@type":"BreadcrumbList","@id":"https:\/\/noticiasemdestaque.com\/cd\/?p=45530#breadcrumb","itemListElement":[{"@type":"ListItem","position":1,"name":"In\u00edcio","item":"https:\/\/noticiasemdestaque.com\/cd\/"},{"@type":"ListItem","position":2,"name":"Queda de avi\u00e3o deixa pelo menos 68 mortos no Nepal; acidente \u00e9 o mais letal em 30 anos"}]},{"@type":"WebSite","@id":"https:\/\/noticiasemdestaque.com\/cd\/#website","url":"https:\/\/noticiasemdestaque.com\/cd\/","name":"Not&iacute;cias em Destaque","description":"","publisher":{"@id":"https:\/\/noticiasemdestaque.com\/cd\/#organization"},"potentialAction":[{"@type":"SearchAction","target":{"@type":"EntryPoint","urlTemplate":"https:\/\/noticiasemdestaque.com\/cd\/?s={search_term_string}"},"query-input":{"@type":"PropertyValueSpecification","valueRequired":true,"valueName":"search_term_string"}}],"inLanguage":"pt-BR"},{"@type":"Organization","@id":"https:\/\/noticiasemdestaque.com\/cd\/#organization","name":"Not\u00edcias em Destaque","url":"https:\/\/noticiasemdestaque.com\/cd\/","logo":{"@type":"ImageObject","inLanguage":"pt-BR","@id":"https:\/\/noticiasemdestaque.com\/cd\/#\/schema\/logo\/image\/","url":"https:\/\/noticiasemdestaque.com\/cd\/wp-content\/uploads\/2022\/05\/imagem-base-noticiasemdestaque.png","contentUrl":"https:\/\/noticiasemdestaque.com\/cd\/wp-content\/uploads\/2022\/05\/imagem-base-noticiasemdestaque.png","width":1200,"height":630,"caption":"Not\u00edcias em Destaque"},"image":{"@id":"https:\/\/noticiasemdestaque.com\/cd\/#\/schema\/logo\/image\/"}},{"@type":"Person","@id":"https:\/\/noticiasemdestaque.com\/cd\/#\/schema\/person\/47f7d4f55eec17c6b2ca036c5500f6ce","name":"Not\u00edcias em Destaque","url":"https:\/\/noticiasemdestaque.com\/cd\/?author=2"}]}},"jetpack_featured_media_url":"https:\/\/noticiasemdestaque.com\/cd\/wp-content\/uploads\/2023\/01\/nepalacidente.jpg","jetpack_sharing_enabled":true,"_links":{"self":[{"href":"https:\/\/noticiasemdestaque.com\/cd\/index.php?rest_route=\/wp\/v2\/posts\/45530","targetHints":{"allow":["GET"]}}],"collection":[{"href":"https:\/\/noticiasemdestaque.com\/cd\/index.php?rest_route=\/wp\/v2\/posts"}],"about":[{"href":"https:\/\/noticiasemdestaque.com\/cd\/index.php?rest_route=\/wp\/v2\/types\/post"}],"author":[{"embeddable":true,"href":"https:\/\/noticiasemdestaque.com\/cd\/index.php?rest_route=\/wp\/v2\/users\/2"}],"replies":[{"embeddable":true,"href":"https:\/\/noticiasemdestaque.com\/cd\/index.php?rest_route=%2Fwp%2Fv2%2Fcomments&post=45530"}],"version-history":[{"count":1,"href":"https:\/\/noticiasemdestaque.com\/cd\/index.php?rest_route=\/wp\/v2\/posts\/45530\/revisions"}],"predecessor-version":[{"id":45532,"href":"https:\/\/noticiasemdestaque.com\/cd\/index.php?rest_route=\/wp\/v2\/posts\/45530\/revisions\/45532"}],"wp:featuredmedia":[{"embeddable":true,"href":"https:\/\/noticiasemdestaque.com\/cd\/index.php?rest_route=\/wp\/v2\/media\/45531"}],"wp:attachment":[{"href":"https:\/\/noticiasemdestaque.com\/cd\/index.php?rest_route=%2Fwp%2Fv2%2Fmedia&parent=45530"}],"wp:term":[{"taxonomy":"category","embeddable":true,"href":"https:\/\/noticiasemdestaque.com\/cd\/index.php?rest_route=%2Fwp%2Fv2%2Fcategories&post=45530"},{"taxonomy":"post_tag","embeddable":true,"href":"https:\/\/noticiasemdestaque.com\/cd\/index.php?rest_route=%2Fwp%2Fv2%2Ftags&post=45530"}],"curies":[{"name":"wp","href":"https:\/\/api.w.org\/{rel}","templated":true}]}}