{"id":45522,"date":"2023-01-16T09:44:22","date_gmt":"2023-01-16T12:44:22","guid":{"rendered":"https:\/\/noticiasemdestaque.com\/cd\/?p=45522"},"modified":"2023-01-16T09:44:22","modified_gmt":"2023-01-16T12:44:22","slug":"prefeitura-de-sao-jose-dos-cordeiros-ira-fazer-entrega-dos-boletos-do-garantia-safra-2023-aos-agricultores","status":"publish","type":"post","link":"https:\/\/noticiasemdestaque.com\/cd\/?p=45522","title":{"rendered":"Prefeitura de S\u00e3o Jos\u00e9 dos Cordeiros ir\u00e1 fazer entrega dos boletos do Garantia Safra 2023 aos agricultores"},"content":{"rendered":"<p><a href=\"https:\/\/noticiasemdestaque.com\/cd\/wp-content\/uploads\/2023\/01\/Garantia-safra-Capa-Site-1200x720-1.png\"><img fetchpriority=\"high\" decoding=\"async\" class=\"wp-image-45523 aligncenter\" src=\"https:\/\/noticiasemdestaque.com\/cd\/wp-content\/uploads\/2023\/01\/Garantia-safra-Capa-Site-1200x720-1-300x180.png\" alt=\"\" width=\"539\" height=\"323\" srcset=\"https:\/\/noticiasemdestaque.com\/cd\/wp-content\/uploads\/2023\/01\/Garantia-safra-Capa-Site-1200x720-1-300x180.png 300w, https:\/\/noticiasemdestaque.com\/cd\/wp-content\/uploads\/2023\/01\/Garantia-safra-Capa-Site-1200x720-1-18x12.png 18w, https:\/\/noticiasemdestaque.com\/cd\/wp-content\/uploads\/2023\/01\/Garantia-safra-Capa-Site-1200x720-1.png 320w\" sizes=\"(max-width: 539px) 100vw, 539px\" \/><\/a><\/p>\n<p style=\"font-weight: 400;\">A Prefeitura de S\u00e3o Jos\u00e9 dos Cordeiros atrav\u00e9s da Secretaria Municipal de Agricultura e Meio Ambiente, comunica aos agricultores beneficiados com o Programa Garantia Safra ano 2023 que a partir de ter\u00e7a-feira (17\/01), estar\u00e1 entregando os boletos para pagamento. O prazo segue at\u00e9 o dia 09 de fevereiro.<\/p>\n<p style=\"font-weight: 400;\">A entrega dos boletos acontece na sede da secretaria de agricultura, no hor\u00e1rio de expediente das 08h \u00e0s 13h.<\/p>\n<p style=\"font-weight: 400;\">Portanto dirija-se at\u00e9 a Secretaria de Agricultura com seu CPF em m\u00e3os para receber seu boleto do Garantia Safra 2023.<\/p>\n<p><strong>Noticias em Destaque<\/strong><\/p>\n<p style=\"font-weight: 400; text-align: right;\"><em>Fonte: Ascom<\/em><\/p>\n","protected":false},"excerpt":{"rendered":"<p>A Prefeitura de S\u00e3o Jos\u00e9 dos Cordeiros atrav\u00e9s da Secretaria Municipal de Agricultura e Meio Ambiente, comunica aos agricultores beneficiados com o Programa Garantia Safra ano 2023 que a partir de ter\u00e7a-feira (17\/01), estar\u00e1 entregando os boletos para pagamento. O prazo segue at\u00e9 o dia 09 de fevereiro. A entrega dos boletos acontece na sede da secretaria de agricultura, no hor\u00e1rio de expediente das 08h \u00e0s 13h. Portanto dirija-se at\u00e9 a Secretaria de Agricultura com seu CPF em m\u00e3os para receber seu boleto do Garantia Safra 2023. Noticias em Destaque Fonte: Ascom<\/p>\n","protected":false},"author":2,"featured_media":45525,"comment_status":"closed","ping_status":"open","sticky":false,"template":"","format":"standard","meta":{"_eb_attr":"","_jetpack_memberships_contains_paid_content":false,"footnotes":""},"categories":[3],"tags":[],"class_list":["post-45522","post","type-post","status-publish","format-standard","has-post-thumbnail","hentry","category-cidades"],"yoast_head":"<!-- This site is optimized with the Yoast SEO plugin v26.5 - https:\/\/yoast.com\/wordpress\/plugins\/seo\/ -->\n<title>Prefeitura de S\u00e3o Jos\u00e9 dos Cordeiros ir\u00e1 fazer entrega dos boletos do Garantia Safra 2023 aos agricultores - Not&iacute;cias em Destaque<\/title>\n<meta name=\"robots\" content=\"index, follow, max-snippet:-1, max-image-preview:large, max-video-preview:-1\" \/>\n<link rel=\"canonical\" href=\"https:\/\/noticiasemdestaque.com\/cd\/?p=45522\" \/>\n<meta property=\"og:locale\" content=\"pt_BR\" \/>\n<meta property=\"og:type\" content=\"article\" \/>\n<meta property=\"og:title\" content=\"Prefeitura de S\u00e3o Jos\u00e9 dos Cordeiros ir\u00e1 fazer entrega dos boletos do Garantia Safra 2023 aos agricultores - Not&iacute;cias em Destaque\" \/>\n<meta property=\"og:description\" content=\"A Prefeitura de S\u00e3o Jos\u00e9 dos Cordeiros atrav\u00e9s da Secretaria Municipal de Agricultura e Meio Ambiente, comunica aos agricultores beneficiados com o Programa Garantia Safra ano 2023 que a partir de ter\u00e7a-feira (17\/01), estar\u00e1 entregando os boletos para pagamento. O prazo segue at\u00e9 o dia 09 de fevereiro. A entrega dos boletos acontece na sede da secretaria de agricultura, no hor\u00e1rio de expediente das 08h \u00e0s 13h. Portanto dirija-se at\u00e9 a Secretaria de Agricultura com seu CPF em m\u00e3os para receber seu boleto do Garantia Safra 2023. Noticias em Destaque Fonte: Ascom\" \/>\n<meta property=\"og:url\" content=\"https:\/\/noticiasemdestaque.com\/cd\/?p=45522\" \/>\n<meta property=\"og:site_name\" content=\"Not&iacute;cias em Destaque\" \/>\n<meta property=\"article:published_time\" content=\"2023-01-16T12:44:22+00:00\" \/>\n<meta property=\"og:image\" content=\"https:\/\/noticiasemdestaque.com\/cd\/wp-content\/uploads\/2023\/01\/928633087.jpg\" \/>\n\t<meta property=\"og:image:width\" content=\"604\" \/>\n\t<meta property=\"og:image:height\" content=\"400\" \/>\n\t<meta property=\"og:image:type\" content=\"image\/jpeg\" \/>\n<meta name=\"author\" content=\"Not\u00edcias em Destaque\" \/>\n<meta name=\"twitter:card\" content=\"summary_large_image\" \/>\n<meta name=\"twitter:label1\" content=\"Escrito por\" \/>\n\t<meta name=\"twitter:data1\" content=\"Not\u00edcias em Destaque\" \/>\n\t<meta name=\"twitter:label2\" content=\"Est. tempo de leitura\" \/>\n\t<meta name=\"twitter:data2\" content=\"1 minuto\" \/>\n<script type=\"application\/ld+json\" class=\"yoast-schema-graph\">{\"@context\":\"https:\/\/schema.org\",\"@graph\":[{\"@type\":\"Article\",\"@id\":\"https:\/\/noticiasemdestaque.com\/cd\/?p=45522#article\",\"isPartOf\":{\"@id\":\"https:\/\/noticiasemdestaque.com\/cd\/?p=45522\"},\"author\":{\"name\":\"Not\u00edcias em Destaque\",\"@id\":\"https:\/\/noticiasemdestaque.com\/cd\/#\/schema\/person\/47f7d4f55eec17c6b2ca036c5500f6ce\"},\"headline\":\"Prefeitura de S\u00e3o Jos\u00e9 dos Cordeiros ir\u00e1 fazer entrega dos boletos do Garantia Safra 2023 aos agricultores\",\"datePublished\":\"2023-01-16T12:44:22+00:00\",\"mainEntityOfPage\":{\"@id\":\"https:\/\/noticiasemdestaque.com\/cd\/?p=45522\"},\"wordCount\":110,\"publisher\":{\"@id\":\"https:\/\/noticiasemdestaque.com\/cd\/#organization\"},\"image\":{\"@id\":\"https:\/\/noticiasemdestaque.com\/cd\/?p=45522#primaryimage\"},\"thumbnailUrl\":\"https:\/\/noticiasemdestaque.com\/cd\/wp-content\/uploads\/2023\/01\/928633087.jpg\",\"articleSection\":[\"Cidades\"],\"inLanguage\":\"pt-BR\"},{\"@type\":\"WebPage\",\"@id\":\"https:\/\/noticiasemdestaque.com\/cd\/?p=45522\",\"url\":\"https:\/\/noticiasemdestaque.com\/cd\/?p=45522\",\"name\":\"Prefeitura de S\u00e3o Jos\u00e9 dos Cordeiros ir\u00e1 fazer entrega dos boletos do Garantia Safra 2023 aos agricultores - Not&iacute;cias em Destaque\",\"isPartOf\":{\"@id\":\"https:\/\/noticiasemdestaque.com\/cd\/#website\"},\"primaryImageOfPage\":{\"@id\":\"https:\/\/noticiasemdestaque.com\/cd\/?p=45522#primaryimage\"},\"image\":{\"@id\":\"https:\/\/noticiasemdestaque.com\/cd\/?p=45522#primaryimage\"},\"thumbnailUrl\":\"https:\/\/noticiasemdestaque.com\/cd\/wp-content\/uploads\/2023\/01\/928633087.jpg\",\"datePublished\":\"2023-01-16T12:44:22+00:00\",\"breadcrumb\":{\"@id\":\"https:\/\/noticiasemdestaque.com\/cd\/?p=45522#breadcrumb\"},\"inLanguage\":\"pt-BR\",\"potentialAction\":[{\"@type\":\"ReadAction\",\"target\":[\"https:\/\/noticiasemdestaque.com\/cd\/?p=45522\"]}]},{\"@type\":\"ImageObject\",\"inLanguage\":\"pt-BR\",\"@id\":\"https:\/\/noticiasemdestaque.com\/cd\/?p=45522#primaryimage\",\"url\":\"https:\/\/noticiasemdestaque.com\/cd\/wp-content\/uploads\/2023\/01\/928633087.jpg\",\"contentUrl\":\"https:\/\/noticiasemdestaque.com\/cd\/wp-content\/uploads\/2023\/01\/928633087.jpg\",\"width\":604,\"height\":400},{\"@type\":\"BreadcrumbList\",\"@id\":\"https:\/\/noticiasemdestaque.com\/cd\/?p=45522#breadcrumb\",\"itemListElement\":[{\"@type\":\"ListItem\",\"position\":1,\"name\":\"In\u00edcio\",\"item\":\"https:\/\/noticiasemdestaque.com\/cd\/\"},{\"@type\":\"ListItem\",\"position\":2,\"name\":\"Prefeitura de S\u00e3o Jos\u00e9 dos Cordeiros ir\u00e1 fazer entrega dos boletos do Garantia Safra 2023 aos agricultores\"}]},{\"@type\":\"WebSite\",\"@id\":\"https:\/\/noticiasemdestaque.com\/cd\/#website\",\"url\":\"https:\/\/noticiasemdestaque.com\/cd\/\",\"name\":\"Not&iacute;cias em Destaque\",\"description\":\"\",\"publisher\":{\"@id\":\"https:\/\/noticiasemdestaque.com\/cd\/#organization\"},\"potentialAction\":[{\"@type\":\"SearchAction\",\"target\":{\"@type\":\"EntryPoint\",\"urlTemplate\":\"https:\/\/noticiasemdestaque.com\/cd\/?s={search_term_string}\"},\"query-input\":{\"@type\":\"PropertyValueSpecification\",\"valueRequired\":true,\"valueName\":\"search_term_string\"}}],\"inLanguage\":\"pt-BR\"},{\"@type\":\"Organization\",\"@id\":\"https:\/\/noticiasemdestaque.com\/cd\/#organization\",\"name\":\"Not\u00edcias em Destaque\",\"url\":\"https:\/\/noticiasemdestaque.com\/cd\/\",\"logo\":{\"@type\":\"ImageObject\",\"inLanguage\":\"pt-BR\",\"@id\":\"https:\/\/noticiasemdestaque.com\/cd\/#\/schema\/logo\/image\/\",\"url\":\"https:\/\/noticiasemdestaque.com\/cd\/wp-content\/uploads\/2022\/05\/imagem-base-noticiasemdestaque.png\",\"contentUrl\":\"https:\/\/noticiasemdestaque.com\/cd\/wp-content\/uploads\/2022\/05\/imagem-base-noticiasemdestaque.png\",\"width\":1200,\"height\":630,\"caption\":\"Not\u00edcias em Destaque\"},\"image\":{\"@id\":\"https:\/\/noticiasemdestaque.com\/cd\/#\/schema\/logo\/image\/\"}},{\"@type\":\"Person\",\"@id\":\"https:\/\/noticiasemdestaque.com\/cd\/#\/schema\/person\/47f7d4f55eec17c6b2ca036c5500f6ce\",\"name\":\"Not\u00edcias em Destaque\",\"url\":\"https:\/\/noticiasemdestaque.com\/cd\/?author=2\"}]}<\/script>\n<!-- \/ Yoast SEO plugin. -->","yoast_head_json":{"title":"Prefeitura de S\u00e3o Jos\u00e9 dos Cordeiros ir\u00e1 fazer entrega dos boletos do Garantia Safra 2023 aos agricultores - Not&iacute;cias em Destaque","robots":{"index":"index","follow":"follow","max-snippet":"max-snippet:-1","max-image-preview":"max-image-preview:large","max-video-preview":"max-video-preview:-1"},"canonical":"https:\/\/noticiasemdestaque.com\/cd\/?p=45522","og_locale":"pt_BR","og_type":"article","og_title":"Prefeitura de S\u00e3o Jos\u00e9 dos Cordeiros ir\u00e1 fazer entrega dos boletos do Garantia Safra 2023 aos agricultores - Not&iacute;cias em Destaque","og_description":"A Prefeitura de S\u00e3o Jos\u00e9 dos Cordeiros atrav\u00e9s da Secretaria Municipal de Agricultura e Meio Ambiente, comunica aos agricultores beneficiados com o Programa Garantia Safra ano 2023 que a partir de ter\u00e7a-feira (17\/01), estar\u00e1 entregando os boletos para pagamento. O prazo segue at\u00e9 o dia 09 de fevereiro. A entrega dos boletos acontece na sede da secretaria de agricultura, no hor\u00e1rio de expediente das 08h \u00e0s 13h. Portanto dirija-se at\u00e9 a Secretaria de Agricultura com seu CPF em m\u00e3os para receber seu boleto do Garantia Safra 2023. Noticias em Destaque Fonte: Ascom","og_url":"https:\/\/noticiasemdestaque.com\/cd\/?p=45522","og_site_name":"Not&iacute;cias em Destaque","article_published_time":"2023-01-16T12:44:22+00:00","og_image":[{"width":604,"height":400,"url":"https:\/\/noticiasemdestaque.com\/cd\/wp-content\/uploads\/2023\/01\/928633087.jpg","type":"image\/jpeg"}],"author":"Not\u00edcias em Destaque","twitter_card":"summary_large_image","twitter_misc":{"Escrito por":"Not\u00edcias em Destaque","Est. tempo de leitura":"1 minuto"},"schema":{"@context":"https:\/\/schema.org","@graph":[{"@type":"Article","@id":"https:\/\/noticiasemdestaque.com\/cd\/?p=45522#article","isPartOf":{"@id":"https:\/\/noticiasemdestaque.com\/cd\/?p=45522"},"author":{"name":"Not\u00edcias em Destaque","@id":"https:\/\/noticiasemdestaque.com\/cd\/#\/schema\/person\/47f7d4f55eec17c6b2ca036c5500f6ce"},"headline":"Prefeitura de S\u00e3o Jos\u00e9 dos Cordeiros ir\u00e1 fazer entrega dos boletos do Garantia Safra 2023 aos agricultores","datePublished":"2023-01-16T12:44:22+00:00","mainEntityOfPage":{"@id":"https:\/\/noticiasemdestaque.com\/cd\/?p=45522"},"wordCount":110,"publisher":{"@id":"https:\/\/noticiasemdestaque.com\/cd\/#organization"},"image":{"@id":"https:\/\/noticiasemdestaque.com\/cd\/?p=45522#primaryimage"},"thumbnailUrl":"https:\/\/noticiasemdestaque.com\/cd\/wp-content\/uploads\/2023\/01\/928633087.jpg","articleSection":["Cidades"],"inLanguage":"pt-BR"},{"@type":"WebPage","@id":"https:\/\/noticiasemdestaque.com\/cd\/?p=45522","url":"https:\/\/noticiasemdestaque.com\/cd\/?p=45522","name":"Prefeitura de S\u00e3o Jos\u00e9 dos Cordeiros ir\u00e1 fazer entrega dos boletos do Garantia Safra 2023 aos agricultores - Not&iacute;cias em Destaque","isPartOf":{"@id":"https:\/\/noticiasemdestaque.com\/cd\/#website"},"primaryImageOfPage":{"@id":"https:\/\/noticiasemdestaque.com\/cd\/?p=45522#primaryimage"},"image":{"@id":"https:\/\/noticiasemdestaque.com\/cd\/?p=45522#primaryimage"},"thumbnailUrl":"https:\/\/noticiasemdestaque.com\/cd\/wp-content\/uploads\/2023\/01\/928633087.jpg","datePublished":"2023-01-16T12:44:22+00:00","breadcrumb":{"@id":"https:\/\/noticiasemdestaque.com\/cd\/?p=45522#breadcrumb"},"inLanguage":"pt-BR","potentialAction":[{"@type":"ReadAction","target":["https:\/\/noticiasemdestaque.com\/cd\/?p=45522"]}]},{"@type":"ImageObject","inLanguage":"pt-BR","@id":"https:\/\/noticiasemdestaque.com\/cd\/?p=45522#primaryimage","url":"https:\/\/noticiasemdestaque.com\/cd\/wp-content\/uploads\/2023\/01\/928633087.jpg","contentUrl":"https:\/\/noticiasemdestaque.com\/cd\/wp-content\/uploads\/2023\/01\/928633087.jpg","width":604,"height":400},{"@type":"BreadcrumbList","@id":"https:\/\/noticiasemdestaque.com\/cd\/?p=45522#breadcrumb","itemListElement":[{"@type":"ListItem","position":1,"name":"In\u00edcio","item":"https:\/\/noticiasemdestaque.com\/cd\/"},{"@type":"ListItem","position":2,"name":"Prefeitura de S\u00e3o Jos\u00e9 dos Cordeiros ir\u00e1 fazer entrega dos boletos do Garantia Safra 2023 aos agricultores"}]},{"@type":"WebSite","@id":"https:\/\/noticiasemdestaque.com\/cd\/#website","url":"https:\/\/noticiasemdestaque.com\/cd\/","name":"Not&iacute;cias em Destaque","description":"","publisher":{"@id":"https:\/\/noticiasemdestaque.com\/cd\/#organization"},"potentialAction":[{"@type":"SearchAction","target":{"@type":"EntryPoint","urlTemplate":"https:\/\/noticiasemdestaque.com\/cd\/?s={search_term_string}"},"query-input":{"@type":"PropertyValueSpecification","valueRequired":true,"valueName":"search_term_string"}}],"inLanguage":"pt-BR"},{"@type":"Organization","@id":"https:\/\/noticiasemdestaque.com\/cd\/#organization","name":"Not\u00edcias em Destaque","url":"https:\/\/noticiasemdestaque.com\/cd\/","logo":{"@type":"ImageObject","inLanguage":"pt-BR","@id":"https:\/\/noticiasemdestaque.com\/cd\/#\/schema\/logo\/image\/","url":"https:\/\/noticiasemdestaque.com\/cd\/wp-content\/uploads\/2022\/05\/imagem-base-noticiasemdestaque.png","contentUrl":"https:\/\/noticiasemdestaque.com\/cd\/wp-content\/uploads\/2022\/05\/imagem-base-noticiasemdestaque.png","width":1200,"height":630,"caption":"Not\u00edcias em Destaque"},"image":{"@id":"https:\/\/noticiasemdestaque.com\/cd\/#\/schema\/logo\/image\/"}},{"@type":"Person","@id":"https:\/\/noticiasemdestaque.com\/cd\/#\/schema\/person\/47f7d4f55eec17c6b2ca036c5500f6ce","name":"Not\u00edcias em Destaque","url":"https:\/\/noticiasemdestaque.com\/cd\/?author=2"}]}},"jetpack_featured_media_url":"https:\/\/noticiasemdestaque.com\/cd\/wp-content\/uploads\/2023\/01\/928633087.jpg","jetpack_sharing_enabled":true,"_links":{"self":[{"href":"https:\/\/noticiasemdestaque.com\/cd\/index.php?rest_route=\/wp\/v2\/posts\/45522","targetHints":{"allow":["GET"]}}],"collection":[{"href":"https:\/\/noticiasemdestaque.com\/cd\/index.php?rest_route=\/wp\/v2\/posts"}],"about":[{"href":"https:\/\/noticiasemdestaque.com\/cd\/index.php?rest_route=\/wp\/v2\/types\/post"}],"author":[{"embeddable":true,"href":"https:\/\/noticiasemdestaque.com\/cd\/index.php?rest_route=\/wp\/v2\/users\/2"}],"replies":[{"embeddable":true,"href":"https:\/\/noticiasemdestaque.com\/cd\/index.php?rest_route=%2Fwp%2Fv2%2Fcomments&post=45522"}],"version-history":[{"count":1,"href":"https:\/\/noticiasemdestaque.com\/cd\/index.php?rest_route=\/wp\/v2\/posts\/45522\/revisions"}],"predecessor-version":[{"id":45526,"href":"https:\/\/noticiasemdestaque.com\/cd\/index.php?rest_route=\/wp\/v2\/posts\/45522\/revisions\/45526"}],"wp:featuredmedia":[{"embeddable":true,"href":"https:\/\/noticiasemdestaque.com\/cd\/index.php?rest_route=\/wp\/v2\/media\/45525"}],"wp:attachment":[{"href":"https:\/\/noticiasemdestaque.com\/cd\/index.php?rest_route=%2Fwp%2Fv2%2Fmedia&parent=45522"}],"wp:term":[{"taxonomy":"category","embeddable":true,"href":"https:\/\/noticiasemdestaque.com\/cd\/index.php?rest_route=%2Fwp%2Fv2%2Fcategories&post=45522"},{"taxonomy":"post_tag","embeddable":true,"href":"https:\/\/noticiasemdestaque.com\/cd\/index.php?rest_route=%2Fwp%2Fv2%2Ftags&post=45522"}],"curies":[{"name":"wp","href":"https:\/\/api.w.org\/{rel}","templated":true}]}}