{"id":45516,"date":"2023-01-16T09:33:10","date_gmt":"2023-01-16T12:33:10","guid":{"rendered":"https:\/\/noticiasemdestaque.com\/cd\/?p=45516"},"modified":"2023-01-16T09:33:10","modified_gmt":"2023-01-16T12:33:10","slug":"chapas-para-eleicao-na-al-devem-ser-registradas-ate-dia-21","status":"publish","type":"post","link":"https:\/\/noticiasemdestaque.com\/cd\/?p=45516","title":{"rendered":"Chapas para elei\u00e7\u00e3o na AL devem ser registradas at\u00e9 dia 21"},"content":{"rendered":"<p><a href=\"https:\/\/noticiasemdestaque.com\/cd\/wp-content\/uploads\/2023\/01\/WhatsApp-Image-2023-01-16-at-08.01.55.jpeg\"><img fetchpriority=\"high\" decoding=\"async\" class=\"alignnone  wp-image-45518\" src=\"https:\/\/noticiasemdestaque.com\/cd\/wp-content\/uploads\/2023\/01\/WhatsApp-Image-2023-01-16-at-08.01.55-300x217.jpeg\" alt=\"\" width=\"1011\" height=\"731\" srcset=\"https:\/\/noticiasemdestaque.com\/cd\/wp-content\/uploads\/2023\/01\/WhatsApp-Image-2023-01-16-at-08.01.55-300x217.jpeg 300w, https:\/\/noticiasemdestaque.com\/cd\/wp-content\/uploads\/2023\/01\/WhatsApp-Image-2023-01-16-at-08.01.55-1024x740.jpeg 1024w, https:\/\/noticiasemdestaque.com\/cd\/wp-content\/uploads\/2023\/01\/WhatsApp-Image-2023-01-16-at-08.01.55-768x555.jpeg 768w, https:\/\/noticiasemdestaque.com\/cd\/wp-content\/uploads\/2023\/01\/WhatsApp-Image-2023-01-16-at-08.01.55-18x12.jpeg 18w, https:\/\/noticiasemdestaque.com\/cd\/wp-content\/uploads\/2023\/01\/WhatsApp-Image-2023-01-16-at-08.01.55.jpeg 1160w\" sizes=\"(max-width: 1011px) 100vw, 1011px\" \/><\/a><\/p>\n<p>A Assembleia Legislativa da Para\u00edba publicou, no Di\u00e1rio do Poder Legislativo, o edital de convoca\u00e7\u00e3o para as elei\u00e7\u00f5es da nova Mesa Diretora, nos dois bi\u00eanios (2023-2025 e 2025-2027).<\/p>\n<p>Para presidente, o deputado Adriano Galdino deve ser reconduzido para mais quatro anos. A lista atual do deputado tem 35 assinaturas. O \u00fanico a n\u00e3o declarar voto foi Herv\u00e1zio Bezerra (PSB).<\/p>\n<p>A chapa interessada poder\u00e1 registrar a candidatura junto \u00e0 Mesa at\u00e9 o dia 21 deste m\u00eas (pr\u00f3ximo s\u00e1bado), \u00e0s 18h, e deve ser subscrita por pelo menos um ter\u00e7o dos membros da Casa eleitos e diplomados para a legislatura 2023-2027.<\/p>\n<p>Dos 26 deputados estaduais que disputaram a reelei\u00e7\u00e3o, tr\u00eas ficaram na supl\u00eancia: Moacir Rodrigues, An\u00edsio Maia e Manoel Ludgerio. A Casa ter\u00e1 13 novos parlamentares a partir de 1\u00ba de fevereiro.<\/p>\n<p>As inscri\u00e7\u00f5es realizadas ser\u00e3o publicadas no Di\u00e1rio do Poder Legislativo do dia 23 deste m\u00eas, que ser\u00e1 disponibilizado no site da Assembleia Legislativa da Para\u00edba, n\u00e3o sendo admitidas inscri\u00e7\u00f5es intempestivas e individuais.<\/p>\n<p>A vota\u00e7\u00e3o para elei\u00e7\u00e3o das Mesas Diretoras ser\u00e1 aberta e processo nominal de chamada por ordem alfab\u00e9tica, de forma exclusivamente presencial, em sess\u00e3o preparat\u00f3ria, logo ap\u00f3s a posse dos deputados. Quem comandar\u00e1 o processo ser\u00e1 Adriano Galdino.<\/p>\n<p><strong>Noticias em Destaque<\/strong><\/p>\n<p style=\"text-align: right;\"><em>Com Blog da Sony Lacerda<\/em><\/p>\n","protected":false},"excerpt":{"rendered":"<p>A Assembleia Legislativa da Para\u00edba publicou, no Di\u00e1rio do Poder Legislativo, o edital de convoca\u00e7\u00e3o para as elei\u00e7\u00f5es da nova Mesa Diretora, nos dois bi\u00eanios (2023-2025 e 2025-2027). Para presidente, o deputado Adriano Galdino deve ser reconduzido para mais quatro anos. A lista atual do deputado tem 35 assinaturas. O \u00fanico a n\u00e3o declarar voto foi Herv\u00e1zio Bezerra (PSB). A chapa interessada poder\u00e1 registrar a candidatura junto \u00e0 Mesa at\u00e9 o dia 21 deste m\u00eas (pr\u00f3ximo s\u00e1bado), \u00e0s 18h, e deve ser subscrita por pelo menos um ter\u00e7o dos membros da Casa eleitos e diplomados para a legislatura 2023-2027. Dos 26 deputados estaduais que disputaram a reelei\u00e7\u00e3o, tr\u00eas ficaram na supl\u00eancia: Moacir Rodrigues, An\u00edsio Maia e Manoel Ludgerio. A Casa ter\u00e1 13 novos parlamentares a partir de 1\u00ba de fevereiro. As inscri\u00e7\u00f5es realizadas ser\u00e3o publicadas no Di\u00e1rio do Poder Legislativo do dia 23 deste m\u00eas, que ser\u00e1 disponibilizado no site da Assembleia Legislativa da Para\u00edba, n\u00e3o sendo admitidas inscri\u00e7\u00f5es intempestivas e individuais. A vota\u00e7\u00e3o para elei\u00e7\u00e3o das Mesas Diretoras ser\u00e1 aberta e processo nominal de chamada por ordem alfab\u00e9tica, de forma exclusivamente presencial, em sess\u00e3o preparat\u00f3ria, logo ap\u00f3s a posse dos deputados. Quem comandar\u00e1 o processo ser\u00e1 Adriano Galdino. Noticias em Destaque Com Blog da Sony Lacerda<\/p>\n","protected":false},"author":2,"featured_media":45518,"comment_status":"closed","ping_status":"open","sticky":false,"template":"","format":"standard","meta":{"_eb_attr":"","_jetpack_memberships_contains_paid_content":false,"footnotes":""},"categories":[4],"tags":[],"class_list":["post-45516","post","type-post","status-publish","format-standard","has-post-thumbnail","hentry","category-politica"],"yoast_head":"<!-- This site is optimized with the Yoast SEO plugin v26.5 - https:\/\/yoast.com\/wordpress\/plugins\/seo\/ -->\n<title>Chapas para elei\u00e7\u00e3o na AL devem ser registradas at\u00e9 dia 21 - Not&iacute;cias em Destaque<\/title>\n<meta name=\"robots\" content=\"index, follow, max-snippet:-1, max-image-preview:large, max-video-preview:-1\" \/>\n<link rel=\"canonical\" href=\"https:\/\/noticiasemdestaque.com\/cd\/?p=45516\" \/>\n<meta property=\"og:locale\" content=\"pt_BR\" \/>\n<meta property=\"og:type\" content=\"article\" \/>\n<meta property=\"og:title\" content=\"Chapas para elei\u00e7\u00e3o na AL devem ser registradas at\u00e9 dia 21 - Not&iacute;cias em Destaque\" \/>\n<meta property=\"og:description\" content=\"A Assembleia Legislativa da Para\u00edba publicou, no Di\u00e1rio do Poder Legislativo, o edital de convoca\u00e7\u00e3o para as elei\u00e7\u00f5es da nova Mesa Diretora, nos dois bi\u00eanios (2023-2025 e 2025-2027). Para presidente, o deputado Adriano Galdino deve ser reconduzido para mais quatro anos. A lista atual do deputado tem 35 assinaturas. O \u00fanico a n\u00e3o declarar voto foi Herv\u00e1zio Bezerra (PSB). A chapa interessada poder\u00e1 registrar a candidatura junto \u00e0 Mesa at\u00e9 o dia 21 deste m\u00eas (pr\u00f3ximo s\u00e1bado), \u00e0s 18h, e deve ser subscrita por pelo menos um ter\u00e7o dos membros da Casa eleitos e diplomados para a legislatura 2023-2027. Dos 26 deputados estaduais que disputaram a reelei\u00e7\u00e3o, tr\u00eas ficaram na supl\u00eancia: Moacir Rodrigues, An\u00edsio Maia e Manoel Ludgerio. A Casa ter\u00e1 13 novos parlamentares a partir de 1\u00ba de fevereiro. As inscri\u00e7\u00f5es realizadas ser\u00e3o publicadas no Di\u00e1rio do Poder Legislativo do dia 23 deste m\u00eas, que ser\u00e1 disponibilizado no site da Assembleia Legislativa da Para\u00edba, n\u00e3o sendo admitidas inscri\u00e7\u00f5es intempestivas e individuais. A vota\u00e7\u00e3o para elei\u00e7\u00e3o das Mesas Diretoras ser\u00e1 aberta e processo nominal de chamada por ordem alfab\u00e9tica, de forma exclusivamente presencial, em sess\u00e3o preparat\u00f3ria, logo ap\u00f3s a posse dos deputados. Quem comandar\u00e1 o processo ser\u00e1 Adriano Galdino. Noticias em Destaque Com Blog da Sony Lacerda\" \/>\n<meta property=\"og:url\" content=\"https:\/\/noticiasemdestaque.com\/cd\/?p=45516\" \/>\n<meta property=\"og:site_name\" content=\"Not&iacute;cias em Destaque\" \/>\n<meta property=\"article:published_time\" content=\"2023-01-16T12:33:10+00:00\" \/>\n<meta property=\"og:image\" content=\"https:\/\/noticiasemdestaque.com\/cd\/wp-content\/uploads\/2023\/01\/WhatsApp-Image-2023-01-16-at-08.01.55.jpeg\" \/>\n\t<meta property=\"og:image:width\" content=\"1160\" \/>\n\t<meta property=\"og:image:height\" content=\"838\" \/>\n\t<meta property=\"og:image:type\" content=\"image\/jpeg\" \/>\n<meta name=\"author\" content=\"Not\u00edcias em Destaque\" \/>\n<meta name=\"twitter:card\" content=\"summary_large_image\" \/>\n<meta name=\"twitter:label1\" content=\"Escrito por\" \/>\n\t<meta name=\"twitter:data1\" content=\"Not\u00edcias em Destaque\" \/>\n\t<meta name=\"twitter:label2\" content=\"Est. tempo de leitura\" \/>\n\t<meta name=\"twitter:data2\" content=\"2 minutos\" \/>\n<script type=\"application\/ld+json\" class=\"yoast-schema-graph\">{\"@context\":\"https:\/\/schema.org\",\"@graph\":[{\"@type\":\"Article\",\"@id\":\"https:\/\/noticiasemdestaque.com\/cd\/?p=45516#article\",\"isPartOf\":{\"@id\":\"https:\/\/noticiasemdestaque.com\/cd\/?p=45516\"},\"author\":{\"name\":\"Not\u00edcias em Destaque\",\"@id\":\"https:\/\/noticiasemdestaque.com\/cd\/#\/schema\/person\/47f7d4f55eec17c6b2ca036c5500f6ce\"},\"headline\":\"Chapas para elei\u00e7\u00e3o na AL devem ser registradas at\u00e9 dia 21\",\"datePublished\":\"2023-01-16T12:33:10+00:00\",\"mainEntityOfPage\":{\"@id\":\"https:\/\/noticiasemdestaque.com\/cd\/?p=45516\"},\"wordCount\":239,\"publisher\":{\"@id\":\"https:\/\/noticiasemdestaque.com\/cd\/#organization\"},\"image\":{\"@id\":\"https:\/\/noticiasemdestaque.com\/cd\/?p=45516#primaryimage\"},\"thumbnailUrl\":\"https:\/\/noticiasemdestaque.com\/cd\/wp-content\/uploads\/2023\/01\/WhatsApp-Image-2023-01-16-at-08.01.55.jpeg\",\"articleSection\":[\"Pol\u00edtica\"],\"inLanguage\":\"pt-BR\"},{\"@type\":\"WebPage\",\"@id\":\"https:\/\/noticiasemdestaque.com\/cd\/?p=45516\",\"url\":\"https:\/\/noticiasemdestaque.com\/cd\/?p=45516\",\"name\":\"Chapas para elei\u00e7\u00e3o na AL devem ser registradas at\u00e9 dia 21 - Not&iacute;cias em Destaque\",\"isPartOf\":{\"@id\":\"https:\/\/noticiasemdestaque.com\/cd\/#website\"},\"primaryImageOfPage\":{\"@id\":\"https:\/\/noticiasemdestaque.com\/cd\/?p=45516#primaryimage\"},\"image\":{\"@id\":\"https:\/\/noticiasemdestaque.com\/cd\/?p=45516#primaryimage\"},\"thumbnailUrl\":\"https:\/\/noticiasemdestaque.com\/cd\/wp-content\/uploads\/2023\/01\/WhatsApp-Image-2023-01-16-at-08.01.55.jpeg\",\"datePublished\":\"2023-01-16T12:33:10+00:00\",\"breadcrumb\":{\"@id\":\"https:\/\/noticiasemdestaque.com\/cd\/?p=45516#breadcrumb\"},\"inLanguage\":\"pt-BR\",\"potentialAction\":[{\"@type\":\"ReadAction\",\"target\":[\"https:\/\/noticiasemdestaque.com\/cd\/?p=45516\"]}]},{\"@type\":\"ImageObject\",\"inLanguage\":\"pt-BR\",\"@id\":\"https:\/\/noticiasemdestaque.com\/cd\/?p=45516#primaryimage\",\"url\":\"https:\/\/noticiasemdestaque.com\/cd\/wp-content\/uploads\/2023\/01\/WhatsApp-Image-2023-01-16-at-08.01.55.jpeg\",\"contentUrl\":\"https:\/\/noticiasemdestaque.com\/cd\/wp-content\/uploads\/2023\/01\/WhatsApp-Image-2023-01-16-at-08.01.55.jpeg\",\"width\":1160,\"height\":838},{\"@type\":\"BreadcrumbList\",\"@id\":\"https:\/\/noticiasemdestaque.com\/cd\/?p=45516#breadcrumb\",\"itemListElement\":[{\"@type\":\"ListItem\",\"position\":1,\"name\":\"In\u00edcio\",\"item\":\"https:\/\/noticiasemdestaque.com\/cd\/\"},{\"@type\":\"ListItem\",\"position\":2,\"name\":\"Chapas para elei\u00e7\u00e3o na AL devem ser registradas at\u00e9 dia 21\"}]},{\"@type\":\"WebSite\",\"@id\":\"https:\/\/noticiasemdestaque.com\/cd\/#website\",\"url\":\"https:\/\/noticiasemdestaque.com\/cd\/\",\"name\":\"Not&iacute;cias em Destaque\",\"description\":\"\",\"publisher\":{\"@id\":\"https:\/\/noticiasemdestaque.com\/cd\/#organization\"},\"potentialAction\":[{\"@type\":\"SearchAction\",\"target\":{\"@type\":\"EntryPoint\",\"urlTemplate\":\"https:\/\/noticiasemdestaque.com\/cd\/?s={search_term_string}\"},\"query-input\":{\"@type\":\"PropertyValueSpecification\",\"valueRequired\":true,\"valueName\":\"search_term_string\"}}],\"inLanguage\":\"pt-BR\"},{\"@type\":\"Organization\",\"@id\":\"https:\/\/noticiasemdestaque.com\/cd\/#organization\",\"name\":\"Not\u00edcias em Destaque\",\"url\":\"https:\/\/noticiasemdestaque.com\/cd\/\",\"logo\":{\"@type\":\"ImageObject\",\"inLanguage\":\"pt-BR\",\"@id\":\"https:\/\/noticiasemdestaque.com\/cd\/#\/schema\/logo\/image\/\",\"url\":\"https:\/\/noticiasemdestaque.com\/cd\/wp-content\/uploads\/2022\/05\/imagem-base-noticiasemdestaque.png\",\"contentUrl\":\"https:\/\/noticiasemdestaque.com\/cd\/wp-content\/uploads\/2022\/05\/imagem-base-noticiasemdestaque.png\",\"width\":1200,\"height\":630,\"caption\":\"Not\u00edcias em Destaque\"},\"image\":{\"@id\":\"https:\/\/noticiasemdestaque.com\/cd\/#\/schema\/logo\/image\/\"}},{\"@type\":\"Person\",\"@id\":\"https:\/\/noticiasemdestaque.com\/cd\/#\/schema\/person\/47f7d4f55eec17c6b2ca036c5500f6ce\",\"name\":\"Not\u00edcias em Destaque\",\"url\":\"https:\/\/noticiasemdestaque.com\/cd\/?author=2\"}]}<\/script>\n<!-- \/ Yoast SEO plugin. -->","yoast_head_json":{"title":"Chapas para elei\u00e7\u00e3o na AL devem ser registradas at\u00e9 dia 21 - Not&iacute;cias em Destaque","robots":{"index":"index","follow":"follow","max-snippet":"max-snippet:-1","max-image-preview":"max-image-preview:large","max-video-preview":"max-video-preview:-1"},"canonical":"https:\/\/noticiasemdestaque.com\/cd\/?p=45516","og_locale":"pt_BR","og_type":"article","og_title":"Chapas para elei\u00e7\u00e3o na AL devem ser registradas at\u00e9 dia 21 - Not&iacute;cias em Destaque","og_description":"A Assembleia Legislativa da Para\u00edba publicou, no Di\u00e1rio do Poder Legislativo, o edital de convoca\u00e7\u00e3o para as elei\u00e7\u00f5es da nova Mesa Diretora, nos dois bi\u00eanios (2023-2025 e 2025-2027). Para presidente, o deputado Adriano Galdino deve ser reconduzido para mais quatro anos. A lista atual do deputado tem 35 assinaturas. O \u00fanico a n\u00e3o declarar voto foi Herv\u00e1zio Bezerra (PSB). A chapa interessada poder\u00e1 registrar a candidatura junto \u00e0 Mesa at\u00e9 o dia 21 deste m\u00eas (pr\u00f3ximo s\u00e1bado), \u00e0s 18h, e deve ser subscrita por pelo menos um ter\u00e7o dos membros da Casa eleitos e diplomados para a legislatura 2023-2027. Dos 26 deputados estaduais que disputaram a reelei\u00e7\u00e3o, tr\u00eas ficaram na supl\u00eancia: Moacir Rodrigues, An\u00edsio Maia e Manoel Ludgerio. A Casa ter\u00e1 13 novos parlamentares a partir de 1\u00ba de fevereiro. As inscri\u00e7\u00f5es realizadas ser\u00e3o publicadas no Di\u00e1rio do Poder Legislativo do dia 23 deste m\u00eas, que ser\u00e1 disponibilizado no site da Assembleia Legislativa da Para\u00edba, n\u00e3o sendo admitidas inscri\u00e7\u00f5es intempestivas e individuais. A vota\u00e7\u00e3o para elei\u00e7\u00e3o das Mesas Diretoras ser\u00e1 aberta e processo nominal de chamada por ordem alfab\u00e9tica, de forma exclusivamente presencial, em sess\u00e3o preparat\u00f3ria, logo ap\u00f3s a posse dos deputados. Quem comandar\u00e1 o processo ser\u00e1 Adriano Galdino. Noticias em Destaque Com Blog da Sony Lacerda","og_url":"https:\/\/noticiasemdestaque.com\/cd\/?p=45516","og_site_name":"Not&iacute;cias em Destaque","article_published_time":"2023-01-16T12:33:10+00:00","og_image":[{"width":1160,"height":838,"url":"https:\/\/noticiasemdestaque.com\/cd\/wp-content\/uploads\/2023\/01\/WhatsApp-Image-2023-01-16-at-08.01.55.jpeg","type":"image\/jpeg"}],"author":"Not\u00edcias em Destaque","twitter_card":"summary_large_image","twitter_misc":{"Escrito por":"Not\u00edcias em Destaque","Est. tempo de leitura":"2 minutos"},"schema":{"@context":"https:\/\/schema.org","@graph":[{"@type":"Article","@id":"https:\/\/noticiasemdestaque.com\/cd\/?p=45516#article","isPartOf":{"@id":"https:\/\/noticiasemdestaque.com\/cd\/?p=45516"},"author":{"name":"Not\u00edcias em Destaque","@id":"https:\/\/noticiasemdestaque.com\/cd\/#\/schema\/person\/47f7d4f55eec17c6b2ca036c5500f6ce"},"headline":"Chapas para elei\u00e7\u00e3o na AL devem ser registradas at\u00e9 dia 21","datePublished":"2023-01-16T12:33:10+00:00","mainEntityOfPage":{"@id":"https:\/\/noticiasemdestaque.com\/cd\/?p=45516"},"wordCount":239,"publisher":{"@id":"https:\/\/noticiasemdestaque.com\/cd\/#organization"},"image":{"@id":"https:\/\/noticiasemdestaque.com\/cd\/?p=45516#primaryimage"},"thumbnailUrl":"https:\/\/noticiasemdestaque.com\/cd\/wp-content\/uploads\/2023\/01\/WhatsApp-Image-2023-01-16-at-08.01.55.jpeg","articleSection":["Pol\u00edtica"],"inLanguage":"pt-BR"},{"@type":"WebPage","@id":"https:\/\/noticiasemdestaque.com\/cd\/?p=45516","url":"https:\/\/noticiasemdestaque.com\/cd\/?p=45516","name":"Chapas para elei\u00e7\u00e3o na AL devem ser registradas at\u00e9 dia 21 - Not&iacute;cias em Destaque","isPartOf":{"@id":"https:\/\/noticiasemdestaque.com\/cd\/#website"},"primaryImageOfPage":{"@id":"https:\/\/noticiasemdestaque.com\/cd\/?p=45516#primaryimage"},"image":{"@id":"https:\/\/noticiasemdestaque.com\/cd\/?p=45516#primaryimage"},"thumbnailUrl":"https:\/\/noticiasemdestaque.com\/cd\/wp-content\/uploads\/2023\/01\/WhatsApp-Image-2023-01-16-at-08.01.55.jpeg","datePublished":"2023-01-16T12:33:10+00:00","breadcrumb":{"@id":"https:\/\/noticiasemdestaque.com\/cd\/?p=45516#breadcrumb"},"inLanguage":"pt-BR","potentialAction":[{"@type":"ReadAction","target":["https:\/\/noticiasemdestaque.com\/cd\/?p=45516"]}]},{"@type":"ImageObject","inLanguage":"pt-BR","@id":"https:\/\/noticiasemdestaque.com\/cd\/?p=45516#primaryimage","url":"https:\/\/noticiasemdestaque.com\/cd\/wp-content\/uploads\/2023\/01\/WhatsApp-Image-2023-01-16-at-08.01.55.jpeg","contentUrl":"https:\/\/noticiasemdestaque.com\/cd\/wp-content\/uploads\/2023\/01\/WhatsApp-Image-2023-01-16-at-08.01.55.jpeg","width":1160,"height":838},{"@type":"BreadcrumbList","@id":"https:\/\/noticiasemdestaque.com\/cd\/?p=45516#breadcrumb","itemListElement":[{"@type":"ListItem","position":1,"name":"In\u00edcio","item":"https:\/\/noticiasemdestaque.com\/cd\/"},{"@type":"ListItem","position":2,"name":"Chapas para elei\u00e7\u00e3o na AL devem ser registradas at\u00e9 dia 21"}]},{"@type":"WebSite","@id":"https:\/\/noticiasemdestaque.com\/cd\/#website","url":"https:\/\/noticiasemdestaque.com\/cd\/","name":"Not&iacute;cias em Destaque","description":"","publisher":{"@id":"https:\/\/noticiasemdestaque.com\/cd\/#organization"},"potentialAction":[{"@type":"SearchAction","target":{"@type":"EntryPoint","urlTemplate":"https:\/\/noticiasemdestaque.com\/cd\/?s={search_term_string}"},"query-input":{"@type":"PropertyValueSpecification","valueRequired":true,"valueName":"search_term_string"}}],"inLanguage":"pt-BR"},{"@type":"Organization","@id":"https:\/\/noticiasemdestaque.com\/cd\/#organization","name":"Not\u00edcias em Destaque","url":"https:\/\/noticiasemdestaque.com\/cd\/","logo":{"@type":"ImageObject","inLanguage":"pt-BR","@id":"https:\/\/noticiasemdestaque.com\/cd\/#\/schema\/logo\/image\/","url":"https:\/\/noticiasemdestaque.com\/cd\/wp-content\/uploads\/2022\/05\/imagem-base-noticiasemdestaque.png","contentUrl":"https:\/\/noticiasemdestaque.com\/cd\/wp-content\/uploads\/2022\/05\/imagem-base-noticiasemdestaque.png","width":1200,"height":630,"caption":"Not\u00edcias em Destaque"},"image":{"@id":"https:\/\/noticiasemdestaque.com\/cd\/#\/schema\/logo\/image\/"}},{"@type":"Person","@id":"https:\/\/noticiasemdestaque.com\/cd\/#\/schema\/person\/47f7d4f55eec17c6b2ca036c5500f6ce","name":"Not\u00edcias em Destaque","url":"https:\/\/noticiasemdestaque.com\/cd\/?author=2"}]}},"jetpack_featured_media_url":"https:\/\/noticiasemdestaque.com\/cd\/wp-content\/uploads\/2023\/01\/WhatsApp-Image-2023-01-16-at-08.01.55.jpeg","jetpack_sharing_enabled":true,"_links":{"self":[{"href":"https:\/\/noticiasemdestaque.com\/cd\/index.php?rest_route=\/wp\/v2\/posts\/45516","targetHints":{"allow":["GET"]}}],"collection":[{"href":"https:\/\/noticiasemdestaque.com\/cd\/index.php?rest_route=\/wp\/v2\/posts"}],"about":[{"href":"https:\/\/noticiasemdestaque.com\/cd\/index.php?rest_route=\/wp\/v2\/types\/post"}],"author":[{"embeddable":true,"href":"https:\/\/noticiasemdestaque.com\/cd\/index.php?rest_route=\/wp\/v2\/users\/2"}],"replies":[{"embeddable":true,"href":"https:\/\/noticiasemdestaque.com\/cd\/index.php?rest_route=%2Fwp%2Fv2%2Fcomments&post=45516"}],"version-history":[{"count":1,"href":"https:\/\/noticiasemdestaque.com\/cd\/index.php?rest_route=\/wp\/v2\/posts\/45516\/revisions"}],"predecessor-version":[{"id":45519,"href":"https:\/\/noticiasemdestaque.com\/cd\/index.php?rest_route=\/wp\/v2\/posts\/45516\/revisions\/45519"}],"wp:featuredmedia":[{"embeddable":true,"href":"https:\/\/noticiasemdestaque.com\/cd\/index.php?rest_route=\/wp\/v2\/media\/45518"}],"wp:attachment":[{"href":"https:\/\/noticiasemdestaque.com\/cd\/index.php?rest_route=%2Fwp%2Fv2%2Fmedia&parent=45516"}],"wp:term":[{"taxonomy":"category","embeddable":true,"href":"https:\/\/noticiasemdestaque.com\/cd\/index.php?rest_route=%2Fwp%2Fv2%2Fcategories&post=45516"},{"taxonomy":"post_tag","embeddable":true,"href":"https:\/\/noticiasemdestaque.com\/cd\/index.php?rest_route=%2Fwp%2Fv2%2Ftags&post=45516"}],"curies":[{"name":"wp","href":"https:\/\/api.w.org\/{rel}","templated":true}]}}