{"id":45508,"date":"2023-01-15T16:06:06","date_gmt":"2023-01-15T19:06:06","guid":{"rendered":"https:\/\/noticiasemdestaque.com\/cd\/?p=45508"},"modified":"2023-01-15T16:06:06","modified_gmt":"2023-01-15T19:06:06","slug":"departamento-de-esporte-de-camalau-participa-de-reuniao-de-preparacao-para-competicao-de-base","status":"publish","type":"post","link":"https:\/\/noticiasemdestaque.com\/cd\/?p=45508","title":{"rendered":"Departamento de Esporte de Camala\u00fa participa de reuni\u00e3o de prepara\u00e7\u00e3o para competi\u00e7\u00e3o de base"},"content":{"rendered":"<p><a href=\"https:\/\/noticiasemdestaque.com\/cd\/wp-content\/uploads\/2023\/01\/325760201_697693545380790_6920277558905084654_n.jpg\"><img fetchpriority=\"high\" decoding=\"async\" class=\"wp-image-45509 size-large aligncenter\" src=\"https:\/\/noticiasemdestaque.com\/cd\/wp-content\/uploads\/2023\/01\/325760201_697693545380790_6920277558905084654_n-1024x768.jpg\" alt=\"\" width=\"640\" height=\"480\" srcset=\"https:\/\/noticiasemdestaque.com\/cd\/wp-content\/uploads\/2023\/01\/325760201_697693545380790_6920277558905084654_n-1024x768.jpg 1024w, https:\/\/noticiasemdestaque.com\/cd\/wp-content\/uploads\/2023\/01\/325760201_697693545380790_6920277558905084654_n-300x225.jpg 300w, https:\/\/noticiasemdestaque.com\/cd\/wp-content\/uploads\/2023\/01\/325760201_697693545380790_6920277558905084654_n-768x576.jpg 768w, https:\/\/noticiasemdestaque.com\/cd\/wp-content\/uploads\/2023\/01\/325760201_697693545380790_6920277558905084654_n-1536x1152.jpg 1536w, https:\/\/noticiasemdestaque.com\/cd\/wp-content\/uploads\/2023\/01\/325760201_697693545380790_6920277558905084654_n-16x12.jpg 16w, https:\/\/noticiasemdestaque.com\/cd\/wp-content\/uploads\/2023\/01\/325760201_697693545380790_6920277558905084654_n.jpg 1600w\" sizes=\"(max-width: 640px) 100vw, 640px\" \/><\/a><\/p>\n<p>O Governo de Camala\u00fa, atrav\u00e9s do Departamento de Esporte, participou de reuni\u00e3o na cidade de Serra Branca, de uma reuni\u00e3o de prepara\u00e7\u00e3o para a competi\u00e7\u00e3o que envolve meninos com idade at\u00e9 14 e 16 anos.<\/p>\n<p>Trata-se da Copa Cariri sub-14 e sub-16, que acontecer\u00e1 no primeiro semestre de 2023.<\/p>\n<p>O munic\u00edpio de Camala\u00fa, disp\u00f5e do projeto escolinha de futebol, com a participa\u00e7\u00e3o de aproximadamente 200 meninos &#8211; estimulando desde cedo a pr\u00e1tica do esporte.<\/p>\n<p>De acordo com o prefeito Bira Mariano, com a participa\u00e7\u00e3o na Copa Cariri sub-14 e sub-16, o incentivo por parte do munic\u00edpio ser\u00e1 ainda maior.<\/p>\n<p>Not\u00edcias em Destaque<\/p>\n","protected":false},"excerpt":{"rendered":"<p>O Governo de Camala\u00fa, atrav\u00e9s do Departamento de Esporte, participou de reuni\u00e3o na cidade de Serra Branca, de uma reuni\u00e3o de prepara\u00e7\u00e3o para a competi\u00e7\u00e3o que envolve meninos com idade at\u00e9 14 e 16 anos. Trata-se da Copa Cariri sub-14 e sub-16, que acontecer\u00e1 no primeiro semestre de 2023. O munic\u00edpio de Camala\u00fa, disp\u00f5e do projeto escolinha de futebol, com a participa\u00e7\u00e3o de aproximadamente 200 meninos &#8211; estimulando desde cedo a pr\u00e1tica do esporte. De acordo com o prefeito Bira Mariano, com a participa\u00e7\u00e3o na Copa Cariri sub-14 e sub-16, o incentivo por parte do munic\u00edpio ser\u00e1 ainda maior. Not\u00edcias em Destaque<\/p>\n","protected":false},"author":2,"featured_media":45509,"comment_status":"closed","ping_status":"open","sticky":false,"template":"","format":"standard","meta":{"_eb_attr":"","_jetpack_memberships_contains_paid_content":false,"footnotes":""},"categories":[3],"tags":[],"class_list":["post-45508","post","type-post","status-publish","format-standard","has-post-thumbnail","hentry","category-cidades"],"yoast_head":"<!-- This site is optimized with the Yoast SEO plugin v26.5 - https:\/\/yoast.com\/wordpress\/plugins\/seo\/ -->\n<title>Departamento de Esporte de Camala\u00fa participa de reuni\u00e3o de prepara\u00e7\u00e3o para competi\u00e7\u00e3o de base - Not&iacute;cias em Destaque<\/title>\n<meta name=\"robots\" content=\"index, follow, max-snippet:-1, max-image-preview:large, max-video-preview:-1\" \/>\n<link rel=\"canonical\" href=\"https:\/\/noticiasemdestaque.com\/cd\/?p=45508\" \/>\n<meta property=\"og:locale\" content=\"pt_BR\" \/>\n<meta property=\"og:type\" content=\"article\" \/>\n<meta property=\"og:title\" content=\"Departamento de Esporte de Camala\u00fa participa de reuni\u00e3o de prepara\u00e7\u00e3o para competi\u00e7\u00e3o de base - Not&iacute;cias em Destaque\" \/>\n<meta property=\"og:description\" content=\"O Governo de Camala\u00fa, atrav\u00e9s do Departamento de Esporte, participou de reuni\u00e3o na cidade de Serra Branca, de uma reuni\u00e3o de prepara\u00e7\u00e3o para a competi\u00e7\u00e3o que envolve meninos com idade at\u00e9 14 e 16 anos. Trata-se da Copa Cariri sub-14 e sub-16, que acontecer\u00e1 no primeiro semestre de 2023. O munic\u00edpio de Camala\u00fa, disp\u00f5e do projeto escolinha de futebol, com a participa\u00e7\u00e3o de aproximadamente 200 meninos &#8211; estimulando desde cedo a pr\u00e1tica do esporte. De acordo com o prefeito Bira Mariano, com a participa\u00e7\u00e3o na Copa Cariri sub-14 e sub-16, o incentivo por parte do munic\u00edpio ser\u00e1 ainda maior. Not\u00edcias em Destaque\" \/>\n<meta property=\"og:url\" content=\"https:\/\/noticiasemdestaque.com\/cd\/?p=45508\" \/>\n<meta property=\"og:site_name\" content=\"Not&iacute;cias em Destaque\" \/>\n<meta property=\"article:published_time\" content=\"2023-01-15T19:06:06+00:00\" \/>\n<meta property=\"og:image\" content=\"https:\/\/noticiasemdestaque.com\/cd\/wp-content\/uploads\/2023\/01\/325760201_697693545380790_6920277558905084654_n.jpg\" \/>\n\t<meta property=\"og:image:width\" content=\"1600\" \/>\n\t<meta property=\"og:image:height\" content=\"1200\" \/>\n\t<meta property=\"og:image:type\" content=\"image\/jpeg\" \/>\n<meta name=\"author\" content=\"Not\u00edcias em Destaque\" \/>\n<meta name=\"twitter:card\" content=\"summary_large_image\" \/>\n<meta name=\"twitter:label1\" content=\"Escrito por\" \/>\n\t<meta name=\"twitter:data1\" content=\"Not\u00edcias em Destaque\" \/>\n\t<meta name=\"twitter:label2\" content=\"Est. tempo de leitura\" \/>\n\t<meta name=\"twitter:data2\" content=\"1 minuto\" \/>\n<script type=\"application\/ld+json\" class=\"yoast-schema-graph\">{\"@context\":\"https:\/\/schema.org\",\"@graph\":[{\"@type\":\"Article\",\"@id\":\"https:\/\/noticiasemdestaque.com\/cd\/?p=45508#article\",\"isPartOf\":{\"@id\":\"https:\/\/noticiasemdestaque.com\/cd\/?p=45508\"},\"author\":{\"name\":\"Not\u00edcias em Destaque\",\"@id\":\"https:\/\/noticiasemdestaque.com\/cd\/#\/schema\/person\/47f7d4f55eec17c6b2ca036c5500f6ce\"},\"headline\":\"Departamento de Esporte de Camala\u00fa participa de reuni\u00e3o de prepara\u00e7\u00e3o para competi\u00e7\u00e3o de base\",\"datePublished\":\"2023-01-15T19:06:06+00:00\",\"mainEntityOfPage\":{\"@id\":\"https:\/\/noticiasemdestaque.com\/cd\/?p=45508\"},\"wordCount\":127,\"publisher\":{\"@id\":\"https:\/\/noticiasemdestaque.com\/cd\/#organization\"},\"image\":{\"@id\":\"https:\/\/noticiasemdestaque.com\/cd\/?p=45508#primaryimage\"},\"thumbnailUrl\":\"https:\/\/noticiasemdestaque.com\/cd\/wp-content\/uploads\/2023\/01\/325760201_697693545380790_6920277558905084654_n.jpg\",\"articleSection\":[\"Cidades\"],\"inLanguage\":\"pt-BR\"},{\"@type\":\"WebPage\",\"@id\":\"https:\/\/noticiasemdestaque.com\/cd\/?p=45508\",\"url\":\"https:\/\/noticiasemdestaque.com\/cd\/?p=45508\",\"name\":\"Departamento de Esporte de Camala\u00fa participa de reuni\u00e3o de prepara\u00e7\u00e3o para competi\u00e7\u00e3o de base - Not&iacute;cias em Destaque\",\"isPartOf\":{\"@id\":\"https:\/\/noticiasemdestaque.com\/cd\/#website\"},\"primaryImageOfPage\":{\"@id\":\"https:\/\/noticiasemdestaque.com\/cd\/?p=45508#primaryimage\"},\"image\":{\"@id\":\"https:\/\/noticiasemdestaque.com\/cd\/?p=45508#primaryimage\"},\"thumbnailUrl\":\"https:\/\/noticiasemdestaque.com\/cd\/wp-content\/uploads\/2023\/01\/325760201_697693545380790_6920277558905084654_n.jpg\",\"datePublished\":\"2023-01-15T19:06:06+00:00\",\"breadcrumb\":{\"@id\":\"https:\/\/noticiasemdestaque.com\/cd\/?p=45508#breadcrumb\"},\"inLanguage\":\"pt-BR\",\"potentialAction\":[{\"@type\":\"ReadAction\",\"target\":[\"https:\/\/noticiasemdestaque.com\/cd\/?p=45508\"]}]},{\"@type\":\"ImageObject\",\"inLanguage\":\"pt-BR\",\"@id\":\"https:\/\/noticiasemdestaque.com\/cd\/?p=45508#primaryimage\",\"url\":\"https:\/\/noticiasemdestaque.com\/cd\/wp-content\/uploads\/2023\/01\/325760201_697693545380790_6920277558905084654_n.jpg\",\"contentUrl\":\"https:\/\/noticiasemdestaque.com\/cd\/wp-content\/uploads\/2023\/01\/325760201_697693545380790_6920277558905084654_n.jpg\",\"width\":1600,\"height\":1200},{\"@type\":\"BreadcrumbList\",\"@id\":\"https:\/\/noticiasemdestaque.com\/cd\/?p=45508#breadcrumb\",\"itemListElement\":[{\"@type\":\"ListItem\",\"position\":1,\"name\":\"In\u00edcio\",\"item\":\"https:\/\/noticiasemdestaque.com\/cd\/\"},{\"@type\":\"ListItem\",\"position\":2,\"name\":\"Departamento de Esporte de Camala\u00fa participa de reuni\u00e3o de prepara\u00e7\u00e3o para competi\u00e7\u00e3o de base\"}]},{\"@type\":\"WebSite\",\"@id\":\"https:\/\/noticiasemdestaque.com\/cd\/#website\",\"url\":\"https:\/\/noticiasemdestaque.com\/cd\/\",\"name\":\"Not&iacute;cias em Destaque\",\"description\":\"\",\"publisher\":{\"@id\":\"https:\/\/noticiasemdestaque.com\/cd\/#organization\"},\"potentialAction\":[{\"@type\":\"SearchAction\",\"target\":{\"@type\":\"EntryPoint\",\"urlTemplate\":\"https:\/\/noticiasemdestaque.com\/cd\/?s={search_term_string}\"},\"query-input\":{\"@type\":\"PropertyValueSpecification\",\"valueRequired\":true,\"valueName\":\"search_term_string\"}}],\"inLanguage\":\"pt-BR\"},{\"@type\":\"Organization\",\"@id\":\"https:\/\/noticiasemdestaque.com\/cd\/#organization\",\"name\":\"Not\u00edcias em Destaque\",\"url\":\"https:\/\/noticiasemdestaque.com\/cd\/\",\"logo\":{\"@type\":\"ImageObject\",\"inLanguage\":\"pt-BR\",\"@id\":\"https:\/\/noticiasemdestaque.com\/cd\/#\/schema\/logo\/image\/\",\"url\":\"https:\/\/noticiasemdestaque.com\/cd\/wp-content\/uploads\/2022\/05\/imagem-base-noticiasemdestaque.png\",\"contentUrl\":\"https:\/\/noticiasemdestaque.com\/cd\/wp-content\/uploads\/2022\/05\/imagem-base-noticiasemdestaque.png\",\"width\":1200,\"height\":630,\"caption\":\"Not\u00edcias em Destaque\"},\"image\":{\"@id\":\"https:\/\/noticiasemdestaque.com\/cd\/#\/schema\/logo\/image\/\"}},{\"@type\":\"Person\",\"@id\":\"https:\/\/noticiasemdestaque.com\/cd\/#\/schema\/person\/47f7d4f55eec17c6b2ca036c5500f6ce\",\"name\":\"Not\u00edcias em Destaque\",\"url\":\"https:\/\/noticiasemdestaque.com\/cd\/?author=2\"}]}<\/script>\n<!-- \/ Yoast SEO plugin. -->","yoast_head_json":{"title":"Departamento de Esporte de Camala\u00fa participa de reuni\u00e3o de prepara\u00e7\u00e3o para competi\u00e7\u00e3o de base - Not&iacute;cias em Destaque","robots":{"index":"index","follow":"follow","max-snippet":"max-snippet:-1","max-image-preview":"max-image-preview:large","max-video-preview":"max-video-preview:-1"},"canonical":"https:\/\/noticiasemdestaque.com\/cd\/?p=45508","og_locale":"pt_BR","og_type":"article","og_title":"Departamento de Esporte de Camala\u00fa participa de reuni\u00e3o de prepara\u00e7\u00e3o para competi\u00e7\u00e3o de base - Not&iacute;cias em Destaque","og_description":"O Governo de Camala\u00fa, atrav\u00e9s do Departamento de Esporte, participou de reuni\u00e3o na cidade de Serra Branca, de uma reuni\u00e3o de prepara\u00e7\u00e3o para a competi\u00e7\u00e3o que envolve meninos com idade at\u00e9 14 e 16 anos. Trata-se da Copa Cariri sub-14 e sub-16, que acontecer\u00e1 no primeiro semestre de 2023. O munic\u00edpio de Camala\u00fa, disp\u00f5e do projeto escolinha de futebol, com a participa\u00e7\u00e3o de aproximadamente 200 meninos &#8211; estimulando desde cedo a pr\u00e1tica do esporte. De acordo com o prefeito Bira Mariano, com a participa\u00e7\u00e3o na Copa Cariri sub-14 e sub-16, o incentivo por parte do munic\u00edpio ser\u00e1 ainda maior. Not\u00edcias em Destaque","og_url":"https:\/\/noticiasemdestaque.com\/cd\/?p=45508","og_site_name":"Not&iacute;cias em Destaque","article_published_time":"2023-01-15T19:06:06+00:00","og_image":[{"width":1600,"height":1200,"url":"https:\/\/noticiasemdestaque.com\/cd\/wp-content\/uploads\/2023\/01\/325760201_697693545380790_6920277558905084654_n.jpg","type":"image\/jpeg"}],"author":"Not\u00edcias em Destaque","twitter_card":"summary_large_image","twitter_misc":{"Escrito por":"Not\u00edcias em Destaque","Est. tempo de leitura":"1 minuto"},"schema":{"@context":"https:\/\/schema.org","@graph":[{"@type":"Article","@id":"https:\/\/noticiasemdestaque.com\/cd\/?p=45508#article","isPartOf":{"@id":"https:\/\/noticiasemdestaque.com\/cd\/?p=45508"},"author":{"name":"Not\u00edcias em Destaque","@id":"https:\/\/noticiasemdestaque.com\/cd\/#\/schema\/person\/47f7d4f55eec17c6b2ca036c5500f6ce"},"headline":"Departamento de Esporte de Camala\u00fa participa de reuni\u00e3o de prepara\u00e7\u00e3o para competi\u00e7\u00e3o de base","datePublished":"2023-01-15T19:06:06+00:00","mainEntityOfPage":{"@id":"https:\/\/noticiasemdestaque.com\/cd\/?p=45508"},"wordCount":127,"publisher":{"@id":"https:\/\/noticiasemdestaque.com\/cd\/#organization"},"image":{"@id":"https:\/\/noticiasemdestaque.com\/cd\/?p=45508#primaryimage"},"thumbnailUrl":"https:\/\/noticiasemdestaque.com\/cd\/wp-content\/uploads\/2023\/01\/325760201_697693545380790_6920277558905084654_n.jpg","articleSection":["Cidades"],"inLanguage":"pt-BR"},{"@type":"WebPage","@id":"https:\/\/noticiasemdestaque.com\/cd\/?p=45508","url":"https:\/\/noticiasemdestaque.com\/cd\/?p=45508","name":"Departamento de Esporte de Camala\u00fa participa de reuni\u00e3o de prepara\u00e7\u00e3o para competi\u00e7\u00e3o de base - Not&iacute;cias em Destaque","isPartOf":{"@id":"https:\/\/noticiasemdestaque.com\/cd\/#website"},"primaryImageOfPage":{"@id":"https:\/\/noticiasemdestaque.com\/cd\/?p=45508#primaryimage"},"image":{"@id":"https:\/\/noticiasemdestaque.com\/cd\/?p=45508#primaryimage"},"thumbnailUrl":"https:\/\/noticiasemdestaque.com\/cd\/wp-content\/uploads\/2023\/01\/325760201_697693545380790_6920277558905084654_n.jpg","datePublished":"2023-01-15T19:06:06+00:00","breadcrumb":{"@id":"https:\/\/noticiasemdestaque.com\/cd\/?p=45508#breadcrumb"},"inLanguage":"pt-BR","potentialAction":[{"@type":"ReadAction","target":["https:\/\/noticiasemdestaque.com\/cd\/?p=45508"]}]},{"@type":"ImageObject","inLanguage":"pt-BR","@id":"https:\/\/noticiasemdestaque.com\/cd\/?p=45508#primaryimage","url":"https:\/\/noticiasemdestaque.com\/cd\/wp-content\/uploads\/2023\/01\/325760201_697693545380790_6920277558905084654_n.jpg","contentUrl":"https:\/\/noticiasemdestaque.com\/cd\/wp-content\/uploads\/2023\/01\/325760201_697693545380790_6920277558905084654_n.jpg","width":1600,"height":1200},{"@type":"BreadcrumbList","@id":"https:\/\/noticiasemdestaque.com\/cd\/?p=45508#breadcrumb","itemListElement":[{"@type":"ListItem","position":1,"name":"In\u00edcio","item":"https:\/\/noticiasemdestaque.com\/cd\/"},{"@type":"ListItem","position":2,"name":"Departamento de Esporte de Camala\u00fa participa de reuni\u00e3o de prepara\u00e7\u00e3o para competi\u00e7\u00e3o de base"}]},{"@type":"WebSite","@id":"https:\/\/noticiasemdestaque.com\/cd\/#website","url":"https:\/\/noticiasemdestaque.com\/cd\/","name":"Not&iacute;cias em Destaque","description":"","publisher":{"@id":"https:\/\/noticiasemdestaque.com\/cd\/#organization"},"potentialAction":[{"@type":"SearchAction","target":{"@type":"EntryPoint","urlTemplate":"https:\/\/noticiasemdestaque.com\/cd\/?s={search_term_string}"},"query-input":{"@type":"PropertyValueSpecification","valueRequired":true,"valueName":"search_term_string"}}],"inLanguage":"pt-BR"},{"@type":"Organization","@id":"https:\/\/noticiasemdestaque.com\/cd\/#organization","name":"Not\u00edcias em Destaque","url":"https:\/\/noticiasemdestaque.com\/cd\/","logo":{"@type":"ImageObject","inLanguage":"pt-BR","@id":"https:\/\/noticiasemdestaque.com\/cd\/#\/schema\/logo\/image\/","url":"https:\/\/noticiasemdestaque.com\/cd\/wp-content\/uploads\/2022\/05\/imagem-base-noticiasemdestaque.png","contentUrl":"https:\/\/noticiasemdestaque.com\/cd\/wp-content\/uploads\/2022\/05\/imagem-base-noticiasemdestaque.png","width":1200,"height":630,"caption":"Not\u00edcias em Destaque"},"image":{"@id":"https:\/\/noticiasemdestaque.com\/cd\/#\/schema\/logo\/image\/"}},{"@type":"Person","@id":"https:\/\/noticiasemdestaque.com\/cd\/#\/schema\/person\/47f7d4f55eec17c6b2ca036c5500f6ce","name":"Not\u00edcias em Destaque","url":"https:\/\/noticiasemdestaque.com\/cd\/?author=2"}]}},"jetpack_featured_media_url":"https:\/\/noticiasemdestaque.com\/cd\/wp-content\/uploads\/2023\/01\/325760201_697693545380790_6920277558905084654_n.jpg","jetpack_sharing_enabled":true,"_links":{"self":[{"href":"https:\/\/noticiasemdestaque.com\/cd\/index.php?rest_route=\/wp\/v2\/posts\/45508","targetHints":{"allow":["GET"]}}],"collection":[{"href":"https:\/\/noticiasemdestaque.com\/cd\/index.php?rest_route=\/wp\/v2\/posts"}],"about":[{"href":"https:\/\/noticiasemdestaque.com\/cd\/index.php?rest_route=\/wp\/v2\/types\/post"}],"author":[{"embeddable":true,"href":"https:\/\/noticiasemdestaque.com\/cd\/index.php?rest_route=\/wp\/v2\/users\/2"}],"replies":[{"embeddable":true,"href":"https:\/\/noticiasemdestaque.com\/cd\/index.php?rest_route=%2Fwp%2Fv2%2Fcomments&post=45508"}],"version-history":[{"count":1,"href":"https:\/\/noticiasemdestaque.com\/cd\/index.php?rest_route=\/wp\/v2\/posts\/45508\/revisions"}],"predecessor-version":[{"id":45510,"href":"https:\/\/noticiasemdestaque.com\/cd\/index.php?rest_route=\/wp\/v2\/posts\/45508\/revisions\/45510"}],"wp:featuredmedia":[{"embeddable":true,"href":"https:\/\/noticiasemdestaque.com\/cd\/index.php?rest_route=\/wp\/v2\/media\/45509"}],"wp:attachment":[{"href":"https:\/\/noticiasemdestaque.com\/cd\/index.php?rest_route=%2Fwp%2Fv2%2Fmedia&parent=45508"}],"wp:term":[{"taxonomy":"category","embeddable":true,"href":"https:\/\/noticiasemdestaque.com\/cd\/index.php?rest_route=%2Fwp%2Fv2%2Fcategories&post=45508"},{"taxonomy":"post_tag","embeddable":true,"href":"https:\/\/noticiasemdestaque.com\/cd\/index.php?rest_route=%2Fwp%2Fv2%2Ftags&post=45508"}],"curies":[{"name":"wp","href":"https:\/\/api.w.org\/{rel}","templated":true}]}}