{"id":45505,"date":"2023-01-15T15:56:36","date_gmt":"2023-01-15T18:56:36","guid":{"rendered":"https:\/\/noticiasemdestaque.com\/cd\/?p=45505"},"modified":"2023-01-15T15:56:36","modified_gmt":"2023-01-15T18:56:36","slug":"escavacoes-apresentam-material-paleontologico-na-zona-rural-de-sume","status":"publish","type":"post","link":"https:\/\/noticiasemdestaque.com\/cd\/?p=45505","title":{"rendered":"Escava\u00e7\u00f5es apresentam material Paleontol\u00f3gico na zona rural de Sum\u00e9"},"content":{"rendered":"<p><a href=\"https:\/\/noticiasemdestaque.com\/cd\/wp-content\/uploads\/2023\/01\/ARQUEOLOGIA-1.jpeg\"><img fetchpriority=\"high\" decoding=\"async\" class=\"wp-image-45506 size-full aligncenter\" src=\"https:\/\/noticiasemdestaque.com\/cd\/wp-content\/uploads\/2023\/01\/ARQUEOLOGIA-1.jpeg\" alt=\"\" width=\"838\" height=\"579\" srcset=\"https:\/\/noticiasemdestaque.com\/cd\/wp-content\/uploads\/2023\/01\/ARQUEOLOGIA-1.jpeg 838w, https:\/\/noticiasemdestaque.com\/cd\/wp-content\/uploads\/2023\/01\/ARQUEOLOGIA-1-300x207.jpeg 300w, https:\/\/noticiasemdestaque.com\/cd\/wp-content\/uploads\/2023\/01\/ARQUEOLOGIA-1-768x531.jpeg 768w, https:\/\/noticiasemdestaque.com\/cd\/wp-content\/uploads\/2023\/01\/ARQUEOLOGIA-1-18x12.jpeg 18w\" sizes=\"(max-width: 838px) 100vw, 838px\" \/><\/a><\/p>\n<p>A prefeitura de Sum\u00e9, por meio da Secretaria de Cultura, Esporte e Turismo (Secult), retomou nessa ter\u00e7a-feira, 10, as atividades do Projeto de Prospec\u00e7\u00e3o de S\u00edtios Arqueol\u00f3gicos e Paleontol\u00f3gico do munic\u00edpio.<\/p>\n<p>A a\u00e7\u00e3o \u00e9 desenvolvida pelo Laborat\u00f3rio de Arqueologia e Paleontologia da Universidade Estadual da Para\u00edba (LABAP\/UEPB), sob a coordena\u00e7\u00e3o do professor Juvandi de Souza, com o apoio da aluna da UEPB, Thamires Cavalcante.<\/p>\n<p>Dessa vez, a equipe foi composta tamb\u00e9m por representantes da Secult e da empresa Sum\u00e9 Geoturismo, que visitou o sitio Lagoa da Cobra, zona rural do munic\u00edpio. No local foram realizadas coletas de superf\u00edcie e cava\u00e7\u00e3o de tr\u00eas pontos ao redor do tanque pleistoc\u00eanico do salvamento paleontol\u00f3gico.<\/p>\n<p>Al\u00e9m da constata\u00e7\u00e3o de um ambiente prop\u00edcio para a morte de animais em busca de \u00e1gua e o processo de fossiliza\u00e7\u00e3o pela presen\u00e7a de \u00e1gua e lama. Foram encontrados tamb\u00e9m f\u00f3sseis em bom estado de conserva\u00e7\u00e3o sem muito sedimento (v\u00e9rtebras, dentes e ossos longos), possivelmente de mastodonte e pregui\u00e7a gigante, que podem ter at\u00e9 20 mil anos, compondo assim a megafauna paraibana.<\/p>\n<p>O salvamento paleontol\u00f3gico da \u00e1rea j\u00e1 foi autorizado pela Ag\u00eancia Nacional de Minera\u00e7\u00e3o (ANM), solicitado pelo professor Juvandi. De acordo com ele, os materiais catalogados foram transportados para o LABAP\/UEPB, para serem higienizados, tombados e identificados. As esp\u00e9cies ser\u00e3o confirmadas mediante an\u00e1lise biol\u00f3gica, trabalho de limpeza e tombamento. Ele afirmou que um relat\u00f3rio parcial da atividade realizada nessa ter\u00e7a-feira ser\u00e1 posteriormente enviado \u00e0 ANM, solicitando a permiss\u00e3o para que algumas das pe\u00e7as maiores sejam devolvidas ao munic\u00edpio e assim que forem autorizadas pelo \u00f3rg\u00e3o, elas passem a compor o acervo do Memorial S\u00e3o Thom\u00e9.<\/p>\n","protected":false},"excerpt":{"rendered":"<p>A prefeitura de Sum\u00e9, por meio da Secretaria de Cultura, Esporte e Turismo (Secult), retomou nessa ter\u00e7a-feira, 10, as atividades do Projeto de Prospec\u00e7\u00e3o de S\u00edtios Arqueol\u00f3gicos e Paleontol\u00f3gico do munic\u00edpio. A a\u00e7\u00e3o \u00e9 desenvolvida pelo Laborat\u00f3rio de Arqueologia e Paleontologia da Universidade Estadual da Para\u00edba (LABAP\/UEPB), sob a coordena\u00e7\u00e3o do professor Juvandi de Souza, com o apoio da aluna da UEPB, Thamires Cavalcante. Dessa vez, a equipe foi composta tamb\u00e9m por representantes da Secult e da empresa Sum\u00e9 Geoturismo, que visitou o sitio Lagoa da Cobra, zona rural do munic\u00edpio. No local foram realizadas coletas de superf\u00edcie e cava\u00e7\u00e3o de tr\u00eas pontos ao redor do tanque pleistoc\u00eanico do salvamento paleontol\u00f3gico. Al\u00e9m da constata\u00e7\u00e3o de um ambiente prop\u00edcio para a morte de animais em busca de \u00e1gua e o processo de fossiliza\u00e7\u00e3o pela presen\u00e7a de \u00e1gua e lama. Foram encontrados tamb\u00e9m f\u00f3sseis em bom estado de conserva\u00e7\u00e3o sem muito sedimento (v\u00e9rtebras, dentes e ossos longos), possivelmente de mastodonte e pregui\u00e7a gigante, que podem ter at\u00e9 20 mil anos, compondo assim a megafauna paraibana. O salvamento paleontol\u00f3gico da \u00e1rea j\u00e1 foi autorizado pela Ag\u00eancia Nacional de Minera\u00e7\u00e3o (ANM), solicitado pelo professor Juvandi. De acordo com ele, os materiais catalogados foram transportados para o LABAP\/UEPB, para serem higienizados, tombados e identificados. As esp\u00e9cies ser\u00e3o confirmadas mediante an\u00e1lise biol\u00f3gica, trabalho de limpeza e tombamento. Ele afirmou que um relat\u00f3rio parcial da atividade realizada nessa ter\u00e7a-feira ser\u00e1 posteriormente enviado \u00e0 ANM, solicitando a permiss\u00e3o para que algumas das pe\u00e7as maiores sejam devolvidas ao munic\u00edpio e assim que forem autorizadas pelo \u00f3rg\u00e3o, elas passem a compor o acervo do Memorial S\u00e3o Thom\u00e9.<\/p>\n","protected":false},"author":2,"featured_media":45506,"comment_status":"closed","ping_status":"open","sticky":false,"template":"","format":"standard","meta":{"_eb_attr":"","_jetpack_memberships_contains_paid_content":false,"footnotes":""},"categories":[3],"tags":[],"class_list":["post-45505","post","type-post","status-publish","format-standard","has-post-thumbnail","hentry","category-cidades"],"yoast_head":"<!-- This site is optimized with the Yoast SEO plugin v26.5 - https:\/\/yoast.com\/wordpress\/plugins\/seo\/ -->\n<title>Escava\u00e7\u00f5es apresentam material Paleontol\u00f3gico na zona rural de Sum\u00e9 - Not&iacute;cias em Destaque<\/title>\n<meta name=\"robots\" content=\"index, follow, max-snippet:-1, max-image-preview:large, max-video-preview:-1\" \/>\n<link rel=\"canonical\" href=\"https:\/\/noticiasemdestaque.com\/cd\/?p=45505\" \/>\n<meta property=\"og:locale\" content=\"pt_BR\" \/>\n<meta property=\"og:type\" content=\"article\" \/>\n<meta property=\"og:title\" content=\"Escava\u00e7\u00f5es apresentam material Paleontol\u00f3gico na zona rural de Sum\u00e9 - Not&iacute;cias em Destaque\" \/>\n<meta property=\"og:description\" content=\"A prefeitura de Sum\u00e9, por meio da Secretaria de Cultura, Esporte e Turismo (Secult), retomou nessa ter\u00e7a-feira, 10, as atividades do Projeto de Prospec\u00e7\u00e3o de S\u00edtios Arqueol\u00f3gicos e Paleontol\u00f3gico do munic\u00edpio. A a\u00e7\u00e3o \u00e9 desenvolvida pelo Laborat\u00f3rio de Arqueologia e Paleontologia da Universidade Estadual da Para\u00edba (LABAP\/UEPB), sob a coordena\u00e7\u00e3o do professor Juvandi de Souza, com o apoio da aluna da UEPB, Thamires Cavalcante. Dessa vez, a equipe foi composta tamb\u00e9m por representantes da Secult e da empresa Sum\u00e9 Geoturismo, que visitou o sitio Lagoa da Cobra, zona rural do munic\u00edpio. No local foram realizadas coletas de superf\u00edcie e cava\u00e7\u00e3o de tr\u00eas pontos ao redor do tanque pleistoc\u00eanico do salvamento paleontol\u00f3gico. Al\u00e9m da constata\u00e7\u00e3o de um ambiente prop\u00edcio para a morte de animais em busca de \u00e1gua e o processo de fossiliza\u00e7\u00e3o pela presen\u00e7a de \u00e1gua e lama. Foram encontrados tamb\u00e9m f\u00f3sseis em bom estado de conserva\u00e7\u00e3o sem muito sedimento (v\u00e9rtebras, dentes e ossos longos), possivelmente de mastodonte e pregui\u00e7a gigante, que podem ter at\u00e9 20 mil anos, compondo assim a megafauna paraibana. O salvamento paleontol\u00f3gico da \u00e1rea j\u00e1 foi autorizado pela Ag\u00eancia Nacional de Minera\u00e7\u00e3o (ANM), solicitado pelo professor Juvandi. De acordo com ele, os materiais catalogados foram transportados para o LABAP\/UEPB, para serem higienizados, tombados e identificados. As esp\u00e9cies ser\u00e3o confirmadas mediante an\u00e1lise biol\u00f3gica, trabalho de limpeza e tombamento. Ele afirmou que um relat\u00f3rio parcial da atividade realizada nessa ter\u00e7a-feira ser\u00e1 posteriormente enviado \u00e0 ANM, solicitando a permiss\u00e3o para que algumas das pe\u00e7as maiores sejam devolvidas ao munic\u00edpio e assim que forem autorizadas pelo \u00f3rg\u00e3o, elas passem a compor o acervo do Memorial S\u00e3o Thom\u00e9.\" \/>\n<meta property=\"og:url\" content=\"https:\/\/noticiasemdestaque.com\/cd\/?p=45505\" \/>\n<meta property=\"og:site_name\" content=\"Not&iacute;cias em Destaque\" \/>\n<meta property=\"article:published_time\" content=\"2023-01-15T18:56:36+00:00\" \/>\n<meta property=\"og:image\" content=\"https:\/\/noticiasemdestaque.com\/cd\/wp-content\/uploads\/2023\/01\/ARQUEOLOGIA-1.jpeg\" \/>\n\t<meta property=\"og:image:width\" content=\"838\" \/>\n\t<meta property=\"og:image:height\" content=\"579\" \/>\n\t<meta property=\"og:image:type\" content=\"image\/jpeg\" \/>\n<meta name=\"author\" content=\"Not\u00edcias em Destaque\" \/>\n<meta name=\"twitter:card\" content=\"summary_large_image\" \/>\n<meta name=\"twitter:label1\" content=\"Escrito por\" \/>\n\t<meta name=\"twitter:data1\" content=\"Not\u00edcias em Destaque\" \/>\n\t<meta name=\"twitter:label2\" content=\"Est. tempo de leitura\" \/>\n\t<meta name=\"twitter:data2\" content=\"2 minutos\" \/>\n<script type=\"application\/ld+json\" class=\"yoast-schema-graph\">{\"@context\":\"https:\/\/schema.org\",\"@graph\":[{\"@type\":\"Article\",\"@id\":\"https:\/\/noticiasemdestaque.com\/cd\/?p=45505#article\",\"isPartOf\":{\"@id\":\"https:\/\/noticiasemdestaque.com\/cd\/?p=45505\"},\"author\":{\"name\":\"Not\u00edcias em Destaque\",\"@id\":\"https:\/\/noticiasemdestaque.com\/cd\/#\/schema\/person\/47f7d4f55eec17c6b2ca036c5500f6ce\"},\"headline\":\"Escava\u00e7\u00f5es apresentam material Paleontol\u00f3gico na zona rural de Sum\u00e9\",\"datePublished\":\"2023-01-15T18:56:36+00:00\",\"mainEntityOfPage\":{\"@id\":\"https:\/\/noticiasemdestaque.com\/cd\/?p=45505\"},\"wordCount\":317,\"publisher\":{\"@id\":\"https:\/\/noticiasemdestaque.com\/cd\/#organization\"},\"image\":{\"@id\":\"https:\/\/noticiasemdestaque.com\/cd\/?p=45505#primaryimage\"},\"thumbnailUrl\":\"https:\/\/noticiasemdestaque.com\/cd\/wp-content\/uploads\/2023\/01\/ARQUEOLOGIA-1.jpeg\",\"articleSection\":[\"Cidades\"],\"inLanguage\":\"pt-BR\"},{\"@type\":\"WebPage\",\"@id\":\"https:\/\/noticiasemdestaque.com\/cd\/?p=45505\",\"url\":\"https:\/\/noticiasemdestaque.com\/cd\/?p=45505\",\"name\":\"Escava\u00e7\u00f5es apresentam material Paleontol\u00f3gico na zona rural de Sum\u00e9 - Not&iacute;cias em Destaque\",\"isPartOf\":{\"@id\":\"https:\/\/noticiasemdestaque.com\/cd\/#website\"},\"primaryImageOfPage\":{\"@id\":\"https:\/\/noticiasemdestaque.com\/cd\/?p=45505#primaryimage\"},\"image\":{\"@id\":\"https:\/\/noticiasemdestaque.com\/cd\/?p=45505#primaryimage\"},\"thumbnailUrl\":\"https:\/\/noticiasemdestaque.com\/cd\/wp-content\/uploads\/2023\/01\/ARQUEOLOGIA-1.jpeg\",\"datePublished\":\"2023-01-15T18:56:36+00:00\",\"breadcrumb\":{\"@id\":\"https:\/\/noticiasemdestaque.com\/cd\/?p=45505#breadcrumb\"},\"inLanguage\":\"pt-BR\",\"potentialAction\":[{\"@type\":\"ReadAction\",\"target\":[\"https:\/\/noticiasemdestaque.com\/cd\/?p=45505\"]}]},{\"@type\":\"ImageObject\",\"inLanguage\":\"pt-BR\",\"@id\":\"https:\/\/noticiasemdestaque.com\/cd\/?p=45505#primaryimage\",\"url\":\"https:\/\/noticiasemdestaque.com\/cd\/wp-content\/uploads\/2023\/01\/ARQUEOLOGIA-1.jpeg\",\"contentUrl\":\"https:\/\/noticiasemdestaque.com\/cd\/wp-content\/uploads\/2023\/01\/ARQUEOLOGIA-1.jpeg\",\"width\":838,\"height\":579},{\"@type\":\"BreadcrumbList\",\"@id\":\"https:\/\/noticiasemdestaque.com\/cd\/?p=45505#breadcrumb\",\"itemListElement\":[{\"@type\":\"ListItem\",\"position\":1,\"name\":\"In\u00edcio\",\"item\":\"https:\/\/noticiasemdestaque.com\/cd\/\"},{\"@type\":\"ListItem\",\"position\":2,\"name\":\"Escava\u00e7\u00f5es apresentam material Paleontol\u00f3gico na zona rural de Sum\u00e9\"}]},{\"@type\":\"WebSite\",\"@id\":\"https:\/\/noticiasemdestaque.com\/cd\/#website\",\"url\":\"https:\/\/noticiasemdestaque.com\/cd\/\",\"name\":\"Not&iacute;cias em Destaque\",\"description\":\"\",\"publisher\":{\"@id\":\"https:\/\/noticiasemdestaque.com\/cd\/#organization\"},\"potentialAction\":[{\"@type\":\"SearchAction\",\"target\":{\"@type\":\"EntryPoint\",\"urlTemplate\":\"https:\/\/noticiasemdestaque.com\/cd\/?s={search_term_string}\"},\"query-input\":{\"@type\":\"PropertyValueSpecification\",\"valueRequired\":true,\"valueName\":\"search_term_string\"}}],\"inLanguage\":\"pt-BR\"},{\"@type\":\"Organization\",\"@id\":\"https:\/\/noticiasemdestaque.com\/cd\/#organization\",\"name\":\"Not\u00edcias em Destaque\",\"url\":\"https:\/\/noticiasemdestaque.com\/cd\/\",\"logo\":{\"@type\":\"ImageObject\",\"inLanguage\":\"pt-BR\",\"@id\":\"https:\/\/noticiasemdestaque.com\/cd\/#\/schema\/logo\/image\/\",\"url\":\"https:\/\/noticiasemdestaque.com\/cd\/wp-content\/uploads\/2022\/05\/imagem-base-noticiasemdestaque.png\",\"contentUrl\":\"https:\/\/noticiasemdestaque.com\/cd\/wp-content\/uploads\/2022\/05\/imagem-base-noticiasemdestaque.png\",\"width\":1200,\"height\":630,\"caption\":\"Not\u00edcias em Destaque\"},\"image\":{\"@id\":\"https:\/\/noticiasemdestaque.com\/cd\/#\/schema\/logo\/image\/\"}},{\"@type\":\"Person\",\"@id\":\"https:\/\/noticiasemdestaque.com\/cd\/#\/schema\/person\/47f7d4f55eec17c6b2ca036c5500f6ce\",\"name\":\"Not\u00edcias em Destaque\",\"url\":\"https:\/\/noticiasemdestaque.com\/cd\/?author=2\"}]}<\/script>\n<!-- \/ Yoast SEO plugin. -->","yoast_head_json":{"title":"Escava\u00e7\u00f5es apresentam material Paleontol\u00f3gico na zona rural de Sum\u00e9 - Not&iacute;cias em Destaque","robots":{"index":"index","follow":"follow","max-snippet":"max-snippet:-1","max-image-preview":"max-image-preview:large","max-video-preview":"max-video-preview:-1"},"canonical":"https:\/\/noticiasemdestaque.com\/cd\/?p=45505","og_locale":"pt_BR","og_type":"article","og_title":"Escava\u00e7\u00f5es apresentam material Paleontol\u00f3gico na zona rural de Sum\u00e9 - Not&iacute;cias em Destaque","og_description":"A prefeitura de Sum\u00e9, por meio da Secretaria de Cultura, Esporte e Turismo (Secult), retomou nessa ter\u00e7a-feira, 10, as atividades do Projeto de Prospec\u00e7\u00e3o de S\u00edtios Arqueol\u00f3gicos e Paleontol\u00f3gico do munic\u00edpio. A a\u00e7\u00e3o \u00e9 desenvolvida pelo Laborat\u00f3rio de Arqueologia e Paleontologia da Universidade Estadual da Para\u00edba (LABAP\/UEPB), sob a coordena\u00e7\u00e3o do professor Juvandi de Souza, com o apoio da aluna da UEPB, Thamires Cavalcante. Dessa vez, a equipe foi composta tamb\u00e9m por representantes da Secult e da empresa Sum\u00e9 Geoturismo, que visitou o sitio Lagoa da Cobra, zona rural do munic\u00edpio. No local foram realizadas coletas de superf\u00edcie e cava\u00e7\u00e3o de tr\u00eas pontos ao redor do tanque pleistoc\u00eanico do salvamento paleontol\u00f3gico. Al\u00e9m da constata\u00e7\u00e3o de um ambiente prop\u00edcio para a morte de animais em busca de \u00e1gua e o processo de fossiliza\u00e7\u00e3o pela presen\u00e7a de \u00e1gua e lama. Foram encontrados tamb\u00e9m f\u00f3sseis em bom estado de conserva\u00e7\u00e3o sem muito sedimento (v\u00e9rtebras, dentes e ossos longos), possivelmente de mastodonte e pregui\u00e7a gigante, que podem ter at\u00e9 20 mil anos, compondo assim a megafauna paraibana. O salvamento paleontol\u00f3gico da \u00e1rea j\u00e1 foi autorizado pela Ag\u00eancia Nacional de Minera\u00e7\u00e3o (ANM), solicitado pelo professor Juvandi. De acordo com ele, os materiais catalogados foram transportados para o LABAP\/UEPB, para serem higienizados, tombados e identificados. As esp\u00e9cies ser\u00e3o confirmadas mediante an\u00e1lise biol\u00f3gica, trabalho de limpeza e tombamento. Ele afirmou que um relat\u00f3rio parcial da atividade realizada nessa ter\u00e7a-feira ser\u00e1 posteriormente enviado \u00e0 ANM, solicitando a permiss\u00e3o para que algumas das pe\u00e7as maiores sejam devolvidas ao munic\u00edpio e assim que forem autorizadas pelo \u00f3rg\u00e3o, elas passem a compor o acervo do Memorial S\u00e3o Thom\u00e9.","og_url":"https:\/\/noticiasemdestaque.com\/cd\/?p=45505","og_site_name":"Not&iacute;cias em Destaque","article_published_time":"2023-01-15T18:56:36+00:00","og_image":[{"width":838,"height":579,"url":"https:\/\/noticiasemdestaque.com\/cd\/wp-content\/uploads\/2023\/01\/ARQUEOLOGIA-1.jpeg","type":"image\/jpeg"}],"author":"Not\u00edcias em Destaque","twitter_card":"summary_large_image","twitter_misc":{"Escrito por":"Not\u00edcias em Destaque","Est. tempo de leitura":"2 minutos"},"schema":{"@context":"https:\/\/schema.org","@graph":[{"@type":"Article","@id":"https:\/\/noticiasemdestaque.com\/cd\/?p=45505#article","isPartOf":{"@id":"https:\/\/noticiasemdestaque.com\/cd\/?p=45505"},"author":{"name":"Not\u00edcias em Destaque","@id":"https:\/\/noticiasemdestaque.com\/cd\/#\/schema\/person\/47f7d4f55eec17c6b2ca036c5500f6ce"},"headline":"Escava\u00e7\u00f5es apresentam material Paleontol\u00f3gico na zona rural de Sum\u00e9","datePublished":"2023-01-15T18:56:36+00:00","mainEntityOfPage":{"@id":"https:\/\/noticiasemdestaque.com\/cd\/?p=45505"},"wordCount":317,"publisher":{"@id":"https:\/\/noticiasemdestaque.com\/cd\/#organization"},"image":{"@id":"https:\/\/noticiasemdestaque.com\/cd\/?p=45505#primaryimage"},"thumbnailUrl":"https:\/\/noticiasemdestaque.com\/cd\/wp-content\/uploads\/2023\/01\/ARQUEOLOGIA-1.jpeg","articleSection":["Cidades"],"inLanguage":"pt-BR"},{"@type":"WebPage","@id":"https:\/\/noticiasemdestaque.com\/cd\/?p=45505","url":"https:\/\/noticiasemdestaque.com\/cd\/?p=45505","name":"Escava\u00e7\u00f5es apresentam material Paleontol\u00f3gico na zona rural de Sum\u00e9 - Not&iacute;cias em Destaque","isPartOf":{"@id":"https:\/\/noticiasemdestaque.com\/cd\/#website"},"primaryImageOfPage":{"@id":"https:\/\/noticiasemdestaque.com\/cd\/?p=45505#primaryimage"},"image":{"@id":"https:\/\/noticiasemdestaque.com\/cd\/?p=45505#primaryimage"},"thumbnailUrl":"https:\/\/noticiasemdestaque.com\/cd\/wp-content\/uploads\/2023\/01\/ARQUEOLOGIA-1.jpeg","datePublished":"2023-01-15T18:56:36+00:00","breadcrumb":{"@id":"https:\/\/noticiasemdestaque.com\/cd\/?p=45505#breadcrumb"},"inLanguage":"pt-BR","potentialAction":[{"@type":"ReadAction","target":["https:\/\/noticiasemdestaque.com\/cd\/?p=45505"]}]},{"@type":"ImageObject","inLanguage":"pt-BR","@id":"https:\/\/noticiasemdestaque.com\/cd\/?p=45505#primaryimage","url":"https:\/\/noticiasemdestaque.com\/cd\/wp-content\/uploads\/2023\/01\/ARQUEOLOGIA-1.jpeg","contentUrl":"https:\/\/noticiasemdestaque.com\/cd\/wp-content\/uploads\/2023\/01\/ARQUEOLOGIA-1.jpeg","width":838,"height":579},{"@type":"BreadcrumbList","@id":"https:\/\/noticiasemdestaque.com\/cd\/?p=45505#breadcrumb","itemListElement":[{"@type":"ListItem","position":1,"name":"In\u00edcio","item":"https:\/\/noticiasemdestaque.com\/cd\/"},{"@type":"ListItem","position":2,"name":"Escava\u00e7\u00f5es apresentam material Paleontol\u00f3gico na zona rural de Sum\u00e9"}]},{"@type":"WebSite","@id":"https:\/\/noticiasemdestaque.com\/cd\/#website","url":"https:\/\/noticiasemdestaque.com\/cd\/","name":"Not&iacute;cias em Destaque","description":"","publisher":{"@id":"https:\/\/noticiasemdestaque.com\/cd\/#organization"},"potentialAction":[{"@type":"SearchAction","target":{"@type":"EntryPoint","urlTemplate":"https:\/\/noticiasemdestaque.com\/cd\/?s={search_term_string}"},"query-input":{"@type":"PropertyValueSpecification","valueRequired":true,"valueName":"search_term_string"}}],"inLanguage":"pt-BR"},{"@type":"Organization","@id":"https:\/\/noticiasemdestaque.com\/cd\/#organization","name":"Not\u00edcias em Destaque","url":"https:\/\/noticiasemdestaque.com\/cd\/","logo":{"@type":"ImageObject","inLanguage":"pt-BR","@id":"https:\/\/noticiasemdestaque.com\/cd\/#\/schema\/logo\/image\/","url":"https:\/\/noticiasemdestaque.com\/cd\/wp-content\/uploads\/2022\/05\/imagem-base-noticiasemdestaque.png","contentUrl":"https:\/\/noticiasemdestaque.com\/cd\/wp-content\/uploads\/2022\/05\/imagem-base-noticiasemdestaque.png","width":1200,"height":630,"caption":"Not\u00edcias em Destaque"},"image":{"@id":"https:\/\/noticiasemdestaque.com\/cd\/#\/schema\/logo\/image\/"}},{"@type":"Person","@id":"https:\/\/noticiasemdestaque.com\/cd\/#\/schema\/person\/47f7d4f55eec17c6b2ca036c5500f6ce","name":"Not\u00edcias em Destaque","url":"https:\/\/noticiasemdestaque.com\/cd\/?author=2"}]}},"jetpack_featured_media_url":"https:\/\/noticiasemdestaque.com\/cd\/wp-content\/uploads\/2023\/01\/ARQUEOLOGIA-1.jpeg","jetpack_sharing_enabled":true,"_links":{"self":[{"href":"https:\/\/noticiasemdestaque.com\/cd\/index.php?rest_route=\/wp\/v2\/posts\/45505","targetHints":{"allow":["GET"]}}],"collection":[{"href":"https:\/\/noticiasemdestaque.com\/cd\/index.php?rest_route=\/wp\/v2\/posts"}],"about":[{"href":"https:\/\/noticiasemdestaque.com\/cd\/index.php?rest_route=\/wp\/v2\/types\/post"}],"author":[{"embeddable":true,"href":"https:\/\/noticiasemdestaque.com\/cd\/index.php?rest_route=\/wp\/v2\/users\/2"}],"replies":[{"embeddable":true,"href":"https:\/\/noticiasemdestaque.com\/cd\/index.php?rest_route=%2Fwp%2Fv2%2Fcomments&post=45505"}],"version-history":[{"count":1,"href":"https:\/\/noticiasemdestaque.com\/cd\/index.php?rest_route=\/wp\/v2\/posts\/45505\/revisions"}],"predecessor-version":[{"id":45507,"href":"https:\/\/noticiasemdestaque.com\/cd\/index.php?rest_route=\/wp\/v2\/posts\/45505\/revisions\/45507"}],"wp:featuredmedia":[{"embeddable":true,"href":"https:\/\/noticiasemdestaque.com\/cd\/index.php?rest_route=\/wp\/v2\/media\/45506"}],"wp:attachment":[{"href":"https:\/\/noticiasemdestaque.com\/cd\/index.php?rest_route=%2Fwp%2Fv2%2Fmedia&parent=45505"}],"wp:term":[{"taxonomy":"category","embeddable":true,"href":"https:\/\/noticiasemdestaque.com\/cd\/index.php?rest_route=%2Fwp%2Fv2%2Fcategories&post=45505"},{"taxonomy":"post_tag","embeddable":true,"href":"https:\/\/noticiasemdestaque.com\/cd\/index.php?rest_route=%2Fwp%2Fv2%2Ftags&post=45505"}],"curies":[{"name":"wp","href":"https:\/\/api.w.org\/{rel}","templated":true}]}}