{"id":45499,"date":"2023-01-15T15:49:26","date_gmt":"2023-01-15T18:49:26","guid":{"rendered":"https:\/\/noticiasemdestaque.com\/cd\/?p=45499"},"modified":"2023-01-15T15:51:57","modified_gmt":"2023-01-15T18:51:57","slug":"ouro-velho-comemora-aniversario-de-62-anos-de-emancipacao-politica","status":"publish","type":"post","link":"https:\/\/noticiasemdestaque.com\/cd\/?p=45499","title":{"rendered":"Ouro Velho comemora anivers\u00e1rio de 62 anos de Emancipa\u00e7\u00e3o Pol\u00edtica"},"content":{"rendered":"<p><a href=\"https:\/\/noticiasemdestaque.com\/cd\/wp-content\/uploads\/2023\/01\/EMANCIPACAO-POLITICA-DE-OURO-VELHO-PB-97-1.jpg\"><img fetchpriority=\"high\" decoding=\"async\" class=\"wp-image-45502 size-full aligncenter\" src=\"https:\/\/noticiasemdestaque.com\/cd\/wp-content\/uploads\/2023\/01\/EMANCIPACAO-POLITICA-DE-OURO-VELHO-PB-97-1.jpg\" alt=\"\" width=\"1000\" height=\"662\" srcset=\"https:\/\/noticiasemdestaque.com\/cd\/wp-content\/uploads\/2023\/01\/EMANCIPACAO-POLITICA-DE-OURO-VELHO-PB-97-1.jpg 1000w, https:\/\/noticiasemdestaque.com\/cd\/wp-content\/uploads\/2023\/01\/EMANCIPACAO-POLITICA-DE-OURO-VELHO-PB-97-1-300x199.jpg 300w, https:\/\/noticiasemdestaque.com\/cd\/wp-content\/uploads\/2023\/01\/EMANCIPACAO-POLITICA-DE-OURO-VELHO-PB-97-1-768x508.jpg 768w, https:\/\/noticiasemdestaque.com\/cd\/wp-content\/uploads\/2023\/01\/EMANCIPACAO-POLITICA-DE-OURO-VELHO-PB-97-1-18x12.jpg 18w\" sizes=\"(max-width: 1000px) 100vw, 1000px\" \/><\/a><\/p>\n<p>A cidade de Ouro Velho comemorou nesse domingo, 15 de janeiro, seu anivers\u00e1rio de 62 anos de Emancipa\u00e7\u00e3o Pol\u00edtica. A programa\u00e7\u00e3o teve in\u00edcio com a alvorada \u00e0s 05h com a Fanfarra Pedro Vianna<\/p>\n<p>Logo ap\u00f3s aconteceu a Solenidade em frente \u00e0 C\u00e2mara de Vereadores &#8220;Casa Sebasti\u00e3o Gomes de Queiroz&#8221; e em seguida a Solenidade em frente \u00e0 Prefeitura onde foi servido caf\u00e9 da manh\u00e3 e o canto dos parab\u00e9ns com o tradicional corte do bolo.<\/p>\n<p>A programa\u00e7\u00e3o de anivers\u00e1rio da cidade continua na quarta-feira, dia 18, \u00e0s 08h com caf\u00e9 da manh\u00e3 na Prefeitura.<\/p>\n<p>\u00c0s 09h tem inaugura\u00e7\u00e3o da Passagem Molhada no S\u00edtio Bar\u00f5es, Ruas Municipais e do PSF \u201cUbiragival Nunes de Menezes\u201d e assinatura de ordens de servi\u00e7o da Creche Municipal e diversos Cal\u00e7amentos.<\/p>\n<p>Em seguida, o prefeito Dr\u00ba Augusto, o vice-prefeito Paulo J\u00fanior e toda equipe da gest\u00e3o estar\u00e3o visitando as obras da Quadra, Gin\u00e1sio, Asfalto, PSF &#8220;Mabel Dantas&#8221;, Cinema\/Audit\u00f3rio\/Teatro e Creche Federal com a presen\u00e7a confirmada dos deputados Wilson Santiago e Wilson Filho, e do Senador Efraim Filho.<\/p>\n<p>Ainda ser\u00e1 feito o an\u00fancio do mais R$ 2 milh\u00f5es em obras.<\/p>\n<p>\u00c0 noite, no dia 18, acontecem os shows com Z\u00e9 Cantor, Taty Girl, Tayrone e Vitor Fernandes, os shows acontecem no est\u00e1dio municipal da cidade com entrada gratuita.<\/p>\n<p>Com Portal Amparo Ligado<\/p>\n<p>&nbsp;<\/p>\n","protected":false},"excerpt":{"rendered":"<p>A cidade de Ouro Velho comemorou nesse domingo, 15 de janeiro, seu anivers\u00e1rio de 62 anos de Emancipa\u00e7\u00e3o Pol\u00edtica. A programa\u00e7\u00e3o teve in\u00edcio com a alvorada \u00e0s 05h com a Fanfarra Pedro Vianna Logo ap\u00f3s aconteceu a Solenidade em frente \u00e0 C\u00e2mara de Vereadores &#8220;Casa Sebasti\u00e3o Gomes de Queiroz&#8221; e em seguida a Solenidade em frente \u00e0 Prefeitura onde foi servido caf\u00e9 da manh\u00e3 e o canto dos parab\u00e9ns com o tradicional corte do bolo. A programa\u00e7\u00e3o de anivers\u00e1rio da cidade continua na quarta-feira, dia 18, \u00e0s 08h com caf\u00e9 da manh\u00e3 na Prefeitura. \u00c0s 09h tem inaugura\u00e7\u00e3o da Passagem Molhada no S\u00edtio Bar\u00f5es, Ruas Municipais e do PSF \u201cUbiragival Nunes de Menezes\u201d e assinatura de ordens de servi\u00e7o da Creche Municipal e diversos Cal\u00e7amentos. Em seguida, o prefeito Dr\u00ba Augusto, o vice-prefeito Paulo J\u00fanior e toda equipe da gest\u00e3o estar\u00e3o visitando as obras da Quadra, Gin\u00e1sio, Asfalto, PSF &#8220;Mabel Dantas&#8221;, Cinema\/Audit\u00f3rio\/Teatro e Creche Federal com a presen\u00e7a confirmada dos deputados Wilson Santiago e Wilson Filho, e do Senador Efraim Filho. Ainda ser\u00e1 feito o an\u00fancio do mais R$ 2 milh\u00f5es em obras. \u00c0 noite, no dia 18, acontecem os shows com Z\u00e9 Cantor, Taty Girl, Tayrone e Vitor Fernandes, os shows acontecem no est\u00e1dio municipal da cidade com entrada gratuita. Com Portal Amparo Ligado &nbsp;<\/p>\n","protected":false},"author":2,"featured_media":45502,"comment_status":"closed","ping_status":"open","sticky":false,"template":"","format":"standard","meta":{"_eb_attr":"","_jetpack_memberships_contains_paid_content":false,"footnotes":""},"categories":[4],"tags":[],"class_list":["post-45499","post","type-post","status-publish","format-standard","has-post-thumbnail","hentry","category-politica"],"yoast_head":"<!-- This site is optimized with the Yoast SEO plugin v26.5 - https:\/\/yoast.com\/wordpress\/plugins\/seo\/ -->\n<title>Ouro Velho comemora anivers\u00e1rio de 62 anos de Emancipa\u00e7\u00e3o Pol\u00edtica - Not&iacute;cias em Destaque<\/title>\n<meta name=\"robots\" content=\"index, follow, max-snippet:-1, max-image-preview:large, max-video-preview:-1\" \/>\n<link rel=\"canonical\" href=\"https:\/\/noticiasemdestaque.com\/cd\/?p=45499\" \/>\n<meta property=\"og:locale\" content=\"pt_BR\" \/>\n<meta property=\"og:type\" content=\"article\" \/>\n<meta property=\"og:title\" content=\"Ouro Velho comemora anivers\u00e1rio de 62 anos de Emancipa\u00e7\u00e3o Pol\u00edtica - Not&iacute;cias em Destaque\" \/>\n<meta property=\"og:description\" content=\"A cidade de Ouro Velho comemorou nesse domingo, 15 de janeiro, seu anivers\u00e1rio de 62 anos de Emancipa\u00e7\u00e3o Pol\u00edtica. A programa\u00e7\u00e3o teve in\u00edcio com a alvorada \u00e0s 05h com a Fanfarra Pedro Vianna Logo ap\u00f3s aconteceu a Solenidade em frente \u00e0 C\u00e2mara de Vereadores &#8220;Casa Sebasti\u00e3o Gomes de Queiroz&#8221; e em seguida a Solenidade em frente \u00e0 Prefeitura onde foi servido caf\u00e9 da manh\u00e3 e o canto dos parab\u00e9ns com o tradicional corte do bolo. A programa\u00e7\u00e3o de anivers\u00e1rio da cidade continua na quarta-feira, dia 18, \u00e0s 08h com caf\u00e9 da manh\u00e3 na Prefeitura. \u00c0s 09h tem inaugura\u00e7\u00e3o da Passagem Molhada no S\u00edtio Bar\u00f5es, Ruas Municipais e do PSF \u201cUbiragival Nunes de Menezes\u201d e assinatura de ordens de servi\u00e7o da Creche Municipal e diversos Cal\u00e7amentos. Em seguida, o prefeito Dr\u00ba Augusto, o vice-prefeito Paulo J\u00fanior e toda equipe da gest\u00e3o estar\u00e3o visitando as obras da Quadra, Gin\u00e1sio, Asfalto, PSF &#8220;Mabel Dantas&#8221;, Cinema\/Audit\u00f3rio\/Teatro e Creche Federal com a presen\u00e7a confirmada dos deputados Wilson Santiago e Wilson Filho, e do Senador Efraim Filho. Ainda ser\u00e1 feito o an\u00fancio do mais R$ 2 milh\u00f5es em obras. \u00c0 noite, no dia 18, acontecem os shows com Z\u00e9 Cantor, Taty Girl, Tayrone e Vitor Fernandes, os shows acontecem no est\u00e1dio municipal da cidade com entrada gratuita. Com Portal Amparo Ligado &nbsp;\" \/>\n<meta property=\"og:url\" content=\"https:\/\/noticiasemdestaque.com\/cd\/?p=45499\" \/>\n<meta property=\"og:site_name\" content=\"Not&iacute;cias em Destaque\" \/>\n<meta property=\"article:published_time\" content=\"2023-01-15T18:49:26+00:00\" \/>\n<meta property=\"article:modified_time\" content=\"2023-01-15T18:51:57+00:00\" \/>\n<meta property=\"og:image\" content=\"https:\/\/noticiasemdestaque.com\/cd\/wp-content\/uploads\/2023\/01\/EMANCIPACAO-POLITICA-DE-OURO-VELHO-PB-97-1.jpg\" \/>\n\t<meta property=\"og:image:width\" content=\"1000\" \/>\n\t<meta property=\"og:image:height\" content=\"662\" \/>\n\t<meta property=\"og:image:type\" content=\"image\/jpeg\" \/>\n<meta name=\"author\" content=\"Not\u00edcias em Destaque\" \/>\n<meta name=\"twitter:card\" content=\"summary_large_image\" \/>\n<meta name=\"twitter:label1\" content=\"Escrito por\" \/>\n\t<meta name=\"twitter:data1\" content=\"Not\u00edcias em Destaque\" \/>\n\t<meta name=\"twitter:label2\" content=\"Est. tempo de leitura\" \/>\n\t<meta name=\"twitter:data2\" content=\"2 minutos\" \/>\n<script type=\"application\/ld+json\" class=\"yoast-schema-graph\">{\"@context\":\"https:\/\/schema.org\",\"@graph\":[{\"@type\":\"Article\",\"@id\":\"https:\/\/noticiasemdestaque.com\/cd\/?p=45499#article\",\"isPartOf\":{\"@id\":\"https:\/\/noticiasemdestaque.com\/cd\/?p=45499\"},\"author\":{\"name\":\"Not\u00edcias em Destaque\",\"@id\":\"https:\/\/noticiasemdestaque.com\/cd\/#\/schema\/person\/47f7d4f55eec17c6b2ca036c5500f6ce\"},\"headline\":\"Ouro Velho comemora anivers\u00e1rio de 62 anos de Emancipa\u00e7\u00e3o Pol\u00edtica\",\"datePublished\":\"2023-01-15T18:49:26+00:00\",\"dateModified\":\"2023-01-15T18:51:57+00:00\",\"mainEntityOfPage\":{\"@id\":\"https:\/\/noticiasemdestaque.com\/cd\/?p=45499\"},\"wordCount\":247,\"publisher\":{\"@id\":\"https:\/\/noticiasemdestaque.com\/cd\/#organization\"},\"image\":{\"@id\":\"https:\/\/noticiasemdestaque.com\/cd\/?p=45499#primaryimage\"},\"thumbnailUrl\":\"https:\/\/noticiasemdestaque.com\/cd\/wp-content\/uploads\/2023\/01\/EMANCIPACAO-POLITICA-DE-OURO-VELHO-PB-97-1.jpg\",\"articleSection\":[\"Pol\u00edtica\"],\"inLanguage\":\"pt-BR\"},{\"@type\":\"WebPage\",\"@id\":\"https:\/\/noticiasemdestaque.com\/cd\/?p=45499\",\"url\":\"https:\/\/noticiasemdestaque.com\/cd\/?p=45499\",\"name\":\"Ouro Velho comemora anivers\u00e1rio de 62 anos de Emancipa\u00e7\u00e3o Pol\u00edtica - Not&iacute;cias em Destaque\",\"isPartOf\":{\"@id\":\"https:\/\/noticiasemdestaque.com\/cd\/#website\"},\"primaryImageOfPage\":{\"@id\":\"https:\/\/noticiasemdestaque.com\/cd\/?p=45499#primaryimage\"},\"image\":{\"@id\":\"https:\/\/noticiasemdestaque.com\/cd\/?p=45499#primaryimage\"},\"thumbnailUrl\":\"https:\/\/noticiasemdestaque.com\/cd\/wp-content\/uploads\/2023\/01\/EMANCIPACAO-POLITICA-DE-OURO-VELHO-PB-97-1.jpg\",\"datePublished\":\"2023-01-15T18:49:26+00:00\",\"dateModified\":\"2023-01-15T18:51:57+00:00\",\"breadcrumb\":{\"@id\":\"https:\/\/noticiasemdestaque.com\/cd\/?p=45499#breadcrumb\"},\"inLanguage\":\"pt-BR\",\"potentialAction\":[{\"@type\":\"ReadAction\",\"target\":[\"https:\/\/noticiasemdestaque.com\/cd\/?p=45499\"]}]},{\"@type\":\"ImageObject\",\"inLanguage\":\"pt-BR\",\"@id\":\"https:\/\/noticiasemdestaque.com\/cd\/?p=45499#primaryimage\",\"url\":\"https:\/\/noticiasemdestaque.com\/cd\/wp-content\/uploads\/2023\/01\/EMANCIPACAO-POLITICA-DE-OURO-VELHO-PB-97-1.jpg\",\"contentUrl\":\"https:\/\/noticiasemdestaque.com\/cd\/wp-content\/uploads\/2023\/01\/EMANCIPACAO-POLITICA-DE-OURO-VELHO-PB-97-1.jpg\",\"width\":1000,\"height\":662},{\"@type\":\"BreadcrumbList\",\"@id\":\"https:\/\/noticiasemdestaque.com\/cd\/?p=45499#breadcrumb\",\"itemListElement\":[{\"@type\":\"ListItem\",\"position\":1,\"name\":\"In\u00edcio\",\"item\":\"https:\/\/noticiasemdestaque.com\/cd\/\"},{\"@type\":\"ListItem\",\"position\":2,\"name\":\"Ouro Velho comemora anivers\u00e1rio de 62 anos de Emancipa\u00e7\u00e3o Pol\u00edtica\"}]},{\"@type\":\"WebSite\",\"@id\":\"https:\/\/noticiasemdestaque.com\/cd\/#website\",\"url\":\"https:\/\/noticiasemdestaque.com\/cd\/\",\"name\":\"Not&iacute;cias em Destaque\",\"description\":\"\",\"publisher\":{\"@id\":\"https:\/\/noticiasemdestaque.com\/cd\/#organization\"},\"potentialAction\":[{\"@type\":\"SearchAction\",\"target\":{\"@type\":\"EntryPoint\",\"urlTemplate\":\"https:\/\/noticiasemdestaque.com\/cd\/?s={search_term_string}\"},\"query-input\":{\"@type\":\"PropertyValueSpecification\",\"valueRequired\":true,\"valueName\":\"search_term_string\"}}],\"inLanguage\":\"pt-BR\"},{\"@type\":\"Organization\",\"@id\":\"https:\/\/noticiasemdestaque.com\/cd\/#organization\",\"name\":\"Not\u00edcias em Destaque\",\"url\":\"https:\/\/noticiasemdestaque.com\/cd\/\",\"logo\":{\"@type\":\"ImageObject\",\"inLanguage\":\"pt-BR\",\"@id\":\"https:\/\/noticiasemdestaque.com\/cd\/#\/schema\/logo\/image\/\",\"url\":\"https:\/\/noticiasemdestaque.com\/cd\/wp-content\/uploads\/2022\/05\/imagem-base-noticiasemdestaque.png\",\"contentUrl\":\"https:\/\/noticiasemdestaque.com\/cd\/wp-content\/uploads\/2022\/05\/imagem-base-noticiasemdestaque.png\",\"width\":1200,\"height\":630,\"caption\":\"Not\u00edcias em Destaque\"},\"image\":{\"@id\":\"https:\/\/noticiasemdestaque.com\/cd\/#\/schema\/logo\/image\/\"}},{\"@type\":\"Person\",\"@id\":\"https:\/\/noticiasemdestaque.com\/cd\/#\/schema\/person\/47f7d4f55eec17c6b2ca036c5500f6ce\",\"name\":\"Not\u00edcias em Destaque\",\"url\":\"https:\/\/noticiasemdestaque.com\/cd\/?author=2\"}]}<\/script>\n<!-- \/ Yoast SEO plugin. -->","yoast_head_json":{"title":"Ouro Velho comemora anivers\u00e1rio de 62 anos de Emancipa\u00e7\u00e3o Pol\u00edtica - Not&iacute;cias em Destaque","robots":{"index":"index","follow":"follow","max-snippet":"max-snippet:-1","max-image-preview":"max-image-preview:large","max-video-preview":"max-video-preview:-1"},"canonical":"https:\/\/noticiasemdestaque.com\/cd\/?p=45499","og_locale":"pt_BR","og_type":"article","og_title":"Ouro Velho comemora anivers\u00e1rio de 62 anos de Emancipa\u00e7\u00e3o Pol\u00edtica - Not&iacute;cias em Destaque","og_description":"A cidade de Ouro Velho comemorou nesse domingo, 15 de janeiro, seu anivers\u00e1rio de 62 anos de Emancipa\u00e7\u00e3o Pol\u00edtica. A programa\u00e7\u00e3o teve in\u00edcio com a alvorada \u00e0s 05h com a Fanfarra Pedro Vianna Logo ap\u00f3s aconteceu a Solenidade em frente \u00e0 C\u00e2mara de Vereadores &#8220;Casa Sebasti\u00e3o Gomes de Queiroz&#8221; e em seguida a Solenidade em frente \u00e0 Prefeitura onde foi servido caf\u00e9 da manh\u00e3 e o canto dos parab\u00e9ns com o tradicional corte do bolo. A programa\u00e7\u00e3o de anivers\u00e1rio da cidade continua na quarta-feira, dia 18, \u00e0s 08h com caf\u00e9 da manh\u00e3 na Prefeitura. \u00c0s 09h tem inaugura\u00e7\u00e3o da Passagem Molhada no S\u00edtio Bar\u00f5es, Ruas Municipais e do PSF \u201cUbiragival Nunes de Menezes\u201d e assinatura de ordens de servi\u00e7o da Creche Municipal e diversos Cal\u00e7amentos. Em seguida, o prefeito Dr\u00ba Augusto, o vice-prefeito Paulo J\u00fanior e toda equipe da gest\u00e3o estar\u00e3o visitando as obras da Quadra, Gin\u00e1sio, Asfalto, PSF &#8220;Mabel Dantas&#8221;, Cinema\/Audit\u00f3rio\/Teatro e Creche Federal com a presen\u00e7a confirmada dos deputados Wilson Santiago e Wilson Filho, e do Senador Efraim Filho. Ainda ser\u00e1 feito o an\u00fancio do mais R$ 2 milh\u00f5es em obras. \u00c0 noite, no dia 18, acontecem os shows com Z\u00e9 Cantor, Taty Girl, Tayrone e Vitor Fernandes, os shows acontecem no est\u00e1dio municipal da cidade com entrada gratuita. Com Portal Amparo Ligado &nbsp;","og_url":"https:\/\/noticiasemdestaque.com\/cd\/?p=45499","og_site_name":"Not&iacute;cias em Destaque","article_published_time":"2023-01-15T18:49:26+00:00","article_modified_time":"2023-01-15T18:51:57+00:00","og_image":[{"width":1000,"height":662,"url":"https:\/\/noticiasemdestaque.com\/cd\/wp-content\/uploads\/2023\/01\/EMANCIPACAO-POLITICA-DE-OURO-VELHO-PB-97-1.jpg","type":"image\/jpeg"}],"author":"Not\u00edcias em Destaque","twitter_card":"summary_large_image","twitter_misc":{"Escrito por":"Not\u00edcias em Destaque","Est. tempo de leitura":"2 minutos"},"schema":{"@context":"https:\/\/schema.org","@graph":[{"@type":"Article","@id":"https:\/\/noticiasemdestaque.com\/cd\/?p=45499#article","isPartOf":{"@id":"https:\/\/noticiasemdestaque.com\/cd\/?p=45499"},"author":{"name":"Not\u00edcias em Destaque","@id":"https:\/\/noticiasemdestaque.com\/cd\/#\/schema\/person\/47f7d4f55eec17c6b2ca036c5500f6ce"},"headline":"Ouro Velho comemora anivers\u00e1rio de 62 anos de Emancipa\u00e7\u00e3o Pol\u00edtica","datePublished":"2023-01-15T18:49:26+00:00","dateModified":"2023-01-15T18:51:57+00:00","mainEntityOfPage":{"@id":"https:\/\/noticiasemdestaque.com\/cd\/?p=45499"},"wordCount":247,"publisher":{"@id":"https:\/\/noticiasemdestaque.com\/cd\/#organization"},"image":{"@id":"https:\/\/noticiasemdestaque.com\/cd\/?p=45499#primaryimage"},"thumbnailUrl":"https:\/\/noticiasemdestaque.com\/cd\/wp-content\/uploads\/2023\/01\/EMANCIPACAO-POLITICA-DE-OURO-VELHO-PB-97-1.jpg","articleSection":["Pol\u00edtica"],"inLanguage":"pt-BR"},{"@type":"WebPage","@id":"https:\/\/noticiasemdestaque.com\/cd\/?p=45499","url":"https:\/\/noticiasemdestaque.com\/cd\/?p=45499","name":"Ouro Velho comemora anivers\u00e1rio de 62 anos de Emancipa\u00e7\u00e3o Pol\u00edtica - Not&iacute;cias em Destaque","isPartOf":{"@id":"https:\/\/noticiasemdestaque.com\/cd\/#website"},"primaryImageOfPage":{"@id":"https:\/\/noticiasemdestaque.com\/cd\/?p=45499#primaryimage"},"image":{"@id":"https:\/\/noticiasemdestaque.com\/cd\/?p=45499#primaryimage"},"thumbnailUrl":"https:\/\/noticiasemdestaque.com\/cd\/wp-content\/uploads\/2023\/01\/EMANCIPACAO-POLITICA-DE-OURO-VELHO-PB-97-1.jpg","datePublished":"2023-01-15T18:49:26+00:00","dateModified":"2023-01-15T18:51:57+00:00","breadcrumb":{"@id":"https:\/\/noticiasemdestaque.com\/cd\/?p=45499#breadcrumb"},"inLanguage":"pt-BR","potentialAction":[{"@type":"ReadAction","target":["https:\/\/noticiasemdestaque.com\/cd\/?p=45499"]}]},{"@type":"ImageObject","inLanguage":"pt-BR","@id":"https:\/\/noticiasemdestaque.com\/cd\/?p=45499#primaryimage","url":"https:\/\/noticiasemdestaque.com\/cd\/wp-content\/uploads\/2023\/01\/EMANCIPACAO-POLITICA-DE-OURO-VELHO-PB-97-1.jpg","contentUrl":"https:\/\/noticiasemdestaque.com\/cd\/wp-content\/uploads\/2023\/01\/EMANCIPACAO-POLITICA-DE-OURO-VELHO-PB-97-1.jpg","width":1000,"height":662},{"@type":"BreadcrumbList","@id":"https:\/\/noticiasemdestaque.com\/cd\/?p=45499#breadcrumb","itemListElement":[{"@type":"ListItem","position":1,"name":"In\u00edcio","item":"https:\/\/noticiasemdestaque.com\/cd\/"},{"@type":"ListItem","position":2,"name":"Ouro Velho comemora anivers\u00e1rio de 62 anos de Emancipa\u00e7\u00e3o Pol\u00edtica"}]},{"@type":"WebSite","@id":"https:\/\/noticiasemdestaque.com\/cd\/#website","url":"https:\/\/noticiasemdestaque.com\/cd\/","name":"Not&iacute;cias em Destaque","description":"","publisher":{"@id":"https:\/\/noticiasemdestaque.com\/cd\/#organization"},"potentialAction":[{"@type":"SearchAction","target":{"@type":"EntryPoint","urlTemplate":"https:\/\/noticiasemdestaque.com\/cd\/?s={search_term_string}"},"query-input":{"@type":"PropertyValueSpecification","valueRequired":true,"valueName":"search_term_string"}}],"inLanguage":"pt-BR"},{"@type":"Organization","@id":"https:\/\/noticiasemdestaque.com\/cd\/#organization","name":"Not\u00edcias em Destaque","url":"https:\/\/noticiasemdestaque.com\/cd\/","logo":{"@type":"ImageObject","inLanguage":"pt-BR","@id":"https:\/\/noticiasemdestaque.com\/cd\/#\/schema\/logo\/image\/","url":"https:\/\/noticiasemdestaque.com\/cd\/wp-content\/uploads\/2022\/05\/imagem-base-noticiasemdestaque.png","contentUrl":"https:\/\/noticiasemdestaque.com\/cd\/wp-content\/uploads\/2022\/05\/imagem-base-noticiasemdestaque.png","width":1200,"height":630,"caption":"Not\u00edcias em Destaque"},"image":{"@id":"https:\/\/noticiasemdestaque.com\/cd\/#\/schema\/logo\/image\/"}},{"@type":"Person","@id":"https:\/\/noticiasemdestaque.com\/cd\/#\/schema\/person\/47f7d4f55eec17c6b2ca036c5500f6ce","name":"Not\u00edcias em Destaque","url":"https:\/\/noticiasemdestaque.com\/cd\/?author=2"}]}},"jetpack_featured_media_url":"https:\/\/noticiasemdestaque.com\/cd\/wp-content\/uploads\/2023\/01\/EMANCIPACAO-POLITICA-DE-OURO-VELHO-PB-97-1.jpg","jetpack_sharing_enabled":true,"_links":{"self":[{"href":"https:\/\/noticiasemdestaque.com\/cd\/index.php?rest_route=\/wp\/v2\/posts\/45499","targetHints":{"allow":["GET"]}}],"collection":[{"href":"https:\/\/noticiasemdestaque.com\/cd\/index.php?rest_route=\/wp\/v2\/posts"}],"about":[{"href":"https:\/\/noticiasemdestaque.com\/cd\/index.php?rest_route=\/wp\/v2\/types\/post"}],"author":[{"embeddable":true,"href":"https:\/\/noticiasemdestaque.com\/cd\/index.php?rest_route=\/wp\/v2\/users\/2"}],"replies":[{"embeddable":true,"href":"https:\/\/noticiasemdestaque.com\/cd\/index.php?rest_route=%2Fwp%2Fv2%2Fcomments&post=45499"}],"version-history":[{"count":3,"href":"https:\/\/noticiasemdestaque.com\/cd\/index.php?rest_route=\/wp\/v2\/posts\/45499\/revisions"}],"predecessor-version":[{"id":45504,"href":"https:\/\/noticiasemdestaque.com\/cd\/index.php?rest_route=\/wp\/v2\/posts\/45499\/revisions\/45504"}],"wp:featuredmedia":[{"embeddable":true,"href":"https:\/\/noticiasemdestaque.com\/cd\/index.php?rest_route=\/wp\/v2\/media\/45502"}],"wp:attachment":[{"href":"https:\/\/noticiasemdestaque.com\/cd\/index.php?rest_route=%2Fwp%2Fv2%2Fmedia&parent=45499"}],"wp:term":[{"taxonomy":"category","embeddable":true,"href":"https:\/\/noticiasemdestaque.com\/cd\/index.php?rest_route=%2Fwp%2Fv2%2Fcategories&post=45499"},{"taxonomy":"post_tag","embeddable":true,"href":"https:\/\/noticiasemdestaque.com\/cd\/index.php?rest_route=%2Fwp%2Fv2%2Ftags&post=45499"}],"curies":[{"name":"wp","href":"https:\/\/api.w.org\/{rel}","templated":true}]}}