{"id":45496,"date":"2023-01-15T14:31:07","date_gmt":"2023-01-15T17:31:07","guid":{"rendered":"https:\/\/noticiasemdestaque.com\/cd\/?p=45496"},"modified":"2023-01-15T14:31:07","modified_gmt":"2023-01-15T17:31:07","slug":"governo-do-estado-reajusta-salarios-de-policiais-e-magisterio-veja-os-valores-por-funcao","status":"publish","type":"post","link":"https:\/\/noticiasemdestaque.com\/cd\/?p=45496","title":{"rendered":"Governo do Estado reajusta sal\u00e1rios de policiais e magist\u00e9rio; veja os valores por fun\u00e7\u00e3o"},"content":{"rendered":"<p><a href=\"https:\/\/noticiasemdestaque.com\/cd\/wp-content\/uploads\/2023\/01\/policia_militar_foto-divulgacao-740x414-1.jpg\"><img fetchpriority=\"high\" decoding=\"async\" class=\"alignnone  wp-image-45497\" src=\"https:\/\/noticiasemdestaque.com\/cd\/wp-content\/uploads\/2023\/01\/policia_militar_foto-divulgacao-740x414-1-300x168.jpg\" alt=\"\" width=\"1084\" height=\"607\" srcset=\"https:\/\/noticiasemdestaque.com\/cd\/wp-content\/uploads\/2023\/01\/policia_militar_foto-divulgacao-740x414-1-300x168.jpg 300w, https:\/\/noticiasemdestaque.com\/cd\/wp-content\/uploads\/2023\/01\/policia_militar_foto-divulgacao-740x414-1-18x10.jpg 18w, https:\/\/noticiasemdestaque.com\/cd\/wp-content\/uploads\/2023\/01\/policia_militar_foto-divulgacao-740x414-1.jpg 740w\" sizes=\"(max-width: 1084px) 100vw, 1084px\" \/><\/a><\/p>\n<p>O Governo do Estado definiu o reajuste salarial para o magist\u00e9rio, Corpo de Bombeiros, Pol\u00edcia Militar, Pol\u00edcia Civil e Pol\u00edcia Penal. Al\u00e9m disso, incorporou percentual das Bolsas Desempenho dessas categorias. A medida provis\u00f3ria com as mudan\u00e7as, que j\u00e1 est\u00e3o em vigor, foi assinada pelo governador Jo\u00e3o Azev\u00eado e publicada na edi\u00e7\u00e3o deste s\u00e1bado (14) do Di\u00e1rio Oficial do Estado (DOE).<\/p>\n<h2><strong>Magist\u00e9rio<\/strong><\/h2>\n<p>Para os professores, a publica\u00e7\u00e3o detalha que o reajuste ser\u00e1 de 14,94%, seguindo o que foi determinado pelo Piso Nacional. O pagamento ter\u00e1 data retroativa a 1\u00ba de janeiro. A Bolsa Desempenho, paga atualmente a todos os professores da ativa, tamb\u00e9m fica incorporada ao vencimento do Grupo Ocupacional do Magist\u00e9rio, no percentual de 20% do valor pago em janeiro de 2022 \u00e0 categoria.<\/p>\n<figure class=\"wp-block-image\"><img decoding=\"async\" class=\"wp-image-707832\" src=\"https:\/\/paraiba.com.br\/wp-content\/uploads\/2023\/01\/cats-30.jpg\" alt=\"\" \/><figcaption><strong>Imagem reprodu\u00e7\u00e3o \u2013 (Foto: Di\u00e1rio Oficial do Estado)<\/strong><\/figcaption><\/figure>\n<h2><strong>Seguran\u00e7a p\u00fablica<\/strong><\/h2>\n<p>J\u00e1 na seguran\u00e7a p\u00fablica o aumento \u00e9 de acordo com o posto de gradua\u00e7\u00e3o. O Estado fica autorizado, por meio de sua Procuradoria, a fazer um acordo judicial com o sindicato da categoria para incorpora\u00e7\u00e3o dos 60% restantes. A incorpora\u00e7\u00e3o da Bolsa Desempenho ser\u00e1 implantada no m\u00eas de junho deste ano. Confira:<\/p>\n<figure class=\"wp-block-image\"><img decoding=\"async\" class=\"wp-image-707825\" src=\"https:\/\/paraiba.com.br\/wp-content\/uploads\/2023\/01\/01.jpg\" alt=\"\" \/><\/figure>\n<figure class=\"wp-block-image\"><img decoding=\"async\" class=\"wp-image-707826\" src=\"https:\/\/paraiba.com.br\/wp-content\/uploads\/2023\/01\/02.jpg\" alt=\"\" \/><\/figure>\n<figure class=\"wp-block-image\"><img decoding=\"async\" class=\"wp-image-707827\" src=\"https:\/\/paraiba.com.br\/wp-content\/uploads\/2023\/01\/03.jpg\" alt=\"\" \/><\/figure>\n<figure class=\"wp-block-image\"><img decoding=\"async\" class=\"wp-image-707828\" src=\"https:\/\/paraiba.com.br\/wp-content\/uploads\/2023\/01\/04.jpg\" alt=\"\" \/><\/figure>\n<figure class=\"wp-block-image\"><img decoding=\"async\" class=\"wp-image-707829\" src=\"https:\/\/paraiba.com.br\/wp-content\/uploads\/2023\/01\/06.jpg\" alt=\"\" \/><\/figure>\n<figure class=\"wp-block-image\"><img decoding=\"async\" class=\"wp-image-707830\" src=\"https:\/\/paraiba.com.br\/wp-content\/uploads\/2023\/01\/07.jpg\" alt=\"\" \/><\/figure>\n<figure class=\"wp-block-image\"><img decoding=\"async\" class=\"wp-image-707831\" src=\"https:\/\/paraiba.com.br\/wp-content\/uploads\/2023\/01\/08.jpg\" alt=\"\" \/><\/figure>\n<p><strong>Noticias em Destaque<\/strong><\/p>\n<p style=\"text-align: right;\"><em>Fonte: Paraiba Mix<\/em><\/p>\n","protected":false},"excerpt":{"rendered":"<p>O Governo do Estado definiu o reajuste salarial para o magist\u00e9rio, Corpo de Bombeiros, Pol\u00edcia Militar, Pol\u00edcia Civil e Pol\u00edcia Penal. Al\u00e9m disso, incorporou percentual das Bolsas Desempenho dessas categorias. A medida provis\u00f3ria com as mudan\u00e7as, que j\u00e1 est\u00e3o em vigor, foi assinada pelo governador Jo\u00e3o Azev\u00eado e publicada na edi\u00e7\u00e3o deste s\u00e1bado (14) do Di\u00e1rio Oficial do Estado (DOE). Magist\u00e9rio Para os professores, a publica\u00e7\u00e3o detalha que o reajuste ser\u00e1 de 14,94%, seguindo o que foi determinado pelo Piso Nacional. O pagamento ter\u00e1 data retroativa a 1\u00ba de janeiro. A Bolsa Desempenho, paga atualmente a todos os professores da ativa, tamb\u00e9m fica incorporada ao vencimento do Grupo Ocupacional do Magist\u00e9rio, no percentual de 20% do valor pago em janeiro de 2022 \u00e0 categoria. Imagem reprodu\u00e7\u00e3o \u2013 (Foto: Di\u00e1rio Oficial do Estado) Seguran\u00e7a p\u00fablica J\u00e1 na seguran\u00e7a p\u00fablica o aumento \u00e9 de acordo com o posto de gradua\u00e7\u00e3o. O Estado fica autorizado, por meio de sua Procuradoria, a fazer um acordo judicial com o sindicato da categoria para incorpora\u00e7\u00e3o dos 60% restantes. A incorpora\u00e7\u00e3o da Bolsa Desempenho ser\u00e1 implantada no m\u00eas de junho deste ano. Confira: Noticias em Destaque Fonte: Paraiba Mix<\/p>\n","protected":false},"author":2,"featured_media":45497,"comment_status":"closed","ping_status":"open","sticky":false,"template":"","format":"standard","meta":{"_eb_attr":"","_jetpack_memberships_contains_paid_content":false,"footnotes":""},"categories":[20],"tags":[],"class_list":["post-45496","post","type-post","status-publish","format-standard","has-post-thumbnail","hentry","category-policia"],"yoast_head":"<!-- This site is optimized with the Yoast SEO plugin v26.5 - https:\/\/yoast.com\/wordpress\/plugins\/seo\/ -->\n<title>Governo do Estado reajusta sal\u00e1rios de policiais e magist\u00e9rio; veja os valores por fun\u00e7\u00e3o - Not&iacute;cias em Destaque<\/title>\n<meta name=\"robots\" content=\"index, follow, max-snippet:-1, max-image-preview:large, max-video-preview:-1\" \/>\n<link rel=\"canonical\" href=\"https:\/\/noticiasemdestaque.com\/cd\/?p=45496\" \/>\n<meta property=\"og:locale\" content=\"pt_BR\" \/>\n<meta property=\"og:type\" content=\"article\" \/>\n<meta property=\"og:title\" content=\"Governo do Estado reajusta sal\u00e1rios de policiais e magist\u00e9rio; veja os valores por fun\u00e7\u00e3o - Not&iacute;cias em Destaque\" \/>\n<meta property=\"og:description\" content=\"O Governo do Estado definiu o reajuste salarial para o magist\u00e9rio, Corpo de Bombeiros, Pol\u00edcia Militar, Pol\u00edcia Civil e Pol\u00edcia Penal. Al\u00e9m disso, incorporou percentual das Bolsas Desempenho dessas categorias. A medida provis\u00f3ria com as mudan\u00e7as, que j\u00e1 est\u00e3o em vigor, foi assinada pelo governador Jo\u00e3o Azev\u00eado e publicada na edi\u00e7\u00e3o deste s\u00e1bado (14) do Di\u00e1rio Oficial do Estado (DOE). Magist\u00e9rio Para os professores, a publica\u00e7\u00e3o detalha que o reajuste ser\u00e1 de 14,94%, seguindo o que foi determinado pelo Piso Nacional. O pagamento ter\u00e1 data retroativa a 1\u00ba de janeiro. A Bolsa Desempenho, paga atualmente a todos os professores da ativa, tamb\u00e9m fica incorporada ao vencimento do Grupo Ocupacional do Magist\u00e9rio, no percentual de 20% do valor pago em janeiro de 2022 \u00e0 categoria. Imagem reprodu\u00e7\u00e3o \u2013 (Foto: Di\u00e1rio Oficial do Estado) Seguran\u00e7a p\u00fablica J\u00e1 na seguran\u00e7a p\u00fablica o aumento \u00e9 de acordo com o posto de gradua\u00e7\u00e3o. O Estado fica autorizado, por meio de sua Procuradoria, a fazer um acordo judicial com o sindicato da categoria para incorpora\u00e7\u00e3o dos 60% restantes. A incorpora\u00e7\u00e3o da Bolsa Desempenho ser\u00e1 implantada no m\u00eas de junho deste ano. Confira: Noticias em Destaque Fonte: Paraiba Mix\" \/>\n<meta property=\"og:url\" content=\"https:\/\/noticiasemdestaque.com\/cd\/?p=45496\" \/>\n<meta property=\"og:site_name\" content=\"Not&iacute;cias em Destaque\" \/>\n<meta property=\"article:published_time\" content=\"2023-01-15T17:31:07+00:00\" \/>\n<meta property=\"og:image\" content=\"https:\/\/noticiasemdestaque.com\/cd\/wp-content\/uploads\/2023\/01\/policia_militar_foto-divulgacao-740x414-1.jpg\" \/>\n\t<meta property=\"og:image:width\" content=\"740\" \/>\n\t<meta property=\"og:image:height\" content=\"414\" \/>\n\t<meta property=\"og:image:type\" content=\"image\/jpeg\" \/>\n<meta name=\"author\" content=\"Not\u00edcias em Destaque\" \/>\n<meta name=\"twitter:card\" content=\"summary_large_image\" \/>\n<meta name=\"twitter:label1\" content=\"Escrito por\" \/>\n\t<meta name=\"twitter:data1\" content=\"Not\u00edcias em Destaque\" \/>\n\t<meta name=\"twitter:label2\" content=\"Est. tempo de leitura\" \/>\n\t<meta name=\"twitter:data2\" content=\"3 minutos\" \/>\n<script type=\"application\/ld+json\" class=\"yoast-schema-graph\">{\"@context\":\"https:\/\/schema.org\",\"@graph\":[{\"@type\":\"Article\",\"@id\":\"https:\/\/noticiasemdestaque.com\/cd\/?p=45496#article\",\"isPartOf\":{\"@id\":\"https:\/\/noticiasemdestaque.com\/cd\/?p=45496\"},\"author\":{\"name\":\"Not\u00edcias em Destaque\",\"@id\":\"https:\/\/noticiasemdestaque.com\/cd\/#\/schema\/person\/47f7d4f55eec17c6b2ca036c5500f6ce\"},\"headline\":\"Governo do Estado reajusta sal\u00e1rios de policiais e magist\u00e9rio; veja os valores por fun\u00e7\u00e3o\",\"datePublished\":\"2023-01-15T17:31:07+00:00\",\"mainEntityOfPage\":{\"@id\":\"https:\/\/noticiasemdestaque.com\/cd\/?p=45496\"},\"wordCount\":227,\"publisher\":{\"@id\":\"https:\/\/noticiasemdestaque.com\/cd\/#organization\"},\"image\":{\"@id\":\"https:\/\/noticiasemdestaque.com\/cd\/?p=45496#primaryimage\"},\"thumbnailUrl\":\"https:\/\/noticiasemdestaque.com\/cd\/wp-content\/uploads\/2023\/01\/policia_militar_foto-divulgacao-740x414-1.jpg\",\"articleSection\":[\"Pol\u00edcia\"],\"inLanguage\":\"pt-BR\"},{\"@type\":\"WebPage\",\"@id\":\"https:\/\/noticiasemdestaque.com\/cd\/?p=45496\",\"url\":\"https:\/\/noticiasemdestaque.com\/cd\/?p=45496\",\"name\":\"Governo do Estado reajusta sal\u00e1rios de policiais e magist\u00e9rio; veja os valores por fun\u00e7\u00e3o - Not&iacute;cias em Destaque\",\"isPartOf\":{\"@id\":\"https:\/\/noticiasemdestaque.com\/cd\/#website\"},\"primaryImageOfPage\":{\"@id\":\"https:\/\/noticiasemdestaque.com\/cd\/?p=45496#primaryimage\"},\"image\":{\"@id\":\"https:\/\/noticiasemdestaque.com\/cd\/?p=45496#primaryimage\"},\"thumbnailUrl\":\"https:\/\/noticiasemdestaque.com\/cd\/wp-content\/uploads\/2023\/01\/policia_militar_foto-divulgacao-740x414-1.jpg\",\"datePublished\":\"2023-01-15T17:31:07+00:00\",\"breadcrumb\":{\"@id\":\"https:\/\/noticiasemdestaque.com\/cd\/?p=45496#breadcrumb\"},\"inLanguage\":\"pt-BR\",\"potentialAction\":[{\"@type\":\"ReadAction\",\"target\":[\"https:\/\/noticiasemdestaque.com\/cd\/?p=45496\"]}]},{\"@type\":\"ImageObject\",\"inLanguage\":\"pt-BR\",\"@id\":\"https:\/\/noticiasemdestaque.com\/cd\/?p=45496#primaryimage\",\"url\":\"https:\/\/noticiasemdestaque.com\/cd\/wp-content\/uploads\/2023\/01\/policia_militar_foto-divulgacao-740x414-1.jpg\",\"contentUrl\":\"https:\/\/noticiasemdestaque.com\/cd\/wp-content\/uploads\/2023\/01\/policia_militar_foto-divulgacao-740x414-1.jpg\",\"width\":740,\"height\":414},{\"@type\":\"BreadcrumbList\",\"@id\":\"https:\/\/noticiasemdestaque.com\/cd\/?p=45496#breadcrumb\",\"itemListElement\":[{\"@type\":\"ListItem\",\"position\":1,\"name\":\"In\u00edcio\",\"item\":\"https:\/\/noticiasemdestaque.com\/cd\/\"},{\"@type\":\"ListItem\",\"position\":2,\"name\":\"Governo do Estado reajusta sal\u00e1rios de policiais e magist\u00e9rio; veja os valores por fun\u00e7\u00e3o\"}]},{\"@type\":\"WebSite\",\"@id\":\"https:\/\/noticiasemdestaque.com\/cd\/#website\",\"url\":\"https:\/\/noticiasemdestaque.com\/cd\/\",\"name\":\"Not&iacute;cias em Destaque\",\"description\":\"\",\"publisher\":{\"@id\":\"https:\/\/noticiasemdestaque.com\/cd\/#organization\"},\"potentialAction\":[{\"@type\":\"SearchAction\",\"target\":{\"@type\":\"EntryPoint\",\"urlTemplate\":\"https:\/\/noticiasemdestaque.com\/cd\/?s={search_term_string}\"},\"query-input\":{\"@type\":\"PropertyValueSpecification\",\"valueRequired\":true,\"valueName\":\"search_term_string\"}}],\"inLanguage\":\"pt-BR\"},{\"@type\":\"Organization\",\"@id\":\"https:\/\/noticiasemdestaque.com\/cd\/#organization\",\"name\":\"Not\u00edcias em Destaque\",\"url\":\"https:\/\/noticiasemdestaque.com\/cd\/\",\"logo\":{\"@type\":\"ImageObject\",\"inLanguage\":\"pt-BR\",\"@id\":\"https:\/\/noticiasemdestaque.com\/cd\/#\/schema\/logo\/image\/\",\"url\":\"https:\/\/noticiasemdestaque.com\/cd\/wp-content\/uploads\/2022\/05\/imagem-base-noticiasemdestaque.png\",\"contentUrl\":\"https:\/\/noticiasemdestaque.com\/cd\/wp-content\/uploads\/2022\/05\/imagem-base-noticiasemdestaque.png\",\"width\":1200,\"height\":630,\"caption\":\"Not\u00edcias em Destaque\"},\"image\":{\"@id\":\"https:\/\/noticiasemdestaque.com\/cd\/#\/schema\/logo\/image\/\"}},{\"@type\":\"Person\",\"@id\":\"https:\/\/noticiasemdestaque.com\/cd\/#\/schema\/person\/47f7d4f55eec17c6b2ca036c5500f6ce\",\"name\":\"Not\u00edcias em Destaque\",\"url\":\"https:\/\/noticiasemdestaque.com\/cd\/?author=2\"}]}<\/script>\n<!-- \/ Yoast SEO plugin. -->","yoast_head_json":{"title":"Governo do Estado reajusta sal\u00e1rios de policiais e magist\u00e9rio; veja os valores por fun\u00e7\u00e3o - Not&iacute;cias em Destaque","robots":{"index":"index","follow":"follow","max-snippet":"max-snippet:-1","max-image-preview":"max-image-preview:large","max-video-preview":"max-video-preview:-1"},"canonical":"https:\/\/noticiasemdestaque.com\/cd\/?p=45496","og_locale":"pt_BR","og_type":"article","og_title":"Governo do Estado reajusta sal\u00e1rios de policiais e magist\u00e9rio; veja os valores por fun\u00e7\u00e3o - Not&iacute;cias em Destaque","og_description":"O Governo do Estado definiu o reajuste salarial para o magist\u00e9rio, Corpo de Bombeiros, Pol\u00edcia Militar, Pol\u00edcia Civil e Pol\u00edcia Penal. Al\u00e9m disso, incorporou percentual das Bolsas Desempenho dessas categorias. A medida provis\u00f3ria com as mudan\u00e7as, que j\u00e1 est\u00e3o em vigor, foi assinada pelo governador Jo\u00e3o Azev\u00eado e publicada na edi\u00e7\u00e3o deste s\u00e1bado (14) do Di\u00e1rio Oficial do Estado (DOE). Magist\u00e9rio Para os professores, a publica\u00e7\u00e3o detalha que o reajuste ser\u00e1 de 14,94%, seguindo o que foi determinado pelo Piso Nacional. O pagamento ter\u00e1 data retroativa a 1\u00ba de janeiro. A Bolsa Desempenho, paga atualmente a todos os professores da ativa, tamb\u00e9m fica incorporada ao vencimento do Grupo Ocupacional do Magist\u00e9rio, no percentual de 20% do valor pago em janeiro de 2022 \u00e0 categoria. Imagem reprodu\u00e7\u00e3o \u2013 (Foto: Di\u00e1rio Oficial do Estado) Seguran\u00e7a p\u00fablica J\u00e1 na seguran\u00e7a p\u00fablica o aumento \u00e9 de acordo com o posto de gradua\u00e7\u00e3o. O Estado fica autorizado, por meio de sua Procuradoria, a fazer um acordo judicial com o sindicato da categoria para incorpora\u00e7\u00e3o dos 60% restantes. A incorpora\u00e7\u00e3o da Bolsa Desempenho ser\u00e1 implantada no m\u00eas de junho deste ano. Confira: Noticias em Destaque Fonte: Paraiba Mix","og_url":"https:\/\/noticiasemdestaque.com\/cd\/?p=45496","og_site_name":"Not&iacute;cias em Destaque","article_published_time":"2023-01-15T17:31:07+00:00","og_image":[{"width":740,"height":414,"url":"https:\/\/noticiasemdestaque.com\/cd\/wp-content\/uploads\/2023\/01\/policia_militar_foto-divulgacao-740x414-1.jpg","type":"image\/jpeg"}],"author":"Not\u00edcias em Destaque","twitter_card":"summary_large_image","twitter_misc":{"Escrito por":"Not\u00edcias em Destaque","Est. tempo de leitura":"3 minutos"},"schema":{"@context":"https:\/\/schema.org","@graph":[{"@type":"Article","@id":"https:\/\/noticiasemdestaque.com\/cd\/?p=45496#article","isPartOf":{"@id":"https:\/\/noticiasemdestaque.com\/cd\/?p=45496"},"author":{"name":"Not\u00edcias em Destaque","@id":"https:\/\/noticiasemdestaque.com\/cd\/#\/schema\/person\/47f7d4f55eec17c6b2ca036c5500f6ce"},"headline":"Governo do Estado reajusta sal\u00e1rios de policiais e magist\u00e9rio; veja os valores por fun\u00e7\u00e3o","datePublished":"2023-01-15T17:31:07+00:00","mainEntityOfPage":{"@id":"https:\/\/noticiasemdestaque.com\/cd\/?p=45496"},"wordCount":227,"publisher":{"@id":"https:\/\/noticiasemdestaque.com\/cd\/#organization"},"image":{"@id":"https:\/\/noticiasemdestaque.com\/cd\/?p=45496#primaryimage"},"thumbnailUrl":"https:\/\/noticiasemdestaque.com\/cd\/wp-content\/uploads\/2023\/01\/policia_militar_foto-divulgacao-740x414-1.jpg","articleSection":["Pol\u00edcia"],"inLanguage":"pt-BR"},{"@type":"WebPage","@id":"https:\/\/noticiasemdestaque.com\/cd\/?p=45496","url":"https:\/\/noticiasemdestaque.com\/cd\/?p=45496","name":"Governo do Estado reajusta sal\u00e1rios de policiais e magist\u00e9rio; veja os valores por fun\u00e7\u00e3o - Not&iacute;cias em Destaque","isPartOf":{"@id":"https:\/\/noticiasemdestaque.com\/cd\/#website"},"primaryImageOfPage":{"@id":"https:\/\/noticiasemdestaque.com\/cd\/?p=45496#primaryimage"},"image":{"@id":"https:\/\/noticiasemdestaque.com\/cd\/?p=45496#primaryimage"},"thumbnailUrl":"https:\/\/noticiasemdestaque.com\/cd\/wp-content\/uploads\/2023\/01\/policia_militar_foto-divulgacao-740x414-1.jpg","datePublished":"2023-01-15T17:31:07+00:00","breadcrumb":{"@id":"https:\/\/noticiasemdestaque.com\/cd\/?p=45496#breadcrumb"},"inLanguage":"pt-BR","potentialAction":[{"@type":"ReadAction","target":["https:\/\/noticiasemdestaque.com\/cd\/?p=45496"]}]},{"@type":"ImageObject","inLanguage":"pt-BR","@id":"https:\/\/noticiasemdestaque.com\/cd\/?p=45496#primaryimage","url":"https:\/\/noticiasemdestaque.com\/cd\/wp-content\/uploads\/2023\/01\/policia_militar_foto-divulgacao-740x414-1.jpg","contentUrl":"https:\/\/noticiasemdestaque.com\/cd\/wp-content\/uploads\/2023\/01\/policia_militar_foto-divulgacao-740x414-1.jpg","width":740,"height":414},{"@type":"BreadcrumbList","@id":"https:\/\/noticiasemdestaque.com\/cd\/?p=45496#breadcrumb","itemListElement":[{"@type":"ListItem","position":1,"name":"In\u00edcio","item":"https:\/\/noticiasemdestaque.com\/cd\/"},{"@type":"ListItem","position":2,"name":"Governo do Estado reajusta sal\u00e1rios de policiais e magist\u00e9rio; veja os valores por fun\u00e7\u00e3o"}]},{"@type":"WebSite","@id":"https:\/\/noticiasemdestaque.com\/cd\/#website","url":"https:\/\/noticiasemdestaque.com\/cd\/","name":"Not&iacute;cias em Destaque","description":"","publisher":{"@id":"https:\/\/noticiasemdestaque.com\/cd\/#organization"},"potentialAction":[{"@type":"SearchAction","target":{"@type":"EntryPoint","urlTemplate":"https:\/\/noticiasemdestaque.com\/cd\/?s={search_term_string}"},"query-input":{"@type":"PropertyValueSpecification","valueRequired":true,"valueName":"search_term_string"}}],"inLanguage":"pt-BR"},{"@type":"Organization","@id":"https:\/\/noticiasemdestaque.com\/cd\/#organization","name":"Not\u00edcias em Destaque","url":"https:\/\/noticiasemdestaque.com\/cd\/","logo":{"@type":"ImageObject","inLanguage":"pt-BR","@id":"https:\/\/noticiasemdestaque.com\/cd\/#\/schema\/logo\/image\/","url":"https:\/\/noticiasemdestaque.com\/cd\/wp-content\/uploads\/2022\/05\/imagem-base-noticiasemdestaque.png","contentUrl":"https:\/\/noticiasemdestaque.com\/cd\/wp-content\/uploads\/2022\/05\/imagem-base-noticiasemdestaque.png","width":1200,"height":630,"caption":"Not\u00edcias em Destaque"},"image":{"@id":"https:\/\/noticiasemdestaque.com\/cd\/#\/schema\/logo\/image\/"}},{"@type":"Person","@id":"https:\/\/noticiasemdestaque.com\/cd\/#\/schema\/person\/47f7d4f55eec17c6b2ca036c5500f6ce","name":"Not\u00edcias em Destaque","url":"https:\/\/noticiasemdestaque.com\/cd\/?author=2"}]}},"jetpack_featured_media_url":"https:\/\/noticiasemdestaque.com\/cd\/wp-content\/uploads\/2023\/01\/policia_militar_foto-divulgacao-740x414-1.jpg","jetpack_sharing_enabled":true,"_links":{"self":[{"href":"https:\/\/noticiasemdestaque.com\/cd\/index.php?rest_route=\/wp\/v2\/posts\/45496","targetHints":{"allow":["GET"]}}],"collection":[{"href":"https:\/\/noticiasemdestaque.com\/cd\/index.php?rest_route=\/wp\/v2\/posts"}],"about":[{"href":"https:\/\/noticiasemdestaque.com\/cd\/index.php?rest_route=\/wp\/v2\/types\/post"}],"author":[{"embeddable":true,"href":"https:\/\/noticiasemdestaque.com\/cd\/index.php?rest_route=\/wp\/v2\/users\/2"}],"replies":[{"embeddable":true,"href":"https:\/\/noticiasemdestaque.com\/cd\/index.php?rest_route=%2Fwp%2Fv2%2Fcomments&post=45496"}],"version-history":[{"count":1,"href":"https:\/\/noticiasemdestaque.com\/cd\/index.php?rest_route=\/wp\/v2\/posts\/45496\/revisions"}],"predecessor-version":[{"id":45498,"href":"https:\/\/noticiasemdestaque.com\/cd\/index.php?rest_route=\/wp\/v2\/posts\/45496\/revisions\/45498"}],"wp:featuredmedia":[{"embeddable":true,"href":"https:\/\/noticiasemdestaque.com\/cd\/index.php?rest_route=\/wp\/v2\/media\/45497"}],"wp:attachment":[{"href":"https:\/\/noticiasemdestaque.com\/cd\/index.php?rest_route=%2Fwp%2Fv2%2Fmedia&parent=45496"}],"wp:term":[{"taxonomy":"category","embeddable":true,"href":"https:\/\/noticiasemdestaque.com\/cd\/index.php?rest_route=%2Fwp%2Fv2%2Fcategories&post=45496"},{"taxonomy":"post_tag","embeddable":true,"href":"https:\/\/noticiasemdestaque.com\/cd\/index.php?rest_route=%2Fwp%2Fv2%2Ftags&post=45496"}],"curies":[{"name":"wp","href":"https:\/\/api.w.org\/{rel}","templated":true}]}}