{"id":45491,"date":"2023-01-14T11:08:14","date_gmt":"2023-01-14T14:08:14","guid":{"rendered":"https:\/\/noticiasemdestaque.com\/cd\/?p=45491"},"modified":"2023-01-14T11:29:39","modified_gmt":"2023-01-14T14:29:39","slug":"prefeitura-divulga-programacao-completa-da-festa-de-emancipacao-politica-de-ouro-velho","status":"publish","type":"post","link":"https:\/\/noticiasemdestaque.com\/cd\/?p=45491","title":{"rendered":"Prefeitura divulga programa\u00e7\u00e3o completa da Festa de Emancipa\u00e7\u00e3o Pol\u00edtica de Ouro Velho"},"content":{"rendered":"<p><a href=\"https:\/\/noticiasemdestaque.com\/cd\/wp-content\/uploads\/2023\/01\/WhatsApp-Image-2023-01-14-at-10.58.41.jpeg\"><img fetchpriority=\"high\" decoding=\"async\" class=\"alignnone wp-image-45493\" src=\"https:\/\/noticiasemdestaque.com\/cd\/wp-content\/uploads\/2023\/01\/WhatsApp-Image-2023-01-14-at-10.58.41-300x199.jpeg\" alt=\"\" width=\"1030\" height=\"683\" srcset=\"https:\/\/noticiasemdestaque.com\/cd\/wp-content\/uploads\/2023\/01\/WhatsApp-Image-2023-01-14-at-10.58.41-300x199.jpeg 300w, https:\/\/noticiasemdestaque.com\/cd\/wp-content\/uploads\/2023\/01\/WhatsApp-Image-2023-01-14-at-10.58.41-768x508.jpeg 768w, https:\/\/noticiasemdestaque.com\/cd\/wp-content\/uploads\/2023\/01\/WhatsApp-Image-2023-01-14-at-10.58.41-18x12.jpeg 18w, https:\/\/noticiasemdestaque.com\/cd\/wp-content\/uploads\/2023\/01\/WhatsApp-Image-2023-01-14-at-10.58.41.jpeg 1000w\" sizes=\"(max-width: 1030px) 100vw, 1030px\" \/><\/a><\/p>\n<p>A Prefeitura de Ouro Velho, atrav\u00e9s do prefeito Dr. Augusto Valadares, divulgou a programa\u00e7\u00e3o completa da Festa de Emancipa\u00e7\u00e3o Pol\u00edtica do munic\u00edpio.<\/p>\n<p>O evento contar\u00e1 com inaugura\u00e7\u00f5es, ordens de servi\u00e7os, an\u00fancios de investimentos e shows municipais.<\/p>\n<p>Confira a programa\u00e7\u00e3o:<\/p>\n<p><a href=\"https:\/\/noticiasemdestaque.com\/cd\/wp-content\/uploads\/2023\/01\/WhatsApp-Image-2023-01-14-at-10.58.24.jpeg\"><img decoding=\"async\" class=\"wp-image-45492 aligncenter\" src=\"https:\/\/noticiasemdestaque.com\/cd\/wp-content\/uploads\/2023\/01\/WhatsApp-Image-2023-01-14-at-10.58.24-248x300.jpeg\" alt=\"\" width=\"444\" height=\"537\" srcset=\"https:\/\/noticiasemdestaque.com\/cd\/wp-content\/uploads\/2023\/01\/WhatsApp-Image-2023-01-14-at-10.58.24-248x300.jpeg 248w, https:\/\/noticiasemdestaque.com\/cd\/wp-content\/uploads\/2023\/01\/WhatsApp-Image-2023-01-14-at-10.58.24-846x1024.jpeg 846w, https:\/\/noticiasemdestaque.com\/cd\/wp-content\/uploads\/2023\/01\/WhatsApp-Image-2023-01-14-at-10.58.24-768x930.jpeg 768w, https:\/\/noticiasemdestaque.com\/cd\/wp-content\/uploads\/2023\/01\/WhatsApp-Image-2023-01-14-at-10.58.24-10x12.jpeg 10w, https:\/\/noticiasemdestaque.com\/cd\/wp-content\/uploads\/2023\/01\/WhatsApp-Image-2023-01-14-at-10.58.24.jpeg 1057w\" sizes=\"(max-width: 444px) 100vw, 444px\" \/><\/a><\/p>\n<p><strong>Not\u00edcias em Destaque<\/strong><\/p>\n","protected":false},"excerpt":{"rendered":"<p>A Prefeitura de Ouro Velho, atrav\u00e9s do prefeito Dr. Augusto Valadares, divulgou a programa\u00e7\u00e3o completa da Festa de Emancipa\u00e7\u00e3o Pol\u00edtica do munic\u00edpio. O evento contar\u00e1 com inaugura\u00e7\u00f5es, ordens de servi\u00e7os, an\u00fancios de investimentos e shows municipais. Confira a programa\u00e7\u00e3o: Not\u00edcias em Destaque<\/p>\n","protected":false},"author":2,"featured_media":45493,"comment_status":"closed","ping_status":"open","sticky":false,"template":"","format":"standard","meta":{"_eb_attr":"","_jetpack_memberships_contains_paid_content":false,"footnotes":""},"categories":[3],"tags":[],"class_list":["post-45491","post","type-post","status-publish","format-standard","has-post-thumbnail","hentry","category-cidades"],"yoast_head":"<!-- This site is optimized with the Yoast SEO plugin v26.5 - https:\/\/yoast.com\/wordpress\/plugins\/seo\/ -->\n<title>Prefeitura divulga programa\u00e7\u00e3o completa da Festa de Emancipa\u00e7\u00e3o Pol\u00edtica de Ouro Velho - Not&iacute;cias em Destaque<\/title>\n<meta name=\"robots\" content=\"index, follow, max-snippet:-1, max-image-preview:large, max-video-preview:-1\" \/>\n<link rel=\"canonical\" href=\"https:\/\/noticiasemdestaque.com\/cd\/?p=45491\" \/>\n<meta property=\"og:locale\" content=\"pt_BR\" \/>\n<meta property=\"og:type\" content=\"article\" \/>\n<meta property=\"og:title\" content=\"Prefeitura divulga programa\u00e7\u00e3o completa da Festa de Emancipa\u00e7\u00e3o Pol\u00edtica de Ouro Velho - Not&iacute;cias em Destaque\" \/>\n<meta property=\"og:description\" content=\"A Prefeitura de Ouro Velho, atrav\u00e9s do prefeito Dr. Augusto Valadares, divulgou a programa\u00e7\u00e3o completa da Festa de Emancipa\u00e7\u00e3o Pol\u00edtica do munic\u00edpio. O evento contar\u00e1 com inaugura\u00e7\u00f5es, ordens de servi\u00e7os, an\u00fancios de investimentos e shows municipais. Confira a programa\u00e7\u00e3o: Not\u00edcias em Destaque\" \/>\n<meta property=\"og:url\" content=\"https:\/\/noticiasemdestaque.com\/cd\/?p=45491\" \/>\n<meta property=\"og:site_name\" content=\"Not&iacute;cias em Destaque\" \/>\n<meta property=\"article:published_time\" content=\"2023-01-14T14:08:14+00:00\" \/>\n<meta property=\"article:modified_time\" content=\"2023-01-14T14:29:39+00:00\" \/>\n<meta property=\"og:image\" content=\"https:\/\/noticiasemdestaque.com\/cd\/wp-content\/uploads\/2023\/01\/WhatsApp-Image-2023-01-14-at-10.58.41.jpeg\" \/>\n\t<meta property=\"og:image:width\" content=\"1000\" \/>\n\t<meta property=\"og:image:height\" content=\"662\" \/>\n\t<meta property=\"og:image:type\" content=\"image\/jpeg\" \/>\n<meta name=\"author\" content=\"Not\u00edcias em Destaque\" \/>\n<meta name=\"twitter:card\" content=\"summary_large_image\" \/>\n<meta name=\"twitter:label1\" content=\"Escrito por\" \/>\n\t<meta name=\"twitter:data1\" content=\"Not\u00edcias em Destaque\" \/>\n\t<meta name=\"twitter:label2\" content=\"Est. tempo de leitura\" \/>\n\t<meta name=\"twitter:data2\" content=\"1 minuto\" \/>\n<script type=\"application\/ld+json\" class=\"yoast-schema-graph\">{\"@context\":\"https:\/\/schema.org\",\"@graph\":[{\"@type\":\"Article\",\"@id\":\"https:\/\/noticiasemdestaque.com\/cd\/?p=45491#article\",\"isPartOf\":{\"@id\":\"https:\/\/noticiasemdestaque.com\/cd\/?p=45491\"},\"author\":{\"name\":\"Not\u00edcias em Destaque\",\"@id\":\"https:\/\/noticiasemdestaque.com\/cd\/#\/schema\/person\/47f7d4f55eec17c6b2ca036c5500f6ce\"},\"headline\":\"Prefeitura divulga programa\u00e7\u00e3o completa da Festa de Emancipa\u00e7\u00e3o Pol\u00edtica de Ouro Velho\",\"datePublished\":\"2023-01-14T14:08:14+00:00\",\"dateModified\":\"2023-01-14T14:29:39+00:00\",\"mainEntityOfPage\":{\"@id\":\"https:\/\/noticiasemdestaque.com\/cd\/?p=45491\"},\"wordCount\":67,\"publisher\":{\"@id\":\"https:\/\/noticiasemdestaque.com\/cd\/#organization\"},\"image\":{\"@id\":\"https:\/\/noticiasemdestaque.com\/cd\/?p=45491#primaryimage\"},\"thumbnailUrl\":\"https:\/\/noticiasemdestaque.com\/cd\/wp-content\/uploads\/2023\/01\/WhatsApp-Image-2023-01-14-at-10.58.41.jpeg\",\"articleSection\":[\"Cidades\"],\"inLanguage\":\"pt-BR\"},{\"@type\":\"WebPage\",\"@id\":\"https:\/\/noticiasemdestaque.com\/cd\/?p=45491\",\"url\":\"https:\/\/noticiasemdestaque.com\/cd\/?p=45491\",\"name\":\"Prefeitura divulga programa\u00e7\u00e3o completa da Festa de Emancipa\u00e7\u00e3o Pol\u00edtica de Ouro Velho - Not&iacute;cias em Destaque\",\"isPartOf\":{\"@id\":\"https:\/\/noticiasemdestaque.com\/cd\/#website\"},\"primaryImageOfPage\":{\"@id\":\"https:\/\/noticiasemdestaque.com\/cd\/?p=45491#primaryimage\"},\"image\":{\"@id\":\"https:\/\/noticiasemdestaque.com\/cd\/?p=45491#primaryimage\"},\"thumbnailUrl\":\"https:\/\/noticiasemdestaque.com\/cd\/wp-content\/uploads\/2023\/01\/WhatsApp-Image-2023-01-14-at-10.58.41.jpeg\",\"datePublished\":\"2023-01-14T14:08:14+00:00\",\"dateModified\":\"2023-01-14T14:29:39+00:00\",\"breadcrumb\":{\"@id\":\"https:\/\/noticiasemdestaque.com\/cd\/?p=45491#breadcrumb\"},\"inLanguage\":\"pt-BR\",\"potentialAction\":[{\"@type\":\"ReadAction\",\"target\":[\"https:\/\/noticiasemdestaque.com\/cd\/?p=45491\"]}]},{\"@type\":\"ImageObject\",\"inLanguage\":\"pt-BR\",\"@id\":\"https:\/\/noticiasemdestaque.com\/cd\/?p=45491#primaryimage\",\"url\":\"https:\/\/noticiasemdestaque.com\/cd\/wp-content\/uploads\/2023\/01\/WhatsApp-Image-2023-01-14-at-10.58.41.jpeg\",\"contentUrl\":\"https:\/\/noticiasemdestaque.com\/cd\/wp-content\/uploads\/2023\/01\/WhatsApp-Image-2023-01-14-at-10.58.41.jpeg\",\"width\":1000,\"height\":662},{\"@type\":\"BreadcrumbList\",\"@id\":\"https:\/\/noticiasemdestaque.com\/cd\/?p=45491#breadcrumb\",\"itemListElement\":[{\"@type\":\"ListItem\",\"position\":1,\"name\":\"In\u00edcio\",\"item\":\"https:\/\/noticiasemdestaque.com\/cd\/\"},{\"@type\":\"ListItem\",\"position\":2,\"name\":\"Prefeitura divulga programa\u00e7\u00e3o completa da Festa de Emancipa\u00e7\u00e3o Pol\u00edtica de Ouro Velho\"}]},{\"@type\":\"WebSite\",\"@id\":\"https:\/\/noticiasemdestaque.com\/cd\/#website\",\"url\":\"https:\/\/noticiasemdestaque.com\/cd\/\",\"name\":\"Not&iacute;cias em Destaque\",\"description\":\"\",\"publisher\":{\"@id\":\"https:\/\/noticiasemdestaque.com\/cd\/#organization\"},\"potentialAction\":[{\"@type\":\"SearchAction\",\"target\":{\"@type\":\"EntryPoint\",\"urlTemplate\":\"https:\/\/noticiasemdestaque.com\/cd\/?s={search_term_string}\"},\"query-input\":{\"@type\":\"PropertyValueSpecification\",\"valueRequired\":true,\"valueName\":\"search_term_string\"}}],\"inLanguage\":\"pt-BR\"},{\"@type\":\"Organization\",\"@id\":\"https:\/\/noticiasemdestaque.com\/cd\/#organization\",\"name\":\"Not\u00edcias em Destaque\",\"url\":\"https:\/\/noticiasemdestaque.com\/cd\/\",\"logo\":{\"@type\":\"ImageObject\",\"inLanguage\":\"pt-BR\",\"@id\":\"https:\/\/noticiasemdestaque.com\/cd\/#\/schema\/logo\/image\/\",\"url\":\"https:\/\/noticiasemdestaque.com\/cd\/wp-content\/uploads\/2022\/05\/imagem-base-noticiasemdestaque.png\",\"contentUrl\":\"https:\/\/noticiasemdestaque.com\/cd\/wp-content\/uploads\/2022\/05\/imagem-base-noticiasemdestaque.png\",\"width\":1200,\"height\":630,\"caption\":\"Not\u00edcias em Destaque\"},\"image\":{\"@id\":\"https:\/\/noticiasemdestaque.com\/cd\/#\/schema\/logo\/image\/\"}},{\"@type\":\"Person\",\"@id\":\"https:\/\/noticiasemdestaque.com\/cd\/#\/schema\/person\/47f7d4f55eec17c6b2ca036c5500f6ce\",\"name\":\"Not\u00edcias em Destaque\",\"url\":\"https:\/\/noticiasemdestaque.com\/cd\/?author=2\"}]}<\/script>\n<!-- \/ Yoast SEO plugin. -->","yoast_head_json":{"title":"Prefeitura divulga programa\u00e7\u00e3o completa da Festa de Emancipa\u00e7\u00e3o Pol\u00edtica de Ouro Velho - Not&iacute;cias em Destaque","robots":{"index":"index","follow":"follow","max-snippet":"max-snippet:-1","max-image-preview":"max-image-preview:large","max-video-preview":"max-video-preview:-1"},"canonical":"https:\/\/noticiasemdestaque.com\/cd\/?p=45491","og_locale":"pt_BR","og_type":"article","og_title":"Prefeitura divulga programa\u00e7\u00e3o completa da Festa de Emancipa\u00e7\u00e3o Pol\u00edtica de Ouro Velho - Not&iacute;cias em Destaque","og_description":"A Prefeitura de Ouro Velho, atrav\u00e9s do prefeito Dr. Augusto Valadares, divulgou a programa\u00e7\u00e3o completa da Festa de Emancipa\u00e7\u00e3o Pol\u00edtica do munic\u00edpio. O evento contar\u00e1 com inaugura\u00e7\u00f5es, ordens de servi\u00e7os, an\u00fancios de investimentos e shows municipais. Confira a programa\u00e7\u00e3o: Not\u00edcias em Destaque","og_url":"https:\/\/noticiasemdestaque.com\/cd\/?p=45491","og_site_name":"Not&iacute;cias em Destaque","article_published_time":"2023-01-14T14:08:14+00:00","article_modified_time":"2023-01-14T14:29:39+00:00","og_image":[{"width":1000,"height":662,"url":"https:\/\/noticiasemdestaque.com\/cd\/wp-content\/uploads\/2023\/01\/WhatsApp-Image-2023-01-14-at-10.58.41.jpeg","type":"image\/jpeg"}],"author":"Not\u00edcias em Destaque","twitter_card":"summary_large_image","twitter_misc":{"Escrito por":"Not\u00edcias em Destaque","Est. tempo de leitura":"1 minuto"},"schema":{"@context":"https:\/\/schema.org","@graph":[{"@type":"Article","@id":"https:\/\/noticiasemdestaque.com\/cd\/?p=45491#article","isPartOf":{"@id":"https:\/\/noticiasemdestaque.com\/cd\/?p=45491"},"author":{"name":"Not\u00edcias em Destaque","@id":"https:\/\/noticiasemdestaque.com\/cd\/#\/schema\/person\/47f7d4f55eec17c6b2ca036c5500f6ce"},"headline":"Prefeitura divulga programa\u00e7\u00e3o completa da Festa de Emancipa\u00e7\u00e3o Pol\u00edtica de Ouro Velho","datePublished":"2023-01-14T14:08:14+00:00","dateModified":"2023-01-14T14:29:39+00:00","mainEntityOfPage":{"@id":"https:\/\/noticiasemdestaque.com\/cd\/?p=45491"},"wordCount":67,"publisher":{"@id":"https:\/\/noticiasemdestaque.com\/cd\/#organization"},"image":{"@id":"https:\/\/noticiasemdestaque.com\/cd\/?p=45491#primaryimage"},"thumbnailUrl":"https:\/\/noticiasemdestaque.com\/cd\/wp-content\/uploads\/2023\/01\/WhatsApp-Image-2023-01-14-at-10.58.41.jpeg","articleSection":["Cidades"],"inLanguage":"pt-BR"},{"@type":"WebPage","@id":"https:\/\/noticiasemdestaque.com\/cd\/?p=45491","url":"https:\/\/noticiasemdestaque.com\/cd\/?p=45491","name":"Prefeitura divulga programa\u00e7\u00e3o completa da Festa de Emancipa\u00e7\u00e3o Pol\u00edtica de Ouro Velho - Not&iacute;cias em Destaque","isPartOf":{"@id":"https:\/\/noticiasemdestaque.com\/cd\/#website"},"primaryImageOfPage":{"@id":"https:\/\/noticiasemdestaque.com\/cd\/?p=45491#primaryimage"},"image":{"@id":"https:\/\/noticiasemdestaque.com\/cd\/?p=45491#primaryimage"},"thumbnailUrl":"https:\/\/noticiasemdestaque.com\/cd\/wp-content\/uploads\/2023\/01\/WhatsApp-Image-2023-01-14-at-10.58.41.jpeg","datePublished":"2023-01-14T14:08:14+00:00","dateModified":"2023-01-14T14:29:39+00:00","breadcrumb":{"@id":"https:\/\/noticiasemdestaque.com\/cd\/?p=45491#breadcrumb"},"inLanguage":"pt-BR","potentialAction":[{"@type":"ReadAction","target":["https:\/\/noticiasemdestaque.com\/cd\/?p=45491"]}]},{"@type":"ImageObject","inLanguage":"pt-BR","@id":"https:\/\/noticiasemdestaque.com\/cd\/?p=45491#primaryimage","url":"https:\/\/noticiasemdestaque.com\/cd\/wp-content\/uploads\/2023\/01\/WhatsApp-Image-2023-01-14-at-10.58.41.jpeg","contentUrl":"https:\/\/noticiasemdestaque.com\/cd\/wp-content\/uploads\/2023\/01\/WhatsApp-Image-2023-01-14-at-10.58.41.jpeg","width":1000,"height":662},{"@type":"BreadcrumbList","@id":"https:\/\/noticiasemdestaque.com\/cd\/?p=45491#breadcrumb","itemListElement":[{"@type":"ListItem","position":1,"name":"In\u00edcio","item":"https:\/\/noticiasemdestaque.com\/cd\/"},{"@type":"ListItem","position":2,"name":"Prefeitura divulga programa\u00e7\u00e3o completa da Festa de Emancipa\u00e7\u00e3o Pol\u00edtica de Ouro Velho"}]},{"@type":"WebSite","@id":"https:\/\/noticiasemdestaque.com\/cd\/#website","url":"https:\/\/noticiasemdestaque.com\/cd\/","name":"Not&iacute;cias em Destaque","description":"","publisher":{"@id":"https:\/\/noticiasemdestaque.com\/cd\/#organization"},"potentialAction":[{"@type":"SearchAction","target":{"@type":"EntryPoint","urlTemplate":"https:\/\/noticiasemdestaque.com\/cd\/?s={search_term_string}"},"query-input":{"@type":"PropertyValueSpecification","valueRequired":true,"valueName":"search_term_string"}}],"inLanguage":"pt-BR"},{"@type":"Organization","@id":"https:\/\/noticiasemdestaque.com\/cd\/#organization","name":"Not\u00edcias em Destaque","url":"https:\/\/noticiasemdestaque.com\/cd\/","logo":{"@type":"ImageObject","inLanguage":"pt-BR","@id":"https:\/\/noticiasemdestaque.com\/cd\/#\/schema\/logo\/image\/","url":"https:\/\/noticiasemdestaque.com\/cd\/wp-content\/uploads\/2022\/05\/imagem-base-noticiasemdestaque.png","contentUrl":"https:\/\/noticiasemdestaque.com\/cd\/wp-content\/uploads\/2022\/05\/imagem-base-noticiasemdestaque.png","width":1200,"height":630,"caption":"Not\u00edcias em Destaque"},"image":{"@id":"https:\/\/noticiasemdestaque.com\/cd\/#\/schema\/logo\/image\/"}},{"@type":"Person","@id":"https:\/\/noticiasemdestaque.com\/cd\/#\/schema\/person\/47f7d4f55eec17c6b2ca036c5500f6ce","name":"Not\u00edcias em Destaque","url":"https:\/\/noticiasemdestaque.com\/cd\/?author=2"}]}},"jetpack_featured_media_url":"https:\/\/noticiasemdestaque.com\/cd\/wp-content\/uploads\/2023\/01\/WhatsApp-Image-2023-01-14-at-10.58.41.jpeg","jetpack_sharing_enabled":true,"_links":{"self":[{"href":"https:\/\/noticiasemdestaque.com\/cd\/index.php?rest_route=\/wp\/v2\/posts\/45491","targetHints":{"allow":["GET"]}}],"collection":[{"href":"https:\/\/noticiasemdestaque.com\/cd\/index.php?rest_route=\/wp\/v2\/posts"}],"about":[{"href":"https:\/\/noticiasemdestaque.com\/cd\/index.php?rest_route=\/wp\/v2\/types\/post"}],"author":[{"embeddable":true,"href":"https:\/\/noticiasemdestaque.com\/cd\/index.php?rest_route=\/wp\/v2\/users\/2"}],"replies":[{"embeddable":true,"href":"https:\/\/noticiasemdestaque.com\/cd\/index.php?rest_route=%2Fwp%2Fv2%2Fcomments&post=45491"}],"version-history":[{"count":2,"href":"https:\/\/noticiasemdestaque.com\/cd\/index.php?rest_route=\/wp\/v2\/posts\/45491\/revisions"}],"predecessor-version":[{"id":45495,"href":"https:\/\/noticiasemdestaque.com\/cd\/index.php?rest_route=\/wp\/v2\/posts\/45491\/revisions\/45495"}],"wp:featuredmedia":[{"embeddable":true,"href":"https:\/\/noticiasemdestaque.com\/cd\/index.php?rest_route=\/wp\/v2\/media\/45493"}],"wp:attachment":[{"href":"https:\/\/noticiasemdestaque.com\/cd\/index.php?rest_route=%2Fwp%2Fv2%2Fmedia&parent=45491"}],"wp:term":[{"taxonomy":"category","embeddable":true,"href":"https:\/\/noticiasemdestaque.com\/cd\/index.php?rest_route=%2Fwp%2Fv2%2Fcategories&post=45491"},{"taxonomy":"post_tag","embeddable":true,"href":"https:\/\/noticiasemdestaque.com\/cd\/index.php?rest_route=%2Fwp%2Fv2%2Ftags&post=45491"}],"curies":[{"name":"wp","href":"https:\/\/api.w.org\/{rel}","templated":true}]}}