{"id":45488,"date":"2023-01-14T10:37:34","date_gmt":"2023-01-14T13:37:34","guid":{"rendered":"https:\/\/noticiasemdestaque.com\/cd\/?p=45488"},"modified":"2023-01-14T10:37:34","modified_gmt":"2023-01-14T13:37:34","slug":"anderson-torres-e-preso-pela-pf-apos-desembarcar-em-brasilia","status":"publish","type":"post","link":"https:\/\/noticiasemdestaque.com\/cd\/?p=45488","title":{"rendered":"Anderson Torres \u00e9 preso pela PF ap\u00f3s desembarcar em Bras\u00edlia"},"content":{"rendered":"<p><a href=\"https:\/\/noticiasemdestaque.com\/cd\/wp-content\/uploads\/2023\/01\/coletiva-min-justica_mcamgo_abr_281020221818-5.jpg\"><img fetchpriority=\"high\" decoding=\"async\" class=\" wp-image-45489\" src=\"https:\/\/noticiasemdestaque.com\/cd\/wp-content\/uploads\/2023\/01\/coletiva-min-justica_mcamgo_abr_281020221818-5-300x179.jpg\" alt=\"\" width=\"1011\" height=\"603\" srcset=\"https:\/\/noticiasemdestaque.com\/cd\/wp-content\/uploads\/2023\/01\/coletiva-min-justica_mcamgo_abr_281020221818-5-300x179.jpg 300w, https:\/\/noticiasemdestaque.com\/cd\/wp-content\/uploads\/2023\/01\/coletiva-min-justica_mcamgo_abr_281020221818-5-768x459.jpg 768w, https:\/\/noticiasemdestaque.com\/cd\/wp-content\/uploads\/2023\/01\/coletiva-min-justica_mcamgo_abr_281020221818-5-18x12.jpg 18w\" sizes=\"(max-width: 1011px) 100vw, 1011px\" \/><\/a><\/p>\n<p>O ex-ministro da Justi\u00e7a e ex-secret\u00e1rio de Seguran\u00e7a P\u00fablica do Distrito Federal Anderson Torres foi preso na manh\u00e3 de hoje (14) pela Pol\u00edcia Federal (PF). Ele foi detido ao desembarcar no aeroporto de Bras\u00edlia, ap\u00f3s chegar em um voo comercial vindo de Miami, nos Estados Unidos.<img decoding=\"async\" src=\"https:\/\/agenciabrasil.ebc.com.br\/ebc.png?id=1504372&amp;o=node\" \/><img decoding=\"async\" src=\"https:\/\/agenciabrasil.ebc.com.br\/ebc.gif?id=1504372&amp;o=node\" \/><\/p>\n<p>O avi\u00e3o com Torres decolou ontem (13), por volta das 23h30, e chegou a Bras\u00edlia \u00e0s 7h25 de hoje. Um forte esquema de seguran\u00e7a, envolvendo mais de um comboio, foi montado na sa\u00edda do aeroporto. O destino final do ex-ministro ainda n\u00e3o foi divulgado.<\/p>\n<p>O ex-ministro teve a pris\u00e3o determinada na \u00faltima ter\u00e7a-feira (10) pelo ministro do Supremo Tribunal Federal (STF) Alexandre de Moraes, a pedido da PF. Na quarta-feira (11), a\u00a0<a href=\"https:\/\/agenciabrasil.ebc.com.br\/justica\/noticia\/2023-01\/stf-tem-maioria-para-manter-governador-afastado-e-ex-secretario-preso\" target=\"_blank\" rel=\"noopener\">corte validou a decis\u00e3o<\/a>, por 9 votos a 2.<\/p>\n<p>Anderson Torres \u00e9 acusado de omiss\u00e3o e de facilita\u00e7\u00e3o para os atos terroristas em Bras\u00edlia, no \u00faltimo domingo (8), que\u00a0<a href=\"https:\/\/agenciabrasil.ebc.com.br\/geral\/noticia\/2023-01\/manifestantes-invadem-congresso-planalto-e-stf\" target=\"_blank\" rel=\"noopener\">resultou na invas\u00e3o e depreda\u00e7\u00e3o<\/a>\u00a0do Pal\u00e1cio do Planalto, do Congresso Nacional e do STF.<\/p>\n<p>A situa\u00e7\u00e3o de Torres se complicou ap\u00f3s a Pol\u00edcia Federal ter encontrado, em sua casa, uma minuta de decreto de estado de defesa a ser cumprido no Tribunal Superior Eleitoral (TSE).<\/p>\n<p>O ex-ministro nega participa\u00e7\u00e3o na tentativa de golpe de Estado. Assim que a decis\u00e3o de Moraes se tornou p\u00fablica, Torres postou, nas redes sociais, que se entregaria. Em rela\u00e7\u00e3o \u00e0 minuta encontrada em sua casa, ele\u00a0<a href=\"https:\/\/agenciabrasil.ebc.com.br\/justica\/noticia\/2023-01\/torres-diz-que-documento-encontrado-foi-vazado-fora-de-contexto\" target=\"_blank\" rel=\"noopener\">escreveu que o documento<\/a>\u00a0foi vazado \u201cfora de contexto\u201d.<\/p>\n<p><strong>Noticias em Destaque<\/strong><\/p>\n<p style=\"text-align: right;\"><em>Fonte: Agencia Brasil<\/em><\/p>\n","protected":false},"excerpt":{"rendered":"<p>O ex-ministro da Justi\u00e7a e ex-secret\u00e1rio de Seguran\u00e7a P\u00fablica do Distrito Federal Anderson Torres foi preso na manh\u00e3 de hoje (14) pela Pol\u00edcia Federal (PF). Ele foi detido ao desembarcar no aeroporto de Bras\u00edlia, ap\u00f3s chegar em um voo comercial vindo de Miami, nos Estados Unidos. O avi\u00e3o com Torres decolou ontem (13), por volta das 23h30, e chegou a Bras\u00edlia \u00e0s 7h25 de hoje. Um forte esquema de seguran\u00e7a, envolvendo mais de um comboio, foi montado na sa\u00edda do aeroporto. O destino final do ex-ministro ainda n\u00e3o foi divulgado. O ex-ministro teve a pris\u00e3o determinada na \u00faltima ter\u00e7a-feira (10) pelo ministro do Supremo Tribunal Federal (STF) Alexandre de Moraes, a pedido da PF. Na quarta-feira (11), a\u00a0corte validou a decis\u00e3o, por 9 votos a 2. Anderson Torres \u00e9 acusado de omiss\u00e3o e de facilita\u00e7\u00e3o para os atos terroristas em Bras\u00edlia, no \u00faltimo domingo (8), que\u00a0resultou na invas\u00e3o e depreda\u00e7\u00e3o\u00a0do Pal\u00e1cio do Planalto, do Congresso Nacional e do STF. A situa\u00e7\u00e3o de Torres se complicou ap\u00f3s a Pol\u00edcia Federal ter encontrado, em sua casa, uma minuta de decreto de estado de defesa a ser cumprido no Tribunal Superior Eleitoral (TSE). O ex-ministro nega participa\u00e7\u00e3o na tentativa de golpe de Estado. Assim que a decis\u00e3o de Moraes se tornou p\u00fablica, Torres postou, nas redes sociais, que se entregaria. Em rela\u00e7\u00e3o \u00e0 minuta encontrada em sua casa, ele\u00a0escreveu que o documento\u00a0foi vazado \u201cfora de contexto\u201d. Noticias em Destaque Fonte: Agencia Brasil<\/p>\n","protected":false},"author":2,"featured_media":45489,"comment_status":"closed","ping_status":"open","sticky":false,"template":"","format":"standard","meta":{"_eb_attr":"","_jetpack_memberships_contains_paid_content":false,"footnotes":""},"categories":[4],"tags":[],"class_list":["post-45488","post","type-post","status-publish","format-standard","has-post-thumbnail","hentry","category-politica"],"yoast_head":"<!-- This site is optimized with the Yoast SEO plugin v26.5 - https:\/\/yoast.com\/wordpress\/plugins\/seo\/ -->\n<title>Anderson Torres \u00e9 preso pela PF ap\u00f3s desembarcar em Bras\u00edlia - Not&iacute;cias em Destaque<\/title>\n<meta name=\"robots\" content=\"index, follow, max-snippet:-1, max-image-preview:large, max-video-preview:-1\" \/>\n<link rel=\"canonical\" href=\"https:\/\/noticiasemdestaque.com\/cd\/?p=45488\" \/>\n<meta property=\"og:locale\" content=\"pt_BR\" \/>\n<meta property=\"og:type\" content=\"article\" \/>\n<meta property=\"og:title\" content=\"Anderson Torres \u00e9 preso pela PF ap\u00f3s desembarcar em Bras\u00edlia - Not&iacute;cias em Destaque\" \/>\n<meta property=\"og:description\" content=\"O ex-ministro da Justi\u00e7a e ex-secret\u00e1rio de Seguran\u00e7a P\u00fablica do Distrito Federal Anderson Torres foi preso na manh\u00e3 de hoje (14) pela Pol\u00edcia Federal (PF). Ele foi detido ao desembarcar no aeroporto de Bras\u00edlia, ap\u00f3s chegar em um voo comercial vindo de Miami, nos Estados Unidos. O avi\u00e3o com Torres decolou ontem (13), por volta das 23h30, e chegou a Bras\u00edlia \u00e0s 7h25 de hoje. Um forte esquema de seguran\u00e7a, envolvendo mais de um comboio, foi montado na sa\u00edda do aeroporto. O destino final do ex-ministro ainda n\u00e3o foi divulgado. O ex-ministro teve a pris\u00e3o determinada na \u00faltima ter\u00e7a-feira (10) pelo ministro do Supremo Tribunal Federal (STF) Alexandre de Moraes, a pedido da PF. Na quarta-feira (11), a\u00a0corte validou a decis\u00e3o, por 9 votos a 2. Anderson Torres \u00e9 acusado de omiss\u00e3o e de facilita\u00e7\u00e3o para os atos terroristas em Bras\u00edlia, no \u00faltimo domingo (8), que\u00a0resultou na invas\u00e3o e depreda\u00e7\u00e3o\u00a0do Pal\u00e1cio do Planalto, do Congresso Nacional e do STF. A situa\u00e7\u00e3o de Torres se complicou ap\u00f3s a Pol\u00edcia Federal ter encontrado, em sua casa, uma minuta de decreto de estado de defesa a ser cumprido no Tribunal Superior Eleitoral (TSE). O ex-ministro nega participa\u00e7\u00e3o na tentativa de golpe de Estado. Assim que a decis\u00e3o de Moraes se tornou p\u00fablica, Torres postou, nas redes sociais, que se entregaria. Em rela\u00e7\u00e3o \u00e0 minuta encontrada em sua casa, ele\u00a0escreveu que o documento\u00a0foi vazado \u201cfora de contexto\u201d. Noticias em Destaque Fonte: Agencia Brasil\" \/>\n<meta property=\"og:url\" content=\"https:\/\/noticiasemdestaque.com\/cd\/?p=45488\" \/>\n<meta property=\"og:site_name\" content=\"Not&iacute;cias em Destaque\" \/>\n<meta property=\"article:published_time\" content=\"2023-01-14T13:37:34+00:00\" \/>\n<meta property=\"og:image\" content=\"https:\/\/noticiasemdestaque.com\/cd\/wp-content\/uploads\/2023\/01\/coletiva-min-justica_mcamgo_abr_281020221818-5.jpg\" \/>\n\t<meta property=\"og:image:width\" content=\"1170\" \/>\n\t<meta property=\"og:image:height\" content=\"700\" \/>\n\t<meta property=\"og:image:type\" content=\"image\/jpeg\" \/>\n<meta name=\"author\" content=\"Not\u00edcias em Destaque\" \/>\n<meta name=\"twitter:card\" content=\"summary_large_image\" \/>\n<meta name=\"twitter:label1\" content=\"Escrito por\" \/>\n\t<meta name=\"twitter:data1\" content=\"Not\u00edcias em Destaque\" \/>\n\t<meta name=\"twitter:label2\" content=\"Est. tempo de leitura\" \/>\n\t<meta name=\"twitter:data2\" content=\"3 minutos\" \/>\n<script type=\"application\/ld+json\" class=\"yoast-schema-graph\">{\"@context\":\"https:\/\/schema.org\",\"@graph\":[{\"@type\":\"Article\",\"@id\":\"https:\/\/noticiasemdestaque.com\/cd\/?p=45488#article\",\"isPartOf\":{\"@id\":\"https:\/\/noticiasemdestaque.com\/cd\/?p=45488\"},\"author\":{\"name\":\"Not\u00edcias em Destaque\",\"@id\":\"https:\/\/noticiasemdestaque.com\/cd\/#\/schema\/person\/47f7d4f55eec17c6b2ca036c5500f6ce\"},\"headline\":\"Anderson Torres \u00e9 preso pela PF ap\u00f3s desembarcar em Bras\u00edlia\",\"datePublished\":\"2023-01-14T13:37:34+00:00\",\"mainEntityOfPage\":{\"@id\":\"https:\/\/noticiasemdestaque.com\/cd\/?p=45488\"},\"wordCount\":274,\"publisher\":{\"@id\":\"https:\/\/noticiasemdestaque.com\/cd\/#organization\"},\"image\":{\"@id\":\"https:\/\/noticiasemdestaque.com\/cd\/?p=45488#primaryimage\"},\"thumbnailUrl\":\"https:\/\/noticiasemdestaque.com\/cd\/wp-content\/uploads\/2023\/01\/coletiva-min-justica_mcamgo_abr_281020221818-5.jpg\",\"articleSection\":[\"Pol\u00edtica\"],\"inLanguage\":\"pt-BR\"},{\"@type\":\"WebPage\",\"@id\":\"https:\/\/noticiasemdestaque.com\/cd\/?p=45488\",\"url\":\"https:\/\/noticiasemdestaque.com\/cd\/?p=45488\",\"name\":\"Anderson Torres \u00e9 preso pela PF ap\u00f3s desembarcar em Bras\u00edlia - Not&iacute;cias em Destaque\",\"isPartOf\":{\"@id\":\"https:\/\/noticiasemdestaque.com\/cd\/#website\"},\"primaryImageOfPage\":{\"@id\":\"https:\/\/noticiasemdestaque.com\/cd\/?p=45488#primaryimage\"},\"image\":{\"@id\":\"https:\/\/noticiasemdestaque.com\/cd\/?p=45488#primaryimage\"},\"thumbnailUrl\":\"https:\/\/noticiasemdestaque.com\/cd\/wp-content\/uploads\/2023\/01\/coletiva-min-justica_mcamgo_abr_281020221818-5.jpg\",\"datePublished\":\"2023-01-14T13:37:34+00:00\",\"breadcrumb\":{\"@id\":\"https:\/\/noticiasemdestaque.com\/cd\/?p=45488#breadcrumb\"},\"inLanguage\":\"pt-BR\",\"potentialAction\":[{\"@type\":\"ReadAction\",\"target\":[\"https:\/\/noticiasemdestaque.com\/cd\/?p=45488\"]}]},{\"@type\":\"ImageObject\",\"inLanguage\":\"pt-BR\",\"@id\":\"https:\/\/noticiasemdestaque.com\/cd\/?p=45488#primaryimage\",\"url\":\"https:\/\/noticiasemdestaque.com\/cd\/wp-content\/uploads\/2023\/01\/coletiva-min-justica_mcamgo_abr_281020221818-5.jpg\",\"contentUrl\":\"https:\/\/noticiasemdestaque.com\/cd\/wp-content\/uploads\/2023\/01\/coletiva-min-justica_mcamgo_abr_281020221818-5.jpg\",\"width\":1170,\"height\":700,\"caption\":\"O ministro da Justi\u00e7a e Seguran\u00e7a P\u00fablica, Anderson Torres, durante entrevista coletiva sobre a Opera\u00e7\u00e3o Elei\u00e7\u00f5es 2022 no segundo turno.\"},{\"@type\":\"BreadcrumbList\",\"@id\":\"https:\/\/noticiasemdestaque.com\/cd\/?p=45488#breadcrumb\",\"itemListElement\":[{\"@type\":\"ListItem\",\"position\":1,\"name\":\"In\u00edcio\",\"item\":\"https:\/\/noticiasemdestaque.com\/cd\/\"},{\"@type\":\"ListItem\",\"position\":2,\"name\":\"Anderson Torres \u00e9 preso pela PF ap\u00f3s desembarcar em Bras\u00edlia\"}]},{\"@type\":\"WebSite\",\"@id\":\"https:\/\/noticiasemdestaque.com\/cd\/#website\",\"url\":\"https:\/\/noticiasemdestaque.com\/cd\/\",\"name\":\"Not&iacute;cias em Destaque\",\"description\":\"\",\"publisher\":{\"@id\":\"https:\/\/noticiasemdestaque.com\/cd\/#organization\"},\"potentialAction\":[{\"@type\":\"SearchAction\",\"target\":{\"@type\":\"EntryPoint\",\"urlTemplate\":\"https:\/\/noticiasemdestaque.com\/cd\/?s={search_term_string}\"},\"query-input\":{\"@type\":\"PropertyValueSpecification\",\"valueRequired\":true,\"valueName\":\"search_term_string\"}}],\"inLanguage\":\"pt-BR\"},{\"@type\":\"Organization\",\"@id\":\"https:\/\/noticiasemdestaque.com\/cd\/#organization\",\"name\":\"Not\u00edcias em Destaque\",\"url\":\"https:\/\/noticiasemdestaque.com\/cd\/\",\"logo\":{\"@type\":\"ImageObject\",\"inLanguage\":\"pt-BR\",\"@id\":\"https:\/\/noticiasemdestaque.com\/cd\/#\/schema\/logo\/image\/\",\"url\":\"https:\/\/noticiasemdestaque.com\/cd\/wp-content\/uploads\/2022\/05\/imagem-base-noticiasemdestaque.png\",\"contentUrl\":\"https:\/\/noticiasemdestaque.com\/cd\/wp-content\/uploads\/2022\/05\/imagem-base-noticiasemdestaque.png\",\"width\":1200,\"height\":630,\"caption\":\"Not\u00edcias em Destaque\"},\"image\":{\"@id\":\"https:\/\/noticiasemdestaque.com\/cd\/#\/schema\/logo\/image\/\"}},{\"@type\":\"Person\",\"@id\":\"https:\/\/noticiasemdestaque.com\/cd\/#\/schema\/person\/47f7d4f55eec17c6b2ca036c5500f6ce\",\"name\":\"Not\u00edcias em Destaque\",\"url\":\"https:\/\/noticiasemdestaque.com\/cd\/?author=2\"}]}<\/script>\n<!-- \/ Yoast SEO plugin. -->","yoast_head_json":{"title":"Anderson Torres \u00e9 preso pela PF ap\u00f3s desembarcar em Bras\u00edlia - Not&iacute;cias em Destaque","robots":{"index":"index","follow":"follow","max-snippet":"max-snippet:-1","max-image-preview":"max-image-preview:large","max-video-preview":"max-video-preview:-1"},"canonical":"https:\/\/noticiasemdestaque.com\/cd\/?p=45488","og_locale":"pt_BR","og_type":"article","og_title":"Anderson Torres \u00e9 preso pela PF ap\u00f3s desembarcar em Bras\u00edlia - Not&iacute;cias em Destaque","og_description":"O ex-ministro da Justi\u00e7a e ex-secret\u00e1rio de Seguran\u00e7a P\u00fablica do Distrito Federal Anderson Torres foi preso na manh\u00e3 de hoje (14) pela Pol\u00edcia Federal (PF). Ele foi detido ao desembarcar no aeroporto de Bras\u00edlia, ap\u00f3s chegar em um voo comercial vindo de Miami, nos Estados Unidos. O avi\u00e3o com Torres decolou ontem (13), por volta das 23h30, e chegou a Bras\u00edlia \u00e0s 7h25 de hoje. Um forte esquema de seguran\u00e7a, envolvendo mais de um comboio, foi montado na sa\u00edda do aeroporto. O destino final do ex-ministro ainda n\u00e3o foi divulgado. O ex-ministro teve a pris\u00e3o determinada na \u00faltima ter\u00e7a-feira (10) pelo ministro do Supremo Tribunal Federal (STF) Alexandre de Moraes, a pedido da PF. Na quarta-feira (11), a\u00a0corte validou a decis\u00e3o, por 9 votos a 2. Anderson Torres \u00e9 acusado de omiss\u00e3o e de facilita\u00e7\u00e3o para os atos terroristas em Bras\u00edlia, no \u00faltimo domingo (8), que\u00a0resultou na invas\u00e3o e depreda\u00e7\u00e3o\u00a0do Pal\u00e1cio do Planalto, do Congresso Nacional e do STF. A situa\u00e7\u00e3o de Torres se complicou ap\u00f3s a Pol\u00edcia Federal ter encontrado, em sua casa, uma minuta de decreto de estado de defesa a ser cumprido no Tribunal Superior Eleitoral (TSE). O ex-ministro nega participa\u00e7\u00e3o na tentativa de golpe de Estado. Assim que a decis\u00e3o de Moraes se tornou p\u00fablica, Torres postou, nas redes sociais, que se entregaria. Em rela\u00e7\u00e3o \u00e0 minuta encontrada em sua casa, ele\u00a0escreveu que o documento\u00a0foi vazado \u201cfora de contexto\u201d. Noticias em Destaque Fonte: Agencia Brasil","og_url":"https:\/\/noticiasemdestaque.com\/cd\/?p=45488","og_site_name":"Not&iacute;cias em Destaque","article_published_time":"2023-01-14T13:37:34+00:00","og_image":[{"width":1170,"height":700,"url":"https:\/\/noticiasemdestaque.com\/cd\/wp-content\/uploads\/2023\/01\/coletiva-min-justica_mcamgo_abr_281020221818-5.jpg","type":"image\/jpeg"}],"author":"Not\u00edcias em Destaque","twitter_card":"summary_large_image","twitter_misc":{"Escrito por":"Not\u00edcias em Destaque","Est. tempo de leitura":"3 minutos"},"schema":{"@context":"https:\/\/schema.org","@graph":[{"@type":"Article","@id":"https:\/\/noticiasemdestaque.com\/cd\/?p=45488#article","isPartOf":{"@id":"https:\/\/noticiasemdestaque.com\/cd\/?p=45488"},"author":{"name":"Not\u00edcias em Destaque","@id":"https:\/\/noticiasemdestaque.com\/cd\/#\/schema\/person\/47f7d4f55eec17c6b2ca036c5500f6ce"},"headline":"Anderson Torres \u00e9 preso pela PF ap\u00f3s desembarcar em Bras\u00edlia","datePublished":"2023-01-14T13:37:34+00:00","mainEntityOfPage":{"@id":"https:\/\/noticiasemdestaque.com\/cd\/?p=45488"},"wordCount":274,"publisher":{"@id":"https:\/\/noticiasemdestaque.com\/cd\/#organization"},"image":{"@id":"https:\/\/noticiasemdestaque.com\/cd\/?p=45488#primaryimage"},"thumbnailUrl":"https:\/\/noticiasemdestaque.com\/cd\/wp-content\/uploads\/2023\/01\/coletiva-min-justica_mcamgo_abr_281020221818-5.jpg","articleSection":["Pol\u00edtica"],"inLanguage":"pt-BR"},{"@type":"WebPage","@id":"https:\/\/noticiasemdestaque.com\/cd\/?p=45488","url":"https:\/\/noticiasemdestaque.com\/cd\/?p=45488","name":"Anderson Torres \u00e9 preso pela PF ap\u00f3s desembarcar em Bras\u00edlia - Not&iacute;cias em Destaque","isPartOf":{"@id":"https:\/\/noticiasemdestaque.com\/cd\/#website"},"primaryImageOfPage":{"@id":"https:\/\/noticiasemdestaque.com\/cd\/?p=45488#primaryimage"},"image":{"@id":"https:\/\/noticiasemdestaque.com\/cd\/?p=45488#primaryimage"},"thumbnailUrl":"https:\/\/noticiasemdestaque.com\/cd\/wp-content\/uploads\/2023\/01\/coletiva-min-justica_mcamgo_abr_281020221818-5.jpg","datePublished":"2023-01-14T13:37:34+00:00","breadcrumb":{"@id":"https:\/\/noticiasemdestaque.com\/cd\/?p=45488#breadcrumb"},"inLanguage":"pt-BR","potentialAction":[{"@type":"ReadAction","target":["https:\/\/noticiasemdestaque.com\/cd\/?p=45488"]}]},{"@type":"ImageObject","inLanguage":"pt-BR","@id":"https:\/\/noticiasemdestaque.com\/cd\/?p=45488#primaryimage","url":"https:\/\/noticiasemdestaque.com\/cd\/wp-content\/uploads\/2023\/01\/coletiva-min-justica_mcamgo_abr_281020221818-5.jpg","contentUrl":"https:\/\/noticiasemdestaque.com\/cd\/wp-content\/uploads\/2023\/01\/coletiva-min-justica_mcamgo_abr_281020221818-5.jpg","width":1170,"height":700,"caption":"O ministro da Justi\u00e7a e Seguran\u00e7a P\u00fablica, Anderson Torres, durante entrevista coletiva sobre a Opera\u00e7\u00e3o Elei\u00e7\u00f5es 2022 no segundo turno."},{"@type":"BreadcrumbList","@id":"https:\/\/noticiasemdestaque.com\/cd\/?p=45488#breadcrumb","itemListElement":[{"@type":"ListItem","position":1,"name":"In\u00edcio","item":"https:\/\/noticiasemdestaque.com\/cd\/"},{"@type":"ListItem","position":2,"name":"Anderson Torres \u00e9 preso pela PF ap\u00f3s desembarcar em Bras\u00edlia"}]},{"@type":"WebSite","@id":"https:\/\/noticiasemdestaque.com\/cd\/#website","url":"https:\/\/noticiasemdestaque.com\/cd\/","name":"Not&iacute;cias em Destaque","description":"","publisher":{"@id":"https:\/\/noticiasemdestaque.com\/cd\/#organization"},"potentialAction":[{"@type":"SearchAction","target":{"@type":"EntryPoint","urlTemplate":"https:\/\/noticiasemdestaque.com\/cd\/?s={search_term_string}"},"query-input":{"@type":"PropertyValueSpecification","valueRequired":true,"valueName":"search_term_string"}}],"inLanguage":"pt-BR"},{"@type":"Organization","@id":"https:\/\/noticiasemdestaque.com\/cd\/#organization","name":"Not\u00edcias em Destaque","url":"https:\/\/noticiasemdestaque.com\/cd\/","logo":{"@type":"ImageObject","inLanguage":"pt-BR","@id":"https:\/\/noticiasemdestaque.com\/cd\/#\/schema\/logo\/image\/","url":"https:\/\/noticiasemdestaque.com\/cd\/wp-content\/uploads\/2022\/05\/imagem-base-noticiasemdestaque.png","contentUrl":"https:\/\/noticiasemdestaque.com\/cd\/wp-content\/uploads\/2022\/05\/imagem-base-noticiasemdestaque.png","width":1200,"height":630,"caption":"Not\u00edcias em Destaque"},"image":{"@id":"https:\/\/noticiasemdestaque.com\/cd\/#\/schema\/logo\/image\/"}},{"@type":"Person","@id":"https:\/\/noticiasemdestaque.com\/cd\/#\/schema\/person\/47f7d4f55eec17c6b2ca036c5500f6ce","name":"Not\u00edcias em Destaque","url":"https:\/\/noticiasemdestaque.com\/cd\/?author=2"}]}},"jetpack_featured_media_url":"https:\/\/noticiasemdestaque.com\/cd\/wp-content\/uploads\/2023\/01\/coletiva-min-justica_mcamgo_abr_281020221818-5.jpg","jetpack_sharing_enabled":true,"_links":{"self":[{"href":"https:\/\/noticiasemdestaque.com\/cd\/index.php?rest_route=\/wp\/v2\/posts\/45488","targetHints":{"allow":["GET"]}}],"collection":[{"href":"https:\/\/noticiasemdestaque.com\/cd\/index.php?rest_route=\/wp\/v2\/posts"}],"about":[{"href":"https:\/\/noticiasemdestaque.com\/cd\/index.php?rest_route=\/wp\/v2\/types\/post"}],"author":[{"embeddable":true,"href":"https:\/\/noticiasemdestaque.com\/cd\/index.php?rest_route=\/wp\/v2\/users\/2"}],"replies":[{"embeddable":true,"href":"https:\/\/noticiasemdestaque.com\/cd\/index.php?rest_route=%2Fwp%2Fv2%2Fcomments&post=45488"}],"version-history":[{"count":1,"href":"https:\/\/noticiasemdestaque.com\/cd\/index.php?rest_route=\/wp\/v2\/posts\/45488\/revisions"}],"predecessor-version":[{"id":45490,"href":"https:\/\/noticiasemdestaque.com\/cd\/index.php?rest_route=\/wp\/v2\/posts\/45488\/revisions\/45490"}],"wp:featuredmedia":[{"embeddable":true,"href":"https:\/\/noticiasemdestaque.com\/cd\/index.php?rest_route=\/wp\/v2\/media\/45489"}],"wp:attachment":[{"href":"https:\/\/noticiasemdestaque.com\/cd\/index.php?rest_route=%2Fwp%2Fv2%2Fmedia&parent=45488"}],"wp:term":[{"taxonomy":"category","embeddable":true,"href":"https:\/\/noticiasemdestaque.com\/cd\/index.php?rest_route=%2Fwp%2Fv2%2Fcategories&post=45488"},{"taxonomy":"post_tag","embeddable":true,"href":"https:\/\/noticiasemdestaque.com\/cd\/index.php?rest_route=%2Fwp%2Fv2%2Ftags&post=45488"}],"curies":[{"name":"wp","href":"https:\/\/api.w.org\/{rel}","templated":true}]}}